{"id":9107,"date":"2026-06-08T13:18:05","date_gmt":"2026-06-08T13:18:05","guid":{"rendered":"https:\/\/cu4arquitectura.com\/?p=9107"},"modified":"2026-06-08T14:31:11","modified_gmt":"2026-06-08T14:31:11","slug":"analisis-del-ciclo-de-vida-en-edificacion-construir-pensando-en-el-futuro","status":"publish","type":"post","link":"https:\/\/cu4arquitectura.com\/en\/2026\/06\/08\/analisis-del-ciclo-de-vida-en-edificacion-construir-pensando-en-el-futuro\/","title":{"rendered":"An\u00e1lisis del Ciclo de Vida en edificaci\u00f3n"},"content":{"rendered":"\n<figure class=\"wp-block-image size-full\"><img loading=\"lazy\" decoding=\"async\" width=\"720\" height=\"480\" src=\"https:\/\/cu4arquitectura.com\/wp-content\/uploads\/2026\/06\/milan-italy-modern-buildings-known-as-bosco-vert-2026-01-07-00-23-50-utc.jpg\" alt=\"\" class=\"wp-image-9110\" srcset=\"https:\/\/cu4arquitectura.com\/wp-content\/uploads\/2026\/06\/milan-italy-modern-buildings-known-as-bosco-vert-2026-01-07-00-23-50-utc.jpg 720w, https:\/\/cu4arquitectura.com\/wp-content\/uploads\/2026\/06\/milan-italy-modern-buildings-known-as-bosco-vert-2026-01-07-00-23-50-utc-300x200.jpg 300w\" sizes=\"auto, (max-width: 720px) 100vw, 720px\" \/><\/figure>\n\n\n\n<p class=\"wp-block-paragraph\">Cada vez que se construye un edificio, se toman decisiones que van <strong>mucho m\u00e1s all\u00e1 del aspecto visual o del coste inicial<\/strong>. Hablamos de todos los aspectos que tiene un impacto real sobre el planeta y sobre las personas que lo habitan, como los materiales, la energ\u00eda consumida o qu\u00e9 pasa con los elementos cuando la vida \u00fatil llega al final.<\/p>\n\n\n\n<p class=\"wp-block-paragraph\">Y es que, el sector de la construcci\u00f3n es uno de los mayores consumidores de recursos a nivel global. En la Uni\u00f3n Europea, la edificaci\u00f3n es responsable del <strong>50% del consumo de materiales y energ\u00eda<\/strong>, de un tercio del agua utilizada y de un tercio de los residuos generados.<\/p>\n\n\n\n<p class=\"wp-block-paragraph\">Son cifras que obligan a replantearse c\u00f3mo dise\u00f1amos y construimos. Y es ah\u00ed donde el An\u00e1lisis del Ciclo de Vida (ACV) se ha convertido en una herramienta fundamental para quienes, como en <strong>CU4 Arquitectura<\/strong>, quieren hacer las cosas de otra manera.<\/p>\n\n\n\n<h2 class=\"wp-block-heading\">\u00bfQu\u00e9 es el An\u00e1lisis del Ciclo de Vida?<\/h2>\n\n\n\n<figure class=\"wp-block-image size-full\"><img loading=\"lazy\" decoding=\"async\" width=\"720\" height=\"480\" src=\"https:\/\/cu4arquitectura.com\/wp-content\/uploads\/2026\/06\/securing-old-buildings-in-the-city-2026-01-07-07-25-43-utc.jpg\" alt=\"\" class=\"wp-image-9108\" srcset=\"https:\/\/cu4arquitectura.com\/wp-content\/uploads\/2026\/06\/securing-old-buildings-in-the-city-2026-01-07-07-25-43-utc.jpg 720w, https:\/\/cu4arquitectura.com\/wp-content\/uploads\/2026\/06\/securing-old-buildings-in-the-city-2026-01-07-07-25-43-utc-300x200.jpg 300w\" sizes=\"auto, (max-width: 720px) 100vw, 720px\" \/><\/figure>\n\n\n\n<p class=\"wp-block-paragraph\">El ACV es una metodolog\u00eda <strong>que permite evaluar el impacto ambiental, econ\u00f3mico y social<\/strong> de un edificio, desde la extracci\u00f3n de las materias primas y la construcci\u00f3n, hasta la demolici\u00f3n final y el reciclaje de sus componentes.<\/p>\n\n\n\n<p class=\"wp-block-paragraph\">No se trata solo de medir cu\u00e1nta energ\u00eda consume un edificio cuando est\u00e1 en uso, sino de contemplar el cuadro completo. Y eso incluye dos tipos de impacto que conviene distinguir:<\/p>\n\n\n\n<ul class=\"wp-block-list\">\n<li><strong>Carbono operacional:<\/strong> las emisiones asociadas al funcionamiento del edificio (climatizaci\u00f3n, agua caliente, iluminaci\u00f3n, electrodom\u00e9sticos\u2026).<\/li>\n\n\n\n<li><strong>Carbono embebido:<\/strong> las emisiones generadas durante la fabricaci\u00f3n de los materiales, el transporte, la construcci\u00f3n y, eventualmente, la demolici\u00f3n.<\/li>\n<\/ul>\n\n\n\n<p class=\"wp-block-paragraph\">La normativa europea lleva a\u00f1os centr\u00e1ndose en <strong>reducir el carbono operacional<\/strong>, de ah\u00ed la proliferaci\u00f3n de certificados de eficiencia energ\u00e9tica. Sin embargo, el carbono embebido est\u00e1 ganando protagonismo, y en los pr\u00f3ximos a\u00f1os veremos acciones que lleven a definir ambos impactos de forma conjunta.<\/p>\n\n\n\n<h2 class=\"wp-block-heading\">\u00bfPor qu\u00e9 importa aplicarlo desde el inicio?<\/h2>\n\n\n\n<figure class=\"wp-block-image size-large\"><img loading=\"lazy\" decoding=\"async\" width=\"1024\" height=\"540\" src=\"https:\/\/cu4arquitectura.com\/wp-content\/uploads\/2026\/06\/closeup-group-asia-businesspeople-talk-esg-strateg-2026-03-11-00-51-37-utc-1024x540.jpg\" alt=\"\" class=\"wp-image-9109\" srcset=\"https:\/\/cu4arquitectura.com\/wp-content\/uploads\/2026\/06\/closeup-group-asia-businesspeople-talk-esg-strateg-2026-03-11-00-51-37-utc-1024x540.jpg 1024w, https:\/\/cu4arquitectura.com\/wp-content\/uploads\/2026\/06\/closeup-group-asia-businesspeople-talk-esg-strateg-2026-03-11-00-51-37-utc-300x158.jpg 300w, https:\/\/cu4arquitectura.com\/wp-content\/uploads\/2026\/06\/closeup-group-asia-businesspeople-talk-esg-strateg-2026-03-11-00-51-37-utc-768x405.jpg 768w, https:\/\/cu4arquitectura.com\/wp-content\/uploads\/2026\/06\/closeup-group-asia-businesspeople-talk-esg-strateg-2026-03-11-00-51-37-utc.jpg 1366w\" sizes=\"auto, (max-width: 1024px) 100vw, 1024px\" \/><\/figure>\n\n\n\n<p class=\"wp-block-paragraph\">La respuesta corta es que cuando antes se tomen las decisiones, mayor previsi\u00f3n y control existir\u00e1. El ACV es especialmente valioso en las fases tempranas del proyecto, <strong>cuando todav\u00eda hay margen<\/strong> para elegir materiales m\u00e1s sostenibles, dise\u00f1ar para el m\u00ednimo consumo energ\u00e9tico o plantear c\u00f3mo se va a desmontar el edificio llegado el momento.<\/p>\n\n\n\n<p class=\"wp-block-paragraph\">Algunas de las ventajas m\u00e1s relevantes:<\/p>\n\n\n\n<p class=\"wp-block-paragraph\"><strong>Reducci\u00f3n del impacto ambiental.<\/strong> Permite identificar en qu\u00e9 fases se generan m\u00e1s emisiones o se consumen m\u00e1s recursos, y actuar sobre ellas antes de que sea tarde.<\/p>\n\n\n\n<p class=\"wp-block-paragraph\"><strong>Optimizaci\u00f3n del coste a largo plazo<\/strong>. El ACV incorpora los costes de operaci\u00f3n, mantenimiento y demolici\u00f3n, lo que permite tomar decisiones financieras m\u00e1s eficientes a lo largo de la vida \u00fatil de la construcci\u00f3n.<\/p>\n\n\n\n<p class=\"wp-block-paragraph\"><strong>Eficiencia en el uso de recursos.<\/strong> Evaluar las necesidades energ\u00e9ticas en cada etapa facilita la incorporaci\u00f3n de energ\u00edas renovables, dise\u00f1o pasivo, reutilizaci\u00f3n de aguas y otras estrategias que reducen el consumo del edificio.<\/p>\n\n\n\n<p class=\"wp-block-paragraph\"><strong>Gesti\u00f3n de residuos.<\/strong> El ACV permite anticipar la generaci\u00f3n de residuos y fomentar que los materiales puedan reutilizarse una vez no sirvan para su labor primaria.<\/p>\n\n\n\n<p class=\"wp-block-paragraph\"><strong>Cumplimiento normativo.<\/strong> Est\u00e1ndares como LEED, BREEAM o VERDE incorporan el ACV como criterio de evaluaci\u00f3n. Los edificios dise\u00f1ados con esta metodolog\u00eda no solo cumplen con las exigencias actuales, sino que se adelantan a las regulaciones futuras.<\/p>\n\n\n\n<p class=\"wp-block-paragraph\"><strong>Salud y bienestar de los ocupantes.<\/strong> El an\u00e1lisis de materiales permite evitar productos que emitan compuestos contaminantes, mejorando la calidad del aire y el confort t\u00e9rmico, ac\u00fastico y lum\u00ednico del espacio.<\/p>\n\n\n\n<h2 class=\"wp-block-heading\">Una forma de entender la arquitectura<\/h2>\n\n\n\n<p class=\"wp-block-paragraph\">En <strong>CU4 Arquitectura<\/strong>, la sostenibilidad no es un requisito t\u00e9cnico que cumplir al final del proceso, sino <strong>una parte de la manera de concebir cada uno de los proyectos<\/strong> que afrontamos. Y es que, los espacios que habitamos influyen directamente en nuestra salud y bienestar, y esa responsabilidad tiene que ser parte de nuestro trabajo.<\/p>\n\n\n\n<p class=\"wp-block-paragraph\">El An\u00e1lisis del Ciclo de Vida encaja de forma natural con esta forma de trabajar. Pensar en la vida completa de un edificio es tambi\u00e9n pensar en las personas que van a vivir en \u00e9l y en el entorno que van a dejar a quienes vengan despu\u00e9s.<\/p>\n","protected":false},"excerpt":{"rendered":"<p>Cada vez que se construye un edificio, se toman decisiones que van mucho m\u00e1s all\u00e1 del aspecto visual o del coste inicial. Hablamos de todos los aspectos que tiene un impacto real sobre el planeta y sobre las personas que lo habitan, como los materiales, la energ\u00eda consumida o qu\u00e9 pasa con los elementos cuando [&hellip;]<\/p>\n","protected":false},"author":10,"featured_media":9110,"comment_status":"open","ping_status":"open","sticky":false,"template":"","format":"standard","meta":{"_acf_changed":false,"footnotes":""},"categories":[5],"tags":[],"class_list":["post-9107","post","type-post","status-publish","format-standard","has-post-thumbnail","hentry","category-arquitectura-sostenible"],"acf":[],"yoast_head":"<!-- This site is optimized with the Yoast SEO plugin v27.7 - https:\/\/yoast.com\/product\/yoast-seo-wordpress\/ -->\n<title>An\u00e1lisis del ciclo vital en edificaci\u00f3n | CU4 Arquitectura<\/title>\n<meta name=\"description\" content=\"Cada vez que se construye un edificio, se toman decisiones que van mucho m\u00e1s all\u00e1 del aspecto visual o del coste inicial.\" \/>\n<meta name=\"robots\" content=\"index, follow, max-snippet:-1, max-image-preview:large, max-video-preview:-1\" \/>\n<link rel=\"canonical\" href=\"https:\/\/cu4arquitectura.com\/en\/2026\/06\/08\/analisis-del-ciclo-de-vida-en-edificacion-construir-pensando-en-el-futuro\/\" \/>\n<meta property=\"og:locale\" content=\"en_US\" \/>\n<meta property=\"og:type\" content=\"article\" \/>\n<meta property=\"og:title\" content=\"An\u00e1lisis del ciclo vital en edificaci\u00f3n | CU4 Arquitectura\" \/>\n<meta property=\"og:description\" content=\"Cada vez que se construye un edificio, se toman decisiones que van mucho m\u00e1s all\u00e1 del aspecto visual o del coste inicial.\" \/>\n<meta property=\"og:url\" content=\"https:\/\/cu4arquitectura.com\/en\/2026\/06\/08\/analisis-del-ciclo-de-vida-en-edificacion-construir-pensando-en-el-futuro\/\" \/>\n<meta property=\"og:site_name\" content=\"CU4 Arquitectos en Valencia | Estudio de arquitectura\" \/>\n<meta property=\"article:published_time\" content=\"2026-06-08T13:18:05+00:00\" \/>\n<meta property=\"article:modified_time\" content=\"2026-06-08T14:31:11+00:00\" \/>\n<meta property=\"og:image\" content=\"https:\/\/cu4arquitectura.com\/wp-content\/uploads\/2026\/06\/milan-italy-modern-buildings-known-as-bosco-vert-2026-01-07-00-23-50-utc.jpg\" \/>\n\t<meta property=\"og:image:width\" content=\"720\" \/>\n\t<meta property=\"og:image:height\" content=\"480\" \/>\n\t<meta property=\"og:image:type\" content=\"image\/jpeg\" \/>\n<meta name=\"author\" content=\"Kenji.Alvaro.Enrique\" \/>\n<meta name=\"twitter:card\" content=\"summary_large_image\" \/>\n<meta name=\"twitter:label1\" content=\"Written by\" \/>\n\t<meta name=\"twitter:data1\" content=\"Kenji.Alvaro.Enrique\" \/>\n\t<meta name=\"twitter:label2\" content=\"Est. reading time\" \/>\n\t<meta name=\"twitter:data2\" content=\"4 minutes\" \/>\n<script type=\"application\/ld+json\" class=\"yoast-schema-graph\">{\"@context\":\"https:\\\/\\\/schema.org\",\"@graph\":[{\"@type\":\"Article\",\"@id\":\"https:\\\/\\\/cu4arquitectura.com\\\/en\\\/2026\\\/06\\\/08\\\/analisis-del-ciclo-de-vida-en-edificacion-construir-pensando-en-el-futuro\\\/#article\",\"isPartOf\":{\"@id\":\"https:\\\/\\\/cu4arquitectura.com\\\/en\\\/2026\\\/06\\\/08\\\/analisis-del-ciclo-de-vida-en-edificacion-construir-pensando-en-el-futuro\\\/\"},\"author\":{\"name\":\"Kenji.Alvaro.Enrique\",\"@id\":\"https:\\\/\\\/cu4arquitectura.com\\\/en\\\/#\\\/schema\\\/person\\\/dda675acca6323a325ec1bf25e8a40b7\"},\"headline\":\"An\u00e1lisis del Ciclo de Vida en edificaci\u00f3n\",\"datePublished\":\"2026-06-08T13:18:05+00:00\",\"dateModified\":\"2026-06-08T14:31:11+00:00\",\"mainEntityOfPage\":{\"@id\":\"https:\\\/\\\/cu4arquitectura.com\\\/en\\\/2026\\\/06\\\/08\\\/analisis-del-ciclo-de-vida-en-edificacion-construir-pensando-en-el-futuro\\\/\"},\"wordCount\":738,\"commentCount\":0,\"publisher\":{\"@id\":\"https:\\\/\\\/cu4arquitectura.com\\\/en\\\/#organization\"},\"image\":{\"@id\":\"https:\\\/\\\/cu4arquitectura.com\\\/en\\\/2026\\\/06\\\/08\\\/analisis-del-ciclo-de-vida-en-edificacion-construir-pensando-en-el-futuro\\\/#primaryimage\"},\"thumbnailUrl\":\"https:\\\/\\\/cu4arquitectura.com\\\/wp-content\\\/uploads\\\/2026\\\/06\\\/milan-italy-modern-buildings-known-as-bosco-vert-2026-01-07-00-23-50-utc.jpg\",\"articleSection\":[\"Arquitectura sostenible\"],\"inLanguage\":\"en-US\",\"potentialAction\":[{\"@type\":\"CommentAction\",\"name\":\"Comment\",\"target\":[\"https:\\\/\\\/cu4arquitectura.com\\\/en\\\/2026\\\/06\\\/08\\\/analisis-del-ciclo-de-vida-en-edificacion-construir-pensando-en-el-futuro\\\/#respond\"]}]},{\"@type\":\"WebPage\",\"@id\":\"https:\\\/\\\/cu4arquitectura.com\\\/en\\\/2026\\\/06\\\/08\\\/analisis-del-ciclo-de-vida-en-edificacion-construir-pensando-en-el-futuro\\\/\",\"url\":\"https:\\\/\\\/cu4arquitectura.com\\\/en\\\/2026\\\/06\\\/08\\\/analisis-del-ciclo-de-vida-en-edificacion-construir-pensando-en-el-futuro\\\/\",\"name\":\"An\u00e1lisis del ciclo vital en edificaci\u00f3n | CU4 Arquitectura\",\"isPartOf\":{\"@id\":\"https:\\\/\\\/cu4arquitectura.com\\\/en\\\/#website\"},\"primaryImageOfPage\":{\"@id\":\"https:\\\/\\\/cu4arquitectura.com\\\/en\\\/2026\\\/06\\\/08\\\/analisis-del-ciclo-de-vida-en-edificacion-construir-pensando-en-el-futuro\\\/#primaryimage\"},\"image\":{\"@id\":\"https:\\\/\\\/cu4arquitectura.com\\\/en\\\/2026\\\/06\\\/08\\\/analisis-del-ciclo-de-vida-en-edificacion-construir-pensando-en-el-futuro\\\/#primaryimage\"},\"thumbnailUrl\":\"https:\\\/\\\/cu4arquitectura.com\\\/wp-content\\\/uploads\\\/2026\\\/06\\\/milan-italy-modern-buildings-known-as-bosco-vert-2026-01-07-00-23-50-utc.jpg\",\"datePublished\":\"2026-06-08T13:18:05+00:00\",\"dateModified\":\"2026-06-08T14:31:11+00:00\",\"description\":\"Cada vez que se construye un edificio, se toman decisiones que van mucho m\u00e1s all\u00e1 del aspecto visual o del coste inicial.\",\"breadcrumb\":{\"@id\":\"https:\\\/\\\/cu4arquitectura.com\\\/en\\\/2026\\\/06\\\/08\\\/analisis-del-ciclo-de-vida-en-edificacion-construir-pensando-en-el-futuro\\\/#breadcrumb\"},\"inLanguage\":\"en-US\",\"potentialAction\":[{\"@type\":\"ReadAction\",\"target\":[\"https:\\\/\\\/cu4arquitectura.com\\\/en\\\/2026\\\/06\\\/08\\\/analisis-del-ciclo-de-vida-en-edificacion-construir-pensando-en-el-futuro\\\/\"]}]},{\"@type\":\"ImageObject\",\"inLanguage\":\"en-US\",\"@id\":\"https:\\\/\\\/cu4arquitectura.com\\\/en\\\/2026\\\/06\\\/08\\\/analisis-del-ciclo-de-vida-en-edificacion-construir-pensando-en-el-futuro\\\/#primaryimage\",\"url\":\"https:\\\/\\\/cu4arquitectura.com\\\/wp-content\\\/uploads\\\/2026\\\/06\\\/milan-italy-modern-buildings-known-as-bosco-vert-2026-01-07-00-23-50-utc.jpg\",\"contentUrl\":\"https:\\\/\\\/cu4arquitectura.com\\\/wp-content\\\/uploads\\\/2026\\\/06\\\/milan-italy-modern-buildings-known-as-bosco-vert-2026-01-07-00-23-50-utc.jpg\",\"width\":720,\"height\":480,\"caption\":\"Milan, Lombardy, Italy: modern residential buildings known as Bosco Verticale\"},{\"@type\":\"BreadcrumbList\",\"@id\":\"https:\\\/\\\/cu4arquitectura.com\\\/en\\\/2026\\\/06\\\/08\\\/analisis-del-ciclo-de-vida-en-edificacion-construir-pensando-en-el-futuro\\\/#breadcrumb\",\"itemListElement\":[{\"@type\":\"ListItem\",\"position\":1,\"name\":\"Portada\",\"item\":\"https:\\\/\\\/cu4arquitectura.com\\\/en\\\/\"},{\"@type\":\"ListItem\",\"position\":2,\"name\":\"An\u00e1lisis del Ciclo de Vida en edificaci\u00f3n\"}]},{\"@type\":\"WebSite\",\"@id\":\"https:\\\/\\\/cu4arquitectura.com\\\/en\\\/#website\",\"url\":\"https:\\\/\\\/cu4arquitectura.com\\\/en\\\/\",\"name\":\"CU4 Arquitectos en Valencia | Estudio de arquitectura\",\"description\":\"Arquitectos en Valencia | Especializados en espacios a medida para empresas y particulares, dise\u00f1ados para tu bienestar\",\"publisher\":{\"@id\":\"https:\\\/\\\/cu4arquitectura.com\\\/en\\\/#organization\"},\"potentialAction\":[{\"@type\":\"SearchAction\",\"target\":{\"@type\":\"EntryPoint\",\"urlTemplate\":\"https:\\\/\\\/cu4arquitectura.com\\\/en\\\/?s={search_term_string}\"},\"query-input\":{\"@type\":\"PropertyValueSpecification\",\"valueRequired\":true,\"valueName\":\"search_term_string\"}}],\"inLanguage\":\"en-US\"},{\"@type\":\"Organization\",\"@id\":\"https:\\\/\\\/cu4arquitectura.com\\\/en\\\/#organization\",\"name\":\"CU4 Arquitectos en Valencia | Estudio de arquitectura\",\"url\":\"https:\\\/\\\/cu4arquitectura.com\\\/en\\\/\",\"logo\":{\"@type\":\"ImageObject\",\"inLanguage\":\"en-US\",\"@id\":\"https:\\\/\\\/cu4arquitectura.com\\\/en\\\/#\\\/schema\\\/logo\\\/image\\\/\",\"url\":\"https:\\\/\\\/cu4arquitectura.com\\\/wp-content\\\/uploads\\\/2024\\\/01\\\/LOGO_CU4_original.svg\",\"contentUrl\":\"https:\\\/\\\/cu4arquitectura.com\\\/wp-content\\\/uploads\\\/2024\\\/01\\\/LOGO_CU4_original.svg\",\"width\":841,\"height\":595,\"caption\":\"CU4 Arquitectos en Valencia | Estudio de arquitectura\"},\"image\":{\"@id\":\"https:\\\/\\\/cu4arquitectura.com\\\/en\\\/#\\\/schema\\\/logo\\\/image\\\/\"}},{\"@type\":\"Person\",\"@id\":\"https:\\\/\\\/cu4arquitectura.com\\\/en\\\/#\\\/schema\\\/person\\\/dda675acca6323a325ec1bf25e8a40b7\",\"name\":\"Kenji.Alvaro.Enrique\",\"image\":{\"@type\":\"ImageObject\",\"inLanguage\":\"en-US\",\"@id\":\"https:\\\/\\\/secure.gravatar.com\\\/avatar\\\/d5dc8a92b43493f2879b22720e3e38b5c20222037f8e4911dde5e1ac6109ecec?s=96&d=mm&r=g\",\"url\":\"https:\\\/\\\/secure.gravatar.com\\\/avatar\\\/d5dc8a92b43493f2879b22720e3e38b5c20222037f8e4911dde5e1ac6109ecec?s=96&d=mm&r=g\",\"contentUrl\":\"https:\\\/\\\/secure.gravatar.com\\\/avatar\\\/d5dc8a92b43493f2879b22720e3e38b5c20222037f8e4911dde5e1ac6109ecec?s=96&d=mm&r=g\",\"caption\":\"Kenji.Alvaro.Enrique\"},\"url\":\"https:\\\/\\\/cu4arquitectura.com\\\/en\\\/author\\\/kenji\\\/\"}]}<\/script>\n<!-- \/ Yoast SEO plugin. -->","yoast_head_json":{"title":"An\u00e1lisis del ciclo vital en edificaci\u00f3n | CU4 Arquitectura","description":"Cada vez que se construye un edificio, se toman decisiones que van mucho m\u00e1s all\u00e1 del aspecto visual o del coste inicial.","robots":{"index":"index","follow":"follow","max-snippet":"max-snippet:-1","max-image-preview":"max-image-preview:large","max-video-preview":"max-video-preview:-1"},"canonical":"https:\/\/cu4arquitectura.com\/en\/2026\/06\/08\/analisis-del-ciclo-de-vida-en-edificacion-construir-pensando-en-el-futuro\/","og_locale":"en_US","og_type":"article","og_title":"An\u00e1lisis del ciclo vital en edificaci\u00f3n | CU4 Arquitectura","og_description":"Cada vez que se construye un edificio, se toman decisiones que van mucho m\u00e1s all\u00e1 del aspecto visual o del coste inicial.","og_url":"https:\/\/cu4arquitectura.com\/en\/2026\/06\/08\/analisis-del-ciclo-de-vida-en-edificacion-construir-pensando-en-el-futuro\/","og_site_name":"CU4 Arquitectos en Valencia | Estudio de arquitectura","article_published_time":"2026-06-08T13:18:05+00:00","article_modified_time":"2026-06-08T14:31:11+00:00","og_image":[{"width":720,"height":480,"url":"https:\/\/cu4arquitectura.com\/wp-content\/uploads\/2026\/06\/milan-italy-modern-buildings-known-as-bosco-vert-2026-01-07-00-23-50-utc.jpg","type":"image\/jpeg"}],"author":"Kenji.Alvaro.Enrique","twitter_card":"summary_large_image","twitter_misc":{"Written by":"Kenji.Alvaro.Enrique","Est. reading time":"4 minutes"},"schema":{"@context":"https:\/\/schema.org","@graph":[{"@type":"Article","@id":"https:\/\/cu4arquitectura.com\/en\/2026\/06\/08\/analisis-del-ciclo-de-vida-en-edificacion-construir-pensando-en-el-futuro\/#article","isPartOf":{"@id":"https:\/\/cu4arquitectura.com\/en\/2026\/06\/08\/analisis-del-ciclo-de-vida-en-edificacion-construir-pensando-en-el-futuro\/"},"author":{"name":"Kenji.Alvaro.Enrique","@id":"https:\/\/cu4arquitectura.com\/en\/#\/schema\/person\/dda675acca6323a325ec1bf25e8a40b7"},"headline":"An\u00e1lisis del Ciclo de Vida en edificaci\u00f3n","datePublished":"2026-06-08T13:18:05+00:00","dateModified":"2026-06-08T14:31:11+00:00","mainEntityOfPage":{"@id":"https:\/\/cu4arquitectura.com\/en\/2026\/06\/08\/analisis-del-ciclo-de-vida-en-edificacion-construir-pensando-en-el-futuro\/"},"wordCount":738,"commentCount":0,"publisher":{"@id":"https:\/\/cu4arquitectura.com\/en\/#organization"},"image":{"@id":"https:\/\/cu4arquitectura.com\/en\/2026\/06\/08\/analisis-del-ciclo-de-vida-en-edificacion-construir-pensando-en-el-futuro\/#primaryimage"},"thumbnailUrl":"https:\/\/cu4arquitectura.com\/wp-content\/uploads\/2026\/06\/milan-italy-modern-buildings-known-as-bosco-vert-2026-01-07-00-23-50-utc.jpg","articleSection":["Arquitectura sostenible"],"inLanguage":"en-US","potentialAction":[{"@type":"CommentAction","name":"Comment","target":["https:\/\/cu4arquitectura.com\/en\/2026\/06\/08\/analisis-del-ciclo-de-vida-en-edificacion-construir-pensando-en-el-futuro\/#respond"]}]},{"@type":"WebPage","@id":"https:\/\/cu4arquitectura.com\/en\/2026\/06\/08\/analisis-del-ciclo-de-vida-en-edificacion-construir-pensando-en-el-futuro\/","url":"https:\/\/cu4arquitectura.com\/en\/2026\/06\/08\/analisis-del-ciclo-de-vida-en-edificacion-construir-pensando-en-el-futuro\/","name":"An\u00e1lisis del ciclo vital en edificaci\u00f3n | CU4 Arquitectura","isPartOf":{"@id":"https:\/\/cu4arquitectura.com\/en\/#website"},"primaryImageOfPage":{"@id":"https:\/\/cu4arquitectura.com\/en\/2026\/06\/08\/analisis-del-ciclo-de-vida-en-edificacion-construir-pensando-en-el-futuro\/#primaryimage"},"image":{"@id":"https:\/\/cu4arquitectura.com\/en\/2026\/06\/08\/analisis-del-ciclo-de-vida-en-edificacion-construir-pensando-en-el-futuro\/#primaryimage"},"thumbnailUrl":"https:\/\/cu4arquitectura.com\/wp-content\/uploads\/2026\/06\/milan-italy-modern-buildings-known-as-bosco-vert-2026-01-07-00-23-50-utc.jpg","datePublished":"2026-06-08T13:18:05+00:00","dateModified":"2026-06-08T14:31:11+00:00","description":"Cada vez que se construye un edificio, se toman decisiones que van mucho m\u00e1s all\u00e1 del aspecto visual o del coste inicial.","breadcrumb":{"@id":"https:\/\/cu4arquitectura.com\/en\/2026\/06\/08\/analisis-del-ciclo-de-vida-en-edificacion-construir-pensando-en-el-futuro\/#breadcrumb"},"inLanguage":"en-US","potentialAction":[{"@type":"ReadAction","target":["https:\/\/cu4arquitectura.com\/en\/2026\/06\/08\/analisis-del-ciclo-de-vida-en-edificacion-construir-pensando-en-el-futuro\/"]}]},{"@type":"ImageObject","inLanguage":"en-US","@id":"https:\/\/cu4arquitectura.com\/en\/2026\/06\/08\/analisis-del-ciclo-de-vida-en-edificacion-construir-pensando-en-el-futuro\/#primaryimage","url":"https:\/\/cu4arquitectura.com\/wp-content\/uploads\/2026\/06\/milan-italy-modern-buildings-known-as-bosco-vert-2026-01-07-00-23-50-utc.jpg","contentUrl":"https:\/\/cu4arquitectura.com\/wp-content\/uploads\/2026\/06\/milan-italy-modern-buildings-known-as-bosco-vert-2026-01-07-00-23-50-utc.jpg","width":720,"height":480,"caption":"Milan, Lombardy, Italy: modern residential buildings known as Bosco Verticale"},{"@type":"BreadcrumbList","@id":"https:\/\/cu4arquitectura.com\/en\/2026\/06\/08\/analisis-del-ciclo-de-vida-en-edificacion-construir-pensando-en-el-futuro\/#breadcrumb","itemListElement":[{"@type":"ListItem","position":1,"name":"Portada","item":"https:\/\/cu4arquitectura.com\/en\/"},{"@type":"ListItem","position":2,"name":"An\u00e1lisis del Ciclo de Vida en edificaci\u00f3n"}]},{"@type":"WebSite","@id":"https:\/\/cu4arquitectura.com\/en\/#website","url":"https:\/\/cu4arquitectura.com\/en\/","name":"CU4 Arquitectos en Valencia | Estudio de arquitectura","description":"Arquitectos en Valencia | Especializados en espacios a medida para empresas y particulares, dise\u00f1ados para tu bienestar","publisher":{"@id":"https:\/\/cu4arquitectura.com\/en\/#organization"},"potentialAction":[{"@type":"SearchAction","target":{"@type":"EntryPoint","urlTemplate":"https:\/\/cu4arquitectura.com\/en\/?s={search_term_string}"},"query-input":{"@type":"PropertyValueSpecification","valueRequired":true,"valueName":"search_term_string"}}],"inLanguage":"en-US"},{"@type":"Organization","@id":"https:\/\/cu4arquitectura.com\/en\/#organization","name":"CU4 Arquitectos en Valencia | Estudio de arquitectura","url":"https:\/\/cu4arquitectura.com\/en\/","logo":{"@type":"ImageObject","inLanguage":"en-US","@id":"https:\/\/cu4arquitectura.com\/en\/#\/schema\/logo\/image\/","url":"https:\/\/cu4arquitectura.com\/wp-content\/uploads\/2024\/01\/LOGO_CU4_original.svg","contentUrl":"https:\/\/cu4arquitectura.com\/wp-content\/uploads\/2024\/01\/LOGO_CU4_original.svg","width":841,"height":595,"caption":"CU4 Arquitectos en Valencia | Estudio de arquitectura"},"image":{"@id":"https:\/\/cu4arquitectura.com\/en\/#\/schema\/logo\/image\/"}},{"@type":"Person","@id":"https:\/\/cu4arquitectura.com\/en\/#\/schema\/person\/dda675acca6323a325ec1bf25e8a40b7","name":"Kenji.Alvaro.Enrique","image":{"@type":"ImageObject","inLanguage":"en-US","@id":"https:\/\/secure.gravatar.com\/avatar\/d5dc8a92b43493f2879b22720e3e38b5c20222037f8e4911dde5e1ac6109ecec?s=96&d=mm&r=g","url":"https:\/\/secure.gravatar.com\/avatar\/d5dc8a92b43493f2879b22720e3e38b5c20222037f8e4911dde5e1ac6109ecec?s=96&d=mm&r=g","contentUrl":"https:\/\/secure.gravatar.com\/avatar\/d5dc8a92b43493f2879b22720e3e38b5c20222037f8e4911dde5e1ac6109ecec?s=96&d=mm&r=g","caption":"Kenji.Alvaro.Enrique"},"url":"https:\/\/cu4arquitectura.com\/en\/author\/kenji\/"}]}},"_links":{"self":[{"href":"https:\/\/cu4arquitectura.com\/en\/wp-json\/wp\/v2\/posts\/9107","targetHints":{"allow":["GET"]}}],"collection":[{"href":"https:\/\/cu4arquitectura.com\/en\/wp-json\/wp\/v2\/posts"}],"about":[{"href":"https:\/\/cu4arquitectura.com\/en\/wp-json\/wp\/v2\/types\/post"}],"author":[{"embeddable":true,"href":"https:\/\/cu4arquitectura.com\/en\/wp-json\/wp\/v2\/users\/10"}],"replies":[{"embeddable":true,"href":"https:\/\/cu4arquitectura.com\/en\/wp-json\/wp\/v2\/comments?post=9107"}],"version-history":[{"count":3,"href":"https:\/\/cu4arquitectura.com\/en\/wp-json\/wp\/v2\/posts\/9107\/revisions"}],"predecessor-version":[{"id":9114,"href":"https:\/\/cu4arquitectura.com\/en\/wp-json\/wp\/v2\/posts\/9107\/revisions\/9114"}],"wp:featuredmedia":[{"embeddable":true,"href":"https:\/\/cu4arquitectura.com\/en\/wp-json\/wp\/v2\/media\/9110"}],"wp:attachment":[{"href":"https:\/\/cu4arquitectura.com\/en\/wp-json\/wp\/v2\/media?parent=9107"}],"wp:term":[{"taxonomy":"category","embeddable":true,"href":"https:\/\/cu4arquitectura.com\/en\/wp-json\/wp\/v2\/categories?post=9107"},{"taxonomy":"post_tag","embeddable":true,"href":"https:\/\/cu4arquitectura.com\/en\/wp-json\/wp\/v2\/tags?post=9107"}],"curies":[{"name":"wp","href":"https:\/\/api.w.org\/{rel}","templated":true}]}}