{"id":8701,"date":"2024-11-14T09:20:00","date_gmt":"2024-11-14T09:20:00","guid":{"rendered":"https:\/\/cu4arquitectura.com\/?p=8701"},"modified":"2026-02-13T09:57:01","modified_gmt":"2026-02-13T09:57:01","slug":"cu4-disena-el-stand-de-greenarea-para-la-feria-habitat","status":"publish","type":"post","link":"https:\/\/cu4arquitectura.com\/en\/2024\/11\/14\/cu4-disena-el-stand-de-greenarea-para-la-feria-habitat\/","title":{"rendered":"CU4 dise\u00f1a el stand de Greenarea para la Feria H\u00e1bitat"},"content":{"rendered":"\n<figure class=\"wp-block-image size-large\"><img loading=\"lazy\" decoding=\"async\" width=\"1024\" height=\"683\" src=\"https:\/\/cu4arquitectura.com\/wp-content\/uploads\/2026\/02\/Greenarea_Stand-Habitat-2024-34-1024x683.jpg\" alt=\"\" class=\"wp-image-8721\" srcset=\"https:\/\/cu4arquitectura.com\/wp-content\/uploads\/2026\/02\/Greenarea_Stand-Habitat-2024-34-1024x683.jpg 1024w, https:\/\/cu4arquitectura.com\/wp-content\/uploads\/2026\/02\/Greenarea_Stand-Habitat-2024-34-300x200.jpg 300w, https:\/\/cu4arquitectura.com\/wp-content\/uploads\/2026\/02\/Greenarea_Stand-Habitat-2024-34-768x512.jpg 768w, https:\/\/cu4arquitectura.com\/wp-content\/uploads\/2026\/02\/Greenarea_Stand-Habitat-2024-34.jpg 1151w\" sizes=\"auto, (max-width: 1024px) 100vw, 1024px\" \/><\/figure>\n\n\n\n<p class=\"wp-block-paragraph\">El dise\u00f1o de <strong>CU4 Arquitectura<\/strong> para <strong>Greenarea<\/strong> en la <strong>Feria H\u00e1bitat 2024<\/strong> rompe con el enfoque expositivo tradicional para ofrecer una experiencia inmersiva. A continuaci\u00f3n, desgranamos c\u00f3mo transformamos un lugar ajetreado en un inesperado remanso de paz.<\/p>\n\n\n\n<h3 class=\"wp-block-heading\">Equilibrio entre naturaleza, sociedad y persona<\/h3>\n\n\n\n<p class=\"wp-block-paragraph\">Nuestro punto de partida gira en torno a tres verbos: <strong>coexistir, cuidar y regenerar<\/strong>. En una feria caracterizada por el ruido y la sobreestimulaci\u00f3n, propusimos una &#8220;caja cerrada&#8221;. Esta decisi\u00f3n arquitect\u00f3nica a\u00edsla al visitante, creando un entorno seguro donde es posible desconectar del caos exterior.<\/p>\n\n\n\n<p class=\"wp-block-paragraph\">Concebimos el stand como un recorrido continuo, no como una suma de espacios estancos. Una secuencia fluida que acompa\u00f1a al usuario, reforzando la vivencia sensorial por encima de la mera exposici\u00f3n de producto.<\/p>\n\n\n\n<p class=\"wp-block-paragraph\">La naturaleza se integra como parte estructural del proyecto. Su presencia busca equilibrar la <strong>relaci\u00f3n entre persona, espacio construido y entorno social<\/strong>, aportando un refugio que cambie el sentir del visitante desde que entra a hasta que sale.<\/p>\n\n\n\n<h3 class=\"wp-block-heading\">El bienestar como centro del proyecto<\/h3>\n\n\n\n<figure class=\"wp-block-image size-large\"><img loading=\"lazy\" decoding=\"async\" width=\"1024\" height=\"683\" src=\"https:\/\/cu4arquitectura.com\/wp-content\/uploads\/2026\/02\/Greenarea_Stand-Habitat-2024-21-1024x683.jpg\" alt=\"\" class=\"wp-image-8717\" srcset=\"https:\/\/cu4arquitectura.com\/wp-content\/uploads\/2026\/02\/Greenarea_Stand-Habitat-2024-21-1024x683.jpg 1024w, https:\/\/cu4arquitectura.com\/wp-content\/uploads\/2026\/02\/Greenarea_Stand-Habitat-2024-21-300x200.jpg 300w, https:\/\/cu4arquitectura.com\/wp-content\/uploads\/2026\/02\/Greenarea_Stand-Habitat-2024-21-768x512.jpg 768w, https:\/\/cu4arquitectura.com\/wp-content\/uploads\/2026\/02\/Greenarea_Stand-Habitat-2024-21.jpg 1152w\" sizes=\"auto, (max-width: 1024px) 100vw, 1024px\" \/><\/figure>\n\n\n\n<p class=\"wp-block-paragraph\">Situamos el bienestar como eje principal de la propuesta para la Feria H\u00e1bitat 2024. Desde su concepci\u00f3n, alejamos el stand de la l\u00f3gica centrada puramente en el producto para transformarlo en una vivencia sensorial completa.<\/p>\n\n\n\n<p class=\"wp-block-paragraph\">Dise\u00f1amos el espacio para estimular todos los sentidos. En el plano visual, <strong>jugamos con la vegetaci\u00f3n y las texturas<\/strong>, mientras que incorporamos componentes olfativos y sonoros de forma controlada para reforzar la calma y la concentraci\u00f3n durante el recorrido.<\/p>\n\n\n\n<p class=\"wp-block-paragraph\">Para ello, utilizamos herramientas de <strong>dise\u00f1o biof\u00edlico<\/strong> aplicadas de forma coherente con el car\u00e1cter ef\u00edmero del stand. Los jardines preservados nos permiten introducir naturaleza en interiores sin necesidad de mantenimiento, riego ni luz solar directa.<\/p>\n\n\n\n<p class=\"wp-block-paragraph\">En el patio central, generamos islas de vegetaci\u00f3n con \u00e1rboles que configuran un paisaje interior. A este conjunto sumamos piezas decorativas, dise\u00f1adas por Rafa Ortega para Greenarea, que <strong>evocan la Albufera y sus campos de arroz<\/strong>, aportando una referencia territorial reconocible vinculada a nuestra memoria colectiva.<\/p>\n\n\n\n<p class=\"wp-block-paragraph\">El objetivo es consolidar un espacio restaurativo donde la arquitectura act\u00fae como refugio, favoreciendo la relajaci\u00f3n, la atenci\u00f3n y el equilibrio emocional.<\/p>\n\n\n\n<h3 class=\"wp-block-heading\">Cambio de ac\u00fastica y diferencia de ambientes<\/h3>\n\n\n\n<figure class=\"wp-block-image size-large\"><img loading=\"lazy\" decoding=\"async\" width=\"1024\" height=\"683\" src=\"https:\/\/cu4arquitectura.com\/wp-content\/uploads\/2026\/02\/Greenarea_Stand-Habitat-2024-24-1024x683.jpg\" alt=\"\" class=\"wp-image-8718\" srcset=\"https:\/\/cu4arquitectura.com\/wp-content\/uploads\/2026\/02\/Greenarea_Stand-Habitat-2024-24-1024x683.jpg 1024w, https:\/\/cu4arquitectura.com\/wp-content\/uploads\/2026\/02\/Greenarea_Stand-Habitat-2024-24-300x200.jpg 300w, https:\/\/cu4arquitectura.com\/wp-content\/uploads\/2026\/02\/Greenarea_Stand-Habitat-2024-24-768x512.jpg 768w, https:\/\/cu4arquitectura.com\/wp-content\/uploads\/2026\/02\/Greenarea_Stand-Habitat-2024-24.jpg 1152w\" sizes=\"auto, (max-width: 1024px) 100vw, 1024px\" \/><\/figure>\n\n\n\n<p class=\"wp-block-paragraph\">El recorrido se apoya en el contraste entre ambientes como herramienta de proyecto. Utilizamos el cambio de ac\u00fastica para marcar la transici\u00f3n entre espacios y agudizar los sentidos.<\/p>\n\n\n\n<p class=\"wp-block-paragraph\">Al acceder a la &#8220;caja cerrada&#8221;, provocamos una ruptura inmediata con el exterior. La reducci\u00f3n del ruido ambiental de la feria genera el escenario propicio para la introspecci\u00f3n y la percepci\u00f3n consciente.<\/p>\n\n\n\n<p class=\"wp-block-paragraph\">En el patio, la experiencia se transforma. La apertura, la vegetaci\u00f3n y la luz construyen una atm\u00f3sfera distinta que ampl\u00eda la percepci\u00f3n y da fluidez al recorrido.<\/p>\n\n\n\n<p class=\"wp-block-paragraph\">Adem\u00e1s, en algunas zonas se recrea la <strong>iluminaci\u00f3n circadiana<\/strong> del sol en un ciclo acelerado. Esta estrategia permite apreciar los cambios lum\u00ednicos en un intervalo breve, ayudando a comprender su impacto directo en el bienestar y la percepci\u00f3n humana.<\/p>\n\n\n\n<p class=\"wp-block-paragraph\">Este proyecto demuestra c\u00f3mo la arquitectura ef\u00edmera puede convertirse en una experiencia memorable y <strong>regalar bienestar<\/strong>, incluso en el entorno empresarial.<\/p>\n\n\n\n<figure class=\"wp-block-gallery has-nested-images columns-default is-cropped wp-block-gallery-1 is-layout-flex wp-block-gallery-is-layout-flex\">\n<figure class=\"wp-block-image size-large\"><img loading=\"lazy\" decoding=\"async\" width=\"512\" height=\"768\" data-id=\"8716\" src=\"https:\/\/cu4arquitectura.com\/wp-content\/uploads\/2026\/02\/Greenarea_Stand-Habitat-2024-18.jpg\" alt=\"\" class=\"wp-image-8716\" srcset=\"https:\/\/cu4arquitectura.com\/wp-content\/uploads\/2026\/02\/Greenarea_Stand-Habitat-2024-18.jpg 512w, https:\/\/cu4arquitectura.com\/wp-content\/uploads\/2026\/02\/Greenarea_Stand-Habitat-2024-18-200x300.jpg 200w\" sizes=\"auto, (max-width: 512px) 100vw, 512px\" \/><\/figure>\n\n\n\n<figure class=\"wp-block-image size-large\"><img loading=\"lazy\" decoding=\"async\" width=\"512\" height=\"768\" data-id=\"8715\" src=\"https:\/\/cu4arquitectura.com\/wp-content\/uploads\/2026\/02\/Greenarea_Habitat-2024_Angel-Segura-20.jpg\" alt=\"\" class=\"wp-image-8715\" srcset=\"https:\/\/cu4arquitectura.com\/wp-content\/uploads\/2026\/02\/Greenarea_Habitat-2024_Angel-Segura-20.jpg 512w, https:\/\/cu4arquitectura.com\/wp-content\/uploads\/2026\/02\/Greenarea_Habitat-2024_Angel-Segura-20-200x300.jpg 200w\" sizes=\"auto, (max-width: 512px) 100vw, 512px\" \/><\/figure>\n\n\n\n<figure class=\"wp-block-image size-large\"><img loading=\"lazy\" decoding=\"async\" width=\"1024\" height=\"683\" data-id=\"8703\" src=\"https:\/\/cu4arquitectura.com\/wp-content\/uploads\/2026\/02\/Habitat24_Prensa-12-1024x683.jpg\" alt=\"\" class=\"wp-image-8703\" srcset=\"https:\/\/cu4arquitectura.com\/wp-content\/uploads\/2026\/02\/Habitat24_Prensa-12-1024x683.jpg 1024w, https:\/\/cu4arquitectura.com\/wp-content\/uploads\/2026\/02\/Habitat24_Prensa-12-300x200.jpg 300w, https:\/\/cu4arquitectura.com\/wp-content\/uploads\/2026\/02\/Habitat24_Prensa-12-768x512.jpg 768w, https:\/\/cu4arquitectura.com\/wp-content\/uploads\/2026\/02\/Habitat24_Prensa-12.jpg 1152w\" sizes=\"auto, (max-width: 1024px) 100vw, 1024px\" \/><\/figure>\n\n\n\n<figure class=\"wp-block-image size-large\"><img loading=\"lazy\" decoding=\"async\" width=\"1024\" height=\"683\" data-id=\"8709\" src=\"https:\/\/cu4arquitectura.com\/wp-content\/uploads\/2026\/02\/GREENAREA-FHV-2-2024-10-3B6A5448-60-1024x683.jpg\" alt=\"\" class=\"wp-image-8709\" srcset=\"https:\/\/cu4arquitectura.com\/wp-content\/uploads\/2026\/02\/GREENAREA-FHV-2-2024-10-3B6A5448-60-1024x683.jpg 1024w, https:\/\/cu4arquitectura.com\/wp-content\/uploads\/2026\/02\/GREENAREA-FHV-2-2024-10-3B6A5448-60-300x200.jpg 300w, https:\/\/cu4arquitectura.com\/wp-content\/uploads\/2026\/02\/GREENAREA-FHV-2-2024-10-3B6A5448-60-768x512.jpg 768w, https:\/\/cu4arquitectura.com\/wp-content\/uploads\/2026\/02\/GREENAREA-FHV-2-2024-10-3B6A5448-60.jpg 1151w\" sizes=\"auto, (max-width: 1024px) 100vw, 1024px\" \/><\/figure>\n\n\n\n<figure class=\"wp-block-image size-large\"><img loading=\"lazy\" decoding=\"async\" width=\"512\" height=\"768\" data-id=\"8708\" src=\"https:\/\/cu4arquitectura.com\/wp-content\/uploads\/2026\/02\/GREENAREA-FHV-2-2024-10-3B6A5448-55.jpg\" alt=\"\" class=\"wp-image-8708\" srcset=\"https:\/\/cu4arquitectura.com\/wp-content\/uploads\/2026\/02\/GREENAREA-FHV-2-2024-10-3B6A5448-55.jpg 512w, https:\/\/cu4arquitectura.com\/wp-content\/uploads\/2026\/02\/GREENAREA-FHV-2-2024-10-3B6A5448-55-200x300.jpg 200w\" sizes=\"auto, (max-width: 512px) 100vw, 512px\" \/><\/figure>\n\n\n\n<figure class=\"wp-block-image size-large\"><img loading=\"lazy\" decoding=\"async\" width=\"512\" height=\"768\" data-id=\"8723\" src=\"https:\/\/cu4arquitectura.com\/wp-content\/uploads\/2026\/02\/Greenarea_Stand-Habitat-2024-107.jpg\" alt=\"\" class=\"wp-image-8723\" srcset=\"https:\/\/cu4arquitectura.com\/wp-content\/uploads\/2026\/02\/Greenarea_Stand-Habitat-2024-107.jpg 512w, https:\/\/cu4arquitectura.com\/wp-content\/uploads\/2026\/02\/Greenarea_Stand-Habitat-2024-107-200x300.jpg 200w\" sizes=\"auto, (max-width: 512px) 100vw, 512px\" \/><\/figure>\n<\/figure>\n","protected":false},"excerpt":{"rendered":"<p>El dise\u00f1o de CU4 Arquitectura para Greenarea en la Feria H\u00e1bitat 2024 rompe con el enfoque expositivo tradicional para ofrecer una experiencia inmersiva. A continuaci\u00f3n, desgranamos c\u00f3mo transformamos un lugar ajetreado en un inesperado remanso de paz. Equilibrio entre naturaleza, sociedad y persona Nuestro punto de partida gira en torno a tres verbos: coexistir, cuidar [&hellip;]<\/p>\n","protected":false},"author":9,"featured_media":8721,"comment_status":"open","ping_status":"open","sticky":false,"template":"","format":"standard","meta":{"_acf_changed":false,"footnotes":""},"categories":[6],"tags":[],"class_list":["post-8701","post","type-post","status-publish","format-standard","has-post-thumbnail","hentry","category-cu4"],"acf":[],"yoast_head":"<!-- This site is optimized with the Yoast SEO plugin v27.7 - https:\/\/yoast.com\/product\/yoast-seo-wordpress\/ -->\n<title>CU4 dise\u00f1a el stand de Greenarea para la Feria H\u00e1bitat - CU4 Arquitectos en Valencia | Estudio de arquitectura<\/title>\n<meta name=\"description\" content=\"El dise\u00f1o de CU4 para Greenarea en la Feria H\u00e1bitat 2024 rompe con el enfoque expositivo tradicional para ofrecer una experiencia inmersiva\" \/>\n<meta name=\"robots\" content=\"index, follow, max-snippet:-1, max-image-preview:large, max-video-preview:-1\" \/>\n<link rel=\"canonical\" href=\"https:\/\/cu4arquitectura.com\/en\/2024\/11\/14\/cu4-disena-el-stand-de-greenarea-para-la-feria-habitat\/\" \/>\n<meta property=\"og:locale\" content=\"en_US\" \/>\n<meta property=\"og:type\" content=\"article\" \/>\n<meta property=\"og:title\" content=\"CU4 dise\u00f1a el stand de Greenarea para la Feria H\u00e1bitat - CU4 Arquitectos en Valencia | Estudio de arquitectura\" \/>\n<meta property=\"og:description\" content=\"El dise\u00f1o de CU4 para Greenarea en la Feria H\u00e1bitat 2024 rompe con el enfoque expositivo tradicional para ofrecer una experiencia inmersiva\" \/>\n<meta property=\"og:url\" content=\"https:\/\/cu4arquitectura.com\/en\/2024\/11\/14\/cu4-disena-el-stand-de-greenarea-para-la-feria-habitat\/\" \/>\n<meta property=\"og:site_name\" content=\"CU4 Arquitectos en Valencia | Estudio de arquitectura\" \/>\n<meta property=\"article:published_time\" content=\"2024-11-14T09:20:00+00:00\" \/>\n<meta property=\"article:modified_time\" content=\"2026-02-13T09:57:01+00:00\" \/>\n<meta property=\"og:image\" content=\"https:\/\/cu4arquitectura.com\/wp-content\/uploads\/2026\/02\/Greenarea_Stand-Habitat-2024-34.jpg\" \/>\n\t<meta property=\"og:image:width\" content=\"1151\" \/>\n\t<meta property=\"og:image:height\" content=\"768\" \/>\n\t<meta property=\"og:image:type\" content=\"image\/jpeg\" \/>\n<meta name=\"author\" content=\"Cu4 Arquitectura\" \/>\n<meta name=\"twitter:card\" content=\"summary_large_image\" \/>\n<meta name=\"twitter:label1\" content=\"Written by\" \/>\n\t<meta name=\"twitter:data1\" content=\"Cu4 Arquitectura\" \/>\n\t<meta name=\"twitter:label2\" content=\"Est. reading time\" \/>\n\t<meta name=\"twitter:data2\" content=\"5 minutes\" \/>\n<script type=\"application\/ld+json\" class=\"yoast-schema-graph\">{\"@context\":\"https:\\\/\\\/schema.org\",\"@graph\":[{\"@type\":\"Article\",\"@id\":\"https:\\\/\\\/cu4arquitectura.com\\\/en\\\/2024\\\/11\\\/14\\\/cu4-disena-el-stand-de-greenarea-para-la-feria-habitat\\\/#article\",\"isPartOf\":{\"@id\":\"https:\\\/\\\/cu4arquitectura.com\\\/en\\\/2024\\\/11\\\/14\\\/cu4-disena-el-stand-de-greenarea-para-la-feria-habitat\\\/\"},\"author\":{\"name\":\"Cu4 Arquitectura\",\"@id\":\"https:\\\/\\\/cu4arquitectura.com\\\/en\\\/#\\\/schema\\\/person\\\/58ac72d4acb0eae359c5ced2c441783b\"},\"headline\":\"CU4 dise\u00f1a el stand de Greenarea para la Feria H\u00e1bitat\",\"datePublished\":\"2024-11-14T09:20:00+00:00\",\"dateModified\":\"2026-02-13T09:57:01+00:00\",\"mainEntityOfPage\":{\"@id\":\"https:\\\/\\\/cu4arquitectura.com\\\/en\\\/2024\\\/11\\\/14\\\/cu4-disena-el-stand-de-greenarea-para-la-feria-habitat\\\/\"},\"wordCount\":548,\"commentCount\":0,\"publisher\":{\"@id\":\"https:\\\/\\\/cu4arquitectura.com\\\/en\\\/#organization\"},\"image\":{\"@id\":\"https:\\\/\\\/cu4arquitectura.com\\\/en\\\/2024\\\/11\\\/14\\\/cu4-disena-el-stand-de-greenarea-para-la-feria-habitat\\\/#primaryimage\"},\"thumbnailUrl\":\"https:\\\/\\\/cu4arquitectura.com\\\/wp-content\\\/uploads\\\/2026\\\/02\\\/Greenarea_Stand-Habitat-2024-34.jpg\",\"articleSection\":[\"CU4 Arquitectura\"],\"inLanguage\":\"en-US\",\"potentialAction\":[{\"@type\":\"CommentAction\",\"name\":\"Comment\",\"target\":[\"https:\\\/\\\/cu4arquitectura.com\\\/en\\\/2024\\\/11\\\/14\\\/cu4-disena-el-stand-de-greenarea-para-la-feria-habitat\\\/#respond\"]}]},{\"@type\":\"WebPage\",\"@id\":\"https:\\\/\\\/cu4arquitectura.com\\\/en\\\/2024\\\/11\\\/14\\\/cu4-disena-el-stand-de-greenarea-para-la-feria-habitat\\\/\",\"url\":\"https:\\\/\\\/cu4arquitectura.com\\\/en\\\/2024\\\/11\\\/14\\\/cu4-disena-el-stand-de-greenarea-para-la-feria-habitat\\\/\",\"name\":\"CU4 dise\u00f1a el stand de Greenarea para la Feria H\u00e1bitat - CU4 Arquitectos en Valencia | Estudio de arquitectura\",\"isPartOf\":{\"@id\":\"https:\\\/\\\/cu4arquitectura.com\\\/en\\\/#website\"},\"primaryImageOfPage\":{\"@id\":\"https:\\\/\\\/cu4arquitectura.com\\\/en\\\/2024\\\/11\\\/14\\\/cu4-disena-el-stand-de-greenarea-para-la-feria-habitat\\\/#primaryimage\"},\"image\":{\"@id\":\"https:\\\/\\\/cu4arquitectura.com\\\/en\\\/2024\\\/11\\\/14\\\/cu4-disena-el-stand-de-greenarea-para-la-feria-habitat\\\/#primaryimage\"},\"thumbnailUrl\":\"https:\\\/\\\/cu4arquitectura.com\\\/wp-content\\\/uploads\\\/2026\\\/02\\\/Greenarea_Stand-Habitat-2024-34.jpg\",\"datePublished\":\"2024-11-14T09:20:00+00:00\",\"dateModified\":\"2026-02-13T09:57:01+00:00\",\"description\":\"El dise\u00f1o de CU4 para Greenarea en la Feria H\u00e1bitat 2024 rompe con el enfoque expositivo tradicional para ofrecer una experiencia inmersiva\",\"breadcrumb\":{\"@id\":\"https:\\\/\\\/cu4arquitectura.com\\\/en\\\/2024\\\/11\\\/14\\\/cu4-disena-el-stand-de-greenarea-para-la-feria-habitat\\\/#breadcrumb\"},\"inLanguage\":\"en-US\",\"potentialAction\":[{\"@type\":\"ReadAction\",\"target\":[\"https:\\\/\\\/cu4arquitectura.com\\\/en\\\/2024\\\/11\\\/14\\\/cu4-disena-el-stand-de-greenarea-para-la-feria-habitat\\\/\"]}]},{\"@type\":\"ImageObject\",\"inLanguage\":\"en-US\",\"@id\":\"https:\\\/\\\/cu4arquitectura.com\\\/en\\\/2024\\\/11\\\/14\\\/cu4-disena-el-stand-de-greenarea-para-la-feria-habitat\\\/#primaryimage\",\"url\":\"https:\\\/\\\/cu4arquitectura.com\\\/wp-content\\\/uploads\\\/2026\\\/02\\\/Greenarea_Stand-Habitat-2024-34.jpg\",\"contentUrl\":\"https:\\\/\\\/cu4arquitectura.com\\\/wp-content\\\/uploads\\\/2026\\\/02\\\/Greenarea_Stand-Habitat-2024-34.jpg\",\"width\":1151,\"height\":768},{\"@type\":\"BreadcrumbList\",\"@id\":\"https:\\\/\\\/cu4arquitectura.com\\\/en\\\/2024\\\/11\\\/14\\\/cu4-disena-el-stand-de-greenarea-para-la-feria-habitat\\\/#breadcrumb\",\"itemListElement\":[{\"@type\":\"ListItem\",\"position\":1,\"name\":\"Portada\",\"item\":\"https:\\\/\\\/cu4arquitectura.com\\\/en\\\/\"},{\"@type\":\"ListItem\",\"position\":2,\"name\":\"CU4 dise\u00f1a el stand de Greenarea para la Feria H\u00e1bitat\"}]},{\"@type\":\"WebSite\",\"@id\":\"https:\\\/\\\/cu4arquitectura.com\\\/en\\\/#website\",\"url\":\"https:\\\/\\\/cu4arquitectura.com\\\/en\\\/\",\"name\":\"CU4 Arquitectos en Valencia | Estudio de arquitectura\",\"description\":\"Arquitectos en Valencia | Especializados en espacios a medida para empresas y particulares, dise\u00f1ados para tu bienestar\",\"publisher\":{\"@id\":\"https:\\\/\\\/cu4arquitectura.com\\\/en\\\/#organization\"},\"potentialAction\":[{\"@type\":\"SearchAction\",\"target\":{\"@type\":\"EntryPoint\",\"urlTemplate\":\"https:\\\/\\\/cu4arquitectura.com\\\/en\\\/?s={search_term_string}\"},\"query-input\":{\"@type\":\"PropertyValueSpecification\",\"valueRequired\":true,\"valueName\":\"search_term_string\"}}],\"inLanguage\":\"en-US\"},{\"@type\":\"Organization\",\"@id\":\"https:\\\/\\\/cu4arquitectura.com\\\/en\\\/#organization\",\"name\":\"CU4 Arquitectos en Valencia | Estudio de arquitectura\",\"url\":\"https:\\\/\\\/cu4arquitectura.com\\\/en\\\/\",\"logo\":{\"@type\":\"ImageObject\",\"inLanguage\":\"en-US\",\"@id\":\"https:\\\/\\\/cu4arquitectura.com\\\/en\\\/#\\\/schema\\\/logo\\\/image\\\/\",\"url\":\"https:\\\/\\\/cu4arquitectura.com\\\/wp-content\\\/uploads\\\/2024\\\/01\\\/LOGO_CU4_original.svg\",\"contentUrl\":\"https:\\\/\\\/cu4arquitectura.com\\\/wp-content\\\/uploads\\\/2024\\\/01\\\/LOGO_CU4_original.svg\",\"width\":841,\"height\":595,\"caption\":\"CU4 Arquitectos en Valencia | Estudio de arquitectura\"},\"image\":{\"@id\":\"https:\\\/\\\/cu4arquitectura.com\\\/en\\\/#\\\/schema\\\/logo\\\/image\\\/\"}},{\"@type\":\"Person\",\"@id\":\"https:\\\/\\\/cu4arquitectura.com\\\/en\\\/#\\\/schema\\\/person\\\/58ac72d4acb0eae359c5ced2c441783b\",\"name\":\"Cu4 Arquitectura\",\"image\":{\"@type\":\"ImageObject\",\"inLanguage\":\"en-US\",\"@id\":\"https:\\\/\\\/secure.gravatar.com\\\/avatar\\\/69c9d1889eb4b58e3df642c4e9c2f96615fb57f7b9b4856a50c4dbab35ff552d?s=96&d=mm&r=g\",\"url\":\"https:\\\/\\\/secure.gravatar.com\\\/avatar\\\/69c9d1889eb4b58e3df642c4e9c2f96615fb57f7b9b4856a50c4dbab35ff552d?s=96&d=mm&r=g\",\"contentUrl\":\"https:\\\/\\\/secure.gravatar.com\\\/avatar\\\/69c9d1889eb4b58e3df642c4e9c2f96615fb57f7b9b4856a50c4dbab35ff552d?s=96&d=mm&r=g\",\"caption\":\"Cu4 Arquitectura\"},\"url\":\"https:\\\/\\\/cu4arquitectura.com\\\/en\\\/author\\\/noticias_cu4arquitectura\\\/\"}]}<\/script>\n<!-- \/ Yoast SEO plugin. -->","yoast_head_json":{"title":"CU4 dise\u00f1a el stand de Greenarea para la Feria H\u00e1bitat - CU4 Arquitectos en Valencia | Estudio de arquitectura","description":"El dise\u00f1o de CU4 para Greenarea en la Feria H\u00e1bitat 2024 rompe con el enfoque expositivo tradicional para ofrecer una experiencia inmersiva","robots":{"index":"index","follow":"follow","max-snippet":"max-snippet:-1","max-image-preview":"max-image-preview:large","max-video-preview":"max-video-preview:-1"},"canonical":"https:\/\/cu4arquitectura.com\/en\/2024\/11\/14\/cu4-disena-el-stand-de-greenarea-para-la-feria-habitat\/","og_locale":"en_US","og_type":"article","og_title":"CU4 dise\u00f1a el stand de Greenarea para la Feria H\u00e1bitat - CU4 Arquitectos en Valencia | Estudio de arquitectura","og_description":"El dise\u00f1o de CU4 para Greenarea en la Feria H\u00e1bitat 2024 rompe con el enfoque expositivo tradicional para ofrecer una experiencia inmersiva","og_url":"https:\/\/cu4arquitectura.com\/en\/2024\/11\/14\/cu4-disena-el-stand-de-greenarea-para-la-feria-habitat\/","og_site_name":"CU4 Arquitectos en Valencia | Estudio de arquitectura","article_published_time":"2024-11-14T09:20:00+00:00","article_modified_time":"2026-02-13T09:57:01+00:00","og_image":[{"width":1151,"height":768,"url":"https:\/\/cu4arquitectura.com\/wp-content\/uploads\/2026\/02\/Greenarea_Stand-Habitat-2024-34.jpg","type":"image\/jpeg"}],"author":"Cu4 Arquitectura","twitter_card":"summary_large_image","twitter_misc":{"Written by":"Cu4 Arquitectura","Est. reading time":"5 minutes"},"schema":{"@context":"https:\/\/schema.org","@graph":[{"@type":"Article","@id":"https:\/\/cu4arquitectura.com\/en\/2024\/11\/14\/cu4-disena-el-stand-de-greenarea-para-la-feria-habitat\/#article","isPartOf":{"@id":"https:\/\/cu4arquitectura.com\/en\/2024\/11\/14\/cu4-disena-el-stand-de-greenarea-para-la-feria-habitat\/"},"author":{"name":"Cu4 Arquitectura","@id":"https:\/\/cu4arquitectura.com\/en\/#\/schema\/person\/58ac72d4acb0eae359c5ced2c441783b"},"headline":"CU4 dise\u00f1a el stand de Greenarea para la Feria H\u00e1bitat","datePublished":"2024-11-14T09:20:00+00:00","dateModified":"2026-02-13T09:57:01+00:00","mainEntityOfPage":{"@id":"https:\/\/cu4arquitectura.com\/en\/2024\/11\/14\/cu4-disena-el-stand-de-greenarea-para-la-feria-habitat\/"},"wordCount":548,"commentCount":0,"publisher":{"@id":"https:\/\/cu4arquitectura.com\/en\/#organization"},"image":{"@id":"https:\/\/cu4arquitectura.com\/en\/2024\/11\/14\/cu4-disena-el-stand-de-greenarea-para-la-feria-habitat\/#primaryimage"},"thumbnailUrl":"https:\/\/cu4arquitectura.com\/wp-content\/uploads\/2026\/02\/Greenarea_Stand-Habitat-2024-34.jpg","articleSection":["CU4 Arquitectura"],"inLanguage":"en-US","potentialAction":[{"@type":"CommentAction","name":"Comment","target":["https:\/\/cu4arquitectura.com\/en\/2024\/11\/14\/cu4-disena-el-stand-de-greenarea-para-la-feria-habitat\/#respond"]}]},{"@type":"WebPage","@id":"https:\/\/cu4arquitectura.com\/en\/2024\/11\/14\/cu4-disena-el-stand-de-greenarea-para-la-feria-habitat\/","url":"https:\/\/cu4arquitectura.com\/en\/2024\/11\/14\/cu4-disena-el-stand-de-greenarea-para-la-feria-habitat\/","name":"CU4 dise\u00f1a el stand de Greenarea para la Feria H\u00e1bitat - CU4 Arquitectos en Valencia | Estudio de arquitectura","isPartOf":{"@id":"https:\/\/cu4arquitectura.com\/en\/#website"},"primaryImageOfPage":{"@id":"https:\/\/cu4arquitectura.com\/en\/2024\/11\/14\/cu4-disena-el-stand-de-greenarea-para-la-feria-habitat\/#primaryimage"},"image":{"@id":"https:\/\/cu4arquitectura.com\/en\/2024\/11\/14\/cu4-disena-el-stand-de-greenarea-para-la-feria-habitat\/#primaryimage"},"thumbnailUrl":"https:\/\/cu4arquitectura.com\/wp-content\/uploads\/2026\/02\/Greenarea_Stand-Habitat-2024-34.jpg","datePublished":"2024-11-14T09:20:00+00:00","dateModified":"2026-02-13T09:57:01+00:00","description":"El dise\u00f1o de CU4 para Greenarea en la Feria H\u00e1bitat 2024 rompe con el enfoque expositivo tradicional para ofrecer una experiencia inmersiva","breadcrumb":{"@id":"https:\/\/cu4arquitectura.com\/en\/2024\/11\/14\/cu4-disena-el-stand-de-greenarea-para-la-feria-habitat\/#breadcrumb"},"inLanguage":"en-US","potentialAction":[{"@type":"ReadAction","target":["https:\/\/cu4arquitectura.com\/en\/2024\/11\/14\/cu4-disena-el-stand-de-greenarea-para-la-feria-habitat\/"]}]},{"@type":"ImageObject","inLanguage":"en-US","@id":"https:\/\/cu4arquitectura.com\/en\/2024\/11\/14\/cu4-disena-el-stand-de-greenarea-para-la-feria-habitat\/#primaryimage","url":"https:\/\/cu4arquitectura.com\/wp-content\/uploads\/2026\/02\/Greenarea_Stand-Habitat-2024-34.jpg","contentUrl":"https:\/\/cu4arquitectura.com\/wp-content\/uploads\/2026\/02\/Greenarea_Stand-Habitat-2024-34.jpg","width":1151,"height":768},{"@type":"BreadcrumbList","@id":"https:\/\/cu4arquitectura.com\/en\/2024\/11\/14\/cu4-disena-el-stand-de-greenarea-para-la-feria-habitat\/#breadcrumb","itemListElement":[{"@type":"ListItem","position":1,"name":"Portada","item":"https:\/\/cu4arquitectura.com\/en\/"},{"@type":"ListItem","position":2,"name":"CU4 dise\u00f1a el stand de Greenarea para la Feria H\u00e1bitat"}]},{"@type":"WebSite","@id":"https:\/\/cu4arquitectura.com\/en\/#website","url":"https:\/\/cu4arquitectura.com\/en\/","name":"CU4 Arquitectos en Valencia | Estudio de arquitectura","description":"Arquitectos en Valencia | Especializados en espacios a medida para empresas y particulares, dise\u00f1ados para tu bienestar","publisher":{"@id":"https:\/\/cu4arquitectura.com\/en\/#organization"},"potentialAction":[{"@type":"SearchAction","target":{"@type":"EntryPoint","urlTemplate":"https:\/\/cu4arquitectura.com\/en\/?s={search_term_string}"},"query-input":{"@type":"PropertyValueSpecification","valueRequired":true,"valueName":"search_term_string"}}],"inLanguage":"en-US"},{"@type":"Organization","@id":"https:\/\/cu4arquitectura.com\/en\/#organization","name":"CU4 Arquitectos en Valencia | Estudio de arquitectura","url":"https:\/\/cu4arquitectura.com\/en\/","logo":{"@type":"ImageObject","inLanguage":"en-US","@id":"https:\/\/cu4arquitectura.com\/en\/#\/schema\/logo\/image\/","url":"https:\/\/cu4arquitectura.com\/wp-content\/uploads\/2024\/01\/LOGO_CU4_original.svg","contentUrl":"https:\/\/cu4arquitectura.com\/wp-content\/uploads\/2024\/01\/LOGO_CU4_original.svg","width":841,"height":595,"caption":"CU4 Arquitectos en Valencia | Estudio de arquitectura"},"image":{"@id":"https:\/\/cu4arquitectura.com\/en\/#\/schema\/logo\/image\/"}},{"@type":"Person","@id":"https:\/\/cu4arquitectura.com\/en\/#\/schema\/person\/58ac72d4acb0eae359c5ced2c441783b","name":"Cu4 Arquitectura","image":{"@type":"ImageObject","inLanguage":"en-US","@id":"https:\/\/secure.gravatar.com\/avatar\/69c9d1889eb4b58e3df642c4e9c2f96615fb57f7b9b4856a50c4dbab35ff552d?s=96&d=mm&r=g","url":"https:\/\/secure.gravatar.com\/avatar\/69c9d1889eb4b58e3df642c4e9c2f96615fb57f7b9b4856a50c4dbab35ff552d?s=96&d=mm&r=g","contentUrl":"https:\/\/secure.gravatar.com\/avatar\/69c9d1889eb4b58e3df642c4e9c2f96615fb57f7b9b4856a50c4dbab35ff552d?s=96&d=mm&r=g","caption":"Cu4 Arquitectura"},"url":"https:\/\/cu4arquitectura.com\/en\/author\/noticias_cu4arquitectura\/"}]}},"_links":{"self":[{"href":"https:\/\/cu4arquitectura.com\/en\/wp-json\/wp\/v2\/posts\/8701","targetHints":{"allow":["GET"]}}],"collection":[{"href":"https:\/\/cu4arquitectura.com\/en\/wp-json\/wp\/v2\/posts"}],"about":[{"href":"https:\/\/cu4arquitectura.com\/en\/wp-json\/wp\/v2\/types\/post"}],"author":[{"embeddable":true,"href":"https:\/\/cu4arquitectura.com\/en\/wp-json\/wp\/v2\/users\/9"}],"replies":[{"embeddable":true,"href":"https:\/\/cu4arquitectura.com\/en\/wp-json\/wp\/v2\/comments?post=8701"}],"version-history":[{"count":1,"href":"https:\/\/cu4arquitectura.com\/en\/wp-json\/wp\/v2\/posts\/8701\/revisions"}],"predecessor-version":[{"id":8724,"href":"https:\/\/cu4arquitectura.com\/en\/wp-json\/wp\/v2\/posts\/8701\/revisions\/8724"}],"wp:featuredmedia":[{"embeddable":true,"href":"https:\/\/cu4arquitectura.com\/en\/wp-json\/wp\/v2\/media\/8721"}],"wp:attachment":[{"href":"https:\/\/cu4arquitectura.com\/en\/wp-json\/wp\/v2\/media?parent=8701"}],"wp:term":[{"taxonomy":"category","embeddable":true,"href":"https:\/\/cu4arquitectura.com\/en\/wp-json\/wp\/v2\/categories?post=8701"},{"taxonomy":"post_tag","embeddable":true,"href":"https:\/\/cu4arquitectura.com\/en\/wp-json\/wp\/v2\/tags?post=8701"}],"curies":[{"name":"wp","href":"https:\/\/api.w.org\/{rel}","templated":true}]}}