{"id":8599,"date":"2025-11-10T09:54:58","date_gmt":"2025-11-10T09:54:58","guid":{"rendered":"https:\/\/cu4arquitectura.com\/?p=8599"},"modified":"2025-11-10T09:56:45","modified_gmt":"2025-11-10T09:56:45","slug":"una-vivienda-en-la-ladera-de-altea-que-se-funde-con-el-paisaje","status":"publish","type":"post","link":"https:\/\/cu4arquitectura.com\/en\/2025\/11\/10\/una-vivienda-en-la-ladera-de-altea-que-se-funde-con-el-paisaje\/","title":{"rendered":"Una vivienda en la ladera de Altea que se funde con el paisaje"},"content":{"rendered":"\n<figure class=\"wp-block-image size-full\"><img loading=\"lazy\" decoding=\"async\" width=\"960\" height=\"768\" src=\"https:\/\/cu4arquitectura.com\/wp-content\/uploads\/2025\/11\/01.jpg\" alt=\"\" class=\"wp-image-8600\" srcset=\"https:\/\/cu4arquitectura.com\/wp-content\/uploads\/2025\/11\/01.jpg 960w, https:\/\/cu4arquitectura.com\/wp-content\/uploads\/2025\/11\/01-300x240.jpg 300w, https:\/\/cu4arquitectura.com\/wp-content\/uploads\/2025\/11\/01-768x614.jpg 768w\" sizes=\"auto, (max-width: 960px) 100vw, 960px\" \/><\/figure>\n\n\n\n<p class=\"wp-block-paragraph\">Nuestro <strong>proyecto AH423<\/strong>, frente a la bah\u00eda de Altea, fue todo un desaf\u00edo t\u00e9cnico y topogr\u00e1fico. En lugar de imponerse sobre el terreno, la arquitectura de esta vivienda se adapta, se apoya y se abre al paisaje mediterr\u00e1neo.<\/p>\n\n\n\n<p class=\"wp-block-paragraph\">En este art\u00edculo, vamos a explicarte c\u00f3mo fue el proceso, los retos que afrontamos y las soluciones que pusimos en marcha para acometer la obra.<\/p>\n\n\n\n<h3 class=\"wp-block-heading\">Construir en la monta\u00f1a, un reto de precisi\u00f3n<\/h3>\n\n\n\n<p class=\"wp-block-paragraph\">El punto de partida fue un <strong>terreno con una fuerte pendiente<\/strong>, que exigi\u00f3 un movimiento de tierras milim\u00e9trico y una cimentaci\u00f3n especial mediante pilotes. Este sistema permiti\u00f3 anclar la vivienda al terreno rocoso y garantizar su estabilidad sin alterar la topograf\u00eda natural.<\/p>\n\n\n\n<p class=\"wp-block-paragraph\">Desde los primeros esbozos, el equipo entendi\u00f3 que la clave estaba en <strong>respetar el entorno<\/strong>. Cada decisi\u00f3n en el proceso se tom\u00f3 para dialogar con la monta\u00f1a y aprovechar al m\u00e1ximo las vistas.<\/p>\n\n\n\n<h3 class=\"wp-block-heading\">Estructura y ligereza visual<\/h3>\n\n\n\n<figure class=\"wp-block-image size-large\"><img loading=\"lazy\" decoding=\"async\" width=\"1024\" height=\"717\" src=\"https:\/\/cu4arquitectura.com\/wp-content\/uploads\/2025\/11\/02-1024x717.jpg\" alt=\"\" class=\"wp-image-8601\" srcset=\"https:\/\/cu4arquitectura.com\/wp-content\/uploads\/2025\/11\/02-1024x717.jpg 1024w, https:\/\/cu4arquitectura.com\/wp-content\/uploads\/2025\/11\/02-300x210.jpg 300w, https:\/\/cu4arquitectura.com\/wp-content\/uploads\/2025\/11\/02-768x538.jpg 768w, https:\/\/cu4arquitectura.com\/wp-content\/uploads\/2025\/11\/02.jpg 1097w\" sizes=\"auto, (max-width: 1024px) 100vw, 1024px\" \/><\/figure>\n\n\n\n<p class=\"wp-block-paragraph\">Las grandes luces y voladizos definen la identidad de la vivienda. La estructura se dise\u00f1\u00f3 para generar espacios abiertos, continuos y luminosos, donde la t\u00e9cnica se pone al servicio de la sensaci\u00f3n de amplitud.<\/p>\n\n\n\n<p class=\"wp-block-paragraph\">El resultado es una <strong>casa que parece flotar sobre la ladera<\/strong>, con una presencia ligera y un lenguaje arquitect\u00f3nico limpio, donde los l\u00edmites entre interior y exterior se diluyen, fomentando una visi\u00f3n completamente arm\u00f3nica con el paisaje.<\/p>\n\n\n\n<h3 class=\"wp-block-heading\">El mar como horizonte<\/h3>\n\n\n\n<figure class=\"wp-block-image size-large\"><img loading=\"lazy\" decoding=\"async\" width=\"1024\" height=\"576\" src=\"https:\/\/cu4arquitectura.com\/wp-content\/uploads\/2025\/11\/IMG_2716-1024x576.jpg\" alt=\"\" class=\"wp-image-8608\" srcset=\"https:\/\/cu4arquitectura.com\/wp-content\/uploads\/2025\/11\/IMG_2716-1024x576.jpg 1024w, https:\/\/cu4arquitectura.com\/wp-content\/uploads\/2025\/11\/IMG_2716-300x169.jpg 300w, https:\/\/cu4arquitectura.com\/wp-content\/uploads\/2025\/11\/IMG_2716-768x432.jpg 768w, https:\/\/cu4arquitectura.com\/wp-content\/uploads\/2025\/11\/IMG_2716.jpg 1365w\" sizes=\"auto, (max-width: 1024px) 100vw, 1024px\" \/><\/figure>\n\n\n\n<p class=\"wp-block-paragraph\">Una de las premisas del proyecto fue la de <strong>orientar la vivienda hacia el mar<\/strong>. Las vistas a la bah\u00eda de Altea marcan la vida en el interior y se prolongan hasta el exterior con una piscina desbordante que se funde con el mediterr\u00e1neo. Desde cualquier punto de la construcci\u00f3n, el paisaje se convierte en parte de la experiencia cotidiana.<\/p>\n\n\n\n<p class=\"wp-block-paragraph\">Adem\u00e1s, el proyecto se concibe a partir del contraste entre la base revestida en piedra natural y el volumen blanco superior, que refleja la luz y aporta ligereza visual. Tambi\u00e9n incorpora aislamiento exterior, carpinter\u00edas de altas prestaciones y sistemas de climatizaci\u00f3n de alta eficiencia energ\u00e9tica.<\/p>\n\n\n\n<p class=\"wp-block-paragraph\">Por \u00faltimo, el jard\u00edn que rodea la vivienda refuerza la <strong>conexi\u00f3n entre arquitectura y el entorno natural<\/strong>. Las especies aut\u00f3ctonas, los recorridos exteriores y los distintos niveles ajardinados acompa\u00f1an el movimiento del terreno, generando una transici\u00f3n suave entre la casa y la monta\u00f1a.<\/p>\n\n\n\n<h3 class=\"wp-block-heading\">Arquitectura que se convierte en paisaje<\/h3>\n\n\n\n<p class=\"wp-block-paragraph\">El proyecto AH423 refleja la <strong>filosof\u00eda de CU4<\/strong>, crear espacios que no solo respondan a la t\u00e9cnica, sino que tambi\u00e9n dialoguen con la naturaleza y mejoren la vida de quienes los habitan.<\/p>\n\n\n\n<p class=\"wp-block-paragraph\">En esta vivienda, la precisi\u00f3n estructural, la serenidad formal y el respeto por el entorno se unen para dar forma a una arquitectura que no busca destacar, sino pertenecer.<\/p>\n\n\n\n<figure data-wp-context=\"{&quot;galleryId&quot;:&quot;6a9d1c8adfcd9&quot;}\" data-wp-interactive=\"core\/gallery\" class=\"wp-block-gallery has-nested-images columns-default is-cropped wp-block-gallery-1 is-layout-flex wp-block-gallery-is-layout-flex\">\n<figure data-wp-context=\"{&quot;imageId&quot;:&quot;6a9d1c8ae0381&quot;}\" data-wp-interactive=\"core\/image\" data-wp-key=\"6a9d1c8ae0381\" class=\"wp-block-image size-large wp-lightbox-container\"><img loading=\"lazy\" decoding=\"async\" width=\"768\" height=\"768\" data-wp-class--hide=\"state.isContentHidden\" data-wp-class--show=\"state.isContentVisible\" data-wp-init=\"callbacks.setButtonStyles\" data-wp-on--click=\"actions.showLightbox\" data-wp-on--load=\"callbacks.setButtonStyles\" data-wp-on--pointerdown=\"actions.preloadImage\" data-wp-on--pointerenter=\"actions.preloadImageWithDelay\" data-wp-on--pointerleave=\"actions.cancelPreload\" data-wp-on-window--resize=\"callbacks.setButtonStyles\" data-id=\"8607\" src=\"https:\/\/cu4arquitectura.com\/wp-content\/uploads\/2025\/11\/08.jpg\" alt=\"\" class=\"wp-image-8607\" srcset=\"https:\/\/cu4arquitectura.com\/wp-content\/uploads\/2025\/11\/08.jpg 768w, https:\/\/cu4arquitectura.com\/wp-content\/uploads\/2025\/11\/08-300x300.jpg 300w, https:\/\/cu4arquitectura.com\/wp-content\/uploads\/2025\/11\/08-150x150.jpg 150w\" sizes=\"auto, (max-width: 768px) 100vw, 768px\" \/><button\n\t\t\tclass=\"lightbox-trigger\"\n\t\t\ttype=\"button\"\n\t\t\taria-haspopup=\"dialog\"\n\t\t\tdata-wp-bind--aria-label=\"state.thisImage.triggerButtonAriaLabel\"\n\t\t\tdata-wp-init=\"callbacks.initTriggerButton\"\n\t\t\tdata-wp-on--click=\"actions.showLightbox\"\n\t\t\tdata-wp-style--right=\"state.thisImage.buttonRight\"\n\t\t\tdata-wp-style--top=\"state.thisImage.buttonTop\"\n\t\t>\n\t\t\t<svg xmlns=\"http:\/\/www.w3.org\/2000\/svg\" width=\"12\" height=\"12\" fill=\"none\" viewBox=\"0 0 12 12\">\n\t\t\t\t<path fill=\"#fff\" d=\"M2 0a2 2 0 0 0-2 2v2h1.5V2a.5.5 0 0 1 .5-.5h2V0H2Zm2 10.5H2a.5.5 0 0 1-.5-.5V8H0v2a2 2 0 0 0 2 2h2v-1.5ZM8 12v-1.5h2a.5.5 0 0 0 .5-.5V8H12v2a2 2 0 0 1-2 2H8Zm2-12a2 2 0 0 1 2 2v2h-1.5V2a.5.5 0 0 0-.5-.5H8V0h2Z\" \/>\n\t\t\t<\/svg>\n\t\t<\/button><\/figure>\n\n\n\n<figure data-wp-context=\"{&quot;imageId&quot;:&quot;6a9d1c8ae0b4b&quot;}\" data-wp-interactive=\"core\/image\" data-wp-key=\"6a9d1c8ae0b4b\" class=\"wp-block-image size-large wp-lightbox-container\"><img loading=\"lazy\" decoding=\"async\" width=\"768\" height=\"768\" data-wp-class--hide=\"state.isContentHidden\" data-wp-class--show=\"state.isContentVisible\" data-wp-init=\"callbacks.setButtonStyles\" data-wp-on--click=\"actions.showLightbox\" data-wp-on--load=\"callbacks.setButtonStyles\" data-wp-on--pointerdown=\"actions.preloadImage\" data-wp-on--pointerenter=\"actions.preloadImageWithDelay\" data-wp-on--pointerleave=\"actions.cancelPreload\" data-wp-on-window--resize=\"callbacks.setButtonStyles\" data-id=\"8606\" src=\"https:\/\/cu4arquitectura.com\/wp-content\/uploads\/2025\/11\/07.jpg\" alt=\"\" class=\"wp-image-8606\" srcset=\"https:\/\/cu4arquitectura.com\/wp-content\/uploads\/2025\/11\/07.jpg 768w, https:\/\/cu4arquitectura.com\/wp-content\/uploads\/2025\/11\/07-300x300.jpg 300w, https:\/\/cu4arquitectura.com\/wp-content\/uploads\/2025\/11\/07-150x150.jpg 150w\" sizes=\"auto, (max-width: 768px) 100vw, 768px\" \/><button\n\t\t\tclass=\"lightbox-trigger\"\n\t\t\ttype=\"button\"\n\t\t\taria-haspopup=\"dialog\"\n\t\t\tdata-wp-bind--aria-label=\"state.thisImage.triggerButtonAriaLabel\"\n\t\t\tdata-wp-init=\"callbacks.initTriggerButton\"\n\t\t\tdata-wp-on--click=\"actions.showLightbox\"\n\t\t\tdata-wp-style--right=\"state.thisImage.buttonRight\"\n\t\t\tdata-wp-style--top=\"state.thisImage.buttonTop\"\n\t\t>\n\t\t\t<svg xmlns=\"http:\/\/www.w3.org\/2000\/svg\" width=\"12\" height=\"12\" fill=\"none\" viewBox=\"0 0 12 12\">\n\t\t\t\t<path fill=\"#fff\" d=\"M2 0a2 2 0 0 0-2 2v2h1.5V2a.5.5 0 0 1 .5-.5h2V0H2Zm2 10.5H2a.5.5 0 0 1-.5-.5V8H0v2a2 2 0 0 0 2 2h2v-1.5ZM8 12v-1.5h2a.5.5 0 0 0 .5-.5V8H12v2a2 2 0 0 1-2 2H8Zm2-12a2 2 0 0 1 2 2v2h-1.5V2a.5.5 0 0 0-.5-.5H8V0h2Z\" \/>\n\t\t\t<\/svg>\n\t\t<\/button><\/figure>\n\n\n\n<figure data-wp-context=\"{&quot;imageId&quot;:&quot;6a9d1c8ae128a&quot;}\" data-wp-interactive=\"core\/image\" data-wp-key=\"6a9d1c8ae128a\" class=\"wp-block-image size-large wp-lightbox-container\"><img loading=\"lazy\" decoding=\"async\" width=\"768\" height=\"768\" data-wp-class--hide=\"state.isContentHidden\" data-wp-class--show=\"state.isContentVisible\" data-wp-init=\"callbacks.setButtonStyles\" data-wp-on--click=\"actions.showLightbox\" data-wp-on--load=\"callbacks.setButtonStyles\" data-wp-on--pointerdown=\"actions.preloadImage\" data-wp-on--pointerenter=\"actions.preloadImageWithDelay\" data-wp-on--pointerleave=\"actions.cancelPreload\" data-wp-on-window--resize=\"callbacks.setButtonStyles\" data-id=\"8605\" src=\"https:\/\/cu4arquitectura.com\/wp-content\/uploads\/2025\/11\/06.jpg\" alt=\"\" class=\"wp-image-8605\" srcset=\"https:\/\/cu4arquitectura.com\/wp-content\/uploads\/2025\/11\/06.jpg 768w, https:\/\/cu4arquitectura.com\/wp-content\/uploads\/2025\/11\/06-300x300.jpg 300w, https:\/\/cu4arquitectura.com\/wp-content\/uploads\/2025\/11\/06-150x150.jpg 150w\" sizes=\"auto, (max-width: 768px) 100vw, 768px\" \/><button\n\t\t\tclass=\"lightbox-trigger\"\n\t\t\ttype=\"button\"\n\t\t\taria-haspopup=\"dialog\"\n\t\t\tdata-wp-bind--aria-label=\"state.thisImage.triggerButtonAriaLabel\"\n\t\t\tdata-wp-init=\"callbacks.initTriggerButton\"\n\t\t\tdata-wp-on--click=\"actions.showLightbox\"\n\t\t\tdata-wp-style--right=\"state.thisImage.buttonRight\"\n\t\t\tdata-wp-style--top=\"state.thisImage.buttonTop\"\n\t\t>\n\t\t\t<svg xmlns=\"http:\/\/www.w3.org\/2000\/svg\" width=\"12\" height=\"12\" fill=\"none\" viewBox=\"0 0 12 12\">\n\t\t\t\t<path fill=\"#fff\" d=\"M2 0a2 2 0 0 0-2 2v2h1.5V2a.5.5 0 0 1 .5-.5h2V0H2Zm2 10.5H2a.5.5 0 0 1-.5-.5V8H0v2a2 2 0 0 0 2 2h2v-1.5ZM8 12v-1.5h2a.5.5 0 0 0 .5-.5V8H12v2a2 2 0 0 1-2 2H8Zm2-12a2 2 0 0 1 2 2v2h-1.5V2a.5.5 0 0 0-.5-.5H8V0h2Z\" \/>\n\t\t\t<\/svg>\n\t\t<\/button><\/figure>\n\n\n\n<figure data-wp-context=\"{&quot;imageId&quot;:&quot;6a9d1c8ae1987&quot;}\" data-wp-interactive=\"core\/image\" data-wp-key=\"6a9d1c8ae1987\" class=\"wp-block-image size-large wp-lightbox-container\"><img loading=\"lazy\" decoding=\"async\" width=\"768\" height=\"768\" data-wp-class--hide=\"state.isContentHidden\" data-wp-class--show=\"state.isContentVisible\" data-wp-init=\"callbacks.setButtonStyles\" data-wp-on--click=\"actions.showLightbox\" data-wp-on--load=\"callbacks.setButtonStyles\" data-wp-on--pointerdown=\"actions.preloadImage\" data-wp-on--pointerenter=\"actions.preloadImageWithDelay\" data-wp-on--pointerleave=\"actions.cancelPreload\" data-wp-on-window--resize=\"callbacks.setButtonStyles\" data-id=\"8604\" src=\"https:\/\/cu4arquitectura.com\/wp-content\/uploads\/2025\/11\/05.jpg\" alt=\"\" class=\"wp-image-8604\" srcset=\"https:\/\/cu4arquitectura.com\/wp-content\/uploads\/2025\/11\/05.jpg 768w, https:\/\/cu4arquitectura.com\/wp-content\/uploads\/2025\/11\/05-300x300.jpg 300w, https:\/\/cu4arquitectura.com\/wp-content\/uploads\/2025\/11\/05-150x150.jpg 150w\" sizes=\"auto, (max-width: 768px) 100vw, 768px\" \/><button\n\t\t\tclass=\"lightbox-trigger\"\n\t\t\ttype=\"button\"\n\t\t\taria-haspopup=\"dialog\"\n\t\t\tdata-wp-bind--aria-label=\"state.thisImage.triggerButtonAriaLabel\"\n\t\t\tdata-wp-init=\"callbacks.initTriggerButton\"\n\t\t\tdata-wp-on--click=\"actions.showLightbox\"\n\t\t\tdata-wp-style--right=\"state.thisImage.buttonRight\"\n\t\t\tdata-wp-style--top=\"state.thisImage.buttonTop\"\n\t\t>\n\t\t\t<svg xmlns=\"http:\/\/www.w3.org\/2000\/svg\" width=\"12\" height=\"12\" fill=\"none\" viewBox=\"0 0 12 12\">\n\t\t\t\t<path fill=\"#fff\" d=\"M2 0a2 2 0 0 0-2 2v2h1.5V2a.5.5 0 0 1 .5-.5h2V0H2Zm2 10.5H2a.5.5 0 0 1-.5-.5V8H0v2a2 2 0 0 0 2 2h2v-1.5ZM8 12v-1.5h2a.5.5 0 0 0 .5-.5V8H12v2a2 2 0 0 1-2 2H8Zm2-12a2 2 0 0 1 2 2v2h-1.5V2a.5.5 0 0 0-.5-.5H8V0h2Z\" \/>\n\t\t\t<\/svg>\n\t\t<\/button><\/figure>\n\n\n\n<figure data-wp-context=\"{&quot;imageId&quot;:&quot;6a9d1c8ae20c8&quot;}\" data-wp-interactive=\"core\/image\" data-wp-key=\"6a9d1c8ae20c8\" class=\"wp-block-image size-large wp-lightbox-container\"><img loading=\"lazy\" decoding=\"async\" width=\"768\" height=\"768\" data-wp-class--hide=\"state.isContentHidden\" data-wp-class--show=\"state.isContentVisible\" data-wp-init=\"callbacks.setButtonStyles\" data-wp-on--click=\"actions.showLightbox\" data-wp-on--load=\"callbacks.setButtonStyles\" data-wp-on--pointerdown=\"actions.preloadImage\" data-wp-on--pointerenter=\"actions.preloadImageWithDelay\" data-wp-on--pointerleave=\"actions.cancelPreload\" data-wp-on-window--resize=\"callbacks.setButtonStyles\" data-id=\"8603\" src=\"https:\/\/cu4arquitectura.com\/wp-content\/uploads\/2025\/11\/04.jpg\" alt=\"\" class=\"wp-image-8603\" srcset=\"https:\/\/cu4arquitectura.com\/wp-content\/uploads\/2025\/11\/04.jpg 768w, https:\/\/cu4arquitectura.com\/wp-content\/uploads\/2025\/11\/04-300x300.jpg 300w, https:\/\/cu4arquitectura.com\/wp-content\/uploads\/2025\/11\/04-150x150.jpg 150w\" sizes=\"auto, (max-width: 768px) 100vw, 768px\" \/><button\n\t\t\tclass=\"lightbox-trigger\"\n\t\t\ttype=\"button\"\n\t\t\taria-haspopup=\"dialog\"\n\t\t\tdata-wp-bind--aria-label=\"state.thisImage.triggerButtonAriaLabel\"\n\t\t\tdata-wp-init=\"callbacks.initTriggerButton\"\n\t\t\tdata-wp-on--click=\"actions.showLightbox\"\n\t\t\tdata-wp-style--right=\"state.thisImage.buttonRight\"\n\t\t\tdata-wp-style--top=\"state.thisImage.buttonTop\"\n\t\t>\n\t\t\t<svg xmlns=\"http:\/\/www.w3.org\/2000\/svg\" width=\"12\" height=\"12\" fill=\"none\" viewBox=\"0 0 12 12\">\n\t\t\t\t<path fill=\"#fff\" d=\"M2 0a2 2 0 0 0-2 2v2h1.5V2a.5.5 0 0 1 .5-.5h2V0H2Zm2 10.5H2a.5.5 0 0 1-.5-.5V8H0v2a2 2 0 0 0 2 2h2v-1.5ZM8 12v-1.5h2a.5.5 0 0 0 .5-.5V8H12v2a2 2 0 0 1-2 2H8Zm2-12a2 2 0 0 1 2 2v2h-1.5V2a.5.5 0 0 0-.5-.5H8V0h2Z\" \/>\n\t\t\t<\/svg>\n\t\t<\/button><\/figure>\n\n\n\n<figure data-wp-context=\"{&quot;imageId&quot;:&quot;6a9d1c8ae27fa&quot;}\" data-wp-interactive=\"core\/image\" data-wp-key=\"6a9d1c8ae27fa\" class=\"wp-block-image size-large wp-lightbox-container\"><img loading=\"lazy\" decoding=\"async\" width=\"1024\" height=\"761\" data-wp-class--hide=\"state.isContentHidden\" data-wp-class--show=\"state.isContentVisible\" data-wp-init=\"callbacks.setButtonStyles\" data-wp-on--click=\"actions.showLightbox\" data-wp-on--load=\"callbacks.setButtonStyles\" data-wp-on--pointerdown=\"actions.preloadImage\" data-wp-on--pointerenter=\"actions.preloadImageWithDelay\" data-wp-on--pointerleave=\"actions.cancelPreload\" data-wp-on-window--resize=\"callbacks.setButtonStyles\" data-id=\"8602\" src=\"https:\/\/cu4arquitectura.com\/wp-content\/uploads\/2025\/11\/03-1024x761.jpg\" alt=\"\" class=\"wp-image-8602\" srcset=\"https:\/\/cu4arquitectura.com\/wp-content\/uploads\/2025\/11\/03-1024x761.jpg 1024w, https:\/\/cu4arquitectura.com\/wp-content\/uploads\/2025\/11\/03-300x223.jpg 300w, https:\/\/cu4arquitectura.com\/wp-content\/uploads\/2025\/11\/03-768x570.jpg 768w, https:\/\/cu4arquitectura.com\/wp-content\/uploads\/2025\/11\/03.jpg 1034w\" sizes=\"auto, (max-width: 1024px) 100vw, 1024px\" \/><button\n\t\t\tclass=\"lightbox-trigger\"\n\t\t\ttype=\"button\"\n\t\t\taria-haspopup=\"dialog\"\n\t\t\tdata-wp-bind--aria-label=\"state.thisImage.triggerButtonAriaLabel\"\n\t\t\tdata-wp-init=\"callbacks.initTriggerButton\"\n\t\t\tdata-wp-on--click=\"actions.showLightbox\"\n\t\t\tdata-wp-style--right=\"state.thisImage.buttonRight\"\n\t\t\tdata-wp-style--top=\"state.thisImage.buttonTop\"\n\t\t>\n\t\t\t<svg xmlns=\"http:\/\/www.w3.org\/2000\/svg\" width=\"12\" height=\"12\" fill=\"none\" viewBox=\"0 0 12 12\">\n\t\t\t\t<path fill=\"#fff\" d=\"M2 0a2 2 0 0 0-2 2v2h1.5V2a.5.5 0 0 1 .5-.5h2V0H2Zm2 10.5H2a.5.5 0 0 1-.5-.5V8H0v2a2 2 0 0 0 2 2h2v-1.5ZM8 12v-1.5h2a.5.5 0 0 0 .5-.5V8H12v2a2 2 0 0 1-2 2H8Zm2-12a2 2 0 0 1 2 2v2h-1.5V2a.5.5 0 0 0-.5-.5H8V0h2Z\" \/>\n\t\t\t<\/svg>\n\t\t<\/button><\/figure>\n<\/figure>\n","protected":false},"excerpt":{"rendered":"<p>Nuestro proyecto AH423, frente a la bah\u00eda de Altea, fue todo un desaf\u00edo t\u00e9cnico y topogr\u00e1fico. En lugar de imponerse sobre el terreno, la arquitectura de esta vivienda se adapta, se apoya y se abre al paisaje mediterr\u00e1neo. En este art\u00edculo, vamos a explicarte c\u00f3mo fue el proceso, los retos que afrontamos y las soluciones [&hellip;]<\/p>\n","protected":false},"author":9,"featured_media":8600,"comment_status":"open","ping_status":"open","sticky":false,"template":"","format":"standard","meta":{"_acf_changed":false,"footnotes":""},"categories":[6],"tags":[],"class_list":["post-8599","post","type-post","status-publish","format-standard","has-post-thumbnail","hentry","category-cu4"],"acf":[],"yoast_head":"<!-- This site is optimized with the Yoast SEO plugin v27.7 - https:\/\/yoast.com\/product\/yoast-seo-wordpress\/ -->\n<title>Una vivienda en la ladera de Altea que se funde con el paisaje - CU4 Arquitectos en Valencia | Estudio de arquitectura<\/title>\n<meta name=\"robots\" content=\"index, follow, max-snippet:-1, max-image-preview:large, max-video-preview:-1\" \/>\n<link rel=\"canonical\" href=\"https:\/\/cu4arquitectura.com\/en\/2025\/11\/10\/una-vivienda-en-la-ladera-de-altea-que-se-funde-con-el-paisaje\/\" \/>\n<meta property=\"og:locale\" content=\"en_US\" \/>\n<meta property=\"og:type\" content=\"article\" \/>\n<meta property=\"og:title\" content=\"Una vivienda en la ladera de Altea que se funde con el paisaje - CU4 Arquitectos en Valencia | Estudio de arquitectura\" \/>\n<meta property=\"og:description\" content=\"Nuestro proyecto AH423, frente a la bah\u00eda de Altea, fue todo un desaf\u00edo t\u00e9cnico y topogr\u00e1fico. En lugar de imponerse sobre el terreno, la arquitectura de esta vivienda se adapta, se apoya y se abre al paisaje mediterr\u00e1neo. En este art\u00edculo, vamos a explicarte c\u00f3mo fue el proceso, los retos que afrontamos y las soluciones [&hellip;]\" \/>\n<meta property=\"og:url\" content=\"https:\/\/cu4arquitectura.com\/en\/2025\/11\/10\/una-vivienda-en-la-ladera-de-altea-que-se-funde-con-el-paisaje\/\" \/>\n<meta property=\"og:site_name\" content=\"CU4 Arquitectos en Valencia | Estudio de arquitectura\" \/>\n<meta property=\"article:published_time\" content=\"2025-11-10T09:54:58+00:00\" \/>\n<meta property=\"article:modified_time\" content=\"2025-11-10T09:56:45+00:00\" \/>\n<meta property=\"og:image\" content=\"https:\/\/cu4arquitectura.com\/wp-content\/uploads\/2025\/11\/01.jpg\" \/>\n\t<meta property=\"og:image:width\" content=\"960\" \/>\n\t<meta property=\"og:image:height\" content=\"768\" \/>\n\t<meta property=\"og:image:type\" content=\"image\/jpeg\" \/>\n<meta name=\"author\" content=\"Cu4 Arquitectura\" \/>\n<meta name=\"twitter:card\" content=\"summary_large_image\" \/>\n<meta name=\"twitter:label1\" content=\"Written by\" \/>\n\t<meta name=\"twitter:data1\" content=\"Cu4 Arquitectura\" \/>\n\t<meta name=\"twitter:label2\" content=\"Est. reading time\" \/>\n\t<meta name=\"twitter:data2\" content=\"5 minutes\" \/>\n<script type=\"application\/ld+json\" class=\"yoast-schema-graph\">{\"@context\":\"https:\\\/\\\/schema.org\",\"@graph\":[{\"@type\":\"Article\",\"@id\":\"https:\\\/\\\/cu4arquitectura.com\\\/en\\\/2025\\\/11\\\/10\\\/una-vivienda-en-la-ladera-de-altea-que-se-funde-con-el-paisaje\\\/#article\",\"isPartOf\":{\"@id\":\"https:\\\/\\\/cu4arquitectura.com\\\/en\\\/2025\\\/11\\\/10\\\/una-vivienda-en-la-ladera-de-altea-que-se-funde-con-el-paisaje\\\/\"},\"author\":{\"name\":\"Cu4 Arquitectura\",\"@id\":\"https:\\\/\\\/cu4arquitectura.com\\\/en\\\/#\\\/schema\\\/person\\\/58ac72d4acb0eae359c5ced2c441783b\"},\"headline\":\"Una vivienda en la ladera de Altea que se funde con el paisaje\",\"datePublished\":\"2025-11-10T09:54:58+00:00\",\"dateModified\":\"2025-11-10T09:56:45+00:00\",\"mainEntityOfPage\":{\"@id\":\"https:\\\/\\\/cu4arquitectura.com\\\/en\\\/2025\\\/11\\\/10\\\/una-vivienda-en-la-ladera-de-altea-que-se-funde-con-el-paisaje\\\/\"},\"wordCount\":492,\"commentCount\":0,\"publisher\":{\"@id\":\"https:\\\/\\\/cu4arquitectura.com\\\/en\\\/#organization\"},\"image\":{\"@id\":\"https:\\\/\\\/cu4arquitectura.com\\\/en\\\/2025\\\/11\\\/10\\\/una-vivienda-en-la-ladera-de-altea-que-se-funde-con-el-paisaje\\\/#primaryimage\"},\"thumbnailUrl\":\"https:\\\/\\\/cu4arquitectura.com\\\/wp-content\\\/uploads\\\/2025\\\/11\\\/01.jpg\",\"articleSection\":[\"CU4 Arquitectura\"],\"inLanguage\":\"en-US\",\"potentialAction\":[{\"@type\":\"CommentAction\",\"name\":\"Comment\",\"target\":[\"https:\\\/\\\/cu4arquitectura.com\\\/en\\\/2025\\\/11\\\/10\\\/una-vivienda-en-la-ladera-de-altea-que-se-funde-con-el-paisaje\\\/#respond\"]}]},{\"@type\":\"WebPage\",\"@id\":\"https:\\\/\\\/cu4arquitectura.com\\\/en\\\/2025\\\/11\\\/10\\\/una-vivienda-en-la-ladera-de-altea-que-se-funde-con-el-paisaje\\\/\",\"url\":\"https:\\\/\\\/cu4arquitectura.com\\\/en\\\/2025\\\/11\\\/10\\\/una-vivienda-en-la-ladera-de-altea-que-se-funde-con-el-paisaje\\\/\",\"name\":\"Una vivienda en la ladera de Altea que se funde con el paisaje - CU4 Arquitectos en Valencia | Estudio de arquitectura\",\"isPartOf\":{\"@id\":\"https:\\\/\\\/cu4arquitectura.com\\\/en\\\/#website\"},\"primaryImageOfPage\":{\"@id\":\"https:\\\/\\\/cu4arquitectura.com\\\/en\\\/2025\\\/11\\\/10\\\/una-vivienda-en-la-ladera-de-altea-que-se-funde-con-el-paisaje\\\/#primaryimage\"},\"image\":{\"@id\":\"https:\\\/\\\/cu4arquitectura.com\\\/en\\\/2025\\\/11\\\/10\\\/una-vivienda-en-la-ladera-de-altea-que-se-funde-con-el-paisaje\\\/#primaryimage\"},\"thumbnailUrl\":\"https:\\\/\\\/cu4arquitectura.com\\\/wp-content\\\/uploads\\\/2025\\\/11\\\/01.jpg\",\"datePublished\":\"2025-11-10T09:54:58+00:00\",\"dateModified\":\"2025-11-10T09:56:45+00:00\",\"breadcrumb\":{\"@id\":\"https:\\\/\\\/cu4arquitectura.com\\\/en\\\/2025\\\/11\\\/10\\\/una-vivienda-en-la-ladera-de-altea-que-se-funde-con-el-paisaje\\\/#breadcrumb\"},\"inLanguage\":\"en-US\",\"potentialAction\":[{\"@type\":\"ReadAction\",\"target\":[\"https:\\\/\\\/cu4arquitectura.com\\\/en\\\/2025\\\/11\\\/10\\\/una-vivienda-en-la-ladera-de-altea-que-se-funde-con-el-paisaje\\\/\"]}]},{\"@type\":\"ImageObject\",\"inLanguage\":\"en-US\",\"@id\":\"https:\\\/\\\/cu4arquitectura.com\\\/en\\\/2025\\\/11\\\/10\\\/una-vivienda-en-la-ladera-de-altea-que-se-funde-con-el-paisaje\\\/#primaryimage\",\"url\":\"https:\\\/\\\/cu4arquitectura.com\\\/wp-content\\\/uploads\\\/2025\\\/11\\\/01.jpg\",\"contentUrl\":\"https:\\\/\\\/cu4arquitectura.com\\\/wp-content\\\/uploads\\\/2025\\\/11\\\/01.jpg\",\"width\":960,\"height\":768},{\"@type\":\"BreadcrumbList\",\"@id\":\"https:\\\/\\\/cu4arquitectura.com\\\/en\\\/2025\\\/11\\\/10\\\/una-vivienda-en-la-ladera-de-altea-que-se-funde-con-el-paisaje\\\/#breadcrumb\",\"itemListElement\":[{\"@type\":\"ListItem\",\"position\":1,\"name\":\"Portada\",\"item\":\"https:\\\/\\\/cu4arquitectura.com\\\/en\\\/\"},{\"@type\":\"ListItem\",\"position\":2,\"name\":\"Una vivienda en la ladera de Altea que se funde con el paisaje\"}]},{\"@type\":\"WebSite\",\"@id\":\"https:\\\/\\\/cu4arquitectura.com\\\/en\\\/#website\",\"url\":\"https:\\\/\\\/cu4arquitectura.com\\\/en\\\/\",\"name\":\"CU4 Arquitectos en Valencia | Estudio de arquitectura\",\"description\":\"Arquitectos en Valencia | Especializados en espacios a medida para empresas y particulares, dise\u00f1ados para tu bienestar\",\"publisher\":{\"@id\":\"https:\\\/\\\/cu4arquitectura.com\\\/en\\\/#organization\"},\"potentialAction\":[{\"@type\":\"SearchAction\",\"target\":{\"@type\":\"EntryPoint\",\"urlTemplate\":\"https:\\\/\\\/cu4arquitectura.com\\\/en\\\/?s={search_term_string}\"},\"query-input\":{\"@type\":\"PropertyValueSpecification\",\"valueRequired\":true,\"valueName\":\"search_term_string\"}}],\"inLanguage\":\"en-US\"},{\"@type\":\"Organization\",\"@id\":\"https:\\\/\\\/cu4arquitectura.com\\\/en\\\/#organization\",\"name\":\"CU4 Arquitectos en Valencia | Estudio de arquitectura\",\"url\":\"https:\\\/\\\/cu4arquitectura.com\\\/en\\\/\",\"logo\":{\"@type\":\"ImageObject\",\"inLanguage\":\"en-US\",\"@id\":\"https:\\\/\\\/cu4arquitectura.com\\\/en\\\/#\\\/schema\\\/logo\\\/image\\\/\",\"url\":\"https:\\\/\\\/cu4arquitectura.com\\\/wp-content\\\/uploads\\\/2024\\\/01\\\/LOGO_CU4_original.svg\",\"contentUrl\":\"https:\\\/\\\/cu4arquitectura.com\\\/wp-content\\\/uploads\\\/2024\\\/01\\\/LOGO_CU4_original.svg\",\"width\":841,\"height\":595,\"caption\":\"CU4 Arquitectos en Valencia | Estudio de arquitectura\"},\"image\":{\"@id\":\"https:\\\/\\\/cu4arquitectura.com\\\/en\\\/#\\\/schema\\\/logo\\\/image\\\/\"}},{\"@type\":\"Person\",\"@id\":\"https:\\\/\\\/cu4arquitectura.com\\\/en\\\/#\\\/schema\\\/person\\\/58ac72d4acb0eae359c5ced2c441783b\",\"name\":\"Cu4 Arquitectura\",\"image\":{\"@type\":\"ImageObject\",\"inLanguage\":\"en-US\",\"@id\":\"https:\\\/\\\/secure.gravatar.com\\\/avatar\\\/69c9d1889eb4b58e3df642c4e9c2f96615fb57f7b9b4856a50c4dbab35ff552d?s=96&d=mm&r=g\",\"url\":\"https:\\\/\\\/secure.gravatar.com\\\/avatar\\\/69c9d1889eb4b58e3df642c4e9c2f96615fb57f7b9b4856a50c4dbab35ff552d?s=96&d=mm&r=g\",\"contentUrl\":\"https:\\\/\\\/secure.gravatar.com\\\/avatar\\\/69c9d1889eb4b58e3df642c4e9c2f96615fb57f7b9b4856a50c4dbab35ff552d?s=96&d=mm&r=g\",\"caption\":\"Cu4 Arquitectura\"},\"url\":\"https:\\\/\\\/cu4arquitectura.com\\\/en\\\/author\\\/noticias_cu4arquitectura\\\/\"}]}<\/script>\n<!-- \/ Yoast SEO plugin. -->","yoast_head_json":{"title":"Una vivienda en la ladera de Altea que se funde con el paisaje - CU4 Arquitectos en Valencia | Estudio de arquitectura","robots":{"index":"index","follow":"follow","max-snippet":"max-snippet:-1","max-image-preview":"max-image-preview:large","max-video-preview":"max-video-preview:-1"},"canonical":"https:\/\/cu4arquitectura.com\/en\/2025\/11\/10\/una-vivienda-en-la-ladera-de-altea-que-se-funde-con-el-paisaje\/","og_locale":"en_US","og_type":"article","og_title":"Una vivienda en la ladera de Altea que se funde con el paisaje - CU4 Arquitectos en Valencia | Estudio de arquitectura","og_description":"Nuestro proyecto AH423, frente a la bah\u00eda de Altea, fue todo un desaf\u00edo t\u00e9cnico y topogr\u00e1fico. En lugar de imponerse sobre el terreno, la arquitectura de esta vivienda se adapta, se apoya y se abre al paisaje mediterr\u00e1neo. En este art\u00edculo, vamos a explicarte c\u00f3mo fue el proceso, los retos que afrontamos y las soluciones [&hellip;]","og_url":"https:\/\/cu4arquitectura.com\/en\/2025\/11\/10\/una-vivienda-en-la-ladera-de-altea-que-se-funde-con-el-paisaje\/","og_site_name":"CU4 Arquitectos en Valencia | Estudio de arquitectura","article_published_time":"2025-11-10T09:54:58+00:00","article_modified_time":"2025-11-10T09:56:45+00:00","og_image":[{"width":960,"height":768,"url":"https:\/\/cu4arquitectura.com\/wp-content\/uploads\/2025\/11\/01.jpg","type":"image\/jpeg"}],"author":"Cu4 Arquitectura","twitter_card":"summary_large_image","twitter_misc":{"Written by":"Cu4 Arquitectura","Est. reading time":"5 minutes"},"schema":{"@context":"https:\/\/schema.org","@graph":[{"@type":"Article","@id":"https:\/\/cu4arquitectura.com\/en\/2025\/11\/10\/una-vivienda-en-la-ladera-de-altea-que-se-funde-con-el-paisaje\/#article","isPartOf":{"@id":"https:\/\/cu4arquitectura.com\/en\/2025\/11\/10\/una-vivienda-en-la-ladera-de-altea-que-se-funde-con-el-paisaje\/"},"author":{"name":"Cu4 Arquitectura","@id":"https:\/\/cu4arquitectura.com\/en\/#\/schema\/person\/58ac72d4acb0eae359c5ced2c441783b"},"headline":"Una vivienda en la ladera de Altea que se funde con el paisaje","datePublished":"2025-11-10T09:54:58+00:00","dateModified":"2025-11-10T09:56:45+00:00","mainEntityOfPage":{"@id":"https:\/\/cu4arquitectura.com\/en\/2025\/11\/10\/una-vivienda-en-la-ladera-de-altea-que-se-funde-con-el-paisaje\/"},"wordCount":492,"commentCount":0,"publisher":{"@id":"https:\/\/cu4arquitectura.com\/en\/#organization"},"image":{"@id":"https:\/\/cu4arquitectura.com\/en\/2025\/11\/10\/una-vivienda-en-la-ladera-de-altea-que-se-funde-con-el-paisaje\/#primaryimage"},"thumbnailUrl":"https:\/\/cu4arquitectura.com\/wp-content\/uploads\/2025\/11\/01.jpg","articleSection":["CU4 Arquitectura"],"inLanguage":"en-US","potentialAction":[{"@type":"CommentAction","name":"Comment","target":["https:\/\/cu4arquitectura.com\/en\/2025\/11\/10\/una-vivienda-en-la-ladera-de-altea-que-se-funde-con-el-paisaje\/#respond"]}]},{"@type":"WebPage","@id":"https:\/\/cu4arquitectura.com\/en\/2025\/11\/10\/una-vivienda-en-la-ladera-de-altea-que-se-funde-con-el-paisaje\/","url":"https:\/\/cu4arquitectura.com\/en\/2025\/11\/10\/una-vivienda-en-la-ladera-de-altea-que-se-funde-con-el-paisaje\/","name":"Una vivienda en la ladera de Altea que se funde con el paisaje - CU4 Arquitectos en Valencia | Estudio de arquitectura","isPartOf":{"@id":"https:\/\/cu4arquitectura.com\/en\/#website"},"primaryImageOfPage":{"@id":"https:\/\/cu4arquitectura.com\/en\/2025\/11\/10\/una-vivienda-en-la-ladera-de-altea-que-se-funde-con-el-paisaje\/#primaryimage"},"image":{"@id":"https:\/\/cu4arquitectura.com\/en\/2025\/11\/10\/una-vivienda-en-la-ladera-de-altea-que-se-funde-con-el-paisaje\/#primaryimage"},"thumbnailUrl":"https:\/\/cu4arquitectura.com\/wp-content\/uploads\/2025\/11\/01.jpg","datePublished":"2025-11-10T09:54:58+00:00","dateModified":"2025-11-10T09:56:45+00:00","breadcrumb":{"@id":"https:\/\/cu4arquitectura.com\/en\/2025\/11\/10\/una-vivienda-en-la-ladera-de-altea-que-se-funde-con-el-paisaje\/#breadcrumb"},"inLanguage":"en-US","potentialAction":[{"@type":"ReadAction","target":["https:\/\/cu4arquitectura.com\/en\/2025\/11\/10\/una-vivienda-en-la-ladera-de-altea-que-se-funde-con-el-paisaje\/"]}]},{"@type":"ImageObject","inLanguage":"en-US","@id":"https:\/\/cu4arquitectura.com\/en\/2025\/11\/10\/una-vivienda-en-la-ladera-de-altea-que-se-funde-con-el-paisaje\/#primaryimage","url":"https:\/\/cu4arquitectura.com\/wp-content\/uploads\/2025\/11\/01.jpg","contentUrl":"https:\/\/cu4arquitectura.com\/wp-content\/uploads\/2025\/11\/01.jpg","width":960,"height":768},{"@type":"BreadcrumbList","@id":"https:\/\/cu4arquitectura.com\/en\/2025\/11\/10\/una-vivienda-en-la-ladera-de-altea-que-se-funde-con-el-paisaje\/#breadcrumb","itemListElement":[{"@type":"ListItem","position":1,"name":"Portada","item":"https:\/\/cu4arquitectura.com\/en\/"},{"@type":"ListItem","position":2,"name":"Una vivienda en la ladera de Altea que se funde con el paisaje"}]},{"@type":"WebSite","@id":"https:\/\/cu4arquitectura.com\/en\/#website","url":"https:\/\/cu4arquitectura.com\/en\/","name":"CU4 Arquitectos en Valencia | Estudio de arquitectura","description":"Arquitectos en Valencia | Especializados en espacios a medida para empresas y particulares, dise\u00f1ados para tu bienestar","publisher":{"@id":"https:\/\/cu4arquitectura.com\/en\/#organization"},"potentialAction":[{"@type":"SearchAction","target":{"@type":"EntryPoint","urlTemplate":"https:\/\/cu4arquitectura.com\/en\/?s={search_term_string}"},"query-input":{"@type":"PropertyValueSpecification","valueRequired":true,"valueName":"search_term_string"}}],"inLanguage":"en-US"},{"@type":"Organization","@id":"https:\/\/cu4arquitectura.com\/en\/#organization","name":"CU4 Arquitectos en Valencia | Estudio de arquitectura","url":"https:\/\/cu4arquitectura.com\/en\/","logo":{"@type":"ImageObject","inLanguage":"en-US","@id":"https:\/\/cu4arquitectura.com\/en\/#\/schema\/logo\/image\/","url":"https:\/\/cu4arquitectura.com\/wp-content\/uploads\/2024\/01\/LOGO_CU4_original.svg","contentUrl":"https:\/\/cu4arquitectura.com\/wp-content\/uploads\/2024\/01\/LOGO_CU4_original.svg","width":841,"height":595,"caption":"CU4 Arquitectos en Valencia | Estudio de arquitectura"},"image":{"@id":"https:\/\/cu4arquitectura.com\/en\/#\/schema\/logo\/image\/"}},{"@type":"Person","@id":"https:\/\/cu4arquitectura.com\/en\/#\/schema\/person\/58ac72d4acb0eae359c5ced2c441783b","name":"Cu4 Arquitectura","image":{"@type":"ImageObject","inLanguage":"en-US","@id":"https:\/\/secure.gravatar.com\/avatar\/69c9d1889eb4b58e3df642c4e9c2f96615fb57f7b9b4856a50c4dbab35ff552d?s=96&d=mm&r=g","url":"https:\/\/secure.gravatar.com\/avatar\/69c9d1889eb4b58e3df642c4e9c2f96615fb57f7b9b4856a50c4dbab35ff552d?s=96&d=mm&r=g","contentUrl":"https:\/\/secure.gravatar.com\/avatar\/69c9d1889eb4b58e3df642c4e9c2f96615fb57f7b9b4856a50c4dbab35ff552d?s=96&d=mm&r=g","caption":"Cu4 Arquitectura"},"url":"https:\/\/cu4arquitectura.com\/en\/author\/noticias_cu4arquitectura\/"}]}},"_links":{"self":[{"href":"https:\/\/cu4arquitectura.com\/en\/wp-json\/wp\/v2\/posts\/8599","targetHints":{"allow":["GET"]}}],"collection":[{"href":"https:\/\/cu4arquitectura.com\/en\/wp-json\/wp\/v2\/posts"}],"about":[{"href":"https:\/\/cu4arquitectura.com\/en\/wp-json\/wp\/v2\/types\/post"}],"author":[{"embeddable":true,"href":"https:\/\/cu4arquitectura.com\/en\/wp-json\/wp\/v2\/users\/9"}],"replies":[{"embeddable":true,"href":"https:\/\/cu4arquitectura.com\/en\/wp-json\/wp\/v2\/comments?post=8599"}],"version-history":[{"count":2,"href":"https:\/\/cu4arquitectura.com\/en\/wp-json\/wp\/v2\/posts\/8599\/revisions"}],"predecessor-version":[{"id":8610,"href":"https:\/\/cu4arquitectura.com\/en\/wp-json\/wp\/v2\/posts\/8599\/revisions\/8610"}],"wp:featuredmedia":[{"embeddable":true,"href":"https:\/\/cu4arquitectura.com\/en\/wp-json\/wp\/v2\/media\/8600"}],"wp:attachment":[{"href":"https:\/\/cu4arquitectura.com\/en\/wp-json\/wp\/v2\/media?parent=8599"}],"wp:term":[{"taxonomy":"category","embeddable":true,"href":"https:\/\/cu4arquitectura.com\/en\/wp-json\/wp\/v2\/categories?post=8599"},{"taxonomy":"post_tag","embeddable":true,"href":"https:\/\/cu4arquitectura.com\/en\/wp-json\/wp\/v2\/tags?post=8599"}],"curies":[{"name":"wp","href":"https:\/\/api.w.org\/{rel}","templated":true}]}}