{"id":8595,"date":"2025-03-24T09:45:00","date_gmt":"2025-03-24T09:45:00","guid":{"rendered":"https:\/\/cu4arquitectura.com\/?p=8595"},"modified":"2025-11-10T12:32:12","modified_gmt":"2025-11-10T12:32:12","slug":"cu4-participa-en-el-podcast-de-jana-fernandez-para-hablar-de-los-hogares-slow","status":"publish","type":"post","link":"https:\/\/cu4arquitectura.com\/en\/2025\/03\/24\/cu4-participa-en-el-podcast-de-jana-fernandez-para-hablar-de-los-hogares-slow\/","title":{"rendered":"CU4 participa en el podcast de Jana Fern\u00e1ndez para hablar de los hogares slow"},"content":{"rendered":"\n<figure class=\"wp-block-image size-full\"><img loading=\"lazy\" decoding=\"async\" width=\"723\" height=\"370\" src=\"https:\/\/cu4arquitectura.com\/wp-content\/uploads\/2025\/03\/portadapodcast.png\" alt=\"\" class=\"wp-image-8639\" srcset=\"https:\/\/cu4arquitectura.com\/wp-content\/uploads\/2025\/03\/portadapodcast.png 723w, https:\/\/cu4arquitectura.com\/wp-content\/uploads\/2025\/03\/portadapodcast-300x154.png 300w\" sizes=\"auto, (max-width: 723px) 100vw, 723px\" \/><\/figure>\n\n\n\n<p class=\"wp-block-paragraph\">A veces olvidamos que nuestra casa tambi\u00e9n influye en c\u00f3mo respiramos, dormimos o pensamos. Pasamos la mayor parte del tiempo en interiores, y sin embargo, rara vez nos detenemos a analizar c\u00f3mo esos espacios afectan a nuestra salud y estado de \u00e1nimo.<\/p>\n\n\n\n<p class=\"wp-block-paragraph\">De todo ello habl\u00f3 nuestra cofundadora <strong>Anna Ferrer<\/strong> en el <em>Podcast de Jana Fern\u00e1ndez<\/em>, un espacio de referencia en bienestar y descanso, donde comparti\u00f3 c\u00f3mo la arquitectura puede ayudarnos a habitar con m\u00e1s equilibrio y consciencia.<\/p>\n\n\n\n<h3 class=\"wp-block-heading\">Espacios que cuidan<\/h3>\n\n\n\n<p class=\"wp-block-paragraph\">En su conversaci\u00f3n con <strong>Jana Fern\u00e1ndez<\/strong>, Anna explicaba que la arquitectura tiene un papel directo en la salud. No se trata solo de construir, sino de <strong>crear espacios que nos cuiden<\/strong>. Un hogar <em>slow<\/em> empieza con decisiones tan b\u00e1sicas, y tan importantes, como la elecci\u00f3n de materiales o la calidad del aire que respiramos.<\/p>\n\n\n\n<p class=\"wp-block-paragraph\">Seg\u00fan la <strong>Organizaci\u00f3n Mundial de la Salud<\/strong>, la contaminaci\u00f3n del aire interior causa millones de muertes prematuras cada a\u00f1o. Muchos productos cotidianos liberan <strong>compuestos org\u00e1nicos vol\u00e1tiles (COV)<\/strong> que afectan a la salud sin que lo notemos.<\/p>\n\n\n\n<p class=\"wp-block-paragraph\">En CU4 apostamos por incluir materiales naturales y sostenibles en nuestros proyectos, precisamente para reducir esa exposici\u00f3n y garantizar entornos m\u00e1s saludables.<\/p>\n\n\n\n<p class=\"wp-block-paragraph\">Por su parte, la <strong>luz natural y la ventilaci\u00f3n<\/strong> tambi\u00e9n son esenciales. No solo aportan confort, tambi\u00e9n influyen en el estado de \u00e1nimo, el sue\u00f1o y la energ\u00eda diaria. Dise\u00f1ar con luz, orientando bien las estancias y permitiendo la ventilaci\u00f3n cruzada, es una de las formas m\u00e1s sencillas y eficaces de mejorar el bienestar.<\/p>\n\n\n\n<h3 class=\"wp-block-heading\">Dormir bien tambi\u00e9n se dise\u00f1a<\/h3>\n\n\n\n<p class=\"wp-block-paragraph\">Anna subrayaba adem\u00e1s la importancia del <strong>dormitorio<\/strong> como espacio de salud. Si pasamos un tercio de nuestra vida durmiendo, merece la pena cuidar cada detalle, desde la elecci\u00f3n de los tejidos hasta la ubicaci\u00f3n de la cama o la ausencia de elementos que interfieran con el descanso. Un buen dise\u00f1o puede <strong>favorecer un sue\u00f1o m\u00e1s profundo y reparador<\/strong>.<\/p>\n\n\n\n<p class=\"wp-block-paragraph\">Vivir de forma <em>slow<\/em> no es una tendencia, es una actitud que debemos mantener si queremos ganar en bienestar.<\/p>\n\n\n\n<p class=\"wp-block-paragraph\">Para lograrlo, hemos de entender la casa como un organismo vivo que influye en nuestro cuerpo y en nuestra mente. En CU4 defendemos esa arquitectura que <strong>equilibra funcionalidad, belleza y salud<\/strong>, porque creemos que el bienestar empieza por el lugar donde habitamos.<\/p>\n\n\n\n<p class=\"wp-block-paragraph\"><a href=\"https:\/\/open.spotify.com\/episode\/5RcUtNy1bFY9NSPLoRVEyY?si=xVpfhlvcTcm5BLZlWHhurA\">Puedes escuchar el episodio completo \u201cC\u00f3mo crear un hogar <em>slow<\/em>\u201d en el <em>Podcast de Jana Fern\u00e1ndez<\/em>, disponible en las principales plataformas.<\/a><\/p>\n\n\n\n<p class=\"wp-block-paragraph\"><\/p>\n","protected":false},"excerpt":{"rendered":"<p>A veces olvidamos que nuestra casa tambi\u00e9n influye en c\u00f3mo respiramos, dormimos o pensamos. Pasamos la mayor parte del tiempo en interiores, y sin embargo, rara vez nos detenemos a analizar c\u00f3mo esos espacios afectan a nuestra salud y estado de \u00e1nimo. De todo ello habl\u00f3 nuestra cofundadora Anna Ferrer en el Podcast de Jana [&hellip;]<\/p>\n","protected":false},"author":9,"featured_media":8639,"comment_status":"open","ping_status":"open","sticky":false,"template":"","format":"standard","meta":{"_acf_changed":false,"footnotes":""},"categories":[6],"tags":[],"class_list":["post-8595","post","type-post","status-publish","format-standard","has-post-thumbnail","hentry","category-cu4"],"acf":[],"yoast_head":"<!-- This site is optimized with the Yoast SEO plugin v27.7 - https:\/\/yoast.com\/product\/yoast-seo-wordpress\/ -->\n<title>CU4 participa en el podcast de Jana Fern\u00e1ndez para hablar de los hogares slow - CU4 Arquitectos en Valencia | Estudio de arquitectura<\/title>\n<meta name=\"robots\" content=\"index, follow, max-snippet:-1, max-image-preview:large, max-video-preview:-1\" \/>\n<link rel=\"canonical\" href=\"https:\/\/cu4arquitectura.com\/en\/2025\/03\/24\/cu4-participa-en-el-podcast-de-jana-fernandez-para-hablar-de-los-hogares-slow\/\" \/>\n<meta property=\"og:locale\" content=\"en_US\" \/>\n<meta property=\"og:type\" content=\"article\" \/>\n<meta property=\"og:title\" content=\"CU4 participa en el podcast de Jana Fern\u00e1ndez para hablar de los hogares slow - CU4 Arquitectos en Valencia | Estudio de arquitectura\" \/>\n<meta property=\"og:description\" content=\"A veces olvidamos que nuestra casa tambi\u00e9n influye en c\u00f3mo respiramos, dormimos o pensamos. Pasamos la mayor parte del tiempo en interiores, y sin embargo, rara vez nos detenemos a analizar c\u00f3mo esos espacios afectan a nuestra salud y estado de \u00e1nimo. De todo ello habl\u00f3 nuestra cofundadora Anna Ferrer en el Podcast de Jana [&hellip;]\" \/>\n<meta property=\"og:url\" content=\"https:\/\/cu4arquitectura.com\/en\/2025\/03\/24\/cu4-participa-en-el-podcast-de-jana-fernandez-para-hablar-de-los-hogares-slow\/\" \/>\n<meta property=\"og:site_name\" content=\"CU4 Arquitectos en Valencia | Estudio de arquitectura\" \/>\n<meta property=\"article:published_time\" content=\"2025-03-24T09:45:00+00:00\" \/>\n<meta property=\"article:modified_time\" content=\"2025-11-10T12:32:12+00:00\" \/>\n<meta property=\"og:image\" content=\"https:\/\/cu4arquitectura.com\/wp-content\/uploads\/2025\/03\/portadapodcast.png\" \/>\n\t<meta property=\"og:image:width\" content=\"723\" \/>\n\t<meta property=\"og:image:height\" content=\"370\" \/>\n\t<meta property=\"og:image:type\" content=\"image\/png\" \/>\n<meta name=\"author\" content=\"Cu4 Arquitectura\" \/>\n<meta name=\"twitter:card\" content=\"summary_large_image\" \/>\n<meta name=\"twitter:label1\" content=\"Written by\" \/>\n\t<meta name=\"twitter:data1\" content=\"Cu4 Arquitectura\" \/>\n\t<meta name=\"twitter:label2\" content=\"Est. reading time\" \/>\n\t<meta name=\"twitter:data2\" content=\"3 minutes\" \/>\n<script type=\"application\/ld+json\" class=\"yoast-schema-graph\">{\"@context\":\"https:\\\/\\\/schema.org\",\"@graph\":[{\"@type\":\"Article\",\"@id\":\"https:\\\/\\\/cu4arquitectura.com\\\/en\\\/2025\\\/03\\\/24\\\/cu4-participa-en-el-podcast-de-jana-fernandez-para-hablar-de-los-hogares-slow\\\/#article\",\"isPartOf\":{\"@id\":\"https:\\\/\\\/cu4arquitectura.com\\\/en\\\/2025\\\/03\\\/24\\\/cu4-participa-en-el-podcast-de-jana-fernandez-para-hablar-de-los-hogares-slow\\\/\"},\"author\":{\"name\":\"Cu4 Arquitectura\",\"@id\":\"https:\\\/\\\/cu4arquitectura.com\\\/en\\\/#\\\/schema\\\/person\\\/58ac72d4acb0eae359c5ced2c441783b\"},\"headline\":\"CU4 participa en el podcast de Jana Fern\u00e1ndez para hablar de los hogares slow\",\"datePublished\":\"2025-03-24T09:45:00+00:00\",\"dateModified\":\"2025-11-10T12:32:12+00:00\",\"mainEntityOfPage\":{\"@id\":\"https:\\\/\\\/cu4arquitectura.com\\\/en\\\/2025\\\/03\\\/24\\\/cu4-participa-en-el-podcast-de-jana-fernandez-para-hablar-de-los-hogares-slow\\\/\"},\"wordCount\":443,\"commentCount\":0,\"publisher\":{\"@id\":\"https:\\\/\\\/cu4arquitectura.com\\\/en\\\/#organization\"},\"image\":{\"@id\":\"https:\\\/\\\/cu4arquitectura.com\\\/en\\\/2025\\\/03\\\/24\\\/cu4-participa-en-el-podcast-de-jana-fernandez-para-hablar-de-los-hogares-slow\\\/#primaryimage\"},\"thumbnailUrl\":\"https:\\\/\\\/cu4arquitectura.com\\\/wp-content\\\/uploads\\\/2025\\\/03\\\/portadapodcast.png\",\"articleSection\":[\"CU4 Arquitectura\"],\"inLanguage\":\"en-US\",\"potentialAction\":[{\"@type\":\"CommentAction\",\"name\":\"Comment\",\"target\":[\"https:\\\/\\\/cu4arquitectura.com\\\/en\\\/2025\\\/03\\\/24\\\/cu4-participa-en-el-podcast-de-jana-fernandez-para-hablar-de-los-hogares-slow\\\/#respond\"]}]},{\"@type\":\"WebPage\",\"@id\":\"https:\\\/\\\/cu4arquitectura.com\\\/en\\\/2025\\\/03\\\/24\\\/cu4-participa-en-el-podcast-de-jana-fernandez-para-hablar-de-los-hogares-slow\\\/\",\"url\":\"https:\\\/\\\/cu4arquitectura.com\\\/en\\\/2025\\\/03\\\/24\\\/cu4-participa-en-el-podcast-de-jana-fernandez-para-hablar-de-los-hogares-slow\\\/\",\"name\":\"CU4 participa en el podcast de Jana Fern\u00e1ndez para hablar de los hogares slow - CU4 Arquitectos en Valencia | Estudio de arquitectura\",\"isPartOf\":{\"@id\":\"https:\\\/\\\/cu4arquitectura.com\\\/en\\\/#website\"},\"primaryImageOfPage\":{\"@id\":\"https:\\\/\\\/cu4arquitectura.com\\\/en\\\/2025\\\/03\\\/24\\\/cu4-participa-en-el-podcast-de-jana-fernandez-para-hablar-de-los-hogares-slow\\\/#primaryimage\"},\"image\":{\"@id\":\"https:\\\/\\\/cu4arquitectura.com\\\/en\\\/2025\\\/03\\\/24\\\/cu4-participa-en-el-podcast-de-jana-fernandez-para-hablar-de-los-hogares-slow\\\/#primaryimage\"},\"thumbnailUrl\":\"https:\\\/\\\/cu4arquitectura.com\\\/wp-content\\\/uploads\\\/2025\\\/03\\\/portadapodcast.png\",\"datePublished\":\"2025-03-24T09:45:00+00:00\",\"dateModified\":\"2025-11-10T12:32:12+00:00\",\"breadcrumb\":{\"@id\":\"https:\\\/\\\/cu4arquitectura.com\\\/en\\\/2025\\\/03\\\/24\\\/cu4-participa-en-el-podcast-de-jana-fernandez-para-hablar-de-los-hogares-slow\\\/#breadcrumb\"},\"inLanguage\":\"en-US\",\"potentialAction\":[{\"@type\":\"ReadAction\",\"target\":[\"https:\\\/\\\/cu4arquitectura.com\\\/en\\\/2025\\\/03\\\/24\\\/cu4-participa-en-el-podcast-de-jana-fernandez-para-hablar-de-los-hogares-slow\\\/\"]}]},{\"@type\":\"ImageObject\",\"inLanguage\":\"en-US\",\"@id\":\"https:\\\/\\\/cu4arquitectura.com\\\/en\\\/2025\\\/03\\\/24\\\/cu4-participa-en-el-podcast-de-jana-fernandez-para-hablar-de-los-hogares-slow\\\/#primaryimage\",\"url\":\"https:\\\/\\\/cu4arquitectura.com\\\/wp-content\\\/uploads\\\/2025\\\/03\\\/portadapodcast.png\",\"contentUrl\":\"https:\\\/\\\/cu4arquitectura.com\\\/wp-content\\\/uploads\\\/2025\\\/03\\\/portadapodcast.png\",\"width\":723,\"height\":370},{\"@type\":\"BreadcrumbList\",\"@id\":\"https:\\\/\\\/cu4arquitectura.com\\\/en\\\/2025\\\/03\\\/24\\\/cu4-participa-en-el-podcast-de-jana-fernandez-para-hablar-de-los-hogares-slow\\\/#breadcrumb\",\"itemListElement\":[{\"@type\":\"ListItem\",\"position\":1,\"name\":\"Portada\",\"item\":\"https:\\\/\\\/cu4arquitectura.com\\\/en\\\/\"},{\"@type\":\"ListItem\",\"position\":2,\"name\":\"CU4 participa en el podcast de Jana Fern\u00e1ndez para hablar de los hogares slow\"}]},{\"@type\":\"WebSite\",\"@id\":\"https:\\\/\\\/cu4arquitectura.com\\\/en\\\/#website\",\"url\":\"https:\\\/\\\/cu4arquitectura.com\\\/en\\\/\",\"name\":\"CU4 Arquitectos en Valencia | Estudio de arquitectura\",\"description\":\"Arquitectos en Valencia | Especializados en espacios a medida para empresas y particulares, dise\u00f1ados para tu bienestar\",\"publisher\":{\"@id\":\"https:\\\/\\\/cu4arquitectura.com\\\/en\\\/#organization\"},\"potentialAction\":[{\"@type\":\"SearchAction\",\"target\":{\"@type\":\"EntryPoint\",\"urlTemplate\":\"https:\\\/\\\/cu4arquitectura.com\\\/en\\\/?s={search_term_string}\"},\"query-input\":{\"@type\":\"PropertyValueSpecification\",\"valueRequired\":true,\"valueName\":\"search_term_string\"}}],\"inLanguage\":\"en-US\"},{\"@type\":\"Organization\",\"@id\":\"https:\\\/\\\/cu4arquitectura.com\\\/en\\\/#organization\",\"name\":\"CU4 Arquitectos en Valencia | Estudio de arquitectura\",\"url\":\"https:\\\/\\\/cu4arquitectura.com\\\/en\\\/\",\"logo\":{\"@type\":\"ImageObject\",\"inLanguage\":\"en-US\",\"@id\":\"https:\\\/\\\/cu4arquitectura.com\\\/en\\\/#\\\/schema\\\/logo\\\/image\\\/\",\"url\":\"https:\\\/\\\/cu4arquitectura.com\\\/wp-content\\\/uploads\\\/2024\\\/01\\\/LOGO_CU4_original.svg\",\"contentUrl\":\"https:\\\/\\\/cu4arquitectura.com\\\/wp-content\\\/uploads\\\/2024\\\/01\\\/LOGO_CU4_original.svg\",\"width\":841,\"height\":595,\"caption\":\"CU4 Arquitectos en Valencia | Estudio de arquitectura\"},\"image\":{\"@id\":\"https:\\\/\\\/cu4arquitectura.com\\\/en\\\/#\\\/schema\\\/logo\\\/image\\\/\"}},{\"@type\":\"Person\",\"@id\":\"https:\\\/\\\/cu4arquitectura.com\\\/en\\\/#\\\/schema\\\/person\\\/58ac72d4acb0eae359c5ced2c441783b\",\"name\":\"Cu4 Arquitectura\",\"image\":{\"@type\":\"ImageObject\",\"inLanguage\":\"en-US\",\"@id\":\"https:\\\/\\\/secure.gravatar.com\\\/avatar\\\/69c9d1889eb4b58e3df642c4e9c2f96615fb57f7b9b4856a50c4dbab35ff552d?s=96&d=mm&r=g\",\"url\":\"https:\\\/\\\/secure.gravatar.com\\\/avatar\\\/69c9d1889eb4b58e3df642c4e9c2f96615fb57f7b9b4856a50c4dbab35ff552d?s=96&d=mm&r=g\",\"contentUrl\":\"https:\\\/\\\/secure.gravatar.com\\\/avatar\\\/69c9d1889eb4b58e3df642c4e9c2f96615fb57f7b9b4856a50c4dbab35ff552d?s=96&d=mm&r=g\",\"caption\":\"Cu4 Arquitectura\"},\"url\":\"https:\\\/\\\/cu4arquitectura.com\\\/en\\\/author\\\/noticias_cu4arquitectura\\\/\"}]}<\/script>\n<!-- \/ Yoast SEO plugin. -->","yoast_head_json":{"title":"CU4 participa en el podcast de Jana Fern\u00e1ndez para hablar de los hogares slow - CU4 Arquitectos en Valencia | Estudio de arquitectura","robots":{"index":"index","follow":"follow","max-snippet":"max-snippet:-1","max-image-preview":"max-image-preview:large","max-video-preview":"max-video-preview:-1"},"canonical":"https:\/\/cu4arquitectura.com\/en\/2025\/03\/24\/cu4-participa-en-el-podcast-de-jana-fernandez-para-hablar-de-los-hogares-slow\/","og_locale":"en_US","og_type":"article","og_title":"CU4 participa en el podcast de Jana Fern\u00e1ndez para hablar de los hogares slow - CU4 Arquitectos en Valencia | Estudio de arquitectura","og_description":"A veces olvidamos que nuestra casa tambi\u00e9n influye en c\u00f3mo respiramos, dormimos o pensamos. Pasamos la mayor parte del tiempo en interiores, y sin embargo, rara vez nos detenemos a analizar c\u00f3mo esos espacios afectan a nuestra salud y estado de \u00e1nimo. De todo ello habl\u00f3 nuestra cofundadora Anna Ferrer en el Podcast de Jana [&hellip;]","og_url":"https:\/\/cu4arquitectura.com\/en\/2025\/03\/24\/cu4-participa-en-el-podcast-de-jana-fernandez-para-hablar-de-los-hogares-slow\/","og_site_name":"CU4 Arquitectos en Valencia | Estudio de arquitectura","article_published_time":"2025-03-24T09:45:00+00:00","article_modified_time":"2025-11-10T12:32:12+00:00","og_image":[{"width":723,"height":370,"url":"https:\/\/cu4arquitectura.com\/wp-content\/uploads\/2025\/03\/portadapodcast.png","type":"image\/png"}],"author":"Cu4 Arquitectura","twitter_card":"summary_large_image","twitter_misc":{"Written by":"Cu4 Arquitectura","Est. reading time":"3 minutes"},"schema":{"@context":"https:\/\/schema.org","@graph":[{"@type":"Article","@id":"https:\/\/cu4arquitectura.com\/en\/2025\/03\/24\/cu4-participa-en-el-podcast-de-jana-fernandez-para-hablar-de-los-hogares-slow\/#article","isPartOf":{"@id":"https:\/\/cu4arquitectura.com\/en\/2025\/03\/24\/cu4-participa-en-el-podcast-de-jana-fernandez-para-hablar-de-los-hogares-slow\/"},"author":{"name":"Cu4 Arquitectura","@id":"https:\/\/cu4arquitectura.com\/en\/#\/schema\/person\/58ac72d4acb0eae359c5ced2c441783b"},"headline":"CU4 participa en el podcast de Jana Fern\u00e1ndez para hablar de los hogares slow","datePublished":"2025-03-24T09:45:00+00:00","dateModified":"2025-11-10T12:32:12+00:00","mainEntityOfPage":{"@id":"https:\/\/cu4arquitectura.com\/en\/2025\/03\/24\/cu4-participa-en-el-podcast-de-jana-fernandez-para-hablar-de-los-hogares-slow\/"},"wordCount":443,"commentCount":0,"publisher":{"@id":"https:\/\/cu4arquitectura.com\/en\/#organization"},"image":{"@id":"https:\/\/cu4arquitectura.com\/en\/2025\/03\/24\/cu4-participa-en-el-podcast-de-jana-fernandez-para-hablar-de-los-hogares-slow\/#primaryimage"},"thumbnailUrl":"https:\/\/cu4arquitectura.com\/wp-content\/uploads\/2025\/03\/portadapodcast.png","articleSection":["CU4 Arquitectura"],"inLanguage":"en-US","potentialAction":[{"@type":"CommentAction","name":"Comment","target":["https:\/\/cu4arquitectura.com\/en\/2025\/03\/24\/cu4-participa-en-el-podcast-de-jana-fernandez-para-hablar-de-los-hogares-slow\/#respond"]}]},{"@type":"WebPage","@id":"https:\/\/cu4arquitectura.com\/en\/2025\/03\/24\/cu4-participa-en-el-podcast-de-jana-fernandez-para-hablar-de-los-hogares-slow\/","url":"https:\/\/cu4arquitectura.com\/en\/2025\/03\/24\/cu4-participa-en-el-podcast-de-jana-fernandez-para-hablar-de-los-hogares-slow\/","name":"CU4 participa en el podcast de Jana Fern\u00e1ndez para hablar de los hogares slow - CU4 Arquitectos en Valencia | Estudio de arquitectura","isPartOf":{"@id":"https:\/\/cu4arquitectura.com\/en\/#website"},"primaryImageOfPage":{"@id":"https:\/\/cu4arquitectura.com\/en\/2025\/03\/24\/cu4-participa-en-el-podcast-de-jana-fernandez-para-hablar-de-los-hogares-slow\/#primaryimage"},"image":{"@id":"https:\/\/cu4arquitectura.com\/en\/2025\/03\/24\/cu4-participa-en-el-podcast-de-jana-fernandez-para-hablar-de-los-hogares-slow\/#primaryimage"},"thumbnailUrl":"https:\/\/cu4arquitectura.com\/wp-content\/uploads\/2025\/03\/portadapodcast.png","datePublished":"2025-03-24T09:45:00+00:00","dateModified":"2025-11-10T12:32:12+00:00","breadcrumb":{"@id":"https:\/\/cu4arquitectura.com\/en\/2025\/03\/24\/cu4-participa-en-el-podcast-de-jana-fernandez-para-hablar-de-los-hogares-slow\/#breadcrumb"},"inLanguage":"en-US","potentialAction":[{"@type":"ReadAction","target":["https:\/\/cu4arquitectura.com\/en\/2025\/03\/24\/cu4-participa-en-el-podcast-de-jana-fernandez-para-hablar-de-los-hogares-slow\/"]}]},{"@type":"ImageObject","inLanguage":"en-US","@id":"https:\/\/cu4arquitectura.com\/en\/2025\/03\/24\/cu4-participa-en-el-podcast-de-jana-fernandez-para-hablar-de-los-hogares-slow\/#primaryimage","url":"https:\/\/cu4arquitectura.com\/wp-content\/uploads\/2025\/03\/portadapodcast.png","contentUrl":"https:\/\/cu4arquitectura.com\/wp-content\/uploads\/2025\/03\/portadapodcast.png","width":723,"height":370},{"@type":"BreadcrumbList","@id":"https:\/\/cu4arquitectura.com\/en\/2025\/03\/24\/cu4-participa-en-el-podcast-de-jana-fernandez-para-hablar-de-los-hogares-slow\/#breadcrumb","itemListElement":[{"@type":"ListItem","position":1,"name":"Portada","item":"https:\/\/cu4arquitectura.com\/en\/"},{"@type":"ListItem","position":2,"name":"CU4 participa en el podcast de Jana Fern\u00e1ndez para hablar de los hogares slow"}]},{"@type":"WebSite","@id":"https:\/\/cu4arquitectura.com\/en\/#website","url":"https:\/\/cu4arquitectura.com\/en\/","name":"CU4 Arquitectos en Valencia | Estudio de arquitectura","description":"Arquitectos en Valencia | Especializados en espacios a medida para empresas y particulares, dise\u00f1ados para tu bienestar","publisher":{"@id":"https:\/\/cu4arquitectura.com\/en\/#organization"},"potentialAction":[{"@type":"SearchAction","target":{"@type":"EntryPoint","urlTemplate":"https:\/\/cu4arquitectura.com\/en\/?s={search_term_string}"},"query-input":{"@type":"PropertyValueSpecification","valueRequired":true,"valueName":"search_term_string"}}],"inLanguage":"en-US"},{"@type":"Organization","@id":"https:\/\/cu4arquitectura.com\/en\/#organization","name":"CU4 Arquitectos en Valencia | Estudio de arquitectura","url":"https:\/\/cu4arquitectura.com\/en\/","logo":{"@type":"ImageObject","inLanguage":"en-US","@id":"https:\/\/cu4arquitectura.com\/en\/#\/schema\/logo\/image\/","url":"https:\/\/cu4arquitectura.com\/wp-content\/uploads\/2024\/01\/LOGO_CU4_original.svg","contentUrl":"https:\/\/cu4arquitectura.com\/wp-content\/uploads\/2024\/01\/LOGO_CU4_original.svg","width":841,"height":595,"caption":"CU4 Arquitectos en Valencia | Estudio de arquitectura"},"image":{"@id":"https:\/\/cu4arquitectura.com\/en\/#\/schema\/logo\/image\/"}},{"@type":"Person","@id":"https:\/\/cu4arquitectura.com\/en\/#\/schema\/person\/58ac72d4acb0eae359c5ced2c441783b","name":"Cu4 Arquitectura","image":{"@type":"ImageObject","inLanguage":"en-US","@id":"https:\/\/secure.gravatar.com\/avatar\/69c9d1889eb4b58e3df642c4e9c2f96615fb57f7b9b4856a50c4dbab35ff552d?s=96&d=mm&r=g","url":"https:\/\/secure.gravatar.com\/avatar\/69c9d1889eb4b58e3df642c4e9c2f96615fb57f7b9b4856a50c4dbab35ff552d?s=96&d=mm&r=g","contentUrl":"https:\/\/secure.gravatar.com\/avatar\/69c9d1889eb4b58e3df642c4e9c2f96615fb57f7b9b4856a50c4dbab35ff552d?s=96&d=mm&r=g","caption":"Cu4 Arquitectura"},"url":"https:\/\/cu4arquitectura.com\/en\/author\/noticias_cu4arquitectura\/"}]}},"_links":{"self":[{"href":"https:\/\/cu4arquitectura.com\/en\/wp-json\/wp\/v2\/posts\/8595","targetHints":{"allow":["GET"]}}],"collection":[{"href":"https:\/\/cu4arquitectura.com\/en\/wp-json\/wp\/v2\/posts"}],"about":[{"href":"https:\/\/cu4arquitectura.com\/en\/wp-json\/wp\/v2\/types\/post"}],"author":[{"embeddable":true,"href":"https:\/\/cu4arquitectura.com\/en\/wp-json\/wp\/v2\/users\/9"}],"replies":[{"embeddable":true,"href":"https:\/\/cu4arquitectura.com\/en\/wp-json\/wp\/v2\/comments?post=8595"}],"version-history":[{"count":2,"href":"https:\/\/cu4arquitectura.com\/en\/wp-json\/wp\/v2\/posts\/8595\/revisions"}],"predecessor-version":[{"id":8640,"href":"https:\/\/cu4arquitectura.com\/en\/wp-json\/wp\/v2\/posts\/8595\/revisions\/8640"}],"wp:featuredmedia":[{"embeddable":true,"href":"https:\/\/cu4arquitectura.com\/en\/wp-json\/wp\/v2\/media\/8639"}],"wp:attachment":[{"href":"https:\/\/cu4arquitectura.com\/en\/wp-json\/wp\/v2\/media?parent=8595"}],"wp:term":[{"taxonomy":"category","embeddable":true,"href":"https:\/\/cu4arquitectura.com\/en\/wp-json\/wp\/v2\/categories?post=8595"},{"taxonomy":"post_tag","embeddable":true,"href":"https:\/\/cu4arquitectura.com\/en\/wp-json\/wp\/v2\/tags?post=8595"}],"curies":[{"name":"wp","href":"https:\/\/api.w.org\/{rel}","templated":true}]}}