{"id":8580,"date":"2025-09-08T08:02:25","date_gmt":"2025-09-08T08:02:25","guid":{"rendered":"https:\/\/cu4arquitectura.com\/?p=8580"},"modified":"2025-09-08T08:06:46","modified_gmt":"2025-09-08T08:06:46","slug":"cu4-comparte-en-chile-su-vision-transformadora-sobre-la-vivienda-del-futuro","status":"publish","type":"post","link":"https:\/\/cu4arquitectura.com\/en\/2025\/09\/08\/cu4-comparte-en-chile-su-vision-transformadora-sobre-la-vivienda-del-futuro\/","title":{"rendered":"CU4 comparte en Chile su visi\u00f3n transformadora sobre la vivienda del futuro"},"content":{"rendered":"\n<figure class=\"wp-block-image size-large\"><img loading=\"lazy\" decoding=\"async\" width=\"1024\" height=\"683\" src=\"https:\/\/cu4arquitectura.com\/wp-content\/uploads\/2025\/09\/653A7074-1024x683.jpg\" alt=\"\" class=\"wp-image-8582\" srcset=\"https:\/\/cu4arquitectura.com\/wp-content\/uploads\/2025\/09\/653A7074-1024x683.jpg 1024w, https:\/\/cu4arquitectura.com\/wp-content\/uploads\/2025\/09\/653A7074-300x200.jpg 300w, https:\/\/cu4arquitectura.com\/wp-content\/uploads\/2025\/09\/653A7074-768x512.jpg 768w, https:\/\/cu4arquitectura.com\/wp-content\/uploads\/2025\/09\/653A7074.jpg 1152w\" sizes=\"auto, (max-width: 1024px) 100vw, 1024px\" \/><\/figure>\n\n\n\n<p class=\"wp-block-paragraph\">El pasado 15 de abril, en el Auditorio de la C\u00e1mara Chilena de la Construcci\u00f3n, en la capital del pa\u00eds sudamericano, tuvo lugar el congreso <strong>\u201cIndustrializaci\u00f3n, tecnolog\u00eda y neurociencia: desarrollando espacios m\u00e1s eficientes\u201d<\/strong>, organizado por <strong>MI Comunidad Mujeres Inmobiliarias<\/strong>.<\/p>\n\n\n\n<p class=\"wp-block-paragraph\">Entre las voces invitadas destac\u00f3 la de <strong>Anna Ferrer<\/strong>, arquitecta y experta internacional en dise\u00f1o basado en evidencia cient\u00edfica, quien ofreci\u00f3 una ponencia que no dej\u00f3 indiferente a los asistentes.<\/p>\n\n\n\n<p class=\"wp-block-paragraph\">Bajo el t\u00edtulo <em>\u201cEficiencia y bienestar: el nuevo paradigma en la creaci\u00f3n de espacios\u201d<\/em>, Ferrer plante\u00f3 un cambio de mirada sobre el futuro de la vivienda. Su mensaje fue claro: <em>\u201cNo se trata s\u00f3lo de cu\u00e1ntas viviendas construimos, sino de c\u00f3mo esas viviendas impactan en la vida, la salud y el \u00e1nimo de las personas que las habitan.\u201d<\/em><\/p>\n\n\n\n<h3 class=\"wp-block-heading\">Eficiencia y bienestar, un mismo camino<\/h3>\n\n\n\n<p class=\"wp-block-paragraph\">En su intervenci\u00f3n, Ferrer defendi\u00f3 que los procesos de industrializaci\u00f3n no deben verse como un obst\u00e1culo, sino como <strong>una oportunidad para lograr viviendas m\u00e1s saludables, sostenibles y humanas<\/strong>. Siempre, eso s\u00ed, que se dise\u00f1en desde la perspectiva del usuario y apoy\u00e1ndose en la evidencia cient\u00edfica para obtener resultados reales.<\/p>\n\n\n\n<p class=\"wp-block-paragraph\">Tal y como se\u00f1al\u00f3: <em>\u201cLa industrializaci\u00f3n no es el problema. El problema es industrializar sin pensar en las personas que utilizar\u00e1n los espacios. Pero si pensamos bien \u2014y una sola vez\u2014, podemos industrializar con prop\u00f3sito, con precisi\u00f3n, con impacto.\u201d<\/em><\/p>\n\n\n\n<p class=\"wp-block-paragraph\">Una idea que conecta de lleno con la filosof\u00eda de <strong>CU4 Arquitectura<\/strong>, donde entendemos que la eficiencia y el bienestar no est\u00e1n re\u00f1idos. Muy al contrario, deben ir de la mano desde el inicio de cualquier proyecto arquitect\u00f3nico.<\/p>\n\n\n\n<h3 class=\"wp-block-heading\">Un congreso de alto nivel<\/h3>\n\n\n\n<p class=\"wp-block-paragraph\">El encuentro reuni\u00f3 a destacadas personalidades del sector. Junto a Anna Ferrer participaron ponentes como <strong>Gabriela Elgueta<\/strong>, Subsecretaria de Vivienda del Gobierno de Chile; <strong>Agust\u00edn Amoretti<\/strong>, Gerente General de Tesla en Chile; y <strong>Carmen Gloria (Cg) C\u00e1rcamo Losada<\/strong>, fundadora de HumanIA.<\/p>\n\n\n\n<p class=\"wp-block-paragraph\">El valor del congreso estuvo no solo en las ideas compartidas, sino tambi\u00e9n en la diversidad de miradas sobre un mismo reto: c\u00f3mo hacer frente a las demandas del presente y del futuro en la construcci\u00f3n de espacios m\u00e1s eficientes.<\/p>\n\n\n\n<figure class=\"wp-block-image size-large\"><img loading=\"lazy\" decoding=\"async\" width=\"1024\" height=\"683\" src=\"https:\/\/cu4arquitectura.com\/wp-content\/uploads\/2025\/09\/653A7506-1024x683.jpg\" alt=\"\" class=\"wp-image-8590\" srcset=\"https:\/\/cu4arquitectura.com\/wp-content\/uploads\/2025\/09\/653A7506-1024x683.jpg 1024w, https:\/\/cu4arquitectura.com\/wp-content\/uploads\/2025\/09\/653A7506-300x200.jpg 300w, https:\/\/cu4arquitectura.com\/wp-content\/uploads\/2025\/09\/653A7506-768x512.jpg 768w, https:\/\/cu4arquitectura.com\/wp-content\/uploads\/2025\/09\/653A7506.jpg 1152w\" sizes=\"auto, (max-width: 1024px) 100vw, 1024px\" \/><\/figure>\n\n\n\n<h3 class=\"wp-block-heading\">Un agradecimiento necesario<\/h3>\n\n\n\n<p class=\"wp-block-paragraph\">Desde nuestro estudio de arquitectura queremos reconocer la labor de <strong>MI Comunidad Mujeres Inmobiliarias<\/strong>, cuya visi\u00f3n y entrega hicieron posible el evento. En especial, a <strong>Isabel Palma Kucera, Macarena Saenz, Andrea D\u00edaz Vargas, Paola Castelli Tribes, Mar\u00eda Eliana Margozzini Cecchi, Jenniffer Astudillo Vald\u00e9s y Carolina Boetsch Hevia<\/strong>, por impulsar un espacio tan necesario para repensar el rumbo del sector inmobiliario y de la vivienda.<\/p>\n\n\n\n<h3 class=\"wp-block-heading\">El bienestar como principio<\/h3>\n\n\n\n<p class=\"wp-block-paragraph\">La participaci\u00f3n de <strong>Anna Ferrer<\/strong> en este congreso refuerza un mensaje que trasciende cualquier coyuntura t\u00e9cnica o econ\u00f3mica. La arquitectura no puede reducirse a n\u00fameros o metros cuadrados.<\/p>\n\n\n\n<p class=\"wp-block-paragraph\">Su verdadero valor reside en c\u00f3mo transforma la vida de quienes habitan los espacios, porque al final ese deber\u00eda ser el objetivo de la arquitectura. Si no vivimos c\u00f3modos en ellos, si no fomentan el bienestar, la salud f\u00edsica y la mental, no estaremos haciendo bien nuestro trabajo.<\/p>\n\n\n\n<figure class=\"wp-block-gallery has-nested-images columns-default is-cropped wp-block-gallery-1 is-layout-flex wp-block-gallery-is-layout-flex\">\n<figure class=\"wp-block-image size-large\"><img loading=\"lazy\" decoding=\"async\" width=\"512\" height=\"768\" data-id=\"8584\" src=\"https:\/\/cu4arquitectura.com\/wp-content\/uploads\/2025\/09\/653A7371.jpg\" alt=\"\" class=\"wp-image-8584\" srcset=\"https:\/\/cu4arquitectura.com\/wp-content\/uploads\/2025\/09\/653A7371.jpg 512w, https:\/\/cu4arquitectura.com\/wp-content\/uploads\/2025\/09\/653A7371-200x300.jpg 200w\" sizes=\"auto, (max-width: 512px) 100vw, 512px\" \/><\/figure>\n\n\n\n<figure class=\"wp-block-image size-large\"><img loading=\"lazy\" decoding=\"async\" width=\"1024\" height=\"683\" data-id=\"8585\" src=\"https:\/\/cu4arquitectura.com\/wp-content\/uploads\/2025\/09\/653A7433-1024x683.jpg\" alt=\"\" class=\"wp-image-8585\" srcset=\"https:\/\/cu4arquitectura.com\/wp-content\/uploads\/2025\/09\/653A7433-1024x683.jpg 1024w, https:\/\/cu4arquitectura.com\/wp-content\/uploads\/2025\/09\/653A7433-300x200.jpg 300w, https:\/\/cu4arquitectura.com\/wp-content\/uploads\/2025\/09\/653A7433-768x512.jpg 768w, https:\/\/cu4arquitectura.com\/wp-content\/uploads\/2025\/09\/653A7433.jpg 1152w\" sizes=\"auto, (max-width: 1024px) 100vw, 1024px\" \/><\/figure>\n\n\n\n<figure class=\"wp-block-image size-large\"><img loading=\"lazy\" decoding=\"async\" width=\"1024\" height=\"683\" data-id=\"8586\" src=\"https:\/\/cu4arquitectura.com\/wp-content\/uploads\/2025\/09\/653A6312-1024x683.jpg\" alt=\"\" class=\"wp-image-8586\" srcset=\"https:\/\/cu4arquitectura.com\/wp-content\/uploads\/2025\/09\/653A6312-1024x683.jpg 1024w, https:\/\/cu4arquitectura.com\/wp-content\/uploads\/2025\/09\/653A6312-300x200.jpg 300w, https:\/\/cu4arquitectura.com\/wp-content\/uploads\/2025\/09\/653A6312-768x512.jpg 768w, https:\/\/cu4arquitectura.com\/wp-content\/uploads\/2025\/09\/653A6312.jpg 1152w\" sizes=\"auto, (max-width: 1024px) 100vw, 1024px\" \/><\/figure>\n\n\n\n<figure class=\"wp-block-image size-large\"><img loading=\"lazy\" decoding=\"async\" width=\"1024\" height=\"683\" data-id=\"8587\" src=\"https:\/\/cu4arquitectura.com\/wp-content\/uploads\/2025\/09\/653A6330-1024x683.jpg\" alt=\"\" class=\"wp-image-8587\" srcset=\"https:\/\/cu4arquitectura.com\/wp-content\/uploads\/2025\/09\/653A6330-1024x683.jpg 1024w, https:\/\/cu4arquitectura.com\/wp-content\/uploads\/2025\/09\/653A6330-300x200.jpg 300w, https:\/\/cu4arquitectura.com\/wp-content\/uploads\/2025\/09\/653A6330-768x512.jpg 768w, https:\/\/cu4arquitectura.com\/wp-content\/uploads\/2025\/09\/653A6330.jpg 1152w\" sizes=\"auto, (max-width: 1024px) 100vw, 1024px\" \/><\/figure>\n\n\n\n<figure class=\"wp-block-image size-large\"><img loading=\"lazy\" decoding=\"async\" width=\"1024\" height=\"683\" data-id=\"8588\" src=\"https:\/\/cu4arquitectura.com\/wp-content\/uploads\/2025\/09\/653A7271-1024x683.jpg\" alt=\"\" class=\"wp-image-8588\" srcset=\"https:\/\/cu4arquitectura.com\/wp-content\/uploads\/2025\/09\/653A7271-1024x683.jpg 1024w, https:\/\/cu4arquitectura.com\/wp-content\/uploads\/2025\/09\/653A7271-300x200.jpg 300w, https:\/\/cu4arquitectura.com\/wp-content\/uploads\/2025\/09\/653A7271-768x512.jpg 768w, https:\/\/cu4arquitectura.com\/wp-content\/uploads\/2025\/09\/653A7271.jpg 1152w\" sizes=\"auto, (max-width: 1024px) 100vw, 1024px\" \/><\/figure>\n\n\n\n<figure class=\"wp-block-image size-large\"><img loading=\"lazy\" decoding=\"async\" width=\"1024\" height=\"683\" data-id=\"8589\" src=\"https:\/\/cu4arquitectura.com\/wp-content\/uploads\/2025\/09\/653A7345-1024x683.jpg\" alt=\"\" class=\"wp-image-8589\" srcset=\"https:\/\/cu4arquitectura.com\/wp-content\/uploads\/2025\/09\/653A7345-1024x683.jpg 1024w, https:\/\/cu4arquitectura.com\/wp-content\/uploads\/2025\/09\/653A7345-300x200.jpg 300w, https:\/\/cu4arquitectura.com\/wp-content\/uploads\/2025\/09\/653A7345-768x512.jpg 768w, https:\/\/cu4arquitectura.com\/wp-content\/uploads\/2025\/09\/653A7345.jpg 1152w\" sizes=\"auto, (max-width: 1024px) 100vw, 1024px\" \/><\/figure>\n<\/figure>\n","protected":false},"excerpt":{"rendered":"<p>El pasado 15 de abril, en el Auditorio de la C\u00e1mara Chilena de la Construcci\u00f3n, en la capital del pa\u00eds sudamericano, tuvo lugar el congreso \u201cIndustrializaci\u00f3n, tecnolog\u00eda y neurociencia: desarrollando espacios m\u00e1s eficientes\u201d, organizado por MI Comunidad Mujeres Inmobiliarias. Entre las voces invitadas destac\u00f3 la de Anna Ferrer, arquitecta y experta internacional en dise\u00f1o basado [&hellip;]<\/p>\n","protected":false},"author":9,"featured_media":8582,"comment_status":"open","ping_status":"open","sticky":false,"template":"","format":"standard","meta":{"_acf_changed":false,"footnotes":""},"categories":[6],"tags":[],"class_list":["post-8580","post","type-post","status-publish","format-standard","has-post-thumbnail","hentry","category-cu4"],"acf":[],"yoast_head":"<!-- This site is optimized with the Yoast SEO plugin v27.7 - https:\/\/yoast.com\/product\/yoast-seo-wordpress\/ -->\n<title>CU4 comparte en Chile su visi\u00f3n transformadora sobre la vivienda del futuro - CU4 Arquitectos en Valencia | Estudio de arquitectura<\/title>\n<meta name=\"robots\" content=\"index, follow, max-snippet:-1, max-image-preview:large, max-video-preview:-1\" \/>\n<link rel=\"canonical\" href=\"https:\/\/cu4arquitectura.com\/en\/2025\/09\/08\/cu4-comparte-en-chile-su-vision-transformadora-sobre-la-vivienda-del-futuro\/\" \/>\n<meta property=\"og:locale\" content=\"en_US\" \/>\n<meta property=\"og:type\" content=\"article\" \/>\n<meta property=\"og:title\" content=\"CU4 comparte en Chile su visi\u00f3n transformadora sobre la vivienda del futuro - CU4 Arquitectos en Valencia | Estudio de arquitectura\" \/>\n<meta property=\"og:description\" content=\"El pasado 15 de abril, en el Auditorio de la C\u00e1mara Chilena de la Construcci\u00f3n, en la capital del pa\u00eds sudamericano, tuvo lugar el congreso \u201cIndustrializaci\u00f3n, tecnolog\u00eda y neurociencia: desarrollando espacios m\u00e1s eficientes\u201d, organizado por MI Comunidad Mujeres Inmobiliarias. Entre las voces invitadas destac\u00f3 la de Anna Ferrer, arquitecta y experta internacional en dise\u00f1o basado [&hellip;]\" \/>\n<meta property=\"og:url\" content=\"https:\/\/cu4arquitectura.com\/en\/2025\/09\/08\/cu4-comparte-en-chile-su-vision-transformadora-sobre-la-vivienda-del-futuro\/\" \/>\n<meta property=\"og:site_name\" content=\"CU4 Arquitectos en Valencia | Estudio de arquitectura\" \/>\n<meta property=\"article:published_time\" content=\"2025-09-08T08:02:25+00:00\" \/>\n<meta property=\"article:modified_time\" content=\"2025-09-08T08:06:46+00:00\" \/>\n<meta property=\"og:image\" content=\"https:\/\/cu4arquitectura.com\/wp-content\/uploads\/2025\/09\/653A7074.jpg\" \/>\n\t<meta property=\"og:image:width\" content=\"1152\" \/>\n\t<meta property=\"og:image:height\" content=\"768\" \/>\n\t<meta property=\"og:image:type\" content=\"image\/jpeg\" \/>\n<meta name=\"author\" content=\"Cu4 Arquitectura\" \/>\n<meta name=\"twitter:card\" content=\"summary_large_image\" \/>\n<meta name=\"twitter:label1\" content=\"Written by\" \/>\n\t<meta name=\"twitter:data1\" content=\"Cu4 Arquitectura\" \/>\n\t<meta name=\"twitter:label2\" content=\"Est. reading time\" \/>\n\t<meta name=\"twitter:data2\" content=\"5 minutes\" \/>\n<script type=\"application\/ld+json\" class=\"yoast-schema-graph\">{\"@context\":\"https:\\\/\\\/schema.org\",\"@graph\":[{\"@type\":\"Article\",\"@id\":\"https:\\\/\\\/cu4arquitectura.com\\\/en\\\/2025\\\/09\\\/08\\\/cu4-comparte-en-chile-su-vision-transformadora-sobre-la-vivienda-del-futuro\\\/#article\",\"isPartOf\":{\"@id\":\"https:\\\/\\\/cu4arquitectura.com\\\/en\\\/2025\\\/09\\\/08\\\/cu4-comparte-en-chile-su-vision-transformadora-sobre-la-vivienda-del-futuro\\\/\"},\"author\":{\"name\":\"Cu4 Arquitectura\",\"@id\":\"https:\\\/\\\/cu4arquitectura.com\\\/en\\\/#\\\/schema\\\/person\\\/58ac72d4acb0eae359c5ced2c441783b\"},\"headline\":\"CU4 comparte en Chile su visi\u00f3n transformadora sobre la vivienda del futuro\",\"datePublished\":\"2025-09-08T08:02:25+00:00\",\"dateModified\":\"2025-09-08T08:06:46+00:00\",\"mainEntityOfPage\":{\"@id\":\"https:\\\/\\\/cu4arquitectura.com\\\/en\\\/2025\\\/09\\\/08\\\/cu4-comparte-en-chile-su-vision-transformadora-sobre-la-vivienda-del-futuro\\\/\"},\"wordCount\":551,\"commentCount\":0,\"publisher\":{\"@id\":\"https:\\\/\\\/cu4arquitectura.com\\\/en\\\/#organization\"},\"image\":{\"@id\":\"https:\\\/\\\/cu4arquitectura.com\\\/en\\\/2025\\\/09\\\/08\\\/cu4-comparte-en-chile-su-vision-transformadora-sobre-la-vivienda-del-futuro\\\/#primaryimage\"},\"thumbnailUrl\":\"https:\\\/\\\/cu4arquitectura.com\\\/wp-content\\\/uploads\\\/2025\\\/09\\\/653A7074.jpg\",\"articleSection\":[\"CU4 Arquitectura\"],\"inLanguage\":\"en-US\",\"potentialAction\":[{\"@type\":\"CommentAction\",\"name\":\"Comment\",\"target\":[\"https:\\\/\\\/cu4arquitectura.com\\\/en\\\/2025\\\/09\\\/08\\\/cu4-comparte-en-chile-su-vision-transformadora-sobre-la-vivienda-del-futuro\\\/#respond\"]}]},{\"@type\":\"WebPage\",\"@id\":\"https:\\\/\\\/cu4arquitectura.com\\\/en\\\/2025\\\/09\\\/08\\\/cu4-comparte-en-chile-su-vision-transformadora-sobre-la-vivienda-del-futuro\\\/\",\"url\":\"https:\\\/\\\/cu4arquitectura.com\\\/en\\\/2025\\\/09\\\/08\\\/cu4-comparte-en-chile-su-vision-transformadora-sobre-la-vivienda-del-futuro\\\/\",\"name\":\"CU4 comparte en Chile su visi\u00f3n transformadora sobre la vivienda del futuro - CU4 Arquitectos en Valencia | Estudio de arquitectura\",\"isPartOf\":{\"@id\":\"https:\\\/\\\/cu4arquitectura.com\\\/en\\\/#website\"},\"primaryImageOfPage\":{\"@id\":\"https:\\\/\\\/cu4arquitectura.com\\\/en\\\/2025\\\/09\\\/08\\\/cu4-comparte-en-chile-su-vision-transformadora-sobre-la-vivienda-del-futuro\\\/#primaryimage\"},\"image\":{\"@id\":\"https:\\\/\\\/cu4arquitectura.com\\\/en\\\/2025\\\/09\\\/08\\\/cu4-comparte-en-chile-su-vision-transformadora-sobre-la-vivienda-del-futuro\\\/#primaryimage\"},\"thumbnailUrl\":\"https:\\\/\\\/cu4arquitectura.com\\\/wp-content\\\/uploads\\\/2025\\\/09\\\/653A7074.jpg\",\"datePublished\":\"2025-09-08T08:02:25+00:00\",\"dateModified\":\"2025-09-08T08:06:46+00:00\",\"breadcrumb\":{\"@id\":\"https:\\\/\\\/cu4arquitectura.com\\\/en\\\/2025\\\/09\\\/08\\\/cu4-comparte-en-chile-su-vision-transformadora-sobre-la-vivienda-del-futuro\\\/#breadcrumb\"},\"inLanguage\":\"en-US\",\"potentialAction\":[{\"@type\":\"ReadAction\",\"target\":[\"https:\\\/\\\/cu4arquitectura.com\\\/en\\\/2025\\\/09\\\/08\\\/cu4-comparte-en-chile-su-vision-transformadora-sobre-la-vivienda-del-futuro\\\/\"]}]},{\"@type\":\"ImageObject\",\"inLanguage\":\"en-US\",\"@id\":\"https:\\\/\\\/cu4arquitectura.com\\\/en\\\/2025\\\/09\\\/08\\\/cu4-comparte-en-chile-su-vision-transformadora-sobre-la-vivienda-del-futuro\\\/#primaryimage\",\"url\":\"https:\\\/\\\/cu4arquitectura.com\\\/wp-content\\\/uploads\\\/2025\\\/09\\\/653A7074.jpg\",\"contentUrl\":\"https:\\\/\\\/cu4arquitectura.com\\\/wp-content\\\/uploads\\\/2025\\\/09\\\/653A7074.jpg\",\"width\":1152,\"height\":768},{\"@type\":\"BreadcrumbList\",\"@id\":\"https:\\\/\\\/cu4arquitectura.com\\\/en\\\/2025\\\/09\\\/08\\\/cu4-comparte-en-chile-su-vision-transformadora-sobre-la-vivienda-del-futuro\\\/#breadcrumb\",\"itemListElement\":[{\"@type\":\"ListItem\",\"position\":1,\"name\":\"Portada\",\"item\":\"https:\\\/\\\/cu4arquitectura.com\\\/en\\\/\"},{\"@type\":\"ListItem\",\"position\":2,\"name\":\"CU4 comparte en Chile su visi\u00f3n transformadora sobre la vivienda del futuro\"}]},{\"@type\":\"WebSite\",\"@id\":\"https:\\\/\\\/cu4arquitectura.com\\\/en\\\/#website\",\"url\":\"https:\\\/\\\/cu4arquitectura.com\\\/en\\\/\",\"name\":\"CU4 Arquitectos en Valencia | Estudio de arquitectura\",\"description\":\"Arquitectos en Valencia | Especializados en espacios a medida para empresas y particulares, dise\u00f1ados para tu bienestar\",\"publisher\":{\"@id\":\"https:\\\/\\\/cu4arquitectura.com\\\/en\\\/#organization\"},\"potentialAction\":[{\"@type\":\"SearchAction\",\"target\":{\"@type\":\"EntryPoint\",\"urlTemplate\":\"https:\\\/\\\/cu4arquitectura.com\\\/en\\\/?s={search_term_string}\"},\"query-input\":{\"@type\":\"PropertyValueSpecification\",\"valueRequired\":true,\"valueName\":\"search_term_string\"}}],\"inLanguage\":\"en-US\"},{\"@type\":\"Organization\",\"@id\":\"https:\\\/\\\/cu4arquitectura.com\\\/en\\\/#organization\",\"name\":\"CU4 Arquitectos en Valencia | Estudio de arquitectura\",\"url\":\"https:\\\/\\\/cu4arquitectura.com\\\/en\\\/\",\"logo\":{\"@type\":\"ImageObject\",\"inLanguage\":\"en-US\",\"@id\":\"https:\\\/\\\/cu4arquitectura.com\\\/en\\\/#\\\/schema\\\/logo\\\/image\\\/\",\"url\":\"https:\\\/\\\/cu4arquitectura.com\\\/wp-content\\\/uploads\\\/2024\\\/01\\\/LOGO_CU4_original.svg\",\"contentUrl\":\"https:\\\/\\\/cu4arquitectura.com\\\/wp-content\\\/uploads\\\/2024\\\/01\\\/LOGO_CU4_original.svg\",\"width\":841,\"height\":595,\"caption\":\"CU4 Arquitectos en Valencia | Estudio de arquitectura\"},\"image\":{\"@id\":\"https:\\\/\\\/cu4arquitectura.com\\\/en\\\/#\\\/schema\\\/logo\\\/image\\\/\"}},{\"@type\":\"Person\",\"@id\":\"https:\\\/\\\/cu4arquitectura.com\\\/en\\\/#\\\/schema\\\/person\\\/58ac72d4acb0eae359c5ced2c441783b\",\"name\":\"Cu4 Arquitectura\",\"image\":{\"@type\":\"ImageObject\",\"inLanguage\":\"en-US\",\"@id\":\"https:\\\/\\\/secure.gravatar.com\\\/avatar\\\/69c9d1889eb4b58e3df642c4e9c2f96615fb57f7b9b4856a50c4dbab35ff552d?s=96&d=mm&r=g\",\"url\":\"https:\\\/\\\/secure.gravatar.com\\\/avatar\\\/69c9d1889eb4b58e3df642c4e9c2f96615fb57f7b9b4856a50c4dbab35ff552d?s=96&d=mm&r=g\",\"contentUrl\":\"https:\\\/\\\/secure.gravatar.com\\\/avatar\\\/69c9d1889eb4b58e3df642c4e9c2f96615fb57f7b9b4856a50c4dbab35ff552d?s=96&d=mm&r=g\",\"caption\":\"Cu4 Arquitectura\"},\"url\":\"https:\\\/\\\/cu4arquitectura.com\\\/en\\\/author\\\/noticias_cu4arquitectura\\\/\"}]}<\/script>\n<!-- \/ Yoast SEO plugin. -->","yoast_head_json":{"title":"CU4 comparte en Chile su visi\u00f3n transformadora sobre la vivienda del futuro - CU4 Arquitectos en Valencia | Estudio de arquitectura","robots":{"index":"index","follow":"follow","max-snippet":"max-snippet:-1","max-image-preview":"max-image-preview:large","max-video-preview":"max-video-preview:-1"},"canonical":"https:\/\/cu4arquitectura.com\/en\/2025\/09\/08\/cu4-comparte-en-chile-su-vision-transformadora-sobre-la-vivienda-del-futuro\/","og_locale":"en_US","og_type":"article","og_title":"CU4 comparte en Chile su visi\u00f3n transformadora sobre la vivienda del futuro - CU4 Arquitectos en Valencia | Estudio de arquitectura","og_description":"El pasado 15 de abril, en el Auditorio de la C\u00e1mara Chilena de la Construcci\u00f3n, en la capital del pa\u00eds sudamericano, tuvo lugar el congreso \u201cIndustrializaci\u00f3n, tecnolog\u00eda y neurociencia: desarrollando espacios m\u00e1s eficientes\u201d, organizado por MI Comunidad Mujeres Inmobiliarias. Entre las voces invitadas destac\u00f3 la de Anna Ferrer, arquitecta y experta internacional en dise\u00f1o basado [&hellip;]","og_url":"https:\/\/cu4arquitectura.com\/en\/2025\/09\/08\/cu4-comparte-en-chile-su-vision-transformadora-sobre-la-vivienda-del-futuro\/","og_site_name":"CU4 Arquitectos en Valencia | Estudio de arquitectura","article_published_time":"2025-09-08T08:02:25+00:00","article_modified_time":"2025-09-08T08:06:46+00:00","og_image":[{"width":1152,"height":768,"url":"https:\/\/cu4arquitectura.com\/wp-content\/uploads\/2025\/09\/653A7074.jpg","type":"image\/jpeg"}],"author":"Cu4 Arquitectura","twitter_card":"summary_large_image","twitter_misc":{"Written by":"Cu4 Arquitectura","Est. reading time":"5 minutes"},"schema":{"@context":"https:\/\/schema.org","@graph":[{"@type":"Article","@id":"https:\/\/cu4arquitectura.com\/en\/2025\/09\/08\/cu4-comparte-en-chile-su-vision-transformadora-sobre-la-vivienda-del-futuro\/#article","isPartOf":{"@id":"https:\/\/cu4arquitectura.com\/en\/2025\/09\/08\/cu4-comparte-en-chile-su-vision-transformadora-sobre-la-vivienda-del-futuro\/"},"author":{"name":"Cu4 Arquitectura","@id":"https:\/\/cu4arquitectura.com\/en\/#\/schema\/person\/58ac72d4acb0eae359c5ced2c441783b"},"headline":"CU4 comparte en Chile su visi\u00f3n transformadora sobre la vivienda del futuro","datePublished":"2025-09-08T08:02:25+00:00","dateModified":"2025-09-08T08:06:46+00:00","mainEntityOfPage":{"@id":"https:\/\/cu4arquitectura.com\/en\/2025\/09\/08\/cu4-comparte-en-chile-su-vision-transformadora-sobre-la-vivienda-del-futuro\/"},"wordCount":551,"commentCount":0,"publisher":{"@id":"https:\/\/cu4arquitectura.com\/en\/#organization"},"image":{"@id":"https:\/\/cu4arquitectura.com\/en\/2025\/09\/08\/cu4-comparte-en-chile-su-vision-transformadora-sobre-la-vivienda-del-futuro\/#primaryimage"},"thumbnailUrl":"https:\/\/cu4arquitectura.com\/wp-content\/uploads\/2025\/09\/653A7074.jpg","articleSection":["CU4 Arquitectura"],"inLanguage":"en-US","potentialAction":[{"@type":"CommentAction","name":"Comment","target":["https:\/\/cu4arquitectura.com\/en\/2025\/09\/08\/cu4-comparte-en-chile-su-vision-transformadora-sobre-la-vivienda-del-futuro\/#respond"]}]},{"@type":"WebPage","@id":"https:\/\/cu4arquitectura.com\/en\/2025\/09\/08\/cu4-comparte-en-chile-su-vision-transformadora-sobre-la-vivienda-del-futuro\/","url":"https:\/\/cu4arquitectura.com\/en\/2025\/09\/08\/cu4-comparte-en-chile-su-vision-transformadora-sobre-la-vivienda-del-futuro\/","name":"CU4 comparte en Chile su visi\u00f3n transformadora sobre la vivienda del futuro - CU4 Arquitectos en Valencia | Estudio de arquitectura","isPartOf":{"@id":"https:\/\/cu4arquitectura.com\/en\/#website"},"primaryImageOfPage":{"@id":"https:\/\/cu4arquitectura.com\/en\/2025\/09\/08\/cu4-comparte-en-chile-su-vision-transformadora-sobre-la-vivienda-del-futuro\/#primaryimage"},"image":{"@id":"https:\/\/cu4arquitectura.com\/en\/2025\/09\/08\/cu4-comparte-en-chile-su-vision-transformadora-sobre-la-vivienda-del-futuro\/#primaryimage"},"thumbnailUrl":"https:\/\/cu4arquitectura.com\/wp-content\/uploads\/2025\/09\/653A7074.jpg","datePublished":"2025-09-08T08:02:25+00:00","dateModified":"2025-09-08T08:06:46+00:00","breadcrumb":{"@id":"https:\/\/cu4arquitectura.com\/en\/2025\/09\/08\/cu4-comparte-en-chile-su-vision-transformadora-sobre-la-vivienda-del-futuro\/#breadcrumb"},"inLanguage":"en-US","potentialAction":[{"@type":"ReadAction","target":["https:\/\/cu4arquitectura.com\/en\/2025\/09\/08\/cu4-comparte-en-chile-su-vision-transformadora-sobre-la-vivienda-del-futuro\/"]}]},{"@type":"ImageObject","inLanguage":"en-US","@id":"https:\/\/cu4arquitectura.com\/en\/2025\/09\/08\/cu4-comparte-en-chile-su-vision-transformadora-sobre-la-vivienda-del-futuro\/#primaryimage","url":"https:\/\/cu4arquitectura.com\/wp-content\/uploads\/2025\/09\/653A7074.jpg","contentUrl":"https:\/\/cu4arquitectura.com\/wp-content\/uploads\/2025\/09\/653A7074.jpg","width":1152,"height":768},{"@type":"BreadcrumbList","@id":"https:\/\/cu4arquitectura.com\/en\/2025\/09\/08\/cu4-comparte-en-chile-su-vision-transformadora-sobre-la-vivienda-del-futuro\/#breadcrumb","itemListElement":[{"@type":"ListItem","position":1,"name":"Portada","item":"https:\/\/cu4arquitectura.com\/en\/"},{"@type":"ListItem","position":2,"name":"CU4 comparte en Chile su visi\u00f3n transformadora sobre la vivienda del futuro"}]},{"@type":"WebSite","@id":"https:\/\/cu4arquitectura.com\/en\/#website","url":"https:\/\/cu4arquitectura.com\/en\/","name":"CU4 Arquitectos en Valencia | Estudio de arquitectura","description":"Arquitectos en Valencia | Especializados en espacios a medida para empresas y particulares, dise\u00f1ados para tu bienestar","publisher":{"@id":"https:\/\/cu4arquitectura.com\/en\/#organization"},"potentialAction":[{"@type":"SearchAction","target":{"@type":"EntryPoint","urlTemplate":"https:\/\/cu4arquitectura.com\/en\/?s={search_term_string}"},"query-input":{"@type":"PropertyValueSpecification","valueRequired":true,"valueName":"search_term_string"}}],"inLanguage":"en-US"},{"@type":"Organization","@id":"https:\/\/cu4arquitectura.com\/en\/#organization","name":"CU4 Arquitectos en Valencia | Estudio de arquitectura","url":"https:\/\/cu4arquitectura.com\/en\/","logo":{"@type":"ImageObject","inLanguage":"en-US","@id":"https:\/\/cu4arquitectura.com\/en\/#\/schema\/logo\/image\/","url":"https:\/\/cu4arquitectura.com\/wp-content\/uploads\/2024\/01\/LOGO_CU4_original.svg","contentUrl":"https:\/\/cu4arquitectura.com\/wp-content\/uploads\/2024\/01\/LOGO_CU4_original.svg","width":841,"height":595,"caption":"CU4 Arquitectos en Valencia | Estudio de arquitectura"},"image":{"@id":"https:\/\/cu4arquitectura.com\/en\/#\/schema\/logo\/image\/"}},{"@type":"Person","@id":"https:\/\/cu4arquitectura.com\/en\/#\/schema\/person\/58ac72d4acb0eae359c5ced2c441783b","name":"Cu4 Arquitectura","image":{"@type":"ImageObject","inLanguage":"en-US","@id":"https:\/\/secure.gravatar.com\/avatar\/69c9d1889eb4b58e3df642c4e9c2f96615fb57f7b9b4856a50c4dbab35ff552d?s=96&d=mm&r=g","url":"https:\/\/secure.gravatar.com\/avatar\/69c9d1889eb4b58e3df642c4e9c2f96615fb57f7b9b4856a50c4dbab35ff552d?s=96&d=mm&r=g","contentUrl":"https:\/\/secure.gravatar.com\/avatar\/69c9d1889eb4b58e3df642c4e9c2f96615fb57f7b9b4856a50c4dbab35ff552d?s=96&d=mm&r=g","caption":"Cu4 Arquitectura"},"url":"https:\/\/cu4arquitectura.com\/en\/author\/noticias_cu4arquitectura\/"}]}},"_links":{"self":[{"href":"https:\/\/cu4arquitectura.com\/en\/wp-json\/wp\/v2\/posts\/8580","targetHints":{"allow":["GET"]}}],"collection":[{"href":"https:\/\/cu4arquitectura.com\/en\/wp-json\/wp\/v2\/posts"}],"about":[{"href":"https:\/\/cu4arquitectura.com\/en\/wp-json\/wp\/v2\/types\/post"}],"author":[{"embeddable":true,"href":"https:\/\/cu4arquitectura.com\/en\/wp-json\/wp\/v2\/users\/9"}],"replies":[{"embeddable":true,"href":"https:\/\/cu4arquitectura.com\/en\/wp-json\/wp\/v2\/comments?post=8580"}],"version-history":[{"count":2,"href":"https:\/\/cu4arquitectura.com\/en\/wp-json\/wp\/v2\/posts\/8580\/revisions"}],"predecessor-version":[{"id":8591,"href":"https:\/\/cu4arquitectura.com\/en\/wp-json\/wp\/v2\/posts\/8580\/revisions\/8591"}],"wp:featuredmedia":[{"embeddable":true,"href":"https:\/\/cu4arquitectura.com\/en\/wp-json\/wp\/v2\/media\/8582"}],"wp:attachment":[{"href":"https:\/\/cu4arquitectura.com\/en\/wp-json\/wp\/v2\/media?parent=8580"}],"wp:term":[{"taxonomy":"category","embeddable":true,"href":"https:\/\/cu4arquitectura.com\/en\/wp-json\/wp\/v2\/categories?post=8580"},{"taxonomy":"post_tag","embeddable":true,"href":"https:\/\/cu4arquitectura.com\/en\/wp-json\/wp\/v2\/tags?post=8580"}],"curies":[{"name":"wp","href":"https:\/\/api.w.org\/{rel}","templated":true}]}}