{"id":8568,"date":"2025-07-28T07:16:06","date_gmt":"2025-07-28T07:16:06","guid":{"rendered":"https:\/\/cu4arquitectura.com\/?p=8568"},"modified":"2025-07-28T07:21:36","modified_gmt":"2025-07-28T07:21:36","slug":"recomendaciones-para-adaptar-tu-vivienda-si-convives-con-encefalomielitis-mialgica","status":"publish","type":"post","link":"https:\/\/cu4arquitectura.com\/en\/2025\/07\/28\/recomendaciones-para-adaptar-tu-vivienda-si-convives-con-encefalomielitis-mialgica\/","title":{"rendered":"Recomendaciones para adaptar tu vivienda si convives con Encefalomielitis Mi\u00e1lgica"},"content":{"rendered":"\n<figure class=\"wp-block-image size-large\"><img loading=\"lazy\" decoding=\"async\" width=\"1024\" height=\"768\" src=\"https:\/\/cu4arquitectura.com\/wp-content\/uploads\/2025\/07\/living-room-interior-wall-mockup-in-warm-tones-gra-2025-03-12-01-30-06-utc-1024x768.jpg\" alt=\"\" class=\"wp-image-8569\" srcset=\"https:\/\/cu4arquitectura.com\/wp-content\/uploads\/2025\/07\/living-room-interior-wall-mockup-in-warm-tones-gra-2025-03-12-01-30-06-utc-1024x768.jpg 1024w, https:\/\/cu4arquitectura.com\/wp-content\/uploads\/2025\/07\/living-room-interior-wall-mockup-in-warm-tones-gra-2025-03-12-01-30-06-utc-300x225.jpg 300w, https:\/\/cu4arquitectura.com\/wp-content\/uploads\/2025\/07\/living-room-interior-wall-mockup-in-warm-tones-gra-2025-03-12-01-30-06-utc-768x576.jpg 768w, https:\/\/cu4arquitectura.com\/wp-content\/uploads\/2025\/07\/living-room-interior-wall-mockup-in-warm-tones-gra-2025-03-12-01-30-06-utc.jpg 1440w\" sizes=\"auto, (max-width: 1024px) 100vw, 1024px\" \/><\/figure>\n\n\n\n<p class=\"wp-block-paragraph\">Cuando vives con Encefalomielitis Mi\u00e1lgica, m\u00e1s conocida como S\u00edndrome de Fatiga Cr\u00f3nica, cada peque\u00f1o ajuste en tu entorno puede marcar una gran diferencia en tu bienestar y<s> <\/s>en el de tus seres queridos. El ambiente es muy relevante, desde la composici\u00f3n de los materiales, la distribuci\u00f3n del espacio, la iluminaci\u00f3n el\u00e9ctrica o la forma en que entra la luz natural, ya que no solo afectan al confort, sino tambi\u00e9n a la salud f\u00edsica y mental.<\/p>\n\n\n\n<p class=\"wp-block-paragraph\">Por ello hemos querido elaborar este art\u00edculo que recoge las recomendaciones que elaboramos junto a la <strong>bi\u00f3<\/strong><strong>loga Elisabet Silvestre<\/strong> (<a href=\"https:\/\/www.elisabetsilvestre.com\">elisabetsilvestre.com<\/a>), como parte de un acompa\u00f1amiento a una persona con esta sintomatolog\u00eda que iba a mudarse a una nueva casa.<\/p>\n\n\n\n<p class=\"wp-block-paragraph\">Lo hacemos con la intenci\u00f3n de que pueda ayudar a otras personas con Encefalomielitis Mi\u00e1lgica y otros tipos de sensibilidad ambiental. Si conoces a alguien en esta situaci\u00f3n, te invitamos a compartir este art\u00edculo con ella.<\/p>\n\n\n\n<h3 class=\"wp-block-heading\"><strong>\u00bfQu\u00e9 es la Encefalomielitis Mi\u00e1lgica y c\u00f3mo afecta el entorno?<\/strong><\/h3>\n\n\n\n<p class=\"wp-block-paragraph\">La Encefalomielitis Mi\u00e1lgica (tambi\u00e9n conocida como S\u00edndrome de Fatiga Cr\u00f3nica) (EM\/SFM) es una enfermedad compleja, que provoca un <strong>agotamiento profundo<\/strong>, no mejora con el descanso y puede empeorar con esfuerzos f\u00edsicos, mentales o incluso est\u00edmulos ambientales.<\/p>\n\n\n\n<p class=\"wp-block-paragraph\">Muchas personas con EM\/SFC desarrollan una sensibilidad extrema a la luz intensa<s>,<\/s> ruidos, olores, productos qu\u00edmicos o radiaciones electromagn\u00e9ticas. Por eso, adaptar la vivienda no es un capricho est\u00e9tico, sino una necesidad para vivir mejor.<\/p>\n\n\n\n<p class=\"wp-block-paragraph\">No existe un \u00fanico modelo de hogar ideal, pero s\u00ed principios que pueden aplicarse para crear un espacio m\u00e1s adecuado. Recogemos los m\u00e1s importantes a trav\u00e9s de doce claves.<\/p>\n\n\n\n<h3 class=\"wp-block-heading\"><strong>Doce claves para dise\u00f1ar una casa m\u00e1s amable con la Encefalomielitis Mi\u00e1lgica<\/strong><\/h3>\n\n\n\n<figure class=\"wp-block-image size-large\"><img loading=\"lazy\" decoding=\"async\" width=\"1024\" height=\"683\" src=\"https:\/\/cu4arquitectura.com\/wp-content\/uploads\/2025\/07\/stylish-composition-of-cozy-living-room-interior-2024-10-18-04-48-28-utc-1024x683.jpg\" alt=\"\" class=\"wp-image-8571\" srcset=\"https:\/\/cu4arquitectura.com\/wp-content\/uploads\/2025\/07\/stylish-composition-of-cozy-living-room-interior-2024-10-18-04-48-28-utc-1024x683.jpg 1024w, https:\/\/cu4arquitectura.com\/wp-content\/uploads\/2025\/07\/stylish-composition-of-cozy-living-room-interior-2024-10-18-04-48-28-utc-300x200.jpg 300w, https:\/\/cu4arquitectura.com\/wp-content\/uploads\/2025\/07\/stylish-composition-of-cozy-living-room-interior-2024-10-18-04-48-28-utc-768x512.jpg 768w, https:\/\/cu4arquitectura.com\/wp-content\/uploads\/2025\/07\/stylish-composition-of-cozy-living-room-interior-2024-10-18-04-48-28-utc-1536x1024.jpg 1536w, https:\/\/cu4arquitectura.com\/wp-content\/uploads\/2025\/07\/stylish-composition-of-cozy-living-room-interior-2024-10-18-04-48-28-utc.jpg 1620w\" sizes=\"auto, (max-width: 1024px) 100vw, 1024px\" \/><\/figure>\n\n\n\n<p class=\"wp-block-paragraph\"><strong>Distribuci<\/strong><strong>\u00f3n sin obst\u00e1culos<\/strong>: evita esfuerzos innecesarios. Mant\u00e9n los objetos de uso frecuente al alcance de la mano y revisa las posibles necesidades para incorporarlas al dise\u00f1o general del espacio.<\/p>\n\n\n\n<p class=\"wp-block-paragraph\"><strong>Rincones de descanso<\/strong>: m\u00e1s all\u00e1 del dormitorio, crea rincones c\u00f3modos para descansar en cada \u00e1rea de la casa, con cojines, mantas y acceso a agua o tratamientos.<\/p>\n\n\n\n<p class=\"wp-block-paragraph\"><strong>Iluminaci\u00f3n natural: <\/strong>asegura la exposici\u00f3n directa a la luz natural de primera hora de la ma\u00f1ana y \u00faltima hora de la tarde. Si se descartan las persianas, puedes usar blackout o protecci\u00f3n solar por el exterior. En cuanto a la iluminaci\u00f3n el\u00e9ctrica, escoge luces indirectas o con bajo deslumbramiento (UGR), con un alto \u00edndice de reproducci\u00f3n crom\u00e1tica (IRC), sin parpadeo (flicker) y, c\u00e1lidas a partir del atardecer, y si es posible, regulables.<\/p>\n\n\n\n<p class=\"wp-block-paragraph\"><strong>Dormitorio sin electroclima<\/strong>: valora reducir o eliminar el campo el\u00e9ctrico derivado dela instalaci\u00f3n el\u00e9ctrica en el dormitorio y en las zonas donde m\u00e1s tiempo pasas. Aleja equipos y fuentes de campos el\u00e9ctricos o magn\u00e9ticos, y evita el stand-by durante la noche. Tambi\u00e9n se puede instalar un desconectado el\u00e9ctrico autom\u00e1tico. Desenchufa el wifi para dormir.<\/p>\n\n\n\n<p class=\"wp-block-paragraph\"><strong>Sin t\u00f3xicos<\/strong><s>:<\/s> usa pinturas naturales sin COVs (compuestos org\u00e1nicos vol\u00e1tiles), como las de arcilla o silicato, siempre con test de tolerancia previa, ya que no todas las personas<s>,<\/s> tienen la misma tolerancia. Es importante acertar con el tono de color, haciendo pruebas en varios puntos de la casa a distintas horas del d\u00eda.<\/p>\n\n\n\n<p class=\"wp-block-paragraph\"><strong>Ventilaci\u00f3n<\/strong>: usar sistemas pasivos, y si es necesario se valora instalar un sistema de renovaci\u00f3n de aire (simple o doble flujo, con o sin recuperador de calor), cuidando la ubicaci\u00f3n por ruido. Si no se instala, se pueden usar purificadores en zonas de descanso, alejados del cabezal de la cama y desconectados por la noche.<\/p>\n\n\n\n<p class=\"wp-block-paragraph\"><strong>Mobiliario ergon<\/strong><strong>\u00f3<\/strong><strong>mico<\/strong>: opta por sillas c\u00f3modas con buen soporte lumbar, camas ajustables o cojines ergon\u00f3micos<s>.<\/s> Tambi\u00e9n es importante el acabado de los materiales, priorizando aquellos agradables al tacto y f\u00e1ciles de mantener.<\/p>\n\n\n\n<p class=\"wp-block-paragraph\"><strong>Dormitorio fresco y bien aislado<\/strong>: por la noche, es preferible que el dormitorio est\u00e9 m\u00e1s fresco. Si est\u00e1s reformando, evita eliminar puertas interiores, ya que ayudan a aislar ac\u00fasticamente las zonas de descanso. Tambi\u00e9n puedes revisar los sellados para mejorar el aislamiento.<\/p>\n\n\n\n<p class=\"wp-block-paragraph\"><strong>Espacios que equilibren compa\u00f1\u00eda y privacidad<\/strong>: crea lugares c\u00f3modos para recibir visitas, pero que tambi\u00e9n respeten los momentos de intimidad. Este punto es especialmente importante en la reforma de la cocina.<\/p>\n\n\n\n<p class=\"wp-block-paragraph\"><strong>Zona para estiramientos:<\/strong> dedica un espacio peque\u00f1o con colchonetas o cojines para hacer ejercicios suaves o yoga adaptado, sin tener que mover muebles o hacer esfuerzos.<\/p>\n\n\n\n<p class=\"wp-block-paragraph\"><strong>Decoraci\u00f3n agradable<\/strong>: introduce elementos naturales como plantas, madera o piedra. Tambi\u00e9n puedes incluir libros, m\u00fasica relajante o arte que reconforte. Evita zonas dif\u00edciles de limpiar por la acumulaci\u00f3n de polvo t\u00f3xico.<\/p>\n\n\n\n<p class=\"wp-block-paragraph\"><strong>Limpieza sin t\u00f3<\/strong><strong>xicos<\/strong>: evita fragancias, perfumes, suavizantes y productos de limpieza con derivados del petr\u00f3leo. Usa productos naturales. La zona de lavadero debe estar ventilada y lejos de espacios de permanencia. <strong><\/strong><\/p>\n\n\n\n<p class=\"wp-block-paragraph\">A pesar de estas claves, nos gustar\u00eda se\u00f1alar que estas adaptaciones no curan la enfermedad, pero s\u00ed pueden cambiar radicalmente el d\u00eda a d\u00eda de la persona que la sufre. Por ello te invitamos a crear un entorno amable, que priorice el descanso, el silencio y la regulaci\u00f3n natural del cuerpo. Porque cuidar el espacio es, en cierto modo, cuidar de una misma.<\/p>\n","protected":false},"excerpt":{"rendered":"<p>Cuando vives con Encefalomielitis Mi\u00e1lgica, m\u00e1s conocida como S\u00edndrome de Fatiga Cr\u00f3nica, cada peque\u00f1o ajuste en tu entorno puede marcar una gran diferencia en tu bienestar y en el de tus seres queridos. El ambiente es muy relevante, desde la composici\u00f3n de los materiales, la distribuci\u00f3n del espacio, la iluminaci\u00f3n el\u00e9ctrica o la forma en [&hellip;]<\/p>\n","protected":false},"author":9,"featured_media":8569,"comment_status":"open","ping_status":"open","sticky":false,"template":"","format":"standard","meta":{"_acf_changed":false,"footnotes":""},"categories":[3],"tags":[],"class_list":["post-8568","post","type-post","status-publish","format-standard","has-post-thumbnail","hentry","category-arquitectura-y-diseno-de-casas"],"acf":[],"yoast_head":"<!-- This site is optimized with the Yoast SEO plugin v27.7 - https:\/\/yoast.com\/product\/yoast-seo-wordpress\/ -->\n<title>Recomendaciones para adaptar tu vivienda si convives con Encefalomielitis Mi\u00e1lgica - CU4 Arquitectos en Valencia | Estudio de arquitectura<\/title>\n<meta name=\"description\" content=\"Adapta tu hogar si convives con Encefalomielitis Mi\u00e1lgica. Recomendaciones pr\u00e1cticas para mejorar bienestar, descanso y salud ambiental.\" \/>\n<meta name=\"robots\" content=\"index, follow, max-snippet:-1, max-image-preview:large, max-video-preview:-1\" \/>\n<link rel=\"canonical\" href=\"https:\/\/cu4arquitectura.com\/en\/2025\/07\/28\/recomendaciones-para-adaptar-tu-vivienda-si-convives-con-encefalomielitis-mialgica\/\" \/>\n<meta property=\"og:locale\" content=\"en_US\" \/>\n<meta property=\"og:type\" content=\"article\" \/>\n<meta property=\"og:title\" content=\"Recomendaciones para adaptar tu vivienda si convives con Encefalomielitis Mi\u00e1lgica - CU4 Arquitectos en Valencia | Estudio de arquitectura\" \/>\n<meta property=\"og:description\" content=\"Adapta tu hogar si convives con Encefalomielitis Mi\u00e1lgica. Recomendaciones pr\u00e1cticas para mejorar bienestar, descanso y salud ambiental.\" \/>\n<meta property=\"og:url\" content=\"https:\/\/cu4arquitectura.com\/en\/2025\/07\/28\/recomendaciones-para-adaptar-tu-vivienda-si-convives-con-encefalomielitis-mialgica\/\" \/>\n<meta property=\"og:site_name\" content=\"CU4 Arquitectos en Valencia | Estudio de arquitectura\" \/>\n<meta property=\"article:published_time\" content=\"2025-07-28T07:16:06+00:00\" \/>\n<meta property=\"article:modified_time\" content=\"2025-07-28T07:21:36+00:00\" \/>\n<meta property=\"og:image\" content=\"https:\/\/cu4arquitectura.com\/wp-content\/uploads\/2025\/07\/living-room-interior-wall-mockup-in-warm-tones-gra-2025-03-12-01-30-06-utc.jpg\" \/>\n\t<meta property=\"og:image:width\" content=\"1440\" \/>\n\t<meta property=\"og:image:height\" content=\"1080\" \/>\n\t<meta property=\"og:image:type\" content=\"image\/jpeg\" \/>\n<meta name=\"author\" content=\"Cu4 Arquitectura\" \/>\n<meta name=\"twitter:card\" content=\"summary_large_image\" \/>\n<meta name=\"twitter:label1\" content=\"Written by\" \/>\n\t<meta name=\"twitter:data1\" content=\"Cu4 Arquitectura\" \/>\n\t<meta name=\"twitter:label2\" content=\"Est. reading time\" \/>\n\t<meta name=\"twitter:data2\" content=\"5 minutes\" \/>\n<script type=\"application\/ld+json\" class=\"yoast-schema-graph\">{\"@context\":\"https:\\\/\\\/schema.org\",\"@graph\":[{\"@type\":\"Article\",\"@id\":\"https:\\\/\\\/cu4arquitectura.com\\\/en\\\/2025\\\/07\\\/28\\\/recomendaciones-para-adaptar-tu-vivienda-si-convives-con-encefalomielitis-mialgica\\\/#article\",\"isPartOf\":{\"@id\":\"https:\\\/\\\/cu4arquitectura.com\\\/en\\\/2025\\\/07\\\/28\\\/recomendaciones-para-adaptar-tu-vivienda-si-convives-con-encefalomielitis-mialgica\\\/\"},\"author\":{\"name\":\"Cu4 Arquitectura\",\"@id\":\"https:\\\/\\\/cu4arquitectura.com\\\/en\\\/#\\\/schema\\\/person\\\/58ac72d4acb0eae359c5ced2c441783b\"},\"headline\":\"Recomendaciones para adaptar tu vivienda si convives con Encefalomielitis Mi\u00e1lgica\",\"datePublished\":\"2025-07-28T07:16:06+00:00\",\"dateModified\":\"2025-07-28T07:21:36+00:00\",\"mainEntityOfPage\":{\"@id\":\"https:\\\/\\\/cu4arquitectura.com\\\/en\\\/2025\\\/07\\\/28\\\/recomendaciones-para-adaptar-tu-vivienda-si-convives-con-encefalomielitis-mialgica\\\/\"},\"wordCount\":925,\"commentCount\":0,\"publisher\":{\"@id\":\"https:\\\/\\\/cu4arquitectura.com\\\/en\\\/#organization\"},\"image\":{\"@id\":\"https:\\\/\\\/cu4arquitectura.com\\\/en\\\/2025\\\/07\\\/28\\\/recomendaciones-para-adaptar-tu-vivienda-si-convives-con-encefalomielitis-mialgica\\\/#primaryimage\"},\"thumbnailUrl\":\"https:\\\/\\\/cu4arquitectura.com\\\/wp-content\\\/uploads\\\/2025\\\/07\\\/living-room-interior-wall-mockup-in-warm-tones-gra-2025-03-12-01-30-06-utc.jpg\",\"articleSection\":[\"Arquitectura y dise\u00f1o de casas\"],\"inLanguage\":\"en-US\",\"potentialAction\":[{\"@type\":\"CommentAction\",\"name\":\"Comment\",\"target\":[\"https:\\\/\\\/cu4arquitectura.com\\\/en\\\/2025\\\/07\\\/28\\\/recomendaciones-para-adaptar-tu-vivienda-si-convives-con-encefalomielitis-mialgica\\\/#respond\"]}]},{\"@type\":\"WebPage\",\"@id\":\"https:\\\/\\\/cu4arquitectura.com\\\/en\\\/2025\\\/07\\\/28\\\/recomendaciones-para-adaptar-tu-vivienda-si-convives-con-encefalomielitis-mialgica\\\/\",\"url\":\"https:\\\/\\\/cu4arquitectura.com\\\/en\\\/2025\\\/07\\\/28\\\/recomendaciones-para-adaptar-tu-vivienda-si-convives-con-encefalomielitis-mialgica\\\/\",\"name\":\"Recomendaciones para adaptar tu vivienda si convives con Encefalomielitis Mi\u00e1lgica - CU4 Arquitectos en Valencia | Estudio de arquitectura\",\"isPartOf\":{\"@id\":\"https:\\\/\\\/cu4arquitectura.com\\\/en\\\/#website\"},\"primaryImageOfPage\":{\"@id\":\"https:\\\/\\\/cu4arquitectura.com\\\/en\\\/2025\\\/07\\\/28\\\/recomendaciones-para-adaptar-tu-vivienda-si-convives-con-encefalomielitis-mialgica\\\/#primaryimage\"},\"image\":{\"@id\":\"https:\\\/\\\/cu4arquitectura.com\\\/en\\\/2025\\\/07\\\/28\\\/recomendaciones-para-adaptar-tu-vivienda-si-convives-con-encefalomielitis-mialgica\\\/#primaryimage\"},\"thumbnailUrl\":\"https:\\\/\\\/cu4arquitectura.com\\\/wp-content\\\/uploads\\\/2025\\\/07\\\/living-room-interior-wall-mockup-in-warm-tones-gra-2025-03-12-01-30-06-utc.jpg\",\"datePublished\":\"2025-07-28T07:16:06+00:00\",\"dateModified\":\"2025-07-28T07:21:36+00:00\",\"description\":\"Adapta tu hogar si convives con Encefalomielitis Mi\u00e1lgica. Recomendaciones pr\u00e1cticas para mejorar bienestar, descanso y salud ambiental.\",\"breadcrumb\":{\"@id\":\"https:\\\/\\\/cu4arquitectura.com\\\/en\\\/2025\\\/07\\\/28\\\/recomendaciones-para-adaptar-tu-vivienda-si-convives-con-encefalomielitis-mialgica\\\/#breadcrumb\"},\"inLanguage\":\"en-US\",\"potentialAction\":[{\"@type\":\"ReadAction\",\"target\":[\"https:\\\/\\\/cu4arquitectura.com\\\/en\\\/2025\\\/07\\\/28\\\/recomendaciones-para-adaptar-tu-vivienda-si-convives-con-encefalomielitis-mialgica\\\/\"]}]},{\"@type\":\"ImageObject\",\"inLanguage\":\"en-US\",\"@id\":\"https:\\\/\\\/cu4arquitectura.com\\\/en\\\/2025\\\/07\\\/28\\\/recomendaciones-para-adaptar-tu-vivienda-si-convives-con-encefalomielitis-mialgica\\\/#primaryimage\",\"url\":\"https:\\\/\\\/cu4arquitectura.com\\\/wp-content\\\/uploads\\\/2025\\\/07\\\/living-room-interior-wall-mockup-in-warm-tones-gra-2025-03-12-01-30-06-utc.jpg\",\"contentUrl\":\"https:\\\/\\\/cu4arquitectura.com\\\/wp-content\\\/uploads\\\/2025\\\/07\\\/living-room-interior-wall-mockup-in-warm-tones-gra-2025-03-12-01-30-06-utc.jpg\",\"width\":1440,\"height\":1080,\"caption\":\"Living room interior wall mockup in warm tones,gray armchair with wood cabinet.3d rendering\"},{\"@type\":\"BreadcrumbList\",\"@id\":\"https:\\\/\\\/cu4arquitectura.com\\\/en\\\/2025\\\/07\\\/28\\\/recomendaciones-para-adaptar-tu-vivienda-si-convives-con-encefalomielitis-mialgica\\\/#breadcrumb\",\"itemListElement\":[{\"@type\":\"ListItem\",\"position\":1,\"name\":\"Portada\",\"item\":\"https:\\\/\\\/cu4arquitectura.com\\\/en\\\/\"},{\"@type\":\"ListItem\",\"position\":2,\"name\":\"Recomendaciones para adaptar tu vivienda si convives con Encefalomielitis Mi\u00e1lgica\"}]},{\"@type\":\"WebSite\",\"@id\":\"https:\\\/\\\/cu4arquitectura.com\\\/en\\\/#website\",\"url\":\"https:\\\/\\\/cu4arquitectura.com\\\/en\\\/\",\"name\":\"CU4 Arquitectos en Valencia | Estudio de arquitectura\",\"description\":\"Arquitectos en Valencia | Especializados en espacios a medida para empresas y particulares, dise\u00f1ados para tu bienestar\",\"publisher\":{\"@id\":\"https:\\\/\\\/cu4arquitectura.com\\\/en\\\/#organization\"},\"potentialAction\":[{\"@type\":\"SearchAction\",\"target\":{\"@type\":\"EntryPoint\",\"urlTemplate\":\"https:\\\/\\\/cu4arquitectura.com\\\/en\\\/?s={search_term_string}\"},\"query-input\":{\"@type\":\"PropertyValueSpecification\",\"valueRequired\":true,\"valueName\":\"search_term_string\"}}],\"inLanguage\":\"en-US\"},{\"@type\":\"Organization\",\"@id\":\"https:\\\/\\\/cu4arquitectura.com\\\/en\\\/#organization\",\"name\":\"CU4 Arquitectos en Valencia | Estudio de arquitectura\",\"url\":\"https:\\\/\\\/cu4arquitectura.com\\\/en\\\/\",\"logo\":{\"@type\":\"ImageObject\",\"inLanguage\":\"en-US\",\"@id\":\"https:\\\/\\\/cu4arquitectura.com\\\/en\\\/#\\\/schema\\\/logo\\\/image\\\/\",\"url\":\"https:\\\/\\\/cu4arquitectura.com\\\/wp-content\\\/uploads\\\/2024\\\/01\\\/LOGO_CU4_original.svg\",\"contentUrl\":\"https:\\\/\\\/cu4arquitectura.com\\\/wp-content\\\/uploads\\\/2024\\\/01\\\/LOGO_CU4_original.svg\",\"width\":841,\"height\":595,\"caption\":\"CU4 Arquitectos en Valencia | Estudio de arquitectura\"},\"image\":{\"@id\":\"https:\\\/\\\/cu4arquitectura.com\\\/en\\\/#\\\/schema\\\/logo\\\/image\\\/\"}},{\"@type\":\"Person\",\"@id\":\"https:\\\/\\\/cu4arquitectura.com\\\/en\\\/#\\\/schema\\\/person\\\/58ac72d4acb0eae359c5ced2c441783b\",\"name\":\"Cu4 Arquitectura\",\"image\":{\"@type\":\"ImageObject\",\"inLanguage\":\"en-US\",\"@id\":\"https:\\\/\\\/secure.gravatar.com\\\/avatar\\\/69c9d1889eb4b58e3df642c4e9c2f96615fb57f7b9b4856a50c4dbab35ff552d?s=96&d=mm&r=g\",\"url\":\"https:\\\/\\\/secure.gravatar.com\\\/avatar\\\/69c9d1889eb4b58e3df642c4e9c2f96615fb57f7b9b4856a50c4dbab35ff552d?s=96&d=mm&r=g\",\"contentUrl\":\"https:\\\/\\\/secure.gravatar.com\\\/avatar\\\/69c9d1889eb4b58e3df642c4e9c2f96615fb57f7b9b4856a50c4dbab35ff552d?s=96&d=mm&r=g\",\"caption\":\"Cu4 Arquitectura\"},\"url\":\"https:\\\/\\\/cu4arquitectura.com\\\/en\\\/author\\\/noticias_cu4arquitectura\\\/\"}]}<\/script>\n<!-- \/ Yoast SEO plugin. -->","yoast_head_json":{"title":"Recomendaciones para adaptar tu vivienda si convives con Encefalomielitis Mi\u00e1lgica - CU4 Arquitectos en Valencia | Estudio de arquitectura","description":"Adapta tu hogar si convives con Encefalomielitis Mi\u00e1lgica. Recomendaciones pr\u00e1cticas para mejorar bienestar, descanso y salud ambiental.","robots":{"index":"index","follow":"follow","max-snippet":"max-snippet:-1","max-image-preview":"max-image-preview:large","max-video-preview":"max-video-preview:-1"},"canonical":"https:\/\/cu4arquitectura.com\/en\/2025\/07\/28\/recomendaciones-para-adaptar-tu-vivienda-si-convives-con-encefalomielitis-mialgica\/","og_locale":"en_US","og_type":"article","og_title":"Recomendaciones para adaptar tu vivienda si convives con Encefalomielitis Mi\u00e1lgica - CU4 Arquitectos en Valencia | Estudio de arquitectura","og_description":"Adapta tu hogar si convives con Encefalomielitis Mi\u00e1lgica. Recomendaciones pr\u00e1cticas para mejorar bienestar, descanso y salud ambiental.","og_url":"https:\/\/cu4arquitectura.com\/en\/2025\/07\/28\/recomendaciones-para-adaptar-tu-vivienda-si-convives-con-encefalomielitis-mialgica\/","og_site_name":"CU4 Arquitectos en Valencia | Estudio de arquitectura","article_published_time":"2025-07-28T07:16:06+00:00","article_modified_time":"2025-07-28T07:21:36+00:00","og_image":[{"width":1440,"height":1080,"url":"https:\/\/cu4arquitectura.com\/wp-content\/uploads\/2025\/07\/living-room-interior-wall-mockup-in-warm-tones-gra-2025-03-12-01-30-06-utc.jpg","type":"image\/jpeg"}],"author":"Cu4 Arquitectura","twitter_card":"summary_large_image","twitter_misc":{"Written by":"Cu4 Arquitectura","Est. reading time":"5 minutes"},"schema":{"@context":"https:\/\/schema.org","@graph":[{"@type":"Article","@id":"https:\/\/cu4arquitectura.com\/en\/2025\/07\/28\/recomendaciones-para-adaptar-tu-vivienda-si-convives-con-encefalomielitis-mialgica\/#article","isPartOf":{"@id":"https:\/\/cu4arquitectura.com\/en\/2025\/07\/28\/recomendaciones-para-adaptar-tu-vivienda-si-convives-con-encefalomielitis-mialgica\/"},"author":{"name":"Cu4 Arquitectura","@id":"https:\/\/cu4arquitectura.com\/en\/#\/schema\/person\/58ac72d4acb0eae359c5ced2c441783b"},"headline":"Recomendaciones para adaptar tu vivienda si convives con Encefalomielitis Mi\u00e1lgica","datePublished":"2025-07-28T07:16:06+00:00","dateModified":"2025-07-28T07:21:36+00:00","mainEntityOfPage":{"@id":"https:\/\/cu4arquitectura.com\/en\/2025\/07\/28\/recomendaciones-para-adaptar-tu-vivienda-si-convives-con-encefalomielitis-mialgica\/"},"wordCount":925,"commentCount":0,"publisher":{"@id":"https:\/\/cu4arquitectura.com\/en\/#organization"},"image":{"@id":"https:\/\/cu4arquitectura.com\/en\/2025\/07\/28\/recomendaciones-para-adaptar-tu-vivienda-si-convives-con-encefalomielitis-mialgica\/#primaryimage"},"thumbnailUrl":"https:\/\/cu4arquitectura.com\/wp-content\/uploads\/2025\/07\/living-room-interior-wall-mockup-in-warm-tones-gra-2025-03-12-01-30-06-utc.jpg","articleSection":["Arquitectura y dise\u00f1o de casas"],"inLanguage":"en-US","potentialAction":[{"@type":"CommentAction","name":"Comment","target":["https:\/\/cu4arquitectura.com\/en\/2025\/07\/28\/recomendaciones-para-adaptar-tu-vivienda-si-convives-con-encefalomielitis-mialgica\/#respond"]}]},{"@type":"WebPage","@id":"https:\/\/cu4arquitectura.com\/en\/2025\/07\/28\/recomendaciones-para-adaptar-tu-vivienda-si-convives-con-encefalomielitis-mialgica\/","url":"https:\/\/cu4arquitectura.com\/en\/2025\/07\/28\/recomendaciones-para-adaptar-tu-vivienda-si-convives-con-encefalomielitis-mialgica\/","name":"Recomendaciones para adaptar tu vivienda si convives con Encefalomielitis Mi\u00e1lgica - CU4 Arquitectos en Valencia | Estudio de arquitectura","isPartOf":{"@id":"https:\/\/cu4arquitectura.com\/en\/#website"},"primaryImageOfPage":{"@id":"https:\/\/cu4arquitectura.com\/en\/2025\/07\/28\/recomendaciones-para-adaptar-tu-vivienda-si-convives-con-encefalomielitis-mialgica\/#primaryimage"},"image":{"@id":"https:\/\/cu4arquitectura.com\/en\/2025\/07\/28\/recomendaciones-para-adaptar-tu-vivienda-si-convives-con-encefalomielitis-mialgica\/#primaryimage"},"thumbnailUrl":"https:\/\/cu4arquitectura.com\/wp-content\/uploads\/2025\/07\/living-room-interior-wall-mockup-in-warm-tones-gra-2025-03-12-01-30-06-utc.jpg","datePublished":"2025-07-28T07:16:06+00:00","dateModified":"2025-07-28T07:21:36+00:00","description":"Adapta tu hogar si convives con Encefalomielitis Mi\u00e1lgica. Recomendaciones pr\u00e1cticas para mejorar bienestar, descanso y salud ambiental.","breadcrumb":{"@id":"https:\/\/cu4arquitectura.com\/en\/2025\/07\/28\/recomendaciones-para-adaptar-tu-vivienda-si-convives-con-encefalomielitis-mialgica\/#breadcrumb"},"inLanguage":"en-US","potentialAction":[{"@type":"ReadAction","target":["https:\/\/cu4arquitectura.com\/en\/2025\/07\/28\/recomendaciones-para-adaptar-tu-vivienda-si-convives-con-encefalomielitis-mialgica\/"]}]},{"@type":"ImageObject","inLanguage":"en-US","@id":"https:\/\/cu4arquitectura.com\/en\/2025\/07\/28\/recomendaciones-para-adaptar-tu-vivienda-si-convives-con-encefalomielitis-mialgica\/#primaryimage","url":"https:\/\/cu4arquitectura.com\/wp-content\/uploads\/2025\/07\/living-room-interior-wall-mockup-in-warm-tones-gra-2025-03-12-01-30-06-utc.jpg","contentUrl":"https:\/\/cu4arquitectura.com\/wp-content\/uploads\/2025\/07\/living-room-interior-wall-mockup-in-warm-tones-gra-2025-03-12-01-30-06-utc.jpg","width":1440,"height":1080,"caption":"Living room interior wall mockup in warm tones,gray armchair with wood cabinet.3d rendering"},{"@type":"BreadcrumbList","@id":"https:\/\/cu4arquitectura.com\/en\/2025\/07\/28\/recomendaciones-para-adaptar-tu-vivienda-si-convives-con-encefalomielitis-mialgica\/#breadcrumb","itemListElement":[{"@type":"ListItem","position":1,"name":"Portada","item":"https:\/\/cu4arquitectura.com\/en\/"},{"@type":"ListItem","position":2,"name":"Recomendaciones para adaptar tu vivienda si convives con Encefalomielitis Mi\u00e1lgica"}]},{"@type":"WebSite","@id":"https:\/\/cu4arquitectura.com\/en\/#website","url":"https:\/\/cu4arquitectura.com\/en\/","name":"CU4 Arquitectos en Valencia | Estudio de arquitectura","description":"Arquitectos en Valencia | Especializados en espacios a medida para empresas y particulares, dise\u00f1ados para tu bienestar","publisher":{"@id":"https:\/\/cu4arquitectura.com\/en\/#organization"},"potentialAction":[{"@type":"SearchAction","target":{"@type":"EntryPoint","urlTemplate":"https:\/\/cu4arquitectura.com\/en\/?s={search_term_string}"},"query-input":{"@type":"PropertyValueSpecification","valueRequired":true,"valueName":"search_term_string"}}],"inLanguage":"en-US"},{"@type":"Organization","@id":"https:\/\/cu4arquitectura.com\/en\/#organization","name":"CU4 Arquitectos en Valencia | Estudio de arquitectura","url":"https:\/\/cu4arquitectura.com\/en\/","logo":{"@type":"ImageObject","inLanguage":"en-US","@id":"https:\/\/cu4arquitectura.com\/en\/#\/schema\/logo\/image\/","url":"https:\/\/cu4arquitectura.com\/wp-content\/uploads\/2024\/01\/LOGO_CU4_original.svg","contentUrl":"https:\/\/cu4arquitectura.com\/wp-content\/uploads\/2024\/01\/LOGO_CU4_original.svg","width":841,"height":595,"caption":"CU4 Arquitectos en Valencia | Estudio de arquitectura"},"image":{"@id":"https:\/\/cu4arquitectura.com\/en\/#\/schema\/logo\/image\/"}},{"@type":"Person","@id":"https:\/\/cu4arquitectura.com\/en\/#\/schema\/person\/58ac72d4acb0eae359c5ced2c441783b","name":"Cu4 Arquitectura","image":{"@type":"ImageObject","inLanguage":"en-US","@id":"https:\/\/secure.gravatar.com\/avatar\/69c9d1889eb4b58e3df642c4e9c2f96615fb57f7b9b4856a50c4dbab35ff552d?s=96&d=mm&r=g","url":"https:\/\/secure.gravatar.com\/avatar\/69c9d1889eb4b58e3df642c4e9c2f96615fb57f7b9b4856a50c4dbab35ff552d?s=96&d=mm&r=g","contentUrl":"https:\/\/secure.gravatar.com\/avatar\/69c9d1889eb4b58e3df642c4e9c2f96615fb57f7b9b4856a50c4dbab35ff552d?s=96&d=mm&r=g","caption":"Cu4 Arquitectura"},"url":"https:\/\/cu4arquitectura.com\/en\/author\/noticias_cu4arquitectura\/"}]}},"_links":{"self":[{"href":"https:\/\/cu4arquitectura.com\/en\/wp-json\/wp\/v2\/posts\/8568","targetHints":{"allow":["GET"]}}],"collection":[{"href":"https:\/\/cu4arquitectura.com\/en\/wp-json\/wp\/v2\/posts"}],"about":[{"href":"https:\/\/cu4arquitectura.com\/en\/wp-json\/wp\/v2\/types\/post"}],"author":[{"embeddable":true,"href":"https:\/\/cu4arquitectura.com\/en\/wp-json\/wp\/v2\/users\/9"}],"replies":[{"embeddable":true,"href":"https:\/\/cu4arquitectura.com\/en\/wp-json\/wp\/v2\/comments?post=8568"}],"version-history":[{"count":5,"href":"https:\/\/cu4arquitectura.com\/en\/wp-json\/wp\/v2\/posts\/8568\/revisions"}],"predecessor-version":[{"id":8576,"href":"https:\/\/cu4arquitectura.com\/en\/wp-json\/wp\/v2\/posts\/8568\/revisions\/8576"}],"wp:featuredmedia":[{"embeddable":true,"href":"https:\/\/cu4arquitectura.com\/en\/wp-json\/wp\/v2\/media\/8569"}],"wp:attachment":[{"href":"https:\/\/cu4arquitectura.com\/en\/wp-json\/wp\/v2\/media?parent=8568"}],"wp:term":[{"taxonomy":"category","embeddable":true,"href":"https:\/\/cu4arquitectura.com\/en\/wp-json\/wp\/v2\/categories?post=8568"},{"taxonomy":"post_tag","embeddable":true,"href":"https:\/\/cu4arquitectura.com\/en\/wp-json\/wp\/v2\/tags?post=8568"}],"curies":[{"name":"wp","href":"https:\/\/api.w.org\/{rel}","templated":true}]}}