{"id":8526,"date":"2025-05-15T06:59:00","date_gmt":"2025-05-15T06:59:00","guid":{"rendered":"https:\/\/cu4arquitectura.com\/?p=8526"},"modified":"2025-07-18T08:10:31","modified_gmt":"2025-07-18T08:10:31","slug":"presentes-en-el-showroom-de-actiu-en-barcelona","status":"publish","type":"post","link":"https:\/\/cu4arquitectura.com\/en\/2025\/05\/15\/presentes-en-el-showroom-de-actiu-en-barcelona\/","title":{"rendered":"Presentes en el showroom de ACTIU en Barcelona"},"content":{"rendered":"\n<figure class=\"wp-block-image size-large\"><img loading=\"lazy\" decoding=\"async\" width=\"1024\" height=\"683\" src=\"https:\/\/cu4arquitectura.com\/wp-content\/uploads\/2025\/05\/NEURO_ARQUITECTURA_15_5_2025__DSC74351-1024x683.jpg\" alt=\"\" class=\"wp-image-8561\" srcset=\"https:\/\/cu4arquitectura.com\/wp-content\/uploads\/2025\/05\/NEURO_ARQUITECTURA_15_5_2025__DSC74351-1024x683.jpg 1024w, https:\/\/cu4arquitectura.com\/wp-content\/uploads\/2025\/05\/NEURO_ARQUITECTURA_15_5_2025__DSC74351-300x200.jpg 300w, https:\/\/cu4arquitectura.com\/wp-content\/uploads\/2025\/05\/NEURO_ARQUITECTURA_15_5_2025__DSC74351-768x512.jpg 768w, https:\/\/cu4arquitectura.com\/wp-content\/uploads\/2025\/05\/NEURO_ARQUITECTURA_15_5_2025__DSC74351-1536x1024.jpg 1536w, https:\/\/cu4arquitectura.com\/wp-content\/uploads\/2025\/05\/NEURO_ARQUITECTURA_15_5_2025__DSC74351-2048x1366.jpg 2048w\" sizes=\"auto, (max-width: 1024px) 100vw, 1024px\" \/><\/figure>\n\n\n\n<p class=\"wp-block-paragraph\">En <strong>CU4 Arquitectura<\/strong> tenemos claro que el dise\u00f1o influye de manera directa en nuestra forma de vivir. Esto afecta, entre otras cosas a c\u00f3mo dormimos, c\u00f3mo nos relacionamos y, por supuesto, a c\u00f3mo nos sentimos. Bajo esa idea participamos en el <strong>showroom de ACTIU en Barcelona<\/strong>, en una jornada dedicada a explorar la relaci\u00f3n entre arquitectura, ciencia y salud.<\/p>\n\n\n\n<p class=\"wp-block-paragraph\">Lo hicimos de la mano de <strong>Carmen Llinares<\/strong>, directora del <strong>Laboratorio de Neuroarquitectura de la UPV<\/strong>, en una charla que puso el foco en lo invisible, lo que ocurre en el cuerpo y en la mente cuando habitamos un espacio.<\/p>\n\n\n\n<h3 class=\"wp-block-heading\">Arquitectura que impacta donde no se ve<\/h3>\n\n\n\n<p class=\"wp-block-paragraph\">La arquitectura tiene un efecto sobre lo que no se ve y es algo de lo que venimos hablando desde hace muchos a\u00f1os en nuestro estudio.<\/p>\n\n\n\n<p class=\"wp-block-paragraph\">Una vivienda, un espacio de trabajo o formativo <strong>se ha de concebir mucho m\u00e1s all\u00e1 de un mero contenedor<\/strong>, sino como un elemento que influye en puntos tan determinantes de nuestro bienestar como la calidad del sue\u00f1o, la capacidad de concentraci\u00f3n, la gesti\u00f3n del estr\u00e9s o incluso el estado de \u00e1nimo general.<\/p>\n\n\n\n<p class=\"wp-block-paragraph\">Durante la jornada hablamos de c\u00f3mo herramientas como la <strong>certificaci\u00f3n WELL y la neuroarquitectura<\/strong> nos permiten hacer visibles esos efectos que muchas veces pasamos por alto. Eso nos permite detectar d\u00f3nde est\u00e1n las fricciones invisibles del espacio y tomar decisiones que ayuden a prevenirlas o transformarlas.<\/p>\n\n\n\n<h3 class=\"wp-block-heading\">Cinco formas en las que el dise\u00f1o puede mejorar nuestra salud<\/h3>\n\n\n\n<figure class=\"wp-block-image size-large\"><img loading=\"lazy\" decoding=\"async\" width=\"1024\" height=\"683\" src=\"https:\/\/cu4arquitectura.com\/wp-content\/uploads\/2025\/07\/NEURO_ARQUITECTURA_15_5_2025__DSC7581-1024x683.jpg\" alt=\"\" class=\"wp-image-8529\" srcset=\"https:\/\/cu4arquitectura.com\/wp-content\/uploads\/2025\/07\/NEURO_ARQUITECTURA_15_5_2025__DSC7581-1024x683.jpg 1024w, https:\/\/cu4arquitectura.com\/wp-content\/uploads\/2025\/07\/NEURO_ARQUITECTURA_15_5_2025__DSC7581-300x200.jpg 300w, https:\/\/cu4arquitectura.com\/wp-content\/uploads\/2025\/07\/NEURO_ARQUITECTURA_15_5_2025__DSC7581-768x512.jpg 768w, https:\/\/cu4arquitectura.com\/wp-content\/uploads\/2025\/07\/NEURO_ARQUITECTURA_15_5_2025__DSC7581.jpg 1152w\" sizes=\"auto, (max-width: 1024px) 100vw, 1024px\" \/><\/figure>\n\n\n\n<p class=\"wp-block-paragraph\">Dise\u00f1ar con conciencia significa <strong>tener en cuenta c\u00f3mo los espacios afectan<\/strong> a quienes los habitan. Estas son algunas decisiones que pueden marcar una diferencia real en el bienestar de las personas:<\/p>\n\n\n\n<ul class=\"wp-block-list\">\n<li><strong>Fomentar el buen sue\u00f1o<\/strong>: orientar los espacios para aprovechar la luz natural durante el d\u00eda y minimizar la exposici\u00f3n a luz artificial por la noche ayuda a regular el ritmo circadiano y mejora la calidad del descanso.<\/li>\n\n\n\n<li><strong>Reducir el estr\u00e9s ambiental<\/strong>: el control ac\u00fastico y el uso de materiales c\u00e1lidos y agradables al tacto pueden crear entornos m\u00e1s tranquilos, ideales para la concentraci\u00f3n.<\/li>\n\n\n\n<li><strong>Mejorar la calidad del aire interior<\/strong>: elegir materiales sin emisiones t\u00f3xicas, integrar ventilaci\u00f3n y plantas mejora la salud respiratoria.<\/li>\n\n\n\n<li><strong>Potenciar la conexi\u00f3n con la naturaleza<\/strong>: incluir vistas al exterior, plantas naturales o elementos que evoquen lo org\u00e1nico puede tener un efecto calmante.<\/li>\n\n\n\n<li><strong>Favorecer la autonom\u00eda<\/strong>: dise\u00f1ar con recorridos claros, zonas diferenciadas y opciones de uso flexible ayuda a que cada persona encuentre su manera de estar en el espacio, lo que refuerza su bienestar emocional tanto de forma colectiva como de manera individual.<\/li>\n<\/ul>\n\n\n\n<h3 class=\"wp-block-heading\">\u00bfQu\u00e9 puede hacer el dise\u00f1o por la salud mental?<\/h3>\n\n\n\n<figure class=\"wp-block-image size-large\"><img loading=\"lazy\" decoding=\"async\" width=\"1024\" height=\"625\" src=\"https:\/\/cu4arquitectura.com\/wp-content\/uploads\/2025\/07\/NEURO_ARQUITECTURA_15_5_2025__DSC7701-1024x625.jpg\" alt=\"\" class=\"wp-image-8544\" srcset=\"https:\/\/cu4arquitectura.com\/wp-content\/uploads\/2025\/07\/NEURO_ARQUITECTURA_15_5_2025__DSC7701-1024x625.jpg 1024w, https:\/\/cu4arquitectura.com\/wp-content\/uploads\/2025\/07\/NEURO_ARQUITECTURA_15_5_2025__DSC7701-300x183.jpg 300w, https:\/\/cu4arquitectura.com\/wp-content\/uploads\/2025\/07\/NEURO_ARQUITECTURA_15_5_2025__DSC7701-768x468.jpg 768w, https:\/\/cu4arquitectura.com\/wp-content\/uploads\/2025\/07\/NEURO_ARQUITECTURA_15_5_2025__DSC7701.jpg 1259w\" sizes=\"auto, (max-width: 1024px) 100vw, 1024px\" \/><\/figure>\n\n\n\n<p class=\"wp-block-paragraph\">Uno de los temas que m\u00e1s inter\u00e9s gener\u00f3 durante la jornada fue el <strong>papel del dise\u00f1o en la salud mental<\/strong>. No hablamos solo de reducir el estr\u00e9s o de evitar entornos saturados en lo que a la decoraci\u00f3n se refiere. Hablamos de c\u00f3mo un buen dise\u00f1o puede contribuir a una mejor autoestima, a relaciones sociales m\u00e1s sanas, a una sensaci\u00f3n de pertenencia.<\/p>\n\n\n\n<p class=\"wp-block-paragraph\">Seg\u00fan la <strong>Organizaci\u00f3n Mundial de la Salud<\/strong>, una de cada ocho personas en el mundo padece un trastorno mental, y en Espa\u00f1a, los datos del CIS revelan que m\u00e1s del 40\u202f% de la poblaci\u00f3n <strong>ha acudido o acudir<\/strong><strong>\u00e1<\/strong><strong> al psic<\/strong><strong>\u00f3<\/strong><strong>logo<\/strong> en alg\u00fan momento de su vida. Estas cifras reflejan una necesidad urgente de abordar la salud mental desde distintos frentes, y el entorno construido puede ser uno de ellos.<\/p>\n\n\n\n<p class=\"wp-block-paragraph\">No es casualidad que muchas oficinas est\u00e9n incorporando zonas de silencio, materiales naturales o recorridos m\u00e1s intuitivos. Son peque\u00f1as decisiones a priori que, lejos de ser est\u00e9ticas, responden a un <strong>cambio de paradigma en el que el espacio<\/strong> deja de ser un escenario pasivo para convertirse en agente que contribuye positivamente a la salud.<\/p>\n\n\n\n<p class=\"wp-block-paragraph\">En el \u00e1mbito dom\u00e9stico sucede lo mismo. La distribuci\u00f3n de una vivienda, la elecci\u00f3n de materiales o el tratamiento de la luz no son neutros. <strong>Todo lo que nos rodea moldea nuestra percepci\u00f3n<\/strong>, nuestra energ\u00eda y nuestra tranquilidad.<\/p>\n\n\n\n<p class=\"wp-block-paragraph\">Dise\u00f1ar bien un espacio no significa solo que algo quede bonito, sino que se viva mejor en \u00e9l. Porque lo que m\u00e1s ayuda, muchas veces, es eso que no se ve, pero se siente y en <strong>CU4 Arquitectura<\/strong> trabajamos para que esta premisa siempre quede presente en cada uno de nuestros trabajos.<\/p>\n\n\n\n<h3 class=\"wp-block-heading\">El evento en im\u00e1genes<\/h3>\n\n\n\n<figure class=\"wp-block-gallery has-nested-images columns-4 is-cropped wp-block-gallery-1 is-layout-flex wp-block-gallery-is-layout-flex\">\n<figure class=\"wp-block-image size-large\"><img loading=\"lazy\" decoding=\"async\" width=\"683\" height=\"1024\" data-id=\"8560\" src=\"https:\/\/cu4arquitectura.com\/wp-content\/uploads\/2025\/05\/NEURO_ARQUITECTURA_15_5_2025__DSC7725-683x1024.jpg\" alt=\"\" class=\"wp-image-8560\" srcset=\"https:\/\/cu4arquitectura.com\/wp-content\/uploads\/2025\/05\/NEURO_ARQUITECTURA_15_5_2025__DSC7725-683x1024.jpg 683w, https:\/\/cu4arquitectura.com\/wp-content\/uploads\/2025\/05\/NEURO_ARQUITECTURA_15_5_2025__DSC7725-200x300.jpg 200w, https:\/\/cu4arquitectura.com\/wp-content\/uploads\/2025\/05\/NEURO_ARQUITECTURA_15_5_2025__DSC7725-768x1152.jpg 768w, https:\/\/cu4arquitectura.com\/wp-content\/uploads\/2025\/05\/NEURO_ARQUITECTURA_15_5_2025__DSC7725-1024x1536.jpg 1024w, https:\/\/cu4arquitectura.com\/wp-content\/uploads\/2025\/05\/NEURO_ARQUITECTURA_15_5_2025__DSC7725-1365x2048.jpg 1365w, https:\/\/cu4arquitectura.com\/wp-content\/uploads\/2025\/05\/NEURO_ARQUITECTURA_15_5_2025__DSC7725-scaled.jpg 1707w\" sizes=\"auto, (max-width: 683px) 100vw, 683px\" \/><\/figure>\n\n\n\n<figure class=\"wp-block-image size-large\"><img loading=\"lazy\" decoding=\"async\" width=\"1024\" height=\"683\" data-id=\"8559\" src=\"https:\/\/cu4arquitectura.com\/wp-content\/uploads\/2025\/05\/NEURO_ARQUITECTURA_15_5_2025__DSC7385-1024x683.jpg\" alt=\"\" class=\"wp-image-8559\" srcset=\"https:\/\/cu4arquitectura.com\/wp-content\/uploads\/2025\/05\/NEURO_ARQUITECTURA_15_5_2025__DSC7385-1024x683.jpg 1024w, https:\/\/cu4arquitectura.com\/wp-content\/uploads\/2025\/05\/NEURO_ARQUITECTURA_15_5_2025__DSC7385-300x200.jpg 300w, https:\/\/cu4arquitectura.com\/wp-content\/uploads\/2025\/05\/NEURO_ARQUITECTURA_15_5_2025__DSC7385-768x512.jpg 768w, https:\/\/cu4arquitectura.com\/wp-content\/uploads\/2025\/05\/NEURO_ARQUITECTURA_15_5_2025__DSC7385-1536x1024.jpg 1536w, https:\/\/cu4arquitectura.com\/wp-content\/uploads\/2025\/05\/NEURO_ARQUITECTURA_15_5_2025__DSC7385-2048x1366.jpg 2048w\" sizes=\"auto, (max-width: 1024px) 100vw, 1024px\" \/><\/figure>\n\n\n\n<figure class=\"wp-block-image size-large\"><img loading=\"lazy\" decoding=\"async\" width=\"683\" height=\"1024\" data-id=\"8558\" src=\"https:\/\/cu4arquitectura.com\/wp-content\/uploads\/2025\/05\/NEURO_ARQUITECTURA_15_5_2025__DSC7449-683x1024.jpg\" alt=\"\" class=\"wp-image-8558\" srcset=\"https:\/\/cu4arquitectura.com\/wp-content\/uploads\/2025\/05\/NEURO_ARQUITECTURA_15_5_2025__DSC7449-683x1024.jpg 683w, https:\/\/cu4arquitectura.com\/wp-content\/uploads\/2025\/05\/NEURO_ARQUITECTURA_15_5_2025__DSC7449-200x300.jpg 200w, https:\/\/cu4arquitectura.com\/wp-content\/uploads\/2025\/05\/NEURO_ARQUITECTURA_15_5_2025__DSC7449-768x1152.jpg 768w, https:\/\/cu4arquitectura.com\/wp-content\/uploads\/2025\/05\/NEURO_ARQUITECTURA_15_5_2025__DSC7449-1024x1536.jpg 1024w, https:\/\/cu4arquitectura.com\/wp-content\/uploads\/2025\/05\/NEURO_ARQUITECTURA_15_5_2025__DSC7449-1366x2048.jpg 1366w, https:\/\/cu4arquitectura.com\/wp-content\/uploads\/2025\/05\/NEURO_ARQUITECTURA_15_5_2025__DSC7449-scaled.jpg 1707w\" sizes=\"auto, (max-width: 683px) 100vw, 683px\" \/><\/figure>\n\n\n\n<figure class=\"wp-block-image size-large\"><img loading=\"lazy\" decoding=\"async\" width=\"1024\" height=\"683\" data-id=\"8556\" src=\"https:\/\/cu4arquitectura.com\/wp-content\/uploads\/2025\/05\/NEURO_ARQUITECTURA_15_5_2025__DSC7509-1024x683.jpg\" alt=\"\" class=\"wp-image-8556\" srcset=\"https:\/\/cu4arquitectura.com\/wp-content\/uploads\/2025\/05\/NEURO_ARQUITECTURA_15_5_2025__DSC7509-1024x683.jpg 1024w, https:\/\/cu4arquitectura.com\/wp-content\/uploads\/2025\/05\/NEURO_ARQUITECTURA_15_5_2025__DSC7509-300x200.jpg 300w, https:\/\/cu4arquitectura.com\/wp-content\/uploads\/2025\/05\/NEURO_ARQUITECTURA_15_5_2025__DSC7509-768x512.jpg 768w, https:\/\/cu4arquitectura.com\/wp-content\/uploads\/2025\/05\/NEURO_ARQUITECTURA_15_5_2025__DSC7509-1536x1024.jpg 1536w, https:\/\/cu4arquitectura.com\/wp-content\/uploads\/2025\/05\/NEURO_ARQUITECTURA_15_5_2025__DSC7509-2048x1365.jpg 2048w\" sizes=\"auto, (max-width: 1024px) 100vw, 1024px\" \/><\/figure>\n<\/figure>\n","protected":false},"excerpt":{"rendered":"<p>En CU4 Arquitectura tenemos claro que el dise\u00f1o influye de manera directa en nuestra forma de vivir. Esto afecta, entre otras cosas a c\u00f3mo dormimos, c\u00f3mo nos relacionamos y, por supuesto, a c\u00f3mo nos sentimos. Bajo esa idea participamos en el showroom de ACTIU en Barcelona, en una jornada dedicada a explorar la relaci\u00f3n entre [&hellip;]<\/p>\n","protected":false},"author":9,"featured_media":8561,"comment_status":"open","ping_status":"open","sticky":false,"template":"","format":"standard","meta":{"_acf_changed":false,"footnotes":""},"categories":[6],"tags":[],"class_list":["post-8526","post","type-post","status-publish","format-standard","has-post-thumbnail","hentry","category-cu4"],"acf":[],"yoast_head":"<!-- This site is optimized with the Yoast SEO plugin v27.7 - https:\/\/yoast.com\/product\/yoast-seo-wordpress\/ -->\n<title>Presentes en el showroom de ACTIU en Barcelona - CU4 Arquitectos en Valencia | Estudio de arquitectura<\/title>\n<meta name=\"description\" content=\"Descubre c\u00f3mo el dise\u00f1o arquitect\u00f3nico impacta en la salud mental y el bienestar diario. Espacios que cuidan lo invisible.\" \/>\n<meta name=\"robots\" content=\"index, follow, max-snippet:-1, max-image-preview:large, max-video-preview:-1\" \/>\n<link rel=\"canonical\" href=\"https:\/\/cu4arquitectura.com\/en\/2025\/05\/15\/presentes-en-el-showroom-de-actiu-en-barcelona\/\" \/>\n<meta property=\"og:locale\" content=\"en_US\" \/>\n<meta property=\"og:type\" content=\"article\" \/>\n<meta property=\"og:title\" content=\"Presentes en el showroom de ACTIU en Barcelona - CU4 Arquitectos en Valencia | Estudio de arquitectura\" \/>\n<meta property=\"og:description\" content=\"Descubre c\u00f3mo el dise\u00f1o arquitect\u00f3nico impacta en la salud mental y el bienestar diario. Espacios que cuidan lo invisible.\" \/>\n<meta property=\"og:url\" content=\"https:\/\/cu4arquitectura.com\/en\/2025\/05\/15\/presentes-en-el-showroom-de-actiu-en-barcelona\/\" \/>\n<meta property=\"og:site_name\" content=\"CU4 Arquitectos en Valencia | Estudio de arquitectura\" \/>\n<meta property=\"article:published_time\" content=\"2025-05-15T06:59:00+00:00\" \/>\n<meta property=\"article:modified_time\" content=\"2025-07-18T08:10:31+00:00\" \/>\n<meta property=\"og:image\" content=\"https:\/\/cu4arquitectura.com\/wp-content\/uploads\/2025\/05\/NEURO_ARQUITECTURA_15_5_2025__DSC74351-scaled.jpg\" \/>\n\t<meta property=\"og:image:width\" content=\"2560\" \/>\n\t<meta property=\"og:image:height\" content=\"1707\" \/>\n\t<meta property=\"og:image:type\" content=\"image\/jpeg\" \/>\n<meta name=\"author\" content=\"Cu4 Arquitectura\" \/>\n<meta name=\"twitter:card\" content=\"summary_large_image\" \/>\n<meta name=\"twitter:label1\" content=\"Written by\" \/>\n\t<meta name=\"twitter:data1\" content=\"Cu4 Arquitectura\" \/>\n\t<meta name=\"twitter:label2\" content=\"Est. reading time\" \/>\n\t<meta name=\"twitter:data2\" content=\"5 minutes\" \/>\n<script type=\"application\/ld+json\" class=\"yoast-schema-graph\">{\"@context\":\"https:\\\/\\\/schema.org\",\"@graph\":[{\"@type\":\"Article\",\"@id\":\"https:\\\/\\\/cu4arquitectura.com\\\/en\\\/2025\\\/05\\\/15\\\/presentes-en-el-showroom-de-actiu-en-barcelona\\\/#article\",\"isPartOf\":{\"@id\":\"https:\\\/\\\/cu4arquitectura.com\\\/en\\\/2025\\\/05\\\/15\\\/presentes-en-el-showroom-de-actiu-en-barcelona\\\/\"},\"author\":{\"name\":\"Cu4 Arquitectura\",\"@id\":\"https:\\\/\\\/cu4arquitectura.com\\\/en\\\/#\\\/schema\\\/person\\\/58ac72d4acb0eae359c5ced2c441783b\"},\"headline\":\"Presentes en el showroom de ACTIU en Barcelona\",\"datePublished\":\"2025-05-15T06:59:00+00:00\",\"dateModified\":\"2025-07-18T08:10:31+00:00\",\"mainEntityOfPage\":{\"@id\":\"https:\\\/\\\/cu4arquitectura.com\\\/en\\\/2025\\\/05\\\/15\\\/presentes-en-el-showroom-de-actiu-en-barcelona\\\/\"},\"wordCount\":774,\"commentCount\":0,\"publisher\":{\"@id\":\"https:\\\/\\\/cu4arquitectura.com\\\/en\\\/#organization\"},\"image\":{\"@id\":\"https:\\\/\\\/cu4arquitectura.com\\\/en\\\/2025\\\/05\\\/15\\\/presentes-en-el-showroom-de-actiu-en-barcelona\\\/#primaryimage\"},\"thumbnailUrl\":\"https:\\\/\\\/cu4arquitectura.com\\\/wp-content\\\/uploads\\\/2025\\\/05\\\/NEURO_ARQUITECTURA_15_5_2025__DSC74351-scaled.jpg\",\"articleSection\":[\"CU4 Arquitectura\"],\"inLanguage\":\"en-US\",\"potentialAction\":[{\"@type\":\"CommentAction\",\"name\":\"Comment\",\"target\":[\"https:\\\/\\\/cu4arquitectura.com\\\/en\\\/2025\\\/05\\\/15\\\/presentes-en-el-showroom-de-actiu-en-barcelona\\\/#respond\"]}]},{\"@type\":\"WebPage\",\"@id\":\"https:\\\/\\\/cu4arquitectura.com\\\/en\\\/2025\\\/05\\\/15\\\/presentes-en-el-showroom-de-actiu-en-barcelona\\\/\",\"url\":\"https:\\\/\\\/cu4arquitectura.com\\\/en\\\/2025\\\/05\\\/15\\\/presentes-en-el-showroom-de-actiu-en-barcelona\\\/\",\"name\":\"Presentes en el showroom de ACTIU en Barcelona - CU4 Arquitectos en Valencia | Estudio de arquitectura\",\"isPartOf\":{\"@id\":\"https:\\\/\\\/cu4arquitectura.com\\\/en\\\/#website\"},\"primaryImageOfPage\":{\"@id\":\"https:\\\/\\\/cu4arquitectura.com\\\/en\\\/2025\\\/05\\\/15\\\/presentes-en-el-showroom-de-actiu-en-barcelona\\\/#primaryimage\"},\"image\":{\"@id\":\"https:\\\/\\\/cu4arquitectura.com\\\/en\\\/2025\\\/05\\\/15\\\/presentes-en-el-showroom-de-actiu-en-barcelona\\\/#primaryimage\"},\"thumbnailUrl\":\"https:\\\/\\\/cu4arquitectura.com\\\/wp-content\\\/uploads\\\/2025\\\/05\\\/NEURO_ARQUITECTURA_15_5_2025__DSC74351-scaled.jpg\",\"datePublished\":\"2025-05-15T06:59:00+00:00\",\"dateModified\":\"2025-07-18T08:10:31+00:00\",\"description\":\"Descubre c\u00f3mo el dise\u00f1o arquitect\u00f3nico impacta en la salud mental y el bienestar diario. Espacios que cuidan lo invisible.\",\"breadcrumb\":{\"@id\":\"https:\\\/\\\/cu4arquitectura.com\\\/en\\\/2025\\\/05\\\/15\\\/presentes-en-el-showroom-de-actiu-en-barcelona\\\/#breadcrumb\"},\"inLanguage\":\"en-US\",\"potentialAction\":[{\"@type\":\"ReadAction\",\"target\":[\"https:\\\/\\\/cu4arquitectura.com\\\/en\\\/2025\\\/05\\\/15\\\/presentes-en-el-showroom-de-actiu-en-barcelona\\\/\"]}]},{\"@type\":\"ImageObject\",\"inLanguage\":\"en-US\",\"@id\":\"https:\\\/\\\/cu4arquitectura.com\\\/en\\\/2025\\\/05\\\/15\\\/presentes-en-el-showroom-de-actiu-en-barcelona\\\/#primaryimage\",\"url\":\"https:\\\/\\\/cu4arquitectura.com\\\/wp-content\\\/uploads\\\/2025\\\/05\\\/NEURO_ARQUITECTURA_15_5_2025__DSC74351-scaled.jpg\",\"contentUrl\":\"https:\\\/\\\/cu4arquitectura.com\\\/wp-content\\\/uploads\\\/2025\\\/05\\\/NEURO_ARQUITECTURA_15_5_2025__DSC74351-scaled.jpg\",\"width\":2560,\"height\":1707},{\"@type\":\"BreadcrumbList\",\"@id\":\"https:\\\/\\\/cu4arquitectura.com\\\/en\\\/2025\\\/05\\\/15\\\/presentes-en-el-showroom-de-actiu-en-barcelona\\\/#breadcrumb\",\"itemListElement\":[{\"@type\":\"ListItem\",\"position\":1,\"name\":\"Portada\",\"item\":\"https:\\\/\\\/cu4arquitectura.com\\\/en\\\/\"},{\"@type\":\"ListItem\",\"position\":2,\"name\":\"Presentes en el showroom de ACTIU en Barcelona\"}]},{\"@type\":\"WebSite\",\"@id\":\"https:\\\/\\\/cu4arquitectura.com\\\/en\\\/#website\",\"url\":\"https:\\\/\\\/cu4arquitectura.com\\\/en\\\/\",\"name\":\"CU4 Arquitectos en Valencia | Estudio de arquitectura\",\"description\":\"Arquitectos en Valencia | Especializados en espacios a medida para empresas y particulares, dise\u00f1ados para tu bienestar\",\"publisher\":{\"@id\":\"https:\\\/\\\/cu4arquitectura.com\\\/en\\\/#organization\"},\"potentialAction\":[{\"@type\":\"SearchAction\",\"target\":{\"@type\":\"EntryPoint\",\"urlTemplate\":\"https:\\\/\\\/cu4arquitectura.com\\\/en\\\/?s={search_term_string}\"},\"query-input\":{\"@type\":\"PropertyValueSpecification\",\"valueRequired\":true,\"valueName\":\"search_term_string\"}}],\"inLanguage\":\"en-US\"},{\"@type\":\"Organization\",\"@id\":\"https:\\\/\\\/cu4arquitectura.com\\\/en\\\/#organization\",\"name\":\"CU4 Arquitectos en Valencia | Estudio de arquitectura\",\"url\":\"https:\\\/\\\/cu4arquitectura.com\\\/en\\\/\",\"logo\":{\"@type\":\"ImageObject\",\"inLanguage\":\"en-US\",\"@id\":\"https:\\\/\\\/cu4arquitectura.com\\\/en\\\/#\\\/schema\\\/logo\\\/image\\\/\",\"url\":\"https:\\\/\\\/cu4arquitectura.com\\\/wp-content\\\/uploads\\\/2024\\\/01\\\/LOGO_CU4_original.svg\",\"contentUrl\":\"https:\\\/\\\/cu4arquitectura.com\\\/wp-content\\\/uploads\\\/2024\\\/01\\\/LOGO_CU4_original.svg\",\"width\":841,\"height\":595,\"caption\":\"CU4 Arquitectos en Valencia | Estudio de arquitectura\"},\"image\":{\"@id\":\"https:\\\/\\\/cu4arquitectura.com\\\/en\\\/#\\\/schema\\\/logo\\\/image\\\/\"}},{\"@type\":\"Person\",\"@id\":\"https:\\\/\\\/cu4arquitectura.com\\\/en\\\/#\\\/schema\\\/person\\\/58ac72d4acb0eae359c5ced2c441783b\",\"name\":\"Cu4 Arquitectura\",\"image\":{\"@type\":\"ImageObject\",\"inLanguage\":\"en-US\",\"@id\":\"https:\\\/\\\/secure.gravatar.com\\\/avatar\\\/69c9d1889eb4b58e3df642c4e9c2f96615fb57f7b9b4856a50c4dbab35ff552d?s=96&d=mm&r=g\",\"url\":\"https:\\\/\\\/secure.gravatar.com\\\/avatar\\\/69c9d1889eb4b58e3df642c4e9c2f96615fb57f7b9b4856a50c4dbab35ff552d?s=96&d=mm&r=g\",\"contentUrl\":\"https:\\\/\\\/secure.gravatar.com\\\/avatar\\\/69c9d1889eb4b58e3df642c4e9c2f96615fb57f7b9b4856a50c4dbab35ff552d?s=96&d=mm&r=g\",\"caption\":\"Cu4 Arquitectura\"},\"url\":\"https:\\\/\\\/cu4arquitectura.com\\\/en\\\/author\\\/noticias_cu4arquitectura\\\/\"}]}<\/script>\n<!-- \/ Yoast SEO plugin. -->","yoast_head_json":{"title":"Presentes en el showroom de ACTIU en Barcelona - CU4 Arquitectos en Valencia | Estudio de arquitectura","description":"Descubre c\u00f3mo el dise\u00f1o arquitect\u00f3nico impacta en la salud mental y el bienestar diario. Espacios que cuidan lo invisible.","robots":{"index":"index","follow":"follow","max-snippet":"max-snippet:-1","max-image-preview":"max-image-preview:large","max-video-preview":"max-video-preview:-1"},"canonical":"https:\/\/cu4arquitectura.com\/en\/2025\/05\/15\/presentes-en-el-showroom-de-actiu-en-barcelona\/","og_locale":"en_US","og_type":"article","og_title":"Presentes en el showroom de ACTIU en Barcelona - CU4 Arquitectos en Valencia | Estudio de arquitectura","og_description":"Descubre c\u00f3mo el dise\u00f1o arquitect\u00f3nico impacta en la salud mental y el bienestar diario. Espacios que cuidan lo invisible.","og_url":"https:\/\/cu4arquitectura.com\/en\/2025\/05\/15\/presentes-en-el-showroom-de-actiu-en-barcelona\/","og_site_name":"CU4 Arquitectos en Valencia | Estudio de arquitectura","article_published_time":"2025-05-15T06:59:00+00:00","article_modified_time":"2025-07-18T08:10:31+00:00","og_image":[{"width":2560,"height":1707,"url":"https:\/\/cu4arquitectura.com\/wp-content\/uploads\/2025\/05\/NEURO_ARQUITECTURA_15_5_2025__DSC74351-scaled.jpg","type":"image\/jpeg"}],"author":"Cu4 Arquitectura","twitter_card":"summary_large_image","twitter_misc":{"Written by":"Cu4 Arquitectura","Est. reading time":"5 minutes"},"schema":{"@context":"https:\/\/schema.org","@graph":[{"@type":"Article","@id":"https:\/\/cu4arquitectura.com\/en\/2025\/05\/15\/presentes-en-el-showroom-de-actiu-en-barcelona\/#article","isPartOf":{"@id":"https:\/\/cu4arquitectura.com\/en\/2025\/05\/15\/presentes-en-el-showroom-de-actiu-en-barcelona\/"},"author":{"name":"Cu4 Arquitectura","@id":"https:\/\/cu4arquitectura.com\/en\/#\/schema\/person\/58ac72d4acb0eae359c5ced2c441783b"},"headline":"Presentes en el showroom de ACTIU en Barcelona","datePublished":"2025-05-15T06:59:00+00:00","dateModified":"2025-07-18T08:10:31+00:00","mainEntityOfPage":{"@id":"https:\/\/cu4arquitectura.com\/en\/2025\/05\/15\/presentes-en-el-showroom-de-actiu-en-barcelona\/"},"wordCount":774,"commentCount":0,"publisher":{"@id":"https:\/\/cu4arquitectura.com\/en\/#organization"},"image":{"@id":"https:\/\/cu4arquitectura.com\/en\/2025\/05\/15\/presentes-en-el-showroom-de-actiu-en-barcelona\/#primaryimage"},"thumbnailUrl":"https:\/\/cu4arquitectura.com\/wp-content\/uploads\/2025\/05\/NEURO_ARQUITECTURA_15_5_2025__DSC74351-scaled.jpg","articleSection":["CU4 Arquitectura"],"inLanguage":"en-US","potentialAction":[{"@type":"CommentAction","name":"Comment","target":["https:\/\/cu4arquitectura.com\/en\/2025\/05\/15\/presentes-en-el-showroom-de-actiu-en-barcelona\/#respond"]}]},{"@type":"WebPage","@id":"https:\/\/cu4arquitectura.com\/en\/2025\/05\/15\/presentes-en-el-showroom-de-actiu-en-barcelona\/","url":"https:\/\/cu4arquitectura.com\/en\/2025\/05\/15\/presentes-en-el-showroom-de-actiu-en-barcelona\/","name":"Presentes en el showroom de ACTIU en Barcelona - CU4 Arquitectos en Valencia | Estudio de arquitectura","isPartOf":{"@id":"https:\/\/cu4arquitectura.com\/en\/#website"},"primaryImageOfPage":{"@id":"https:\/\/cu4arquitectura.com\/en\/2025\/05\/15\/presentes-en-el-showroom-de-actiu-en-barcelona\/#primaryimage"},"image":{"@id":"https:\/\/cu4arquitectura.com\/en\/2025\/05\/15\/presentes-en-el-showroom-de-actiu-en-barcelona\/#primaryimage"},"thumbnailUrl":"https:\/\/cu4arquitectura.com\/wp-content\/uploads\/2025\/05\/NEURO_ARQUITECTURA_15_5_2025__DSC74351-scaled.jpg","datePublished":"2025-05-15T06:59:00+00:00","dateModified":"2025-07-18T08:10:31+00:00","description":"Descubre c\u00f3mo el dise\u00f1o arquitect\u00f3nico impacta en la salud mental y el bienestar diario. Espacios que cuidan lo invisible.","breadcrumb":{"@id":"https:\/\/cu4arquitectura.com\/en\/2025\/05\/15\/presentes-en-el-showroom-de-actiu-en-barcelona\/#breadcrumb"},"inLanguage":"en-US","potentialAction":[{"@type":"ReadAction","target":["https:\/\/cu4arquitectura.com\/en\/2025\/05\/15\/presentes-en-el-showroom-de-actiu-en-barcelona\/"]}]},{"@type":"ImageObject","inLanguage":"en-US","@id":"https:\/\/cu4arquitectura.com\/en\/2025\/05\/15\/presentes-en-el-showroom-de-actiu-en-barcelona\/#primaryimage","url":"https:\/\/cu4arquitectura.com\/wp-content\/uploads\/2025\/05\/NEURO_ARQUITECTURA_15_5_2025__DSC74351-scaled.jpg","contentUrl":"https:\/\/cu4arquitectura.com\/wp-content\/uploads\/2025\/05\/NEURO_ARQUITECTURA_15_5_2025__DSC74351-scaled.jpg","width":2560,"height":1707},{"@type":"BreadcrumbList","@id":"https:\/\/cu4arquitectura.com\/en\/2025\/05\/15\/presentes-en-el-showroom-de-actiu-en-barcelona\/#breadcrumb","itemListElement":[{"@type":"ListItem","position":1,"name":"Portada","item":"https:\/\/cu4arquitectura.com\/en\/"},{"@type":"ListItem","position":2,"name":"Presentes en el showroom de ACTIU en Barcelona"}]},{"@type":"WebSite","@id":"https:\/\/cu4arquitectura.com\/en\/#website","url":"https:\/\/cu4arquitectura.com\/en\/","name":"CU4 Arquitectos en Valencia | Estudio de arquitectura","description":"Arquitectos en Valencia | Especializados en espacios a medida para empresas y particulares, dise\u00f1ados para tu bienestar","publisher":{"@id":"https:\/\/cu4arquitectura.com\/en\/#organization"},"potentialAction":[{"@type":"SearchAction","target":{"@type":"EntryPoint","urlTemplate":"https:\/\/cu4arquitectura.com\/en\/?s={search_term_string}"},"query-input":{"@type":"PropertyValueSpecification","valueRequired":true,"valueName":"search_term_string"}}],"inLanguage":"en-US"},{"@type":"Organization","@id":"https:\/\/cu4arquitectura.com\/en\/#organization","name":"CU4 Arquitectos en Valencia | Estudio de arquitectura","url":"https:\/\/cu4arquitectura.com\/en\/","logo":{"@type":"ImageObject","inLanguage":"en-US","@id":"https:\/\/cu4arquitectura.com\/en\/#\/schema\/logo\/image\/","url":"https:\/\/cu4arquitectura.com\/wp-content\/uploads\/2024\/01\/LOGO_CU4_original.svg","contentUrl":"https:\/\/cu4arquitectura.com\/wp-content\/uploads\/2024\/01\/LOGO_CU4_original.svg","width":841,"height":595,"caption":"CU4 Arquitectos en Valencia | Estudio de arquitectura"},"image":{"@id":"https:\/\/cu4arquitectura.com\/en\/#\/schema\/logo\/image\/"}},{"@type":"Person","@id":"https:\/\/cu4arquitectura.com\/en\/#\/schema\/person\/58ac72d4acb0eae359c5ced2c441783b","name":"Cu4 Arquitectura","image":{"@type":"ImageObject","inLanguage":"en-US","@id":"https:\/\/secure.gravatar.com\/avatar\/69c9d1889eb4b58e3df642c4e9c2f96615fb57f7b9b4856a50c4dbab35ff552d?s=96&d=mm&r=g","url":"https:\/\/secure.gravatar.com\/avatar\/69c9d1889eb4b58e3df642c4e9c2f96615fb57f7b9b4856a50c4dbab35ff552d?s=96&d=mm&r=g","contentUrl":"https:\/\/secure.gravatar.com\/avatar\/69c9d1889eb4b58e3df642c4e9c2f96615fb57f7b9b4856a50c4dbab35ff552d?s=96&d=mm&r=g","caption":"Cu4 Arquitectura"},"url":"https:\/\/cu4arquitectura.com\/en\/author\/noticias_cu4arquitectura\/"}]}},"_links":{"self":[{"href":"https:\/\/cu4arquitectura.com\/en\/wp-json\/wp\/v2\/posts\/8526","targetHints":{"allow":["GET"]}}],"collection":[{"href":"https:\/\/cu4arquitectura.com\/en\/wp-json\/wp\/v2\/posts"}],"about":[{"href":"https:\/\/cu4arquitectura.com\/en\/wp-json\/wp\/v2\/types\/post"}],"author":[{"embeddable":true,"href":"https:\/\/cu4arquitectura.com\/en\/wp-json\/wp\/v2\/users\/9"}],"replies":[{"embeddable":true,"href":"https:\/\/cu4arquitectura.com\/en\/wp-json\/wp\/v2\/comments?post=8526"}],"version-history":[{"count":6,"href":"https:\/\/cu4arquitectura.com\/en\/wp-json\/wp\/v2\/posts\/8526\/revisions"}],"predecessor-version":[{"id":8565,"href":"https:\/\/cu4arquitectura.com\/en\/wp-json\/wp\/v2\/posts\/8526\/revisions\/8565"}],"wp:featuredmedia":[{"embeddable":true,"href":"https:\/\/cu4arquitectura.com\/en\/wp-json\/wp\/v2\/media\/8561"}],"wp:attachment":[{"href":"https:\/\/cu4arquitectura.com\/en\/wp-json\/wp\/v2\/media?parent=8526"}],"wp:term":[{"taxonomy":"category","embeddable":true,"href":"https:\/\/cu4arquitectura.com\/en\/wp-json\/wp\/v2\/categories?post=8526"},{"taxonomy":"post_tag","embeddable":true,"href":"https:\/\/cu4arquitectura.com\/en\/wp-json\/wp\/v2\/tags?post=8526"}],"curies":[{"name":"wp","href":"https:\/\/api.w.org\/{rel}","templated":true}]}}