{"id":8494,"date":"2025-05-30T07:24:59","date_gmt":"2025-05-30T07:24:59","guid":{"rendered":"https:\/\/cu4arquitectura.com\/?p=8494"},"modified":"2025-07-18T07:26:03","modified_gmt":"2025-07-18T07:26:03","slug":"cu4-acompana-a-actiu-en-su-jornada-de-arquitectos","status":"publish","type":"post","link":"https:\/\/cu4arquitectura.com\/en\/2025\/05\/30\/cu4-acompana-a-actiu-en-su-jornada-de-arquitectos\/","title":{"rendered":"CU4 acompa\u00f1a a ACTIU en su jornada de arquitectos"},"content":{"rendered":"\n<figure class=\"wp-block-image size-large\"><img loading=\"lazy\" decoding=\"async\" width=\"1024\" height=\"683\" src=\"https:\/\/cu4arquitectura.com\/wp-content\/uploads\/2025\/07\/10-1024x683.jpg\" alt=\"\" class=\"wp-image-8500\" srcset=\"https:\/\/cu4arquitectura.com\/wp-content\/uploads\/2025\/07\/10-1024x683.jpg 1024w, https:\/\/cu4arquitectura.com\/wp-content\/uploads\/2025\/07\/10-300x200.jpg 300w, https:\/\/cu4arquitectura.com\/wp-content\/uploads\/2025\/07\/10-768x512.jpg 768w, https:\/\/cu4arquitectura.com\/wp-content\/uploads\/2025\/07\/10.jpg 1151w\" sizes=\"auto, (max-width: 1024px) 100vw, 1024px\" \/><\/figure>\n\n\n\n<p class=\"wp-block-paragraph\"><strong>ACTIU<\/strong> organiz\u00f3 en su sede de Castalla una jornada dedicada a la neuroarquitectura, el bienestar y los entornos dise\u00f1ados con prop\u00f3sito. Participaron profesionales del <strong>Colegio Territorial de Arquitectos de Alicante (CTAA)<\/strong> y del <strong>Colegio de Arquitectos de Valencia (CTAV<\/strong>), en un encuentro que dej\u00f3 espacio para la reflexi\u00f3n, la conversaci\u00f3n y la inspiraci\u00f3n.<\/p>\n\n\n\n<p class=\"wp-block-paragraph\">CU4 no solo estuvo presente, sino que nuestra arquitecta <strong>Anna Ferrer<\/strong> fue una de las voces protagonistas del encuentro, aportando una mirada profunda sobre c\u00f3mo el dise\u00f1o puede mejorar nuestra salud.<\/p>\n\n\n\n<h3 class=\"wp-block-heading\">Entendiendo c\u00f3mo se dise\u00f1a el bienestar desde la ra\u00edz<\/h3>\n\n\n\n<p class=\"wp-block-paragraph\">Somos conocedores de que el bienestar no se improvisa. Se construye desde la ra\u00edz, como vimos en el recorrido por las instalaciones de ACTIU.<\/p>\n\n\n\n<p class=\"wp-block-paragraph\">Un paseo por sus espacios productivos y corporativos nos mostr\u00f3 c\u00f3mo el <strong>dise\u00f1o industrial, la experiencia de usuario y la cultura de empresa<\/strong> pueden formar un todo coherente. Cada rinc\u00f3n tiene una intenci\u00f3n. Cada elecci\u00f3n espacial habla de funcionalidad, sostenibilidad y cuidado por las personas.<\/p>\n\n\n\n<h2 class=\"wp-block-heading\">Anna Ferrer, experta invitada<\/h2>\n\n\n\n<figure class=\"wp-block-image size-large\"><img loading=\"lazy\" decoding=\"async\" width=\"1024\" height=\"683\" src=\"https:\/\/cu4arquitectura.com\/wp-content\/uploads\/2025\/07\/05-1024x683.jpg\" alt=\"\" class=\"wp-image-8498\" srcset=\"https:\/\/cu4arquitectura.com\/wp-content\/uploads\/2025\/07\/05-1024x683.jpg 1024w, https:\/\/cu4arquitectura.com\/wp-content\/uploads\/2025\/07\/05-300x200.jpg 300w, https:\/\/cu4arquitectura.com\/wp-content\/uploads\/2025\/07\/05-768x512.jpg 768w, https:\/\/cu4arquitectura.com\/wp-content\/uploads\/2025\/07\/05.jpg 1151w\" sizes=\"auto, (max-width: 1024px) 100vw, 1024px\" \/><\/figure>\n\n\n\n<p class=\"wp-block-paragraph\">Su intervenci\u00f3n dej\u00f3 huella. <strong>Anna Ferrer<\/strong>, arquitecta en CU4 Arquitectura, habl\u00f3 de salud desde la perspectiva del dise\u00f1o, especialmente desde el <strong>enfoque del est\u00e1ndar WELL<\/strong>. Pero no se qued\u00f3 en lo superficial. Fue m\u00e1s all\u00e1 del aire o la luz natural.<\/p>\n\n\n\n<p class=\"wp-block-paragraph\">Habl\u00f3 de c\u00f3mo las decisiones de dise\u00f1o afectan directamente a nuestro sistema nervioso, a nuestras emociones, a nuestra capacidad para concentrarnos, descansar o rendir.<\/p>\n\n\n\n<p class=\"wp-block-paragraph\">La met\u00e1fora que lanz\u00f3 \u2014&#8221;\u00bfmedicar al pez o limpiar la pecera?&#8221;\u2014 se convirti\u00f3 en uno de los momentos m\u00e1s compartidos del d\u00eda. Porque en el fondo, eso es lo que est\u00e1 en juego. Si queremos mejorar el bienestar, \u00bfactuamos sobre la persona o sobre el entorno que la rodea? Esa es la cuesti\u00f3n.<\/p>\n\n\n\n<h3 class=\"wp-block-heading\">\u00bfC\u00f3mo el dise\u00f1o y la ciencia fomentan el bienestar?<\/h3>\n\n\n\n<p class=\"wp-block-paragraph\">La conversaci\u00f3n entre Anna Ferrer y <strong>Carmen Llinares<\/strong>, directora del<strong> Laboratorio de Neuroarquitectura de la UPV<\/strong>, cruz\u00f3 emoci\u00f3n y evidencia. En nuestro estudio defendemos ese enfoque que combina sensibilidad, conocimiento t\u00e9cnico y mirada cr\u00edtica.<\/p>\n\n\n\n<p class=\"wp-block-paragraph\">El dise\u00f1o puede y debe contribuir al bienestar f\u00edsico, mental y social. Estos encuentros lo confirman. El cambio hacia una arquitectura m\u00e1s consciente, colaborativa y humana no es una utop\u00eda. Es una realidad que ya se est\u00e1 construyendo.<\/p>\n\n\n\n<h3 class=\"wp-block-heading\">9 claves que utilizamos en CU4 Arquitectura<\/h3>\n\n\n\n<figure class=\"wp-block-image size-large\"><img loading=\"lazy\" decoding=\"async\" width=\"1024\" height=\"683\" src=\"https:\/\/cu4arquitectura.com\/wp-content\/uploads\/2025\/07\/02-1024x683.jpg\" alt=\"\" class=\"wp-image-8502\" srcset=\"https:\/\/cu4arquitectura.com\/wp-content\/uploads\/2025\/07\/02-1024x683.jpg 1024w, https:\/\/cu4arquitectura.com\/wp-content\/uploads\/2025\/07\/02-300x200.jpg 300w, https:\/\/cu4arquitectura.com\/wp-content\/uploads\/2025\/07\/02-768x512.jpg 768w, https:\/\/cu4arquitectura.com\/wp-content\/uploads\/2025\/07\/02.jpg 1151w\" sizes=\"auto, (max-width: 1024px) 100vw, 1024px\" \/><\/figure>\n\n\n\n<p class=\"wp-block-paragraph\">Los temas que se debatieron en esta jornada no son ajenos a nuestro d\u00eda a d\u00eda. Aqu\u00ed compartimos algunas de las claves que forman parte de nuestro enfoque:<\/p>\n\n\n\n<ul class=\"wp-block-list\">\n<li><strong>Pensar en las personas antes que en los objetos<\/strong><br>Cada decisi\u00f3n de dise\u00f1o nace de una pregunta esencial. \u00bfC\u00f3mo se siente, se mueve y se relaciona quien va a habitar este lugar?<\/li>\n\n\n\n<li><strong>Trabajar con la luz, no solo con la l\u00e1mpara<\/strong><br>M\u00e1s que iluminar, se trata de entender c\u00f3mo la luz natural afecta a nuestras emociones, a nuestra energ\u00eda y a nuestra salud.<\/li>\n\n\n\n<li><strong>Reducir el ruido visual y mental<\/strong><br>Un entorno saturado agota. El dise\u00f1o debe ser tambi\u00e9n una herramienta para el descanso, la claridad y el equilibrio.<\/li>\n\n\n\n<li><strong>Cuestionar el est\u00e1ndar, aplicar la evidencia<\/strong><br>La neuroarquitectura y los est\u00e1ndares como WELL son referencias \u00fatiles, pero no sustituyen a la observaci\u00f3n, la escucha y el sentido com\u00fan.<\/li>\n\n\n\n<li><strong>Dise\u00f1ar como acto de cuidado<\/strong><br>No creamos solo formas. Dise\u00f1amos experiencias con impacto emocional y fisiol\u00f3gico. Cada decisi\u00f3n cuenta, y cuidarla es parte del compromiso.<\/li>\n\n\n\n<li><strong>Adaptar el dise\u00f1o al contexto y a la cultura<\/strong><br>No existen recetas universales. Cada espacio debe responder a su entorno, su clima, su historia y las personas que lo habitan.<\/li>\n\n\n\n<li><strong>Promover la conexi\u00f3n con la naturaleza<\/strong><br>Integrar elementos naturales no es solo una tendencia. Es una necesidad humana que mejora el bienestar cuando se incorpora de forma org\u00e1nica en el entorno construido.<\/li>\n\n\n\n<li><strong>Escuchar antes de proyectar<\/strong><br>El dise\u00f1o empieza con la escucha. Comprender las verdaderas necesidades de quienes usar\u00e1n un espacio es el primer paso hacia soluciones honestas y eficaces.<\/li>\n\n\n\n<li><strong>Trabajar en red con otras disciplinas<\/strong><br>La arquitectura gana profundidad cuando se abre al di\u00e1logo con la psicolog\u00eda, la neurociencia o la sociolog\u00eda. El bienestar se construye en equipo.<\/li>\n<\/ul>\n\n\n\n<p class=\"wp-block-paragraph\">Pero m\u00e1s all\u00e1 de las ponencias, esta jornada evidenci\u00f3 algo esencial, el futuro de la arquitectura se juega en los peque\u00f1os gestos que cuidan. En los detalles que no se ven, pero se sienten. Y en la voluntad compartida de dise\u00f1ar no solo con criterio, sino con conciencia.<\/p>\n","protected":false},"excerpt":{"rendered":"<p>ACTIU organiz\u00f3 en su sede de Castalla una jornada dedicada a la neuroarquitectura, el bienestar y los entornos dise\u00f1ados con prop\u00f3sito. Participaron profesionales del Colegio Territorial de Arquitectos de Alicante (CTAA) y del Colegio de Arquitectos de Valencia (CTAV), en un encuentro que dej\u00f3 espacio para la reflexi\u00f3n, la conversaci\u00f3n y la inspiraci\u00f3n. CU4 no [&hellip;]<\/p>\n","protected":false},"author":9,"featured_media":8500,"comment_status":"open","ping_status":"open","sticky":false,"template":"","format":"standard","meta":{"_acf_changed":false,"footnotes":""},"categories":[6],"tags":[],"class_list":["post-8494","post","type-post","status-publish","format-standard","has-post-thumbnail","hentry","category-cu4"],"acf":[],"yoast_head":"<!-- This site is optimized with the Yoast SEO plugin v27.7 - https:\/\/yoast.com\/product\/yoast-seo-wordpress\/ -->\n<title>CU4 acompa\u00f1a a ACTIU en su jornada de arquitectos - CU4 Arquitectos en Valencia | Estudio de arquitectura<\/title>\n<meta name=\"description\" content=\"CU4 participa en la jornada de ACTIU sobre neuroarquitectura y bienestar, con Anna Ferrer como voz destacada en dise\u00f1o consciente-\" \/>\n<meta name=\"robots\" content=\"index, follow, max-snippet:-1, max-image-preview:large, max-video-preview:-1\" \/>\n<link rel=\"canonical\" href=\"https:\/\/cu4arquitectura.com\/en\/2025\/05\/30\/cu4-acompana-a-actiu-en-su-jornada-de-arquitectos\/\" \/>\n<meta property=\"og:locale\" content=\"en_US\" \/>\n<meta property=\"og:type\" content=\"article\" \/>\n<meta property=\"og:title\" content=\"CU4 acompa\u00f1a a ACTIU en su jornada de arquitectos - CU4 Arquitectos en Valencia | Estudio de arquitectura\" \/>\n<meta property=\"og:description\" content=\"CU4 participa en la jornada de ACTIU sobre neuroarquitectura y bienestar, con Anna Ferrer como voz destacada en dise\u00f1o consciente-\" \/>\n<meta property=\"og:url\" content=\"https:\/\/cu4arquitectura.com\/en\/2025\/05\/30\/cu4-acompana-a-actiu-en-su-jornada-de-arquitectos\/\" \/>\n<meta property=\"og:site_name\" content=\"CU4 Arquitectos en Valencia | Estudio de arquitectura\" \/>\n<meta property=\"article:published_time\" content=\"2025-05-30T07:24:59+00:00\" \/>\n<meta property=\"article:modified_time\" content=\"2025-07-18T07:26:03+00:00\" \/>\n<meta property=\"og:image\" content=\"https:\/\/cu4arquitectura.com\/wp-content\/uploads\/2025\/07\/10.jpg\" \/>\n\t<meta property=\"og:image:width\" content=\"1151\" \/>\n\t<meta property=\"og:image:height\" content=\"768\" \/>\n\t<meta property=\"og:image:type\" content=\"image\/jpeg\" \/>\n<meta name=\"author\" content=\"Cu4 Arquitectura\" \/>\n<meta name=\"twitter:card\" content=\"summary_large_image\" \/>\n<meta name=\"twitter:label1\" content=\"Written by\" \/>\n\t<meta name=\"twitter:data1\" content=\"Cu4 Arquitectura\" \/>\n\t<meta name=\"twitter:label2\" content=\"Est. reading time\" \/>\n\t<meta name=\"twitter:data2\" content=\"5 minutes\" \/>\n<script type=\"application\/ld+json\" class=\"yoast-schema-graph\">{\"@context\":\"https:\\\/\\\/schema.org\",\"@graph\":[{\"@type\":\"Article\",\"@id\":\"https:\\\/\\\/cu4arquitectura.com\\\/en\\\/2025\\\/05\\\/30\\\/cu4-acompana-a-actiu-en-su-jornada-de-arquitectos\\\/#article\",\"isPartOf\":{\"@id\":\"https:\\\/\\\/cu4arquitectura.com\\\/en\\\/2025\\\/05\\\/30\\\/cu4-acompana-a-actiu-en-su-jornada-de-arquitectos\\\/\"},\"author\":{\"name\":\"Cu4 Arquitectura\",\"@id\":\"https:\\\/\\\/cu4arquitectura.com\\\/en\\\/#\\\/schema\\\/person\\\/58ac72d4acb0eae359c5ced2c441783b\"},\"headline\":\"CU4 acompa\u00f1a a ACTIU en su jornada de arquitectos\",\"datePublished\":\"2025-05-30T07:24:59+00:00\",\"dateModified\":\"2025-07-18T07:26:03+00:00\",\"mainEntityOfPage\":{\"@id\":\"https:\\\/\\\/cu4arquitectura.com\\\/en\\\/2025\\\/05\\\/30\\\/cu4-acompana-a-actiu-en-su-jornada-de-arquitectos\\\/\"},\"wordCount\":783,\"commentCount\":0,\"publisher\":{\"@id\":\"https:\\\/\\\/cu4arquitectura.com\\\/en\\\/#organization\"},\"image\":{\"@id\":\"https:\\\/\\\/cu4arquitectura.com\\\/en\\\/2025\\\/05\\\/30\\\/cu4-acompana-a-actiu-en-su-jornada-de-arquitectos\\\/#primaryimage\"},\"thumbnailUrl\":\"https:\\\/\\\/cu4arquitectura.com\\\/wp-content\\\/uploads\\\/2025\\\/07\\\/10.jpg\",\"articleSection\":[\"CU4 Arquitectura\"],\"inLanguage\":\"en-US\",\"potentialAction\":[{\"@type\":\"CommentAction\",\"name\":\"Comment\",\"target\":[\"https:\\\/\\\/cu4arquitectura.com\\\/en\\\/2025\\\/05\\\/30\\\/cu4-acompana-a-actiu-en-su-jornada-de-arquitectos\\\/#respond\"]}]},{\"@type\":\"WebPage\",\"@id\":\"https:\\\/\\\/cu4arquitectura.com\\\/en\\\/2025\\\/05\\\/30\\\/cu4-acompana-a-actiu-en-su-jornada-de-arquitectos\\\/\",\"url\":\"https:\\\/\\\/cu4arquitectura.com\\\/en\\\/2025\\\/05\\\/30\\\/cu4-acompana-a-actiu-en-su-jornada-de-arquitectos\\\/\",\"name\":\"CU4 acompa\u00f1a a ACTIU en su jornada de arquitectos - CU4 Arquitectos en Valencia | Estudio de arquitectura\",\"isPartOf\":{\"@id\":\"https:\\\/\\\/cu4arquitectura.com\\\/en\\\/#website\"},\"primaryImageOfPage\":{\"@id\":\"https:\\\/\\\/cu4arquitectura.com\\\/en\\\/2025\\\/05\\\/30\\\/cu4-acompana-a-actiu-en-su-jornada-de-arquitectos\\\/#primaryimage\"},\"image\":{\"@id\":\"https:\\\/\\\/cu4arquitectura.com\\\/en\\\/2025\\\/05\\\/30\\\/cu4-acompana-a-actiu-en-su-jornada-de-arquitectos\\\/#primaryimage\"},\"thumbnailUrl\":\"https:\\\/\\\/cu4arquitectura.com\\\/wp-content\\\/uploads\\\/2025\\\/07\\\/10.jpg\",\"datePublished\":\"2025-05-30T07:24:59+00:00\",\"dateModified\":\"2025-07-18T07:26:03+00:00\",\"description\":\"CU4 participa en la jornada de ACTIU sobre neuroarquitectura y bienestar, con Anna Ferrer como voz destacada en dise\u00f1o consciente-\",\"breadcrumb\":{\"@id\":\"https:\\\/\\\/cu4arquitectura.com\\\/en\\\/2025\\\/05\\\/30\\\/cu4-acompana-a-actiu-en-su-jornada-de-arquitectos\\\/#breadcrumb\"},\"inLanguage\":\"en-US\",\"potentialAction\":[{\"@type\":\"ReadAction\",\"target\":[\"https:\\\/\\\/cu4arquitectura.com\\\/en\\\/2025\\\/05\\\/30\\\/cu4-acompana-a-actiu-en-su-jornada-de-arquitectos\\\/\"]}]},{\"@type\":\"ImageObject\",\"inLanguage\":\"en-US\",\"@id\":\"https:\\\/\\\/cu4arquitectura.com\\\/en\\\/2025\\\/05\\\/30\\\/cu4-acompana-a-actiu-en-su-jornada-de-arquitectos\\\/#primaryimage\",\"url\":\"https:\\\/\\\/cu4arquitectura.com\\\/wp-content\\\/uploads\\\/2025\\\/07\\\/10.jpg\",\"contentUrl\":\"https:\\\/\\\/cu4arquitectura.com\\\/wp-content\\\/uploads\\\/2025\\\/07\\\/10.jpg\",\"width\":1151,\"height\":768},{\"@type\":\"BreadcrumbList\",\"@id\":\"https:\\\/\\\/cu4arquitectura.com\\\/en\\\/2025\\\/05\\\/30\\\/cu4-acompana-a-actiu-en-su-jornada-de-arquitectos\\\/#breadcrumb\",\"itemListElement\":[{\"@type\":\"ListItem\",\"position\":1,\"name\":\"Portada\",\"item\":\"https:\\\/\\\/cu4arquitectura.com\\\/en\\\/\"},{\"@type\":\"ListItem\",\"position\":2,\"name\":\"CU4 acompa\u00f1a a ACTIU en su jornada de arquitectos\"}]},{\"@type\":\"WebSite\",\"@id\":\"https:\\\/\\\/cu4arquitectura.com\\\/en\\\/#website\",\"url\":\"https:\\\/\\\/cu4arquitectura.com\\\/en\\\/\",\"name\":\"CU4 Arquitectos en Valencia | Estudio de arquitectura\",\"description\":\"Arquitectos en Valencia | Especializados en espacios a medida para empresas y particulares, dise\u00f1ados para tu bienestar\",\"publisher\":{\"@id\":\"https:\\\/\\\/cu4arquitectura.com\\\/en\\\/#organization\"},\"potentialAction\":[{\"@type\":\"SearchAction\",\"target\":{\"@type\":\"EntryPoint\",\"urlTemplate\":\"https:\\\/\\\/cu4arquitectura.com\\\/en\\\/?s={search_term_string}\"},\"query-input\":{\"@type\":\"PropertyValueSpecification\",\"valueRequired\":true,\"valueName\":\"search_term_string\"}}],\"inLanguage\":\"en-US\"},{\"@type\":\"Organization\",\"@id\":\"https:\\\/\\\/cu4arquitectura.com\\\/en\\\/#organization\",\"name\":\"CU4 Arquitectos en Valencia | Estudio de arquitectura\",\"url\":\"https:\\\/\\\/cu4arquitectura.com\\\/en\\\/\",\"logo\":{\"@type\":\"ImageObject\",\"inLanguage\":\"en-US\",\"@id\":\"https:\\\/\\\/cu4arquitectura.com\\\/en\\\/#\\\/schema\\\/logo\\\/image\\\/\",\"url\":\"https:\\\/\\\/cu4arquitectura.com\\\/wp-content\\\/uploads\\\/2024\\\/01\\\/LOGO_CU4_original.svg\",\"contentUrl\":\"https:\\\/\\\/cu4arquitectura.com\\\/wp-content\\\/uploads\\\/2024\\\/01\\\/LOGO_CU4_original.svg\",\"width\":841,\"height\":595,\"caption\":\"CU4 Arquitectos en Valencia | Estudio de arquitectura\"},\"image\":{\"@id\":\"https:\\\/\\\/cu4arquitectura.com\\\/en\\\/#\\\/schema\\\/logo\\\/image\\\/\"}},{\"@type\":\"Person\",\"@id\":\"https:\\\/\\\/cu4arquitectura.com\\\/en\\\/#\\\/schema\\\/person\\\/58ac72d4acb0eae359c5ced2c441783b\",\"name\":\"Cu4 Arquitectura\",\"image\":{\"@type\":\"ImageObject\",\"inLanguage\":\"en-US\",\"@id\":\"https:\\\/\\\/secure.gravatar.com\\\/avatar\\\/69c9d1889eb4b58e3df642c4e9c2f96615fb57f7b9b4856a50c4dbab35ff552d?s=96&d=mm&r=g\",\"url\":\"https:\\\/\\\/secure.gravatar.com\\\/avatar\\\/69c9d1889eb4b58e3df642c4e9c2f96615fb57f7b9b4856a50c4dbab35ff552d?s=96&d=mm&r=g\",\"contentUrl\":\"https:\\\/\\\/secure.gravatar.com\\\/avatar\\\/69c9d1889eb4b58e3df642c4e9c2f96615fb57f7b9b4856a50c4dbab35ff552d?s=96&d=mm&r=g\",\"caption\":\"Cu4 Arquitectura\"},\"url\":\"https:\\\/\\\/cu4arquitectura.com\\\/en\\\/author\\\/noticias_cu4arquitectura\\\/\"}]}<\/script>\n<!-- \/ Yoast SEO plugin. -->","yoast_head_json":{"title":"CU4 acompa\u00f1a a ACTIU en su jornada de arquitectos - CU4 Arquitectos en Valencia | Estudio de arquitectura","description":"CU4 participa en la jornada de ACTIU sobre neuroarquitectura y bienestar, con Anna Ferrer como voz destacada en dise\u00f1o consciente-","robots":{"index":"index","follow":"follow","max-snippet":"max-snippet:-1","max-image-preview":"max-image-preview:large","max-video-preview":"max-video-preview:-1"},"canonical":"https:\/\/cu4arquitectura.com\/en\/2025\/05\/30\/cu4-acompana-a-actiu-en-su-jornada-de-arquitectos\/","og_locale":"en_US","og_type":"article","og_title":"CU4 acompa\u00f1a a ACTIU en su jornada de arquitectos - CU4 Arquitectos en Valencia | Estudio de arquitectura","og_description":"CU4 participa en la jornada de ACTIU sobre neuroarquitectura y bienestar, con Anna Ferrer como voz destacada en dise\u00f1o consciente-","og_url":"https:\/\/cu4arquitectura.com\/en\/2025\/05\/30\/cu4-acompana-a-actiu-en-su-jornada-de-arquitectos\/","og_site_name":"CU4 Arquitectos en Valencia | Estudio de arquitectura","article_published_time":"2025-05-30T07:24:59+00:00","article_modified_time":"2025-07-18T07:26:03+00:00","og_image":[{"width":1151,"height":768,"url":"https:\/\/cu4arquitectura.com\/wp-content\/uploads\/2025\/07\/10.jpg","type":"image\/jpeg"}],"author":"Cu4 Arquitectura","twitter_card":"summary_large_image","twitter_misc":{"Written by":"Cu4 Arquitectura","Est. reading time":"5 minutes"},"schema":{"@context":"https:\/\/schema.org","@graph":[{"@type":"Article","@id":"https:\/\/cu4arquitectura.com\/en\/2025\/05\/30\/cu4-acompana-a-actiu-en-su-jornada-de-arquitectos\/#article","isPartOf":{"@id":"https:\/\/cu4arquitectura.com\/en\/2025\/05\/30\/cu4-acompana-a-actiu-en-su-jornada-de-arquitectos\/"},"author":{"name":"Cu4 Arquitectura","@id":"https:\/\/cu4arquitectura.com\/en\/#\/schema\/person\/58ac72d4acb0eae359c5ced2c441783b"},"headline":"CU4 acompa\u00f1a a ACTIU en su jornada de arquitectos","datePublished":"2025-05-30T07:24:59+00:00","dateModified":"2025-07-18T07:26:03+00:00","mainEntityOfPage":{"@id":"https:\/\/cu4arquitectura.com\/en\/2025\/05\/30\/cu4-acompana-a-actiu-en-su-jornada-de-arquitectos\/"},"wordCount":783,"commentCount":0,"publisher":{"@id":"https:\/\/cu4arquitectura.com\/en\/#organization"},"image":{"@id":"https:\/\/cu4arquitectura.com\/en\/2025\/05\/30\/cu4-acompana-a-actiu-en-su-jornada-de-arquitectos\/#primaryimage"},"thumbnailUrl":"https:\/\/cu4arquitectura.com\/wp-content\/uploads\/2025\/07\/10.jpg","articleSection":["CU4 Arquitectura"],"inLanguage":"en-US","potentialAction":[{"@type":"CommentAction","name":"Comment","target":["https:\/\/cu4arquitectura.com\/en\/2025\/05\/30\/cu4-acompana-a-actiu-en-su-jornada-de-arquitectos\/#respond"]}]},{"@type":"WebPage","@id":"https:\/\/cu4arquitectura.com\/en\/2025\/05\/30\/cu4-acompana-a-actiu-en-su-jornada-de-arquitectos\/","url":"https:\/\/cu4arquitectura.com\/en\/2025\/05\/30\/cu4-acompana-a-actiu-en-su-jornada-de-arquitectos\/","name":"CU4 acompa\u00f1a a ACTIU en su jornada de arquitectos - CU4 Arquitectos en Valencia | Estudio de arquitectura","isPartOf":{"@id":"https:\/\/cu4arquitectura.com\/en\/#website"},"primaryImageOfPage":{"@id":"https:\/\/cu4arquitectura.com\/en\/2025\/05\/30\/cu4-acompana-a-actiu-en-su-jornada-de-arquitectos\/#primaryimage"},"image":{"@id":"https:\/\/cu4arquitectura.com\/en\/2025\/05\/30\/cu4-acompana-a-actiu-en-su-jornada-de-arquitectos\/#primaryimage"},"thumbnailUrl":"https:\/\/cu4arquitectura.com\/wp-content\/uploads\/2025\/07\/10.jpg","datePublished":"2025-05-30T07:24:59+00:00","dateModified":"2025-07-18T07:26:03+00:00","description":"CU4 participa en la jornada de ACTIU sobre neuroarquitectura y bienestar, con Anna Ferrer como voz destacada en dise\u00f1o consciente-","breadcrumb":{"@id":"https:\/\/cu4arquitectura.com\/en\/2025\/05\/30\/cu4-acompana-a-actiu-en-su-jornada-de-arquitectos\/#breadcrumb"},"inLanguage":"en-US","potentialAction":[{"@type":"ReadAction","target":["https:\/\/cu4arquitectura.com\/en\/2025\/05\/30\/cu4-acompana-a-actiu-en-su-jornada-de-arquitectos\/"]}]},{"@type":"ImageObject","inLanguage":"en-US","@id":"https:\/\/cu4arquitectura.com\/en\/2025\/05\/30\/cu4-acompana-a-actiu-en-su-jornada-de-arquitectos\/#primaryimage","url":"https:\/\/cu4arquitectura.com\/wp-content\/uploads\/2025\/07\/10.jpg","contentUrl":"https:\/\/cu4arquitectura.com\/wp-content\/uploads\/2025\/07\/10.jpg","width":1151,"height":768},{"@type":"BreadcrumbList","@id":"https:\/\/cu4arquitectura.com\/en\/2025\/05\/30\/cu4-acompana-a-actiu-en-su-jornada-de-arquitectos\/#breadcrumb","itemListElement":[{"@type":"ListItem","position":1,"name":"Portada","item":"https:\/\/cu4arquitectura.com\/en\/"},{"@type":"ListItem","position":2,"name":"CU4 acompa\u00f1a a ACTIU en su jornada de arquitectos"}]},{"@type":"WebSite","@id":"https:\/\/cu4arquitectura.com\/en\/#website","url":"https:\/\/cu4arquitectura.com\/en\/","name":"CU4 Arquitectos en Valencia | Estudio de arquitectura","description":"Arquitectos en Valencia | Especializados en espacios a medida para empresas y particulares, dise\u00f1ados para tu bienestar","publisher":{"@id":"https:\/\/cu4arquitectura.com\/en\/#organization"},"potentialAction":[{"@type":"SearchAction","target":{"@type":"EntryPoint","urlTemplate":"https:\/\/cu4arquitectura.com\/en\/?s={search_term_string}"},"query-input":{"@type":"PropertyValueSpecification","valueRequired":true,"valueName":"search_term_string"}}],"inLanguage":"en-US"},{"@type":"Organization","@id":"https:\/\/cu4arquitectura.com\/en\/#organization","name":"CU4 Arquitectos en Valencia | Estudio de arquitectura","url":"https:\/\/cu4arquitectura.com\/en\/","logo":{"@type":"ImageObject","inLanguage":"en-US","@id":"https:\/\/cu4arquitectura.com\/en\/#\/schema\/logo\/image\/","url":"https:\/\/cu4arquitectura.com\/wp-content\/uploads\/2024\/01\/LOGO_CU4_original.svg","contentUrl":"https:\/\/cu4arquitectura.com\/wp-content\/uploads\/2024\/01\/LOGO_CU4_original.svg","width":841,"height":595,"caption":"CU4 Arquitectos en Valencia | Estudio de arquitectura"},"image":{"@id":"https:\/\/cu4arquitectura.com\/en\/#\/schema\/logo\/image\/"}},{"@type":"Person","@id":"https:\/\/cu4arquitectura.com\/en\/#\/schema\/person\/58ac72d4acb0eae359c5ced2c441783b","name":"Cu4 Arquitectura","image":{"@type":"ImageObject","inLanguage":"en-US","@id":"https:\/\/secure.gravatar.com\/avatar\/69c9d1889eb4b58e3df642c4e9c2f96615fb57f7b9b4856a50c4dbab35ff552d?s=96&d=mm&r=g","url":"https:\/\/secure.gravatar.com\/avatar\/69c9d1889eb4b58e3df642c4e9c2f96615fb57f7b9b4856a50c4dbab35ff552d?s=96&d=mm&r=g","contentUrl":"https:\/\/secure.gravatar.com\/avatar\/69c9d1889eb4b58e3df642c4e9c2f96615fb57f7b9b4856a50c4dbab35ff552d?s=96&d=mm&r=g","caption":"Cu4 Arquitectura"},"url":"https:\/\/cu4arquitectura.com\/en\/author\/noticias_cu4arquitectura\/"}]}},"_links":{"self":[{"href":"https:\/\/cu4arquitectura.com\/en\/wp-json\/wp\/v2\/posts\/8494","targetHints":{"allow":["GET"]}}],"collection":[{"href":"https:\/\/cu4arquitectura.com\/en\/wp-json\/wp\/v2\/posts"}],"about":[{"href":"https:\/\/cu4arquitectura.com\/en\/wp-json\/wp\/v2\/types\/post"}],"author":[{"embeddable":true,"href":"https:\/\/cu4arquitectura.com\/en\/wp-json\/wp\/v2\/users\/9"}],"replies":[{"embeddable":true,"href":"https:\/\/cu4arquitectura.com\/en\/wp-json\/wp\/v2\/comments?post=8494"}],"version-history":[{"count":3,"href":"https:\/\/cu4arquitectura.com\/en\/wp-json\/wp\/v2\/posts\/8494\/revisions"}],"predecessor-version":[{"id":8503,"href":"https:\/\/cu4arquitectura.com\/en\/wp-json\/wp\/v2\/posts\/8494\/revisions\/8503"}],"wp:featuredmedia":[{"embeddable":true,"href":"https:\/\/cu4arquitectura.com\/en\/wp-json\/wp\/v2\/media\/8500"}],"wp:attachment":[{"href":"https:\/\/cu4arquitectura.com\/en\/wp-json\/wp\/v2\/media?parent=8494"}],"wp:term":[{"taxonomy":"category","embeddable":true,"href":"https:\/\/cu4arquitectura.com\/en\/wp-json\/wp\/v2\/categories?post=8494"},{"taxonomy":"post_tag","embeddable":true,"href":"https:\/\/cu4arquitectura.com\/en\/wp-json\/wp\/v2\/tags?post=8494"}],"curies":[{"name":"wp","href":"https:\/\/api.w.org\/{rel}","templated":true}]}}