{"id":8487,"date":"2025-06-04T10:55:12","date_gmt":"2025-06-04T10:55:12","guid":{"rendered":"https:\/\/cu4arquitectura.com\/?p=8487"},"modified":"2025-09-08T08:07:46","modified_gmt":"2025-09-08T08:07:46","slug":"cu4-transforma-el-bienestar","status":"publish","type":"post","link":"https:\/\/cu4arquitectura.com\/en\/2025\/06\/04\/cu4-transforma-el-bienestar\/","title":{"rendered":"CU4 transforma el bienestar en un espacio itinerante para la gira &#8220;Nena, no te compliques&#8221;"},"content":{"rendered":"\n<figure class=\"wp-block-image size-large\"><img loading=\"lazy\" decoding=\"async\" width=\"1024\" height=\"683\" src=\"https:\/\/cu4arquitectura.com\/wp-content\/uploads\/2025\/07\/2204_Actiu_3235_EvaCasado-1024x683.jpg\" alt=\"\" class=\"wp-image-8491\" srcset=\"https:\/\/cu4arquitectura.com\/wp-content\/uploads\/2025\/07\/2204_Actiu_3235_EvaCasado-1024x683.jpg 1024w, https:\/\/cu4arquitectura.com\/wp-content\/uploads\/2025\/07\/2204_Actiu_3235_EvaCasado-300x200.jpg 300w, https:\/\/cu4arquitectura.com\/wp-content\/uploads\/2025\/07\/2204_Actiu_3235_EvaCasado-768x512.jpg 768w, https:\/\/cu4arquitectura.com\/wp-content\/uploads\/2025\/07\/2204_Actiu_3235_EvaCasado.jpg 1152w\" sizes=\"auto, (max-width: 1024px) 100vw, 1024px\" \/><\/figure>\n\n\n\n<p class=\"wp-block-paragraph\">\u00bfQu\u00e9 pasa cuando el dise\u00f1o se pone al servicio de las emociones? Que el espacio deja de ser fondo y se convierte en parte del mensaje. Eso es lo que ha conseguido <strong>CU4 en la gira Nena, no te compliques<\/strong>, una propuesta esc\u00e9nica que recorre teatros de toda Espa\u00f1a con una atm\u00f3sfera envolvente y pensada para hacer sentir bien.<\/p>\n\n\n\n<p class=\"wp-block-paragraph\">Detr\u00e1s de esa experiencia est\u00e1 la mirada de <strong>Anna Ferrer<\/strong>, que asumi\u00f3 el reto de trasladar los principios del bienestar a un entorno itinerante que deb\u00eda acoger, calmar y preparar a las personas para lo que vendr\u00eda despu\u00e9s.<\/p>\n\n\n\n<h3 class=\"wp-block-heading\">Una gira pensada para sentirse bien por dentro y por fuera<\/h3>\n\n\n\n<p class=\"wp-block-paragraph\">La periodista <strong>Cristina Mitre<\/strong> y la psic\u00f3loga <strong>Patri Psic\u00f3loga<\/strong> no quer\u00edan un escenario cualquiera. Su gira deb\u00eda impactar desde lo emocional, s\u00ed, pero tambi\u00e9n desde lo sensorial. Buscaban que el espacio tambi\u00e9n comunicara.<\/p>\n\n\n\n<p class=\"wp-block-paragraph\">Ah\u00ed es donde entr\u00f3 CU4. Anna Ferrer lider\u00f3 la <strong>integraci\u00f3n del bienestar en el dise\u00f1o<\/strong> con una intenci\u00f3n muy concreta. Su intenci\u00f3n era clara. El entorno deb\u00eda ir m\u00e1s all\u00e1 de lo decorativo y convertirse en una presencia real y sutil.<\/p>\n\n\n\n<p class=\"wp-block-paragraph\">No bastaba con decorar bien. El espacio ten\u00eda que transmitir algo. Ten\u00eda que preparar a las personas para lo que ven\u00eda despu\u00e9s, generando conexi\u00f3n desde lo f\u00edsico. Un lugar que no solo se ve, sino que se vive con el cuerpo y con la emoci\u00f3n.<\/p>\n\n\n\n<h3 class=\"wp-block-heading\">Hotel No Drama by ACTIU, mucho m\u00e1s que un escenario<\/h3>\n\n\n\n<p class=\"wp-block-paragraph\">La empresa de dise\u00f1o de mobiliario y espacios de trabajo <strong>Actiu<\/strong>, junto a la interiorista <strong>Macarena Gea y Carla Juli\u00e0 P\u00e9rez<\/strong>, Head of Interior Design, cre\u00f3 un lobby itinerante pensado para ir m\u00e1s all\u00e1 de lo visual. El equipo ten\u00eda una idea muy clara. Quer\u00edan generar sensaciones desde lo tangible.<\/p>\n\n\n\n<p class=\"wp-block-paragraph\">Inspirado en la idea de un hotel sin sobresaltos, el espacio propon\u00eda una pausa. Todo estaba elegido para invitar al cuerpo a bajar el ritmo: mobiliario c\u00f3modo, texturas suaves, luz envolvente y vegetaci\u00f3n bien integrada.<\/p>\n\n\n\n<p class=\"wp-block-paragraph\">La <strong>aportaci\u00f3n de CU4<\/strong> fue lo que dio sentido al conjunto. Desde nuestra perspectiva, el bienestar no es algo que se a\u00f1ade al final, sino el punto de partida. Este proyecto lo demostr\u00f3 con claridad.<\/p>\n\n\n\n<p class=\"wp-block-paragraph\">Greenarea sum\u00f3 la presencia natural. Vibia Lighting cuid\u00f3 cada punto de luz. Pero sin la mirada de CU4, todo habr\u00eda sido solo bonito. Nuestra intervenci\u00f3n hizo que el espacio tambi\u00e9n se sintiera.<\/p>\n\n\n\n<h3 class=\"wp-block-heading\">Anna Ferrer y el dise\u00f1o del bienestar desde CU4<\/h3>\n\n\n\n<figure class=\"wp-block-image size-large\"><img loading=\"lazy\" decoding=\"async\" width=\"1024\" height=\"683\" src=\"https:\/\/cu4arquitectura.com\/wp-content\/uploads\/2025\/07\/2204_Actiu_3194_EvaCasado-1-1024x683.jpg\" alt=\"\" class=\"wp-image-8519\" srcset=\"https:\/\/cu4arquitectura.com\/wp-content\/uploads\/2025\/07\/2204_Actiu_3194_EvaCasado-1-1024x683.jpg 1024w, https:\/\/cu4arquitectura.com\/wp-content\/uploads\/2025\/07\/2204_Actiu_3194_EvaCasado-1-300x200.jpg 300w, https:\/\/cu4arquitectura.com\/wp-content\/uploads\/2025\/07\/2204_Actiu_3194_EvaCasado-1-768x512.jpg 768w, https:\/\/cu4arquitectura.com\/wp-content\/uploads\/2025\/07\/2204_Actiu_3194_EvaCasado-1.jpg 1152w\" sizes=\"auto, (max-width: 1024px) 100vw, 1024px\" \/><\/figure>\n\n\n\n<p class=\"wp-block-paragraph\">M\u00e1s all\u00e1 del dise\u00f1o visual, <strong>Anna Ferrer<\/strong> se centr\u00f3 en lo que no siempre se ve. Observ\u00f3 c\u00f3mo se percibe y c\u00f3mo se vive un espacio. Su trabajo consisti\u00f3 en incorporar el bienestar desde lo cotidiano y lo concreto.<\/p>\n\n\n\n<p class=\"wp-block-paragraph\">En CU4, todo parte de las personas. De c\u00f3mo se mueven, c\u00f3mo respiran, c\u00f3mo se sienten. Esa filosof\u00eda se tradujo en un ambiente pausado, amable y coherente con el mensaje de la gira.<\/p>\n\n\n\n<p class=\"wp-block-paragraph\">El resultado no era solo bonito, sino funcional a nivel emocional. Cada rinc\u00f3n del <em>Hotel No Drama<\/em> estaba pensado para acompa\u00f1ar sin imponer, y para ofrecer un respiro real en medio del ritmo acelerado del d\u00eda a d\u00eda.<\/p>\n\n\n\n<h3 class=\"wp-block-heading\">\u00bfQu\u00e9 son los principios del bienestar en la arquitectura?<\/h3>\n\n\n\n<p class=\"wp-block-paragraph\">Dise\u00f1ar con bienestar implica <strong>observar c\u00f3mo el entorno impacta<\/strong> de forma silenciosa en nuestras emociones y comportamientos. Los espacios no solo se habitan, tambi\u00e9n nos modelan, nos invitan o nos frenan.<\/p>\n\n\n\n<p class=\"wp-block-paragraph\">En contextos como una gira, donde el teatro y la comunicaci\u00f3n son protagonistas, el entorno esc\u00e9nico tambi\u00e9n tiene algo que decir. Puede amplificar el mensaje o diluirlo, seg\u00fan c\u00f3mo se construya esa atm\u00f3sfera.&nbsp;<\/p>\n\n\n\n<p class=\"wp-block-paragraph\">Pensar en bienestar es anticipar esas sensaciones. Es crear lugares que acojan y acompa\u00f1en sin exigir nada a cambio. Algunos principios para lograr lo son:<\/p>\n\n\n\n<ul class=\"wp-block-list\">\n<li><strong>Biofilia<\/strong>: integrar elementos naturales, luz, ventilaci\u00f3n y vegetaci\u00f3n real.<\/li>\n\n\n\n<li><strong>Ergonom\u00eda<\/strong>: que el cuerpo no tenga que adaptarse al espacio, sino al rev\u00e9s.<\/li>\n\n\n\n<li><strong>Confort ac\u00fastico<\/strong>: evitar ruido excesivo o reverberaciones inc\u00f3modas.<\/li>\n\n\n\n<li><strong>Calidad lum\u00ednica<\/strong>: usar luces c\u00e1lidas, regulables y bien distribuidas.<\/li>\n\n\n\n<li><strong>Distribuci\u00f3n amable<\/strong>: generar zonas para estar, para moverse y para parar.<\/li>\n<\/ul>\n\n\n\n<p class=\"wp-block-paragraph\">Todo esto estuvo presente en el <em>Hotel No Drama<\/em>. No para impresionar, sino para cuidar. Como una pausa f\u00edsica en mitad de un d\u00eda acelerado. Como un peque\u00f1o refugio dentro de una gran ciudad.&nbsp;CU4 demostr\u00f3 que el bienestar no se predica, se practica. Y cuando el entorno lo facilita, lo dem\u00e1s fluye.<\/p>\n","protected":false},"excerpt":{"rendered":"<p>\u00bfQu\u00e9 pasa cuando el dise\u00f1o se pone al servicio de las emociones? Que el espacio deja de ser fondo y se convierte en parte del mensaje. Eso es lo que ha conseguido CU4 en la gira Nena, no te compliques, una propuesta esc\u00e9nica que recorre teatros de toda Espa\u00f1a con una atm\u00f3sfera envolvente y pensada [&hellip;]<\/p>\n","protected":false},"author":9,"featured_media":8491,"comment_status":"open","ping_status":"open","sticky":false,"template":"","format":"standard","meta":{"_acf_changed":false,"footnotes":""},"categories":[6],"tags":[],"class_list":["post-8487","post","type-post","status-publish","format-standard","has-post-thumbnail","hentry","category-cu4"],"acf":[],"yoast_head":"<!-- This site is optimized with the Yoast SEO plugin v27.7 - https:\/\/yoast.com\/product\/yoast-seo-wordpress\/ -->\n<title>Cu4 transforma el bienestar en un espacio | CU4 Arquitectos<\/title>\n<meta name=\"description\" content=\"CU4 transforma la escenograf\u00eda de la gira Nena, no te compliques en un espacio de bienestar real. Dise\u00f1o, emoci\u00f3n y pausa en movimiento.\" \/>\n<meta name=\"robots\" content=\"index, follow, max-snippet:-1, max-image-preview:large, max-video-preview:-1\" \/>\n<link rel=\"canonical\" href=\"https:\/\/cu4arquitectura.com\/en\/2025\/06\/04\/cu4-transforma-el-bienestar\/\" \/>\n<meta property=\"og:locale\" content=\"en_US\" \/>\n<meta property=\"og:type\" content=\"article\" \/>\n<meta property=\"og:title\" content=\"Cu4 transforma el bienestar en un espacio | CU4 Arquitectos\" \/>\n<meta property=\"og:description\" content=\"CU4 transforma la escenograf\u00eda de la gira Nena, no te compliques en un espacio de bienestar real. Dise\u00f1o, emoci\u00f3n y pausa en movimiento.\" \/>\n<meta property=\"og:url\" content=\"https:\/\/cu4arquitectura.com\/en\/2025\/06\/04\/cu4-transforma-el-bienestar\/\" \/>\n<meta property=\"og:site_name\" content=\"CU4 Arquitectos en Valencia | Estudio de arquitectura\" \/>\n<meta property=\"article:published_time\" content=\"2025-06-04T10:55:12+00:00\" \/>\n<meta property=\"article:modified_time\" content=\"2025-09-08T08:07:46+00:00\" \/>\n<meta property=\"og:image\" content=\"https:\/\/cu4arquitectura.com\/wp-content\/uploads\/2025\/07\/2204_Actiu_3235_EvaCasado.jpg\" \/>\n\t<meta property=\"og:image:width\" content=\"1152\" \/>\n\t<meta property=\"og:image:height\" content=\"768\" \/>\n\t<meta property=\"og:image:type\" content=\"image\/jpeg\" \/>\n<meta name=\"author\" content=\"Cu4 Arquitectura\" \/>\n<meta name=\"twitter:card\" content=\"summary_large_image\" \/>\n<meta name=\"twitter:label1\" content=\"Written by\" \/>\n\t<meta name=\"twitter:data1\" content=\"Cu4 Arquitectura\" \/>\n\t<meta name=\"twitter:label2\" content=\"Est. reading time\" \/>\n\t<meta name=\"twitter:data2\" content=\"4 minutes\" \/>\n<script type=\"application\/ld+json\" class=\"yoast-schema-graph\">{\"@context\":\"https:\\\/\\\/schema.org\",\"@graph\":[{\"@type\":\"Article\",\"@id\":\"https:\\\/\\\/cu4arquitectura.com\\\/en\\\/2025\\\/06\\\/04\\\/cu4-transforma-el-bienestar\\\/#article\",\"isPartOf\":{\"@id\":\"https:\\\/\\\/cu4arquitectura.com\\\/en\\\/2025\\\/06\\\/04\\\/cu4-transforma-el-bienestar\\\/\"},\"author\":{\"name\":\"Cu4 Arquitectura\",\"@id\":\"https:\\\/\\\/cu4arquitectura.com\\\/en\\\/#\\\/schema\\\/person\\\/58ac72d4acb0eae359c5ced2c441783b\"},\"headline\":\"CU4 transforma el bienestar en un espacio itinerante para la gira &#8220;Nena, no te compliques&#8221;\",\"datePublished\":\"2025-06-04T10:55:12+00:00\",\"dateModified\":\"2025-09-08T08:07:46+00:00\",\"mainEntityOfPage\":{\"@id\":\"https:\\\/\\\/cu4arquitectura.com\\\/en\\\/2025\\\/06\\\/04\\\/cu4-transforma-el-bienestar\\\/\"},\"wordCount\":803,\"commentCount\":0,\"publisher\":{\"@id\":\"https:\\\/\\\/cu4arquitectura.com\\\/en\\\/#organization\"},\"image\":{\"@id\":\"https:\\\/\\\/cu4arquitectura.com\\\/en\\\/2025\\\/06\\\/04\\\/cu4-transforma-el-bienestar\\\/#primaryimage\"},\"thumbnailUrl\":\"https:\\\/\\\/cu4arquitectura.com\\\/wp-content\\\/uploads\\\/2025\\\/07\\\/2204_Actiu_3235_EvaCasado.jpg\",\"articleSection\":[\"CU4 Arquitectura\"],\"inLanguage\":\"en-US\",\"potentialAction\":[{\"@type\":\"CommentAction\",\"name\":\"Comment\",\"target\":[\"https:\\\/\\\/cu4arquitectura.com\\\/en\\\/2025\\\/06\\\/04\\\/cu4-transforma-el-bienestar\\\/#respond\"]}]},{\"@type\":\"WebPage\",\"@id\":\"https:\\\/\\\/cu4arquitectura.com\\\/en\\\/2025\\\/06\\\/04\\\/cu4-transforma-el-bienestar\\\/\",\"url\":\"https:\\\/\\\/cu4arquitectura.com\\\/en\\\/2025\\\/06\\\/04\\\/cu4-transforma-el-bienestar\\\/\",\"name\":\"Cu4 transforma el bienestar en un espacio | CU4 Arquitectos\",\"isPartOf\":{\"@id\":\"https:\\\/\\\/cu4arquitectura.com\\\/en\\\/#website\"},\"primaryImageOfPage\":{\"@id\":\"https:\\\/\\\/cu4arquitectura.com\\\/en\\\/2025\\\/06\\\/04\\\/cu4-transforma-el-bienestar\\\/#primaryimage\"},\"image\":{\"@id\":\"https:\\\/\\\/cu4arquitectura.com\\\/en\\\/2025\\\/06\\\/04\\\/cu4-transforma-el-bienestar\\\/#primaryimage\"},\"thumbnailUrl\":\"https:\\\/\\\/cu4arquitectura.com\\\/wp-content\\\/uploads\\\/2025\\\/07\\\/2204_Actiu_3235_EvaCasado.jpg\",\"datePublished\":\"2025-06-04T10:55:12+00:00\",\"dateModified\":\"2025-09-08T08:07:46+00:00\",\"description\":\"CU4 transforma la escenograf\u00eda de la gira Nena, no te compliques en un espacio de bienestar real. Dise\u00f1o, emoci\u00f3n y pausa en movimiento.\",\"breadcrumb\":{\"@id\":\"https:\\\/\\\/cu4arquitectura.com\\\/en\\\/2025\\\/06\\\/04\\\/cu4-transforma-el-bienestar\\\/#breadcrumb\"},\"inLanguage\":\"en-US\",\"potentialAction\":[{\"@type\":\"ReadAction\",\"target\":[\"https:\\\/\\\/cu4arquitectura.com\\\/en\\\/2025\\\/06\\\/04\\\/cu4-transforma-el-bienestar\\\/\"]}]},{\"@type\":\"ImageObject\",\"inLanguage\":\"en-US\",\"@id\":\"https:\\\/\\\/cu4arquitectura.com\\\/en\\\/2025\\\/06\\\/04\\\/cu4-transforma-el-bienestar\\\/#primaryimage\",\"url\":\"https:\\\/\\\/cu4arquitectura.com\\\/wp-content\\\/uploads\\\/2025\\\/07\\\/2204_Actiu_3235_EvaCasado.jpg\",\"contentUrl\":\"https:\\\/\\\/cu4arquitectura.com\\\/wp-content\\\/uploads\\\/2025\\\/07\\\/2204_Actiu_3235_EvaCasado.jpg\",\"width\":1152,\"height\":768},{\"@type\":\"BreadcrumbList\",\"@id\":\"https:\\\/\\\/cu4arquitectura.com\\\/en\\\/2025\\\/06\\\/04\\\/cu4-transforma-el-bienestar\\\/#breadcrumb\",\"itemListElement\":[{\"@type\":\"ListItem\",\"position\":1,\"name\":\"Portada\",\"item\":\"https:\\\/\\\/cu4arquitectura.com\\\/en\\\/\"},{\"@type\":\"ListItem\",\"position\":2,\"name\":\"CU4 transforma el bienestar en un espacio itinerante para la gira \u00abNena, no te compliques\u00bb\"}]},{\"@type\":\"WebSite\",\"@id\":\"https:\\\/\\\/cu4arquitectura.com\\\/en\\\/#website\",\"url\":\"https:\\\/\\\/cu4arquitectura.com\\\/en\\\/\",\"name\":\"CU4 Arquitectos en Valencia | Estudio de arquitectura\",\"description\":\"Arquitectos en Valencia | Especializados en espacios a medida para empresas y particulares, dise\u00f1ados para tu bienestar\",\"publisher\":{\"@id\":\"https:\\\/\\\/cu4arquitectura.com\\\/en\\\/#organization\"},\"potentialAction\":[{\"@type\":\"SearchAction\",\"target\":{\"@type\":\"EntryPoint\",\"urlTemplate\":\"https:\\\/\\\/cu4arquitectura.com\\\/en\\\/?s={search_term_string}\"},\"query-input\":{\"@type\":\"PropertyValueSpecification\",\"valueRequired\":true,\"valueName\":\"search_term_string\"}}],\"inLanguage\":\"en-US\"},{\"@type\":\"Organization\",\"@id\":\"https:\\\/\\\/cu4arquitectura.com\\\/en\\\/#organization\",\"name\":\"CU4 Arquitectos en Valencia | Estudio de arquitectura\",\"url\":\"https:\\\/\\\/cu4arquitectura.com\\\/en\\\/\",\"logo\":{\"@type\":\"ImageObject\",\"inLanguage\":\"en-US\",\"@id\":\"https:\\\/\\\/cu4arquitectura.com\\\/en\\\/#\\\/schema\\\/logo\\\/image\\\/\",\"url\":\"https:\\\/\\\/cu4arquitectura.com\\\/wp-content\\\/uploads\\\/2024\\\/01\\\/LOGO_CU4_original.svg\",\"contentUrl\":\"https:\\\/\\\/cu4arquitectura.com\\\/wp-content\\\/uploads\\\/2024\\\/01\\\/LOGO_CU4_original.svg\",\"width\":841,\"height\":595,\"caption\":\"CU4 Arquitectos en Valencia | Estudio de arquitectura\"},\"image\":{\"@id\":\"https:\\\/\\\/cu4arquitectura.com\\\/en\\\/#\\\/schema\\\/logo\\\/image\\\/\"}},{\"@type\":\"Person\",\"@id\":\"https:\\\/\\\/cu4arquitectura.com\\\/en\\\/#\\\/schema\\\/person\\\/58ac72d4acb0eae359c5ced2c441783b\",\"name\":\"Cu4 Arquitectura\",\"image\":{\"@type\":\"ImageObject\",\"inLanguage\":\"en-US\",\"@id\":\"https:\\\/\\\/secure.gravatar.com\\\/avatar\\\/69c9d1889eb4b58e3df642c4e9c2f96615fb57f7b9b4856a50c4dbab35ff552d?s=96&d=mm&r=g\",\"url\":\"https:\\\/\\\/secure.gravatar.com\\\/avatar\\\/69c9d1889eb4b58e3df642c4e9c2f96615fb57f7b9b4856a50c4dbab35ff552d?s=96&d=mm&r=g\",\"contentUrl\":\"https:\\\/\\\/secure.gravatar.com\\\/avatar\\\/69c9d1889eb4b58e3df642c4e9c2f96615fb57f7b9b4856a50c4dbab35ff552d?s=96&d=mm&r=g\",\"caption\":\"Cu4 Arquitectura\"},\"url\":\"https:\\\/\\\/cu4arquitectura.com\\\/en\\\/author\\\/noticias_cu4arquitectura\\\/\"}]}<\/script>\n<!-- \/ Yoast SEO plugin. -->","yoast_head_json":{"title":"Cu4 transforma el bienestar en un espacio | CU4 Arquitectos","description":"CU4 transforma la escenograf\u00eda de la gira Nena, no te compliques en un espacio de bienestar real. Dise\u00f1o, emoci\u00f3n y pausa en movimiento.","robots":{"index":"index","follow":"follow","max-snippet":"max-snippet:-1","max-image-preview":"max-image-preview:large","max-video-preview":"max-video-preview:-1"},"canonical":"https:\/\/cu4arquitectura.com\/en\/2025\/06\/04\/cu4-transforma-el-bienestar\/","og_locale":"en_US","og_type":"article","og_title":"Cu4 transforma el bienestar en un espacio | CU4 Arquitectos","og_description":"CU4 transforma la escenograf\u00eda de la gira Nena, no te compliques en un espacio de bienestar real. Dise\u00f1o, emoci\u00f3n y pausa en movimiento.","og_url":"https:\/\/cu4arquitectura.com\/en\/2025\/06\/04\/cu4-transforma-el-bienestar\/","og_site_name":"CU4 Arquitectos en Valencia | Estudio de arquitectura","article_published_time":"2025-06-04T10:55:12+00:00","article_modified_time":"2025-09-08T08:07:46+00:00","og_image":[{"width":1152,"height":768,"url":"https:\/\/cu4arquitectura.com\/wp-content\/uploads\/2025\/07\/2204_Actiu_3235_EvaCasado.jpg","type":"image\/jpeg"}],"author":"Cu4 Arquitectura","twitter_card":"summary_large_image","twitter_misc":{"Written by":"Cu4 Arquitectura","Est. reading time":"4 minutes"},"schema":{"@context":"https:\/\/schema.org","@graph":[{"@type":"Article","@id":"https:\/\/cu4arquitectura.com\/en\/2025\/06\/04\/cu4-transforma-el-bienestar\/#article","isPartOf":{"@id":"https:\/\/cu4arquitectura.com\/en\/2025\/06\/04\/cu4-transforma-el-bienestar\/"},"author":{"name":"Cu4 Arquitectura","@id":"https:\/\/cu4arquitectura.com\/en\/#\/schema\/person\/58ac72d4acb0eae359c5ced2c441783b"},"headline":"CU4 transforma el bienestar en un espacio itinerante para la gira &#8220;Nena, no te compliques&#8221;","datePublished":"2025-06-04T10:55:12+00:00","dateModified":"2025-09-08T08:07:46+00:00","mainEntityOfPage":{"@id":"https:\/\/cu4arquitectura.com\/en\/2025\/06\/04\/cu4-transforma-el-bienestar\/"},"wordCount":803,"commentCount":0,"publisher":{"@id":"https:\/\/cu4arquitectura.com\/en\/#organization"},"image":{"@id":"https:\/\/cu4arquitectura.com\/en\/2025\/06\/04\/cu4-transforma-el-bienestar\/#primaryimage"},"thumbnailUrl":"https:\/\/cu4arquitectura.com\/wp-content\/uploads\/2025\/07\/2204_Actiu_3235_EvaCasado.jpg","articleSection":["CU4 Arquitectura"],"inLanguage":"en-US","potentialAction":[{"@type":"CommentAction","name":"Comment","target":["https:\/\/cu4arquitectura.com\/en\/2025\/06\/04\/cu4-transforma-el-bienestar\/#respond"]}]},{"@type":"WebPage","@id":"https:\/\/cu4arquitectura.com\/en\/2025\/06\/04\/cu4-transforma-el-bienestar\/","url":"https:\/\/cu4arquitectura.com\/en\/2025\/06\/04\/cu4-transforma-el-bienestar\/","name":"Cu4 transforma el bienestar en un espacio | CU4 Arquitectos","isPartOf":{"@id":"https:\/\/cu4arquitectura.com\/en\/#website"},"primaryImageOfPage":{"@id":"https:\/\/cu4arquitectura.com\/en\/2025\/06\/04\/cu4-transforma-el-bienestar\/#primaryimage"},"image":{"@id":"https:\/\/cu4arquitectura.com\/en\/2025\/06\/04\/cu4-transforma-el-bienestar\/#primaryimage"},"thumbnailUrl":"https:\/\/cu4arquitectura.com\/wp-content\/uploads\/2025\/07\/2204_Actiu_3235_EvaCasado.jpg","datePublished":"2025-06-04T10:55:12+00:00","dateModified":"2025-09-08T08:07:46+00:00","description":"CU4 transforma la escenograf\u00eda de la gira Nena, no te compliques en un espacio de bienestar real. Dise\u00f1o, emoci\u00f3n y pausa en movimiento.","breadcrumb":{"@id":"https:\/\/cu4arquitectura.com\/en\/2025\/06\/04\/cu4-transforma-el-bienestar\/#breadcrumb"},"inLanguage":"en-US","potentialAction":[{"@type":"ReadAction","target":["https:\/\/cu4arquitectura.com\/en\/2025\/06\/04\/cu4-transforma-el-bienestar\/"]}]},{"@type":"ImageObject","inLanguage":"en-US","@id":"https:\/\/cu4arquitectura.com\/en\/2025\/06\/04\/cu4-transforma-el-bienestar\/#primaryimage","url":"https:\/\/cu4arquitectura.com\/wp-content\/uploads\/2025\/07\/2204_Actiu_3235_EvaCasado.jpg","contentUrl":"https:\/\/cu4arquitectura.com\/wp-content\/uploads\/2025\/07\/2204_Actiu_3235_EvaCasado.jpg","width":1152,"height":768},{"@type":"BreadcrumbList","@id":"https:\/\/cu4arquitectura.com\/en\/2025\/06\/04\/cu4-transforma-el-bienestar\/#breadcrumb","itemListElement":[{"@type":"ListItem","position":1,"name":"Portada","item":"https:\/\/cu4arquitectura.com\/en\/"},{"@type":"ListItem","position":2,"name":"CU4 transforma el bienestar en un espacio itinerante para la gira \u00abNena, no te compliques\u00bb"}]},{"@type":"WebSite","@id":"https:\/\/cu4arquitectura.com\/en\/#website","url":"https:\/\/cu4arquitectura.com\/en\/","name":"CU4 Arquitectos en Valencia | Estudio de arquitectura","description":"Arquitectos en Valencia | Especializados en espacios a medida para empresas y particulares, dise\u00f1ados para tu bienestar","publisher":{"@id":"https:\/\/cu4arquitectura.com\/en\/#organization"},"potentialAction":[{"@type":"SearchAction","target":{"@type":"EntryPoint","urlTemplate":"https:\/\/cu4arquitectura.com\/en\/?s={search_term_string}"},"query-input":{"@type":"PropertyValueSpecification","valueRequired":true,"valueName":"search_term_string"}}],"inLanguage":"en-US"},{"@type":"Organization","@id":"https:\/\/cu4arquitectura.com\/en\/#organization","name":"CU4 Arquitectos en Valencia | Estudio de arquitectura","url":"https:\/\/cu4arquitectura.com\/en\/","logo":{"@type":"ImageObject","inLanguage":"en-US","@id":"https:\/\/cu4arquitectura.com\/en\/#\/schema\/logo\/image\/","url":"https:\/\/cu4arquitectura.com\/wp-content\/uploads\/2024\/01\/LOGO_CU4_original.svg","contentUrl":"https:\/\/cu4arquitectura.com\/wp-content\/uploads\/2024\/01\/LOGO_CU4_original.svg","width":841,"height":595,"caption":"CU4 Arquitectos en Valencia | Estudio de arquitectura"},"image":{"@id":"https:\/\/cu4arquitectura.com\/en\/#\/schema\/logo\/image\/"}},{"@type":"Person","@id":"https:\/\/cu4arquitectura.com\/en\/#\/schema\/person\/58ac72d4acb0eae359c5ced2c441783b","name":"Cu4 Arquitectura","image":{"@type":"ImageObject","inLanguage":"en-US","@id":"https:\/\/secure.gravatar.com\/avatar\/69c9d1889eb4b58e3df642c4e9c2f96615fb57f7b9b4856a50c4dbab35ff552d?s=96&d=mm&r=g","url":"https:\/\/secure.gravatar.com\/avatar\/69c9d1889eb4b58e3df642c4e9c2f96615fb57f7b9b4856a50c4dbab35ff552d?s=96&d=mm&r=g","contentUrl":"https:\/\/secure.gravatar.com\/avatar\/69c9d1889eb4b58e3df642c4e9c2f96615fb57f7b9b4856a50c4dbab35ff552d?s=96&d=mm&r=g","caption":"Cu4 Arquitectura"},"url":"https:\/\/cu4arquitectura.com\/en\/author\/noticias_cu4arquitectura\/"}]}},"_links":{"self":[{"href":"https:\/\/cu4arquitectura.com\/en\/wp-json\/wp\/v2\/posts\/8487","targetHints":{"allow":["GET"]}}],"collection":[{"href":"https:\/\/cu4arquitectura.com\/en\/wp-json\/wp\/v2\/posts"}],"about":[{"href":"https:\/\/cu4arquitectura.com\/en\/wp-json\/wp\/v2\/types\/post"}],"author":[{"embeddable":true,"href":"https:\/\/cu4arquitectura.com\/en\/wp-json\/wp\/v2\/users\/9"}],"replies":[{"embeddable":true,"href":"https:\/\/cu4arquitectura.com\/en\/wp-json\/wp\/v2\/comments?post=8487"}],"version-history":[{"count":5,"href":"https:\/\/cu4arquitectura.com\/en\/wp-json\/wp\/v2\/posts\/8487\/revisions"}],"predecessor-version":[{"id":8525,"href":"https:\/\/cu4arquitectura.com\/en\/wp-json\/wp\/v2\/posts\/8487\/revisions\/8525"}],"wp:featuredmedia":[{"embeddable":true,"href":"https:\/\/cu4arquitectura.com\/en\/wp-json\/wp\/v2\/media\/8491"}],"wp:attachment":[{"href":"https:\/\/cu4arquitectura.com\/en\/wp-json\/wp\/v2\/media?parent=8487"}],"wp:term":[{"taxonomy":"category","embeddable":true,"href":"https:\/\/cu4arquitectura.com\/en\/wp-json\/wp\/v2\/categories?post=8487"},{"taxonomy":"post_tag","embeddable":true,"href":"https:\/\/cu4arquitectura.com\/en\/wp-json\/wp\/v2\/tags?post=8487"}],"curies":[{"name":"wp","href":"https:\/\/api.w.org\/{rel}","templated":true}]}}