{"id":8468,"date":"2025-06-16T07:50:16","date_gmt":"2025-06-16T07:50:16","guid":{"rendered":"https:\/\/cu4arquitectura.com\/?p=8468"},"modified":"2025-07-18T07:22:17","modified_gmt":"2025-07-18T07:22:17","slug":"aluas-del-futuro","status":"publish","type":"post","link":"https:\/\/cu4arquitectura.com\/en\/2025\/06\/16\/aluas-del-futuro\/","title":{"rendered":"Pioneros en el dise\u00f1o de las aulas del futuro"},"content":{"rendered":"\n<figure class=\"wp-block-image size-large\"><img loading=\"lazy\" decoding=\"async\" width=\"1024\" height=\"683\" src=\"https:\/\/cu4arquitectura.com\/wp-content\/uploads\/2025\/06\/IMG_6891-1-1024x683.jpg\" alt=\"\" class=\"wp-image-8482\" srcset=\"https:\/\/cu4arquitectura.com\/wp-content\/uploads\/2025\/06\/IMG_6891-1-1024x683.jpg 1024w, https:\/\/cu4arquitectura.com\/wp-content\/uploads\/2025\/06\/IMG_6891-1-300x200.jpg 300w, https:\/\/cu4arquitectura.com\/wp-content\/uploads\/2025\/06\/IMG_6891-1-768x512.jpg 768w, https:\/\/cu4arquitectura.com\/wp-content\/uploads\/2025\/06\/IMG_6891-1.jpg 1152w\" sizes=\"auto, (max-width: 1024px) 100vw, 1024px\" \/><\/figure>\n\n\n\n<p class=\"wp-block-paragraph\">La <strong>Universitat Polit\u00e8cnica de Val\u00e8ncia<\/strong> ha inaugurado el <strong><em>Espacio Piloto WELL UPV<\/em><\/strong>, una propuesta innovadora que redefine el concepto de aula desde el bienestar. Todo ello ha sido fruto de una colaboraci\u00f3n entre <strong>CU4 Arquitectura, Actiu y el Laboratorio de Neuroarquitectura del Instituto HumanTech<\/strong>, aplicando criterios cient\u00edficos y humanos para mejorar la experiencia educativa.<\/p>\n\n\n\n<h3 class=\"wp-block-heading\">\u00bfC\u00f3mo el dise\u00f1o mejora el aprendizaje?<\/h3>\n\n\n\n<p class=\"wp-block-paragraph\">El entorno f\u00edsico tiene un impacto directo en la <strong>capacidad de concentraci\u00f3n<\/strong>, la motivaci\u00f3n y el estado emocional de quienes lo habitan. Dise\u00f1ar para el bienestar no es un capricho, es una necesidad respaldada por la ciencia.<\/p>\n\n\n\n<p class=\"wp-block-paragraph\">En este aula que hemos ayudado a dise\u00f1ar, todo ha sido pensado para <strong>favorecer la atenci\u00f3n y el bienestar<\/strong> de alumnos y profesores, desde la iluminaci\u00f3n, la elecci\u00f3n de materiales m\u00e1s saludables, hasta la distribuci\u00f3n del mobiliario.<\/p>\n\n\n\n<p class=\"wp-block-paragraph\">Para ello, se han seguido los principales <strong>requisitos del sello WELL<\/strong>, un est\u00e1ndar internacional que gu\u00eda proyectos orientados a mejorar la salud en los espacios construidos y que da nombre a esta intervenci\u00f3n pionera en la UPV.<\/p>\n\n\n\n<p class=\"wp-block-paragraph\">Previo a la transformaci\u00f3n del aula, el Laboratorio de Neuroarquitectura de la universidad llev\u00f3 a cabo, tanto mediciones ac\u00fasticas y de iluminaci\u00f3n del lugar, como <strong>mediciones psicol\u00f3gicas y neurofisiol\u00f3gicas<\/strong> que servir\u00e1n como base comparativa para evaluar el impacto del nuevo espacio en aspectos como la memoria, la creatividad o la percepci\u00f3n de bienestar.<\/p>\n\n\n\n<p class=\"wp-block-paragraph\">Las primeras impresiones ya apuntan a una mejora clara en la experiencia del usuario. Como explica nuestra arquitecta, Anna Ferrer, en declaraciones para Cadena SER: \u201cNo se trata solo de est\u00e9tica. Lo importante es que el aula se note, que se sienta diferente, que se perciba mejor.\u201d<\/p>\n\n\n\n<h3 class=\"wp-block-heading\">\u00bfQu\u00e9 es el sello WELL?<\/h3>\n\n\n\n<figure class=\"wp-block-image size-large\"><img loading=\"lazy\" decoding=\"async\" width=\"1024\" height=\"683\" src=\"https:\/\/cu4arquitectura.com\/wp-content\/uploads\/2025\/06\/IMG_6922-1024x683.jpg\" alt=\"CU4 Arquitectura Valencia\" class=\"wp-image-8478\" srcset=\"https:\/\/cu4arquitectura.com\/wp-content\/uploads\/2025\/06\/IMG_6922-1024x683.jpg 1024w, https:\/\/cu4arquitectura.com\/wp-content\/uploads\/2025\/06\/IMG_6922-300x200.jpg 300w, https:\/\/cu4arquitectura.com\/wp-content\/uploads\/2025\/06\/IMG_6922-768x512.jpg 768w, https:\/\/cu4arquitectura.com\/wp-content\/uploads\/2025\/06\/IMG_6922.jpg 1152w\" sizes=\"auto, (max-width: 1024px) 100vw, 1024px\" \/><\/figure>\n\n\n\n<p class=\"wp-block-paragraph\">El <strong>est\u00e1ndar WELL es una certificaci\u00f3n internacional<\/strong> que eval\u00faa c\u00f3mo los espacios construidos contribuyen a la salud y el bienestar de las personas. Se estructura en distintas \u00e1reas clave:<\/p>\n\n\n\n<ul class=\"wp-block-list\">\n<li><strong>Aire, agua e iluminaci\u00f3n<\/strong>: garantiza una ventilaci\u00f3n saludable, agua potable segura y acceso a luz natural.<\/li>\n\n\n\n<li><strong>Confort y materiales<\/strong>: mejora la experiencia sensorial a trav\u00e9s del confort t\u00e9rmico, ac\u00fastico y el uso de materiales no t\u00f3xicos.<\/li>\n\n\n\n<li><strong>Actividad f\u00edsica y ergonom\u00eda<\/strong>: fomenta el movimiento con mobiliario adaptable y entornos que invitan a cambiar de postura.<\/li>\n\n\n\n<li><strong>Bienestar mental<\/strong>: incorpora elementos naturales y estrategias que reducen el estr\u00e9s y mejoran el estado an\u00edmico.<\/li>\n\n\n\n<li><strong>Inclusi\u00f3n, accesibilidad y evaluaci\u00f3n<\/strong>: los dise\u00f1os se piensan para todas las personas y mide el impacto con herramientas objetivas.<\/li>\n<\/ul>\n\n\n\n<p class=\"wp-block-paragraph\">El Espacio piloto UPV cumple con muchos de estos criterios, integr\u00e1ndolos desde el origen del proyecto gracias al enfoque metodol\u00f3gico que seguimos en CU4 Arquitectura.<\/p>\n\n\n\n<h3 class=\"wp-block-heading\">El proceso participativo detr\u00e1s de cada espacio<\/h3>\n\n\n\n<p class=\"wp-block-paragraph\">Uno de los pilares del proyecto ha sido el trabajo colaborativo con estudiantes y docentes, quienes participaron activamente en el dise\u00f1o del aula. <strong>Sus opiniones fueron clave<\/strong> para definir la disposici\u00f3n, el mobiliario y los elementos funcionales del espacio. El objetivo era claro: crear un aula pensada para quienes la usan.<\/p>\n\n\n\n<p class=\"wp-block-paragraph\">La intervenci\u00f3n ha contado con el equipamiento de <strong>Actiu<\/strong>, la vegetaci\u00f3n de <strong>Greenarea<\/strong> y las soluciones lum\u00ednicas de <strong>Sim\u00f3n<\/strong>, integrados en una propuesta coherente con las necesidades reales del d\u00eda a d\u00eda universitario. Adem\u00e1s, el espacio ser\u00e1 monitorizado a medio plazo para validar los resultados y aplicar mejoras en futuras aulas.<\/p>\n\n\n\n<p class=\"wp-block-paragraph\">Como expres\u00f3 el rector Jos\u00e9 E. Capilla en la presentaci\u00f3n, este aula representa \u201cun paso hacia espacios m\u00e1s humanos, saludables y adaptados a los desaf\u00edos actuales\u201d.<\/p>\n\n\n\n<p class=\"wp-block-paragraph\">Desde CU4 Arquitectura, este proyecto refuerza el compromiso con un dise\u00f1o que transforma, no solo lugares, sino experiencias de vida.<\/p>\n\n\n\n<h3 class=\"wp-block-heading\">La presentaci\u00f3n en im\u00e1genes<\/h3>\n\n\n\n<figure data-wp-context=\"{&quot;galleryId&quot;:&quot;6a9c49b684aa4&quot;}\" data-wp-interactive=\"core\/gallery\" class=\"wp-block-gallery has-nested-images columns-3 is-cropped wp-block-gallery-1 is-layout-flex wp-block-gallery-is-layout-flex\">\n<figure data-wp-context=\"{&quot;imageId&quot;:&quot;6a9c49b6850e8&quot;}\" data-wp-interactive=\"core\/image\" data-wp-key=\"6a9c49b6850e8\" class=\"wp-block-image size-large wp-lightbox-container\"><img loading=\"lazy\" decoding=\"async\" width=\"1024\" height=\"683\" data-wp-class--hide=\"state.isContentHidden\" data-wp-class--show=\"state.isContentVisible\" data-wp-init=\"callbacks.setButtonStyles\" data-wp-on--click=\"actions.showLightbox\" data-wp-on--load=\"callbacks.setButtonStyles\" data-wp-on--pointerdown=\"actions.preloadImage\" data-wp-on--pointerenter=\"actions.preloadImageWithDelay\" data-wp-on--pointerleave=\"actions.cancelPreload\" data-wp-on-window--resize=\"callbacks.setButtonStyles\" data-id=\"8507\" src=\"https:\/\/cu4arquitectura.com\/wp-content\/uploads\/2025\/06\/IMG_6908-1024x683.jpg\" alt=\"\" class=\"wp-image-8507\" srcset=\"https:\/\/cu4arquitectura.com\/wp-content\/uploads\/2025\/06\/IMG_6908-1024x683.jpg 1024w, https:\/\/cu4arquitectura.com\/wp-content\/uploads\/2025\/06\/IMG_6908-300x200.jpg 300w, https:\/\/cu4arquitectura.com\/wp-content\/uploads\/2025\/06\/IMG_6908-768x512.jpg 768w, https:\/\/cu4arquitectura.com\/wp-content\/uploads\/2025\/06\/IMG_6908.jpg 1152w\" sizes=\"auto, (max-width: 1024px) 100vw, 1024px\" \/><button\n\t\t\tclass=\"lightbox-trigger\"\n\t\t\ttype=\"button\"\n\t\t\taria-haspopup=\"dialog\"\n\t\t\tdata-wp-bind--aria-label=\"state.thisImage.triggerButtonAriaLabel\"\n\t\t\tdata-wp-init=\"callbacks.initTriggerButton\"\n\t\t\tdata-wp-on--click=\"actions.showLightbox\"\n\t\t\tdata-wp-style--right=\"state.thisImage.buttonRight\"\n\t\t\tdata-wp-style--top=\"state.thisImage.buttonTop\"\n\t\t>\n\t\t\t<svg xmlns=\"http:\/\/www.w3.org\/2000\/svg\" width=\"12\" height=\"12\" fill=\"none\" viewBox=\"0 0 12 12\">\n\t\t\t\t<path fill=\"#fff\" d=\"M2 0a2 2 0 0 0-2 2v2h1.5V2a.5.5 0 0 1 .5-.5h2V0H2Zm2 10.5H2a.5.5 0 0 1-.5-.5V8H0v2a2 2 0 0 0 2 2h2v-1.5ZM8 12v-1.5h2a.5.5 0 0 0 .5-.5V8H12v2a2 2 0 0 1-2 2H8Zm2-12a2 2 0 0 1 2 2v2h-1.5V2a.5.5 0 0 0-.5-.5H8V0h2Z\" \/>\n\t\t\t<\/svg>\n\t\t<\/button><\/figure>\n\n\n\n<figure data-wp-context=\"{&quot;imageId&quot;:&quot;6a9c49b68590a&quot;}\" data-wp-interactive=\"core\/image\" data-wp-key=\"6a9c49b68590a\" class=\"wp-block-image size-large wp-lightbox-container\"><img loading=\"lazy\" decoding=\"async\" width=\"1024\" height=\"683\" data-wp-class--hide=\"state.isContentHidden\" data-wp-class--show=\"state.isContentVisible\" data-wp-init=\"callbacks.setButtonStyles\" data-wp-on--click=\"actions.showLightbox\" data-wp-on--load=\"callbacks.setButtonStyles\" data-wp-on--pointerdown=\"actions.preloadImage\" data-wp-on--pointerenter=\"actions.preloadImageWithDelay\" data-wp-on--pointerleave=\"actions.cancelPreload\" data-wp-on-window--resize=\"callbacks.setButtonStyles\" data-id=\"8505\" src=\"https:\/\/cu4arquitectura.com\/wp-content\/uploads\/2025\/06\/IMG_6912-1024x683.jpg\" alt=\"\" class=\"wp-image-8505\" srcset=\"https:\/\/cu4arquitectura.com\/wp-content\/uploads\/2025\/06\/IMG_6912-1024x683.jpg 1024w, https:\/\/cu4arquitectura.com\/wp-content\/uploads\/2025\/06\/IMG_6912-300x200.jpg 300w, https:\/\/cu4arquitectura.com\/wp-content\/uploads\/2025\/06\/IMG_6912-768x512.jpg 768w, https:\/\/cu4arquitectura.com\/wp-content\/uploads\/2025\/06\/IMG_6912.jpg 1152w\" sizes=\"auto, (max-width: 1024px) 100vw, 1024px\" \/><button\n\t\t\tclass=\"lightbox-trigger\"\n\t\t\ttype=\"button\"\n\t\t\taria-haspopup=\"dialog\"\n\t\t\tdata-wp-bind--aria-label=\"state.thisImage.triggerButtonAriaLabel\"\n\t\t\tdata-wp-init=\"callbacks.initTriggerButton\"\n\t\t\tdata-wp-on--click=\"actions.showLightbox\"\n\t\t\tdata-wp-style--right=\"state.thisImage.buttonRight\"\n\t\t\tdata-wp-style--top=\"state.thisImage.buttonTop\"\n\t\t>\n\t\t\t<svg xmlns=\"http:\/\/www.w3.org\/2000\/svg\" width=\"12\" height=\"12\" fill=\"none\" viewBox=\"0 0 12 12\">\n\t\t\t\t<path fill=\"#fff\" d=\"M2 0a2 2 0 0 0-2 2v2h1.5V2a.5.5 0 0 1 .5-.5h2V0H2Zm2 10.5H2a.5.5 0 0 1-.5-.5V8H0v2a2 2 0 0 0 2 2h2v-1.5ZM8 12v-1.5h2a.5.5 0 0 0 .5-.5V8H12v2a2 2 0 0 1-2 2H8Zm2-12a2 2 0 0 1 2 2v2h-1.5V2a.5.5 0 0 0-.5-.5H8V0h2Z\" \/>\n\t\t\t<\/svg>\n\t\t<\/button><\/figure>\n\n\n\n<figure data-wp-context=\"{&quot;imageId&quot;:&quot;6a9c49b68604d&quot;}\" data-wp-interactive=\"core\/image\" data-wp-key=\"6a9c49b68604d\" class=\"wp-block-image size-large wp-lightbox-container\"><img loading=\"lazy\" decoding=\"async\" width=\"1024\" height=\"683\" data-wp-class--hide=\"state.isContentHidden\" data-wp-class--show=\"state.isContentVisible\" data-wp-init=\"callbacks.setButtonStyles\" data-wp-on--click=\"actions.showLightbox\" data-wp-on--load=\"callbacks.setButtonStyles\" data-wp-on--pointerdown=\"actions.preloadImage\" data-wp-on--pointerenter=\"actions.preloadImageWithDelay\" data-wp-on--pointerleave=\"actions.cancelPreload\" data-wp-on-window--resize=\"callbacks.setButtonStyles\" data-id=\"8504\" src=\"https:\/\/cu4arquitectura.com\/wp-content\/uploads\/2025\/06\/IMG_6917-1024x683.jpg\" alt=\"\" class=\"wp-image-8504\" srcset=\"https:\/\/cu4arquitectura.com\/wp-content\/uploads\/2025\/06\/IMG_6917-1024x683.jpg 1024w, https:\/\/cu4arquitectura.com\/wp-content\/uploads\/2025\/06\/IMG_6917-300x200.jpg 300w, https:\/\/cu4arquitectura.com\/wp-content\/uploads\/2025\/06\/IMG_6917-768x512.jpg 768w, https:\/\/cu4arquitectura.com\/wp-content\/uploads\/2025\/06\/IMG_6917.jpg 1152w\" sizes=\"auto, (max-width: 1024px) 100vw, 1024px\" \/><button\n\t\t\tclass=\"lightbox-trigger\"\n\t\t\ttype=\"button\"\n\t\t\taria-haspopup=\"dialog\"\n\t\t\tdata-wp-bind--aria-label=\"state.thisImage.triggerButtonAriaLabel\"\n\t\t\tdata-wp-init=\"callbacks.initTriggerButton\"\n\t\t\tdata-wp-on--click=\"actions.showLightbox\"\n\t\t\tdata-wp-style--right=\"state.thisImage.buttonRight\"\n\t\t\tdata-wp-style--top=\"state.thisImage.buttonTop\"\n\t\t>\n\t\t\t<svg xmlns=\"http:\/\/www.w3.org\/2000\/svg\" width=\"12\" height=\"12\" fill=\"none\" viewBox=\"0 0 12 12\">\n\t\t\t\t<path fill=\"#fff\" d=\"M2 0a2 2 0 0 0-2 2v2h1.5V2a.5.5 0 0 1 .5-.5h2V0H2Zm2 10.5H2a.5.5 0 0 1-.5-.5V8H0v2a2 2 0 0 0 2 2h2v-1.5ZM8 12v-1.5h2a.5.5 0 0 0 .5-.5V8H12v2a2 2 0 0 1-2 2H8Zm2-12a2 2 0 0 1 2 2v2h-1.5V2a.5.5 0 0 0-.5-.5H8V0h2Z\" \/>\n\t\t\t<\/svg>\n\t\t<\/button><\/figure>\n\n\n\n<figure data-wp-context=\"{&quot;imageId&quot;:&quot;6a9c49b6867d7&quot;}\" data-wp-interactive=\"core\/image\" data-wp-key=\"6a9c49b6867d7\" class=\"wp-block-image size-large wp-lightbox-container\"><img loading=\"lazy\" decoding=\"async\" width=\"1024\" height=\"683\" data-wp-class--hide=\"state.isContentHidden\" data-wp-class--show=\"state.isContentVisible\" data-wp-init=\"callbacks.setButtonStyles\" data-wp-on--click=\"actions.showLightbox\" data-wp-on--load=\"callbacks.setButtonStyles\" data-wp-on--pointerdown=\"actions.preloadImage\" data-wp-on--pointerenter=\"actions.preloadImageWithDelay\" data-wp-on--pointerleave=\"actions.cancelPreload\" data-wp-on-window--resize=\"callbacks.setButtonStyles\" data-id=\"8506\" src=\"https:\/\/cu4arquitectura.com\/wp-content\/uploads\/2025\/06\/IMG_6922-1-1024x683.jpg\" alt=\"\" class=\"wp-image-8506\" srcset=\"https:\/\/cu4arquitectura.com\/wp-content\/uploads\/2025\/06\/IMG_6922-1-1024x683.jpg 1024w, https:\/\/cu4arquitectura.com\/wp-content\/uploads\/2025\/06\/IMG_6922-1-300x200.jpg 300w, https:\/\/cu4arquitectura.com\/wp-content\/uploads\/2025\/06\/IMG_6922-1-768x512.jpg 768w, https:\/\/cu4arquitectura.com\/wp-content\/uploads\/2025\/06\/IMG_6922-1.jpg 1152w\" sizes=\"auto, (max-width: 1024px) 100vw, 1024px\" \/><button\n\t\t\tclass=\"lightbox-trigger\"\n\t\t\ttype=\"button\"\n\t\t\taria-haspopup=\"dialog\"\n\t\t\tdata-wp-bind--aria-label=\"state.thisImage.triggerButtonAriaLabel\"\n\t\t\tdata-wp-init=\"callbacks.initTriggerButton\"\n\t\t\tdata-wp-on--click=\"actions.showLightbox\"\n\t\t\tdata-wp-style--right=\"state.thisImage.buttonRight\"\n\t\t\tdata-wp-style--top=\"state.thisImage.buttonTop\"\n\t\t>\n\t\t\t<svg xmlns=\"http:\/\/www.w3.org\/2000\/svg\" width=\"12\" height=\"12\" fill=\"none\" viewBox=\"0 0 12 12\">\n\t\t\t\t<path fill=\"#fff\" d=\"M2 0a2 2 0 0 0-2 2v2h1.5V2a.5.5 0 0 1 .5-.5h2V0H2Zm2 10.5H2a.5.5 0 0 1-.5-.5V8H0v2a2 2 0 0 0 2 2h2v-1.5ZM8 12v-1.5h2a.5.5 0 0 0 .5-.5V8H12v2a2 2 0 0 1-2 2H8Zm2-12a2 2 0 0 1 2 2v2h-1.5V2a.5.5 0 0 0-.5-.5H8V0h2Z\" \/>\n\t\t\t<\/svg>\n\t\t<\/button><\/figure>\n\n\n\n<figure data-wp-context=\"{&quot;imageId&quot;:&quot;6a9c49b686f12&quot;}\" data-wp-interactive=\"core\/image\" data-wp-key=\"6a9c49b686f12\" class=\"wp-block-image size-large wp-lightbox-container\"><img loading=\"lazy\" decoding=\"async\" width=\"1024\" height=\"683\" data-wp-class--hide=\"state.isContentHidden\" data-wp-class--show=\"state.isContentVisible\" data-wp-init=\"callbacks.setButtonStyles\" data-wp-on--click=\"actions.showLightbox\" data-wp-on--load=\"callbacks.setButtonStyles\" data-wp-on--pointerdown=\"actions.preloadImage\" data-wp-on--pointerenter=\"actions.preloadImageWithDelay\" data-wp-on--pointerleave=\"actions.cancelPreload\" data-wp-on-window--resize=\"callbacks.setButtonStyles\" data-id=\"8512\" src=\"https:\/\/cu4arquitectura.com\/wp-content\/uploads\/2025\/06\/IMG_6934-1024x683.jpg\" alt=\"\" class=\"wp-image-8512\" srcset=\"https:\/\/cu4arquitectura.com\/wp-content\/uploads\/2025\/06\/IMG_6934-1024x683.jpg 1024w, https:\/\/cu4arquitectura.com\/wp-content\/uploads\/2025\/06\/IMG_6934-300x200.jpg 300w, https:\/\/cu4arquitectura.com\/wp-content\/uploads\/2025\/06\/IMG_6934-768x512.jpg 768w, https:\/\/cu4arquitectura.com\/wp-content\/uploads\/2025\/06\/IMG_6934.jpg 1152w\" sizes=\"auto, (max-width: 1024px) 100vw, 1024px\" \/><button\n\t\t\tclass=\"lightbox-trigger\"\n\t\t\ttype=\"button\"\n\t\t\taria-haspopup=\"dialog\"\n\t\t\tdata-wp-bind--aria-label=\"state.thisImage.triggerButtonAriaLabel\"\n\t\t\tdata-wp-init=\"callbacks.initTriggerButton\"\n\t\t\tdata-wp-on--click=\"actions.showLightbox\"\n\t\t\tdata-wp-style--right=\"state.thisImage.buttonRight\"\n\t\t\tdata-wp-style--top=\"state.thisImage.buttonTop\"\n\t\t>\n\t\t\t<svg xmlns=\"http:\/\/www.w3.org\/2000\/svg\" width=\"12\" height=\"12\" fill=\"none\" viewBox=\"0 0 12 12\">\n\t\t\t\t<path fill=\"#fff\" d=\"M2 0a2 2 0 0 0-2 2v2h1.5V2a.5.5 0 0 1 .5-.5h2V0H2Zm2 10.5H2a.5.5 0 0 1-.5-.5V8H0v2a2 2 0 0 0 2 2h2v-1.5ZM8 12v-1.5h2a.5.5 0 0 0 .5-.5V8H12v2a2 2 0 0 1-2 2H8Zm2-12a2 2 0 0 1 2 2v2h-1.5V2a.5.5 0 0 0-.5-.5H8V0h2Z\" \/>\n\t\t\t<\/svg>\n\t\t<\/button><\/figure>\n\n\n\n<figure data-wp-context=\"{&quot;imageId&quot;:&quot;6a9c49b68764a&quot;}\" data-wp-interactive=\"core\/image\" data-wp-key=\"6a9c49b68764a\" class=\"wp-block-image size-large wp-lightbox-container\"><img loading=\"lazy\" decoding=\"async\" width=\"1024\" height=\"683\" data-wp-class--hide=\"state.isContentHidden\" data-wp-class--show=\"state.isContentVisible\" data-wp-init=\"callbacks.setButtonStyles\" data-wp-on--click=\"actions.showLightbox\" data-wp-on--load=\"callbacks.setButtonStyles\" data-wp-on--pointerdown=\"actions.preloadImage\" data-wp-on--pointerenter=\"actions.preloadImageWithDelay\" data-wp-on--pointerleave=\"actions.cancelPreload\" data-wp-on-window--resize=\"callbacks.setButtonStyles\" data-id=\"8511\" src=\"https:\/\/cu4arquitectura.com\/wp-content\/uploads\/2025\/06\/IMG_6889-1024x683.jpg\" alt=\"\" class=\"wp-image-8511\" srcset=\"https:\/\/cu4arquitectura.com\/wp-content\/uploads\/2025\/06\/IMG_6889-1024x683.jpg 1024w, https:\/\/cu4arquitectura.com\/wp-content\/uploads\/2025\/06\/IMG_6889-300x200.jpg 300w, https:\/\/cu4arquitectura.com\/wp-content\/uploads\/2025\/06\/IMG_6889-768x512.jpg 768w, https:\/\/cu4arquitectura.com\/wp-content\/uploads\/2025\/06\/IMG_6889.jpg 1152w\" sizes=\"auto, (max-width: 1024px) 100vw, 1024px\" \/><button\n\t\t\tclass=\"lightbox-trigger\"\n\t\t\ttype=\"button\"\n\t\t\taria-haspopup=\"dialog\"\n\t\t\tdata-wp-bind--aria-label=\"state.thisImage.triggerButtonAriaLabel\"\n\t\t\tdata-wp-init=\"callbacks.initTriggerButton\"\n\t\t\tdata-wp-on--click=\"actions.showLightbox\"\n\t\t\tdata-wp-style--right=\"state.thisImage.buttonRight\"\n\t\t\tdata-wp-style--top=\"state.thisImage.buttonTop\"\n\t\t>\n\t\t\t<svg xmlns=\"http:\/\/www.w3.org\/2000\/svg\" width=\"12\" height=\"12\" fill=\"none\" viewBox=\"0 0 12 12\">\n\t\t\t\t<path fill=\"#fff\" d=\"M2 0a2 2 0 0 0-2 2v2h1.5V2a.5.5 0 0 1 .5-.5h2V0H2Zm2 10.5H2a.5.5 0 0 1-.5-.5V8H0v2a2 2 0 0 0 2 2h2v-1.5ZM8 12v-1.5h2a.5.5 0 0 0 .5-.5V8H12v2a2 2 0 0 1-2 2H8Zm2-12a2 2 0 0 1 2 2v2h-1.5V2a.5.5 0 0 0-.5-.5H8V0h2Z\" \/>\n\t\t\t<\/svg>\n\t\t<\/button><\/figure>\n\n\n\n<figure data-wp-context=\"{&quot;imageId&quot;:&quot;6a9c49b687dad&quot;}\" data-wp-interactive=\"core\/image\" data-wp-key=\"6a9c49b687dad\" class=\"wp-block-image size-large wp-lightbox-container\"><img loading=\"lazy\" decoding=\"async\" width=\"1024\" height=\"683\" data-wp-class--hide=\"state.isContentHidden\" data-wp-class--show=\"state.isContentVisible\" data-wp-init=\"callbacks.setButtonStyles\" data-wp-on--click=\"actions.showLightbox\" data-wp-on--load=\"callbacks.setButtonStyles\" data-wp-on--pointerdown=\"actions.preloadImage\" data-wp-on--pointerenter=\"actions.preloadImageWithDelay\" data-wp-on--pointerleave=\"actions.cancelPreload\" data-wp-on-window--resize=\"callbacks.setButtonStyles\" data-id=\"8510\" src=\"https:\/\/cu4arquitectura.com\/wp-content\/uploads\/2025\/06\/IMG_6891-2-1024x683.jpg\" alt=\"\" class=\"wp-image-8510\" srcset=\"https:\/\/cu4arquitectura.com\/wp-content\/uploads\/2025\/06\/IMG_6891-2-1024x683.jpg 1024w, https:\/\/cu4arquitectura.com\/wp-content\/uploads\/2025\/06\/IMG_6891-2-300x200.jpg 300w, https:\/\/cu4arquitectura.com\/wp-content\/uploads\/2025\/06\/IMG_6891-2-768x512.jpg 768w, https:\/\/cu4arquitectura.com\/wp-content\/uploads\/2025\/06\/IMG_6891-2.jpg 1152w\" sizes=\"auto, (max-width: 1024px) 100vw, 1024px\" \/><button\n\t\t\tclass=\"lightbox-trigger\"\n\t\t\ttype=\"button\"\n\t\t\taria-haspopup=\"dialog\"\n\t\t\tdata-wp-bind--aria-label=\"state.thisImage.triggerButtonAriaLabel\"\n\t\t\tdata-wp-init=\"callbacks.initTriggerButton\"\n\t\t\tdata-wp-on--click=\"actions.showLightbox\"\n\t\t\tdata-wp-style--right=\"state.thisImage.buttonRight\"\n\t\t\tdata-wp-style--top=\"state.thisImage.buttonTop\"\n\t\t>\n\t\t\t<svg xmlns=\"http:\/\/www.w3.org\/2000\/svg\" width=\"12\" height=\"12\" fill=\"none\" viewBox=\"0 0 12 12\">\n\t\t\t\t<path fill=\"#fff\" d=\"M2 0a2 2 0 0 0-2 2v2h1.5V2a.5.5 0 0 1 .5-.5h2V0H2Zm2 10.5H2a.5.5 0 0 1-.5-.5V8H0v2a2 2 0 0 0 2 2h2v-1.5ZM8 12v-1.5h2a.5.5 0 0 0 .5-.5V8H12v2a2 2 0 0 1-2 2H8Zm2-12a2 2 0 0 1 2 2v2h-1.5V2a.5.5 0 0 0-.5-.5H8V0h2Z\" \/>\n\t\t\t<\/svg>\n\t\t<\/button><\/figure>\n\n\n\n<figure data-wp-context=\"{&quot;imageId&quot;:&quot;6a9c49b6884cf&quot;}\" data-wp-interactive=\"core\/image\" data-wp-key=\"6a9c49b6884cf\" class=\"wp-block-image size-large wp-lightbox-container\"><img loading=\"lazy\" decoding=\"async\" width=\"1024\" height=\"683\" data-wp-class--hide=\"state.isContentHidden\" data-wp-class--show=\"state.isContentVisible\" data-wp-init=\"callbacks.setButtonStyles\" data-wp-on--click=\"actions.showLightbox\" data-wp-on--load=\"callbacks.setButtonStyles\" data-wp-on--pointerdown=\"actions.preloadImage\" data-wp-on--pointerenter=\"actions.preloadImageWithDelay\" data-wp-on--pointerleave=\"actions.cancelPreload\" data-wp-on-window--resize=\"callbacks.setButtonStyles\" data-id=\"8509\" src=\"https:\/\/cu4arquitectura.com\/wp-content\/uploads\/2025\/06\/IMG_6893-1024x683.jpg\" alt=\"\" class=\"wp-image-8509\" srcset=\"https:\/\/cu4arquitectura.com\/wp-content\/uploads\/2025\/06\/IMG_6893-1024x683.jpg 1024w, https:\/\/cu4arquitectura.com\/wp-content\/uploads\/2025\/06\/IMG_6893-300x200.jpg 300w, https:\/\/cu4arquitectura.com\/wp-content\/uploads\/2025\/06\/IMG_6893-768x512.jpg 768w, https:\/\/cu4arquitectura.com\/wp-content\/uploads\/2025\/06\/IMG_6893.jpg 1152w\" sizes=\"auto, (max-width: 1024px) 100vw, 1024px\" \/><button\n\t\t\tclass=\"lightbox-trigger\"\n\t\t\ttype=\"button\"\n\t\t\taria-haspopup=\"dialog\"\n\t\t\tdata-wp-bind--aria-label=\"state.thisImage.triggerButtonAriaLabel\"\n\t\t\tdata-wp-init=\"callbacks.initTriggerButton\"\n\t\t\tdata-wp-on--click=\"actions.showLightbox\"\n\t\t\tdata-wp-style--right=\"state.thisImage.buttonRight\"\n\t\t\tdata-wp-style--top=\"state.thisImage.buttonTop\"\n\t\t>\n\t\t\t<svg xmlns=\"http:\/\/www.w3.org\/2000\/svg\" width=\"12\" height=\"12\" fill=\"none\" viewBox=\"0 0 12 12\">\n\t\t\t\t<path fill=\"#fff\" d=\"M2 0a2 2 0 0 0-2 2v2h1.5V2a.5.5 0 0 1 .5-.5h2V0H2Zm2 10.5H2a.5.5 0 0 1-.5-.5V8H0v2a2 2 0 0 0 2 2h2v-1.5ZM8 12v-1.5h2a.5.5 0 0 0 .5-.5V8H12v2a2 2 0 0 1-2 2H8Zm2-12a2 2 0 0 1 2 2v2h-1.5V2a.5.5 0 0 0-.5-.5H8V0h2Z\" \/>\n\t\t\t<\/svg>\n\t\t<\/button><\/figure>\n\n\n\n<figure data-wp-context=\"{&quot;imageId&quot;:&quot;6a9c49b688c4d&quot;}\" data-wp-interactive=\"core\/image\" data-wp-key=\"6a9c49b688c4d\" class=\"wp-block-image size-large wp-lightbox-container\"><img loading=\"lazy\" decoding=\"async\" width=\"1024\" height=\"683\" data-wp-class--hide=\"state.isContentHidden\" data-wp-class--show=\"state.isContentVisible\" data-wp-init=\"callbacks.setButtonStyles\" data-wp-on--click=\"actions.showLightbox\" data-wp-on--load=\"callbacks.setButtonStyles\" data-wp-on--pointerdown=\"actions.preloadImage\" data-wp-on--pointerenter=\"actions.preloadImageWithDelay\" data-wp-on--pointerleave=\"actions.cancelPreload\" data-wp-on-window--resize=\"callbacks.setButtonStyles\" data-id=\"8508\" src=\"https:\/\/cu4arquitectura.com\/wp-content\/uploads\/2025\/06\/IMG_6896-1024x683.jpg\" alt=\"\" class=\"wp-image-8508\" srcset=\"https:\/\/cu4arquitectura.com\/wp-content\/uploads\/2025\/06\/IMG_6896-1024x683.jpg 1024w, https:\/\/cu4arquitectura.com\/wp-content\/uploads\/2025\/06\/IMG_6896-300x200.jpg 300w, https:\/\/cu4arquitectura.com\/wp-content\/uploads\/2025\/06\/IMG_6896-768x512.jpg 768w, https:\/\/cu4arquitectura.com\/wp-content\/uploads\/2025\/06\/IMG_6896.jpg 1152w\" sizes=\"auto, (max-width: 1024px) 100vw, 1024px\" \/><button\n\t\t\tclass=\"lightbox-trigger\"\n\t\t\ttype=\"button\"\n\t\t\taria-haspopup=\"dialog\"\n\t\t\tdata-wp-bind--aria-label=\"state.thisImage.triggerButtonAriaLabel\"\n\t\t\tdata-wp-init=\"callbacks.initTriggerButton\"\n\t\t\tdata-wp-on--click=\"actions.showLightbox\"\n\t\t\tdata-wp-style--right=\"state.thisImage.buttonRight\"\n\t\t\tdata-wp-style--top=\"state.thisImage.buttonTop\"\n\t\t>\n\t\t\t<svg xmlns=\"http:\/\/www.w3.org\/2000\/svg\" width=\"12\" height=\"12\" fill=\"none\" viewBox=\"0 0 12 12\">\n\t\t\t\t<path fill=\"#fff\" d=\"M2 0a2 2 0 0 0-2 2v2h1.5V2a.5.5 0 0 1 .5-.5h2V0H2Zm2 10.5H2a.5.5 0 0 1-.5-.5V8H0v2a2 2 0 0 0 2 2h2v-1.5ZM8 12v-1.5h2a.5.5 0 0 0 .5-.5V8H12v2a2 2 0 0 1-2 2H8Zm2-12a2 2 0 0 1 2 2v2h-1.5V2a.5.5 0 0 0-.5-.5H8V0h2Z\" \/>\n\t\t\t<\/svg>\n\t\t<\/button><\/figure>\n\n\n\n<figure data-wp-context=\"{&quot;imageId&quot;:&quot;6a9c49b68936a&quot;}\" data-wp-interactive=\"core\/image\" data-wp-key=\"6a9c49b68936a\" class=\"wp-block-image size-large wp-lightbox-container\"><img loading=\"lazy\" decoding=\"async\" width=\"1024\" height=\"683\" data-wp-class--hide=\"state.isContentHidden\" data-wp-class--show=\"state.isContentVisible\" data-wp-init=\"callbacks.setButtonStyles\" data-wp-on--click=\"actions.showLightbox\" data-wp-on--load=\"callbacks.setButtonStyles\" data-wp-on--pointerdown=\"actions.preloadImage\" data-wp-on--pointerenter=\"actions.preloadImageWithDelay\" data-wp-on--pointerleave=\"actions.cancelPreload\" data-wp-on-window--resize=\"callbacks.setButtonStyles\" data-id=\"8513\" src=\"https:\/\/cu4arquitectura.com\/wp-content\/uploads\/2025\/06\/IMG_6904-1024x683.jpg\" alt=\"\" class=\"wp-image-8513\" srcset=\"https:\/\/cu4arquitectura.com\/wp-content\/uploads\/2025\/06\/IMG_6904-1024x683.jpg 1024w, https:\/\/cu4arquitectura.com\/wp-content\/uploads\/2025\/06\/IMG_6904-300x200.jpg 300w, https:\/\/cu4arquitectura.com\/wp-content\/uploads\/2025\/06\/IMG_6904-768x512.jpg 768w, https:\/\/cu4arquitectura.com\/wp-content\/uploads\/2025\/06\/IMG_6904.jpg 1152w\" sizes=\"auto, (max-width: 1024px) 100vw, 1024px\" \/><button\n\t\t\tclass=\"lightbox-trigger\"\n\t\t\ttype=\"button\"\n\t\t\taria-haspopup=\"dialog\"\n\t\t\tdata-wp-bind--aria-label=\"state.thisImage.triggerButtonAriaLabel\"\n\t\t\tdata-wp-init=\"callbacks.initTriggerButton\"\n\t\t\tdata-wp-on--click=\"actions.showLightbox\"\n\t\t\tdata-wp-style--right=\"state.thisImage.buttonRight\"\n\t\t\tdata-wp-style--top=\"state.thisImage.buttonTop\"\n\t\t>\n\t\t\t<svg xmlns=\"http:\/\/www.w3.org\/2000\/svg\" width=\"12\" height=\"12\" fill=\"none\" viewBox=\"0 0 12 12\">\n\t\t\t\t<path fill=\"#fff\" d=\"M2 0a2 2 0 0 0-2 2v2h1.5V2a.5.5 0 0 1 .5-.5h2V0H2Zm2 10.5H2a.5.5 0 0 1-.5-.5V8H0v2a2 2 0 0 0 2 2h2v-1.5ZM8 12v-1.5h2a.5.5 0 0 0 .5-.5V8H12v2a2 2 0 0 1-2 2H8Zm2-12a2 2 0 0 1 2 2v2h-1.5V2a.5.5 0 0 0-.5-.5H8V0h2Z\" \/>\n\t\t\t<\/svg>\n\t\t<\/button><\/figure>\n\n\n\n<figure data-wp-context=\"{&quot;imageId&quot;:&quot;6a9c49b689af6&quot;}\" data-wp-interactive=\"core\/image\" data-wp-key=\"6a9c49b689af6\" class=\"wp-block-image size-large wp-lightbox-container\"><img loading=\"lazy\" decoding=\"async\" width=\"1024\" height=\"683\" data-wp-class--hide=\"state.isContentHidden\" data-wp-class--show=\"state.isContentVisible\" data-wp-init=\"callbacks.setButtonStyles\" data-wp-on--click=\"actions.showLightbox\" data-wp-on--load=\"callbacks.setButtonStyles\" data-wp-on--pointerdown=\"actions.preloadImage\" data-wp-on--pointerenter=\"actions.preloadImageWithDelay\" data-wp-on--pointerleave=\"actions.cancelPreload\" data-wp-on-window--resize=\"callbacks.setButtonStyles\" data-id=\"8514\" src=\"https:\/\/cu4arquitectura.com\/wp-content\/uploads\/2025\/06\/IMG_6906-1024x683.jpg\" alt=\"\" class=\"wp-image-8514\" srcset=\"https:\/\/cu4arquitectura.com\/wp-content\/uploads\/2025\/06\/IMG_6906-1024x683.jpg 1024w, https:\/\/cu4arquitectura.com\/wp-content\/uploads\/2025\/06\/IMG_6906-300x200.jpg 300w, https:\/\/cu4arquitectura.com\/wp-content\/uploads\/2025\/06\/IMG_6906-768x512.jpg 768w, https:\/\/cu4arquitectura.com\/wp-content\/uploads\/2025\/06\/IMG_6906.jpg 1152w\" sizes=\"auto, (max-width: 1024px) 100vw, 1024px\" \/><button\n\t\t\tclass=\"lightbox-trigger\"\n\t\t\ttype=\"button\"\n\t\t\taria-haspopup=\"dialog\"\n\t\t\tdata-wp-bind--aria-label=\"state.thisImage.triggerButtonAriaLabel\"\n\t\t\tdata-wp-init=\"callbacks.initTriggerButton\"\n\t\t\tdata-wp-on--click=\"actions.showLightbox\"\n\t\t\tdata-wp-style--right=\"state.thisImage.buttonRight\"\n\t\t\tdata-wp-style--top=\"state.thisImage.buttonTop\"\n\t\t>\n\t\t\t<svg xmlns=\"http:\/\/www.w3.org\/2000\/svg\" width=\"12\" height=\"12\" fill=\"none\" viewBox=\"0 0 12 12\">\n\t\t\t\t<path fill=\"#fff\" d=\"M2 0a2 2 0 0 0-2 2v2h1.5V2a.5.5 0 0 1 .5-.5h2V0H2Zm2 10.5H2a.5.5 0 0 1-.5-.5V8H0v2a2 2 0 0 0 2 2h2v-1.5ZM8 12v-1.5h2a.5.5 0 0 0 .5-.5V8H12v2a2 2 0 0 1-2 2H8Zm2-12a2 2 0 0 1 2 2v2h-1.5V2a.5.5 0 0 0-.5-.5H8V0h2Z\" \/>\n\t\t\t<\/svg>\n\t\t<\/button><\/figure>\n<\/figure>\n\n\n\n<p class=\"wp-block-paragraph\">M\u00e1s informaci\u00f3n en:<\/p>\n\n\n\n<p class=\"wp-block-paragraph\"><a href=\"https:\/\/cadenaser.com\/comunitat-valenciana\/2025\/06\/16\/neuroarquitectura-en-las-aulas-el-futuro-es-disenar-para-las-personas-radio-valencia\/\">Publicaci\u00f3n en Cadena SER.<\/a><\/p>\n\n\n\n<p class=\"wp-block-paragraph\"><a href=\"https:\/\/www.abc.es\/espana\/comunidad-valenciana\/upv-crea-espacio-piloto-well-aula-unica-20250617112907-nt.html\">Publicaci\u00f3n en ABC.<\/a><\/p>\n\n\n\n<p class=\"wp-block-paragraph\"><a href=\"https:\/\/www.levante-emv.com\/comunitat-valenciana\/2025\/06\/17\/aula-futuro-llega-upv-118685165.html\">Publicaci\u00f3n en Levante EMV.<\/a><\/p>\n","protected":false},"excerpt":{"rendered":"<p>La Universitat Polit\u00e8cnica de Val\u00e8ncia ha inaugurado el Espacio Piloto WELL UPV, una propuesta innovadora que redefine el concepto de aula desde el bienestar. Todo ello ha sido fruto de una colaboraci\u00f3n entre CU4 Arquitectura, Actiu y el Laboratorio de Neuroarquitectura del Instituto HumanTech, aplicando criterios cient\u00edficos y humanos para mejorar la experiencia educativa. \u00bfC\u00f3mo [&hellip;]<\/p>\n","protected":false},"author":9,"featured_media":8482,"comment_status":"open","ping_status":"open","sticky":false,"template":"","format":"standard","meta":{"_acf_changed":false,"footnotes":""},"categories":[6],"tags":[],"class_list":["post-8468","post","type-post","status-publish","format-standard","has-post-thumbnail","hentry","category-cu4"],"acf":[],"yoast_head":"<!-- This site is optimized with the Yoast SEO plugin v27.7 - https:\/\/yoast.com\/product\/yoast-seo-wordpress\/ -->\n<title>Pioneros en el dise\u00f1o de las aulas del futuro - CU4 Arquitectos en Valencia | Estudio de arquitectura<\/title>\n<meta name=\"description\" content=\"Dise\u00f1amos el Espacio Piloto WELL UPV junto a la UPV. Un aula innovadora para transformar la educaci\u00f3n desde el bienestar.\" \/>\n<meta name=\"robots\" content=\"index, follow, max-snippet:-1, max-image-preview:large, max-video-preview:-1\" \/>\n<link rel=\"canonical\" href=\"https:\/\/cu4arquitectura.com\/en\/2025\/06\/16\/aluas-del-futuro\/\" \/>\n<meta property=\"og:locale\" content=\"en_US\" \/>\n<meta property=\"og:type\" content=\"article\" \/>\n<meta property=\"og:title\" content=\"Pioneros en el dise\u00f1o de las aulas del futuro - CU4 Arquitectos en Valencia | Estudio de arquitectura\" \/>\n<meta property=\"og:description\" content=\"Dise\u00f1amos el Espacio Piloto WELL UPV junto a la UPV. Un aula innovadora para transformar la educaci\u00f3n desde el bienestar.\" \/>\n<meta property=\"og:url\" content=\"https:\/\/cu4arquitectura.com\/en\/2025\/06\/16\/aluas-del-futuro\/\" \/>\n<meta property=\"og:site_name\" content=\"CU4 Arquitectos en Valencia | Estudio de arquitectura\" \/>\n<meta property=\"article:published_time\" content=\"2025-06-16T07:50:16+00:00\" \/>\n<meta property=\"article:modified_time\" content=\"2025-07-18T07:22:17+00:00\" \/>\n<meta property=\"og:image\" content=\"https:\/\/cu4arquitectura.com\/wp-content\/uploads\/2025\/06\/IMG_6891.jpg\" \/>\n\t<meta property=\"og:image:width\" content=\"1152\" \/>\n\t<meta property=\"og:image:height\" content=\"768\" \/>\n\t<meta property=\"og:image:type\" content=\"image\/jpeg\" \/>\n<meta name=\"author\" content=\"Cu4 Arquitectura\" \/>\n<meta name=\"twitter:card\" content=\"summary_large_image\" \/>\n<meta name=\"twitter:label1\" content=\"Written by\" \/>\n\t<meta name=\"twitter:data1\" content=\"Cu4 Arquitectura\" \/>\n\t<meta name=\"twitter:label2\" content=\"Est. reading time\" \/>\n\t<meta name=\"twitter:data2\" content=\"1 minute\" \/>\n<script type=\"application\/ld+json\" class=\"yoast-schema-graph\">{\"@context\":\"https:\\\/\\\/schema.org\",\"@graph\":[{\"@type\":\"Article\",\"@id\":\"https:\\\/\\\/cu4arquitectura.com\\\/en\\\/2025\\\/06\\\/16\\\/aluas-del-futuro\\\/#article\",\"isPartOf\":{\"@id\":\"https:\\\/\\\/cu4arquitectura.com\\\/en\\\/2025\\\/06\\\/16\\\/aluas-del-futuro\\\/\"},\"author\":{\"name\":\"Cu4 Arquitectura\",\"@id\":\"https:\\\/\\\/cu4arquitectura.com\\\/en\\\/#\\\/schema\\\/person\\\/58ac72d4acb0eae359c5ced2c441783b\"},\"headline\":\"Pioneros en el dise\u00f1o de las aulas del futuro\",\"datePublished\":\"2025-06-16T07:50:16+00:00\",\"dateModified\":\"2025-07-18T07:22:17+00:00\",\"mainEntityOfPage\":{\"@id\":\"https:\\\/\\\/cu4arquitectura.com\\\/en\\\/2025\\\/06\\\/16\\\/aluas-del-futuro\\\/\"},\"wordCount\":669,\"commentCount\":0,\"publisher\":{\"@id\":\"https:\\\/\\\/cu4arquitectura.com\\\/en\\\/#organization\"},\"image\":{\"@id\":\"https:\\\/\\\/cu4arquitectura.com\\\/en\\\/2025\\\/06\\\/16\\\/aluas-del-futuro\\\/#primaryimage\"},\"thumbnailUrl\":\"https:\\\/\\\/cu4arquitectura.com\\\/wp-content\\\/uploads\\\/2025\\\/06\\\/IMG_6891-1.jpg\",\"articleSection\":[\"CU4 Arquitectura\"],\"inLanguage\":\"en-US\",\"potentialAction\":[{\"@type\":\"CommentAction\",\"name\":\"Comment\",\"target\":[\"https:\\\/\\\/cu4arquitectura.com\\\/en\\\/2025\\\/06\\\/16\\\/aluas-del-futuro\\\/#respond\"]}]},{\"@type\":\"WebPage\",\"@id\":\"https:\\\/\\\/cu4arquitectura.com\\\/en\\\/2025\\\/06\\\/16\\\/aluas-del-futuro\\\/\",\"url\":\"https:\\\/\\\/cu4arquitectura.com\\\/en\\\/2025\\\/06\\\/16\\\/aluas-del-futuro\\\/\",\"name\":\"Pioneros en el dise\u00f1o de las aulas del futuro - CU4 Arquitectos en Valencia | Estudio de arquitectura\",\"isPartOf\":{\"@id\":\"https:\\\/\\\/cu4arquitectura.com\\\/en\\\/#website\"},\"primaryImageOfPage\":{\"@id\":\"https:\\\/\\\/cu4arquitectura.com\\\/en\\\/2025\\\/06\\\/16\\\/aluas-del-futuro\\\/#primaryimage\"},\"image\":{\"@id\":\"https:\\\/\\\/cu4arquitectura.com\\\/en\\\/2025\\\/06\\\/16\\\/aluas-del-futuro\\\/#primaryimage\"},\"thumbnailUrl\":\"https:\\\/\\\/cu4arquitectura.com\\\/wp-content\\\/uploads\\\/2025\\\/06\\\/IMG_6891-1.jpg\",\"datePublished\":\"2025-06-16T07:50:16+00:00\",\"dateModified\":\"2025-07-18T07:22:17+00:00\",\"description\":\"Dise\u00f1amos el Espacio Piloto WELL UPV junto a la UPV. Un aula innovadora para transformar la educaci\u00f3n desde el bienestar.\",\"breadcrumb\":{\"@id\":\"https:\\\/\\\/cu4arquitectura.com\\\/en\\\/2025\\\/06\\\/16\\\/aluas-del-futuro\\\/#breadcrumb\"},\"inLanguage\":\"en-US\",\"potentialAction\":[{\"@type\":\"ReadAction\",\"target\":[\"https:\\\/\\\/cu4arquitectura.com\\\/en\\\/2025\\\/06\\\/16\\\/aluas-del-futuro\\\/\"]}]},{\"@type\":\"ImageObject\",\"inLanguage\":\"en-US\",\"@id\":\"https:\\\/\\\/cu4arquitectura.com\\\/en\\\/2025\\\/06\\\/16\\\/aluas-del-futuro\\\/#primaryimage\",\"url\":\"https:\\\/\\\/cu4arquitectura.com\\\/wp-content\\\/uploads\\\/2025\\\/06\\\/IMG_6891-1.jpg\",\"contentUrl\":\"https:\\\/\\\/cu4arquitectura.com\\\/wp-content\\\/uploads\\\/2025\\\/06\\\/IMG_6891-1.jpg\",\"width\":1152,\"height\":768},{\"@type\":\"BreadcrumbList\",\"@id\":\"https:\\\/\\\/cu4arquitectura.com\\\/en\\\/2025\\\/06\\\/16\\\/aluas-del-futuro\\\/#breadcrumb\",\"itemListElement\":[{\"@type\":\"ListItem\",\"position\":1,\"name\":\"Portada\",\"item\":\"https:\\\/\\\/cu4arquitectura.com\\\/en\\\/\"},{\"@type\":\"ListItem\",\"position\":2,\"name\":\"Pioneros en el dise\u00f1o de las aulas del futuro\"}]},{\"@type\":\"WebSite\",\"@id\":\"https:\\\/\\\/cu4arquitectura.com\\\/en\\\/#website\",\"url\":\"https:\\\/\\\/cu4arquitectura.com\\\/en\\\/\",\"name\":\"CU4 Arquitectos en Valencia | Estudio de arquitectura\",\"description\":\"Arquitectos en Valencia | Especializados en espacios a medida para empresas y particulares, dise\u00f1ados para tu bienestar\",\"publisher\":{\"@id\":\"https:\\\/\\\/cu4arquitectura.com\\\/en\\\/#organization\"},\"potentialAction\":[{\"@type\":\"SearchAction\",\"target\":{\"@type\":\"EntryPoint\",\"urlTemplate\":\"https:\\\/\\\/cu4arquitectura.com\\\/en\\\/?s={search_term_string}\"},\"query-input\":{\"@type\":\"PropertyValueSpecification\",\"valueRequired\":true,\"valueName\":\"search_term_string\"}}],\"inLanguage\":\"en-US\"},{\"@type\":\"Organization\",\"@id\":\"https:\\\/\\\/cu4arquitectura.com\\\/en\\\/#organization\",\"name\":\"CU4 Arquitectos en Valencia | Estudio de arquitectura\",\"url\":\"https:\\\/\\\/cu4arquitectura.com\\\/en\\\/\",\"logo\":{\"@type\":\"ImageObject\",\"inLanguage\":\"en-US\",\"@id\":\"https:\\\/\\\/cu4arquitectura.com\\\/en\\\/#\\\/schema\\\/logo\\\/image\\\/\",\"url\":\"https:\\\/\\\/cu4arquitectura.com\\\/wp-content\\\/uploads\\\/2024\\\/01\\\/LOGO_CU4_original.svg\",\"contentUrl\":\"https:\\\/\\\/cu4arquitectura.com\\\/wp-content\\\/uploads\\\/2024\\\/01\\\/LOGO_CU4_original.svg\",\"width\":841,\"height\":595,\"caption\":\"CU4 Arquitectos en Valencia | Estudio de arquitectura\"},\"image\":{\"@id\":\"https:\\\/\\\/cu4arquitectura.com\\\/en\\\/#\\\/schema\\\/logo\\\/image\\\/\"}},{\"@type\":\"Person\",\"@id\":\"https:\\\/\\\/cu4arquitectura.com\\\/en\\\/#\\\/schema\\\/person\\\/58ac72d4acb0eae359c5ced2c441783b\",\"name\":\"Cu4 Arquitectura\",\"image\":{\"@type\":\"ImageObject\",\"inLanguage\":\"en-US\",\"@id\":\"https:\\\/\\\/secure.gravatar.com\\\/avatar\\\/69c9d1889eb4b58e3df642c4e9c2f96615fb57f7b9b4856a50c4dbab35ff552d?s=96&d=mm&r=g\",\"url\":\"https:\\\/\\\/secure.gravatar.com\\\/avatar\\\/69c9d1889eb4b58e3df642c4e9c2f96615fb57f7b9b4856a50c4dbab35ff552d?s=96&d=mm&r=g\",\"contentUrl\":\"https:\\\/\\\/secure.gravatar.com\\\/avatar\\\/69c9d1889eb4b58e3df642c4e9c2f96615fb57f7b9b4856a50c4dbab35ff552d?s=96&d=mm&r=g\",\"caption\":\"Cu4 Arquitectura\"},\"url\":\"https:\\\/\\\/cu4arquitectura.com\\\/en\\\/author\\\/noticias_cu4arquitectura\\\/\"}]}<\/script>\n<!-- \/ Yoast SEO plugin. -->","yoast_head_json":{"title":"Pioneros en el dise\u00f1o de las aulas del futuro - CU4 Arquitectos en Valencia | Estudio de arquitectura","description":"Dise\u00f1amos el Espacio Piloto WELL UPV junto a la UPV. Un aula innovadora para transformar la educaci\u00f3n desde el bienestar.","robots":{"index":"index","follow":"follow","max-snippet":"max-snippet:-1","max-image-preview":"max-image-preview:large","max-video-preview":"max-video-preview:-1"},"canonical":"https:\/\/cu4arquitectura.com\/en\/2025\/06\/16\/aluas-del-futuro\/","og_locale":"en_US","og_type":"article","og_title":"Pioneros en el dise\u00f1o de las aulas del futuro - CU4 Arquitectos en Valencia | Estudio de arquitectura","og_description":"Dise\u00f1amos el Espacio Piloto WELL UPV junto a la UPV. Un aula innovadora para transformar la educaci\u00f3n desde el bienestar.","og_url":"https:\/\/cu4arquitectura.com\/en\/2025\/06\/16\/aluas-del-futuro\/","og_site_name":"CU4 Arquitectos en Valencia | Estudio de arquitectura","article_published_time":"2025-06-16T07:50:16+00:00","article_modified_time":"2025-07-18T07:22:17+00:00","og_image":[{"width":1152,"height":768,"url":"https:\/\/cu4arquitectura.com\/wp-content\/uploads\/2025\/06\/IMG_6891.jpg","type":"image\/jpeg"}],"author":"Cu4 Arquitectura","twitter_card":"summary_large_image","twitter_misc":{"Written by":"Cu4 Arquitectura","Est. reading time":"1 minute"},"schema":{"@context":"https:\/\/schema.org","@graph":[{"@type":"Article","@id":"https:\/\/cu4arquitectura.com\/en\/2025\/06\/16\/aluas-del-futuro\/#article","isPartOf":{"@id":"https:\/\/cu4arquitectura.com\/en\/2025\/06\/16\/aluas-del-futuro\/"},"author":{"name":"Cu4 Arquitectura","@id":"https:\/\/cu4arquitectura.com\/en\/#\/schema\/person\/58ac72d4acb0eae359c5ced2c441783b"},"headline":"Pioneros en el dise\u00f1o de las aulas del futuro","datePublished":"2025-06-16T07:50:16+00:00","dateModified":"2025-07-18T07:22:17+00:00","mainEntityOfPage":{"@id":"https:\/\/cu4arquitectura.com\/en\/2025\/06\/16\/aluas-del-futuro\/"},"wordCount":669,"commentCount":0,"publisher":{"@id":"https:\/\/cu4arquitectura.com\/en\/#organization"},"image":{"@id":"https:\/\/cu4arquitectura.com\/en\/2025\/06\/16\/aluas-del-futuro\/#primaryimage"},"thumbnailUrl":"https:\/\/cu4arquitectura.com\/wp-content\/uploads\/2025\/06\/IMG_6891-1.jpg","articleSection":["CU4 Arquitectura"],"inLanguage":"en-US","potentialAction":[{"@type":"CommentAction","name":"Comment","target":["https:\/\/cu4arquitectura.com\/en\/2025\/06\/16\/aluas-del-futuro\/#respond"]}]},{"@type":"WebPage","@id":"https:\/\/cu4arquitectura.com\/en\/2025\/06\/16\/aluas-del-futuro\/","url":"https:\/\/cu4arquitectura.com\/en\/2025\/06\/16\/aluas-del-futuro\/","name":"Pioneros en el dise\u00f1o de las aulas del futuro - CU4 Arquitectos en Valencia | Estudio de arquitectura","isPartOf":{"@id":"https:\/\/cu4arquitectura.com\/en\/#website"},"primaryImageOfPage":{"@id":"https:\/\/cu4arquitectura.com\/en\/2025\/06\/16\/aluas-del-futuro\/#primaryimage"},"image":{"@id":"https:\/\/cu4arquitectura.com\/en\/2025\/06\/16\/aluas-del-futuro\/#primaryimage"},"thumbnailUrl":"https:\/\/cu4arquitectura.com\/wp-content\/uploads\/2025\/06\/IMG_6891-1.jpg","datePublished":"2025-06-16T07:50:16+00:00","dateModified":"2025-07-18T07:22:17+00:00","description":"Dise\u00f1amos el Espacio Piloto WELL UPV junto a la UPV. Un aula innovadora para transformar la educaci\u00f3n desde el bienestar.","breadcrumb":{"@id":"https:\/\/cu4arquitectura.com\/en\/2025\/06\/16\/aluas-del-futuro\/#breadcrumb"},"inLanguage":"en-US","potentialAction":[{"@type":"ReadAction","target":["https:\/\/cu4arquitectura.com\/en\/2025\/06\/16\/aluas-del-futuro\/"]}]},{"@type":"ImageObject","inLanguage":"en-US","@id":"https:\/\/cu4arquitectura.com\/en\/2025\/06\/16\/aluas-del-futuro\/#primaryimage","url":"https:\/\/cu4arquitectura.com\/wp-content\/uploads\/2025\/06\/IMG_6891-1.jpg","contentUrl":"https:\/\/cu4arquitectura.com\/wp-content\/uploads\/2025\/06\/IMG_6891-1.jpg","width":1152,"height":768},{"@type":"BreadcrumbList","@id":"https:\/\/cu4arquitectura.com\/en\/2025\/06\/16\/aluas-del-futuro\/#breadcrumb","itemListElement":[{"@type":"ListItem","position":1,"name":"Portada","item":"https:\/\/cu4arquitectura.com\/en\/"},{"@type":"ListItem","position":2,"name":"Pioneros en el dise\u00f1o de las aulas del futuro"}]},{"@type":"WebSite","@id":"https:\/\/cu4arquitectura.com\/en\/#website","url":"https:\/\/cu4arquitectura.com\/en\/","name":"CU4 Arquitectos en Valencia | Estudio de arquitectura","description":"Arquitectos en Valencia | Especializados en espacios a medida para empresas y particulares, dise\u00f1ados para tu bienestar","publisher":{"@id":"https:\/\/cu4arquitectura.com\/en\/#organization"},"potentialAction":[{"@type":"SearchAction","target":{"@type":"EntryPoint","urlTemplate":"https:\/\/cu4arquitectura.com\/en\/?s={search_term_string}"},"query-input":{"@type":"PropertyValueSpecification","valueRequired":true,"valueName":"search_term_string"}}],"inLanguage":"en-US"},{"@type":"Organization","@id":"https:\/\/cu4arquitectura.com\/en\/#organization","name":"CU4 Arquitectos en Valencia | Estudio de arquitectura","url":"https:\/\/cu4arquitectura.com\/en\/","logo":{"@type":"ImageObject","inLanguage":"en-US","@id":"https:\/\/cu4arquitectura.com\/en\/#\/schema\/logo\/image\/","url":"https:\/\/cu4arquitectura.com\/wp-content\/uploads\/2024\/01\/LOGO_CU4_original.svg","contentUrl":"https:\/\/cu4arquitectura.com\/wp-content\/uploads\/2024\/01\/LOGO_CU4_original.svg","width":841,"height":595,"caption":"CU4 Arquitectos en Valencia | Estudio de arquitectura"},"image":{"@id":"https:\/\/cu4arquitectura.com\/en\/#\/schema\/logo\/image\/"}},{"@type":"Person","@id":"https:\/\/cu4arquitectura.com\/en\/#\/schema\/person\/58ac72d4acb0eae359c5ced2c441783b","name":"Cu4 Arquitectura","image":{"@type":"ImageObject","inLanguage":"en-US","@id":"https:\/\/secure.gravatar.com\/avatar\/69c9d1889eb4b58e3df642c4e9c2f96615fb57f7b9b4856a50c4dbab35ff552d?s=96&d=mm&r=g","url":"https:\/\/secure.gravatar.com\/avatar\/69c9d1889eb4b58e3df642c4e9c2f96615fb57f7b9b4856a50c4dbab35ff552d?s=96&d=mm&r=g","contentUrl":"https:\/\/secure.gravatar.com\/avatar\/69c9d1889eb4b58e3df642c4e9c2f96615fb57f7b9b4856a50c4dbab35ff552d?s=96&d=mm&r=g","caption":"Cu4 Arquitectura"},"url":"https:\/\/cu4arquitectura.com\/en\/author\/noticias_cu4arquitectura\/"}]}},"_links":{"self":[{"href":"https:\/\/cu4arquitectura.com\/en\/wp-json\/wp\/v2\/posts\/8468","targetHints":{"allow":["GET"]}}],"collection":[{"href":"https:\/\/cu4arquitectura.com\/en\/wp-json\/wp\/v2\/posts"}],"about":[{"href":"https:\/\/cu4arquitectura.com\/en\/wp-json\/wp\/v2\/types\/post"}],"author":[{"embeddable":true,"href":"https:\/\/cu4arquitectura.com\/en\/wp-json\/wp\/v2\/users\/9"}],"replies":[{"embeddable":true,"href":"https:\/\/cu4arquitectura.com\/en\/wp-json\/wp\/v2\/comments?post=8468"}],"version-history":[{"count":13,"href":"https:\/\/cu4arquitectura.com\/en\/wp-json\/wp\/v2\/posts\/8468\/revisions"}],"predecessor-version":[{"id":8524,"href":"https:\/\/cu4arquitectura.com\/en\/wp-json\/wp\/v2\/posts\/8468\/revisions\/8524"}],"wp:featuredmedia":[{"embeddable":true,"href":"https:\/\/cu4arquitectura.com\/en\/wp-json\/wp\/v2\/media\/8482"}],"wp:attachment":[{"href":"https:\/\/cu4arquitectura.com\/en\/wp-json\/wp\/v2\/media?parent=8468"}],"wp:term":[{"taxonomy":"category","embeddable":true,"href":"https:\/\/cu4arquitectura.com\/en\/wp-json\/wp\/v2\/categories?post=8468"},{"taxonomy":"post_tag","embeddable":true,"href":"https:\/\/cu4arquitectura.com\/en\/wp-json\/wp\/v2\/tags?post=8468"}],"curies":[{"name":"wp","href":"https:\/\/api.w.org\/{rel}","templated":true}]}}