{"id":8417,"date":"2025-01-17T07:13:33","date_gmt":"2025-01-17T07:13:33","guid":{"rendered":"https:\/\/cu4arquitectura.com\/?p=8417"},"modified":"2025-02-17T07:14:02","modified_gmt":"2025-02-17T07:14:02","slug":"cu4-arquitectura-destacada-en-el-anuario-cic-2024","status":"publish","type":"post","link":"https:\/\/cu4arquitectura.com\/en\/2025\/01\/17\/cu4-arquitectura-destacada-en-el-anuario-cic-2024\/","title":{"rendered":"CU4 Arquitectura Destacada en el Anuario CIC 2024"},"content":{"rendered":"\n<p class=\"wp-block-paragraph\">Nos complace anunciar que hemos sido incluidos un a\u00f1o m\u00e1s en el especial de\u00a0<strong>&#8216;Estudios de Arquitectura Sostenible de 2024-25&#8217;<\/strong> del Anuario CIC, una publicaci\u00f3n de referencia que recoge las tendencias y protagonistas del sector arquitect\u00f3nico con m\u00e1s de 100 estudios de arquitectura seleccionados. Este reconocimiento destaca nuestro compromiso con la innovaci\u00f3n, la sostenibilidad y la creaci\u00f3n de espacios saludables que transforman la vida de las personas.<\/p>\n\n\n\n<p class=\"wp-block-paragraph\">La aparici\u00f3n en el Anuario CIC resalta nuestro enfoque integral en la arquitectura saludable, pilar que ha guiado nuestros proyectos a lo largo de m\u00e1s de 15 a\u00f1os de trayectoria. Este logro es un testimonio del impacto positivo que nuestras soluciones arquitect\u00f3nicas tienen en la calidad de vida de nuestros clientes..<\/p>\n\n\n\n<p class=\"wp-block-paragraph\">Agradecemos profundamente la confianza depositada por nuestros clientes y el compromiso de nuestro equipo, que d\u00eda a d\u00eda impulsa la innovaci\u00f3n en cada proyecto. Para conocer m\u00e1s sobre nuestra filosof\u00eda y los proyectos que nos han llevado a ser reconocidos en el Anuario CIC 2024, visita nuestra web en <a href=\"https:\/\/cu4arquitectura.com\/\">cu4arquitectura.com<\/a>.<\/p>\n","protected":false},"excerpt":{"rendered":"<p>Nos complace anunciar que hemos sido incluidos un a\u00f1o m\u00e1s en el especial de\u00a0&#8216;Estudios de Arquitectura Sostenible de 2024-25&#8217; del Anuario CIC, una publicaci\u00f3n de referencia que recoge las tendencias y protagonistas del sector arquitect\u00f3nico con m\u00e1s de 100 estudios de arquitectura seleccionados. Este reconocimiento destaca nuestro compromiso con la innovaci\u00f3n, la sostenibilidad y la [&hellip;]<\/p>\n","protected":false},"author":6,"featured_media":8419,"comment_status":"open","ping_status":"open","sticky":false,"template":"","format":"standard","meta":{"_acf_changed":false,"footnotes":""},"categories":[6],"tags":[],"class_list":["post-8417","post","type-post","status-publish","format-standard","has-post-thumbnail","hentry","category-cu4"],"acf":[],"yoast_head":"<!-- This site is optimized with the Yoast SEO plugin v27.7 - https:\/\/yoast.com\/product\/yoast-seo-wordpress\/ -->\n<title>CU4 Arquitectura Destacada en el Anuario CIC 2024 - CU4 Arquitectos en Valencia | Estudio de arquitectura<\/title>\n<meta name=\"robots\" content=\"index, follow, max-snippet:-1, max-image-preview:large, max-video-preview:-1\" \/>\n<link rel=\"canonical\" href=\"https:\/\/cu4arquitectura.com\/en\/2025\/01\/17\/cu4-arquitectura-destacada-en-el-anuario-cic-2024\/\" \/>\n<meta property=\"og:locale\" content=\"en_US\" \/>\n<meta property=\"og:type\" content=\"article\" \/>\n<meta property=\"og:title\" content=\"CU4 Arquitectura Destacada en el Anuario CIC 2024 - CU4 Arquitectos en Valencia | Estudio de arquitectura\" \/>\n<meta property=\"og:description\" content=\"Nos complace anunciar que hemos sido incluidos un a\u00f1o m\u00e1s en el especial de\u00a0&#8216;Estudios de Arquitectura Sostenible de 2024-25&#8217; del Anuario CIC, una publicaci\u00f3n de referencia que recoge las tendencias y protagonistas del sector arquitect\u00f3nico con m\u00e1s de 100 estudios de arquitectura seleccionados. Este reconocimiento destaca nuestro compromiso con la innovaci\u00f3n, la sostenibilidad y la [&hellip;]\" \/>\n<meta property=\"og:url\" content=\"https:\/\/cu4arquitectura.com\/en\/2025\/01\/17\/cu4-arquitectura-destacada-en-el-anuario-cic-2024\/\" \/>\n<meta property=\"og:site_name\" content=\"CU4 Arquitectos en Valencia | Estudio de arquitectura\" \/>\n<meta property=\"article:published_time\" content=\"2025-01-17T07:13:33+00:00\" \/>\n<meta property=\"article:modified_time\" content=\"2025-02-17T07:14:02+00:00\" \/>\n<meta property=\"og:image\" content=\"https:\/\/cu4arquitectura.com\/wp-content\/uploads\/2025\/02\/CIC.jpg\" \/>\n\t<meta property=\"og:image:width\" content=\"1536\" \/>\n\t<meta property=\"og:image:height\" content=\"2048\" \/>\n\t<meta property=\"og:image:type\" content=\"image\/jpeg\" \/>\n<meta name=\"author\" content=\"marketing_cu4\" \/>\n<meta name=\"twitter:card\" content=\"summary_large_image\" \/>\n<meta name=\"twitter:label1\" content=\"Written by\" \/>\n\t<meta name=\"twitter:data1\" content=\"marketing_cu4\" \/>\n\t<meta name=\"twitter:label2\" content=\"Est. reading time\" \/>\n\t<meta name=\"twitter:data2\" content=\"1 minute\" \/>\n<script type=\"application\/ld+json\" class=\"yoast-schema-graph\">{\"@context\":\"https:\\\/\\\/schema.org\",\"@graph\":[{\"@type\":\"Article\",\"@id\":\"https:\\\/\\\/cu4arquitectura.com\\\/en\\\/2025\\\/01\\\/17\\\/cu4-arquitectura-destacada-en-el-anuario-cic-2024\\\/#article\",\"isPartOf\":{\"@id\":\"https:\\\/\\\/cu4arquitectura.com\\\/en\\\/2025\\\/01\\\/17\\\/cu4-arquitectura-destacada-en-el-anuario-cic-2024\\\/\"},\"author\":{\"name\":\"marketing_cu4\",\"@id\":\"https:\\\/\\\/cu4arquitectura.com\\\/en\\\/#\\\/schema\\\/person\\\/c70ab576860f0d7b726bfddf9ac6bee1\"},\"headline\":\"CU4 Arquitectura Destacada en el Anuario CIC 2024\",\"datePublished\":\"2025-01-17T07:13:33+00:00\",\"dateModified\":\"2025-02-17T07:14:02+00:00\",\"mainEntityOfPage\":{\"@id\":\"https:\\\/\\\/cu4arquitectura.com\\\/en\\\/2025\\\/01\\\/17\\\/cu4-arquitectura-destacada-en-el-anuario-cic-2024\\\/\"},\"wordCount\":190,\"commentCount\":0,\"publisher\":{\"@id\":\"https:\\\/\\\/cu4arquitectura.com\\\/en\\\/#organization\"},\"image\":{\"@id\":\"https:\\\/\\\/cu4arquitectura.com\\\/en\\\/2025\\\/01\\\/17\\\/cu4-arquitectura-destacada-en-el-anuario-cic-2024\\\/#primaryimage\"},\"thumbnailUrl\":\"https:\\\/\\\/cu4arquitectura.com\\\/wp-content\\\/uploads\\\/2025\\\/02\\\/CIC.jpg\",\"articleSection\":[\"CU4 Arquitectura\"],\"inLanguage\":\"en-US\",\"potentialAction\":[{\"@type\":\"CommentAction\",\"name\":\"Comment\",\"target\":[\"https:\\\/\\\/cu4arquitectura.com\\\/en\\\/2025\\\/01\\\/17\\\/cu4-arquitectura-destacada-en-el-anuario-cic-2024\\\/#respond\"]}]},{\"@type\":\"WebPage\",\"@id\":\"https:\\\/\\\/cu4arquitectura.com\\\/en\\\/2025\\\/01\\\/17\\\/cu4-arquitectura-destacada-en-el-anuario-cic-2024\\\/\",\"url\":\"https:\\\/\\\/cu4arquitectura.com\\\/en\\\/2025\\\/01\\\/17\\\/cu4-arquitectura-destacada-en-el-anuario-cic-2024\\\/\",\"name\":\"CU4 Arquitectura Destacada en el Anuario CIC 2024 - CU4 Arquitectos en Valencia | Estudio de arquitectura\",\"isPartOf\":{\"@id\":\"https:\\\/\\\/cu4arquitectura.com\\\/en\\\/#website\"},\"primaryImageOfPage\":{\"@id\":\"https:\\\/\\\/cu4arquitectura.com\\\/en\\\/2025\\\/01\\\/17\\\/cu4-arquitectura-destacada-en-el-anuario-cic-2024\\\/#primaryimage\"},\"image\":{\"@id\":\"https:\\\/\\\/cu4arquitectura.com\\\/en\\\/2025\\\/01\\\/17\\\/cu4-arquitectura-destacada-en-el-anuario-cic-2024\\\/#primaryimage\"},\"thumbnailUrl\":\"https:\\\/\\\/cu4arquitectura.com\\\/wp-content\\\/uploads\\\/2025\\\/02\\\/CIC.jpg\",\"datePublished\":\"2025-01-17T07:13:33+00:00\",\"dateModified\":\"2025-02-17T07:14:02+00:00\",\"breadcrumb\":{\"@id\":\"https:\\\/\\\/cu4arquitectura.com\\\/en\\\/2025\\\/01\\\/17\\\/cu4-arquitectura-destacada-en-el-anuario-cic-2024\\\/#breadcrumb\"},\"inLanguage\":\"en-US\",\"potentialAction\":[{\"@type\":\"ReadAction\",\"target\":[\"https:\\\/\\\/cu4arquitectura.com\\\/en\\\/2025\\\/01\\\/17\\\/cu4-arquitectura-destacada-en-el-anuario-cic-2024\\\/\"]}]},{\"@type\":\"ImageObject\",\"inLanguage\":\"en-US\",\"@id\":\"https:\\\/\\\/cu4arquitectura.com\\\/en\\\/2025\\\/01\\\/17\\\/cu4-arquitectura-destacada-en-el-anuario-cic-2024\\\/#primaryimage\",\"url\":\"https:\\\/\\\/cu4arquitectura.com\\\/wp-content\\\/uploads\\\/2025\\\/02\\\/CIC.jpg\",\"contentUrl\":\"https:\\\/\\\/cu4arquitectura.com\\\/wp-content\\\/uploads\\\/2025\\\/02\\\/CIC.jpg\",\"width\":1536,\"height\":2048},{\"@type\":\"BreadcrumbList\",\"@id\":\"https:\\\/\\\/cu4arquitectura.com\\\/en\\\/2025\\\/01\\\/17\\\/cu4-arquitectura-destacada-en-el-anuario-cic-2024\\\/#breadcrumb\",\"itemListElement\":[{\"@type\":\"ListItem\",\"position\":1,\"name\":\"Portada\",\"item\":\"https:\\\/\\\/cu4arquitectura.com\\\/en\\\/\"},{\"@type\":\"ListItem\",\"position\":2,\"name\":\"CU4 Arquitectura Destacada en el Anuario CIC 2024\"}]},{\"@type\":\"WebSite\",\"@id\":\"https:\\\/\\\/cu4arquitectura.com\\\/en\\\/#website\",\"url\":\"https:\\\/\\\/cu4arquitectura.com\\\/en\\\/\",\"name\":\"CU4 Arquitectos en Valencia | Estudio de arquitectura\",\"description\":\"Arquitectos en Valencia | Especializados en espacios a medida para empresas y particulares, dise\u00f1ados para tu bienestar\",\"publisher\":{\"@id\":\"https:\\\/\\\/cu4arquitectura.com\\\/en\\\/#organization\"},\"potentialAction\":[{\"@type\":\"SearchAction\",\"target\":{\"@type\":\"EntryPoint\",\"urlTemplate\":\"https:\\\/\\\/cu4arquitectura.com\\\/en\\\/?s={search_term_string}\"},\"query-input\":{\"@type\":\"PropertyValueSpecification\",\"valueRequired\":true,\"valueName\":\"search_term_string\"}}],\"inLanguage\":\"en-US\"},{\"@type\":\"Organization\",\"@id\":\"https:\\\/\\\/cu4arquitectura.com\\\/en\\\/#organization\",\"name\":\"CU4 Arquitectos en Valencia | Estudio de arquitectura\",\"url\":\"https:\\\/\\\/cu4arquitectura.com\\\/en\\\/\",\"logo\":{\"@type\":\"ImageObject\",\"inLanguage\":\"en-US\",\"@id\":\"https:\\\/\\\/cu4arquitectura.com\\\/en\\\/#\\\/schema\\\/logo\\\/image\\\/\",\"url\":\"https:\\\/\\\/cu4arquitectura.com\\\/wp-content\\\/uploads\\\/2024\\\/01\\\/LOGO_CU4_original.svg\",\"contentUrl\":\"https:\\\/\\\/cu4arquitectura.com\\\/wp-content\\\/uploads\\\/2024\\\/01\\\/LOGO_CU4_original.svg\",\"width\":841,\"height\":595,\"caption\":\"CU4 Arquitectos en Valencia | Estudio de arquitectura\"},\"image\":{\"@id\":\"https:\\\/\\\/cu4arquitectura.com\\\/en\\\/#\\\/schema\\\/logo\\\/image\\\/\"}},{\"@type\":\"Person\",\"@id\":\"https:\\\/\\\/cu4arquitectura.com\\\/en\\\/#\\\/schema\\\/person\\\/c70ab576860f0d7b726bfddf9ac6bee1\",\"name\":\"marketing_cu4\",\"image\":{\"@type\":\"ImageObject\",\"inLanguage\":\"en-US\",\"@id\":\"https:\\\/\\\/secure.gravatar.com\\\/avatar\\\/86c48ef7b9c98ce2ab81227e90f4c26e83b56be50938c9107f0d7c330300c639?s=96&d=mm&r=g\",\"url\":\"https:\\\/\\\/secure.gravatar.com\\\/avatar\\\/86c48ef7b9c98ce2ab81227e90f4c26e83b56be50938c9107f0d7c330300c639?s=96&d=mm&r=g\",\"contentUrl\":\"https:\\\/\\\/secure.gravatar.com\\\/avatar\\\/86c48ef7b9c98ce2ab81227e90f4c26e83b56be50938c9107f0d7c330300c639?s=96&d=mm&r=g\",\"caption\":\"marketing_cu4\"},\"url\":\"https:\\\/\\\/cu4arquitectura.com\\\/en\\\/author\\\/marketing_cu4\\\/\"}]}<\/script>\n<!-- \/ Yoast SEO plugin. -->","yoast_head_json":{"title":"CU4 Arquitectura Destacada en el Anuario CIC 2024 - CU4 Arquitectos en Valencia | Estudio de arquitectura","robots":{"index":"index","follow":"follow","max-snippet":"max-snippet:-1","max-image-preview":"max-image-preview:large","max-video-preview":"max-video-preview:-1"},"canonical":"https:\/\/cu4arquitectura.com\/en\/2025\/01\/17\/cu4-arquitectura-destacada-en-el-anuario-cic-2024\/","og_locale":"en_US","og_type":"article","og_title":"CU4 Arquitectura Destacada en el Anuario CIC 2024 - CU4 Arquitectos en Valencia | Estudio de arquitectura","og_description":"Nos complace anunciar que hemos sido incluidos un a\u00f1o m\u00e1s en el especial de\u00a0&#8216;Estudios de Arquitectura Sostenible de 2024-25&#8217; del Anuario CIC, una publicaci\u00f3n de referencia que recoge las tendencias y protagonistas del sector arquitect\u00f3nico con m\u00e1s de 100 estudios de arquitectura seleccionados. Este reconocimiento destaca nuestro compromiso con la innovaci\u00f3n, la sostenibilidad y la [&hellip;]","og_url":"https:\/\/cu4arquitectura.com\/en\/2025\/01\/17\/cu4-arquitectura-destacada-en-el-anuario-cic-2024\/","og_site_name":"CU4 Arquitectos en Valencia | Estudio de arquitectura","article_published_time":"2025-01-17T07:13:33+00:00","article_modified_time":"2025-02-17T07:14:02+00:00","og_image":[{"width":1536,"height":2048,"url":"https:\/\/cu4arquitectura.com\/wp-content\/uploads\/2025\/02\/CIC.jpg","type":"image\/jpeg"}],"author":"marketing_cu4","twitter_card":"summary_large_image","twitter_misc":{"Written by":"marketing_cu4","Est. reading time":"1 minute"},"schema":{"@context":"https:\/\/schema.org","@graph":[{"@type":"Article","@id":"https:\/\/cu4arquitectura.com\/en\/2025\/01\/17\/cu4-arquitectura-destacada-en-el-anuario-cic-2024\/#article","isPartOf":{"@id":"https:\/\/cu4arquitectura.com\/en\/2025\/01\/17\/cu4-arquitectura-destacada-en-el-anuario-cic-2024\/"},"author":{"name":"marketing_cu4","@id":"https:\/\/cu4arquitectura.com\/en\/#\/schema\/person\/c70ab576860f0d7b726bfddf9ac6bee1"},"headline":"CU4 Arquitectura Destacada en el Anuario CIC 2024","datePublished":"2025-01-17T07:13:33+00:00","dateModified":"2025-02-17T07:14:02+00:00","mainEntityOfPage":{"@id":"https:\/\/cu4arquitectura.com\/en\/2025\/01\/17\/cu4-arquitectura-destacada-en-el-anuario-cic-2024\/"},"wordCount":190,"commentCount":0,"publisher":{"@id":"https:\/\/cu4arquitectura.com\/en\/#organization"},"image":{"@id":"https:\/\/cu4arquitectura.com\/en\/2025\/01\/17\/cu4-arquitectura-destacada-en-el-anuario-cic-2024\/#primaryimage"},"thumbnailUrl":"https:\/\/cu4arquitectura.com\/wp-content\/uploads\/2025\/02\/CIC.jpg","articleSection":["CU4 Arquitectura"],"inLanguage":"en-US","potentialAction":[{"@type":"CommentAction","name":"Comment","target":["https:\/\/cu4arquitectura.com\/en\/2025\/01\/17\/cu4-arquitectura-destacada-en-el-anuario-cic-2024\/#respond"]}]},{"@type":"WebPage","@id":"https:\/\/cu4arquitectura.com\/en\/2025\/01\/17\/cu4-arquitectura-destacada-en-el-anuario-cic-2024\/","url":"https:\/\/cu4arquitectura.com\/en\/2025\/01\/17\/cu4-arquitectura-destacada-en-el-anuario-cic-2024\/","name":"CU4 Arquitectura Destacada en el Anuario CIC 2024 - CU4 Arquitectos en Valencia | Estudio de arquitectura","isPartOf":{"@id":"https:\/\/cu4arquitectura.com\/en\/#website"},"primaryImageOfPage":{"@id":"https:\/\/cu4arquitectura.com\/en\/2025\/01\/17\/cu4-arquitectura-destacada-en-el-anuario-cic-2024\/#primaryimage"},"image":{"@id":"https:\/\/cu4arquitectura.com\/en\/2025\/01\/17\/cu4-arquitectura-destacada-en-el-anuario-cic-2024\/#primaryimage"},"thumbnailUrl":"https:\/\/cu4arquitectura.com\/wp-content\/uploads\/2025\/02\/CIC.jpg","datePublished":"2025-01-17T07:13:33+00:00","dateModified":"2025-02-17T07:14:02+00:00","breadcrumb":{"@id":"https:\/\/cu4arquitectura.com\/en\/2025\/01\/17\/cu4-arquitectura-destacada-en-el-anuario-cic-2024\/#breadcrumb"},"inLanguage":"en-US","potentialAction":[{"@type":"ReadAction","target":["https:\/\/cu4arquitectura.com\/en\/2025\/01\/17\/cu4-arquitectura-destacada-en-el-anuario-cic-2024\/"]}]},{"@type":"ImageObject","inLanguage":"en-US","@id":"https:\/\/cu4arquitectura.com\/en\/2025\/01\/17\/cu4-arquitectura-destacada-en-el-anuario-cic-2024\/#primaryimage","url":"https:\/\/cu4arquitectura.com\/wp-content\/uploads\/2025\/02\/CIC.jpg","contentUrl":"https:\/\/cu4arquitectura.com\/wp-content\/uploads\/2025\/02\/CIC.jpg","width":1536,"height":2048},{"@type":"BreadcrumbList","@id":"https:\/\/cu4arquitectura.com\/en\/2025\/01\/17\/cu4-arquitectura-destacada-en-el-anuario-cic-2024\/#breadcrumb","itemListElement":[{"@type":"ListItem","position":1,"name":"Portada","item":"https:\/\/cu4arquitectura.com\/en\/"},{"@type":"ListItem","position":2,"name":"CU4 Arquitectura Destacada en el Anuario CIC 2024"}]},{"@type":"WebSite","@id":"https:\/\/cu4arquitectura.com\/en\/#website","url":"https:\/\/cu4arquitectura.com\/en\/","name":"CU4 Arquitectos en Valencia | Estudio de arquitectura","description":"Arquitectos en Valencia | Especializados en espacios a medida para empresas y particulares, dise\u00f1ados para tu bienestar","publisher":{"@id":"https:\/\/cu4arquitectura.com\/en\/#organization"},"potentialAction":[{"@type":"SearchAction","target":{"@type":"EntryPoint","urlTemplate":"https:\/\/cu4arquitectura.com\/en\/?s={search_term_string}"},"query-input":{"@type":"PropertyValueSpecification","valueRequired":true,"valueName":"search_term_string"}}],"inLanguage":"en-US"},{"@type":"Organization","@id":"https:\/\/cu4arquitectura.com\/en\/#organization","name":"CU4 Arquitectos en Valencia | Estudio de arquitectura","url":"https:\/\/cu4arquitectura.com\/en\/","logo":{"@type":"ImageObject","inLanguage":"en-US","@id":"https:\/\/cu4arquitectura.com\/en\/#\/schema\/logo\/image\/","url":"https:\/\/cu4arquitectura.com\/wp-content\/uploads\/2024\/01\/LOGO_CU4_original.svg","contentUrl":"https:\/\/cu4arquitectura.com\/wp-content\/uploads\/2024\/01\/LOGO_CU4_original.svg","width":841,"height":595,"caption":"CU4 Arquitectos en Valencia | Estudio de arquitectura"},"image":{"@id":"https:\/\/cu4arquitectura.com\/en\/#\/schema\/logo\/image\/"}},{"@type":"Person","@id":"https:\/\/cu4arquitectura.com\/en\/#\/schema\/person\/c70ab576860f0d7b726bfddf9ac6bee1","name":"marketing_cu4","image":{"@type":"ImageObject","inLanguage":"en-US","@id":"https:\/\/secure.gravatar.com\/avatar\/86c48ef7b9c98ce2ab81227e90f4c26e83b56be50938c9107f0d7c330300c639?s=96&d=mm&r=g","url":"https:\/\/secure.gravatar.com\/avatar\/86c48ef7b9c98ce2ab81227e90f4c26e83b56be50938c9107f0d7c330300c639?s=96&d=mm&r=g","contentUrl":"https:\/\/secure.gravatar.com\/avatar\/86c48ef7b9c98ce2ab81227e90f4c26e83b56be50938c9107f0d7c330300c639?s=96&d=mm&r=g","caption":"marketing_cu4"},"url":"https:\/\/cu4arquitectura.com\/en\/author\/marketing_cu4\/"}]}},"_links":{"self":[{"href":"https:\/\/cu4arquitectura.com\/en\/wp-json\/wp\/v2\/posts\/8417","targetHints":{"allow":["GET"]}}],"collection":[{"href":"https:\/\/cu4arquitectura.com\/en\/wp-json\/wp\/v2\/posts"}],"about":[{"href":"https:\/\/cu4arquitectura.com\/en\/wp-json\/wp\/v2\/types\/post"}],"author":[{"embeddable":true,"href":"https:\/\/cu4arquitectura.com\/en\/wp-json\/wp\/v2\/users\/6"}],"replies":[{"embeddable":true,"href":"https:\/\/cu4arquitectura.com\/en\/wp-json\/wp\/v2\/comments?post=8417"}],"version-history":[{"count":1,"href":"https:\/\/cu4arquitectura.com\/en\/wp-json\/wp\/v2\/posts\/8417\/revisions"}],"predecessor-version":[{"id":8420,"href":"https:\/\/cu4arquitectura.com\/en\/wp-json\/wp\/v2\/posts\/8417\/revisions\/8420"}],"wp:featuredmedia":[{"embeddable":true,"href":"https:\/\/cu4arquitectura.com\/en\/wp-json\/wp\/v2\/media\/8419"}],"wp:attachment":[{"href":"https:\/\/cu4arquitectura.com\/en\/wp-json\/wp\/v2\/media?parent=8417"}],"wp:term":[{"taxonomy":"category","embeddable":true,"href":"https:\/\/cu4arquitectura.com\/en\/wp-json\/wp\/v2\/categories?post=8417"},{"taxonomy":"post_tag","embeddable":true,"href":"https:\/\/cu4arquitectura.com\/en\/wp-json\/wp\/v2\/tags?post=8417"}],"curies":[{"name":"wp","href":"https:\/\/api.w.org\/{rel}","templated":true}]}}