{"id":8413,"date":"2024-11-30T06:58:38","date_gmt":"2024-11-30T06:58:38","guid":{"rendered":"https:\/\/cu4arquitectura.com\/?p=8413"},"modified":"2025-02-17T06:59:26","modified_gmt":"2025-02-17T06:59:26","slug":"interihotel-2024-impact-design-y-evolucion-consciente","status":"publish","type":"post","link":"https:\/\/cu4arquitectura.com\/en\/2024\/11\/30\/interihotel-2024-impact-design-y-evolucion-consciente\/","title":{"rendered":"Interihotel 2024: Impact Design y Evoluci\u00f3n Consciente"},"content":{"rendered":"\n<p class=\"wp-block-paragraph\">El pasado 20 de noviembre de 2024, CU4 Arquitectura tuvo el privilegio de participar en Interihotel, el evento internacional l\u00edder en dise\u00f1o para hoteles y restaurantes celebrado en Espa\u00f1a. Organizado por AMBIT Living Spaces Cluster, Interihotel se ha consolidado como la cita ineludible para profesionales del interiorismo y la arquitectura en Europa, reuniendo las \u00faltimas tendencias y soluciones innovadoras en el \u00e1mbito del hospitality design.<\/p>\n\n\n\n<p class=\"wp-block-paragraph\">En esta edici\u00f3n, el tema central fue <strong>&#8220;IMPACT DESIGN &#8211; Conscious evolution: Cada decisi\u00f3n cuenta&#8221;<\/strong>, una propuesta que pone en primer plano la influencia del dise\u00f1o en la consciencia colectiva y su capacidad para generar un impacto positivo en el mundo. Durante la jornada, se llev\u00f3 a cabo la mesa redonda <strong>&#8220;Di\u00e1logos: IMPACT Design (III)&#8221;<\/strong>, moderada por Mireia Cervera, en la que participaron destacados profesionales del sector como Joel Bravo (Ambiazza), Arantxa Esnaola (Grupo Lamadrid), Jos\u00e9 Manuel Ferrero (EstudiHac), Elena Sastre (Furtivo), Enrique Quir\u00f3s (Innovus Decorative Products) y Manuel Delgado (interiorista de IKEA), junto a nuestra representante, la arquitecta Anna Ferrer.<\/p>\n\n\n\n<figure class=\"wp-block-image size-large\"><img loading=\"lazy\" decoding=\"async\" width=\"1024\" height=\"768\" src=\"https:\/\/cu4arquitectura.com\/wp-content\/uploads\/2025\/02\/20241120_152821-1024x768.jpg\" alt=\"\" class=\"wp-image-8415\" srcset=\"https:\/\/cu4arquitectura.com\/wp-content\/uploads\/2025\/02\/20241120_152821-1024x768.jpg 1024w, https:\/\/cu4arquitectura.com\/wp-content\/uploads\/2025\/02\/20241120_152821-300x225.jpg 300w, https:\/\/cu4arquitectura.com\/wp-content\/uploads\/2025\/02\/20241120_152821-768x576.jpg 768w, https:\/\/cu4arquitectura.com\/wp-content\/uploads\/2025\/02\/20241120_152821-1536x1152.jpg 1536w, https:\/\/cu4arquitectura.com\/wp-content\/uploads\/2025\/02\/20241120_152821-2048x1536.jpg 2048w\" sizes=\"auto, (max-width: 1024px) 100vw, 1024px\" \/><\/figure>\n\n\n\n<p class=\"wp-block-paragraph\">Durante la intervenci\u00f3n, Anna Ferrer destac\u00f3 la importancia de una visi\u00f3n integral en el dise\u00f1o de espacios, subrayando que el \u00e9xito de un proyecto no depende \u00fanicamente del dise\u00f1o del edificio, sino tambi\u00e9n de c\u00f3mo se gestionan y mantienen esos espacios a lo largo del tiempo. \u201cEl \u00e9xito de un proyecto va a estar 50% en el dise\u00f1o y 50% en c\u00f3mo se gestiona ese espacio, desde la elecci\u00f3n de materiales hasta la implementaci\u00f3n de soluciones sostenibles,\u201d afirm\u00f3 Anna, haciendo hincapi\u00e9 en la necesidad de equilibrar creatividad, innovaci\u00f3n y un enfoque riguroso en salud y sostenibilidad.<\/p>\n\n\n\n<p class=\"wp-block-paragraph\">La participaci\u00f3n en Interihotel permiti\u00f3 a CU4 Arquitectura reafirmar su posici\u00f3n como referente en arquitectura sostenible y saludable, demostrando c\u00f3mo la integraci\u00f3n de conceptos como la neuroarquitectura y el dise\u00f1o biof\u00edlico puede transformar espacios y mejorar la calidad de vida de las personas. Adem\u00e1s, la experiencia en la mesa redonda abri\u00f3 un espacio de di\u00e1logo enriquecedor, donde se debatieron los desaf\u00edos y oportunidades que enfrenta la industria en la b\u00fasqueda de un futuro m\u00e1s saludable y regenerativo.<\/p>\n\n\n\n<p class=\"wp-block-paragraph\">El evento, que re\u00fane a los actores m\u00e1s influyentes del sector hospitality, fue una oportunidad para compartir conocimientos, explorar nuevas ideas y establecer conexiones que, sin duda, marcar\u00e1n tendencia en el dise\u00f1o de interiores. La participaci\u00f3n de CU4 Arquitectura en Interihotel 2024 es un claro ejemplo de su compromiso con la innovaci\u00f3n y la creaci\u00f3n de entornos que no solo embellecen, sino que tambi\u00e9n cuidan de las personas y del planeta.<\/p>\n\n\n\n<p class=\"wp-block-paragraph\">Para conocer m\u00e1s sobre nuestros proyectos y nuestro enfoque en arquitectura saludable y sostenible, visita <a href=\"https:\/\/cu4arquitectura.com\/\">cu4arquitectura.com<\/a>.<\/p>\n","protected":false},"excerpt":{"rendered":"<p>El pasado 20 de noviembre de 2024, CU4 Arquitectura tuvo el privilegio de participar en Interihotel, el evento internacional l\u00edder en dise\u00f1o para hoteles y restaurantes celebrado en Espa\u00f1a. Organizado por AMBIT Living Spaces Cluster, Interihotel se ha consolidado como la cita ineludible para profesionales del interiorismo y la arquitectura en Europa, reuniendo las \u00faltimas [&hellip;]<\/p>\n","protected":false},"author":6,"featured_media":8415,"comment_status":"closed","ping_status":"closed","sticky":false,"template":"","format":"standard","meta":{"_acf_changed":false,"footnotes":""},"categories":[6],"tags":[],"class_list":["post-8413","post","type-post","status-publish","format-standard","has-post-thumbnail","hentry","category-cu4"],"acf":[],"yoast_head":"<!-- This site is optimized with the Yoast SEO plugin v27.7 - https:\/\/yoast.com\/product\/yoast-seo-wordpress\/ -->\n<title>Interihotel 2024: Impact Design y Evoluci\u00f3n Consciente - CU4 Arquitectos en Valencia | Estudio de arquitectura<\/title>\n<meta name=\"robots\" content=\"index, follow, max-snippet:-1, max-image-preview:large, max-video-preview:-1\" \/>\n<link rel=\"canonical\" href=\"https:\/\/cu4arquitectura.com\/en\/2024\/11\/30\/interihotel-2024-impact-design-y-evolucion-consciente\/\" \/>\n<meta property=\"og:locale\" content=\"en_US\" \/>\n<meta property=\"og:type\" content=\"article\" \/>\n<meta property=\"og:title\" content=\"Interihotel 2024: Impact Design y Evoluci\u00f3n Consciente - CU4 Arquitectos en Valencia | Estudio de arquitectura\" \/>\n<meta property=\"og:description\" content=\"El pasado 20 de noviembre de 2024, CU4 Arquitectura tuvo el privilegio de participar en Interihotel, el evento internacional l\u00edder en dise\u00f1o para hoteles y restaurantes celebrado en Espa\u00f1a. Organizado por AMBIT Living Spaces Cluster, Interihotel se ha consolidado como la cita ineludible para profesionales del interiorismo y la arquitectura en Europa, reuniendo las \u00faltimas [&hellip;]\" \/>\n<meta property=\"og:url\" content=\"https:\/\/cu4arquitectura.com\/en\/2024\/11\/30\/interihotel-2024-impact-design-y-evolucion-consciente\/\" \/>\n<meta property=\"og:site_name\" content=\"CU4 Arquitectos en Valencia | Estudio de arquitectura\" \/>\n<meta property=\"article:published_time\" content=\"2024-11-30T06:58:38+00:00\" \/>\n<meta property=\"article:modified_time\" content=\"2025-02-17T06:59:26+00:00\" \/>\n<meta property=\"og:image\" content=\"https:\/\/cu4arquitectura.com\/wp-content\/uploads\/2025\/02\/20241120_152821-scaled.jpg\" \/>\n\t<meta property=\"og:image:width\" content=\"2560\" \/>\n\t<meta property=\"og:image:height\" content=\"1920\" \/>\n\t<meta property=\"og:image:type\" content=\"image\/jpeg\" \/>\n<meta name=\"author\" content=\"marketing_cu4\" \/>\n<meta name=\"twitter:card\" content=\"summary_large_image\" \/>\n<meta name=\"twitter:label1\" content=\"Written by\" \/>\n\t<meta name=\"twitter:data1\" content=\"marketing_cu4\" \/>\n\t<meta name=\"twitter:label2\" content=\"Est. reading time\" \/>\n\t<meta name=\"twitter:data2\" content=\"3 minutes\" \/>\n<script type=\"application\/ld+json\" class=\"yoast-schema-graph\">{\"@context\":\"https:\\\/\\\/schema.org\",\"@graph\":[{\"@type\":\"Article\",\"@id\":\"https:\\\/\\\/cu4arquitectura.com\\\/en\\\/2024\\\/11\\\/30\\\/interihotel-2024-impact-design-y-evolucion-consciente\\\/#article\",\"isPartOf\":{\"@id\":\"https:\\\/\\\/cu4arquitectura.com\\\/en\\\/2024\\\/11\\\/30\\\/interihotel-2024-impact-design-y-evolucion-consciente\\\/\"},\"author\":{\"name\":\"marketing_cu4\",\"@id\":\"https:\\\/\\\/cu4arquitectura.com\\\/en\\\/#\\\/schema\\\/person\\\/c70ab576860f0d7b726bfddf9ac6bee1\"},\"headline\":\"Interihotel 2024: Impact Design y Evoluci\u00f3n Consciente\",\"datePublished\":\"2024-11-30T06:58:38+00:00\",\"dateModified\":\"2025-02-17T06:59:26+00:00\",\"mainEntityOfPage\":{\"@id\":\"https:\\\/\\\/cu4arquitectura.com\\\/en\\\/2024\\\/11\\\/30\\\/interihotel-2024-impact-design-y-evolucion-consciente\\\/\"},\"wordCount\":469,\"publisher\":{\"@id\":\"https:\\\/\\\/cu4arquitectura.com\\\/en\\\/#organization\"},\"image\":{\"@id\":\"https:\\\/\\\/cu4arquitectura.com\\\/en\\\/2024\\\/11\\\/30\\\/interihotel-2024-impact-design-y-evolucion-consciente\\\/#primaryimage\"},\"thumbnailUrl\":\"https:\\\/\\\/cu4arquitectura.com\\\/wp-content\\\/uploads\\\/2025\\\/02\\\/20241120_152821-scaled.jpg\",\"articleSection\":[\"CU4 Arquitectura\"],\"inLanguage\":\"en-US\"},{\"@type\":\"WebPage\",\"@id\":\"https:\\\/\\\/cu4arquitectura.com\\\/en\\\/2024\\\/11\\\/30\\\/interihotel-2024-impact-design-y-evolucion-consciente\\\/\",\"url\":\"https:\\\/\\\/cu4arquitectura.com\\\/en\\\/2024\\\/11\\\/30\\\/interihotel-2024-impact-design-y-evolucion-consciente\\\/\",\"name\":\"Interihotel 2024: Impact Design y Evoluci\u00f3n Consciente - CU4 Arquitectos en Valencia | Estudio de arquitectura\",\"isPartOf\":{\"@id\":\"https:\\\/\\\/cu4arquitectura.com\\\/en\\\/#website\"},\"primaryImageOfPage\":{\"@id\":\"https:\\\/\\\/cu4arquitectura.com\\\/en\\\/2024\\\/11\\\/30\\\/interihotel-2024-impact-design-y-evolucion-consciente\\\/#primaryimage\"},\"image\":{\"@id\":\"https:\\\/\\\/cu4arquitectura.com\\\/en\\\/2024\\\/11\\\/30\\\/interihotel-2024-impact-design-y-evolucion-consciente\\\/#primaryimage\"},\"thumbnailUrl\":\"https:\\\/\\\/cu4arquitectura.com\\\/wp-content\\\/uploads\\\/2025\\\/02\\\/20241120_152821-scaled.jpg\",\"datePublished\":\"2024-11-30T06:58:38+00:00\",\"dateModified\":\"2025-02-17T06:59:26+00:00\",\"breadcrumb\":{\"@id\":\"https:\\\/\\\/cu4arquitectura.com\\\/en\\\/2024\\\/11\\\/30\\\/interihotel-2024-impact-design-y-evolucion-consciente\\\/#breadcrumb\"},\"inLanguage\":\"en-US\",\"potentialAction\":[{\"@type\":\"ReadAction\",\"target\":[\"https:\\\/\\\/cu4arquitectura.com\\\/en\\\/2024\\\/11\\\/30\\\/interihotel-2024-impact-design-y-evolucion-consciente\\\/\"]}]},{\"@type\":\"ImageObject\",\"inLanguage\":\"en-US\",\"@id\":\"https:\\\/\\\/cu4arquitectura.com\\\/en\\\/2024\\\/11\\\/30\\\/interihotel-2024-impact-design-y-evolucion-consciente\\\/#primaryimage\",\"url\":\"https:\\\/\\\/cu4arquitectura.com\\\/wp-content\\\/uploads\\\/2025\\\/02\\\/20241120_152821-scaled.jpg\",\"contentUrl\":\"https:\\\/\\\/cu4arquitectura.com\\\/wp-content\\\/uploads\\\/2025\\\/02\\\/20241120_152821-scaled.jpg\",\"width\":2560,\"height\":1920},{\"@type\":\"BreadcrumbList\",\"@id\":\"https:\\\/\\\/cu4arquitectura.com\\\/en\\\/2024\\\/11\\\/30\\\/interihotel-2024-impact-design-y-evolucion-consciente\\\/#breadcrumb\",\"itemListElement\":[{\"@type\":\"ListItem\",\"position\":1,\"name\":\"Portada\",\"item\":\"https:\\\/\\\/cu4arquitectura.com\\\/en\\\/\"},{\"@type\":\"ListItem\",\"position\":2,\"name\":\"Interihotel 2024: Impact Design y Evoluci\u00f3n Consciente\"}]},{\"@type\":\"WebSite\",\"@id\":\"https:\\\/\\\/cu4arquitectura.com\\\/en\\\/#website\",\"url\":\"https:\\\/\\\/cu4arquitectura.com\\\/en\\\/\",\"name\":\"CU4 Arquitectos en Valencia | Estudio de arquitectura\",\"description\":\"Arquitectos en Valencia | Especializados en espacios a medida para empresas y particulares, dise\u00f1ados para tu bienestar\",\"publisher\":{\"@id\":\"https:\\\/\\\/cu4arquitectura.com\\\/en\\\/#organization\"},\"potentialAction\":[{\"@type\":\"SearchAction\",\"target\":{\"@type\":\"EntryPoint\",\"urlTemplate\":\"https:\\\/\\\/cu4arquitectura.com\\\/en\\\/?s={search_term_string}\"},\"query-input\":{\"@type\":\"PropertyValueSpecification\",\"valueRequired\":true,\"valueName\":\"search_term_string\"}}],\"inLanguage\":\"en-US\"},{\"@type\":\"Organization\",\"@id\":\"https:\\\/\\\/cu4arquitectura.com\\\/en\\\/#organization\",\"name\":\"CU4 Arquitectos en Valencia | Estudio de arquitectura\",\"url\":\"https:\\\/\\\/cu4arquitectura.com\\\/en\\\/\",\"logo\":{\"@type\":\"ImageObject\",\"inLanguage\":\"en-US\",\"@id\":\"https:\\\/\\\/cu4arquitectura.com\\\/en\\\/#\\\/schema\\\/logo\\\/image\\\/\",\"url\":\"https:\\\/\\\/cu4arquitectura.com\\\/wp-content\\\/uploads\\\/2024\\\/01\\\/LOGO_CU4_original.svg\",\"contentUrl\":\"https:\\\/\\\/cu4arquitectura.com\\\/wp-content\\\/uploads\\\/2024\\\/01\\\/LOGO_CU4_original.svg\",\"width\":841,\"height\":595,\"caption\":\"CU4 Arquitectos en Valencia | Estudio de arquitectura\"},\"image\":{\"@id\":\"https:\\\/\\\/cu4arquitectura.com\\\/en\\\/#\\\/schema\\\/logo\\\/image\\\/\"}},{\"@type\":\"Person\",\"@id\":\"https:\\\/\\\/cu4arquitectura.com\\\/en\\\/#\\\/schema\\\/person\\\/c70ab576860f0d7b726bfddf9ac6bee1\",\"name\":\"marketing_cu4\",\"image\":{\"@type\":\"ImageObject\",\"inLanguage\":\"en-US\",\"@id\":\"https:\\\/\\\/secure.gravatar.com\\\/avatar\\\/86c48ef7b9c98ce2ab81227e90f4c26e83b56be50938c9107f0d7c330300c639?s=96&d=mm&r=g\",\"url\":\"https:\\\/\\\/secure.gravatar.com\\\/avatar\\\/86c48ef7b9c98ce2ab81227e90f4c26e83b56be50938c9107f0d7c330300c639?s=96&d=mm&r=g\",\"contentUrl\":\"https:\\\/\\\/secure.gravatar.com\\\/avatar\\\/86c48ef7b9c98ce2ab81227e90f4c26e83b56be50938c9107f0d7c330300c639?s=96&d=mm&r=g\",\"caption\":\"marketing_cu4\"},\"url\":\"https:\\\/\\\/cu4arquitectura.com\\\/en\\\/author\\\/marketing_cu4\\\/\"}]}<\/script>\n<!-- \/ Yoast SEO plugin. -->","yoast_head_json":{"title":"Interihotel 2024: Impact Design y Evoluci\u00f3n Consciente - CU4 Arquitectos en Valencia | Estudio de arquitectura","robots":{"index":"index","follow":"follow","max-snippet":"max-snippet:-1","max-image-preview":"max-image-preview:large","max-video-preview":"max-video-preview:-1"},"canonical":"https:\/\/cu4arquitectura.com\/en\/2024\/11\/30\/interihotel-2024-impact-design-y-evolucion-consciente\/","og_locale":"en_US","og_type":"article","og_title":"Interihotel 2024: Impact Design y Evoluci\u00f3n Consciente - CU4 Arquitectos en Valencia | Estudio de arquitectura","og_description":"El pasado 20 de noviembre de 2024, CU4 Arquitectura tuvo el privilegio de participar en Interihotel, el evento internacional l\u00edder en dise\u00f1o para hoteles y restaurantes celebrado en Espa\u00f1a. Organizado por AMBIT Living Spaces Cluster, Interihotel se ha consolidado como la cita ineludible para profesionales del interiorismo y la arquitectura en Europa, reuniendo las \u00faltimas [&hellip;]","og_url":"https:\/\/cu4arquitectura.com\/en\/2024\/11\/30\/interihotel-2024-impact-design-y-evolucion-consciente\/","og_site_name":"CU4 Arquitectos en Valencia | Estudio de arquitectura","article_published_time":"2024-11-30T06:58:38+00:00","article_modified_time":"2025-02-17T06:59:26+00:00","og_image":[{"width":2560,"height":1920,"url":"https:\/\/cu4arquitectura.com\/wp-content\/uploads\/2025\/02\/20241120_152821-scaled.jpg","type":"image\/jpeg"}],"author":"marketing_cu4","twitter_card":"summary_large_image","twitter_misc":{"Written by":"marketing_cu4","Est. reading time":"3 minutes"},"schema":{"@context":"https:\/\/schema.org","@graph":[{"@type":"Article","@id":"https:\/\/cu4arquitectura.com\/en\/2024\/11\/30\/interihotel-2024-impact-design-y-evolucion-consciente\/#article","isPartOf":{"@id":"https:\/\/cu4arquitectura.com\/en\/2024\/11\/30\/interihotel-2024-impact-design-y-evolucion-consciente\/"},"author":{"name":"marketing_cu4","@id":"https:\/\/cu4arquitectura.com\/en\/#\/schema\/person\/c70ab576860f0d7b726bfddf9ac6bee1"},"headline":"Interihotel 2024: Impact Design y Evoluci\u00f3n Consciente","datePublished":"2024-11-30T06:58:38+00:00","dateModified":"2025-02-17T06:59:26+00:00","mainEntityOfPage":{"@id":"https:\/\/cu4arquitectura.com\/en\/2024\/11\/30\/interihotel-2024-impact-design-y-evolucion-consciente\/"},"wordCount":469,"publisher":{"@id":"https:\/\/cu4arquitectura.com\/en\/#organization"},"image":{"@id":"https:\/\/cu4arquitectura.com\/en\/2024\/11\/30\/interihotel-2024-impact-design-y-evolucion-consciente\/#primaryimage"},"thumbnailUrl":"https:\/\/cu4arquitectura.com\/wp-content\/uploads\/2025\/02\/20241120_152821-scaled.jpg","articleSection":["CU4 Arquitectura"],"inLanguage":"en-US"},{"@type":"WebPage","@id":"https:\/\/cu4arquitectura.com\/en\/2024\/11\/30\/interihotel-2024-impact-design-y-evolucion-consciente\/","url":"https:\/\/cu4arquitectura.com\/en\/2024\/11\/30\/interihotel-2024-impact-design-y-evolucion-consciente\/","name":"Interihotel 2024: Impact Design y Evoluci\u00f3n Consciente - CU4 Arquitectos en Valencia | Estudio de arquitectura","isPartOf":{"@id":"https:\/\/cu4arquitectura.com\/en\/#website"},"primaryImageOfPage":{"@id":"https:\/\/cu4arquitectura.com\/en\/2024\/11\/30\/interihotel-2024-impact-design-y-evolucion-consciente\/#primaryimage"},"image":{"@id":"https:\/\/cu4arquitectura.com\/en\/2024\/11\/30\/interihotel-2024-impact-design-y-evolucion-consciente\/#primaryimage"},"thumbnailUrl":"https:\/\/cu4arquitectura.com\/wp-content\/uploads\/2025\/02\/20241120_152821-scaled.jpg","datePublished":"2024-11-30T06:58:38+00:00","dateModified":"2025-02-17T06:59:26+00:00","breadcrumb":{"@id":"https:\/\/cu4arquitectura.com\/en\/2024\/11\/30\/interihotel-2024-impact-design-y-evolucion-consciente\/#breadcrumb"},"inLanguage":"en-US","potentialAction":[{"@type":"ReadAction","target":["https:\/\/cu4arquitectura.com\/en\/2024\/11\/30\/interihotel-2024-impact-design-y-evolucion-consciente\/"]}]},{"@type":"ImageObject","inLanguage":"en-US","@id":"https:\/\/cu4arquitectura.com\/en\/2024\/11\/30\/interihotel-2024-impact-design-y-evolucion-consciente\/#primaryimage","url":"https:\/\/cu4arquitectura.com\/wp-content\/uploads\/2025\/02\/20241120_152821-scaled.jpg","contentUrl":"https:\/\/cu4arquitectura.com\/wp-content\/uploads\/2025\/02\/20241120_152821-scaled.jpg","width":2560,"height":1920},{"@type":"BreadcrumbList","@id":"https:\/\/cu4arquitectura.com\/en\/2024\/11\/30\/interihotel-2024-impact-design-y-evolucion-consciente\/#breadcrumb","itemListElement":[{"@type":"ListItem","position":1,"name":"Portada","item":"https:\/\/cu4arquitectura.com\/en\/"},{"@type":"ListItem","position":2,"name":"Interihotel 2024: Impact Design y Evoluci\u00f3n Consciente"}]},{"@type":"WebSite","@id":"https:\/\/cu4arquitectura.com\/en\/#website","url":"https:\/\/cu4arquitectura.com\/en\/","name":"CU4 Arquitectos en Valencia | Estudio de arquitectura","description":"Arquitectos en Valencia | Especializados en espacios a medida para empresas y particulares, dise\u00f1ados para tu bienestar","publisher":{"@id":"https:\/\/cu4arquitectura.com\/en\/#organization"},"potentialAction":[{"@type":"SearchAction","target":{"@type":"EntryPoint","urlTemplate":"https:\/\/cu4arquitectura.com\/en\/?s={search_term_string}"},"query-input":{"@type":"PropertyValueSpecification","valueRequired":true,"valueName":"search_term_string"}}],"inLanguage":"en-US"},{"@type":"Organization","@id":"https:\/\/cu4arquitectura.com\/en\/#organization","name":"CU4 Arquitectos en Valencia | Estudio de arquitectura","url":"https:\/\/cu4arquitectura.com\/en\/","logo":{"@type":"ImageObject","inLanguage":"en-US","@id":"https:\/\/cu4arquitectura.com\/en\/#\/schema\/logo\/image\/","url":"https:\/\/cu4arquitectura.com\/wp-content\/uploads\/2024\/01\/LOGO_CU4_original.svg","contentUrl":"https:\/\/cu4arquitectura.com\/wp-content\/uploads\/2024\/01\/LOGO_CU4_original.svg","width":841,"height":595,"caption":"CU4 Arquitectos en Valencia | Estudio de arquitectura"},"image":{"@id":"https:\/\/cu4arquitectura.com\/en\/#\/schema\/logo\/image\/"}},{"@type":"Person","@id":"https:\/\/cu4arquitectura.com\/en\/#\/schema\/person\/c70ab576860f0d7b726bfddf9ac6bee1","name":"marketing_cu4","image":{"@type":"ImageObject","inLanguage":"en-US","@id":"https:\/\/secure.gravatar.com\/avatar\/86c48ef7b9c98ce2ab81227e90f4c26e83b56be50938c9107f0d7c330300c639?s=96&d=mm&r=g","url":"https:\/\/secure.gravatar.com\/avatar\/86c48ef7b9c98ce2ab81227e90f4c26e83b56be50938c9107f0d7c330300c639?s=96&d=mm&r=g","contentUrl":"https:\/\/secure.gravatar.com\/avatar\/86c48ef7b9c98ce2ab81227e90f4c26e83b56be50938c9107f0d7c330300c639?s=96&d=mm&r=g","caption":"marketing_cu4"},"url":"https:\/\/cu4arquitectura.com\/en\/author\/marketing_cu4\/"}]}},"_links":{"self":[{"href":"https:\/\/cu4arquitectura.com\/en\/wp-json\/wp\/v2\/posts\/8413","targetHints":{"allow":["GET"]}}],"collection":[{"href":"https:\/\/cu4arquitectura.com\/en\/wp-json\/wp\/v2\/posts"}],"about":[{"href":"https:\/\/cu4arquitectura.com\/en\/wp-json\/wp\/v2\/types\/post"}],"author":[{"embeddable":true,"href":"https:\/\/cu4arquitectura.com\/en\/wp-json\/wp\/v2\/users\/6"}],"replies":[{"embeddable":true,"href":"https:\/\/cu4arquitectura.com\/en\/wp-json\/wp\/v2\/comments?post=8413"}],"version-history":[{"count":1,"href":"https:\/\/cu4arquitectura.com\/en\/wp-json\/wp\/v2\/posts\/8413\/revisions"}],"predecessor-version":[{"id":8416,"href":"https:\/\/cu4arquitectura.com\/en\/wp-json\/wp\/v2\/posts\/8413\/revisions\/8416"}],"wp:featuredmedia":[{"embeddable":true,"href":"https:\/\/cu4arquitectura.com\/en\/wp-json\/wp\/v2\/media\/8415"}],"wp:attachment":[{"href":"https:\/\/cu4arquitectura.com\/en\/wp-json\/wp\/v2\/media?parent=8413"}],"wp:term":[{"taxonomy":"category","embeddable":true,"href":"https:\/\/cu4arquitectura.com\/en\/wp-json\/wp\/v2\/categories?post=8413"},{"taxonomy":"post_tag","embeddable":true,"href":"https:\/\/cu4arquitectura.com\/en\/wp-json\/wp\/v2\/tags?post=8413"}],"curies":[{"name":"wp","href":"https:\/\/api.w.org\/{rel}","templated":true}]}}