{"id":8387,"date":"2022-04-02T19:17:07","date_gmt":"2022-04-02T19:17:07","guid":{"rendered":"https:\/\/cu4arquitectura.com\/?p=8387"},"modified":"2025-02-16T22:06:04","modified_gmt":"2025-02-16T22:06:04","slug":"ciudades-saludables-calidad-del-aire","status":"publish","type":"post","link":"https:\/\/cu4arquitectura.com\/en\/2022\/04\/02\/ciudades-saludables-calidad-del-aire\/","title":{"rendered":"Ciudades saludables. Calidad del aire."},"content":{"rendered":"\n<p class=\"wp-block-paragraph\">A estas alturas, seguramente ya te habr\u00e1s dado cuenta de que en la aplicaci\u00f3n del tiempo de tu m\u00f3vil hay un apartado que se llama \u201cICA\u201d (o parecido), en el que aparece una especie de term\u00f3metro o sem\u00e1foro en el que te indican c\u00f3mo es la calidad del aire en tu ciudad.<\/p>\n\n\n\n<p class=\"wp-block-paragraph\">En ellos se hace la media entre los distintos par\u00e1metros que se consideran (ozono, di\u00f3xido de nitr\u00f3geno, di\u00f3xido de azufre, materia particulada y mon\u00f3xido de carbono).<\/p>\n\n\n\n<p class=\"wp-block-paragraph\">Por simplificar, en este post me voy a centrar en los tres que he considerado m\u00e1s importantes para nuestra salud.<\/p>\n\n\n\n<h1 class=\"wp-block-heading\">MATERIA PARTICULADA (PM)<\/h1>\n\n\n\n<p class=\"wp-block-paragraph\">Las PM son un indicador representativo com\u00fan de la contaminaci\u00f3n del aire. Afecta a m\u00e1s personas que ning\u00fan otro contaminante<\/p>\n\n\n\n<p class=\"wp-block-paragraph\">El material particulado que m\u00e1s gravemente afecta al organismo son las PM10 y PM2,5.<\/p>\n\n\n\n<ul class=\"wp-block-list\">\n<li><strong>Materia particulada gruesa. PM10<\/strong> ( part\u00edculas con un di\u00e1metro de 10 micrones o menos). pueden penetrar y alojarse profundamente dentro de los pulmones,<\/li>\n\n\n\n<li><strong>Materia particulada fina. PM 2.5<\/strong> (part\u00edculas que tienen un di\u00e1metro de 2,5 micrones o menos). pueden atravesar la barrera pulmonar y entrar en el sistema sangu\u00edneo<\/li>\n<\/ul>\n\n\n\n<p class=\"wp-block-paragraph\">Estas part\u00edculas han sido las m\u00e1s estudiadas y relacionadas con el mayor n\u00famero de efectos adversos sobre la salud humana.<\/p>\n\n\n\n<p class=\"wp-block-paragraph\">Entre ellos, los que han sido relacionados con las PM en la poblaci\u00f3n espa\u00f1ola son:<\/p>\n\n\n\n<ul class=\"wp-block-list\">\n<li>La mortalidad (general y por causas cardiovasculares y respiratorias)<\/li>\n\n\n\n<li>Los impactos sobre el nacimiento (partos prematuros, bajo peso de nacimiento y otras complicaciones)<\/li>\n\n\n\n<li>El Alzheimer y el desarrollo cognitivo<\/li>\n<\/ul>\n\n\n\n<p class=\"wp-block-paragraph\">En el caso de las part\u00edculas, la legislaci\u00f3n europea es m\u00e1s laxa que lo que marcan las \u00faltimas directrices de la OMS publicadas en septiembre de 2021.<\/p>\n\n\n\n<p class=\"wp-block-paragraph\">En la imagen inferior, se puede observar la diferencia entre los l\u00edmites establecidos por la normativa europea y los de la OMS. As\u00ed como su comparaci\u00f3n con los datos publicados sobre las mediciones en la ciudad de Valencia.<\/p>\n\n\n\n<figure class=\"wp-block-image\"><img decoding=\"async\" src=\"https:\/\/cu4arquitectura.com\/wp-content\/uploads\/2024\/01\/2.png\" alt=\"\"\/><\/figure>\n\n\n\n<h1 class=\"wp-block-heading\">OZONO TROPOSF\u00c9RICO (O3)<\/h1>\n\n\n\n<p class=\"wp-block-paragraph\">El ozono a nivel del suelo \u2015que no debe confundirse con la capa de ozono en la atm\u00f3sfera superior\u2015 es uno de los principales componentes de la niebla fotoqu\u00edmica, que se forma como resultado de la reacci\u00f3n fotoqu\u00edmica entre la luz solar y contaminantes<\/p>\n\n\n\n<p class=\"wp-block-paragraph\">A diferencia de las PM, la alta presencia del ozono troposf\u00e9rico en el aire en Espa\u00f1a ha sido relacionada con:<\/p>\n\n\n\n<ul class=\"wp-block-list\">\n<li>La mortalidad (general y por causas cardiovasculares y respiratorias)<\/li>\n\n\n\n<li>El bajo peso de nacimiento<\/li>\n\n\n\n<li>La demencia.<\/li>\n<\/ul>\n\n\n\n<figure class=\"wp-block-image\"><img decoding=\"async\" src=\"https:\/\/cu4arquitectura.com\/wp-content\/uploads\/2024\/01\/3.png\" alt=\"\"\/><\/figure>\n\n\n\n<h1 class=\"wp-block-heading\">DI\u00d3XIDO DE NITR\u00d3GENO (NO2)<\/h1>\n\n\n\n<p class=\"wp-block-paragraph\">En Espa\u00f1a, el NO2 ha sido relacionado con el riesgo de sufrir:<\/p>\n\n\n\n<ul class=\"wp-block-list\">\n<li>Mortalidad prematura (general y por causas cardiovasculares y respiratorias)<\/li>\n\n\n\n<li>Impactos sobre el nacimiento (partos prematuros, bajo peso de nacimiento y otras complicaciones)<\/li>\n\n\n\n<li>Alteraciones del desarrollo cognitivo<\/li>\n\n\n\n<li>Funci\u00f3n pulmonar deficiente.<\/li>\n<\/ul>\n\n\n\n<p class=\"wp-block-paragraph\">Como se puede observar, son pr\u00e1cticamente los mismos efectos con los que se han relacionado a las PM, ya que son ambos productos de la quema de combustibles f\u00f3siles.<\/p>\n\n\n\n<p class=\"wp-block-paragraph\">Las principales fuentes de emisiones antropog\u00e9nicas de NO2 son los procesos de combusti\u00f3n (calefacci\u00f3n, generaci\u00f3n de electricidad y motores de veh\u00edculos y barcos).<\/p>\n\n\n\n<p class=\"wp-block-paragraph\">Hasta ahora se consideraba que el umbral de seguridad estaba en una exposici\u00f3n anual de 40 microgramos por metro c\u00fabico. Las nuevas directrices lo bajan hasta 10 microgramos por metro c\u00fabico. C\u00f3mo podemos observar en el siguiente gr\u00e1fico, los l\u00edmites recomendados por la OMS en la ciudad de Valencia fueron ampliamente superados.<\/p>\n\n\n\n<p class=\"wp-block-paragraph\">Estos valores pueden ser contrastados con los de tu ciudad que puedes consultarlos en la web de tu comunidad.<\/p>\n\n\n\n<figure class=\"wp-block-image\"><img decoding=\"async\" src=\"https:\/\/cu4arquitectura.com\/wp-content\/uploads\/2024\/01\/4.png\" alt=\"\"\/><\/figure>\n\n\n\n<h1 class=\"wp-block-heading\">LAS CONSECUENCIAS DE LA CONTAMINACI\u00d3N EN CIFRAS<\/h1>\n\n\n\n<p class=\"wp-block-paragraph\">Seg\u00fan el informe de Evaluaci\u00f3n de la Calidad del Aire en Espa\u00f1a 2020,&nbsp; elaborado por la Subdirecci\u00f3n General de Aire Limpio y Sostenibilidad Industrial del Ministerio para la Transici\u00f3n Ecol\u00f3gica y el Reto Demogr\u00e1fico, las muertes anuales debidas a los contaminantes antes citados, superan con creces las muertes en carretera, tal y c\u00f3mo se recoge en el siguiente gr\u00e1fico:<\/p>\n\n\n\n<figure class=\"wp-block-image\"><img decoding=\"async\" src=\"https:\/\/cu4arquitectura.com\/wp-content\/uploads\/2024\/01\/5.png\" alt=\"\"\/><\/figure>\n\n\n\n<p class=\"wp-block-paragraph\">\u00bfNo crees que ya es hora de que nos demos cuenta que este no es un tema de colores pol\u00edticos&nbsp; sino de emergencia de salud p\u00fablica?<\/p>\n\n\n\n<p class=\"wp-block-paragraph\">Cu\u00e9ntame en comentarios. Te leo.<\/p>\n\n\n\n<p class=\"wp-block-paragraph\"><strong>FUENTES<\/strong><\/p>\n\n\n\n<figure class=\"wp-block-embed\"><div class=\"wp-block-embed__wrapper\">\nhttps:\/\/www.miteco.gob.es\/es\/calidad-y-evaluacion-ambiental\/temas\/atmosfera-y-calidad-del-aire\/informeevaluacioncalidadaireespana2020_tcm30-529210.pdf\n<\/div><\/figure>\n\n\n\n<figure class=\"wp-block-embed\"><div class=\"wp-block-embed__wrapper\">\nhttps:\/\/www.lamoncloa.gob.es\/serviciosdeprensa\/notasprensa\/interior\/Paginas\/2022\/070122-balance-siniestralidad-2021.aspx\n<\/div><\/figure>\n\n\n\n<figure class=\"wp-block-embed\"><div class=\"wp-block-embed__wrapper\">\nhttps:\/\/www.cgate.es\/pdf\/wLibro-Interiores-CalidadAire.pdf\n<\/div><\/figure>\n\n\n\n<figure class=\"wp-block-embed\"><div class=\"wp-block-embed__wrapper\">\nhttps:\/\/www.sanidad.gob.es\/ciudadanos\/pesma\/docs\/2021_PESMA_04-06-2021.pdf\n<\/div><\/figure>\n\n\n\n<figure class=\"wp-block-embed\"><div class=\"wp-block-embed__wrapper\">\nhttps:\/\/www.who.int\/es\/news-room\/fact-sheets\/detail\/ambient-(outdoor)-air-quality-and-health\n<\/div><\/figure>\n\n\n\n<figure class=\"wp-block-embed\"><div class=\"wp-block-embed__wrapper\">\nhttps:\/\/agroambient.gva.es\/documents\/20549779\/173155175\/16.-+ZONA+ES1016.+AGLOMERACI\u00d3N+L%27HORTA.pdf\/10039c2d-6a7a-4941-a7cc-fff6c63b9bfc?t=1620055958551\n<\/div><\/figure>\n","protected":false},"excerpt":{"rendered":"<p>A estas alturas, seguramente ya te habr\u00e1s dado cuenta de que en la aplicaci\u00f3n del tiempo de tu m\u00f3vil hay un apartado que se llama \u201cICA\u201d (o parecido), en el que aparece una especie de term\u00f3metro o sem\u00e1foro en el que te indican c\u00f3mo es la calidad del aire en tu ciudad. En ellos se [&hellip;]<\/p>\n","protected":false},"author":6,"featured_media":3065,"comment_status":"open","ping_status":"open","sticky":false,"template":"","format":"standard","meta":{"_acf_changed":false,"footnotes":""},"categories":[5],"tags":[],"class_list":["post-8387","post","type-post","status-publish","format-standard","has-post-thumbnail","hentry","category-arquitectura-sostenible"],"acf":[],"yoast_head":"<!-- This site is optimized with the Yoast SEO plugin v27.7 - https:\/\/yoast.com\/product\/yoast-seo-wordpress\/ -->\n<title>Ciudades saludables. Calidad del aire. - CU4 Arquitectos en Valencia | Estudio de arquitectura<\/title>\n<meta name=\"robots\" content=\"index, follow, max-snippet:-1, max-image-preview:large, max-video-preview:-1\" \/>\n<link rel=\"canonical\" href=\"https:\/\/cu4arquitectura.com\/en\/2022\/04\/02\/ciudades-saludables-calidad-del-aire\/\" \/>\n<meta property=\"og:locale\" content=\"en_US\" \/>\n<meta property=\"og:type\" content=\"article\" \/>\n<meta property=\"og:title\" content=\"Ciudades saludables. Calidad del aire. - CU4 Arquitectos en Valencia | Estudio de arquitectura\" \/>\n<meta property=\"og:description\" content=\"A estas alturas, seguramente ya te habr\u00e1s dado cuenta de que en la aplicaci\u00f3n del tiempo de tu m\u00f3vil hay un apartado que se llama \u201cICA\u201d (o parecido), en el que aparece una especie de term\u00f3metro o sem\u00e1foro en el que te indican c\u00f3mo es la calidad del aire en tu ciudad. En ellos se [&hellip;]\" \/>\n<meta property=\"og:url\" content=\"https:\/\/cu4arquitectura.com\/en\/2022\/04\/02\/ciudades-saludables-calidad-del-aire\/\" \/>\n<meta property=\"og:site_name\" content=\"CU4 Arquitectos en Valencia | Estudio de arquitectura\" \/>\n<meta property=\"article:published_time\" content=\"2022-04-02T19:17:07+00:00\" \/>\n<meta property=\"article:modified_time\" content=\"2025-02-16T22:06:04+00:00\" \/>\n<meta property=\"og:image\" content=\"https:\/\/cu4arquitectura.com\/wp-content\/uploads\/2024\/01\/2.png\" \/>\n\t<meta property=\"og:image:width\" content=\"1080\" \/>\n\t<meta property=\"og:image:height\" content=\"1080\" \/>\n\t<meta property=\"og:image:type\" content=\"image\/png\" \/>\n<meta name=\"author\" content=\"marketing_cu4\" \/>\n<meta name=\"twitter:card\" content=\"summary_large_image\" \/>\n<meta name=\"twitter:label1\" content=\"Written by\" \/>\n\t<meta name=\"twitter:data1\" content=\"marketing_cu4\" \/>\n\t<meta name=\"twitter:label2\" content=\"Est. reading time\" \/>\n\t<meta name=\"twitter:data2\" content=\"4 minutes\" \/>\n<script type=\"application\/ld+json\" class=\"yoast-schema-graph\">{\"@context\":\"https:\\\/\\\/schema.org\",\"@graph\":[{\"@type\":\"Article\",\"@id\":\"https:\\\/\\\/cu4arquitectura.com\\\/en\\\/2022\\\/04\\\/02\\\/ciudades-saludables-calidad-del-aire\\\/#article\",\"isPartOf\":{\"@id\":\"https:\\\/\\\/cu4arquitectura.com\\\/en\\\/2022\\\/04\\\/02\\\/ciudades-saludables-calidad-del-aire\\\/\"},\"author\":{\"name\":\"marketing_cu4\",\"@id\":\"https:\\\/\\\/cu4arquitectura.com\\\/en\\\/#\\\/schema\\\/person\\\/c70ab576860f0d7b726bfddf9ac6bee1\"},\"headline\":\"Ciudades saludables. Calidad del aire.\",\"datePublished\":\"2022-04-02T19:17:07+00:00\",\"dateModified\":\"2025-02-16T22:06:04+00:00\",\"mainEntityOfPage\":{\"@id\":\"https:\\\/\\\/cu4arquitectura.com\\\/en\\\/2022\\\/04\\\/02\\\/ciudades-saludables-calidad-del-aire\\\/\"},\"wordCount\":807,\"commentCount\":0,\"publisher\":{\"@id\":\"https:\\\/\\\/cu4arquitectura.com\\\/en\\\/#organization\"},\"image\":{\"@id\":\"https:\\\/\\\/cu4arquitectura.com\\\/en\\\/2022\\\/04\\\/02\\\/ciudades-saludables-calidad-del-aire\\\/#primaryimage\"},\"thumbnailUrl\":\"https:\\\/\\\/cu4arquitectura.com\\\/wp-content\\\/uploads\\\/2024\\\/01\\\/2.png\",\"articleSection\":[\"Arquitectura sostenible\"],\"inLanguage\":\"en-US\",\"potentialAction\":[{\"@type\":\"CommentAction\",\"name\":\"Comment\",\"target\":[\"https:\\\/\\\/cu4arquitectura.com\\\/en\\\/2022\\\/04\\\/02\\\/ciudades-saludables-calidad-del-aire\\\/#respond\"]}]},{\"@type\":\"WebPage\",\"@id\":\"https:\\\/\\\/cu4arquitectura.com\\\/en\\\/2022\\\/04\\\/02\\\/ciudades-saludables-calidad-del-aire\\\/\",\"url\":\"https:\\\/\\\/cu4arquitectura.com\\\/en\\\/2022\\\/04\\\/02\\\/ciudades-saludables-calidad-del-aire\\\/\",\"name\":\"Ciudades saludables. Calidad del aire. - CU4 Arquitectos en Valencia | Estudio de arquitectura\",\"isPartOf\":{\"@id\":\"https:\\\/\\\/cu4arquitectura.com\\\/en\\\/#website\"},\"primaryImageOfPage\":{\"@id\":\"https:\\\/\\\/cu4arquitectura.com\\\/en\\\/2022\\\/04\\\/02\\\/ciudades-saludables-calidad-del-aire\\\/#primaryimage\"},\"image\":{\"@id\":\"https:\\\/\\\/cu4arquitectura.com\\\/en\\\/2022\\\/04\\\/02\\\/ciudades-saludables-calidad-del-aire\\\/#primaryimage\"},\"thumbnailUrl\":\"https:\\\/\\\/cu4arquitectura.com\\\/wp-content\\\/uploads\\\/2024\\\/01\\\/2.png\",\"datePublished\":\"2022-04-02T19:17:07+00:00\",\"dateModified\":\"2025-02-16T22:06:04+00:00\",\"breadcrumb\":{\"@id\":\"https:\\\/\\\/cu4arquitectura.com\\\/en\\\/2022\\\/04\\\/02\\\/ciudades-saludables-calidad-del-aire\\\/#breadcrumb\"},\"inLanguage\":\"en-US\",\"potentialAction\":[{\"@type\":\"ReadAction\",\"target\":[\"https:\\\/\\\/cu4arquitectura.com\\\/en\\\/2022\\\/04\\\/02\\\/ciudades-saludables-calidad-del-aire\\\/\"]}]},{\"@type\":\"ImageObject\",\"inLanguage\":\"en-US\",\"@id\":\"https:\\\/\\\/cu4arquitectura.com\\\/en\\\/2022\\\/04\\\/02\\\/ciudades-saludables-calidad-del-aire\\\/#primaryimage\",\"url\":\"https:\\\/\\\/cu4arquitectura.com\\\/wp-content\\\/uploads\\\/2024\\\/01\\\/2.png\",\"contentUrl\":\"https:\\\/\\\/cu4arquitectura.com\\\/wp-content\\\/uploads\\\/2024\\\/01\\\/2.png\",\"width\":1080,\"height\":1080},{\"@type\":\"BreadcrumbList\",\"@id\":\"https:\\\/\\\/cu4arquitectura.com\\\/en\\\/2022\\\/04\\\/02\\\/ciudades-saludables-calidad-del-aire\\\/#breadcrumb\",\"itemListElement\":[{\"@type\":\"ListItem\",\"position\":1,\"name\":\"Portada\",\"item\":\"https:\\\/\\\/cu4arquitectura.com\\\/en\\\/\"},{\"@type\":\"ListItem\",\"position\":2,\"name\":\"Ciudades saludables. Calidad del aire.\"}]},{\"@type\":\"WebSite\",\"@id\":\"https:\\\/\\\/cu4arquitectura.com\\\/en\\\/#website\",\"url\":\"https:\\\/\\\/cu4arquitectura.com\\\/en\\\/\",\"name\":\"CU4 Arquitectos en Valencia | Estudio de arquitectura\",\"description\":\"Arquitectos en Valencia | Especializados en espacios a medida para empresas y particulares, dise\u00f1ados para tu bienestar\",\"publisher\":{\"@id\":\"https:\\\/\\\/cu4arquitectura.com\\\/en\\\/#organization\"},\"potentialAction\":[{\"@type\":\"SearchAction\",\"target\":{\"@type\":\"EntryPoint\",\"urlTemplate\":\"https:\\\/\\\/cu4arquitectura.com\\\/en\\\/?s={search_term_string}\"},\"query-input\":{\"@type\":\"PropertyValueSpecification\",\"valueRequired\":true,\"valueName\":\"search_term_string\"}}],\"inLanguage\":\"en-US\"},{\"@type\":\"Organization\",\"@id\":\"https:\\\/\\\/cu4arquitectura.com\\\/en\\\/#organization\",\"name\":\"CU4 Arquitectos en Valencia | Estudio de arquitectura\",\"url\":\"https:\\\/\\\/cu4arquitectura.com\\\/en\\\/\",\"logo\":{\"@type\":\"ImageObject\",\"inLanguage\":\"en-US\",\"@id\":\"https:\\\/\\\/cu4arquitectura.com\\\/en\\\/#\\\/schema\\\/logo\\\/image\\\/\",\"url\":\"https:\\\/\\\/cu4arquitectura.com\\\/wp-content\\\/uploads\\\/2024\\\/01\\\/LOGO_CU4_original.svg\",\"contentUrl\":\"https:\\\/\\\/cu4arquitectura.com\\\/wp-content\\\/uploads\\\/2024\\\/01\\\/LOGO_CU4_original.svg\",\"width\":841,\"height\":595,\"caption\":\"CU4 Arquitectos en Valencia | Estudio de arquitectura\"},\"image\":{\"@id\":\"https:\\\/\\\/cu4arquitectura.com\\\/en\\\/#\\\/schema\\\/logo\\\/image\\\/\"}},{\"@type\":\"Person\",\"@id\":\"https:\\\/\\\/cu4arquitectura.com\\\/en\\\/#\\\/schema\\\/person\\\/c70ab576860f0d7b726bfddf9ac6bee1\",\"name\":\"marketing_cu4\",\"image\":{\"@type\":\"ImageObject\",\"inLanguage\":\"en-US\",\"@id\":\"https:\\\/\\\/secure.gravatar.com\\\/avatar\\\/86c48ef7b9c98ce2ab81227e90f4c26e83b56be50938c9107f0d7c330300c639?s=96&d=mm&r=g\",\"url\":\"https:\\\/\\\/secure.gravatar.com\\\/avatar\\\/86c48ef7b9c98ce2ab81227e90f4c26e83b56be50938c9107f0d7c330300c639?s=96&d=mm&r=g\",\"contentUrl\":\"https:\\\/\\\/secure.gravatar.com\\\/avatar\\\/86c48ef7b9c98ce2ab81227e90f4c26e83b56be50938c9107f0d7c330300c639?s=96&d=mm&r=g\",\"caption\":\"marketing_cu4\"},\"url\":\"https:\\\/\\\/cu4arquitectura.com\\\/en\\\/author\\\/marketing_cu4\\\/\"}]}<\/script>\n<!-- \/ Yoast SEO plugin. -->","yoast_head_json":{"title":"Ciudades saludables. Calidad del aire. - CU4 Arquitectos en Valencia | Estudio de arquitectura","robots":{"index":"index","follow":"follow","max-snippet":"max-snippet:-1","max-image-preview":"max-image-preview:large","max-video-preview":"max-video-preview:-1"},"canonical":"https:\/\/cu4arquitectura.com\/en\/2022\/04\/02\/ciudades-saludables-calidad-del-aire\/","og_locale":"en_US","og_type":"article","og_title":"Ciudades saludables. Calidad del aire. - CU4 Arquitectos en Valencia | Estudio de arquitectura","og_description":"A estas alturas, seguramente ya te habr\u00e1s dado cuenta de que en la aplicaci\u00f3n del tiempo de tu m\u00f3vil hay un apartado que se llama \u201cICA\u201d (o parecido), en el que aparece una especie de term\u00f3metro o sem\u00e1foro en el que te indican c\u00f3mo es la calidad del aire en tu ciudad. En ellos se [&hellip;]","og_url":"https:\/\/cu4arquitectura.com\/en\/2022\/04\/02\/ciudades-saludables-calidad-del-aire\/","og_site_name":"CU4 Arquitectos en Valencia | Estudio de arquitectura","article_published_time":"2022-04-02T19:17:07+00:00","article_modified_time":"2025-02-16T22:06:04+00:00","og_image":[{"width":1080,"height":1080,"url":"https:\/\/cu4arquitectura.com\/wp-content\/uploads\/2024\/01\/2.png","type":"image\/png"}],"author":"marketing_cu4","twitter_card":"summary_large_image","twitter_misc":{"Written by":"marketing_cu4","Est. reading time":"4 minutes"},"schema":{"@context":"https:\/\/schema.org","@graph":[{"@type":"Article","@id":"https:\/\/cu4arquitectura.com\/en\/2022\/04\/02\/ciudades-saludables-calidad-del-aire\/#article","isPartOf":{"@id":"https:\/\/cu4arquitectura.com\/en\/2022\/04\/02\/ciudades-saludables-calidad-del-aire\/"},"author":{"name":"marketing_cu4","@id":"https:\/\/cu4arquitectura.com\/en\/#\/schema\/person\/c70ab576860f0d7b726bfddf9ac6bee1"},"headline":"Ciudades saludables. Calidad del aire.","datePublished":"2022-04-02T19:17:07+00:00","dateModified":"2025-02-16T22:06:04+00:00","mainEntityOfPage":{"@id":"https:\/\/cu4arquitectura.com\/en\/2022\/04\/02\/ciudades-saludables-calidad-del-aire\/"},"wordCount":807,"commentCount":0,"publisher":{"@id":"https:\/\/cu4arquitectura.com\/en\/#organization"},"image":{"@id":"https:\/\/cu4arquitectura.com\/en\/2022\/04\/02\/ciudades-saludables-calidad-del-aire\/#primaryimage"},"thumbnailUrl":"https:\/\/cu4arquitectura.com\/wp-content\/uploads\/2024\/01\/2.png","articleSection":["Arquitectura sostenible"],"inLanguage":"en-US","potentialAction":[{"@type":"CommentAction","name":"Comment","target":["https:\/\/cu4arquitectura.com\/en\/2022\/04\/02\/ciudades-saludables-calidad-del-aire\/#respond"]}]},{"@type":"WebPage","@id":"https:\/\/cu4arquitectura.com\/en\/2022\/04\/02\/ciudades-saludables-calidad-del-aire\/","url":"https:\/\/cu4arquitectura.com\/en\/2022\/04\/02\/ciudades-saludables-calidad-del-aire\/","name":"Ciudades saludables. Calidad del aire. - CU4 Arquitectos en Valencia | Estudio de arquitectura","isPartOf":{"@id":"https:\/\/cu4arquitectura.com\/en\/#website"},"primaryImageOfPage":{"@id":"https:\/\/cu4arquitectura.com\/en\/2022\/04\/02\/ciudades-saludables-calidad-del-aire\/#primaryimage"},"image":{"@id":"https:\/\/cu4arquitectura.com\/en\/2022\/04\/02\/ciudades-saludables-calidad-del-aire\/#primaryimage"},"thumbnailUrl":"https:\/\/cu4arquitectura.com\/wp-content\/uploads\/2024\/01\/2.png","datePublished":"2022-04-02T19:17:07+00:00","dateModified":"2025-02-16T22:06:04+00:00","breadcrumb":{"@id":"https:\/\/cu4arquitectura.com\/en\/2022\/04\/02\/ciudades-saludables-calidad-del-aire\/#breadcrumb"},"inLanguage":"en-US","potentialAction":[{"@type":"ReadAction","target":["https:\/\/cu4arquitectura.com\/en\/2022\/04\/02\/ciudades-saludables-calidad-del-aire\/"]}]},{"@type":"ImageObject","inLanguage":"en-US","@id":"https:\/\/cu4arquitectura.com\/en\/2022\/04\/02\/ciudades-saludables-calidad-del-aire\/#primaryimage","url":"https:\/\/cu4arquitectura.com\/wp-content\/uploads\/2024\/01\/2.png","contentUrl":"https:\/\/cu4arquitectura.com\/wp-content\/uploads\/2024\/01\/2.png","width":1080,"height":1080},{"@type":"BreadcrumbList","@id":"https:\/\/cu4arquitectura.com\/en\/2022\/04\/02\/ciudades-saludables-calidad-del-aire\/#breadcrumb","itemListElement":[{"@type":"ListItem","position":1,"name":"Portada","item":"https:\/\/cu4arquitectura.com\/en\/"},{"@type":"ListItem","position":2,"name":"Ciudades saludables. Calidad del aire."}]},{"@type":"WebSite","@id":"https:\/\/cu4arquitectura.com\/en\/#website","url":"https:\/\/cu4arquitectura.com\/en\/","name":"CU4 Arquitectos en Valencia | Estudio de arquitectura","description":"Arquitectos en Valencia | Especializados en espacios a medida para empresas y particulares, dise\u00f1ados para tu bienestar","publisher":{"@id":"https:\/\/cu4arquitectura.com\/en\/#organization"},"potentialAction":[{"@type":"SearchAction","target":{"@type":"EntryPoint","urlTemplate":"https:\/\/cu4arquitectura.com\/en\/?s={search_term_string}"},"query-input":{"@type":"PropertyValueSpecification","valueRequired":true,"valueName":"search_term_string"}}],"inLanguage":"en-US"},{"@type":"Organization","@id":"https:\/\/cu4arquitectura.com\/en\/#organization","name":"CU4 Arquitectos en Valencia | Estudio de arquitectura","url":"https:\/\/cu4arquitectura.com\/en\/","logo":{"@type":"ImageObject","inLanguage":"en-US","@id":"https:\/\/cu4arquitectura.com\/en\/#\/schema\/logo\/image\/","url":"https:\/\/cu4arquitectura.com\/wp-content\/uploads\/2024\/01\/LOGO_CU4_original.svg","contentUrl":"https:\/\/cu4arquitectura.com\/wp-content\/uploads\/2024\/01\/LOGO_CU4_original.svg","width":841,"height":595,"caption":"CU4 Arquitectos en Valencia | Estudio de arquitectura"},"image":{"@id":"https:\/\/cu4arquitectura.com\/en\/#\/schema\/logo\/image\/"}},{"@type":"Person","@id":"https:\/\/cu4arquitectura.com\/en\/#\/schema\/person\/c70ab576860f0d7b726bfddf9ac6bee1","name":"marketing_cu4","image":{"@type":"ImageObject","inLanguage":"en-US","@id":"https:\/\/secure.gravatar.com\/avatar\/86c48ef7b9c98ce2ab81227e90f4c26e83b56be50938c9107f0d7c330300c639?s=96&d=mm&r=g","url":"https:\/\/secure.gravatar.com\/avatar\/86c48ef7b9c98ce2ab81227e90f4c26e83b56be50938c9107f0d7c330300c639?s=96&d=mm&r=g","contentUrl":"https:\/\/secure.gravatar.com\/avatar\/86c48ef7b9c98ce2ab81227e90f4c26e83b56be50938c9107f0d7c330300c639?s=96&d=mm&r=g","caption":"marketing_cu4"},"url":"https:\/\/cu4arquitectura.com\/en\/author\/marketing_cu4\/"}]}},"_links":{"self":[{"href":"https:\/\/cu4arquitectura.com\/en\/wp-json\/wp\/v2\/posts\/8387","targetHints":{"allow":["GET"]}}],"collection":[{"href":"https:\/\/cu4arquitectura.com\/en\/wp-json\/wp\/v2\/posts"}],"about":[{"href":"https:\/\/cu4arquitectura.com\/en\/wp-json\/wp\/v2\/types\/post"}],"author":[{"embeddable":true,"href":"https:\/\/cu4arquitectura.com\/en\/wp-json\/wp\/v2\/users\/6"}],"replies":[{"embeddable":true,"href":"https:\/\/cu4arquitectura.com\/en\/wp-json\/wp\/v2\/comments?post=8387"}],"version-history":[{"count":1,"href":"https:\/\/cu4arquitectura.com\/en\/wp-json\/wp\/v2\/posts\/8387\/revisions"}],"predecessor-version":[{"id":8388,"href":"https:\/\/cu4arquitectura.com\/en\/wp-json\/wp\/v2\/posts\/8387\/revisions\/8388"}],"wp:featuredmedia":[{"embeddable":true,"href":"https:\/\/cu4arquitectura.com\/en\/wp-json\/wp\/v2\/media\/3065"}],"wp:attachment":[{"href":"https:\/\/cu4arquitectura.com\/en\/wp-json\/wp\/v2\/media?parent=8387"}],"wp:term":[{"taxonomy":"category","embeddable":true,"href":"https:\/\/cu4arquitectura.com\/en\/wp-json\/wp\/v2\/categories?post=8387"},{"taxonomy":"post_tag","embeddable":true,"href":"https:\/\/cu4arquitectura.com\/en\/wp-json\/wp\/v2\/tags?post=8387"}],"curies":[{"name":"wp","href":"https:\/\/api.w.org\/{rel}","templated":true}]}}