{"id":8384,"date":"2021-02-02T19:13:37","date_gmt":"2021-02-02T19:13:37","guid":{"rendered":"https:\/\/cu4arquitectura.com\/?p=8384"},"modified":"2026-08-03T08:14:29","modified_gmt":"2026-08-03T08:14:29","slug":"diseno-biofilico-entrevista-para-diario-abc","status":"publish","type":"post","link":"https:\/\/cu4arquitectura.com\/en\/2021\/02\/02\/diseno-biofilico-entrevista-para-diario-abc\/","title":{"rendered":"Dise\u00f1o biof\u00edlico. Entrevista para diario ABC"},"content":{"rendered":"\n<p class=\"wp-block-paragraph\">Hola! Nos han hecho una entrevista para el Diario ABC, en la que contamos los beneficios del dise\u00f1o biof\u00edlico en los espacios de trabajo.<\/p>\n\n\n\n<figure class=\"wp-block-image size-full\"><img loading=\"lazy\" decoding=\"async\" width=\"1024\" height=\"722\" src=\"https:\/\/cu4arquitectura.com\/wp-content\/uploads\/2025\/02\/image.png\" alt=\"\" class=\"wp-image-8385\" srcset=\"https:\/\/cu4arquitectura.com\/wp-content\/uploads\/2025\/02\/image.png 1024w, https:\/\/cu4arquitectura.com\/wp-content\/uploads\/2025\/02\/image-300x212.png 300w, https:\/\/cu4arquitectura.com\/wp-content\/uploads\/2025\/02\/image-768x542.png 768w\" sizes=\"auto, (max-width: 1024px) 100vw, 1024px\" \/><\/figure>\n\n\n\n<p class=\"wp-block-paragraph\">Art\u00edculo del Diario ABC &#8211; Virginia Carrasco<\/p>\n\n\n\n<p class=\"wp-block-paragraph\">La integraci\u00f3n de elementos propios de la Naturaleza en el dise\u00f1o de interiores podr\u00eda ser la definici\u00f3n de dise\u00f1o biof\u00edlico. Est\u00e1 demostrado cient\u00edficamente que el contacto directo con lo natural afecta positivamente en la salud f\u00edsica y mental.<\/p>\n\n\n\n<p class=\"wp-block-paragraph\">Puedes leer el art\u00edculo completo en <a href=\"https:\/\/www.abc.es\/antropia\/abci-oficina-conectada-naturaleza-20211205142838_noticia.htmlr\"><strong><u>aqu\u00ed<\/u><\/strong><\/a>. \u00a1No te lo pierdas!<\/p>\n\n\n\n<p class=\"wp-block-paragraph\">Si quieres saber m\u00e1s sobre este tema, te lo contamos en nuestro <strong><a href=\"https:\/\/cu4well.com\/\">blog<\/a><\/strong>!<\/p>\n\n\n\n<p class=\"wp-block-paragraph\">Puedes enterarte de m\u00e1s cosas sobre nosotros pinchando <strong><a href=\"https:\/\/www.cu4arquitectura.com\/nosotros\/\">aqu<\/a>\u00ed.<\/strong><\/p>\n\n\n\n<p class=\"wp-block-paragraph\">Hasta la pr\u00f3xima entrevista!<\/p>\n\n\n\n<p class=\"wp-block-paragraph\"><\/p>\n","protected":false},"excerpt":{"rendered":"<p>Hola! Nos han hecho una entrevista para el Diario ABC, en la que contamos los beneficios del dise\u00f1o biof\u00edlico en los espacios de trabajo. Art\u00edculo del Diario ABC &#8211; Virginia Carrasco La integraci\u00f3n de elementos propios de la Naturaleza en el dise\u00f1o de interiores podr\u00eda ser la definici\u00f3n de dise\u00f1o biof\u00edlico. Est\u00e1 demostrado cient\u00edficamente que [&hellip;]<\/p>\n","protected":false},"author":6,"featured_media":8385,"comment_status":"open","ping_status":"open","sticky":false,"template":"","format":"standard","meta":{"_acf_changed":false,"footnotes":""},"categories":[6],"tags":[],"class_list":["post-8384","post","type-post","status-publish","format-standard","has-post-thumbnail","hentry","category-cu4"],"acf":[],"yoast_head":"<!-- This site is optimized with the Yoast SEO plugin v27.7 - https:\/\/yoast.com\/product\/yoast-seo-wordpress\/ -->\n<title>Dise\u00f1o biof\u00edlico. Entrevista para diario ABC - CU4 Arquitectos en Valencia | Estudio de arquitectura<\/title>\n<meta name=\"robots\" content=\"index, follow, max-snippet:-1, max-image-preview:large, max-video-preview:-1\" \/>\n<link rel=\"canonical\" href=\"https:\/\/cu4arquitectura.com\/en\/2021\/02\/02\/diseno-biofilico-entrevista-para-diario-abc\/\" \/>\n<meta property=\"og:locale\" content=\"en_US\" \/>\n<meta property=\"og:type\" content=\"article\" \/>\n<meta property=\"og:title\" content=\"Dise\u00f1o biof\u00edlico. Entrevista para diario ABC - CU4 Arquitectos en Valencia | Estudio de arquitectura\" \/>\n<meta property=\"og:description\" content=\"Hola! Nos han hecho una entrevista para el Diario ABC, en la que contamos los beneficios del dise\u00f1o biof\u00edlico en los espacios de trabajo. Art\u00edculo del Diario ABC &#8211; Virginia Carrasco La integraci\u00f3n de elementos propios de la Naturaleza en el dise\u00f1o de interiores podr\u00eda ser la definici\u00f3n de dise\u00f1o biof\u00edlico. Est\u00e1 demostrado cient\u00edficamente que [&hellip;]\" \/>\n<meta property=\"og:url\" content=\"https:\/\/cu4arquitectura.com\/en\/2021\/02\/02\/diseno-biofilico-entrevista-para-diario-abc\/\" \/>\n<meta property=\"og:site_name\" content=\"CU4 Arquitectos en Valencia | Estudio de arquitectura\" \/>\n<meta property=\"article:published_time\" content=\"2021-02-02T19:13:37+00:00\" \/>\n<meta property=\"article:modified_time\" content=\"2026-08-03T08:14:29+00:00\" \/>\n<meta property=\"og:image\" content=\"https:\/\/cu4arquitectura.com\/wp-content\/uploads\/2025\/02\/image.png\" \/>\n\t<meta property=\"og:image:width\" content=\"1024\" \/>\n\t<meta property=\"og:image:height\" content=\"722\" \/>\n\t<meta property=\"og:image:type\" content=\"image\/png\" \/>\n<meta name=\"author\" content=\"marketing_cu4\" \/>\n<meta name=\"twitter:card\" content=\"summary_large_image\" \/>\n<meta name=\"twitter:label1\" content=\"Written by\" \/>\n\t<meta name=\"twitter:data1\" content=\"marketing_cu4\" \/>\n\t<meta name=\"twitter:label2\" content=\"Est. reading time\" \/>\n\t<meta name=\"twitter:data2\" content=\"1 minute\" \/>\n<script type=\"application\/ld+json\" class=\"yoast-schema-graph\">{\"@context\":\"https:\\\/\\\/schema.org\",\"@graph\":[{\"@type\":\"Article\",\"@id\":\"https:\\\/\\\/cu4arquitectura.com\\\/en\\\/2021\\\/02\\\/02\\\/diseno-biofilico-entrevista-para-diario-abc\\\/#article\",\"isPartOf\":{\"@id\":\"https:\\\/\\\/cu4arquitectura.com\\\/en\\\/2021\\\/02\\\/02\\\/diseno-biofilico-entrevista-para-diario-abc\\\/\"},\"author\":{\"name\":\"marketing_cu4\",\"@id\":\"https:\\\/\\\/cu4arquitectura.com\\\/en\\\/#\\\/schema\\\/person\\\/c70ab576860f0d7b726bfddf9ac6bee1\"},\"headline\":\"Dise\u00f1o biof\u00edlico. Entrevista para diario ABC\",\"datePublished\":\"2021-02-02T19:13:37+00:00\",\"dateModified\":\"2026-08-03T08:14:29+00:00\",\"mainEntityOfPage\":{\"@id\":\"https:\\\/\\\/cu4arquitectura.com\\\/en\\\/2021\\\/02\\\/02\\\/diseno-biofilico-entrevista-para-diario-abc\\\/\"},\"wordCount\":129,\"commentCount\":0,\"publisher\":{\"@id\":\"https:\\\/\\\/cu4arquitectura.com\\\/en\\\/#organization\"},\"image\":{\"@id\":\"https:\\\/\\\/cu4arquitectura.com\\\/en\\\/2021\\\/02\\\/02\\\/diseno-biofilico-entrevista-para-diario-abc\\\/#primaryimage\"},\"thumbnailUrl\":\"https:\\\/\\\/cu4arquitectura.com\\\/wp-content\\\/uploads\\\/2025\\\/02\\\/image.png\",\"articleSection\":[\"CU4 Arquitectura\"],\"inLanguage\":\"en-US\",\"potentialAction\":[{\"@type\":\"CommentAction\",\"name\":\"Comment\",\"target\":[\"https:\\\/\\\/cu4arquitectura.com\\\/en\\\/2021\\\/02\\\/02\\\/diseno-biofilico-entrevista-para-diario-abc\\\/#respond\"]}]},{\"@type\":\"WebPage\",\"@id\":\"https:\\\/\\\/cu4arquitectura.com\\\/en\\\/2021\\\/02\\\/02\\\/diseno-biofilico-entrevista-para-diario-abc\\\/\",\"url\":\"https:\\\/\\\/cu4arquitectura.com\\\/en\\\/2021\\\/02\\\/02\\\/diseno-biofilico-entrevista-para-diario-abc\\\/\",\"name\":\"Dise\u00f1o biof\u00edlico. Entrevista para diario ABC - CU4 Arquitectos en Valencia | Estudio de arquitectura\",\"isPartOf\":{\"@id\":\"https:\\\/\\\/cu4arquitectura.com\\\/en\\\/#website\"},\"primaryImageOfPage\":{\"@id\":\"https:\\\/\\\/cu4arquitectura.com\\\/en\\\/2021\\\/02\\\/02\\\/diseno-biofilico-entrevista-para-diario-abc\\\/#primaryimage\"},\"image\":{\"@id\":\"https:\\\/\\\/cu4arquitectura.com\\\/en\\\/2021\\\/02\\\/02\\\/diseno-biofilico-entrevista-para-diario-abc\\\/#primaryimage\"},\"thumbnailUrl\":\"https:\\\/\\\/cu4arquitectura.com\\\/wp-content\\\/uploads\\\/2025\\\/02\\\/image.png\",\"datePublished\":\"2021-02-02T19:13:37+00:00\",\"dateModified\":\"2026-08-03T08:14:29+00:00\",\"breadcrumb\":{\"@id\":\"https:\\\/\\\/cu4arquitectura.com\\\/en\\\/2021\\\/02\\\/02\\\/diseno-biofilico-entrevista-para-diario-abc\\\/#breadcrumb\"},\"inLanguage\":\"en-US\",\"potentialAction\":[{\"@type\":\"ReadAction\",\"target\":[\"https:\\\/\\\/cu4arquitectura.com\\\/en\\\/2021\\\/02\\\/02\\\/diseno-biofilico-entrevista-para-diario-abc\\\/\"]}]},{\"@type\":\"ImageObject\",\"inLanguage\":\"en-US\",\"@id\":\"https:\\\/\\\/cu4arquitectura.com\\\/en\\\/2021\\\/02\\\/02\\\/diseno-biofilico-entrevista-para-diario-abc\\\/#primaryimage\",\"url\":\"https:\\\/\\\/cu4arquitectura.com\\\/wp-content\\\/uploads\\\/2025\\\/02\\\/image.png\",\"contentUrl\":\"https:\\\/\\\/cu4arquitectura.com\\\/wp-content\\\/uploads\\\/2025\\\/02\\\/image.png\",\"width\":1024,\"height\":722},{\"@type\":\"BreadcrumbList\",\"@id\":\"https:\\\/\\\/cu4arquitectura.com\\\/en\\\/2021\\\/02\\\/02\\\/diseno-biofilico-entrevista-para-diario-abc\\\/#breadcrumb\",\"itemListElement\":[{\"@type\":\"ListItem\",\"position\":1,\"name\":\"Portada\",\"item\":\"https:\\\/\\\/cu4arquitectura.com\\\/en\\\/\"},{\"@type\":\"ListItem\",\"position\":2,\"name\":\"Dise\u00f1o biof\u00edlico. Entrevista para diario ABC\"}]},{\"@type\":\"WebSite\",\"@id\":\"https:\\\/\\\/cu4arquitectura.com\\\/en\\\/#website\",\"url\":\"https:\\\/\\\/cu4arquitectura.com\\\/en\\\/\",\"name\":\"CU4 Arquitectos en Valencia | Estudio de arquitectura\",\"description\":\"Arquitectos en Valencia | Especializados en espacios a medida para empresas y particulares, dise\u00f1ados para tu bienestar\",\"publisher\":{\"@id\":\"https:\\\/\\\/cu4arquitectura.com\\\/en\\\/#organization\"},\"potentialAction\":[{\"@type\":\"SearchAction\",\"target\":{\"@type\":\"EntryPoint\",\"urlTemplate\":\"https:\\\/\\\/cu4arquitectura.com\\\/en\\\/?s={search_term_string}\"},\"query-input\":{\"@type\":\"PropertyValueSpecification\",\"valueRequired\":true,\"valueName\":\"search_term_string\"}}],\"inLanguage\":\"en-US\"},{\"@type\":\"Organization\",\"@id\":\"https:\\\/\\\/cu4arquitectura.com\\\/en\\\/#organization\",\"name\":\"CU4 Arquitectos en Valencia | Estudio de arquitectura\",\"url\":\"https:\\\/\\\/cu4arquitectura.com\\\/en\\\/\",\"logo\":{\"@type\":\"ImageObject\",\"inLanguage\":\"en-US\",\"@id\":\"https:\\\/\\\/cu4arquitectura.com\\\/en\\\/#\\\/schema\\\/logo\\\/image\\\/\",\"url\":\"https:\\\/\\\/cu4arquitectura.com\\\/wp-content\\\/uploads\\\/2024\\\/01\\\/LOGO_CU4_original.svg\",\"contentUrl\":\"https:\\\/\\\/cu4arquitectura.com\\\/wp-content\\\/uploads\\\/2024\\\/01\\\/LOGO_CU4_original.svg\",\"width\":841,\"height\":595,\"caption\":\"CU4 Arquitectos en Valencia | Estudio de arquitectura\"},\"image\":{\"@id\":\"https:\\\/\\\/cu4arquitectura.com\\\/en\\\/#\\\/schema\\\/logo\\\/image\\\/\"}},{\"@type\":\"Person\",\"@id\":\"https:\\\/\\\/cu4arquitectura.com\\\/en\\\/#\\\/schema\\\/person\\\/c70ab576860f0d7b726bfddf9ac6bee1\",\"name\":\"marketing_cu4\",\"image\":{\"@type\":\"ImageObject\",\"inLanguage\":\"en-US\",\"@id\":\"https:\\\/\\\/secure.gravatar.com\\\/avatar\\\/86c48ef7b9c98ce2ab81227e90f4c26e83b56be50938c9107f0d7c330300c639?s=96&d=mm&r=g\",\"url\":\"https:\\\/\\\/secure.gravatar.com\\\/avatar\\\/86c48ef7b9c98ce2ab81227e90f4c26e83b56be50938c9107f0d7c330300c639?s=96&d=mm&r=g\",\"contentUrl\":\"https:\\\/\\\/secure.gravatar.com\\\/avatar\\\/86c48ef7b9c98ce2ab81227e90f4c26e83b56be50938c9107f0d7c330300c639?s=96&d=mm&r=g\",\"caption\":\"marketing_cu4\"},\"url\":\"https:\\\/\\\/cu4arquitectura.com\\\/en\\\/author\\\/marketing_cu4\\\/\"}]}<\/script>\n<!-- \/ Yoast SEO plugin. -->","yoast_head_json":{"title":"Dise\u00f1o biof\u00edlico. Entrevista para diario ABC - CU4 Arquitectos en Valencia | Estudio de arquitectura","robots":{"index":"index","follow":"follow","max-snippet":"max-snippet:-1","max-image-preview":"max-image-preview:large","max-video-preview":"max-video-preview:-1"},"canonical":"https:\/\/cu4arquitectura.com\/en\/2021\/02\/02\/diseno-biofilico-entrevista-para-diario-abc\/","og_locale":"en_US","og_type":"article","og_title":"Dise\u00f1o biof\u00edlico. Entrevista para diario ABC - CU4 Arquitectos en Valencia | Estudio de arquitectura","og_description":"Hola! Nos han hecho una entrevista para el Diario ABC, en la que contamos los beneficios del dise\u00f1o biof\u00edlico en los espacios de trabajo. Art\u00edculo del Diario ABC &#8211; Virginia Carrasco La integraci\u00f3n de elementos propios de la Naturaleza en el dise\u00f1o de interiores podr\u00eda ser la definici\u00f3n de dise\u00f1o biof\u00edlico. Est\u00e1 demostrado cient\u00edficamente que [&hellip;]","og_url":"https:\/\/cu4arquitectura.com\/en\/2021\/02\/02\/diseno-biofilico-entrevista-para-diario-abc\/","og_site_name":"CU4 Arquitectos en Valencia | Estudio de arquitectura","article_published_time":"2021-02-02T19:13:37+00:00","article_modified_time":"2026-08-03T08:14:29+00:00","og_image":[{"width":1024,"height":722,"url":"https:\/\/cu4arquitectura.com\/wp-content\/uploads\/2025\/02\/image.png","type":"image\/png"}],"author":"marketing_cu4","twitter_card":"summary_large_image","twitter_misc":{"Written by":"marketing_cu4","Est. reading time":"1 minute"},"schema":{"@context":"https:\/\/schema.org","@graph":[{"@type":"Article","@id":"https:\/\/cu4arquitectura.com\/en\/2021\/02\/02\/diseno-biofilico-entrevista-para-diario-abc\/#article","isPartOf":{"@id":"https:\/\/cu4arquitectura.com\/en\/2021\/02\/02\/diseno-biofilico-entrevista-para-diario-abc\/"},"author":{"name":"marketing_cu4","@id":"https:\/\/cu4arquitectura.com\/en\/#\/schema\/person\/c70ab576860f0d7b726bfddf9ac6bee1"},"headline":"Dise\u00f1o biof\u00edlico. Entrevista para diario ABC","datePublished":"2021-02-02T19:13:37+00:00","dateModified":"2026-08-03T08:14:29+00:00","mainEntityOfPage":{"@id":"https:\/\/cu4arquitectura.com\/en\/2021\/02\/02\/diseno-biofilico-entrevista-para-diario-abc\/"},"wordCount":129,"commentCount":0,"publisher":{"@id":"https:\/\/cu4arquitectura.com\/en\/#organization"},"image":{"@id":"https:\/\/cu4arquitectura.com\/en\/2021\/02\/02\/diseno-biofilico-entrevista-para-diario-abc\/#primaryimage"},"thumbnailUrl":"https:\/\/cu4arquitectura.com\/wp-content\/uploads\/2025\/02\/image.png","articleSection":["CU4 Arquitectura"],"inLanguage":"en-US","potentialAction":[{"@type":"CommentAction","name":"Comment","target":["https:\/\/cu4arquitectura.com\/en\/2021\/02\/02\/diseno-biofilico-entrevista-para-diario-abc\/#respond"]}]},{"@type":"WebPage","@id":"https:\/\/cu4arquitectura.com\/en\/2021\/02\/02\/diseno-biofilico-entrevista-para-diario-abc\/","url":"https:\/\/cu4arquitectura.com\/en\/2021\/02\/02\/diseno-biofilico-entrevista-para-diario-abc\/","name":"Dise\u00f1o biof\u00edlico. Entrevista para diario ABC - CU4 Arquitectos en Valencia | Estudio de arquitectura","isPartOf":{"@id":"https:\/\/cu4arquitectura.com\/en\/#website"},"primaryImageOfPage":{"@id":"https:\/\/cu4arquitectura.com\/en\/2021\/02\/02\/diseno-biofilico-entrevista-para-diario-abc\/#primaryimage"},"image":{"@id":"https:\/\/cu4arquitectura.com\/en\/2021\/02\/02\/diseno-biofilico-entrevista-para-diario-abc\/#primaryimage"},"thumbnailUrl":"https:\/\/cu4arquitectura.com\/wp-content\/uploads\/2025\/02\/image.png","datePublished":"2021-02-02T19:13:37+00:00","dateModified":"2026-08-03T08:14:29+00:00","breadcrumb":{"@id":"https:\/\/cu4arquitectura.com\/en\/2021\/02\/02\/diseno-biofilico-entrevista-para-diario-abc\/#breadcrumb"},"inLanguage":"en-US","potentialAction":[{"@type":"ReadAction","target":["https:\/\/cu4arquitectura.com\/en\/2021\/02\/02\/diseno-biofilico-entrevista-para-diario-abc\/"]}]},{"@type":"ImageObject","inLanguage":"en-US","@id":"https:\/\/cu4arquitectura.com\/en\/2021\/02\/02\/diseno-biofilico-entrevista-para-diario-abc\/#primaryimage","url":"https:\/\/cu4arquitectura.com\/wp-content\/uploads\/2025\/02\/image.png","contentUrl":"https:\/\/cu4arquitectura.com\/wp-content\/uploads\/2025\/02\/image.png","width":1024,"height":722},{"@type":"BreadcrumbList","@id":"https:\/\/cu4arquitectura.com\/en\/2021\/02\/02\/diseno-biofilico-entrevista-para-diario-abc\/#breadcrumb","itemListElement":[{"@type":"ListItem","position":1,"name":"Portada","item":"https:\/\/cu4arquitectura.com\/en\/"},{"@type":"ListItem","position":2,"name":"Dise\u00f1o biof\u00edlico. Entrevista para diario ABC"}]},{"@type":"WebSite","@id":"https:\/\/cu4arquitectura.com\/en\/#website","url":"https:\/\/cu4arquitectura.com\/en\/","name":"CU4 Arquitectos en Valencia | Estudio de arquitectura","description":"Arquitectos en Valencia | Especializados en espacios a medida para empresas y particulares, dise\u00f1ados para tu bienestar","publisher":{"@id":"https:\/\/cu4arquitectura.com\/en\/#organization"},"potentialAction":[{"@type":"SearchAction","target":{"@type":"EntryPoint","urlTemplate":"https:\/\/cu4arquitectura.com\/en\/?s={search_term_string}"},"query-input":{"@type":"PropertyValueSpecification","valueRequired":true,"valueName":"search_term_string"}}],"inLanguage":"en-US"},{"@type":"Organization","@id":"https:\/\/cu4arquitectura.com\/en\/#organization","name":"CU4 Arquitectos en Valencia | Estudio de arquitectura","url":"https:\/\/cu4arquitectura.com\/en\/","logo":{"@type":"ImageObject","inLanguage":"en-US","@id":"https:\/\/cu4arquitectura.com\/en\/#\/schema\/logo\/image\/","url":"https:\/\/cu4arquitectura.com\/wp-content\/uploads\/2024\/01\/LOGO_CU4_original.svg","contentUrl":"https:\/\/cu4arquitectura.com\/wp-content\/uploads\/2024\/01\/LOGO_CU4_original.svg","width":841,"height":595,"caption":"CU4 Arquitectos en Valencia | Estudio de arquitectura"},"image":{"@id":"https:\/\/cu4arquitectura.com\/en\/#\/schema\/logo\/image\/"}},{"@type":"Person","@id":"https:\/\/cu4arquitectura.com\/en\/#\/schema\/person\/c70ab576860f0d7b726bfddf9ac6bee1","name":"marketing_cu4","image":{"@type":"ImageObject","inLanguage":"en-US","@id":"https:\/\/secure.gravatar.com\/avatar\/86c48ef7b9c98ce2ab81227e90f4c26e83b56be50938c9107f0d7c330300c639?s=96&d=mm&r=g","url":"https:\/\/secure.gravatar.com\/avatar\/86c48ef7b9c98ce2ab81227e90f4c26e83b56be50938c9107f0d7c330300c639?s=96&d=mm&r=g","contentUrl":"https:\/\/secure.gravatar.com\/avatar\/86c48ef7b9c98ce2ab81227e90f4c26e83b56be50938c9107f0d7c330300c639?s=96&d=mm&r=g","caption":"marketing_cu4"},"url":"https:\/\/cu4arquitectura.com\/en\/author\/marketing_cu4\/"}]}},"_links":{"self":[{"href":"https:\/\/cu4arquitectura.com\/en\/wp-json\/wp\/v2\/posts\/8384","targetHints":{"allow":["GET"]}}],"collection":[{"href":"https:\/\/cu4arquitectura.com\/en\/wp-json\/wp\/v2\/posts"}],"about":[{"href":"https:\/\/cu4arquitectura.com\/en\/wp-json\/wp\/v2\/types\/post"}],"author":[{"embeddable":true,"href":"https:\/\/cu4arquitectura.com\/en\/wp-json\/wp\/v2\/users\/6"}],"replies":[{"embeddable":true,"href":"https:\/\/cu4arquitectura.com\/en\/wp-json\/wp\/v2\/comments?post=8384"}],"version-history":[{"count":2,"href":"https:\/\/cu4arquitectura.com\/en\/wp-json\/wp\/v2\/posts\/8384\/revisions"}],"predecessor-version":[{"id":9509,"href":"https:\/\/cu4arquitectura.com\/en\/wp-json\/wp\/v2\/posts\/8384\/revisions\/9509"}],"wp:featuredmedia":[{"embeddable":true,"href":"https:\/\/cu4arquitectura.com\/en\/wp-json\/wp\/v2\/media\/8385"}],"wp:attachment":[{"href":"https:\/\/cu4arquitectura.com\/en\/wp-json\/wp\/v2\/media?parent=8384"}],"wp:term":[{"taxonomy":"category","embeddable":true,"href":"https:\/\/cu4arquitectura.com\/en\/wp-json\/wp\/v2\/categories?post=8384"},{"taxonomy":"post_tag","embeddable":true,"href":"https:\/\/cu4arquitectura.com\/en\/wp-json\/wp\/v2\/tags?post=8384"}],"curies":[{"name":"wp","href":"https:\/\/api.w.org\/{rel}","templated":true}]}}