{"id":8382,"date":"2020-12-02T18:53:16","date_gmt":"2020-12-02T18:53:16","guid":{"rendered":"https:\/\/cu4arquitectura.com\/?p=8382"},"modified":"2026-08-03T08:12:44","modified_gmt":"2026-08-03T08:12:44","slug":"espacios-saludables-podcast-jana-fernandez","status":"publish","type":"post","link":"https:\/\/cu4arquitectura.com\/en\/2020\/12\/02\/espacios-saludables-podcast-jana-fernandez\/","title":{"rendered":"Espacios saludables. Podcast Jana Fern\u00e1ndez"},"content":{"rendered":"\n<p class=\"wp-block-paragraph\">\u00a1Hola!&nbsp;Nos han hecho una entrevista para el podcast de Jana Fern\u00e1ndez, en la que hablamos sobre &#8220;ESPACIOS SALUDABLES QUE CUIDAN DE NUESTRO BIENESTAR&#8221;.<\/p>\n\n\n\n<figure class=\"wp-block-image\"><img decoding=\"async\" src=\"https:\/\/cu4arquitectura.com\/wp-content\/uploads\/2024\/01\/1-1-300x300-2-300x300-1.jpg\" alt=\"Anna Ferrer en podcast de Jana Fern\u00e1ndez a guide to live well\"\/><\/figure>\n\n\n\n<p class=\"wp-block-paragraph\"><em>Foto &#8220;Espacios saludables&#8221; Podcast Jana Fern\u00e1ndez&nbsp;<\/em><\/p>\n\n\n\n<p class=\"wp-block-paragraph\">En ella hablamos de los espacios saludables, \u00a1porque son mucho m\u00e1s que incluir placas solares en la cubierta!. Entre otras muchas cosas, cuando hablamos de dise\u00f1ar un espacio desde el bienestar es importante atender a las necesidades no solo fisiol\u00f3gicas, sino tambi\u00e9n cognitivas y socio-emocionales. Es pensar desde el punto de vista de las personas y teniendo en cuenta el sol, el entorno, el clima, el aire, las sombras, el ruido, la topograf\u00eda y la hidrograf\u00eda, la orientaci\u00f3n&#8230; Dise\u00f1ar creando una buena relaci\u00f3n entre el interior y el exterior.<\/p>\n\n\n\n<p class=\"wp-block-paragraph\">Puedes escuchar el podcast completo en&nbsp;<strong><a href=\"https:\/\/janafernandez.es\/espacios-saludables-anna-ferrer-soledat-berbegal\/\">aqu\u00ed<\/a><\/strong>. \u00a1No te lo pierdas!<\/p>\n\n\n\n<p class=\"wp-block-paragraph\">Si quieres saber m\u00e1s sobre este tema, te lo contamos en nuestro <strong><a href=\"https:\/\/cu4well.com\/\" type=\"link\" id=\"https:\/\/cu4well.com\/\">blog<\/a><\/strong>!<\/p>\n\n\n\n<p class=\"wp-block-paragraph\">Puedes enterarte de m\u00e1s cosas sobre nosotros pinchando <strong><a href=\"https:\/\/www.cu4arquitectura.com\/nosotros\/\">aqu<\/a>\u00ed.<\/strong><\/p>\n\n\n\n<p class=\"wp-block-paragraph\">\u00a1Hasta la pr\u00f3xima entrevista!<\/p>\n","protected":false},"excerpt":{"rendered":"<p>\u00a1Hola!&nbsp;Nos han hecho una entrevista para el podcast de Jana Fern\u00e1ndez, en la que hablamos sobre &#8220;ESPACIOS SALUDABLES QUE CUIDAN DE NUESTRO BIENESTAR&#8221;. Foto &#8220;Espacios saludables&#8221; Podcast Jana Fern\u00e1ndez&nbsp; En ella hablamos de los espacios saludables, \u00a1porque son mucho m\u00e1s que incluir placas solares en la cubierta!. Entre otras muchas cosas, cuando hablamos de dise\u00f1ar [&hellip;]<\/p>\n","protected":false},"author":6,"featured_media":3056,"comment_status":"closed","ping_status":"closed","sticky":false,"template":"","format":"standard","meta":{"_acf_changed":false,"footnotes":""},"categories":[6],"tags":[],"class_list":["post-8382","post","type-post","status-publish","format-standard","has-post-thumbnail","hentry","category-cu4"],"acf":[],"yoast_head":"<!-- This site is optimized with the Yoast SEO plugin v27.7 - https:\/\/yoast.com\/product\/yoast-seo-wordpress\/ -->\n<title>Espacios saludables. Podcast Jana Fern\u00e1ndez - CU4 Arquitectos en Valencia | Estudio de arquitectura<\/title>\n<meta name=\"robots\" content=\"index, follow, max-snippet:-1, max-image-preview:large, max-video-preview:-1\" \/>\n<link rel=\"canonical\" href=\"https:\/\/cu4arquitectura.com\/en\/2020\/12\/02\/espacios-saludables-podcast-jana-fernandez\/\" \/>\n<meta property=\"og:locale\" content=\"en_US\" \/>\n<meta property=\"og:type\" content=\"article\" \/>\n<meta property=\"og:title\" content=\"Espacios saludables. Podcast Jana Fern\u00e1ndez - CU4 Arquitectos en Valencia | Estudio de arquitectura\" \/>\n<meta property=\"og:description\" content=\"\u00a1Hola!&nbsp;Nos han hecho una entrevista para el podcast de Jana Fern\u00e1ndez, en la que hablamos sobre &#8220;ESPACIOS SALUDABLES QUE CUIDAN DE NUESTRO BIENESTAR&#8221;. Foto &#8220;Espacios saludables&#8221; Podcast Jana Fern\u00e1ndez&nbsp; En ella hablamos de los espacios saludables, \u00a1porque son mucho m\u00e1s que incluir placas solares en la cubierta!. Entre otras muchas cosas, cuando hablamos de dise\u00f1ar [&hellip;]\" \/>\n<meta property=\"og:url\" content=\"https:\/\/cu4arquitectura.com\/en\/2020\/12\/02\/espacios-saludables-podcast-jana-fernandez\/\" \/>\n<meta property=\"og:site_name\" content=\"CU4 Arquitectos en Valencia | Estudio de arquitectura\" \/>\n<meta property=\"article:published_time\" content=\"2020-12-02T18:53:16+00:00\" \/>\n<meta property=\"article:modified_time\" content=\"2026-08-03T08:12:44+00:00\" \/>\n<meta property=\"og:image\" content=\"https:\/\/cu4arquitectura.com\/wp-content\/uploads\/2024\/01\/1-1-300x300-2-300x300-1.jpg\" \/>\n\t<meta property=\"og:image:width\" content=\"300\" \/>\n\t<meta property=\"og:image:height\" content=\"300\" \/>\n\t<meta property=\"og:image:type\" content=\"image\/jpeg\" \/>\n<meta name=\"author\" content=\"marketing_cu4\" \/>\n<meta name=\"twitter:card\" content=\"summary_large_image\" \/>\n<meta name=\"twitter:label1\" content=\"Written by\" \/>\n\t<meta name=\"twitter:data1\" content=\"marketing_cu4\" \/>\n\t<meta name=\"twitter:label2\" content=\"Est. reading time\" \/>\n\t<meta name=\"twitter:data2\" content=\"2 minutes\" \/>\n<script type=\"application\/ld+json\" class=\"yoast-schema-graph\">{\"@context\":\"https:\\\/\\\/schema.org\",\"@graph\":[{\"@type\":\"Article\",\"@id\":\"https:\\\/\\\/cu4arquitectura.com\\\/en\\\/2020\\\/12\\\/02\\\/espacios-saludables-podcast-jana-fernandez\\\/#article\",\"isPartOf\":{\"@id\":\"https:\\\/\\\/cu4arquitectura.com\\\/en\\\/2020\\\/12\\\/02\\\/espacios-saludables-podcast-jana-fernandez\\\/\"},\"author\":{\"name\":\"marketing_cu4\",\"@id\":\"https:\\\/\\\/cu4arquitectura.com\\\/en\\\/#\\\/schema\\\/person\\\/c70ab576860f0d7b726bfddf9ac6bee1\"},\"headline\":\"Espacios saludables. Podcast Jana Fern\u00e1ndez\",\"datePublished\":\"2020-12-02T18:53:16+00:00\",\"dateModified\":\"2026-08-03T08:12:44+00:00\",\"mainEntityOfPage\":{\"@id\":\"https:\\\/\\\/cu4arquitectura.com\\\/en\\\/2020\\\/12\\\/02\\\/espacios-saludables-podcast-jana-fernandez\\\/\"},\"wordCount\":179,\"publisher\":{\"@id\":\"https:\\\/\\\/cu4arquitectura.com\\\/en\\\/#organization\"},\"image\":{\"@id\":\"https:\\\/\\\/cu4arquitectura.com\\\/en\\\/2020\\\/12\\\/02\\\/espacios-saludables-podcast-jana-fernandez\\\/#primaryimage\"},\"thumbnailUrl\":\"https:\\\/\\\/cu4arquitectura.com\\\/wp-content\\\/uploads\\\/2024\\\/01\\\/1-1-300x300-2-300x300-1.jpg\",\"articleSection\":[\"CU4 Arquitectura\"],\"inLanguage\":\"en-US\"},{\"@type\":\"WebPage\",\"@id\":\"https:\\\/\\\/cu4arquitectura.com\\\/en\\\/2020\\\/12\\\/02\\\/espacios-saludables-podcast-jana-fernandez\\\/\",\"url\":\"https:\\\/\\\/cu4arquitectura.com\\\/en\\\/2020\\\/12\\\/02\\\/espacios-saludables-podcast-jana-fernandez\\\/\",\"name\":\"Espacios saludables. Podcast Jana Fern\u00e1ndez - CU4 Arquitectos en Valencia | Estudio de arquitectura\",\"isPartOf\":{\"@id\":\"https:\\\/\\\/cu4arquitectura.com\\\/en\\\/#website\"},\"primaryImageOfPage\":{\"@id\":\"https:\\\/\\\/cu4arquitectura.com\\\/en\\\/2020\\\/12\\\/02\\\/espacios-saludables-podcast-jana-fernandez\\\/#primaryimage\"},\"image\":{\"@id\":\"https:\\\/\\\/cu4arquitectura.com\\\/en\\\/2020\\\/12\\\/02\\\/espacios-saludables-podcast-jana-fernandez\\\/#primaryimage\"},\"thumbnailUrl\":\"https:\\\/\\\/cu4arquitectura.com\\\/wp-content\\\/uploads\\\/2024\\\/01\\\/1-1-300x300-2-300x300-1.jpg\",\"datePublished\":\"2020-12-02T18:53:16+00:00\",\"dateModified\":\"2026-08-03T08:12:44+00:00\",\"breadcrumb\":{\"@id\":\"https:\\\/\\\/cu4arquitectura.com\\\/en\\\/2020\\\/12\\\/02\\\/espacios-saludables-podcast-jana-fernandez\\\/#breadcrumb\"},\"inLanguage\":\"en-US\",\"potentialAction\":[{\"@type\":\"ReadAction\",\"target\":[\"https:\\\/\\\/cu4arquitectura.com\\\/en\\\/2020\\\/12\\\/02\\\/espacios-saludables-podcast-jana-fernandez\\\/\"]}]},{\"@type\":\"ImageObject\",\"inLanguage\":\"en-US\",\"@id\":\"https:\\\/\\\/cu4arquitectura.com\\\/en\\\/2020\\\/12\\\/02\\\/espacios-saludables-podcast-jana-fernandez\\\/#primaryimage\",\"url\":\"https:\\\/\\\/cu4arquitectura.com\\\/wp-content\\\/uploads\\\/2024\\\/01\\\/1-1-300x300-2-300x300-1.jpg\",\"contentUrl\":\"https:\\\/\\\/cu4arquitectura.com\\\/wp-content\\\/uploads\\\/2024\\\/01\\\/1-1-300x300-2-300x300-1.jpg\",\"width\":300,\"height\":300},{\"@type\":\"BreadcrumbList\",\"@id\":\"https:\\\/\\\/cu4arquitectura.com\\\/en\\\/2020\\\/12\\\/02\\\/espacios-saludables-podcast-jana-fernandez\\\/#breadcrumb\",\"itemListElement\":[{\"@type\":\"ListItem\",\"position\":1,\"name\":\"Portada\",\"item\":\"https:\\\/\\\/cu4arquitectura.com\\\/en\\\/\"},{\"@type\":\"ListItem\",\"position\":2,\"name\":\"Espacios saludables. Podcast Jana Fern\u00e1ndez\"}]},{\"@type\":\"WebSite\",\"@id\":\"https:\\\/\\\/cu4arquitectura.com\\\/en\\\/#website\",\"url\":\"https:\\\/\\\/cu4arquitectura.com\\\/en\\\/\",\"name\":\"CU4 Arquitectos en Valencia | Estudio de arquitectura\",\"description\":\"Arquitectos en Valencia | Especializados en espacios a medida para empresas y particulares, dise\u00f1ados para tu bienestar\",\"publisher\":{\"@id\":\"https:\\\/\\\/cu4arquitectura.com\\\/en\\\/#organization\"},\"potentialAction\":[{\"@type\":\"SearchAction\",\"target\":{\"@type\":\"EntryPoint\",\"urlTemplate\":\"https:\\\/\\\/cu4arquitectura.com\\\/en\\\/?s={search_term_string}\"},\"query-input\":{\"@type\":\"PropertyValueSpecification\",\"valueRequired\":true,\"valueName\":\"search_term_string\"}}],\"inLanguage\":\"en-US\"},{\"@type\":\"Organization\",\"@id\":\"https:\\\/\\\/cu4arquitectura.com\\\/en\\\/#organization\",\"name\":\"CU4 Arquitectos en Valencia | Estudio de arquitectura\",\"url\":\"https:\\\/\\\/cu4arquitectura.com\\\/en\\\/\",\"logo\":{\"@type\":\"ImageObject\",\"inLanguage\":\"en-US\",\"@id\":\"https:\\\/\\\/cu4arquitectura.com\\\/en\\\/#\\\/schema\\\/logo\\\/image\\\/\",\"url\":\"https:\\\/\\\/cu4arquitectura.com\\\/wp-content\\\/uploads\\\/2024\\\/01\\\/LOGO_CU4_original.svg\",\"contentUrl\":\"https:\\\/\\\/cu4arquitectura.com\\\/wp-content\\\/uploads\\\/2024\\\/01\\\/LOGO_CU4_original.svg\",\"width\":841,\"height\":595,\"caption\":\"CU4 Arquitectos en Valencia | Estudio de arquitectura\"},\"image\":{\"@id\":\"https:\\\/\\\/cu4arquitectura.com\\\/en\\\/#\\\/schema\\\/logo\\\/image\\\/\"}},{\"@type\":\"Person\",\"@id\":\"https:\\\/\\\/cu4arquitectura.com\\\/en\\\/#\\\/schema\\\/person\\\/c70ab576860f0d7b726bfddf9ac6bee1\",\"name\":\"marketing_cu4\",\"image\":{\"@type\":\"ImageObject\",\"inLanguage\":\"en-US\",\"@id\":\"https:\\\/\\\/secure.gravatar.com\\\/avatar\\\/86c48ef7b9c98ce2ab81227e90f4c26e83b56be50938c9107f0d7c330300c639?s=96&d=mm&r=g\",\"url\":\"https:\\\/\\\/secure.gravatar.com\\\/avatar\\\/86c48ef7b9c98ce2ab81227e90f4c26e83b56be50938c9107f0d7c330300c639?s=96&d=mm&r=g\",\"contentUrl\":\"https:\\\/\\\/secure.gravatar.com\\\/avatar\\\/86c48ef7b9c98ce2ab81227e90f4c26e83b56be50938c9107f0d7c330300c639?s=96&d=mm&r=g\",\"caption\":\"marketing_cu4\"},\"url\":\"https:\\\/\\\/cu4arquitectura.com\\\/en\\\/author\\\/marketing_cu4\\\/\"}]}<\/script>\n<!-- \/ Yoast SEO plugin. -->","yoast_head_json":{"title":"Espacios saludables. Podcast Jana Fern\u00e1ndez - CU4 Arquitectos en Valencia | Estudio de arquitectura","robots":{"index":"index","follow":"follow","max-snippet":"max-snippet:-1","max-image-preview":"max-image-preview:large","max-video-preview":"max-video-preview:-1"},"canonical":"https:\/\/cu4arquitectura.com\/en\/2020\/12\/02\/espacios-saludables-podcast-jana-fernandez\/","og_locale":"en_US","og_type":"article","og_title":"Espacios saludables. Podcast Jana Fern\u00e1ndez - CU4 Arquitectos en Valencia | Estudio de arquitectura","og_description":"\u00a1Hola!&nbsp;Nos han hecho una entrevista para el podcast de Jana Fern\u00e1ndez, en la que hablamos sobre &#8220;ESPACIOS SALUDABLES QUE CUIDAN DE NUESTRO BIENESTAR&#8221;. Foto &#8220;Espacios saludables&#8221; Podcast Jana Fern\u00e1ndez&nbsp; En ella hablamos de los espacios saludables, \u00a1porque son mucho m\u00e1s que incluir placas solares en la cubierta!. Entre otras muchas cosas, cuando hablamos de dise\u00f1ar [&hellip;]","og_url":"https:\/\/cu4arquitectura.com\/en\/2020\/12\/02\/espacios-saludables-podcast-jana-fernandez\/","og_site_name":"CU4 Arquitectos en Valencia | Estudio de arquitectura","article_published_time":"2020-12-02T18:53:16+00:00","article_modified_time":"2026-08-03T08:12:44+00:00","og_image":[{"width":300,"height":300,"url":"https:\/\/cu4arquitectura.com\/wp-content\/uploads\/2024\/01\/1-1-300x300-2-300x300-1.jpg","type":"image\/jpeg"}],"author":"marketing_cu4","twitter_card":"summary_large_image","twitter_misc":{"Written by":"marketing_cu4","Est. reading time":"2 minutes"},"schema":{"@context":"https:\/\/schema.org","@graph":[{"@type":"Article","@id":"https:\/\/cu4arquitectura.com\/en\/2020\/12\/02\/espacios-saludables-podcast-jana-fernandez\/#article","isPartOf":{"@id":"https:\/\/cu4arquitectura.com\/en\/2020\/12\/02\/espacios-saludables-podcast-jana-fernandez\/"},"author":{"name":"marketing_cu4","@id":"https:\/\/cu4arquitectura.com\/en\/#\/schema\/person\/c70ab576860f0d7b726bfddf9ac6bee1"},"headline":"Espacios saludables. Podcast Jana Fern\u00e1ndez","datePublished":"2020-12-02T18:53:16+00:00","dateModified":"2026-08-03T08:12:44+00:00","mainEntityOfPage":{"@id":"https:\/\/cu4arquitectura.com\/en\/2020\/12\/02\/espacios-saludables-podcast-jana-fernandez\/"},"wordCount":179,"publisher":{"@id":"https:\/\/cu4arquitectura.com\/en\/#organization"},"image":{"@id":"https:\/\/cu4arquitectura.com\/en\/2020\/12\/02\/espacios-saludables-podcast-jana-fernandez\/#primaryimage"},"thumbnailUrl":"https:\/\/cu4arquitectura.com\/wp-content\/uploads\/2024\/01\/1-1-300x300-2-300x300-1.jpg","articleSection":["CU4 Arquitectura"],"inLanguage":"en-US"},{"@type":"WebPage","@id":"https:\/\/cu4arquitectura.com\/en\/2020\/12\/02\/espacios-saludables-podcast-jana-fernandez\/","url":"https:\/\/cu4arquitectura.com\/en\/2020\/12\/02\/espacios-saludables-podcast-jana-fernandez\/","name":"Espacios saludables. Podcast Jana Fern\u00e1ndez - CU4 Arquitectos en Valencia | Estudio de arquitectura","isPartOf":{"@id":"https:\/\/cu4arquitectura.com\/en\/#website"},"primaryImageOfPage":{"@id":"https:\/\/cu4arquitectura.com\/en\/2020\/12\/02\/espacios-saludables-podcast-jana-fernandez\/#primaryimage"},"image":{"@id":"https:\/\/cu4arquitectura.com\/en\/2020\/12\/02\/espacios-saludables-podcast-jana-fernandez\/#primaryimage"},"thumbnailUrl":"https:\/\/cu4arquitectura.com\/wp-content\/uploads\/2024\/01\/1-1-300x300-2-300x300-1.jpg","datePublished":"2020-12-02T18:53:16+00:00","dateModified":"2026-08-03T08:12:44+00:00","breadcrumb":{"@id":"https:\/\/cu4arquitectura.com\/en\/2020\/12\/02\/espacios-saludables-podcast-jana-fernandez\/#breadcrumb"},"inLanguage":"en-US","potentialAction":[{"@type":"ReadAction","target":["https:\/\/cu4arquitectura.com\/en\/2020\/12\/02\/espacios-saludables-podcast-jana-fernandez\/"]}]},{"@type":"ImageObject","inLanguage":"en-US","@id":"https:\/\/cu4arquitectura.com\/en\/2020\/12\/02\/espacios-saludables-podcast-jana-fernandez\/#primaryimage","url":"https:\/\/cu4arquitectura.com\/wp-content\/uploads\/2024\/01\/1-1-300x300-2-300x300-1.jpg","contentUrl":"https:\/\/cu4arquitectura.com\/wp-content\/uploads\/2024\/01\/1-1-300x300-2-300x300-1.jpg","width":300,"height":300},{"@type":"BreadcrumbList","@id":"https:\/\/cu4arquitectura.com\/en\/2020\/12\/02\/espacios-saludables-podcast-jana-fernandez\/#breadcrumb","itemListElement":[{"@type":"ListItem","position":1,"name":"Portada","item":"https:\/\/cu4arquitectura.com\/en\/"},{"@type":"ListItem","position":2,"name":"Espacios saludables. Podcast Jana Fern\u00e1ndez"}]},{"@type":"WebSite","@id":"https:\/\/cu4arquitectura.com\/en\/#website","url":"https:\/\/cu4arquitectura.com\/en\/","name":"CU4 Arquitectos en Valencia | Estudio de arquitectura","description":"Arquitectos en Valencia | Especializados en espacios a medida para empresas y particulares, dise\u00f1ados para tu bienestar","publisher":{"@id":"https:\/\/cu4arquitectura.com\/en\/#organization"},"potentialAction":[{"@type":"SearchAction","target":{"@type":"EntryPoint","urlTemplate":"https:\/\/cu4arquitectura.com\/en\/?s={search_term_string}"},"query-input":{"@type":"PropertyValueSpecification","valueRequired":true,"valueName":"search_term_string"}}],"inLanguage":"en-US"},{"@type":"Organization","@id":"https:\/\/cu4arquitectura.com\/en\/#organization","name":"CU4 Arquitectos en Valencia | Estudio de arquitectura","url":"https:\/\/cu4arquitectura.com\/en\/","logo":{"@type":"ImageObject","inLanguage":"en-US","@id":"https:\/\/cu4arquitectura.com\/en\/#\/schema\/logo\/image\/","url":"https:\/\/cu4arquitectura.com\/wp-content\/uploads\/2024\/01\/LOGO_CU4_original.svg","contentUrl":"https:\/\/cu4arquitectura.com\/wp-content\/uploads\/2024\/01\/LOGO_CU4_original.svg","width":841,"height":595,"caption":"CU4 Arquitectos en Valencia | Estudio de arquitectura"},"image":{"@id":"https:\/\/cu4arquitectura.com\/en\/#\/schema\/logo\/image\/"}},{"@type":"Person","@id":"https:\/\/cu4arquitectura.com\/en\/#\/schema\/person\/c70ab576860f0d7b726bfddf9ac6bee1","name":"marketing_cu4","image":{"@type":"ImageObject","inLanguage":"en-US","@id":"https:\/\/secure.gravatar.com\/avatar\/86c48ef7b9c98ce2ab81227e90f4c26e83b56be50938c9107f0d7c330300c639?s=96&d=mm&r=g","url":"https:\/\/secure.gravatar.com\/avatar\/86c48ef7b9c98ce2ab81227e90f4c26e83b56be50938c9107f0d7c330300c639?s=96&d=mm&r=g","contentUrl":"https:\/\/secure.gravatar.com\/avatar\/86c48ef7b9c98ce2ab81227e90f4c26e83b56be50938c9107f0d7c330300c639?s=96&d=mm&r=g","caption":"marketing_cu4"},"url":"https:\/\/cu4arquitectura.com\/en\/author\/marketing_cu4\/"}]}},"_links":{"self":[{"href":"https:\/\/cu4arquitectura.com\/en\/wp-json\/wp\/v2\/posts\/8382","targetHints":{"allow":["GET"]}}],"collection":[{"href":"https:\/\/cu4arquitectura.com\/en\/wp-json\/wp\/v2\/posts"}],"about":[{"href":"https:\/\/cu4arquitectura.com\/en\/wp-json\/wp\/v2\/types\/post"}],"author":[{"embeddable":true,"href":"https:\/\/cu4arquitectura.com\/en\/wp-json\/wp\/v2\/users\/6"}],"replies":[{"embeddable":true,"href":"https:\/\/cu4arquitectura.com\/en\/wp-json\/wp\/v2\/comments?post=8382"}],"version-history":[{"count":2,"href":"https:\/\/cu4arquitectura.com\/en\/wp-json\/wp\/v2\/posts\/8382\/revisions"}],"predecessor-version":[{"id":9508,"href":"https:\/\/cu4arquitectura.com\/en\/wp-json\/wp\/v2\/posts\/8382\/revisions\/9508"}],"wp:featuredmedia":[{"embeddable":true,"href":"https:\/\/cu4arquitectura.com\/en\/wp-json\/wp\/v2\/media\/3056"}],"wp:attachment":[{"href":"https:\/\/cu4arquitectura.com\/en\/wp-json\/wp\/v2\/media?parent=8382"}],"wp:term":[{"taxonomy":"category","embeddable":true,"href":"https:\/\/cu4arquitectura.com\/en\/wp-json\/wp\/v2\/categories?post=8382"},{"taxonomy":"post_tag","embeddable":true,"href":"https:\/\/cu4arquitectura.com\/en\/wp-json\/wp\/v2\/tags?post=8382"}],"curies":[{"name":"wp","href":"https:\/\/api.w.org\/{rel}","templated":true}]}}