{"id":8379,"date":"2022-02-02T18:41:42","date_gmt":"2022-02-02T18:41:42","guid":{"rendered":"https:\/\/cu4arquitectura.com\/?p=8379"},"modified":"2025-02-17T08:54:37","modified_gmt":"2025-02-17T08:54:37","slug":"diseno-para-la-salud-y-el-bienestar-de-las-personas","status":"publish","type":"post","link":"https:\/\/cu4arquitectura.com\/en\/2022\/02\/02\/diseno-para-la-salud-y-el-bienestar-de-las-personas\/","title":{"rendered":"Dise\u00f1o para la salud y el bienestar de las personas"},"content":{"rendered":"\n<p class=\"wp-block-paragraph\">Estamos muy contentos de haber participado en la mesa redonda &#8220;Dise\u00f1o para la salud y el bienestar de las personas&#8221;.<\/p>\n\n\n\n<p class=\"wp-block-paragraph\">Much\u00edsimas gracias a Actiu por contar con nosotros para este encuentro tan enriquecedor, sobre la importancia de dise\u00f1ar espacios pensados desde el dise\u00f1o para la salud y el bienestar de las personas, en el Madrid Design Festival \u00a1Todo un honor!<\/p>\n\n\n\n<p class=\"wp-block-paragraph\">Pudimos compartir diferentes puntos de vista y seguir aprendiendo de los mejores compa\u00f1eros posibles: Jana Fern\u00e1ndez,&nbsp;Bieito Silva, y Pablo Mu\u00f1oz, con el foco en el mundo del bienestar. Porque dise\u00f1ar espacios que te cuidan es posible, sostenible, rentable y m\u00e1s que nunca NECESARIO.<\/p>\n\n\n\n<p class=\"wp-block-paragraph\">Todo&nbsp;esto fue gracias a Soledat Berbegal y Vince Berbegal, los mejores anfitriones en el showroom.<\/p>\n\n\n\n<figure class=\"wp-block-image\"><img decoding=\"async\" src=\"https:\/\/cu4arquitectura.com\/wp-content\/uploads\/2024\/01\/1_IMG_6018_Eva-Casado_Studio-1024x681-1.jpg\" alt=\"Ponencia en mesa redonda Anna Ferrer\"\/><\/figure>\n\n\n\n<figure class=\"wp-block-image\"><img decoding=\"async\" src=\"https:\/\/cu4arquitectura.com\/wp-content\/uploads\/2024\/01\/2_IMG_5442_Eva-Casado_Studio-1024x681-1.jpg\" alt=\"Mesa redonda sobre el dise\u00f1o para la salud y el bienestar de las personas\"\/><\/figure>\n\n\n\n<figure class=\"wp-block-image\"><img decoding=\"async\" src=\"https:\/\/cu4arquitectura.com\/wp-content\/uploads\/2024\/01\/2_IMG_6324_Eva-Casado_Studio-1024x681-1.jpg\" alt=\"Todos los ponentes mesa redonda sobre el dise\u00f1o para la salud y el bienestar de las personas\"\/><\/figure>\n\n\n\n<figure class=\"wp-block-image\"><img decoding=\"async\" src=\"https:\/\/cu4arquitectura.com\/wp-content\/uploads\/2024\/01\/3_IMG_5556_Eva-Casado_Studio-1024x681-1.jpg\" alt=\"Charla frente al p\u00fablico en el showroom de Actiu \"\/><\/figure>\n\n\n\n<p class=\"wp-block-paragraph\"><em>Fotos Eva Casado Estudio<\/em><\/p>\n\n\n\n<p class=\"wp-block-paragraph\">Si te lo perdiste y te apetece conocer un poco m\u00e1s sobre el bienestar, puedes volver a verlo&nbsp;&nbsp;<strong><a href=\"https:\/\/www.youtube.com\/watch?v=Cl84feubIP8\">aqu\u00ed<\/a><\/strong>. \u00a1No te lo pierdas!<\/p>\n\n\n\n<p class=\"wp-block-paragraph\">Si quieres leer el art\u00edculo que hicieron en la p\u00e1gina web de Actiu, entra <strong><a href=\"https:\/\/www.actiu.com\/es\/actualidad\/noticias\/diseno-para-la-salud-y-el-bienestar\/?utm_campaign=later-linkinbio-actiu_com&amp;utm_content=later-25009539&amp;utm_medium=social&amp;utm_source=linkin.bio\">aqu\u00ed<\/a><\/strong>. Al igual que en el peri\u00f3dico El Espa\u00f1ol, <strong><a href=\"https:\/\/www.elespanol.com\/enclave-ods\/historias\/20220304\/oficinas-bienestar-espana-disena-espacios-aumentar-rentabilidad\/654434970_0.html\">aqu\u00ed, <\/a><\/strong>y en el colegio de dise\u00f1adores, <a href=\"https:\/\/lacasaead.com\/diseno-de-espacios-para-mejorar-la-salud-y-el-bienestar-de-las-personas\/\"><strong>aqu\u00ed<\/strong>.<\/a><\/p>\n\n\n\n<p class=\"wp-block-paragraph\">Puedes enterarte de m\u00e1s cosas sobre nosotros pinchando <strong><a href=\"https:\/\/www.cu4arquitectura.com\/nosotros\/\">aqu<\/a>\u00ed.<\/strong><\/p>\n\n\n\n<p class=\"wp-block-paragraph\">\u00a1Hasta la pr\u00f3xima entrevista!<\/p>\n\n\n\n<p class=\"wp-block-paragraph\"><\/p>\n","protected":false},"excerpt":{"rendered":"<p>Estamos muy contentos de haber participado en la mesa redonda &#8220;Dise\u00f1o para la salud y el bienestar de las personas&#8221;. Much\u00edsimas gracias a Actiu por contar con nosotros para este encuentro tan enriquecedor, sobre la importancia de dise\u00f1ar espacios pensados desde el dise\u00f1o para la salud y el bienestar de las personas, en el Madrid [&hellip;]<\/p>\n","protected":false},"author":6,"featured_media":3058,"comment_status":"closed","ping_status":"closed","sticky":false,"template":"","format":"standard","meta":{"_acf_changed":false,"footnotes":""},"categories":[6],"tags":[],"class_list":["post-8379","post","type-post","status-publish","format-standard","has-post-thumbnail","hentry","category-cu4"],"acf":[],"yoast_head":"<!-- This site is optimized with the Yoast SEO plugin v27.7 - https:\/\/yoast.com\/product\/yoast-seo-wordpress\/ -->\n<title>Dise\u00f1o para la salud y el bienestar de las personas - CU4 Arquitectos en Valencia | Estudio de arquitectura<\/title>\n<meta name=\"robots\" content=\"index, follow, max-snippet:-1, max-image-preview:large, max-video-preview:-1\" \/>\n<link rel=\"canonical\" href=\"https:\/\/cu4arquitectura.com\/en\/2022\/02\/02\/diseno-para-la-salud-y-el-bienestar-de-las-personas\/\" \/>\n<meta property=\"og:locale\" content=\"en_US\" \/>\n<meta property=\"og:type\" content=\"article\" \/>\n<meta property=\"og:title\" content=\"Dise\u00f1o para la salud y el bienestar de las personas - CU4 Arquitectos en Valencia | Estudio de arquitectura\" \/>\n<meta property=\"og:description\" content=\"Estamos muy contentos de haber participado en la mesa redonda &#8220;Dise\u00f1o para la salud y el bienestar de las personas&#8221;. Much\u00edsimas gracias a Actiu por contar con nosotros para este encuentro tan enriquecedor, sobre la importancia de dise\u00f1ar espacios pensados desde el dise\u00f1o para la salud y el bienestar de las personas, en el Madrid [&hellip;]\" \/>\n<meta property=\"og:url\" content=\"https:\/\/cu4arquitectura.com\/en\/2022\/02\/02\/diseno-para-la-salud-y-el-bienestar-de-las-personas\/\" \/>\n<meta property=\"og:site_name\" content=\"CU4 Arquitectos en Valencia | Estudio de arquitectura\" \/>\n<meta property=\"article:published_time\" content=\"2022-02-02T18:41:42+00:00\" \/>\n<meta property=\"article:modified_time\" content=\"2025-02-17T08:54:37+00:00\" \/>\n<meta property=\"og:image\" content=\"https:\/\/cu4arquitectura.com\/wp-content\/uploads\/2024\/01\/1_IMG_6018_Eva-Casado_Studio-1024x681-1.jpg\" \/>\n\t<meta property=\"og:image:width\" content=\"1024\" \/>\n\t<meta property=\"og:image:height\" content=\"681\" \/>\n\t<meta property=\"og:image:type\" content=\"image\/jpeg\" \/>\n<meta name=\"author\" content=\"marketing_cu4\" \/>\n<meta name=\"twitter:card\" content=\"summary_large_image\" \/>\n<meta name=\"twitter:label1\" content=\"Written by\" \/>\n\t<meta name=\"twitter:data1\" content=\"marketing_cu4\" \/>\n\t<meta name=\"twitter:label2\" content=\"Est. reading time\" \/>\n\t<meta name=\"twitter:data2\" content=\"2 minutes\" \/>\n<script type=\"application\/ld+json\" class=\"yoast-schema-graph\">{\"@context\":\"https:\\\/\\\/schema.org\",\"@graph\":[{\"@type\":\"Article\",\"@id\":\"https:\\\/\\\/cu4arquitectura.com\\\/en\\\/2022\\\/02\\\/02\\\/diseno-para-la-salud-y-el-bienestar-de-las-personas\\\/#article\",\"isPartOf\":{\"@id\":\"https:\\\/\\\/cu4arquitectura.com\\\/en\\\/2022\\\/02\\\/02\\\/diseno-para-la-salud-y-el-bienestar-de-las-personas\\\/\"},\"author\":{\"name\":\"marketing_cu4\",\"@id\":\"https:\\\/\\\/cu4arquitectura.com\\\/en\\\/#\\\/schema\\\/person\\\/c70ab576860f0d7b726bfddf9ac6bee1\"},\"headline\":\"Dise\u00f1o para la salud y el bienestar de las personas\",\"datePublished\":\"2022-02-02T18:41:42+00:00\",\"dateModified\":\"2025-02-17T08:54:37+00:00\",\"mainEntityOfPage\":{\"@id\":\"https:\\\/\\\/cu4arquitectura.com\\\/en\\\/2022\\\/02\\\/02\\\/diseno-para-la-salud-y-el-bienestar-de-las-personas\\\/\"},\"wordCount\":223,\"publisher\":{\"@id\":\"https:\\\/\\\/cu4arquitectura.com\\\/en\\\/#organization\"},\"image\":{\"@id\":\"https:\\\/\\\/cu4arquitectura.com\\\/en\\\/2022\\\/02\\\/02\\\/diseno-para-la-salud-y-el-bienestar-de-las-personas\\\/#primaryimage\"},\"thumbnailUrl\":\"https:\\\/\\\/cu4arquitectura.com\\\/wp-content\\\/uploads\\\/2024\\\/01\\\/1_IMG_6018_Eva-Casado_Studio-1024x681-1.jpg\",\"articleSection\":[\"CU4 Arquitectura\"],\"inLanguage\":\"en-US\"},{\"@type\":\"WebPage\",\"@id\":\"https:\\\/\\\/cu4arquitectura.com\\\/en\\\/2022\\\/02\\\/02\\\/diseno-para-la-salud-y-el-bienestar-de-las-personas\\\/\",\"url\":\"https:\\\/\\\/cu4arquitectura.com\\\/en\\\/2022\\\/02\\\/02\\\/diseno-para-la-salud-y-el-bienestar-de-las-personas\\\/\",\"name\":\"Dise\u00f1o para la salud y el bienestar de las personas - CU4 Arquitectos en Valencia | Estudio de arquitectura\",\"isPartOf\":{\"@id\":\"https:\\\/\\\/cu4arquitectura.com\\\/en\\\/#website\"},\"primaryImageOfPage\":{\"@id\":\"https:\\\/\\\/cu4arquitectura.com\\\/en\\\/2022\\\/02\\\/02\\\/diseno-para-la-salud-y-el-bienestar-de-las-personas\\\/#primaryimage\"},\"image\":{\"@id\":\"https:\\\/\\\/cu4arquitectura.com\\\/en\\\/2022\\\/02\\\/02\\\/diseno-para-la-salud-y-el-bienestar-de-las-personas\\\/#primaryimage\"},\"thumbnailUrl\":\"https:\\\/\\\/cu4arquitectura.com\\\/wp-content\\\/uploads\\\/2024\\\/01\\\/1_IMG_6018_Eva-Casado_Studio-1024x681-1.jpg\",\"datePublished\":\"2022-02-02T18:41:42+00:00\",\"dateModified\":\"2025-02-17T08:54:37+00:00\",\"breadcrumb\":{\"@id\":\"https:\\\/\\\/cu4arquitectura.com\\\/en\\\/2022\\\/02\\\/02\\\/diseno-para-la-salud-y-el-bienestar-de-las-personas\\\/#breadcrumb\"},\"inLanguage\":\"en-US\",\"potentialAction\":[{\"@type\":\"ReadAction\",\"target\":[\"https:\\\/\\\/cu4arquitectura.com\\\/en\\\/2022\\\/02\\\/02\\\/diseno-para-la-salud-y-el-bienestar-de-las-personas\\\/\"]}]},{\"@type\":\"ImageObject\",\"inLanguage\":\"en-US\",\"@id\":\"https:\\\/\\\/cu4arquitectura.com\\\/en\\\/2022\\\/02\\\/02\\\/diseno-para-la-salud-y-el-bienestar-de-las-personas\\\/#primaryimage\",\"url\":\"https:\\\/\\\/cu4arquitectura.com\\\/wp-content\\\/uploads\\\/2024\\\/01\\\/1_IMG_6018_Eva-Casado_Studio-1024x681-1.jpg\",\"contentUrl\":\"https:\\\/\\\/cu4arquitectura.com\\\/wp-content\\\/uploads\\\/2024\\\/01\\\/1_IMG_6018_Eva-Casado_Studio-1024x681-1.jpg\",\"width\":1024,\"height\":681},{\"@type\":\"BreadcrumbList\",\"@id\":\"https:\\\/\\\/cu4arquitectura.com\\\/en\\\/2022\\\/02\\\/02\\\/diseno-para-la-salud-y-el-bienestar-de-las-personas\\\/#breadcrumb\",\"itemListElement\":[{\"@type\":\"ListItem\",\"position\":1,\"name\":\"Portada\",\"item\":\"https:\\\/\\\/cu4arquitectura.com\\\/en\\\/\"},{\"@type\":\"ListItem\",\"position\":2,\"name\":\"Dise\u00f1o para la salud y el bienestar de las personas\"}]},{\"@type\":\"WebSite\",\"@id\":\"https:\\\/\\\/cu4arquitectura.com\\\/en\\\/#website\",\"url\":\"https:\\\/\\\/cu4arquitectura.com\\\/en\\\/\",\"name\":\"CU4 Arquitectos en Valencia | Estudio de arquitectura\",\"description\":\"Arquitectos en Valencia | Especializados en espacios a medida para empresas y particulares, dise\u00f1ados para tu bienestar\",\"publisher\":{\"@id\":\"https:\\\/\\\/cu4arquitectura.com\\\/en\\\/#organization\"},\"potentialAction\":[{\"@type\":\"SearchAction\",\"target\":{\"@type\":\"EntryPoint\",\"urlTemplate\":\"https:\\\/\\\/cu4arquitectura.com\\\/en\\\/?s={search_term_string}\"},\"query-input\":{\"@type\":\"PropertyValueSpecification\",\"valueRequired\":true,\"valueName\":\"search_term_string\"}}],\"inLanguage\":\"en-US\"},{\"@type\":\"Organization\",\"@id\":\"https:\\\/\\\/cu4arquitectura.com\\\/en\\\/#organization\",\"name\":\"CU4 Arquitectos en Valencia | Estudio de arquitectura\",\"url\":\"https:\\\/\\\/cu4arquitectura.com\\\/en\\\/\",\"logo\":{\"@type\":\"ImageObject\",\"inLanguage\":\"en-US\",\"@id\":\"https:\\\/\\\/cu4arquitectura.com\\\/en\\\/#\\\/schema\\\/logo\\\/image\\\/\",\"url\":\"https:\\\/\\\/cu4arquitectura.com\\\/wp-content\\\/uploads\\\/2024\\\/01\\\/LOGO_CU4_original.svg\",\"contentUrl\":\"https:\\\/\\\/cu4arquitectura.com\\\/wp-content\\\/uploads\\\/2024\\\/01\\\/LOGO_CU4_original.svg\",\"width\":841,\"height\":595,\"caption\":\"CU4 Arquitectos en Valencia | Estudio de arquitectura\"},\"image\":{\"@id\":\"https:\\\/\\\/cu4arquitectura.com\\\/en\\\/#\\\/schema\\\/logo\\\/image\\\/\"}},{\"@type\":\"Person\",\"@id\":\"https:\\\/\\\/cu4arquitectura.com\\\/en\\\/#\\\/schema\\\/person\\\/c70ab576860f0d7b726bfddf9ac6bee1\",\"name\":\"marketing_cu4\",\"image\":{\"@type\":\"ImageObject\",\"inLanguage\":\"en-US\",\"@id\":\"https:\\\/\\\/secure.gravatar.com\\\/avatar\\\/86c48ef7b9c98ce2ab81227e90f4c26e83b56be50938c9107f0d7c330300c639?s=96&d=mm&r=g\",\"url\":\"https:\\\/\\\/secure.gravatar.com\\\/avatar\\\/86c48ef7b9c98ce2ab81227e90f4c26e83b56be50938c9107f0d7c330300c639?s=96&d=mm&r=g\",\"contentUrl\":\"https:\\\/\\\/secure.gravatar.com\\\/avatar\\\/86c48ef7b9c98ce2ab81227e90f4c26e83b56be50938c9107f0d7c330300c639?s=96&d=mm&r=g\",\"caption\":\"marketing_cu4\"},\"url\":\"https:\\\/\\\/cu4arquitectura.com\\\/en\\\/author\\\/marketing_cu4\\\/\"}]}<\/script>\n<!-- \/ Yoast SEO plugin. -->","yoast_head_json":{"title":"Dise\u00f1o para la salud y el bienestar de las personas - CU4 Arquitectos en Valencia | Estudio de arquitectura","robots":{"index":"index","follow":"follow","max-snippet":"max-snippet:-1","max-image-preview":"max-image-preview:large","max-video-preview":"max-video-preview:-1"},"canonical":"https:\/\/cu4arquitectura.com\/en\/2022\/02\/02\/diseno-para-la-salud-y-el-bienestar-de-las-personas\/","og_locale":"en_US","og_type":"article","og_title":"Dise\u00f1o para la salud y el bienestar de las personas - CU4 Arquitectos en Valencia | Estudio de arquitectura","og_description":"Estamos muy contentos de haber participado en la mesa redonda &#8220;Dise\u00f1o para la salud y el bienestar de las personas&#8221;. Much\u00edsimas gracias a Actiu por contar con nosotros para este encuentro tan enriquecedor, sobre la importancia de dise\u00f1ar espacios pensados desde el dise\u00f1o para la salud y el bienestar de las personas, en el Madrid [&hellip;]","og_url":"https:\/\/cu4arquitectura.com\/en\/2022\/02\/02\/diseno-para-la-salud-y-el-bienestar-de-las-personas\/","og_site_name":"CU4 Arquitectos en Valencia | Estudio de arquitectura","article_published_time":"2022-02-02T18:41:42+00:00","article_modified_time":"2025-02-17T08:54:37+00:00","og_image":[{"width":1024,"height":681,"url":"https:\/\/cu4arquitectura.com\/wp-content\/uploads\/2024\/01\/1_IMG_6018_Eva-Casado_Studio-1024x681-1.jpg","type":"image\/jpeg"}],"author":"marketing_cu4","twitter_card":"summary_large_image","twitter_misc":{"Written by":"marketing_cu4","Est. reading time":"2 minutes"},"schema":{"@context":"https:\/\/schema.org","@graph":[{"@type":"Article","@id":"https:\/\/cu4arquitectura.com\/en\/2022\/02\/02\/diseno-para-la-salud-y-el-bienestar-de-las-personas\/#article","isPartOf":{"@id":"https:\/\/cu4arquitectura.com\/en\/2022\/02\/02\/diseno-para-la-salud-y-el-bienestar-de-las-personas\/"},"author":{"name":"marketing_cu4","@id":"https:\/\/cu4arquitectura.com\/en\/#\/schema\/person\/c70ab576860f0d7b726bfddf9ac6bee1"},"headline":"Dise\u00f1o para la salud y el bienestar de las personas","datePublished":"2022-02-02T18:41:42+00:00","dateModified":"2025-02-17T08:54:37+00:00","mainEntityOfPage":{"@id":"https:\/\/cu4arquitectura.com\/en\/2022\/02\/02\/diseno-para-la-salud-y-el-bienestar-de-las-personas\/"},"wordCount":223,"publisher":{"@id":"https:\/\/cu4arquitectura.com\/en\/#organization"},"image":{"@id":"https:\/\/cu4arquitectura.com\/en\/2022\/02\/02\/diseno-para-la-salud-y-el-bienestar-de-las-personas\/#primaryimage"},"thumbnailUrl":"https:\/\/cu4arquitectura.com\/wp-content\/uploads\/2024\/01\/1_IMG_6018_Eva-Casado_Studio-1024x681-1.jpg","articleSection":["CU4 Arquitectura"],"inLanguage":"en-US"},{"@type":"WebPage","@id":"https:\/\/cu4arquitectura.com\/en\/2022\/02\/02\/diseno-para-la-salud-y-el-bienestar-de-las-personas\/","url":"https:\/\/cu4arquitectura.com\/en\/2022\/02\/02\/diseno-para-la-salud-y-el-bienestar-de-las-personas\/","name":"Dise\u00f1o para la salud y el bienestar de las personas - CU4 Arquitectos en Valencia | Estudio de arquitectura","isPartOf":{"@id":"https:\/\/cu4arquitectura.com\/en\/#website"},"primaryImageOfPage":{"@id":"https:\/\/cu4arquitectura.com\/en\/2022\/02\/02\/diseno-para-la-salud-y-el-bienestar-de-las-personas\/#primaryimage"},"image":{"@id":"https:\/\/cu4arquitectura.com\/en\/2022\/02\/02\/diseno-para-la-salud-y-el-bienestar-de-las-personas\/#primaryimage"},"thumbnailUrl":"https:\/\/cu4arquitectura.com\/wp-content\/uploads\/2024\/01\/1_IMG_6018_Eva-Casado_Studio-1024x681-1.jpg","datePublished":"2022-02-02T18:41:42+00:00","dateModified":"2025-02-17T08:54:37+00:00","breadcrumb":{"@id":"https:\/\/cu4arquitectura.com\/en\/2022\/02\/02\/diseno-para-la-salud-y-el-bienestar-de-las-personas\/#breadcrumb"},"inLanguage":"en-US","potentialAction":[{"@type":"ReadAction","target":["https:\/\/cu4arquitectura.com\/en\/2022\/02\/02\/diseno-para-la-salud-y-el-bienestar-de-las-personas\/"]}]},{"@type":"ImageObject","inLanguage":"en-US","@id":"https:\/\/cu4arquitectura.com\/en\/2022\/02\/02\/diseno-para-la-salud-y-el-bienestar-de-las-personas\/#primaryimage","url":"https:\/\/cu4arquitectura.com\/wp-content\/uploads\/2024\/01\/1_IMG_6018_Eva-Casado_Studio-1024x681-1.jpg","contentUrl":"https:\/\/cu4arquitectura.com\/wp-content\/uploads\/2024\/01\/1_IMG_6018_Eva-Casado_Studio-1024x681-1.jpg","width":1024,"height":681},{"@type":"BreadcrumbList","@id":"https:\/\/cu4arquitectura.com\/en\/2022\/02\/02\/diseno-para-la-salud-y-el-bienestar-de-las-personas\/#breadcrumb","itemListElement":[{"@type":"ListItem","position":1,"name":"Portada","item":"https:\/\/cu4arquitectura.com\/en\/"},{"@type":"ListItem","position":2,"name":"Dise\u00f1o para la salud y el bienestar de las personas"}]},{"@type":"WebSite","@id":"https:\/\/cu4arquitectura.com\/en\/#website","url":"https:\/\/cu4arquitectura.com\/en\/","name":"CU4 Arquitectos en Valencia | Estudio de arquitectura","description":"Arquitectos en Valencia | Especializados en espacios a medida para empresas y particulares, dise\u00f1ados para tu bienestar","publisher":{"@id":"https:\/\/cu4arquitectura.com\/en\/#organization"},"potentialAction":[{"@type":"SearchAction","target":{"@type":"EntryPoint","urlTemplate":"https:\/\/cu4arquitectura.com\/en\/?s={search_term_string}"},"query-input":{"@type":"PropertyValueSpecification","valueRequired":true,"valueName":"search_term_string"}}],"inLanguage":"en-US"},{"@type":"Organization","@id":"https:\/\/cu4arquitectura.com\/en\/#organization","name":"CU4 Arquitectos en Valencia | Estudio de arquitectura","url":"https:\/\/cu4arquitectura.com\/en\/","logo":{"@type":"ImageObject","inLanguage":"en-US","@id":"https:\/\/cu4arquitectura.com\/en\/#\/schema\/logo\/image\/","url":"https:\/\/cu4arquitectura.com\/wp-content\/uploads\/2024\/01\/LOGO_CU4_original.svg","contentUrl":"https:\/\/cu4arquitectura.com\/wp-content\/uploads\/2024\/01\/LOGO_CU4_original.svg","width":841,"height":595,"caption":"CU4 Arquitectos en Valencia | Estudio de arquitectura"},"image":{"@id":"https:\/\/cu4arquitectura.com\/en\/#\/schema\/logo\/image\/"}},{"@type":"Person","@id":"https:\/\/cu4arquitectura.com\/en\/#\/schema\/person\/c70ab576860f0d7b726bfddf9ac6bee1","name":"marketing_cu4","image":{"@type":"ImageObject","inLanguage":"en-US","@id":"https:\/\/secure.gravatar.com\/avatar\/86c48ef7b9c98ce2ab81227e90f4c26e83b56be50938c9107f0d7c330300c639?s=96&d=mm&r=g","url":"https:\/\/secure.gravatar.com\/avatar\/86c48ef7b9c98ce2ab81227e90f4c26e83b56be50938c9107f0d7c330300c639?s=96&d=mm&r=g","contentUrl":"https:\/\/secure.gravatar.com\/avatar\/86c48ef7b9c98ce2ab81227e90f4c26e83b56be50938c9107f0d7c330300c639?s=96&d=mm&r=g","caption":"marketing_cu4"},"url":"https:\/\/cu4arquitectura.com\/en\/author\/marketing_cu4\/"}]}},"_links":{"self":[{"href":"https:\/\/cu4arquitectura.com\/en\/wp-json\/wp\/v2\/posts\/8379","targetHints":{"allow":["GET"]}}],"collection":[{"href":"https:\/\/cu4arquitectura.com\/en\/wp-json\/wp\/v2\/posts"}],"about":[{"href":"https:\/\/cu4arquitectura.com\/en\/wp-json\/wp\/v2\/types\/post"}],"author":[{"embeddable":true,"href":"https:\/\/cu4arquitectura.com\/en\/wp-json\/wp\/v2\/users\/6"}],"replies":[{"embeddable":true,"href":"https:\/\/cu4arquitectura.com\/en\/wp-json\/wp\/v2\/comments?post=8379"}],"version-history":[{"count":1,"href":"https:\/\/cu4arquitectura.com\/en\/wp-json\/wp\/v2\/posts\/8379\/revisions"}],"predecessor-version":[{"id":8381,"href":"https:\/\/cu4arquitectura.com\/en\/wp-json\/wp\/v2\/posts\/8379\/revisions\/8381"}],"wp:featuredmedia":[{"embeddable":true,"href":"https:\/\/cu4arquitectura.com\/en\/wp-json\/wp\/v2\/media\/3058"}],"wp:attachment":[{"href":"https:\/\/cu4arquitectura.com\/en\/wp-json\/wp\/v2\/media?parent=8379"}],"wp:term":[{"taxonomy":"category","embeddable":true,"href":"https:\/\/cu4arquitectura.com\/en\/wp-json\/wp\/v2\/categories?post=8379"},{"taxonomy":"post_tag","embeddable":true,"href":"https:\/\/cu4arquitectura.com\/en\/wp-json\/wp\/v2\/tags?post=8379"}],"curies":[{"name":"wp","href":"https:\/\/api.w.org\/{rel}","templated":true}]}}