{"id":8336,"date":"2024-12-07T15:59:16","date_gmt":"2024-12-07T15:59:16","guid":{"rendered":"https:\/\/cu4arquitectura.com\/?p=8336"},"modified":"2024-12-07T16:10:41","modified_gmt":"2024-12-07T16:10:41","slug":"luz-sin-ruido","status":"publish","type":"post","link":"https:\/\/cu4arquitectura.com\/en\/2024\/12\/07\/luz-sin-ruido\/","title":{"rendered":"Luz sin Ruido"},"content":{"rendered":"\t\t<div data-elementor-type=\"wp-post\" data-elementor-id=\"8336\" class=\"elementor elementor-8336\" data-elementor-post-type=\"post\">\n\t\t\t\t<div class=\"elementor-element elementor-element-18e6d56 e-flex e-con-boxed e-con e-parent\" data-id=\"18e6d56\" data-element_type=\"container\" data-e-type=\"container\">\n\t\t\t\t\t<div class=\"e-con-inner\">\n\t\t\t\t<div class=\"elementor-element elementor-element-20faa9b elementor-widget elementor-widget-text-editor\" data-id=\"20faa9b\" data-element_type=\"widget\" data-e-type=\"widget\" data-widget_type=\"text-editor.default\">\n\t\t\t\t<div class=\"elementor-widget-container\">\n\t\t\t\t\t\t\t\t\t<div>Para nosotros el concepto de \u201cluz sin ruido\u201d en arquitectura, implica la creaci\u00f3n de espacios donde la iluminaci\u00f3n es capaz de promover claridad, calma y funcionalidad, sin elementos visuales, ac\u00fasticos o emocionales que distraigan o afecten negativamente.<\/div><div>\u00a0<\/div><div>Este concepto combina varias dimensiones del dise\u00f1o para alcanzar el bienestar f\u00edsico, emocional y social. Aqu\u00ed sus posibles significados:<br \/><br \/>1. Luz como elemento principal: claridad y bienestar<br \/><br \/>La luz natural juega un papel esencial en la arquitectura del bienestar, ya que regula los ritmos circadianos, mejora el estado de \u00e1nimo y fomenta la salud visual.<br \/>\u2022 \u201cLuz sin ruido\u201d implica luz natural abundante, equilibrada y sin interrupciones visuales o sensoriales. Esto puede traducirse en:<br \/>\u2022 Ventanas amplias y estrat\u00e9gicamente ubicadas para maximizar la entrada de luz sin deslumbramientos.<br \/>\u2022 Uso de vidrios tratados para evitar reflejos excesivos o calor innecesario.<br \/>\u2022 Dise\u00f1o que evita la contaminaci\u00f3n lum\u00ednica, tanto interna como externa.<br \/><br \/>Impacto f\u00edsico: Mejora de la salud f\u00edsica al facilitar la sincronizaci\u00f3n del reloj biol\u00f3gico.<br \/>Impacto mental: Reducci\u00f3n del estr\u00e9s, mejora de la concentraci\u00f3n y el estado de \u00e1nimo.<br \/><br \/>2. Reducci\u00f3n del \u201cruido\u201d visual<br \/><br \/>En este contexto, el \u201cruido\u201d puede referirse a cualquier elemento visual que distraiga o genere incomodidad:<br \/>\u2022 Sobrecarga visual: Espacios demasiado saturados de detalles, texturas o colores que compiten entre s\u00ed.<br \/>\u2022 Interrupciones en la iluminaci\u00f3n: Sombras duras o contrastes extremos que dificultan la percepci\u00f3n de tranquilidad.<br \/>\u2022 Exceso de elementos tecnol\u00f3gicos: Pantallas o luces artificiales mal ubicadas que crean distracciones o interfieren con la funci\u00f3n del espacio.<br \/><br \/>\u201cLuz sin ruido\u201d en este sentido ser\u00eda una iluminaci\u00f3n limpia y funcional, que permita al usuario sentirse en calma y enfocado.<br \/><br \/>3. Control ac\u00fastico para potenciar la experiencia de la luz<br \/><br \/>La luz y el sonido est\u00e1n profundamente interconectados en la percepci\u00f3n del espacio. Una iluminaci\u00f3n bien dise\u00f1ada pierde su impacto si el espacio est\u00e1 lleno de ruido ambiental:<br \/>\u2022 Uso de materiales que absorban el sonido (alfombras, paneles ac\u00fasticos, cortinas) para que los espacios sean tranquilos.<br \/>\u2022 Dise\u00f1ar para que la luz potencie la calma, evitando superficies muy reflectantes que puedan amplificar sonidos o crear ecos.<br \/><br \/>Esto asegura que la luz se perciba como una experiencia pura, no interrumpida por un ambiente ruidoso o ca\u00f3tico.<br \/><br \/>4. Bienestar social y luz sin ruido<br \/><br \/>El concepto tambi\u00e9n puede extenderse a c\u00f3mo la luz favorece la convivencia social:<br \/>\u2022 Espacios comunitarios donde la iluminaci\u00f3n fomente la interacci\u00f3n natural, sin distracciones ni incomodidades.<br \/>\u2022 Luz que unifica, en lugar de segmentar. Esto se logra evitando zonas con iluminaci\u00f3n desigual o excesivamente focalizada que puedan generar jerarqu\u00edas en un espacio colectivo.<br \/><br \/>5. Minimalismo y sostenibilidad<br \/><br \/>En un enfoque m\u00e1s conceptual, \u201cluz sin ruido\u201d puede estar alineado con el minimalismo arquitect\u00f3nico:<br \/>\u2022 Usar solo la luz que sea necesaria, en armon\u00eda con el entorno y respetando los principios de sostenibilidad.<br \/>\u2022 Evitar la contaminaci\u00f3n lum\u00ednica, tanto dentro como fuera del edificio, para mantener la conexi\u00f3n con el entorno natural y garantizar un descanso visual.<br \/><br \/>Conclusi\u00f3n<br \/><br \/>\u201cLuz sin ruido\u201d en arquitectura ser\u00eda la creaci\u00f3n de entornos iluminados donde la luz natural y artificial se integran de manera arm\u00f3nica, eliminando distracciones y potenciando el bienestar f\u00edsico, mental y social. Es un concepto que aboga por la claridad, la pureza y la calma, proporcionando espacios dise\u00f1ados para que las personas puedan enfocarse en lo que realmente importa: su salud, su interacci\u00f3n con el entorno y su conexi\u00f3n\u00a0con\u00a0los\u00a0dem\u00e1s.<\/div><div>\u00a0<\/div>\t\t\t\t\t\t\t\t<\/div>\n\t\t\t\t<\/div>\n\t\t\t\t\t<\/div>\n\t\t\t\t<\/div>\n\t\t\t\t<\/div>\n\t\t","protected":false},"excerpt":{"rendered":"<p>Para nosotros el concepto de \u201cluz sin ruido\u201d en arquitectura, implica la creaci\u00f3n de espacios donde la iluminaci\u00f3n es capaz de promover claridad, calma y funcionalidad, sin elementos visuales, ac\u00fasticos o emocionales que distraigan o afecten negativamente.\u00a0Este concepto combina varias dimensiones del dise\u00f1o para alcanzar el bienestar f\u00edsico, emocional y social. Aqu\u00ed sus posibles significados: [&hellip;]<\/p>\n","protected":false},"author":3,"featured_media":8227,"comment_status":"open","ping_status":"open","sticky":false,"template":"","format":"standard","meta":{"_acf_changed":false,"footnotes":""},"categories":[3],"tags":[],"class_list":["post-8336","post","type-post","status-publish","format-standard","has-post-thumbnail","hentry","category-arquitectura-y-diseno-de-casas"],"acf":[],"yoast_head":"<!-- This site is optimized with the Yoast SEO plugin v27.7 - https:\/\/yoast.com\/product\/yoast-seo-wordpress\/ -->\n<title>Luz sin Ruido - CU4 Arquitectos en Valencia | Estudio de arquitectura<\/title>\n<meta name=\"robots\" content=\"index, follow, max-snippet:-1, max-image-preview:large, max-video-preview:-1\" \/>\n<link rel=\"canonical\" href=\"https:\/\/cu4arquitectura.com\/en\/2024\/12\/07\/luz-sin-ruido\/\" \/>\n<meta property=\"og:locale\" content=\"en_US\" \/>\n<meta property=\"og:type\" content=\"article\" \/>\n<meta property=\"og:title\" content=\"Luz sin Ruido - CU4 Arquitectos en Valencia | Estudio de arquitectura\" \/>\n<meta property=\"og:description\" content=\"Para nosotros el concepto de \u201cluz sin ruido\u201d en arquitectura, implica la creaci\u00f3n de espacios donde la iluminaci\u00f3n es capaz de promover claridad, calma y funcionalidad, sin elementos visuales, ac\u00fasticos o emocionales que distraigan o afecten negativamente.\u00a0Este concepto combina varias dimensiones del dise\u00f1o para alcanzar el bienestar f\u00edsico, emocional y social. Aqu\u00ed sus posibles significados: [&hellip;]\" \/>\n<meta property=\"og:url\" content=\"https:\/\/cu4arquitectura.com\/en\/2024\/12\/07\/luz-sin-ruido\/\" \/>\n<meta property=\"og:site_name\" content=\"CU4 Arquitectos en Valencia | Estudio de arquitectura\" \/>\n<meta property=\"article:published_time\" content=\"2024-12-07T15:59:16+00:00\" \/>\n<meta property=\"article:modified_time\" content=\"2024-12-07T16:10:41+00:00\" \/>\n<meta property=\"og:image\" content=\"https:\/\/cu4arquitectura.com\/wp-content\/uploads\/2024\/11\/CU4-Arquitectura_Vivienda-en-Picassent-54-scaled.jpg\" \/>\n\t<meta property=\"og:image:width\" content=\"2560\" \/>\n\t<meta property=\"og:image:height\" content=\"1706\" \/>\n\t<meta property=\"og:image:type\" content=\"image\/jpeg\" \/>\n<meta name=\"author\" content=\"anna_admin\" \/>\n<meta name=\"twitter:card\" content=\"summary_large_image\" \/>\n<meta name=\"twitter:creator\" content=\"@cu4_admin\" \/>\n<meta name=\"twitter:label1\" content=\"Written by\" \/>\n\t<meta name=\"twitter:data1\" content=\"anna_admin\" \/>\n\t<meta name=\"twitter:label2\" content=\"Est. reading time\" \/>\n\t<meta name=\"twitter:data2\" content=\"3 minutes\" \/>\n<script type=\"application\/ld+json\" class=\"yoast-schema-graph\">{\"@context\":\"https:\\\/\\\/schema.org\",\"@graph\":[{\"@type\":\"Article\",\"@id\":\"https:\\\/\\\/cu4arquitectura.com\\\/en\\\/2024\\\/12\\\/07\\\/luz-sin-ruido\\\/#article\",\"isPartOf\":{\"@id\":\"https:\\\/\\\/cu4arquitectura.com\\\/en\\\/2024\\\/12\\\/07\\\/luz-sin-ruido\\\/\"},\"author\":{\"name\":\"anna_admin\",\"@id\":\"https:\\\/\\\/cu4arquitectura.com\\\/en\\\/#\\\/schema\\\/person\\\/4eff5abea013be85c8a96501231abefe\"},\"headline\":\"Luz sin Ruido\",\"datePublished\":\"2024-12-07T15:59:16+00:00\",\"dateModified\":\"2024-12-07T16:10:41+00:00\",\"mainEntityOfPage\":{\"@id\":\"https:\\\/\\\/cu4arquitectura.com\\\/en\\\/2024\\\/12\\\/07\\\/luz-sin-ruido\\\/\"},\"wordCount\":598,\"commentCount\":0,\"publisher\":{\"@id\":\"https:\\\/\\\/cu4arquitectura.com\\\/en\\\/#organization\"},\"image\":{\"@id\":\"https:\\\/\\\/cu4arquitectura.com\\\/en\\\/2024\\\/12\\\/07\\\/luz-sin-ruido\\\/#primaryimage\"},\"thumbnailUrl\":\"https:\\\/\\\/cu4arquitectura.com\\\/wp-content\\\/uploads\\\/2024\\\/11\\\/CU4-Arquitectura_Vivienda-en-Picassent-54-scaled.jpg\",\"articleSection\":[\"Arquitectura y dise\u00f1o de casas\"],\"inLanguage\":\"en-US\",\"potentialAction\":[{\"@type\":\"CommentAction\",\"name\":\"Comment\",\"target\":[\"https:\\\/\\\/cu4arquitectura.com\\\/en\\\/2024\\\/12\\\/07\\\/luz-sin-ruido\\\/#respond\"]}]},{\"@type\":\"WebPage\",\"@id\":\"https:\\\/\\\/cu4arquitectura.com\\\/en\\\/2024\\\/12\\\/07\\\/luz-sin-ruido\\\/\",\"url\":\"https:\\\/\\\/cu4arquitectura.com\\\/en\\\/2024\\\/12\\\/07\\\/luz-sin-ruido\\\/\",\"name\":\"Luz sin Ruido - CU4 Arquitectos en Valencia | Estudio de arquitectura\",\"isPartOf\":{\"@id\":\"https:\\\/\\\/cu4arquitectura.com\\\/en\\\/#website\"},\"primaryImageOfPage\":{\"@id\":\"https:\\\/\\\/cu4arquitectura.com\\\/en\\\/2024\\\/12\\\/07\\\/luz-sin-ruido\\\/#primaryimage\"},\"image\":{\"@id\":\"https:\\\/\\\/cu4arquitectura.com\\\/en\\\/2024\\\/12\\\/07\\\/luz-sin-ruido\\\/#primaryimage\"},\"thumbnailUrl\":\"https:\\\/\\\/cu4arquitectura.com\\\/wp-content\\\/uploads\\\/2024\\\/11\\\/CU4-Arquitectura_Vivienda-en-Picassent-54-scaled.jpg\",\"datePublished\":\"2024-12-07T15:59:16+00:00\",\"dateModified\":\"2024-12-07T16:10:41+00:00\",\"breadcrumb\":{\"@id\":\"https:\\\/\\\/cu4arquitectura.com\\\/en\\\/2024\\\/12\\\/07\\\/luz-sin-ruido\\\/#breadcrumb\"},\"inLanguage\":\"en-US\",\"potentialAction\":[{\"@type\":\"ReadAction\",\"target\":[\"https:\\\/\\\/cu4arquitectura.com\\\/en\\\/2024\\\/12\\\/07\\\/luz-sin-ruido\\\/\"]}]},{\"@type\":\"ImageObject\",\"inLanguage\":\"en-US\",\"@id\":\"https:\\\/\\\/cu4arquitectura.com\\\/en\\\/2024\\\/12\\\/07\\\/luz-sin-ruido\\\/#primaryimage\",\"url\":\"https:\\\/\\\/cu4arquitectura.com\\\/wp-content\\\/uploads\\\/2024\\\/11\\\/CU4-Arquitectura_Vivienda-en-Picassent-54-scaled.jpg\",\"contentUrl\":\"https:\\\/\\\/cu4arquitectura.com\\\/wp-content\\\/uploads\\\/2024\\\/11\\\/CU4-Arquitectura_Vivienda-en-Picassent-54-scaled.jpg\",\"width\":2560,\"height\":1706},{\"@type\":\"BreadcrumbList\",\"@id\":\"https:\\\/\\\/cu4arquitectura.com\\\/en\\\/2024\\\/12\\\/07\\\/luz-sin-ruido\\\/#breadcrumb\",\"itemListElement\":[{\"@type\":\"ListItem\",\"position\":1,\"name\":\"Portada\",\"item\":\"https:\\\/\\\/cu4arquitectura.com\\\/en\\\/\"},{\"@type\":\"ListItem\",\"position\":2,\"name\":\"Luz sin Ruido\"}]},{\"@type\":\"WebSite\",\"@id\":\"https:\\\/\\\/cu4arquitectura.com\\\/en\\\/#website\",\"url\":\"https:\\\/\\\/cu4arquitectura.com\\\/en\\\/\",\"name\":\"CU4 Arquitectos en Valencia | Estudio de arquitectura\",\"description\":\"Arquitectos en Valencia | Especializados en espacios a medida para empresas y particulares, dise\u00f1ados para tu bienestar\",\"publisher\":{\"@id\":\"https:\\\/\\\/cu4arquitectura.com\\\/en\\\/#organization\"},\"potentialAction\":[{\"@type\":\"SearchAction\",\"target\":{\"@type\":\"EntryPoint\",\"urlTemplate\":\"https:\\\/\\\/cu4arquitectura.com\\\/en\\\/?s={search_term_string}\"},\"query-input\":{\"@type\":\"PropertyValueSpecification\",\"valueRequired\":true,\"valueName\":\"search_term_string\"}}],\"inLanguage\":\"en-US\"},{\"@type\":\"Organization\",\"@id\":\"https:\\\/\\\/cu4arquitectura.com\\\/en\\\/#organization\",\"name\":\"CU4 Arquitectos en Valencia | Estudio de arquitectura\",\"url\":\"https:\\\/\\\/cu4arquitectura.com\\\/en\\\/\",\"logo\":{\"@type\":\"ImageObject\",\"inLanguage\":\"en-US\",\"@id\":\"https:\\\/\\\/cu4arquitectura.com\\\/en\\\/#\\\/schema\\\/logo\\\/image\\\/\",\"url\":\"https:\\\/\\\/cu4arquitectura.com\\\/wp-content\\\/uploads\\\/2024\\\/01\\\/LOGO_CU4_original.svg\",\"contentUrl\":\"https:\\\/\\\/cu4arquitectura.com\\\/wp-content\\\/uploads\\\/2024\\\/01\\\/LOGO_CU4_original.svg\",\"width\":841,\"height\":595,\"caption\":\"CU4 Arquitectos en Valencia | Estudio de arquitectura\"},\"image\":{\"@id\":\"https:\\\/\\\/cu4arquitectura.com\\\/en\\\/#\\\/schema\\\/logo\\\/image\\\/\"}},{\"@type\":\"Person\",\"@id\":\"https:\\\/\\\/cu4arquitectura.com\\\/en\\\/#\\\/schema\\\/person\\\/4eff5abea013be85c8a96501231abefe\",\"name\":\"anna_admin\",\"image\":{\"@type\":\"ImageObject\",\"inLanguage\":\"en-US\",\"@id\":\"https:\\\/\\\/secure.gravatar.com\\\/avatar\\\/b71d1f69907aaac1168924d4234a2c5844e20c5cb5084ac625a1b2bf2a25cd4f?s=96&d=mm&r=g\",\"url\":\"https:\\\/\\\/secure.gravatar.com\\\/avatar\\\/b71d1f69907aaac1168924d4234a2c5844e20c5cb5084ac625a1b2bf2a25cd4f?s=96&d=mm&r=g\",\"contentUrl\":\"https:\\\/\\\/secure.gravatar.com\\\/avatar\\\/b71d1f69907aaac1168924d4234a2c5844e20c5cb5084ac625a1b2bf2a25cd4f?s=96&d=mm&r=g\",\"caption\":\"anna_admin\"},\"sameAs\":[\"https:\\\/\\\/x.com\\\/cu4_admin\"],\"url\":\"https:\\\/\\\/cu4arquitectura.com\\\/en\\\/author\\\/anna_admin\\\/\"}]}<\/script>\n<!-- \/ Yoast SEO plugin. -->","yoast_head_json":{"title":"Luz sin Ruido - CU4 Arquitectos en Valencia | Estudio de arquitectura","robots":{"index":"index","follow":"follow","max-snippet":"max-snippet:-1","max-image-preview":"max-image-preview:large","max-video-preview":"max-video-preview:-1"},"canonical":"https:\/\/cu4arquitectura.com\/en\/2024\/12\/07\/luz-sin-ruido\/","og_locale":"en_US","og_type":"article","og_title":"Luz sin Ruido - CU4 Arquitectos en Valencia | Estudio de arquitectura","og_description":"Para nosotros el concepto de \u201cluz sin ruido\u201d en arquitectura, implica la creaci\u00f3n de espacios donde la iluminaci\u00f3n es capaz de promover claridad, calma y funcionalidad, sin elementos visuales, ac\u00fasticos o emocionales que distraigan o afecten negativamente.\u00a0Este concepto combina varias dimensiones del dise\u00f1o para alcanzar el bienestar f\u00edsico, emocional y social. Aqu\u00ed sus posibles significados: [&hellip;]","og_url":"https:\/\/cu4arquitectura.com\/en\/2024\/12\/07\/luz-sin-ruido\/","og_site_name":"CU4 Arquitectos en Valencia | Estudio de arquitectura","article_published_time":"2024-12-07T15:59:16+00:00","article_modified_time":"2024-12-07T16:10:41+00:00","og_image":[{"width":2560,"height":1706,"url":"https:\/\/cu4arquitectura.com\/wp-content\/uploads\/2024\/11\/CU4-Arquitectura_Vivienda-en-Picassent-54-scaled.jpg","type":"image\/jpeg"}],"author":"anna_admin","twitter_card":"summary_large_image","twitter_creator":"@cu4_admin","twitter_misc":{"Written by":"anna_admin","Est. reading time":"3 minutes"},"schema":{"@context":"https:\/\/schema.org","@graph":[{"@type":"Article","@id":"https:\/\/cu4arquitectura.com\/en\/2024\/12\/07\/luz-sin-ruido\/#article","isPartOf":{"@id":"https:\/\/cu4arquitectura.com\/en\/2024\/12\/07\/luz-sin-ruido\/"},"author":{"name":"anna_admin","@id":"https:\/\/cu4arquitectura.com\/en\/#\/schema\/person\/4eff5abea013be85c8a96501231abefe"},"headline":"Luz sin Ruido","datePublished":"2024-12-07T15:59:16+00:00","dateModified":"2024-12-07T16:10:41+00:00","mainEntityOfPage":{"@id":"https:\/\/cu4arquitectura.com\/en\/2024\/12\/07\/luz-sin-ruido\/"},"wordCount":598,"commentCount":0,"publisher":{"@id":"https:\/\/cu4arquitectura.com\/en\/#organization"},"image":{"@id":"https:\/\/cu4arquitectura.com\/en\/2024\/12\/07\/luz-sin-ruido\/#primaryimage"},"thumbnailUrl":"https:\/\/cu4arquitectura.com\/wp-content\/uploads\/2024\/11\/CU4-Arquitectura_Vivienda-en-Picassent-54-scaled.jpg","articleSection":["Arquitectura y dise\u00f1o de casas"],"inLanguage":"en-US","potentialAction":[{"@type":"CommentAction","name":"Comment","target":["https:\/\/cu4arquitectura.com\/en\/2024\/12\/07\/luz-sin-ruido\/#respond"]}]},{"@type":"WebPage","@id":"https:\/\/cu4arquitectura.com\/en\/2024\/12\/07\/luz-sin-ruido\/","url":"https:\/\/cu4arquitectura.com\/en\/2024\/12\/07\/luz-sin-ruido\/","name":"Luz sin Ruido - CU4 Arquitectos en Valencia | Estudio de arquitectura","isPartOf":{"@id":"https:\/\/cu4arquitectura.com\/en\/#website"},"primaryImageOfPage":{"@id":"https:\/\/cu4arquitectura.com\/en\/2024\/12\/07\/luz-sin-ruido\/#primaryimage"},"image":{"@id":"https:\/\/cu4arquitectura.com\/en\/2024\/12\/07\/luz-sin-ruido\/#primaryimage"},"thumbnailUrl":"https:\/\/cu4arquitectura.com\/wp-content\/uploads\/2024\/11\/CU4-Arquitectura_Vivienda-en-Picassent-54-scaled.jpg","datePublished":"2024-12-07T15:59:16+00:00","dateModified":"2024-12-07T16:10:41+00:00","breadcrumb":{"@id":"https:\/\/cu4arquitectura.com\/en\/2024\/12\/07\/luz-sin-ruido\/#breadcrumb"},"inLanguage":"en-US","potentialAction":[{"@type":"ReadAction","target":["https:\/\/cu4arquitectura.com\/en\/2024\/12\/07\/luz-sin-ruido\/"]}]},{"@type":"ImageObject","inLanguage":"en-US","@id":"https:\/\/cu4arquitectura.com\/en\/2024\/12\/07\/luz-sin-ruido\/#primaryimage","url":"https:\/\/cu4arquitectura.com\/wp-content\/uploads\/2024\/11\/CU4-Arquitectura_Vivienda-en-Picassent-54-scaled.jpg","contentUrl":"https:\/\/cu4arquitectura.com\/wp-content\/uploads\/2024\/11\/CU4-Arquitectura_Vivienda-en-Picassent-54-scaled.jpg","width":2560,"height":1706},{"@type":"BreadcrumbList","@id":"https:\/\/cu4arquitectura.com\/en\/2024\/12\/07\/luz-sin-ruido\/#breadcrumb","itemListElement":[{"@type":"ListItem","position":1,"name":"Portada","item":"https:\/\/cu4arquitectura.com\/en\/"},{"@type":"ListItem","position":2,"name":"Luz sin Ruido"}]},{"@type":"WebSite","@id":"https:\/\/cu4arquitectura.com\/en\/#website","url":"https:\/\/cu4arquitectura.com\/en\/","name":"CU4 Arquitectos en Valencia | Estudio de arquitectura","description":"Arquitectos en Valencia | Especializados en espacios a medida para empresas y particulares, dise\u00f1ados para tu bienestar","publisher":{"@id":"https:\/\/cu4arquitectura.com\/en\/#organization"},"potentialAction":[{"@type":"SearchAction","target":{"@type":"EntryPoint","urlTemplate":"https:\/\/cu4arquitectura.com\/en\/?s={search_term_string}"},"query-input":{"@type":"PropertyValueSpecification","valueRequired":true,"valueName":"search_term_string"}}],"inLanguage":"en-US"},{"@type":"Organization","@id":"https:\/\/cu4arquitectura.com\/en\/#organization","name":"CU4 Arquitectos en Valencia | Estudio de arquitectura","url":"https:\/\/cu4arquitectura.com\/en\/","logo":{"@type":"ImageObject","inLanguage":"en-US","@id":"https:\/\/cu4arquitectura.com\/en\/#\/schema\/logo\/image\/","url":"https:\/\/cu4arquitectura.com\/wp-content\/uploads\/2024\/01\/LOGO_CU4_original.svg","contentUrl":"https:\/\/cu4arquitectura.com\/wp-content\/uploads\/2024\/01\/LOGO_CU4_original.svg","width":841,"height":595,"caption":"CU4 Arquitectos en Valencia | Estudio de arquitectura"},"image":{"@id":"https:\/\/cu4arquitectura.com\/en\/#\/schema\/logo\/image\/"}},{"@type":"Person","@id":"https:\/\/cu4arquitectura.com\/en\/#\/schema\/person\/4eff5abea013be85c8a96501231abefe","name":"anna_admin","image":{"@type":"ImageObject","inLanguage":"en-US","@id":"https:\/\/secure.gravatar.com\/avatar\/b71d1f69907aaac1168924d4234a2c5844e20c5cb5084ac625a1b2bf2a25cd4f?s=96&d=mm&r=g","url":"https:\/\/secure.gravatar.com\/avatar\/b71d1f69907aaac1168924d4234a2c5844e20c5cb5084ac625a1b2bf2a25cd4f?s=96&d=mm&r=g","contentUrl":"https:\/\/secure.gravatar.com\/avatar\/b71d1f69907aaac1168924d4234a2c5844e20c5cb5084ac625a1b2bf2a25cd4f?s=96&d=mm&r=g","caption":"anna_admin"},"sameAs":["https:\/\/x.com\/cu4_admin"],"url":"https:\/\/cu4arquitectura.com\/en\/author\/anna_admin\/"}]}},"_links":{"self":[{"href":"https:\/\/cu4arquitectura.com\/en\/wp-json\/wp\/v2\/posts\/8336","targetHints":{"allow":["GET"]}}],"collection":[{"href":"https:\/\/cu4arquitectura.com\/en\/wp-json\/wp\/v2\/posts"}],"about":[{"href":"https:\/\/cu4arquitectura.com\/en\/wp-json\/wp\/v2\/types\/post"}],"author":[{"embeddable":true,"href":"https:\/\/cu4arquitectura.com\/en\/wp-json\/wp\/v2\/users\/3"}],"replies":[{"embeddable":true,"href":"https:\/\/cu4arquitectura.com\/en\/wp-json\/wp\/v2\/comments?post=8336"}],"version-history":[{"count":8,"href":"https:\/\/cu4arquitectura.com\/en\/wp-json\/wp\/v2\/posts\/8336\/revisions"}],"predecessor-version":[{"id":8345,"href":"https:\/\/cu4arquitectura.com\/en\/wp-json\/wp\/v2\/posts\/8336\/revisions\/8345"}],"wp:featuredmedia":[{"embeddable":true,"href":"https:\/\/cu4arquitectura.com\/en\/wp-json\/wp\/v2\/media\/8227"}],"wp:attachment":[{"href":"https:\/\/cu4arquitectura.com\/en\/wp-json\/wp\/v2\/media?parent=8336"}],"wp:term":[{"taxonomy":"category","embeddable":true,"href":"https:\/\/cu4arquitectura.com\/en\/wp-json\/wp\/v2\/categories?post=8336"},{"taxonomy":"post_tag","embeddable":true,"href":"https:\/\/cu4arquitectura.com\/en\/wp-json\/wp\/v2\/tags?post=8336"}],"curies":[{"name":"wp","href":"https:\/\/api.w.org\/{rel}","templated":true}]}}