{"id":8151,"date":"2024-11-17T20:41:11","date_gmt":"2024-11-17T20:41:11","guid":{"rendered":"https:\/\/cu4arquitectura.com\/?p=8151"},"modified":"2024-11-17T20:41:12","modified_gmt":"2024-11-17T20:41:12","slug":"diseno-biofilico-y-bienestar-la-contribucion-de-cu4-arquitectura-al-stand-de-greenarea-en-habitat-2024","status":"publish","type":"post","link":"https:\/\/cu4arquitectura.com\/en\/2024\/11\/17\/diseno-biofilico-y-bienestar-la-contribucion-de-cu4-arquitectura-al-stand-de-greenarea-en-habitat-2024\/","title":{"rendered":"Dise\u00f1o Biof\u00edlico y Bienestar: La Contribuci\u00f3n de CU4 Arquitectura al Stand de Greenarea en H\u00e1bitat 2024"},"content":{"rendered":"\n<p class=\"wp-block-paragraph\">En la \u00faltima edici\u00f3n de la feria <strong>H\u00e1bitat 2024<\/strong>, <strong>CU4 Arquitectura<\/strong> colabor\u00f3 con la marca valenciana <strong>Greenarea<\/strong> para dise\u00f1ar el innovador stand <strong>Espacio Greenarea Experience<\/strong>. Este proyecto destaca la capacidad de <strong>CU4 Arquitectura<\/strong> para integrar principios de dise\u00f1o biof\u00edlico y certificaci\u00f3n <strong>WELL<\/strong> en espacios comerciales, creando ambientes que promueven el bienestar y la conexi\u00f3n con la naturaleza.<\/p>\n\n\n\n<figure class=\"wp-block-image size-large\"><img loading=\"lazy\" decoding=\"async\" width=\"1024\" height=\"683\" src=\"https:\/\/cu4arquitectura.com\/wp-content\/uploads\/2024\/11\/Habitat24_PrensaB-33-1024x683.jpg\" alt=\"\" class=\"wp-image-8072\" srcset=\"https:\/\/cu4arquitectura.com\/wp-content\/uploads\/2024\/11\/Habitat24_PrensaB-33-1024x683.jpg 1024w, https:\/\/cu4arquitectura.com\/wp-content\/uploads\/2024\/11\/Habitat24_PrensaB-33-300x200.jpg 300w, https:\/\/cu4arquitectura.com\/wp-content\/uploads\/2024\/11\/Habitat24_PrensaB-33-768x512.jpg 768w, https:\/\/cu4arquitectura.com\/wp-content\/uploads\/2024\/11\/Habitat24_PrensaB-33-1536x1024.jpg 1536w, https:\/\/cu4arquitectura.com\/wp-content\/uploads\/2024\/11\/Habitat24_PrensaB-33-2048x1365.jpg 2048w\" sizes=\"auto, (max-width: 1024px) 100vw, 1024px\" \/><\/figure>\n\n\n\n<h4 class=\"wp-block-heading\"><strong>Enfoque Multisensorial y Bienestar<\/strong><\/h4>\n\n\n\n<p class=\"wp-block-paragraph\"><strong>CU4 Arquitectura<\/strong>, liderada por la arquitecta <strong>Anna Ferrer<\/strong>, implement\u00f3 un dise\u00f1o multisensorial en el stand que combina elementos visuales, t\u00e1ctiles y sonoros para crear una experiencia inmersiva. El objetivo principal fue dise\u00f1ar un espacio que no solo fuese est\u00e9ticamente atractivo, sino que tambi\u00e9n fomentara la relajaci\u00f3n y la introspecci\u00f3n de los visitantes.<\/p>\n\n\n\n<p class=\"wp-block-paragraph\">El stand, de aproximadamente 100 m\u00b2, utiliza dos revestimientos biof\u00edlicos que integran materiales naturales y sostenibles. Estos elementos no solo mejoran la est\u00e9tica del espacio, sino que tambi\u00e9n contribuyen a un ambiente saludable y estimulante.<\/p>\n\n\n\n<figure class=\"wp-block-image size-large\"><img loading=\"lazy\" decoding=\"async\" width=\"1024\" height=\"683\" src=\"https:\/\/cu4arquitectura.com\/wp-content\/uploads\/2024\/11\/Greenarea_Stand-Habitat-2024-12-1024x683.jpg\" alt=\"\" class=\"wp-image-8152\" srcset=\"https:\/\/cu4arquitectura.com\/wp-content\/uploads\/2024\/11\/Greenarea_Stand-Habitat-2024-12-1024x683.jpg 1024w, https:\/\/cu4arquitectura.com\/wp-content\/uploads\/2024\/11\/Greenarea_Stand-Habitat-2024-12-300x200.jpg 300w, https:\/\/cu4arquitectura.com\/wp-content\/uploads\/2024\/11\/Greenarea_Stand-Habitat-2024-12-768x512.jpg 768w, https:\/\/cu4arquitectura.com\/wp-content\/uploads\/2024\/11\/Greenarea_Stand-Habitat-2024-12-1536x1025.jpg 1536w, https:\/\/cu4arquitectura.com\/wp-content\/uploads\/2024\/11\/Greenarea_Stand-Habitat-2024-12-2048x1366.jpg 2048w\" sizes=\"auto, (max-width: 1024px) 100vw, 1024px\" \/><\/figure>\n\n\n\n<h4 class=\"wp-block-heading\"><strong>Integraci\u00f3n de Principios WELL<\/strong><\/h4>\n\n\n\n<p class=\"wp-block-paragraph\">La certificaci\u00f3n <strong>WELL<\/strong> ha sido fundamental en el dise\u00f1o del stand, asegurando que cada aspecto del espacio contribuye al bienestar de sus ocupantes. <strong>CU4 Arquitectura<\/strong> ha aplicado principios como la optimizaci\u00f3n de la luz natural, la calidad del aire y el confort t\u00e9rmico y ac\u00fastico. La iluminaci\u00f3n circadiana utilizada en el stand replica los ritmos naturales del sol, promoviendo un entorno que respeta los ciclos biol\u00f3gicos humanos.<\/p>\n\n\n\n<figure class=\"wp-block-image size-large\"><img loading=\"lazy\" decoding=\"async\" width=\"1024\" height=\"683\" src=\"https:\/\/cu4arquitectura.com\/wp-content\/uploads\/2024\/11\/Greenarea_Stand-Habitat-2024-42-1024x683.jpg\" alt=\"\" class=\"wp-image-8153\" srcset=\"https:\/\/cu4arquitectura.com\/wp-content\/uploads\/2024\/11\/Greenarea_Stand-Habitat-2024-42-1024x683.jpg 1024w, https:\/\/cu4arquitectura.com\/wp-content\/uploads\/2024\/11\/Greenarea_Stand-Habitat-2024-42-300x200.jpg 300w, https:\/\/cu4arquitectura.com\/wp-content\/uploads\/2024\/11\/Greenarea_Stand-Habitat-2024-42-768x512.jpg 768w, https:\/\/cu4arquitectura.com\/wp-content\/uploads\/2024\/11\/Greenarea_Stand-Habitat-2024-42-1536x1025.jpg 1536w, https:\/\/cu4arquitectura.com\/wp-content\/uploads\/2024\/11\/Greenarea_Stand-Habitat-2024-42-2048x1366.jpg 2048w\" sizes=\"auto, (max-width: 1024px) 100vw, 1024px\" \/><\/figure>\n\n\n\n<h4 class=\"wp-block-heading\"><strong>Espacios Restaurativos y Conexi\u00f3n con la Naturaleza<\/strong><\/h4>\n\n\n\n<p class=\"wp-block-paragraph\">Uno de los puntos destacados del stand es la creaci\u00f3n de un espacio restaurativo, dise\u00f1ado para ofrecer un refugio de tranquilidad y conexi\u00f3n personal. Este espacio incluye \u00e1reas destinadas a la meditaci\u00f3n y el descanso, integrando vegetaci\u00f3n natural y elementos de dise\u00f1o que fomentan la relajaci\u00f3n. <strong>Anna Ferrer<\/strong> subray\u00f3 la importancia de incorporar estos espacios en cualquier tipo de edificio, destacando su impacto positivo en la salud mental y emocional de las personas.<\/p>\n\n\n\n<figure class=\"wp-block-image size-large\"><img loading=\"lazy\" decoding=\"async\" width=\"1024\" height=\"683\" src=\"https:\/\/cu4arquitectura.com\/wp-content\/uploads\/2024\/11\/Greenarea_Stand-Habitat-2024-16-1024x683.jpg\" alt=\"\" class=\"wp-image-8154\" srcset=\"https:\/\/cu4arquitectura.com\/wp-content\/uploads\/2024\/11\/Greenarea_Stand-Habitat-2024-16-1024x683.jpg 1024w, https:\/\/cu4arquitectura.com\/wp-content\/uploads\/2024\/11\/Greenarea_Stand-Habitat-2024-16-300x200.jpg 300w, https:\/\/cu4arquitectura.com\/wp-content\/uploads\/2024\/11\/Greenarea_Stand-Habitat-2024-16-768x512.jpg 768w, https:\/\/cu4arquitectura.com\/wp-content\/uploads\/2024\/11\/Greenarea_Stand-Habitat-2024-16-1536x1025.jpg 1536w, https:\/\/cu4arquitectura.com\/wp-content\/uploads\/2024\/11\/Greenarea_Stand-Habitat-2024-16-2048x1366.jpg 2048w\" sizes=\"auto, (max-width: 1024px) 100vw, 1024px\" \/><\/figure>\n\n\n\n<h4 class=\"wp-block-heading\"><strong>Sostenibilidad y Responsabilidad Ambiental<\/strong><\/h4>\n\n\n\n<p class=\"wp-block-paragraph\"><strong>CU4 Arquitectura<\/strong> ha demostrado su compromiso con la sostenibilidad a trav\u00e9s del uso de materiales reciclados y t\u00e9cnicas de dise\u00f1o que minimizan el impacto ambiental. El stand <strong>Espacio Greenarea Experience<\/strong> es reciclable y reutilizable en un 90%, reflejando una filosof\u00eda de dise\u00f1o responsable que busca equilibrar est\u00e9tica y funcionalidad con la preservaci\u00f3n del medio ambiente.<\/p>\n\n\n\n<h4 class=\"wp-block-heading\"><strong>Conclusi\u00f3n<\/strong><\/h4>\n\n\n\n<p class=\"wp-block-paragraph\">La colaboraci\u00f3n entre <strong>CU4 Arquitectura<\/strong> y <strong>Greenarea<\/strong> en la feria <strong>H\u00e1bitat 2024<\/strong> ejemplifica c\u00f3mo el dise\u00f1o biof\u00edlico y los principios <strong>WELL<\/strong> pueden transformar espacios comerciales en entornos que promueven el bienestar y la conexi\u00f3n con la naturaleza. Este proyecto reafirma el liderazgo de <strong>CU4 Arquitectura<\/strong> en la creaci\u00f3n de espacios saludables y sostenibles, alineados con las tendencias actuales de dise\u00f1o que priorizan el bienestar humano y el respeto por el entorno.<\/p>\n\n\n\n<p class=\"wp-block-paragraph\">Para m\u00e1s informaci\u00f3n sobre los proyectos de <strong>CU4 Arquitectura<\/strong> y su enfoque en la arquitectura saludable,  te invitamos a explorar nuestra secci\u00f3n <strong>&#8220;Arquitectura Saludable&#8221;<\/strong>.<\/p>\n\n\n\n<p class=\"wp-block-paragraph\">Y si necesitas asistencia con tu propio proyecto, <strong>no dudes en <a href=\"https:\/\/cu4arquitectura.com\/contacto-arquitectos-valencia\/\">contactar con nosotros<\/a><\/strong>.<\/p>\n","protected":false},"excerpt":{"rendered":"<p>En la \u00faltima edici\u00f3n de la feria H\u00e1bitat 2024, CU4 Arquitectura colabor\u00f3 con la marca valenciana Greenarea para dise\u00f1ar el innovador stand Espacio Greenarea Experience. Este proyecto destaca la capacidad de CU4 Arquitectura para integrar principios de dise\u00f1o biof\u00edlico y certificaci\u00f3n WELL en espacios comerciales, creando ambientes que promueven el bienestar y la conexi\u00f3n con [&hellip;]<\/p>\n","protected":false},"author":6,"featured_media":8072,"comment_status":"open","ping_status":"open","sticky":false,"template":"","format":"standard","meta":{"_acf_changed":false,"footnotes":""},"categories":[5],"tags":[],"class_list":["post-8151","post","type-post","status-publish","format-standard","has-post-thumbnail","hentry","category-arquitectura-sostenible"],"acf":[],"yoast_head":"<!-- This site is optimized with the Yoast SEO plugin v27.7 - https:\/\/yoast.com\/product\/yoast-seo-wordpress\/ -->\n<title>Dise\u00f1o Biof\u00edlico y Bienestar: La Contribuci\u00f3n de CU4 Arquitectura al Stand de Greenarea en H\u00e1bitat 2024 - CU4 Arquitectos en Valencia | Estudio de arquitectura<\/title>\n<meta name=\"robots\" content=\"index, follow, max-snippet:-1, max-image-preview:large, max-video-preview:-1\" \/>\n<link rel=\"canonical\" href=\"https:\/\/cu4arquitectura.com\/en\/2024\/11\/17\/diseno-biofilico-y-bienestar-la-contribucion-de-cu4-arquitectura-al-stand-de-greenarea-en-habitat-2024\/\" \/>\n<meta property=\"og:locale\" content=\"en_US\" \/>\n<meta property=\"og:type\" content=\"article\" \/>\n<meta property=\"og:title\" content=\"Dise\u00f1o Biof\u00edlico y Bienestar: La Contribuci\u00f3n de CU4 Arquitectura al Stand de Greenarea en H\u00e1bitat 2024 - CU4 Arquitectos en Valencia | Estudio de arquitectura\" \/>\n<meta property=\"og:description\" content=\"En la \u00faltima edici\u00f3n de la feria H\u00e1bitat 2024, CU4 Arquitectura colabor\u00f3 con la marca valenciana Greenarea para dise\u00f1ar el innovador stand Espacio Greenarea Experience. Este proyecto destaca la capacidad de CU4 Arquitectura para integrar principios de dise\u00f1o biof\u00edlico y certificaci\u00f3n WELL en espacios comerciales, creando ambientes que promueven el bienestar y la conexi\u00f3n con [&hellip;]\" \/>\n<meta property=\"og:url\" content=\"https:\/\/cu4arquitectura.com\/en\/2024\/11\/17\/diseno-biofilico-y-bienestar-la-contribucion-de-cu4-arquitectura-al-stand-de-greenarea-en-habitat-2024\/\" \/>\n<meta property=\"og:site_name\" content=\"CU4 Arquitectos en Valencia | Estudio de arquitectura\" \/>\n<meta property=\"article:published_time\" content=\"2024-11-17T20:41:11+00:00\" \/>\n<meta property=\"article:modified_time\" content=\"2024-11-17T20:41:12+00:00\" \/>\n<meta property=\"og:image\" content=\"https:\/\/cu4arquitectura.com\/wp-content\/uploads\/2024\/11\/Habitat24_PrensaB-33-scaled.jpg\" \/>\n\t<meta property=\"og:image:width\" content=\"2560\" \/>\n\t<meta property=\"og:image:height\" content=\"1706\" \/>\n\t<meta property=\"og:image:type\" content=\"image\/jpeg\" \/>\n<meta name=\"author\" content=\"marketing_cu4\" \/>\n<meta name=\"twitter:card\" content=\"summary_large_image\" \/>\n<meta name=\"twitter:label1\" content=\"Written by\" \/>\n\t<meta name=\"twitter:data1\" content=\"marketing_cu4\" \/>\n\t<meta name=\"twitter:label2\" content=\"Est. reading time\" \/>\n\t<meta name=\"twitter:data2\" content=\"3 minutes\" \/>\n<script type=\"application\/ld+json\" class=\"yoast-schema-graph\">{\"@context\":\"https:\\\/\\\/schema.org\",\"@graph\":[{\"@type\":\"Article\",\"@id\":\"https:\\\/\\\/cu4arquitectura.com\\\/en\\\/2024\\\/11\\\/17\\\/diseno-biofilico-y-bienestar-la-contribucion-de-cu4-arquitectura-al-stand-de-greenarea-en-habitat-2024\\\/#article\",\"isPartOf\":{\"@id\":\"https:\\\/\\\/cu4arquitectura.com\\\/en\\\/2024\\\/11\\\/17\\\/diseno-biofilico-y-bienestar-la-contribucion-de-cu4-arquitectura-al-stand-de-greenarea-en-habitat-2024\\\/\"},\"author\":{\"name\":\"marketing_cu4\",\"@id\":\"https:\\\/\\\/cu4arquitectura.com\\\/en\\\/#\\\/schema\\\/person\\\/c70ab576860f0d7b726bfddf9ac6bee1\"},\"headline\":\"Dise\u00f1o Biof\u00edlico y Bienestar: La Contribuci\u00f3n de CU4 Arquitectura al Stand de Greenarea en H\u00e1bitat 2024\",\"datePublished\":\"2024-11-17T20:41:11+00:00\",\"dateModified\":\"2024-11-17T20:41:12+00:00\",\"mainEntityOfPage\":{\"@id\":\"https:\\\/\\\/cu4arquitectura.com\\\/en\\\/2024\\\/11\\\/17\\\/diseno-biofilico-y-bienestar-la-contribucion-de-cu4-arquitectura-al-stand-de-greenarea-en-habitat-2024\\\/\"},\"wordCount\":535,\"commentCount\":0,\"publisher\":{\"@id\":\"https:\\\/\\\/cu4arquitectura.com\\\/en\\\/#organization\"},\"image\":{\"@id\":\"https:\\\/\\\/cu4arquitectura.com\\\/en\\\/2024\\\/11\\\/17\\\/diseno-biofilico-y-bienestar-la-contribucion-de-cu4-arquitectura-al-stand-de-greenarea-en-habitat-2024\\\/#primaryimage\"},\"thumbnailUrl\":\"https:\\\/\\\/cu4arquitectura.com\\\/wp-content\\\/uploads\\\/2024\\\/11\\\/Habitat24_PrensaB-33-scaled.jpg\",\"articleSection\":[\"Arquitectura sostenible\"],\"inLanguage\":\"en-US\",\"potentialAction\":[{\"@type\":\"CommentAction\",\"name\":\"Comment\",\"target\":[\"https:\\\/\\\/cu4arquitectura.com\\\/en\\\/2024\\\/11\\\/17\\\/diseno-biofilico-y-bienestar-la-contribucion-de-cu4-arquitectura-al-stand-de-greenarea-en-habitat-2024\\\/#respond\"]}]},{\"@type\":\"WebPage\",\"@id\":\"https:\\\/\\\/cu4arquitectura.com\\\/en\\\/2024\\\/11\\\/17\\\/diseno-biofilico-y-bienestar-la-contribucion-de-cu4-arquitectura-al-stand-de-greenarea-en-habitat-2024\\\/\",\"url\":\"https:\\\/\\\/cu4arquitectura.com\\\/en\\\/2024\\\/11\\\/17\\\/diseno-biofilico-y-bienestar-la-contribucion-de-cu4-arquitectura-al-stand-de-greenarea-en-habitat-2024\\\/\",\"name\":\"Dise\u00f1o Biof\u00edlico y Bienestar: La Contribuci\u00f3n de CU4 Arquitectura al Stand de Greenarea en H\u00e1bitat 2024 - CU4 Arquitectos en Valencia | Estudio de arquitectura\",\"isPartOf\":{\"@id\":\"https:\\\/\\\/cu4arquitectura.com\\\/en\\\/#website\"},\"primaryImageOfPage\":{\"@id\":\"https:\\\/\\\/cu4arquitectura.com\\\/en\\\/2024\\\/11\\\/17\\\/diseno-biofilico-y-bienestar-la-contribucion-de-cu4-arquitectura-al-stand-de-greenarea-en-habitat-2024\\\/#primaryimage\"},\"image\":{\"@id\":\"https:\\\/\\\/cu4arquitectura.com\\\/en\\\/2024\\\/11\\\/17\\\/diseno-biofilico-y-bienestar-la-contribucion-de-cu4-arquitectura-al-stand-de-greenarea-en-habitat-2024\\\/#primaryimage\"},\"thumbnailUrl\":\"https:\\\/\\\/cu4arquitectura.com\\\/wp-content\\\/uploads\\\/2024\\\/11\\\/Habitat24_PrensaB-33-scaled.jpg\",\"datePublished\":\"2024-11-17T20:41:11+00:00\",\"dateModified\":\"2024-11-17T20:41:12+00:00\",\"breadcrumb\":{\"@id\":\"https:\\\/\\\/cu4arquitectura.com\\\/en\\\/2024\\\/11\\\/17\\\/diseno-biofilico-y-bienestar-la-contribucion-de-cu4-arquitectura-al-stand-de-greenarea-en-habitat-2024\\\/#breadcrumb\"},\"inLanguage\":\"en-US\",\"potentialAction\":[{\"@type\":\"ReadAction\",\"target\":[\"https:\\\/\\\/cu4arquitectura.com\\\/en\\\/2024\\\/11\\\/17\\\/diseno-biofilico-y-bienestar-la-contribucion-de-cu4-arquitectura-al-stand-de-greenarea-en-habitat-2024\\\/\"]}]},{\"@type\":\"ImageObject\",\"inLanguage\":\"en-US\",\"@id\":\"https:\\\/\\\/cu4arquitectura.com\\\/en\\\/2024\\\/11\\\/17\\\/diseno-biofilico-y-bienestar-la-contribucion-de-cu4-arquitectura-al-stand-de-greenarea-en-habitat-2024\\\/#primaryimage\",\"url\":\"https:\\\/\\\/cu4arquitectura.com\\\/wp-content\\\/uploads\\\/2024\\\/11\\\/Habitat24_PrensaB-33-scaled.jpg\",\"contentUrl\":\"https:\\\/\\\/cu4arquitectura.com\\\/wp-content\\\/uploads\\\/2024\\\/11\\\/Habitat24_PrensaB-33-scaled.jpg\",\"width\":2560,\"height\":1706},{\"@type\":\"BreadcrumbList\",\"@id\":\"https:\\\/\\\/cu4arquitectura.com\\\/en\\\/2024\\\/11\\\/17\\\/diseno-biofilico-y-bienestar-la-contribucion-de-cu4-arquitectura-al-stand-de-greenarea-en-habitat-2024\\\/#breadcrumb\",\"itemListElement\":[{\"@type\":\"ListItem\",\"position\":1,\"name\":\"Portada\",\"item\":\"https:\\\/\\\/cu4arquitectura.com\\\/en\\\/\"},{\"@type\":\"ListItem\",\"position\":2,\"name\":\"Dise\u00f1o Biof\u00edlico y Bienestar: La Contribuci\u00f3n de CU4 Arquitectura al Stand de Greenarea en H\u00e1bitat 2024\"}]},{\"@type\":\"WebSite\",\"@id\":\"https:\\\/\\\/cu4arquitectura.com\\\/en\\\/#website\",\"url\":\"https:\\\/\\\/cu4arquitectura.com\\\/en\\\/\",\"name\":\"CU4 Arquitectos en Valencia | Estudio de arquitectura\",\"description\":\"Arquitectos en Valencia | Especializados en espacios a medida para empresas y particulares, dise\u00f1ados para tu bienestar\",\"publisher\":{\"@id\":\"https:\\\/\\\/cu4arquitectura.com\\\/en\\\/#organization\"},\"potentialAction\":[{\"@type\":\"SearchAction\",\"target\":{\"@type\":\"EntryPoint\",\"urlTemplate\":\"https:\\\/\\\/cu4arquitectura.com\\\/en\\\/?s={search_term_string}\"},\"query-input\":{\"@type\":\"PropertyValueSpecification\",\"valueRequired\":true,\"valueName\":\"search_term_string\"}}],\"inLanguage\":\"en-US\"},{\"@type\":\"Organization\",\"@id\":\"https:\\\/\\\/cu4arquitectura.com\\\/en\\\/#organization\",\"name\":\"CU4 Arquitectos en Valencia | Estudio de arquitectura\",\"url\":\"https:\\\/\\\/cu4arquitectura.com\\\/en\\\/\",\"logo\":{\"@type\":\"ImageObject\",\"inLanguage\":\"en-US\",\"@id\":\"https:\\\/\\\/cu4arquitectura.com\\\/en\\\/#\\\/schema\\\/logo\\\/image\\\/\",\"url\":\"https:\\\/\\\/cu4arquitectura.com\\\/wp-content\\\/uploads\\\/2024\\\/01\\\/LOGO_CU4_original.svg\",\"contentUrl\":\"https:\\\/\\\/cu4arquitectura.com\\\/wp-content\\\/uploads\\\/2024\\\/01\\\/LOGO_CU4_original.svg\",\"width\":841,\"height\":595,\"caption\":\"CU4 Arquitectos en Valencia | Estudio de arquitectura\"},\"image\":{\"@id\":\"https:\\\/\\\/cu4arquitectura.com\\\/en\\\/#\\\/schema\\\/logo\\\/image\\\/\"}},{\"@type\":\"Person\",\"@id\":\"https:\\\/\\\/cu4arquitectura.com\\\/en\\\/#\\\/schema\\\/person\\\/c70ab576860f0d7b726bfddf9ac6bee1\",\"name\":\"marketing_cu4\",\"image\":{\"@type\":\"ImageObject\",\"inLanguage\":\"en-US\",\"@id\":\"https:\\\/\\\/secure.gravatar.com\\\/avatar\\\/86c48ef7b9c98ce2ab81227e90f4c26e83b56be50938c9107f0d7c330300c639?s=96&d=mm&r=g\",\"url\":\"https:\\\/\\\/secure.gravatar.com\\\/avatar\\\/86c48ef7b9c98ce2ab81227e90f4c26e83b56be50938c9107f0d7c330300c639?s=96&d=mm&r=g\",\"contentUrl\":\"https:\\\/\\\/secure.gravatar.com\\\/avatar\\\/86c48ef7b9c98ce2ab81227e90f4c26e83b56be50938c9107f0d7c330300c639?s=96&d=mm&r=g\",\"caption\":\"marketing_cu4\"},\"url\":\"https:\\\/\\\/cu4arquitectura.com\\\/en\\\/author\\\/marketing_cu4\\\/\"}]}<\/script>\n<!-- \/ Yoast SEO plugin. -->","yoast_head_json":{"title":"Dise\u00f1o Biof\u00edlico y Bienestar: La Contribuci\u00f3n de CU4 Arquitectura al Stand de Greenarea en H\u00e1bitat 2024 - CU4 Arquitectos en Valencia | Estudio de arquitectura","robots":{"index":"index","follow":"follow","max-snippet":"max-snippet:-1","max-image-preview":"max-image-preview:large","max-video-preview":"max-video-preview:-1"},"canonical":"https:\/\/cu4arquitectura.com\/en\/2024\/11\/17\/diseno-biofilico-y-bienestar-la-contribucion-de-cu4-arquitectura-al-stand-de-greenarea-en-habitat-2024\/","og_locale":"en_US","og_type":"article","og_title":"Dise\u00f1o Biof\u00edlico y Bienestar: La Contribuci\u00f3n de CU4 Arquitectura al Stand de Greenarea en H\u00e1bitat 2024 - CU4 Arquitectos en Valencia | Estudio de arquitectura","og_description":"En la \u00faltima edici\u00f3n de la feria H\u00e1bitat 2024, CU4 Arquitectura colabor\u00f3 con la marca valenciana Greenarea para dise\u00f1ar el innovador stand Espacio Greenarea Experience. Este proyecto destaca la capacidad de CU4 Arquitectura para integrar principios de dise\u00f1o biof\u00edlico y certificaci\u00f3n WELL en espacios comerciales, creando ambientes que promueven el bienestar y la conexi\u00f3n con [&hellip;]","og_url":"https:\/\/cu4arquitectura.com\/en\/2024\/11\/17\/diseno-biofilico-y-bienestar-la-contribucion-de-cu4-arquitectura-al-stand-de-greenarea-en-habitat-2024\/","og_site_name":"CU4 Arquitectos en Valencia | Estudio de arquitectura","article_published_time":"2024-11-17T20:41:11+00:00","article_modified_time":"2024-11-17T20:41:12+00:00","og_image":[{"width":2560,"height":1706,"url":"https:\/\/cu4arquitectura.com\/wp-content\/uploads\/2024\/11\/Habitat24_PrensaB-33-scaled.jpg","type":"image\/jpeg"}],"author":"marketing_cu4","twitter_card":"summary_large_image","twitter_misc":{"Written by":"marketing_cu4","Est. reading time":"3 minutes"},"schema":{"@context":"https:\/\/schema.org","@graph":[{"@type":"Article","@id":"https:\/\/cu4arquitectura.com\/en\/2024\/11\/17\/diseno-biofilico-y-bienestar-la-contribucion-de-cu4-arquitectura-al-stand-de-greenarea-en-habitat-2024\/#article","isPartOf":{"@id":"https:\/\/cu4arquitectura.com\/en\/2024\/11\/17\/diseno-biofilico-y-bienestar-la-contribucion-de-cu4-arquitectura-al-stand-de-greenarea-en-habitat-2024\/"},"author":{"name":"marketing_cu4","@id":"https:\/\/cu4arquitectura.com\/en\/#\/schema\/person\/c70ab576860f0d7b726bfddf9ac6bee1"},"headline":"Dise\u00f1o Biof\u00edlico y Bienestar: La Contribuci\u00f3n de CU4 Arquitectura al Stand de Greenarea en H\u00e1bitat 2024","datePublished":"2024-11-17T20:41:11+00:00","dateModified":"2024-11-17T20:41:12+00:00","mainEntityOfPage":{"@id":"https:\/\/cu4arquitectura.com\/en\/2024\/11\/17\/diseno-biofilico-y-bienestar-la-contribucion-de-cu4-arquitectura-al-stand-de-greenarea-en-habitat-2024\/"},"wordCount":535,"commentCount":0,"publisher":{"@id":"https:\/\/cu4arquitectura.com\/en\/#organization"},"image":{"@id":"https:\/\/cu4arquitectura.com\/en\/2024\/11\/17\/diseno-biofilico-y-bienestar-la-contribucion-de-cu4-arquitectura-al-stand-de-greenarea-en-habitat-2024\/#primaryimage"},"thumbnailUrl":"https:\/\/cu4arquitectura.com\/wp-content\/uploads\/2024\/11\/Habitat24_PrensaB-33-scaled.jpg","articleSection":["Arquitectura sostenible"],"inLanguage":"en-US","potentialAction":[{"@type":"CommentAction","name":"Comment","target":["https:\/\/cu4arquitectura.com\/en\/2024\/11\/17\/diseno-biofilico-y-bienestar-la-contribucion-de-cu4-arquitectura-al-stand-de-greenarea-en-habitat-2024\/#respond"]}]},{"@type":"WebPage","@id":"https:\/\/cu4arquitectura.com\/en\/2024\/11\/17\/diseno-biofilico-y-bienestar-la-contribucion-de-cu4-arquitectura-al-stand-de-greenarea-en-habitat-2024\/","url":"https:\/\/cu4arquitectura.com\/en\/2024\/11\/17\/diseno-biofilico-y-bienestar-la-contribucion-de-cu4-arquitectura-al-stand-de-greenarea-en-habitat-2024\/","name":"Dise\u00f1o Biof\u00edlico y Bienestar: La Contribuci\u00f3n de CU4 Arquitectura al Stand de Greenarea en H\u00e1bitat 2024 - CU4 Arquitectos en Valencia | Estudio de arquitectura","isPartOf":{"@id":"https:\/\/cu4arquitectura.com\/en\/#website"},"primaryImageOfPage":{"@id":"https:\/\/cu4arquitectura.com\/en\/2024\/11\/17\/diseno-biofilico-y-bienestar-la-contribucion-de-cu4-arquitectura-al-stand-de-greenarea-en-habitat-2024\/#primaryimage"},"image":{"@id":"https:\/\/cu4arquitectura.com\/en\/2024\/11\/17\/diseno-biofilico-y-bienestar-la-contribucion-de-cu4-arquitectura-al-stand-de-greenarea-en-habitat-2024\/#primaryimage"},"thumbnailUrl":"https:\/\/cu4arquitectura.com\/wp-content\/uploads\/2024\/11\/Habitat24_PrensaB-33-scaled.jpg","datePublished":"2024-11-17T20:41:11+00:00","dateModified":"2024-11-17T20:41:12+00:00","breadcrumb":{"@id":"https:\/\/cu4arquitectura.com\/en\/2024\/11\/17\/diseno-biofilico-y-bienestar-la-contribucion-de-cu4-arquitectura-al-stand-de-greenarea-en-habitat-2024\/#breadcrumb"},"inLanguage":"en-US","potentialAction":[{"@type":"ReadAction","target":["https:\/\/cu4arquitectura.com\/en\/2024\/11\/17\/diseno-biofilico-y-bienestar-la-contribucion-de-cu4-arquitectura-al-stand-de-greenarea-en-habitat-2024\/"]}]},{"@type":"ImageObject","inLanguage":"en-US","@id":"https:\/\/cu4arquitectura.com\/en\/2024\/11\/17\/diseno-biofilico-y-bienestar-la-contribucion-de-cu4-arquitectura-al-stand-de-greenarea-en-habitat-2024\/#primaryimage","url":"https:\/\/cu4arquitectura.com\/wp-content\/uploads\/2024\/11\/Habitat24_PrensaB-33-scaled.jpg","contentUrl":"https:\/\/cu4arquitectura.com\/wp-content\/uploads\/2024\/11\/Habitat24_PrensaB-33-scaled.jpg","width":2560,"height":1706},{"@type":"BreadcrumbList","@id":"https:\/\/cu4arquitectura.com\/en\/2024\/11\/17\/diseno-biofilico-y-bienestar-la-contribucion-de-cu4-arquitectura-al-stand-de-greenarea-en-habitat-2024\/#breadcrumb","itemListElement":[{"@type":"ListItem","position":1,"name":"Portada","item":"https:\/\/cu4arquitectura.com\/en\/"},{"@type":"ListItem","position":2,"name":"Dise\u00f1o Biof\u00edlico y Bienestar: La Contribuci\u00f3n de CU4 Arquitectura al Stand de Greenarea en H\u00e1bitat 2024"}]},{"@type":"WebSite","@id":"https:\/\/cu4arquitectura.com\/en\/#website","url":"https:\/\/cu4arquitectura.com\/en\/","name":"CU4 Arquitectos en Valencia | Estudio de arquitectura","description":"Arquitectos en Valencia | Especializados en espacios a medida para empresas y particulares, dise\u00f1ados para tu bienestar","publisher":{"@id":"https:\/\/cu4arquitectura.com\/en\/#organization"},"potentialAction":[{"@type":"SearchAction","target":{"@type":"EntryPoint","urlTemplate":"https:\/\/cu4arquitectura.com\/en\/?s={search_term_string}"},"query-input":{"@type":"PropertyValueSpecification","valueRequired":true,"valueName":"search_term_string"}}],"inLanguage":"en-US"},{"@type":"Organization","@id":"https:\/\/cu4arquitectura.com\/en\/#organization","name":"CU4 Arquitectos en Valencia | Estudio de arquitectura","url":"https:\/\/cu4arquitectura.com\/en\/","logo":{"@type":"ImageObject","inLanguage":"en-US","@id":"https:\/\/cu4arquitectura.com\/en\/#\/schema\/logo\/image\/","url":"https:\/\/cu4arquitectura.com\/wp-content\/uploads\/2024\/01\/LOGO_CU4_original.svg","contentUrl":"https:\/\/cu4arquitectura.com\/wp-content\/uploads\/2024\/01\/LOGO_CU4_original.svg","width":841,"height":595,"caption":"CU4 Arquitectos en Valencia | Estudio de arquitectura"},"image":{"@id":"https:\/\/cu4arquitectura.com\/en\/#\/schema\/logo\/image\/"}},{"@type":"Person","@id":"https:\/\/cu4arquitectura.com\/en\/#\/schema\/person\/c70ab576860f0d7b726bfddf9ac6bee1","name":"marketing_cu4","image":{"@type":"ImageObject","inLanguage":"en-US","@id":"https:\/\/secure.gravatar.com\/avatar\/86c48ef7b9c98ce2ab81227e90f4c26e83b56be50938c9107f0d7c330300c639?s=96&d=mm&r=g","url":"https:\/\/secure.gravatar.com\/avatar\/86c48ef7b9c98ce2ab81227e90f4c26e83b56be50938c9107f0d7c330300c639?s=96&d=mm&r=g","contentUrl":"https:\/\/secure.gravatar.com\/avatar\/86c48ef7b9c98ce2ab81227e90f4c26e83b56be50938c9107f0d7c330300c639?s=96&d=mm&r=g","caption":"marketing_cu4"},"url":"https:\/\/cu4arquitectura.com\/en\/author\/marketing_cu4\/"}]}},"_links":{"self":[{"href":"https:\/\/cu4arquitectura.com\/en\/wp-json\/wp\/v2\/posts\/8151","targetHints":{"allow":["GET"]}}],"collection":[{"href":"https:\/\/cu4arquitectura.com\/en\/wp-json\/wp\/v2\/posts"}],"about":[{"href":"https:\/\/cu4arquitectura.com\/en\/wp-json\/wp\/v2\/types\/post"}],"author":[{"embeddable":true,"href":"https:\/\/cu4arquitectura.com\/en\/wp-json\/wp\/v2\/users\/6"}],"replies":[{"embeddable":true,"href":"https:\/\/cu4arquitectura.com\/en\/wp-json\/wp\/v2\/comments?post=8151"}],"version-history":[{"count":1,"href":"https:\/\/cu4arquitectura.com\/en\/wp-json\/wp\/v2\/posts\/8151\/revisions"}],"predecessor-version":[{"id":8155,"href":"https:\/\/cu4arquitectura.com\/en\/wp-json\/wp\/v2\/posts\/8151\/revisions\/8155"}],"wp:featuredmedia":[{"embeddable":true,"href":"https:\/\/cu4arquitectura.com\/en\/wp-json\/wp\/v2\/media\/8072"}],"wp:attachment":[{"href":"https:\/\/cu4arquitectura.com\/en\/wp-json\/wp\/v2\/media?parent=8151"}],"wp:term":[{"taxonomy":"category","embeddable":true,"href":"https:\/\/cu4arquitectura.com\/en\/wp-json\/wp\/v2\/categories?post=8151"},{"taxonomy":"post_tag","embeddable":true,"href":"https:\/\/cu4arquitectura.com\/en\/wp-json\/wp\/v2\/tags?post=8151"}],"curies":[{"name":"wp","href":"https:\/\/api.w.org\/{rel}","templated":true}]}}