{"id":8144,"date":"2024-11-17T20:21:47","date_gmt":"2024-11-17T20:21:47","guid":{"rendered":"https:\/\/cu4arquitectura.com\/?p=8144"},"modified":"2026-08-03T10:34:46","modified_gmt":"2026-08-03T10:34:46","slug":"neuroarquitectura-y-viviendas-industrializadas-un-estudio-pionero-en-europa","status":"publish","type":"post","link":"https:\/\/cu4arquitectura.com\/en\/2024\/11\/17\/neuroarquitectura-y-viviendas-industrializadas-un-estudio-pionero-en-europa\/","title":{"rendered":"Neuroarquitectura y Viviendas Industrializadas: Un Estudio Pionero en Europa"},"content":{"rendered":"\n<p class=\"wp-block-paragraph\">El <strong>Laboratorio de Neuroarquitectura<\/strong> de la <strong>Universitat Polit\u00e9cnica de Val\u00e8ncia (UPV)<\/strong> ha presentado los resultados del estudio <strong>NeuroIndustrial<\/strong>, una investigaci\u00f3n pionera en Europa que analiza la respuesta emocional de las personas a las viviendas industrializadas. <strong>CU4 Arquitectura<\/strong>, a trav\u00e9s de su arquitecta <strong>Anna Ferrer<\/strong>, ha sido un colaborador clave en este proyecto, aportando su experiencia en certificaci\u00f3n <strong>WELL<\/strong> y dise\u00f1o centrado en el bienestar.<\/p>\n\n\n\n<h4 class=\"wp-block-heading\">Colaboraci\u00f3n Estrat\u00e9gica de CU4 Arquitectura<\/h4>\n\n\n\n<p class=\"wp-block-paragraph\"><strong>CU4 Arquitectura<\/strong> ha desempe\u00f1ado un papel fundamental en la preevaluaci\u00f3n de los diez par\u00e1metros de bienestar considerados en el estudio <strong>NeuroIndustrial<\/strong>. Estos par\u00e1metros incluyen aspectos como la calidad del aire, iluminaci\u00f3n natural, confort t\u00e9rmico y ac\u00fastico, entre otros, todos alineados con los est\u00e1ndares <strong>WELL<\/strong>. La participaci\u00f3n de <strong>CU4 Arquitectura<\/strong> ha asegurado que los espacios estudiados no solo cumplan con los requisitos funcionales y est\u00e9ticos, sino que tambi\u00e9n promuevan un entorno saludable para sus habitantes. Es la misma metodolog\u00eda que aplicamos habitualmente cuando trabajamos la <a href=\"https:\/\/cu4arquitectura.com\/2023\/06\/05\/certificacion-well-cuida-personas\/\">certificaci\u00f3n WELL<\/a> en nuestros propios proyectos.<\/p>\n\n\n\n<figure class=\"wp-block-image size-large\"><img loading=\"lazy\" decoding=\"async\" width=\"1024\" height=\"683\" src=\"https:\/\/cu4arquitectura.com\/wp-content\/uploads\/2024\/11\/240913_NIU_137-1024x683.jpg\" alt=\"\" class=\"wp-image-8145\" srcset=\"https:\/\/cu4arquitectura.com\/wp-content\/uploads\/2024\/11\/240913_NIU_137-1024x683.jpg 1024w, https:\/\/cu4arquitectura.com\/wp-content\/uploads\/2024\/11\/240913_NIU_137-300x200.jpg 300w, https:\/\/cu4arquitectura.com\/wp-content\/uploads\/2024\/11\/240913_NIU_137-768x512.jpg 768w, https:\/\/cu4arquitectura.com\/wp-content\/uploads\/2024\/11\/240913_NIU_137-1536x1024.jpg 1536w, https:\/\/cu4arquitectura.com\/wp-content\/uploads\/2024\/11\/240913_NIU_137-2048x1365.jpg 2048w\" sizes=\"auto, (max-width: 1024px) 100vw, 1024px\" \/><\/figure>\n\n\n\n<h4 class=\"wp-block-heading\">Metodolog\u00eda Innovadora y Resultados Positivos<\/h4>\n\n\n\n<p class=\"wp-block-paragraph\">El estudio <strong>NeuroIndustrial<\/strong> combin\u00f3 m\u00e9todos psicol\u00f3gicos y neurofisiol\u00f3gicos para evaluar la respuesta de 500 participantes a viviendas industrializadas. <strong>CU4 Arquitectura<\/strong> contribuy\u00f3 con su conocimiento en dise\u00f1o saludable, ayudando a interpretar c\u00f3mo las caracter\u00edsticas del entorno f\u00edsico influyen en el bienestar emocional y psicol\u00f3gico de los usuarios. Los resultados mostraron que, tras recibir informaci\u00f3n detallada sobre las viviendas industrializadas, la percepci\u00f3n de los usuarios mejor\u00f3 significativamente, con m\u00e1s del 70% de los par\u00e1metros evaluados alcanzando resultados positivos.<\/p>\n\n\n\n<figure class=\"wp-block-image size-large\"><img loading=\"lazy\" decoding=\"async\" width=\"1024\" height=\"683\" src=\"https:\/\/cu4arquitectura.com\/wp-content\/uploads\/2024\/11\/240913_NIU_005-1024x683.jpg\" alt=\"\" class=\"wp-image-8146\" srcset=\"https:\/\/cu4arquitectura.com\/wp-content\/uploads\/2024\/11\/240913_NIU_005-1024x683.jpg 1024w, https:\/\/cu4arquitectura.com\/wp-content\/uploads\/2024\/11\/240913_NIU_005-300x200.jpg 300w, https:\/\/cu4arquitectura.com\/wp-content\/uploads\/2024\/11\/240913_NIU_005-768x512.jpg 768w, https:\/\/cu4arquitectura.com\/wp-content\/uploads\/2024\/11\/240913_NIU_005-1536x1024.jpg 1536w, https:\/\/cu4arquitectura.com\/wp-content\/uploads\/2024\/11\/240913_NIU_005-2048x1365.jpg 2048w\" sizes=\"auto, (max-width: 1024px) 100vw, 1024px\" \/><\/figure>\n\n\n\n<h4 class=\"wp-block-heading\">Impacto de la Neuroarquitectura en el Dise\u00f1o de Viviendas<\/h4>\n\n\n\n<p class=\"wp-block-paragraph\">La integraci\u00f3n de la neuroarquitectura y la certificaci\u00f3n <strong>WELL<\/strong> en el estudio <strong>NeuroIndustrial<\/strong> ha demostrado que peque\u00f1os cambios en el dise\u00f1o pueden tener un impacto considerable en la salud y el bienestar de los habitantes. <strong>CU4 Arquitectura<\/strong> ha aplicado estos principios en sus proyectos, creando espacios que no solo son funcionales y est\u00e9ticamente agradables, sino tambi\u00e9n saludables y estimulantes para sus ocupantes. Si quieres profundizar en c\u00f3mo trasladamos estos criterios a un proyecto real, tambi\u00e9n hablamos de ello en nuestro art\u00edculo sobre <a href=\"https:\/\/cu4arquitectura.com\/2024\/05\/05\/guia-completa-para-recertificar-well-en-espana-diferenciate-gracias-al-bienestar\/\">recertificaci\u00f3n WELL en Espa\u00f1a<\/a>.<\/p>\n\n\n\n<figure class=\"wp-block-image size-large\"><img loading=\"lazy\" decoding=\"async\" width=\"1024\" height=\"683\" src=\"https:\/\/cu4arquitectura.com\/wp-content\/uploads\/2024\/11\/240913_NIU_135-1024x683.jpg\" alt=\"\" class=\"wp-image-8147\" srcset=\"https:\/\/cu4arquitectura.com\/wp-content\/uploads\/2024\/11\/240913_NIU_135-1024x683.jpg 1024w, https:\/\/cu4arquitectura.com\/wp-content\/uploads\/2024\/11\/240913_NIU_135-300x200.jpg 300w, https:\/\/cu4arquitectura.com\/wp-content\/uploads\/2024\/11\/240913_NIU_135-768x512.jpg 768w, https:\/\/cu4arquitectura.com\/wp-content\/uploads\/2024\/11\/240913_NIU_135-1536x1024.jpg 1536w, https:\/\/cu4arquitectura.com\/wp-content\/uploads\/2024\/11\/240913_NIU_135-2048x1365.jpg 2048w\" sizes=\"auto, (max-width: 1024px) 100vw, 1024px\" \/><\/figure>\n\n\n\n<h4 class=\"wp-block-heading\">Aplicaciones Futuras y Compromiso con la Sostenibilidad<\/h4>\n\n\n\n<p class=\"wp-block-paragraph\">Este enfoque integrador sienta las bases para futuras investigaciones y aplicaciones en viviendas tradicionales, ampliando el alcance de la neuroarquitectura y la certificaci\u00f3n <strong>WELL<\/strong> en el \u00e1mbito residencial. <strong>CU4 Arquitectura<\/strong> contin\u00faa comprometida con la creaci\u00f3n de espacios saludables y sostenibles, utilizando su experiencia en dise\u00f1o biof\u00edlico y WELL para mejorar la calidad de vida de las personas a trav\u00e9s de la arquitectura, un enfoque que tambi\u00e9n desarrollamos en <a href=\"https:\/\/cu4arquitectura.com\/nuestros-servicios\/diseno-para-particulares\/\">nuestro servicio de dise\u00f1o para particulares<\/a>.<\/p>\n\n\n\n<figure class=\"wp-block-image size-large\"><img loading=\"lazy\" decoding=\"async\" width=\"1024\" height=\"683\" src=\"https:\/\/cu4arquitectura.com\/wp-content\/uploads\/2024\/11\/240913_NIU_013-1024x683.jpg\" alt=\"\" class=\"wp-image-8148\" srcset=\"https:\/\/cu4arquitectura.com\/wp-content\/uploads\/2024\/11\/240913_NIU_013-1024x683.jpg 1024w, https:\/\/cu4arquitectura.com\/wp-content\/uploads\/2024\/11\/240913_NIU_013-300x200.jpg 300w, https:\/\/cu4arquitectura.com\/wp-content\/uploads\/2024\/11\/240913_NIU_013-768x512.jpg 768w, https:\/\/cu4arquitectura.com\/wp-content\/uploads\/2024\/11\/240913_NIU_013-1536x1024.jpg 1536w, https:\/\/cu4arquitectura.com\/wp-content\/uploads\/2024\/11\/240913_NIU_013-2048x1365.jpg 2048w\" sizes=\"auto, (max-width: 1024px) 100vw, 1024px\" \/><\/figure>\n\n\n\n<h4 class=\"wp-block-heading\">Conclusi\u00f3n<\/h4>\n\n\n\n<p class=\"wp-block-paragraph\">La participaci\u00f3n de <strong>CU4 Arquitectura<\/strong> en el estudio <strong>NeuroIndustrial<\/strong> subraya su liderazgo en el campo de la neuroarquitectura y el dise\u00f1o saludable. Este proyecto pionero demuestra c\u00f3mo la colaboraci\u00f3n interdisciplinaria puede generar soluciones innovadoras que promueven el bienestar humano, consolidando a <strong>CU4 Arquitectura<\/strong> como un referente en la creaci\u00f3n de espacios que priorizan la salud y la sostenibilidad. Puedes conocer m\u00e1s sobre nuestro trabajo en este \u00e1mbito en <a href=\"https:\/\/cu4arquitectura.com\/sobre-nosotros\/\">nuestro estudio<\/a> o revisando <a href=\"https:\/\/cu4arquitectura.com\/proyectos-despacho-arquitectura-valencia\/\">nuestro portfolio de proyectos<\/a>.<\/p>\n\n\n\n<p class=\"wp-block-paragraph\">Para m\u00e1s informaci\u00f3n sobre el Laboratorio de Neuroarquitectura y el estudio <strong>NeuroIndustrial<\/strong>, visita el <a href=\"https:\/\/humantech.webs.upv.es\/neuroarquitecturalab\/\">Laboratorio de Neuroarquitectura de la UPV<\/a>.<\/p>\n\n\n\n<p class=\"wp-block-paragraph\">Y si necesitas asistencia con tu propio proyecto, <strong>no dudes en <a href=\"https:\/\/cu4arquitectura.com\/contacto-arquitectos-valencia\/\">contactar con nosotros<\/a><\/strong>.<\/p>\n","protected":false},"excerpt":{"rendered":"<p>El Laboratorio de Neuroarquitectura de la Universitat Polit\u00e9cnica de Val\u00e8ncia (UPV) ha presentado los resultados del estudio NeuroIndustrial, una investigaci\u00f3n pionera en Europa que analiza la respuesta emocional de las personas a las viviendas industrializadas. CU4 Arquitectura, a trav\u00e9s de su arquitecta Anna Ferrer, ha sido un colaborador clave en este proyecto, aportando su experiencia [&hellip;]<\/p>\n","protected":false},"author":6,"featured_media":8145,"comment_status":"open","ping_status":"open","sticky":false,"template":"","format":"standard","meta":{"_acf_changed":false,"footnotes":""},"categories":[5],"tags":[],"class_list":["post-8144","post","type-post","status-publish","format-standard","has-post-thumbnail","hentry","category-arquitectura-sostenible"],"acf":[],"yoast_head":"<!-- This site is optimized with the Yoast SEO plugin v27.7 - https:\/\/yoast.com\/product\/yoast-seo-wordpress\/ -->\n<title>Neuroarquitectura y Viviendas Industrializadas: Un Estudio Pionero en Europa - CU4 Arquitectos en Valencia | Estudio de arquitectura<\/title>\n<meta name=\"robots\" content=\"index, follow, max-snippet:-1, max-image-preview:large, max-video-preview:-1\" \/>\n<link rel=\"canonical\" href=\"https:\/\/cu4arquitectura.com\/en\/2024\/11\/17\/neuroarquitectura-y-viviendas-industrializadas-un-estudio-pionero-en-europa\/\" \/>\n<meta property=\"og:locale\" content=\"en_US\" \/>\n<meta property=\"og:type\" content=\"article\" \/>\n<meta property=\"og:title\" content=\"Neuroarquitectura y Viviendas Industrializadas: Un Estudio Pionero en Europa - CU4 Arquitectos en Valencia | Estudio de arquitectura\" \/>\n<meta property=\"og:description\" content=\"El Laboratorio de Neuroarquitectura de la Universitat Polit\u00e9cnica de Val\u00e8ncia (UPV) ha presentado los resultados del estudio NeuroIndustrial, una investigaci\u00f3n pionera en Europa que analiza la respuesta emocional de las personas a las viviendas industrializadas. CU4 Arquitectura, a trav\u00e9s de su arquitecta Anna Ferrer, ha sido un colaborador clave en este proyecto, aportando su experiencia [&hellip;]\" \/>\n<meta property=\"og:url\" content=\"https:\/\/cu4arquitectura.com\/en\/2024\/11\/17\/neuroarquitectura-y-viviendas-industrializadas-un-estudio-pionero-en-europa\/\" \/>\n<meta property=\"og:site_name\" content=\"CU4 Arquitectos en Valencia | Estudio de arquitectura\" \/>\n<meta property=\"article:published_time\" content=\"2024-11-17T20:21:47+00:00\" \/>\n<meta property=\"article:modified_time\" content=\"2026-08-03T10:34:46+00:00\" \/>\n<meta property=\"og:image\" content=\"https:\/\/cu4arquitectura.com\/wp-content\/uploads\/2024\/11\/240913_NIU_137-scaled.jpg\" \/>\n\t<meta property=\"og:image:width\" content=\"2560\" \/>\n\t<meta property=\"og:image:height\" content=\"1707\" \/>\n\t<meta property=\"og:image:type\" content=\"image\/jpeg\" \/>\n<meta name=\"author\" content=\"marketing_cu4\" \/>\n<meta name=\"twitter:card\" content=\"summary_large_image\" \/>\n<meta name=\"twitter:label1\" content=\"Written by\" \/>\n\t<meta name=\"twitter:data1\" content=\"marketing_cu4\" \/>\n\t<meta name=\"twitter:label2\" content=\"Est. reading time\" \/>\n\t<meta name=\"twitter:data2\" content=\"4 minutes\" \/>\n<script type=\"application\/ld+json\" class=\"yoast-schema-graph\">{\"@context\":\"https:\\\/\\\/schema.org\",\"@graph\":[{\"@type\":\"Article\",\"@id\":\"https:\\\/\\\/cu4arquitectura.com\\\/en\\\/2024\\\/11\\\/17\\\/neuroarquitectura-y-viviendas-industrializadas-un-estudio-pionero-en-europa\\\/#article\",\"isPartOf\":{\"@id\":\"https:\\\/\\\/cu4arquitectura.com\\\/en\\\/2024\\\/11\\\/17\\\/neuroarquitectura-y-viviendas-industrializadas-un-estudio-pionero-en-europa\\\/\"},\"author\":{\"name\":\"marketing_cu4\",\"@id\":\"https:\\\/\\\/cu4arquitectura.com\\\/en\\\/#\\\/schema\\\/person\\\/c70ab576860f0d7b726bfddf9ac6bee1\"},\"headline\":\"Neuroarquitectura y Viviendas Industrializadas: Un Estudio Pionero en Europa\",\"datePublished\":\"2024-11-17T20:21:47+00:00\",\"dateModified\":\"2026-08-03T10:34:46+00:00\",\"mainEntityOfPage\":{\"@id\":\"https:\\\/\\\/cu4arquitectura.com\\\/en\\\/2024\\\/11\\\/17\\\/neuroarquitectura-y-viviendas-industrializadas-un-estudio-pionero-en-europa\\\/\"},\"wordCount\":597,\"commentCount\":0,\"publisher\":{\"@id\":\"https:\\\/\\\/cu4arquitectura.com\\\/en\\\/#organization\"},\"image\":{\"@id\":\"https:\\\/\\\/cu4arquitectura.com\\\/en\\\/2024\\\/11\\\/17\\\/neuroarquitectura-y-viviendas-industrializadas-un-estudio-pionero-en-europa\\\/#primaryimage\"},\"thumbnailUrl\":\"https:\\\/\\\/cu4arquitectura.com\\\/wp-content\\\/uploads\\\/2024\\\/11\\\/240913_NIU_137-scaled.jpg\",\"articleSection\":[\"Arquitectura sostenible\"],\"inLanguage\":\"en-US\",\"potentialAction\":[{\"@type\":\"CommentAction\",\"name\":\"Comment\",\"target\":[\"https:\\\/\\\/cu4arquitectura.com\\\/en\\\/2024\\\/11\\\/17\\\/neuroarquitectura-y-viviendas-industrializadas-un-estudio-pionero-en-europa\\\/#respond\"]}]},{\"@type\":\"WebPage\",\"@id\":\"https:\\\/\\\/cu4arquitectura.com\\\/en\\\/2024\\\/11\\\/17\\\/neuroarquitectura-y-viviendas-industrializadas-un-estudio-pionero-en-europa\\\/\",\"url\":\"https:\\\/\\\/cu4arquitectura.com\\\/en\\\/2024\\\/11\\\/17\\\/neuroarquitectura-y-viviendas-industrializadas-un-estudio-pionero-en-europa\\\/\",\"name\":\"Neuroarquitectura y Viviendas Industrializadas: Un Estudio Pionero en Europa - CU4 Arquitectos en Valencia | Estudio de arquitectura\",\"isPartOf\":{\"@id\":\"https:\\\/\\\/cu4arquitectura.com\\\/en\\\/#website\"},\"primaryImageOfPage\":{\"@id\":\"https:\\\/\\\/cu4arquitectura.com\\\/en\\\/2024\\\/11\\\/17\\\/neuroarquitectura-y-viviendas-industrializadas-un-estudio-pionero-en-europa\\\/#primaryimage\"},\"image\":{\"@id\":\"https:\\\/\\\/cu4arquitectura.com\\\/en\\\/2024\\\/11\\\/17\\\/neuroarquitectura-y-viviendas-industrializadas-un-estudio-pionero-en-europa\\\/#primaryimage\"},\"thumbnailUrl\":\"https:\\\/\\\/cu4arquitectura.com\\\/wp-content\\\/uploads\\\/2024\\\/11\\\/240913_NIU_137-scaled.jpg\",\"datePublished\":\"2024-11-17T20:21:47+00:00\",\"dateModified\":\"2026-08-03T10:34:46+00:00\",\"breadcrumb\":{\"@id\":\"https:\\\/\\\/cu4arquitectura.com\\\/en\\\/2024\\\/11\\\/17\\\/neuroarquitectura-y-viviendas-industrializadas-un-estudio-pionero-en-europa\\\/#breadcrumb\"},\"inLanguage\":\"en-US\",\"potentialAction\":[{\"@type\":\"ReadAction\",\"target\":[\"https:\\\/\\\/cu4arquitectura.com\\\/en\\\/2024\\\/11\\\/17\\\/neuroarquitectura-y-viviendas-industrializadas-un-estudio-pionero-en-europa\\\/\"]}]},{\"@type\":\"ImageObject\",\"inLanguage\":\"en-US\",\"@id\":\"https:\\\/\\\/cu4arquitectura.com\\\/en\\\/2024\\\/11\\\/17\\\/neuroarquitectura-y-viviendas-industrializadas-un-estudio-pionero-en-europa\\\/#primaryimage\",\"url\":\"https:\\\/\\\/cu4arquitectura.com\\\/wp-content\\\/uploads\\\/2024\\\/11\\\/240913_NIU_137-scaled.jpg\",\"contentUrl\":\"https:\\\/\\\/cu4arquitectura.com\\\/wp-content\\\/uploads\\\/2024\\\/11\\\/240913_NIU_137-scaled.jpg\",\"width\":2560,\"height\":1707},{\"@type\":\"BreadcrumbList\",\"@id\":\"https:\\\/\\\/cu4arquitectura.com\\\/en\\\/2024\\\/11\\\/17\\\/neuroarquitectura-y-viviendas-industrializadas-un-estudio-pionero-en-europa\\\/#breadcrumb\",\"itemListElement\":[{\"@type\":\"ListItem\",\"position\":1,\"name\":\"Portada\",\"item\":\"https:\\\/\\\/cu4arquitectura.com\\\/en\\\/\"},{\"@type\":\"ListItem\",\"position\":2,\"name\":\"Neuroarquitectura y Viviendas Industrializadas: Un Estudio Pionero en Europa\"}]},{\"@type\":\"WebSite\",\"@id\":\"https:\\\/\\\/cu4arquitectura.com\\\/en\\\/#website\",\"url\":\"https:\\\/\\\/cu4arquitectura.com\\\/en\\\/\",\"name\":\"CU4 Arquitectos en Valencia | Estudio de arquitectura\",\"description\":\"Arquitectos en Valencia | Especializados en espacios a medida para empresas y particulares, dise\u00f1ados para tu bienestar\",\"publisher\":{\"@id\":\"https:\\\/\\\/cu4arquitectura.com\\\/en\\\/#organization\"},\"potentialAction\":[{\"@type\":\"SearchAction\",\"target\":{\"@type\":\"EntryPoint\",\"urlTemplate\":\"https:\\\/\\\/cu4arquitectura.com\\\/en\\\/?s={search_term_string}\"},\"query-input\":{\"@type\":\"PropertyValueSpecification\",\"valueRequired\":true,\"valueName\":\"search_term_string\"}}],\"inLanguage\":\"en-US\"},{\"@type\":\"Organization\",\"@id\":\"https:\\\/\\\/cu4arquitectura.com\\\/en\\\/#organization\",\"name\":\"CU4 Arquitectos en Valencia | Estudio de arquitectura\",\"url\":\"https:\\\/\\\/cu4arquitectura.com\\\/en\\\/\",\"logo\":{\"@type\":\"ImageObject\",\"inLanguage\":\"en-US\",\"@id\":\"https:\\\/\\\/cu4arquitectura.com\\\/en\\\/#\\\/schema\\\/logo\\\/image\\\/\",\"url\":\"https:\\\/\\\/cu4arquitectura.com\\\/wp-content\\\/uploads\\\/2024\\\/01\\\/LOGO_CU4_original.svg\",\"contentUrl\":\"https:\\\/\\\/cu4arquitectura.com\\\/wp-content\\\/uploads\\\/2024\\\/01\\\/LOGO_CU4_original.svg\",\"width\":841,\"height\":595,\"caption\":\"CU4 Arquitectos en Valencia | Estudio de arquitectura\"},\"image\":{\"@id\":\"https:\\\/\\\/cu4arquitectura.com\\\/en\\\/#\\\/schema\\\/logo\\\/image\\\/\"}},{\"@type\":\"Person\",\"@id\":\"https:\\\/\\\/cu4arquitectura.com\\\/en\\\/#\\\/schema\\\/person\\\/c70ab576860f0d7b726bfddf9ac6bee1\",\"name\":\"marketing_cu4\",\"image\":{\"@type\":\"ImageObject\",\"inLanguage\":\"en-US\",\"@id\":\"https:\\\/\\\/secure.gravatar.com\\\/avatar\\\/86c48ef7b9c98ce2ab81227e90f4c26e83b56be50938c9107f0d7c330300c639?s=96&d=mm&r=g\",\"url\":\"https:\\\/\\\/secure.gravatar.com\\\/avatar\\\/86c48ef7b9c98ce2ab81227e90f4c26e83b56be50938c9107f0d7c330300c639?s=96&d=mm&r=g\",\"contentUrl\":\"https:\\\/\\\/secure.gravatar.com\\\/avatar\\\/86c48ef7b9c98ce2ab81227e90f4c26e83b56be50938c9107f0d7c330300c639?s=96&d=mm&r=g\",\"caption\":\"marketing_cu4\"},\"url\":\"https:\\\/\\\/cu4arquitectura.com\\\/en\\\/author\\\/marketing_cu4\\\/\"}]}<\/script>\n<!-- \/ Yoast SEO plugin. -->","yoast_head_json":{"title":"Neuroarquitectura y Viviendas Industrializadas: Un Estudio Pionero en Europa - CU4 Arquitectos en Valencia | Estudio de arquitectura","robots":{"index":"index","follow":"follow","max-snippet":"max-snippet:-1","max-image-preview":"max-image-preview:large","max-video-preview":"max-video-preview:-1"},"canonical":"https:\/\/cu4arquitectura.com\/en\/2024\/11\/17\/neuroarquitectura-y-viviendas-industrializadas-un-estudio-pionero-en-europa\/","og_locale":"en_US","og_type":"article","og_title":"Neuroarquitectura y Viviendas Industrializadas: Un Estudio Pionero en Europa - CU4 Arquitectos en Valencia | Estudio de arquitectura","og_description":"El Laboratorio de Neuroarquitectura de la Universitat Polit\u00e9cnica de Val\u00e8ncia (UPV) ha presentado los resultados del estudio NeuroIndustrial, una investigaci\u00f3n pionera en Europa que analiza la respuesta emocional de las personas a las viviendas industrializadas. CU4 Arquitectura, a trav\u00e9s de su arquitecta Anna Ferrer, ha sido un colaborador clave en este proyecto, aportando su experiencia [&hellip;]","og_url":"https:\/\/cu4arquitectura.com\/en\/2024\/11\/17\/neuroarquitectura-y-viviendas-industrializadas-un-estudio-pionero-en-europa\/","og_site_name":"CU4 Arquitectos en Valencia | Estudio de arquitectura","article_published_time":"2024-11-17T20:21:47+00:00","article_modified_time":"2026-08-03T10:34:46+00:00","og_image":[{"width":2560,"height":1707,"url":"https:\/\/cu4arquitectura.com\/wp-content\/uploads\/2024\/11\/240913_NIU_137-scaled.jpg","type":"image\/jpeg"}],"author":"marketing_cu4","twitter_card":"summary_large_image","twitter_misc":{"Written by":"marketing_cu4","Est. reading time":"4 minutes"},"schema":{"@context":"https:\/\/schema.org","@graph":[{"@type":"Article","@id":"https:\/\/cu4arquitectura.com\/en\/2024\/11\/17\/neuroarquitectura-y-viviendas-industrializadas-un-estudio-pionero-en-europa\/#article","isPartOf":{"@id":"https:\/\/cu4arquitectura.com\/en\/2024\/11\/17\/neuroarquitectura-y-viviendas-industrializadas-un-estudio-pionero-en-europa\/"},"author":{"name":"marketing_cu4","@id":"https:\/\/cu4arquitectura.com\/en\/#\/schema\/person\/c70ab576860f0d7b726bfddf9ac6bee1"},"headline":"Neuroarquitectura y Viviendas Industrializadas: Un Estudio Pionero en Europa","datePublished":"2024-11-17T20:21:47+00:00","dateModified":"2026-08-03T10:34:46+00:00","mainEntityOfPage":{"@id":"https:\/\/cu4arquitectura.com\/en\/2024\/11\/17\/neuroarquitectura-y-viviendas-industrializadas-un-estudio-pionero-en-europa\/"},"wordCount":597,"commentCount":0,"publisher":{"@id":"https:\/\/cu4arquitectura.com\/en\/#organization"},"image":{"@id":"https:\/\/cu4arquitectura.com\/en\/2024\/11\/17\/neuroarquitectura-y-viviendas-industrializadas-un-estudio-pionero-en-europa\/#primaryimage"},"thumbnailUrl":"https:\/\/cu4arquitectura.com\/wp-content\/uploads\/2024\/11\/240913_NIU_137-scaled.jpg","articleSection":["Arquitectura sostenible"],"inLanguage":"en-US","potentialAction":[{"@type":"CommentAction","name":"Comment","target":["https:\/\/cu4arquitectura.com\/en\/2024\/11\/17\/neuroarquitectura-y-viviendas-industrializadas-un-estudio-pionero-en-europa\/#respond"]}]},{"@type":"WebPage","@id":"https:\/\/cu4arquitectura.com\/en\/2024\/11\/17\/neuroarquitectura-y-viviendas-industrializadas-un-estudio-pionero-en-europa\/","url":"https:\/\/cu4arquitectura.com\/en\/2024\/11\/17\/neuroarquitectura-y-viviendas-industrializadas-un-estudio-pionero-en-europa\/","name":"Neuroarquitectura y Viviendas Industrializadas: Un Estudio Pionero en Europa - CU4 Arquitectos en Valencia | Estudio de arquitectura","isPartOf":{"@id":"https:\/\/cu4arquitectura.com\/en\/#website"},"primaryImageOfPage":{"@id":"https:\/\/cu4arquitectura.com\/en\/2024\/11\/17\/neuroarquitectura-y-viviendas-industrializadas-un-estudio-pionero-en-europa\/#primaryimage"},"image":{"@id":"https:\/\/cu4arquitectura.com\/en\/2024\/11\/17\/neuroarquitectura-y-viviendas-industrializadas-un-estudio-pionero-en-europa\/#primaryimage"},"thumbnailUrl":"https:\/\/cu4arquitectura.com\/wp-content\/uploads\/2024\/11\/240913_NIU_137-scaled.jpg","datePublished":"2024-11-17T20:21:47+00:00","dateModified":"2026-08-03T10:34:46+00:00","breadcrumb":{"@id":"https:\/\/cu4arquitectura.com\/en\/2024\/11\/17\/neuroarquitectura-y-viviendas-industrializadas-un-estudio-pionero-en-europa\/#breadcrumb"},"inLanguage":"en-US","potentialAction":[{"@type":"ReadAction","target":["https:\/\/cu4arquitectura.com\/en\/2024\/11\/17\/neuroarquitectura-y-viviendas-industrializadas-un-estudio-pionero-en-europa\/"]}]},{"@type":"ImageObject","inLanguage":"en-US","@id":"https:\/\/cu4arquitectura.com\/en\/2024\/11\/17\/neuroarquitectura-y-viviendas-industrializadas-un-estudio-pionero-en-europa\/#primaryimage","url":"https:\/\/cu4arquitectura.com\/wp-content\/uploads\/2024\/11\/240913_NIU_137-scaled.jpg","contentUrl":"https:\/\/cu4arquitectura.com\/wp-content\/uploads\/2024\/11\/240913_NIU_137-scaled.jpg","width":2560,"height":1707},{"@type":"BreadcrumbList","@id":"https:\/\/cu4arquitectura.com\/en\/2024\/11\/17\/neuroarquitectura-y-viviendas-industrializadas-un-estudio-pionero-en-europa\/#breadcrumb","itemListElement":[{"@type":"ListItem","position":1,"name":"Portada","item":"https:\/\/cu4arquitectura.com\/en\/"},{"@type":"ListItem","position":2,"name":"Neuroarquitectura y Viviendas Industrializadas: Un Estudio Pionero en Europa"}]},{"@type":"WebSite","@id":"https:\/\/cu4arquitectura.com\/en\/#website","url":"https:\/\/cu4arquitectura.com\/en\/","name":"CU4 Arquitectos en Valencia | Estudio de arquitectura","description":"Arquitectos en Valencia | Especializados en espacios a medida para empresas y particulares, dise\u00f1ados para tu bienestar","publisher":{"@id":"https:\/\/cu4arquitectura.com\/en\/#organization"},"potentialAction":[{"@type":"SearchAction","target":{"@type":"EntryPoint","urlTemplate":"https:\/\/cu4arquitectura.com\/en\/?s={search_term_string}"},"query-input":{"@type":"PropertyValueSpecification","valueRequired":true,"valueName":"search_term_string"}}],"inLanguage":"en-US"},{"@type":"Organization","@id":"https:\/\/cu4arquitectura.com\/en\/#organization","name":"CU4 Arquitectos en Valencia | Estudio de arquitectura","url":"https:\/\/cu4arquitectura.com\/en\/","logo":{"@type":"ImageObject","inLanguage":"en-US","@id":"https:\/\/cu4arquitectura.com\/en\/#\/schema\/logo\/image\/","url":"https:\/\/cu4arquitectura.com\/wp-content\/uploads\/2024\/01\/LOGO_CU4_original.svg","contentUrl":"https:\/\/cu4arquitectura.com\/wp-content\/uploads\/2024\/01\/LOGO_CU4_original.svg","width":841,"height":595,"caption":"CU4 Arquitectos en Valencia | Estudio de arquitectura"},"image":{"@id":"https:\/\/cu4arquitectura.com\/en\/#\/schema\/logo\/image\/"}},{"@type":"Person","@id":"https:\/\/cu4arquitectura.com\/en\/#\/schema\/person\/c70ab576860f0d7b726bfddf9ac6bee1","name":"marketing_cu4","image":{"@type":"ImageObject","inLanguage":"en-US","@id":"https:\/\/secure.gravatar.com\/avatar\/86c48ef7b9c98ce2ab81227e90f4c26e83b56be50938c9107f0d7c330300c639?s=96&d=mm&r=g","url":"https:\/\/secure.gravatar.com\/avatar\/86c48ef7b9c98ce2ab81227e90f4c26e83b56be50938c9107f0d7c330300c639?s=96&d=mm&r=g","contentUrl":"https:\/\/secure.gravatar.com\/avatar\/86c48ef7b9c98ce2ab81227e90f4c26e83b56be50938c9107f0d7c330300c639?s=96&d=mm&r=g","caption":"marketing_cu4"},"url":"https:\/\/cu4arquitectura.com\/en\/author\/marketing_cu4\/"}]}},"_links":{"self":[{"href":"https:\/\/cu4arquitectura.com\/en\/wp-json\/wp\/v2\/posts\/8144","targetHints":{"allow":["GET"]}}],"collection":[{"href":"https:\/\/cu4arquitectura.com\/en\/wp-json\/wp\/v2\/posts"}],"about":[{"href":"https:\/\/cu4arquitectura.com\/en\/wp-json\/wp\/v2\/types\/post"}],"author":[{"embeddable":true,"href":"https:\/\/cu4arquitectura.com\/en\/wp-json\/wp\/v2\/users\/6"}],"replies":[{"embeddable":true,"href":"https:\/\/cu4arquitectura.com\/en\/wp-json\/wp\/v2\/comments?post=8144"}],"version-history":[{"count":3,"href":"https:\/\/cu4arquitectura.com\/en\/wp-json\/wp\/v2\/posts\/8144\/revisions"}],"predecessor-version":[{"id":9530,"href":"https:\/\/cu4arquitectura.com\/en\/wp-json\/wp\/v2\/posts\/8144\/revisions\/9530"}],"wp:featuredmedia":[{"embeddable":true,"href":"https:\/\/cu4arquitectura.com\/en\/wp-json\/wp\/v2\/media\/8145"}],"wp:attachment":[{"href":"https:\/\/cu4arquitectura.com\/en\/wp-json\/wp\/v2\/media?parent=8144"}],"wp:term":[{"taxonomy":"category","embeddable":true,"href":"https:\/\/cu4arquitectura.com\/en\/wp-json\/wp\/v2\/categories?post=8144"},{"taxonomy":"post_tag","embeddable":true,"href":"https:\/\/cu4arquitectura.com\/en\/wp-json\/wp\/v2\/tags?post=8144"}],"curies":[{"name":"wp","href":"https:\/\/api.w.org\/{rel}","templated":true}]}}