{"id":8088,"date":"2024-10-17T12:38:21","date_gmt":"2024-10-17T12:38:21","guid":{"rendered":"https:\/\/cu4arquitectura.com\/?p=8088"},"modified":"2024-11-10T12:52:42","modified_gmt":"2024-11-10T12:52:42","slug":"jornada-neuroarquitectura-well-certified-salud-y-bienestar-en-los-espacios-arquitectonicos-en-el-ctav","status":"publish","type":"post","link":"https:\/\/cu4arquitectura.com\/en\/2024\/10\/17\/jornada-neuroarquitectura-well-certified-salud-y-bienestar-en-los-espacios-arquitectonicos-en-el-ctav\/","title":{"rendered":"Jornada &#8220;Neuroarquitectura + Well Certified: Salud y bienestar en los espacios arquitect\u00f3nicos&#8221; en el CTAV"},"content":{"rendered":"\n<p class=\"wp-block-paragraph\"><strong>CU4 Arquitectura<\/strong> particip\u00f3 en la jornada <strong>&#8220;Neuroarquitectura + Well Certified: Salud y Bienestar en los Espacios Arquitect\u00f3nicos&#8221;<\/strong>, organizada por el <strong>Colegio Territorial de Arquitectos de Valencia (CTAV)<\/strong>. El evento se llev\u00f3 a cabo en el Aula de Formaci\u00f3n del CTAV y tambi\u00e9n estuvo disponible de manera online, facilitando la asistencia de profesionales de diversas regiones.<\/p>\n\n\n\n<p class=\"wp-block-paragraph\">En la actualidad, la relaci\u00f3n entre el entorno construido y el bienestar humano ha cobrado una importancia sin precedentes. El est\u00e1ndar <strong>Well Certified<\/strong> y la <strong>Neuroarquitectura<\/strong> emergen como respuestas innovadoras para dise\u00f1ar espacios que promuevan la salud y el bienestar. Durante la jornada, se abordaron estrategias de dise\u00f1o basadas en evidencias que mejoran la calidad de vida de los ocupantes, as\u00ed como el impacto del entorno f\u00edsico en el cerebro y las emociones.<\/p>\n\n\n\n<figure class=\"wp-block-image size-large\"><img loading=\"lazy\" decoding=\"async\" width=\"1024\" height=\"683\" src=\"https:\/\/cu4arquitectura.com\/wp-content\/uploads\/2024\/11\/IMG_0888-1024x683.jpg\" alt=\"\" class=\"wp-image-8092\" srcset=\"https:\/\/cu4arquitectura.com\/wp-content\/uploads\/2024\/11\/IMG_0888-1024x683.jpg 1024w, https:\/\/cu4arquitectura.com\/wp-content\/uploads\/2024\/11\/IMG_0888-300x200.jpg 300w, https:\/\/cu4arquitectura.com\/wp-content\/uploads\/2024\/11\/IMG_0888-768x512.jpg 768w, https:\/\/cu4arquitectura.com\/wp-content\/uploads\/2024\/11\/IMG_0888-1536x1024.jpg 1536w, https:\/\/cu4arquitectura.com\/wp-content\/uploads\/2024\/11\/IMG_0888.jpg 1600w\" sizes=\"auto, (max-width: 1024px) 100vw, 1024px\" \/><\/figure>\n\n\n\n<p class=\"wp-block-paragraph\">Durante la jornada, los ponentes discutieron c\u00f3mo integrar los principios de <strong>Well Certified<\/strong> y <strong>Neuroarquitectura<\/strong> en proyectos arquitect\u00f3nicos, presentando ejemplos pr\u00e1cticos y estudios de caso que demuestran los beneficios tangibles en la salud y el bienestar de los usuarios. Se destac\u00f3 la importancia de factores como la calidad del aire, el acceso a la luz natural, el confort t\u00e9rmico y ac\u00fastico, as\u00ed como elementos que fomentan la actividad f\u00edsica y la interacci\u00f3n social.<\/p>\n\n\n\n<figure class=\"wp-block-image size-large\"><img loading=\"lazy\" decoding=\"async\" width=\"768\" height=\"1024\" src=\"https:\/\/cu4arquitectura.com\/wp-content\/uploads\/2024\/11\/IMG_0893-768x1024.jpg\" alt=\"\" class=\"wp-image-8093\" srcset=\"https:\/\/cu4arquitectura.com\/wp-content\/uploads\/2024\/11\/IMG_0893-768x1024.jpg 768w, https:\/\/cu4arquitectura.com\/wp-content\/uploads\/2024\/11\/IMG_0893-225x300.jpg 225w, https:\/\/cu4arquitectura.com\/wp-content\/uploads\/2024\/11\/IMG_0893-1152x1536.jpg 1152w, https:\/\/cu4arquitectura.com\/wp-content\/uploads\/2024\/11\/IMG_0893-1536x2048.jpg 1536w, https:\/\/cu4arquitectura.com\/wp-content\/uploads\/2024\/11\/IMG_0893.jpg 1600w\" sizes=\"auto, (max-width: 768px) 100vw, 768px\" \/><\/figure>\n\n\n\n<p class=\"wp-block-paragraph\"><strong>CU4 Arquitectura<\/strong> reafirm\u00f3 su compromiso con el dise\u00f1o centrado en el bienestar a trav\u00e9s de su servicio <strong>CU4 WELL<\/strong>, ofreciendo consultor\u00eda especializada para organizaciones que buscan crear espacios saludables y productivos. La participaci\u00f3n en esta jornada permiti\u00f3 a <strong>CU4 Arquitectura<\/strong> compartir su visi\u00f3n y conocimientos con otros profesionales del sector, promoviendo pr\u00e1cticas arquitect\u00f3nicas que priorizan la salud y el bienestar de las personas.<\/p>\n\n\n\n<p class=\"wp-block-paragraph\">Para m\u00e1s informaci\u00f3n sobre <strong>CU4 Arquitectura<\/strong> y sus proyectos enfocados en la arquitectura saludable, visita nuestra p\u00e1gina web <a href=\"https:\/\/cu4arquitectura.com\/\">cu4arquitectura.com<\/a>.<\/p>\n\n\n\n<p class=\"wp-block-paragraph\">Si deseas conocer c\u00f3mo integrar estos principios en tus propios espacios, te invitamos a explorar nuestra secci\u00f3n <strong>&#8220;Arquitectura Saludable&#8221;<\/strong>.<\/p>\n\n\n\n<p class=\"wp-block-paragraph\">Y si necesitas asistencia con tu propio proyecto, <strong>no dudes en contactar con nosotros<\/strong>.<\/p>\n","protected":false},"excerpt":{"rendered":"<p>CU4 Arquitectura particip\u00f3 en la jornada &#8220;Neuroarquitectura + Well Certified: Salud y Bienestar en los Espacios Arquitect\u00f3nicos&#8221;, organizada por el Colegio Territorial de Arquitectos de Valencia (CTAV). El evento se llev\u00f3 a cabo en el Aula de Formaci\u00f3n del CTAV y tambi\u00e9n estuvo disponible de manera online, facilitando la asistencia de profesionales de diversas regiones. [&hellip;]<\/p>\n","protected":false},"author":6,"featured_media":8101,"comment_status":"open","ping_status":"open","sticky":false,"template":"","format":"standard","meta":{"_acf_changed":false,"footnotes":""},"categories":[6],"tags":[],"class_list":["post-8088","post","type-post","status-publish","format-standard","has-post-thumbnail","hentry","category-cu4"],"acf":[],"yoast_head":"<!-- This site is optimized with the Yoast SEO plugin v27.7 - https:\/\/yoast.com\/product\/yoast-seo-wordpress\/ -->\n<title>Jornada &quot;Neuroarquitectura + Well Certified: Salud y bienestar en los espacios arquitect\u00f3nicos&quot; en el CTAV - CU4 Arquitectos en Valencia | Estudio de arquitectura<\/title>\n<meta name=\"robots\" content=\"index, follow, max-snippet:-1, max-image-preview:large, max-video-preview:-1\" \/>\n<link rel=\"canonical\" href=\"https:\/\/cu4arquitectura.com\/en\/2024\/10\/17\/jornada-neuroarquitectura-well-certified-salud-y-bienestar-en-los-espacios-arquitectonicos-en-el-ctav\/\" \/>\n<meta property=\"og:locale\" content=\"en_US\" \/>\n<meta property=\"og:type\" content=\"article\" \/>\n<meta property=\"og:title\" content=\"Jornada &quot;Neuroarquitectura + Well Certified: Salud y bienestar en los espacios arquitect\u00f3nicos&quot; en el CTAV - CU4 Arquitectos en Valencia | Estudio de arquitectura\" \/>\n<meta property=\"og:description\" content=\"CU4 Arquitectura particip\u00f3 en la jornada &#8220;Neuroarquitectura + Well Certified: Salud y Bienestar en los Espacios Arquitect\u00f3nicos&#8221;, organizada por el Colegio Territorial de Arquitectos de Valencia (CTAV). El evento se llev\u00f3 a cabo en el Aula de Formaci\u00f3n del CTAV y tambi\u00e9n estuvo disponible de manera online, facilitando la asistencia de profesionales de diversas regiones. [&hellip;]\" \/>\n<meta property=\"og:url\" content=\"https:\/\/cu4arquitectura.com\/en\/2024\/10\/17\/jornada-neuroarquitectura-well-certified-salud-y-bienestar-en-los-espacios-arquitectonicos-en-el-ctav\/\" \/>\n<meta property=\"og:site_name\" content=\"CU4 Arquitectos en Valencia | Estudio de arquitectura\" \/>\n<meta property=\"article:published_time\" content=\"2024-10-17T12:38:21+00:00\" \/>\n<meta property=\"article:modified_time\" content=\"2024-11-10T12:52:42+00:00\" \/>\n<meta property=\"og:image\" content=\"https:\/\/cu4arquitectura.com\/wp-content\/uploads\/2024\/10\/v2-0ca405ba-a0ad-4fe0-84a6-423b83f54263.jpg\" \/>\n\t<meta property=\"og:image:width\" content=\"1104\" \/>\n\t<meta property=\"og:image:height\" content=\"736\" \/>\n\t<meta property=\"og:image:type\" content=\"image\/jpeg\" \/>\n<meta name=\"author\" content=\"marketing_cu4\" \/>\n<meta name=\"twitter:card\" content=\"summary_large_image\" \/>\n<meta name=\"twitter:label1\" content=\"Written by\" \/>\n\t<meta name=\"twitter:data1\" content=\"marketing_cu4\" \/>\n\t<meta name=\"twitter:label2\" content=\"Est. reading time\" \/>\n\t<meta name=\"twitter:data2\" content=\"3 minutes\" \/>\n<script type=\"application\/ld+json\" class=\"yoast-schema-graph\">{\"@context\":\"https:\\\/\\\/schema.org\",\"@graph\":[{\"@type\":\"Article\",\"@id\":\"https:\\\/\\\/cu4arquitectura.com\\\/en\\\/2024\\\/10\\\/17\\\/jornada-neuroarquitectura-well-certified-salud-y-bienestar-en-los-espacios-arquitectonicos-en-el-ctav\\\/#article\",\"isPartOf\":{\"@id\":\"https:\\\/\\\/cu4arquitectura.com\\\/en\\\/2024\\\/10\\\/17\\\/jornada-neuroarquitectura-well-certified-salud-y-bienestar-en-los-espacios-arquitectonicos-en-el-ctav\\\/\"},\"author\":{\"name\":\"marketing_cu4\",\"@id\":\"https:\\\/\\\/cu4arquitectura.com\\\/en\\\/#\\\/schema\\\/person\\\/c70ab576860f0d7b726bfddf9ac6bee1\"},\"headline\":\"Jornada &#8220;Neuroarquitectura + Well Certified: Salud y bienestar en los espacios arquitect\u00f3nicos&#8221; en el CTAV\",\"datePublished\":\"2024-10-17T12:38:21+00:00\",\"dateModified\":\"2024-11-10T12:52:42+00:00\",\"mainEntityOfPage\":{\"@id\":\"https:\\\/\\\/cu4arquitectura.com\\\/en\\\/2024\\\/10\\\/17\\\/jornada-neuroarquitectura-well-certified-salud-y-bienestar-en-los-espacios-arquitectonicos-en-el-ctav\\\/\"},\"wordCount\":359,\"commentCount\":0,\"publisher\":{\"@id\":\"https:\\\/\\\/cu4arquitectura.com\\\/en\\\/#organization\"},\"image\":{\"@id\":\"https:\\\/\\\/cu4arquitectura.com\\\/en\\\/2024\\\/10\\\/17\\\/jornada-neuroarquitectura-well-certified-salud-y-bienestar-en-los-espacios-arquitectonicos-en-el-ctav\\\/#primaryimage\"},\"thumbnailUrl\":\"https:\\\/\\\/cu4arquitectura.com\\\/wp-content\\\/uploads\\\/2024\\\/10\\\/v2-0ca405ba-a0ad-4fe0-84a6-423b83f54263.jpg\",\"articleSection\":[\"CU4 Arquitectura\"],\"inLanguage\":\"en-US\",\"potentialAction\":[{\"@type\":\"CommentAction\",\"name\":\"Comment\",\"target\":[\"https:\\\/\\\/cu4arquitectura.com\\\/en\\\/2024\\\/10\\\/17\\\/jornada-neuroarquitectura-well-certified-salud-y-bienestar-en-los-espacios-arquitectonicos-en-el-ctav\\\/#respond\"]}]},{\"@type\":\"WebPage\",\"@id\":\"https:\\\/\\\/cu4arquitectura.com\\\/en\\\/2024\\\/10\\\/17\\\/jornada-neuroarquitectura-well-certified-salud-y-bienestar-en-los-espacios-arquitectonicos-en-el-ctav\\\/\",\"url\":\"https:\\\/\\\/cu4arquitectura.com\\\/en\\\/2024\\\/10\\\/17\\\/jornada-neuroarquitectura-well-certified-salud-y-bienestar-en-los-espacios-arquitectonicos-en-el-ctav\\\/\",\"name\":\"Jornada \\\"Neuroarquitectura + Well Certified: Salud y bienestar en los espacios arquitect\u00f3nicos\\\" en el CTAV - CU4 Arquitectos en Valencia | Estudio de arquitectura\",\"isPartOf\":{\"@id\":\"https:\\\/\\\/cu4arquitectura.com\\\/en\\\/#website\"},\"primaryImageOfPage\":{\"@id\":\"https:\\\/\\\/cu4arquitectura.com\\\/en\\\/2024\\\/10\\\/17\\\/jornada-neuroarquitectura-well-certified-salud-y-bienestar-en-los-espacios-arquitectonicos-en-el-ctav\\\/#primaryimage\"},\"image\":{\"@id\":\"https:\\\/\\\/cu4arquitectura.com\\\/en\\\/2024\\\/10\\\/17\\\/jornada-neuroarquitectura-well-certified-salud-y-bienestar-en-los-espacios-arquitectonicos-en-el-ctav\\\/#primaryimage\"},\"thumbnailUrl\":\"https:\\\/\\\/cu4arquitectura.com\\\/wp-content\\\/uploads\\\/2024\\\/10\\\/v2-0ca405ba-a0ad-4fe0-84a6-423b83f54263.jpg\",\"datePublished\":\"2024-10-17T12:38:21+00:00\",\"dateModified\":\"2024-11-10T12:52:42+00:00\",\"breadcrumb\":{\"@id\":\"https:\\\/\\\/cu4arquitectura.com\\\/en\\\/2024\\\/10\\\/17\\\/jornada-neuroarquitectura-well-certified-salud-y-bienestar-en-los-espacios-arquitectonicos-en-el-ctav\\\/#breadcrumb\"},\"inLanguage\":\"en-US\",\"potentialAction\":[{\"@type\":\"ReadAction\",\"target\":[\"https:\\\/\\\/cu4arquitectura.com\\\/en\\\/2024\\\/10\\\/17\\\/jornada-neuroarquitectura-well-certified-salud-y-bienestar-en-los-espacios-arquitectonicos-en-el-ctav\\\/\"]}]},{\"@type\":\"ImageObject\",\"inLanguage\":\"en-US\",\"@id\":\"https:\\\/\\\/cu4arquitectura.com\\\/en\\\/2024\\\/10\\\/17\\\/jornada-neuroarquitectura-well-certified-salud-y-bienestar-en-los-espacios-arquitectonicos-en-el-ctav\\\/#primaryimage\",\"url\":\"https:\\\/\\\/cu4arquitectura.com\\\/wp-content\\\/uploads\\\/2024\\\/10\\\/v2-0ca405ba-a0ad-4fe0-84a6-423b83f54263.jpg\",\"contentUrl\":\"https:\\\/\\\/cu4arquitectura.com\\\/wp-content\\\/uploads\\\/2024\\\/10\\\/v2-0ca405ba-a0ad-4fe0-84a6-423b83f54263.jpg\",\"width\":1104,\"height\":736},{\"@type\":\"BreadcrumbList\",\"@id\":\"https:\\\/\\\/cu4arquitectura.com\\\/en\\\/2024\\\/10\\\/17\\\/jornada-neuroarquitectura-well-certified-salud-y-bienestar-en-los-espacios-arquitectonicos-en-el-ctav\\\/#breadcrumb\",\"itemListElement\":[{\"@type\":\"ListItem\",\"position\":1,\"name\":\"Portada\",\"item\":\"https:\\\/\\\/cu4arquitectura.com\\\/en\\\/\"},{\"@type\":\"ListItem\",\"position\":2,\"name\":\"Jornada \u00abNeuroarquitectura + Well Certified: Salud y bienestar en los espacios arquitect\u00f3nicos\u00bb en el CTAV\"}]},{\"@type\":\"WebSite\",\"@id\":\"https:\\\/\\\/cu4arquitectura.com\\\/en\\\/#website\",\"url\":\"https:\\\/\\\/cu4arquitectura.com\\\/en\\\/\",\"name\":\"CU4 Arquitectos en Valencia | Estudio de arquitectura\",\"description\":\"Arquitectos en Valencia | Especializados en espacios a medida para empresas y particulares, dise\u00f1ados para tu bienestar\",\"publisher\":{\"@id\":\"https:\\\/\\\/cu4arquitectura.com\\\/en\\\/#organization\"},\"potentialAction\":[{\"@type\":\"SearchAction\",\"target\":{\"@type\":\"EntryPoint\",\"urlTemplate\":\"https:\\\/\\\/cu4arquitectura.com\\\/en\\\/?s={search_term_string}\"},\"query-input\":{\"@type\":\"PropertyValueSpecification\",\"valueRequired\":true,\"valueName\":\"search_term_string\"}}],\"inLanguage\":\"en-US\"},{\"@type\":\"Organization\",\"@id\":\"https:\\\/\\\/cu4arquitectura.com\\\/en\\\/#organization\",\"name\":\"CU4 Arquitectos en Valencia | Estudio de arquitectura\",\"url\":\"https:\\\/\\\/cu4arquitectura.com\\\/en\\\/\",\"logo\":{\"@type\":\"ImageObject\",\"inLanguage\":\"en-US\",\"@id\":\"https:\\\/\\\/cu4arquitectura.com\\\/en\\\/#\\\/schema\\\/logo\\\/image\\\/\",\"url\":\"https:\\\/\\\/cu4arquitectura.com\\\/wp-content\\\/uploads\\\/2024\\\/01\\\/LOGO_CU4_original.svg\",\"contentUrl\":\"https:\\\/\\\/cu4arquitectura.com\\\/wp-content\\\/uploads\\\/2024\\\/01\\\/LOGO_CU4_original.svg\",\"width\":841,\"height\":595,\"caption\":\"CU4 Arquitectos en Valencia | Estudio de arquitectura\"},\"image\":{\"@id\":\"https:\\\/\\\/cu4arquitectura.com\\\/en\\\/#\\\/schema\\\/logo\\\/image\\\/\"}},{\"@type\":\"Person\",\"@id\":\"https:\\\/\\\/cu4arquitectura.com\\\/en\\\/#\\\/schema\\\/person\\\/c70ab576860f0d7b726bfddf9ac6bee1\",\"name\":\"marketing_cu4\",\"image\":{\"@type\":\"ImageObject\",\"inLanguage\":\"en-US\",\"@id\":\"https:\\\/\\\/secure.gravatar.com\\\/avatar\\\/86c48ef7b9c98ce2ab81227e90f4c26e83b56be50938c9107f0d7c330300c639?s=96&d=mm&r=g\",\"url\":\"https:\\\/\\\/secure.gravatar.com\\\/avatar\\\/86c48ef7b9c98ce2ab81227e90f4c26e83b56be50938c9107f0d7c330300c639?s=96&d=mm&r=g\",\"contentUrl\":\"https:\\\/\\\/secure.gravatar.com\\\/avatar\\\/86c48ef7b9c98ce2ab81227e90f4c26e83b56be50938c9107f0d7c330300c639?s=96&d=mm&r=g\",\"caption\":\"marketing_cu4\"},\"url\":\"https:\\\/\\\/cu4arquitectura.com\\\/en\\\/author\\\/marketing_cu4\\\/\"}]}<\/script>\n<!-- \/ Yoast SEO plugin. -->","yoast_head_json":{"title":"Jornada \"Neuroarquitectura + Well Certified: Salud y bienestar en los espacios arquitect\u00f3nicos\" en el CTAV - CU4 Arquitectos en Valencia | Estudio de arquitectura","robots":{"index":"index","follow":"follow","max-snippet":"max-snippet:-1","max-image-preview":"max-image-preview:large","max-video-preview":"max-video-preview:-1"},"canonical":"https:\/\/cu4arquitectura.com\/en\/2024\/10\/17\/jornada-neuroarquitectura-well-certified-salud-y-bienestar-en-los-espacios-arquitectonicos-en-el-ctav\/","og_locale":"en_US","og_type":"article","og_title":"Jornada \"Neuroarquitectura + Well Certified: Salud y bienestar en los espacios arquitect\u00f3nicos\" en el CTAV - CU4 Arquitectos en Valencia | Estudio de arquitectura","og_description":"CU4 Arquitectura particip\u00f3 en la jornada &#8220;Neuroarquitectura + Well Certified: Salud y Bienestar en los Espacios Arquitect\u00f3nicos&#8221;, organizada por el Colegio Territorial de Arquitectos de Valencia (CTAV). El evento se llev\u00f3 a cabo en el Aula de Formaci\u00f3n del CTAV y tambi\u00e9n estuvo disponible de manera online, facilitando la asistencia de profesionales de diversas regiones. [&hellip;]","og_url":"https:\/\/cu4arquitectura.com\/en\/2024\/10\/17\/jornada-neuroarquitectura-well-certified-salud-y-bienestar-en-los-espacios-arquitectonicos-en-el-ctav\/","og_site_name":"CU4 Arquitectos en Valencia | Estudio de arquitectura","article_published_time":"2024-10-17T12:38:21+00:00","article_modified_time":"2024-11-10T12:52:42+00:00","og_image":[{"width":1104,"height":736,"url":"https:\/\/cu4arquitectura.com\/wp-content\/uploads\/2024\/10\/v2-0ca405ba-a0ad-4fe0-84a6-423b83f54263.jpg","type":"image\/jpeg"}],"author":"marketing_cu4","twitter_card":"summary_large_image","twitter_misc":{"Written by":"marketing_cu4","Est. reading time":"3 minutes"},"schema":{"@context":"https:\/\/schema.org","@graph":[{"@type":"Article","@id":"https:\/\/cu4arquitectura.com\/en\/2024\/10\/17\/jornada-neuroarquitectura-well-certified-salud-y-bienestar-en-los-espacios-arquitectonicos-en-el-ctav\/#article","isPartOf":{"@id":"https:\/\/cu4arquitectura.com\/en\/2024\/10\/17\/jornada-neuroarquitectura-well-certified-salud-y-bienestar-en-los-espacios-arquitectonicos-en-el-ctav\/"},"author":{"name":"marketing_cu4","@id":"https:\/\/cu4arquitectura.com\/en\/#\/schema\/person\/c70ab576860f0d7b726bfddf9ac6bee1"},"headline":"Jornada &#8220;Neuroarquitectura + Well Certified: Salud y bienestar en los espacios arquitect\u00f3nicos&#8221; en el CTAV","datePublished":"2024-10-17T12:38:21+00:00","dateModified":"2024-11-10T12:52:42+00:00","mainEntityOfPage":{"@id":"https:\/\/cu4arquitectura.com\/en\/2024\/10\/17\/jornada-neuroarquitectura-well-certified-salud-y-bienestar-en-los-espacios-arquitectonicos-en-el-ctav\/"},"wordCount":359,"commentCount":0,"publisher":{"@id":"https:\/\/cu4arquitectura.com\/en\/#organization"},"image":{"@id":"https:\/\/cu4arquitectura.com\/en\/2024\/10\/17\/jornada-neuroarquitectura-well-certified-salud-y-bienestar-en-los-espacios-arquitectonicos-en-el-ctav\/#primaryimage"},"thumbnailUrl":"https:\/\/cu4arquitectura.com\/wp-content\/uploads\/2024\/10\/v2-0ca405ba-a0ad-4fe0-84a6-423b83f54263.jpg","articleSection":["CU4 Arquitectura"],"inLanguage":"en-US","potentialAction":[{"@type":"CommentAction","name":"Comment","target":["https:\/\/cu4arquitectura.com\/en\/2024\/10\/17\/jornada-neuroarquitectura-well-certified-salud-y-bienestar-en-los-espacios-arquitectonicos-en-el-ctav\/#respond"]}]},{"@type":"WebPage","@id":"https:\/\/cu4arquitectura.com\/en\/2024\/10\/17\/jornada-neuroarquitectura-well-certified-salud-y-bienestar-en-los-espacios-arquitectonicos-en-el-ctav\/","url":"https:\/\/cu4arquitectura.com\/en\/2024\/10\/17\/jornada-neuroarquitectura-well-certified-salud-y-bienestar-en-los-espacios-arquitectonicos-en-el-ctav\/","name":"Jornada \"Neuroarquitectura + Well Certified: Salud y bienestar en los espacios arquitect\u00f3nicos\" en el CTAV - CU4 Arquitectos en Valencia | Estudio de arquitectura","isPartOf":{"@id":"https:\/\/cu4arquitectura.com\/en\/#website"},"primaryImageOfPage":{"@id":"https:\/\/cu4arquitectura.com\/en\/2024\/10\/17\/jornada-neuroarquitectura-well-certified-salud-y-bienestar-en-los-espacios-arquitectonicos-en-el-ctav\/#primaryimage"},"image":{"@id":"https:\/\/cu4arquitectura.com\/en\/2024\/10\/17\/jornada-neuroarquitectura-well-certified-salud-y-bienestar-en-los-espacios-arquitectonicos-en-el-ctav\/#primaryimage"},"thumbnailUrl":"https:\/\/cu4arquitectura.com\/wp-content\/uploads\/2024\/10\/v2-0ca405ba-a0ad-4fe0-84a6-423b83f54263.jpg","datePublished":"2024-10-17T12:38:21+00:00","dateModified":"2024-11-10T12:52:42+00:00","breadcrumb":{"@id":"https:\/\/cu4arquitectura.com\/en\/2024\/10\/17\/jornada-neuroarquitectura-well-certified-salud-y-bienestar-en-los-espacios-arquitectonicos-en-el-ctav\/#breadcrumb"},"inLanguage":"en-US","potentialAction":[{"@type":"ReadAction","target":["https:\/\/cu4arquitectura.com\/en\/2024\/10\/17\/jornada-neuroarquitectura-well-certified-salud-y-bienestar-en-los-espacios-arquitectonicos-en-el-ctav\/"]}]},{"@type":"ImageObject","inLanguage":"en-US","@id":"https:\/\/cu4arquitectura.com\/en\/2024\/10\/17\/jornada-neuroarquitectura-well-certified-salud-y-bienestar-en-los-espacios-arquitectonicos-en-el-ctav\/#primaryimage","url":"https:\/\/cu4arquitectura.com\/wp-content\/uploads\/2024\/10\/v2-0ca405ba-a0ad-4fe0-84a6-423b83f54263.jpg","contentUrl":"https:\/\/cu4arquitectura.com\/wp-content\/uploads\/2024\/10\/v2-0ca405ba-a0ad-4fe0-84a6-423b83f54263.jpg","width":1104,"height":736},{"@type":"BreadcrumbList","@id":"https:\/\/cu4arquitectura.com\/en\/2024\/10\/17\/jornada-neuroarquitectura-well-certified-salud-y-bienestar-en-los-espacios-arquitectonicos-en-el-ctav\/#breadcrumb","itemListElement":[{"@type":"ListItem","position":1,"name":"Portada","item":"https:\/\/cu4arquitectura.com\/en\/"},{"@type":"ListItem","position":2,"name":"Jornada \u00abNeuroarquitectura + Well Certified: Salud y bienestar en los espacios arquitect\u00f3nicos\u00bb en el CTAV"}]},{"@type":"WebSite","@id":"https:\/\/cu4arquitectura.com\/en\/#website","url":"https:\/\/cu4arquitectura.com\/en\/","name":"CU4 Arquitectos en Valencia | Estudio de arquitectura","description":"Arquitectos en Valencia | Especializados en espacios a medida para empresas y particulares, dise\u00f1ados para tu bienestar","publisher":{"@id":"https:\/\/cu4arquitectura.com\/en\/#organization"},"potentialAction":[{"@type":"SearchAction","target":{"@type":"EntryPoint","urlTemplate":"https:\/\/cu4arquitectura.com\/en\/?s={search_term_string}"},"query-input":{"@type":"PropertyValueSpecification","valueRequired":true,"valueName":"search_term_string"}}],"inLanguage":"en-US"},{"@type":"Organization","@id":"https:\/\/cu4arquitectura.com\/en\/#organization","name":"CU4 Arquitectos en Valencia | Estudio de arquitectura","url":"https:\/\/cu4arquitectura.com\/en\/","logo":{"@type":"ImageObject","inLanguage":"en-US","@id":"https:\/\/cu4arquitectura.com\/en\/#\/schema\/logo\/image\/","url":"https:\/\/cu4arquitectura.com\/wp-content\/uploads\/2024\/01\/LOGO_CU4_original.svg","contentUrl":"https:\/\/cu4arquitectura.com\/wp-content\/uploads\/2024\/01\/LOGO_CU4_original.svg","width":841,"height":595,"caption":"CU4 Arquitectos en Valencia | Estudio de arquitectura"},"image":{"@id":"https:\/\/cu4arquitectura.com\/en\/#\/schema\/logo\/image\/"}},{"@type":"Person","@id":"https:\/\/cu4arquitectura.com\/en\/#\/schema\/person\/c70ab576860f0d7b726bfddf9ac6bee1","name":"marketing_cu4","image":{"@type":"ImageObject","inLanguage":"en-US","@id":"https:\/\/secure.gravatar.com\/avatar\/86c48ef7b9c98ce2ab81227e90f4c26e83b56be50938c9107f0d7c330300c639?s=96&d=mm&r=g","url":"https:\/\/secure.gravatar.com\/avatar\/86c48ef7b9c98ce2ab81227e90f4c26e83b56be50938c9107f0d7c330300c639?s=96&d=mm&r=g","contentUrl":"https:\/\/secure.gravatar.com\/avatar\/86c48ef7b9c98ce2ab81227e90f4c26e83b56be50938c9107f0d7c330300c639?s=96&d=mm&r=g","caption":"marketing_cu4"},"url":"https:\/\/cu4arquitectura.com\/en\/author\/marketing_cu4\/"}]}},"_links":{"self":[{"href":"https:\/\/cu4arquitectura.com\/en\/wp-json\/wp\/v2\/posts\/8088","targetHints":{"allow":["GET"]}}],"collection":[{"href":"https:\/\/cu4arquitectura.com\/en\/wp-json\/wp\/v2\/posts"}],"about":[{"href":"https:\/\/cu4arquitectura.com\/en\/wp-json\/wp\/v2\/types\/post"}],"author":[{"embeddable":true,"href":"https:\/\/cu4arquitectura.com\/en\/wp-json\/wp\/v2\/users\/6"}],"replies":[{"embeddable":true,"href":"https:\/\/cu4arquitectura.com\/en\/wp-json\/wp\/v2\/comments?post=8088"}],"version-history":[{"count":2,"href":"https:\/\/cu4arquitectura.com\/en\/wp-json\/wp\/v2\/posts\/8088\/revisions"}],"predecessor-version":[{"id":8094,"href":"https:\/\/cu4arquitectura.com\/en\/wp-json\/wp\/v2\/posts\/8088\/revisions\/8094"}],"wp:featuredmedia":[{"embeddable":true,"href":"https:\/\/cu4arquitectura.com\/en\/wp-json\/wp\/v2\/media\/8101"}],"wp:attachment":[{"href":"https:\/\/cu4arquitectura.com\/en\/wp-json\/wp\/v2\/media?parent=8088"}],"wp:term":[{"taxonomy":"category","embeddable":true,"href":"https:\/\/cu4arquitectura.com\/en\/wp-json\/wp\/v2\/categories?post=8088"},{"taxonomy":"post_tag","embeddable":true,"href":"https:\/\/cu4arquitectura.com\/en\/wp-json\/wp\/v2\/tags?post=8088"}],"curies":[{"name":"wp","href":"https:\/\/api.w.org\/{rel}","templated":true}]}}