{"id":8083,"date":"2024-10-14T12:10:52","date_gmt":"2024-10-14T12:10:52","guid":{"rendered":"https:\/\/cu4arquitectura.com\/?p=8083"},"modified":"2024-11-10T12:12:53","modified_gmt":"2024-11-10T12:12:53","slug":"podcast-de-piel-a-cabeza","status":"publish","type":"post","link":"https:\/\/cu4arquitectura.com\/en\/2024\/10\/14\/podcast-de-piel-a-cabeza\/","title":{"rendered":"Podcast &#8220;De Piel a Cabeza&#8221;"},"content":{"rendered":"\n<p class=\"wp-block-paragraph\">El pasado 14 de octubre de 2024, se public\u00f3 el episodio <strong>&#8220;Mejora tu hogar: el impacto en la salud de los espacios que habitamos&#8221;<\/strong> del podcast <strong>&#8220;De Piel a Cabeza&#8221;<\/strong>.<\/p>\n\n\n\n<p class=\"wp-block-paragraph\">En este episodio, nuestra compa\u00f1era <strong>Anna Ferrer<\/strong>, cofundadora de CU4 Arquitectura, aborda c\u00f3mo los espacios que habitamos influyen en nuestro bienestar f\u00edsico, mental y social. Anna explica c\u00f3mo aspectos como la calidad del aire y la luz natural afectan nuestros ritmos biol\u00f3gicos y c\u00f3mo la arquitectura puede ser una herramienta para mejorar nuestra salud.<\/p>\n\n\n\n<p class=\"wp-block-paragraph\">Durante la charla, Anna ofrece ejemplos de proyectos que han aplicado los principios que propone evaluar la certificaci\u00f3n WELL y brinda consejos pr\u00e1cticos para transformar hogares y oficinas en espacios que cuidan y potencian el bienestar de sus habitantes.<\/p>\n\n\n\n<p class=\"wp-block-paragraph\">El podcast <strong>&#8220;De Piel a Cabeza&#8221;<\/strong>, conducido por Ana Molina, Dermat\u00f3loga, y Rosa Molina, Psiquiatra y neurocient\u00edfica, se centra en proporcionar herramientas para cuidar la salud f\u00edsica y mental, a trav\u00e9s de entrevistas con profesionales del sector y contenido basado en evidencia cient\u00edfica.<\/p>\n\n\n\n<p class=\"wp-block-paragraph\">Para escuchar el episodio completo, visita cualquier plataforma de podcast.<\/p>\n\n\n\n<iframe style=\"border-radius:12px\" src=\"https:\/\/open.spotify.com\/embed\/episode\/4klSqmAEyJKBT5womhApIL?utm_source=generator\" width=\"100%\" height=\"352\" frameBorder=\"0\" allowfullscreen=\"\" allow=\"autoplay; clipboard-write; encrypted-media; fullscreen; picture-in-picture\" loading=\"lazy\"><\/iframe>\n\n\n\n<p class=\"wp-block-paragraph\">Si deseas conocer m\u00e1s sobre c\u00f3mo CU4 Arquitectura integra la salud en sus proyectos, te invitamos a visitar nuestra p\u00e1gina web <a href=\"http:\/\/cu4well.com\/\">cu4well.com<\/a>.<\/p>\n\n\n\n<p class=\"wp-block-paragraph\">Y si necesitas asistencia con tu propio proyecto, <strong>no dudes en <a href=\"https:\/\/cu4arquitectura.com\/contacto-arquitectos-valencia\/\">contactar con nosotros<\/a><\/strong>.<\/p>\n","protected":false},"excerpt":{"rendered":"<p>El pasado 14 de octubre de 2024, se public\u00f3 el episodio &#8220;Mejora tu hogar: el impacto en la salud de los espacios que habitamos&#8221; del podcast &#8220;De Piel a Cabeza&#8221;. En este episodio, nuestra compa\u00f1era Anna Ferrer, cofundadora de CU4 Arquitectura, aborda c\u00f3mo los espacios que habitamos influyen en nuestro bienestar f\u00edsico, mental y social. [&hellip;]<\/p>\n","protected":false},"author":6,"featured_media":8084,"comment_status":"open","ping_status":"open","sticky":false,"template":"","format":"standard","meta":{"_acf_changed":false,"footnotes":""},"categories":[6],"tags":[],"class_list":["post-8083","post","type-post","status-publish","format-standard","has-post-thumbnail","hentry","category-cu4"],"acf":[],"yoast_head":"<!-- This site is optimized with the Yoast SEO plugin v27.7 - https:\/\/yoast.com\/product\/yoast-seo-wordpress\/ -->\n<title>Podcast &quot;De Piel a Cabeza&quot; - CU4 Arquitectos en Valencia | Estudio de arquitectura<\/title>\n<meta name=\"robots\" content=\"index, follow, max-snippet:-1, max-image-preview:large, max-video-preview:-1\" \/>\n<link rel=\"canonical\" href=\"https:\/\/cu4arquitectura.com\/en\/2024\/10\/14\/podcast-de-piel-a-cabeza\/\" \/>\n<meta property=\"og:locale\" content=\"en_US\" \/>\n<meta property=\"og:type\" content=\"article\" \/>\n<meta property=\"og:title\" content=\"Podcast &quot;De Piel a Cabeza&quot; - CU4 Arquitectos en Valencia | Estudio de arquitectura\" \/>\n<meta property=\"og:description\" content=\"El pasado 14 de octubre de 2024, se public\u00f3 el episodio &#8220;Mejora tu hogar: el impacto en la salud de los espacios que habitamos&#8221; del podcast &#8220;De Piel a Cabeza&#8221;. En este episodio, nuestra compa\u00f1era Anna Ferrer, cofundadora de CU4 Arquitectura, aborda c\u00f3mo los espacios que habitamos influyen en nuestro bienestar f\u00edsico, mental y social. [&hellip;]\" \/>\n<meta property=\"og:url\" content=\"https:\/\/cu4arquitectura.com\/en\/2024\/10\/14\/podcast-de-piel-a-cabeza\/\" \/>\n<meta property=\"og:site_name\" content=\"CU4 Arquitectos en Valencia | Estudio de arquitectura\" \/>\n<meta property=\"article:published_time\" content=\"2024-10-14T12:10:52+00:00\" \/>\n<meta property=\"article:modified_time\" content=\"2024-11-10T12:12:53+00:00\" \/>\n<meta property=\"og:image\" content=\"https:\/\/cu4arquitectura.com\/wp-content\/uploads\/2024\/11\/241002_EventoNIU_0522-scaled.jpg\" \/>\n\t<meta property=\"og:image:width\" content=\"2560\" \/>\n\t<meta property=\"og:image:height\" content=\"1707\" \/>\n\t<meta property=\"og:image:type\" content=\"image\/jpeg\" \/>\n<meta name=\"author\" content=\"marketing_cu4\" \/>\n<meta name=\"twitter:card\" content=\"summary_large_image\" \/>\n<meta name=\"twitter:label1\" content=\"Written by\" \/>\n\t<meta name=\"twitter:data1\" content=\"marketing_cu4\" \/>\n\t<meta name=\"twitter:label2\" content=\"Est. reading time\" \/>\n\t<meta name=\"twitter:data2\" content=\"2 minutes\" \/>\n<script type=\"application\/ld+json\" class=\"yoast-schema-graph\">{\"@context\":\"https:\\\/\\\/schema.org\",\"@graph\":[{\"@type\":\"Article\",\"@id\":\"https:\\\/\\\/cu4arquitectura.com\\\/en\\\/2024\\\/10\\\/14\\\/podcast-de-piel-a-cabeza\\\/#article\",\"isPartOf\":{\"@id\":\"https:\\\/\\\/cu4arquitectura.com\\\/en\\\/2024\\\/10\\\/14\\\/podcast-de-piel-a-cabeza\\\/\"},\"author\":{\"name\":\"marketing_cu4\",\"@id\":\"https:\\\/\\\/cu4arquitectura.com\\\/en\\\/#\\\/schema\\\/person\\\/c70ab576860f0d7b726bfddf9ac6bee1\"},\"headline\":\"Podcast &#8220;De Piel a Cabeza&#8221;\",\"datePublished\":\"2024-10-14T12:10:52+00:00\",\"dateModified\":\"2024-11-10T12:12:53+00:00\",\"mainEntityOfPage\":{\"@id\":\"https:\\\/\\\/cu4arquitectura.com\\\/en\\\/2024\\\/10\\\/14\\\/podcast-de-piel-a-cabeza\\\/\"},\"wordCount\":233,\"commentCount\":0,\"publisher\":{\"@id\":\"https:\\\/\\\/cu4arquitectura.com\\\/en\\\/#organization\"},\"image\":{\"@id\":\"https:\\\/\\\/cu4arquitectura.com\\\/en\\\/2024\\\/10\\\/14\\\/podcast-de-piel-a-cabeza\\\/#primaryimage\"},\"thumbnailUrl\":\"https:\\\/\\\/cu4arquitectura.com\\\/wp-content\\\/uploads\\\/2024\\\/11\\\/241002_EventoNIU_0522-scaled.jpg\",\"articleSection\":[\"CU4 Arquitectura\"],\"inLanguage\":\"en-US\",\"potentialAction\":[{\"@type\":\"CommentAction\",\"name\":\"Comment\",\"target\":[\"https:\\\/\\\/cu4arquitectura.com\\\/en\\\/2024\\\/10\\\/14\\\/podcast-de-piel-a-cabeza\\\/#respond\"]}]},{\"@type\":\"WebPage\",\"@id\":\"https:\\\/\\\/cu4arquitectura.com\\\/en\\\/2024\\\/10\\\/14\\\/podcast-de-piel-a-cabeza\\\/\",\"url\":\"https:\\\/\\\/cu4arquitectura.com\\\/en\\\/2024\\\/10\\\/14\\\/podcast-de-piel-a-cabeza\\\/\",\"name\":\"Podcast \\\"De Piel a Cabeza\\\" - CU4 Arquitectos en Valencia | Estudio de arquitectura\",\"isPartOf\":{\"@id\":\"https:\\\/\\\/cu4arquitectura.com\\\/en\\\/#website\"},\"primaryImageOfPage\":{\"@id\":\"https:\\\/\\\/cu4arquitectura.com\\\/en\\\/2024\\\/10\\\/14\\\/podcast-de-piel-a-cabeza\\\/#primaryimage\"},\"image\":{\"@id\":\"https:\\\/\\\/cu4arquitectura.com\\\/en\\\/2024\\\/10\\\/14\\\/podcast-de-piel-a-cabeza\\\/#primaryimage\"},\"thumbnailUrl\":\"https:\\\/\\\/cu4arquitectura.com\\\/wp-content\\\/uploads\\\/2024\\\/11\\\/241002_EventoNIU_0522-scaled.jpg\",\"datePublished\":\"2024-10-14T12:10:52+00:00\",\"dateModified\":\"2024-11-10T12:12:53+00:00\",\"breadcrumb\":{\"@id\":\"https:\\\/\\\/cu4arquitectura.com\\\/en\\\/2024\\\/10\\\/14\\\/podcast-de-piel-a-cabeza\\\/#breadcrumb\"},\"inLanguage\":\"en-US\",\"potentialAction\":[{\"@type\":\"ReadAction\",\"target\":[\"https:\\\/\\\/cu4arquitectura.com\\\/en\\\/2024\\\/10\\\/14\\\/podcast-de-piel-a-cabeza\\\/\"]}]},{\"@type\":\"ImageObject\",\"inLanguage\":\"en-US\",\"@id\":\"https:\\\/\\\/cu4arquitectura.com\\\/en\\\/2024\\\/10\\\/14\\\/podcast-de-piel-a-cabeza\\\/#primaryimage\",\"url\":\"https:\\\/\\\/cu4arquitectura.com\\\/wp-content\\\/uploads\\\/2024\\\/11\\\/241002_EventoNIU_0522-scaled.jpg\",\"contentUrl\":\"https:\\\/\\\/cu4arquitectura.com\\\/wp-content\\\/uploads\\\/2024\\\/11\\\/241002_EventoNIU_0522-scaled.jpg\",\"width\":2560,\"height\":1707},{\"@type\":\"BreadcrumbList\",\"@id\":\"https:\\\/\\\/cu4arquitectura.com\\\/en\\\/2024\\\/10\\\/14\\\/podcast-de-piel-a-cabeza\\\/#breadcrumb\",\"itemListElement\":[{\"@type\":\"ListItem\",\"position\":1,\"name\":\"Portada\",\"item\":\"https:\\\/\\\/cu4arquitectura.com\\\/en\\\/\"},{\"@type\":\"ListItem\",\"position\":2,\"name\":\"Podcast \u00abDe Piel a Cabeza\u00bb\"}]},{\"@type\":\"WebSite\",\"@id\":\"https:\\\/\\\/cu4arquitectura.com\\\/en\\\/#website\",\"url\":\"https:\\\/\\\/cu4arquitectura.com\\\/en\\\/\",\"name\":\"CU4 Arquitectos en Valencia | Estudio de arquitectura\",\"description\":\"Arquitectos en Valencia | Especializados en espacios a medida para empresas y particulares, dise\u00f1ados para tu bienestar\",\"publisher\":{\"@id\":\"https:\\\/\\\/cu4arquitectura.com\\\/en\\\/#organization\"},\"potentialAction\":[{\"@type\":\"SearchAction\",\"target\":{\"@type\":\"EntryPoint\",\"urlTemplate\":\"https:\\\/\\\/cu4arquitectura.com\\\/en\\\/?s={search_term_string}\"},\"query-input\":{\"@type\":\"PropertyValueSpecification\",\"valueRequired\":true,\"valueName\":\"search_term_string\"}}],\"inLanguage\":\"en-US\"},{\"@type\":\"Organization\",\"@id\":\"https:\\\/\\\/cu4arquitectura.com\\\/en\\\/#organization\",\"name\":\"CU4 Arquitectos en Valencia | Estudio de arquitectura\",\"url\":\"https:\\\/\\\/cu4arquitectura.com\\\/en\\\/\",\"logo\":{\"@type\":\"ImageObject\",\"inLanguage\":\"en-US\",\"@id\":\"https:\\\/\\\/cu4arquitectura.com\\\/en\\\/#\\\/schema\\\/logo\\\/image\\\/\",\"url\":\"https:\\\/\\\/cu4arquitectura.com\\\/wp-content\\\/uploads\\\/2024\\\/01\\\/LOGO_CU4_original.svg\",\"contentUrl\":\"https:\\\/\\\/cu4arquitectura.com\\\/wp-content\\\/uploads\\\/2024\\\/01\\\/LOGO_CU4_original.svg\",\"width\":841,\"height\":595,\"caption\":\"CU4 Arquitectos en Valencia | Estudio de arquitectura\"},\"image\":{\"@id\":\"https:\\\/\\\/cu4arquitectura.com\\\/en\\\/#\\\/schema\\\/logo\\\/image\\\/\"}},{\"@type\":\"Person\",\"@id\":\"https:\\\/\\\/cu4arquitectura.com\\\/en\\\/#\\\/schema\\\/person\\\/c70ab576860f0d7b726bfddf9ac6bee1\",\"name\":\"marketing_cu4\",\"image\":{\"@type\":\"ImageObject\",\"inLanguage\":\"en-US\",\"@id\":\"https:\\\/\\\/secure.gravatar.com\\\/avatar\\\/86c48ef7b9c98ce2ab81227e90f4c26e83b56be50938c9107f0d7c330300c639?s=96&d=mm&r=g\",\"url\":\"https:\\\/\\\/secure.gravatar.com\\\/avatar\\\/86c48ef7b9c98ce2ab81227e90f4c26e83b56be50938c9107f0d7c330300c639?s=96&d=mm&r=g\",\"contentUrl\":\"https:\\\/\\\/secure.gravatar.com\\\/avatar\\\/86c48ef7b9c98ce2ab81227e90f4c26e83b56be50938c9107f0d7c330300c639?s=96&d=mm&r=g\",\"caption\":\"marketing_cu4\"},\"url\":\"https:\\\/\\\/cu4arquitectura.com\\\/en\\\/author\\\/marketing_cu4\\\/\"}]}<\/script>\n<!-- \/ Yoast SEO plugin. -->","yoast_head_json":{"title":"Podcast \"De Piel a Cabeza\" - CU4 Arquitectos en Valencia | Estudio de arquitectura","robots":{"index":"index","follow":"follow","max-snippet":"max-snippet:-1","max-image-preview":"max-image-preview:large","max-video-preview":"max-video-preview:-1"},"canonical":"https:\/\/cu4arquitectura.com\/en\/2024\/10\/14\/podcast-de-piel-a-cabeza\/","og_locale":"en_US","og_type":"article","og_title":"Podcast \"De Piel a Cabeza\" - CU4 Arquitectos en Valencia | Estudio de arquitectura","og_description":"El pasado 14 de octubre de 2024, se public\u00f3 el episodio &#8220;Mejora tu hogar: el impacto en la salud de los espacios que habitamos&#8221; del podcast &#8220;De Piel a Cabeza&#8221;. En este episodio, nuestra compa\u00f1era Anna Ferrer, cofundadora de CU4 Arquitectura, aborda c\u00f3mo los espacios que habitamos influyen en nuestro bienestar f\u00edsico, mental y social. [&hellip;]","og_url":"https:\/\/cu4arquitectura.com\/en\/2024\/10\/14\/podcast-de-piel-a-cabeza\/","og_site_name":"CU4 Arquitectos en Valencia | Estudio de arquitectura","article_published_time":"2024-10-14T12:10:52+00:00","article_modified_time":"2024-11-10T12:12:53+00:00","og_image":[{"width":2560,"height":1707,"url":"https:\/\/cu4arquitectura.com\/wp-content\/uploads\/2024\/11\/241002_EventoNIU_0522-scaled.jpg","type":"image\/jpeg"}],"author":"marketing_cu4","twitter_card":"summary_large_image","twitter_misc":{"Written by":"marketing_cu4","Est. reading time":"2 minutes"},"schema":{"@context":"https:\/\/schema.org","@graph":[{"@type":"Article","@id":"https:\/\/cu4arquitectura.com\/en\/2024\/10\/14\/podcast-de-piel-a-cabeza\/#article","isPartOf":{"@id":"https:\/\/cu4arquitectura.com\/en\/2024\/10\/14\/podcast-de-piel-a-cabeza\/"},"author":{"name":"marketing_cu4","@id":"https:\/\/cu4arquitectura.com\/en\/#\/schema\/person\/c70ab576860f0d7b726bfddf9ac6bee1"},"headline":"Podcast &#8220;De Piel a Cabeza&#8221;","datePublished":"2024-10-14T12:10:52+00:00","dateModified":"2024-11-10T12:12:53+00:00","mainEntityOfPage":{"@id":"https:\/\/cu4arquitectura.com\/en\/2024\/10\/14\/podcast-de-piel-a-cabeza\/"},"wordCount":233,"commentCount":0,"publisher":{"@id":"https:\/\/cu4arquitectura.com\/en\/#organization"},"image":{"@id":"https:\/\/cu4arquitectura.com\/en\/2024\/10\/14\/podcast-de-piel-a-cabeza\/#primaryimage"},"thumbnailUrl":"https:\/\/cu4arquitectura.com\/wp-content\/uploads\/2024\/11\/241002_EventoNIU_0522-scaled.jpg","articleSection":["CU4 Arquitectura"],"inLanguage":"en-US","potentialAction":[{"@type":"CommentAction","name":"Comment","target":["https:\/\/cu4arquitectura.com\/en\/2024\/10\/14\/podcast-de-piel-a-cabeza\/#respond"]}]},{"@type":"WebPage","@id":"https:\/\/cu4arquitectura.com\/en\/2024\/10\/14\/podcast-de-piel-a-cabeza\/","url":"https:\/\/cu4arquitectura.com\/en\/2024\/10\/14\/podcast-de-piel-a-cabeza\/","name":"Podcast \"De Piel a Cabeza\" - CU4 Arquitectos en Valencia | Estudio de arquitectura","isPartOf":{"@id":"https:\/\/cu4arquitectura.com\/en\/#website"},"primaryImageOfPage":{"@id":"https:\/\/cu4arquitectura.com\/en\/2024\/10\/14\/podcast-de-piel-a-cabeza\/#primaryimage"},"image":{"@id":"https:\/\/cu4arquitectura.com\/en\/2024\/10\/14\/podcast-de-piel-a-cabeza\/#primaryimage"},"thumbnailUrl":"https:\/\/cu4arquitectura.com\/wp-content\/uploads\/2024\/11\/241002_EventoNIU_0522-scaled.jpg","datePublished":"2024-10-14T12:10:52+00:00","dateModified":"2024-11-10T12:12:53+00:00","breadcrumb":{"@id":"https:\/\/cu4arquitectura.com\/en\/2024\/10\/14\/podcast-de-piel-a-cabeza\/#breadcrumb"},"inLanguage":"en-US","potentialAction":[{"@type":"ReadAction","target":["https:\/\/cu4arquitectura.com\/en\/2024\/10\/14\/podcast-de-piel-a-cabeza\/"]}]},{"@type":"ImageObject","inLanguage":"en-US","@id":"https:\/\/cu4arquitectura.com\/en\/2024\/10\/14\/podcast-de-piel-a-cabeza\/#primaryimage","url":"https:\/\/cu4arquitectura.com\/wp-content\/uploads\/2024\/11\/241002_EventoNIU_0522-scaled.jpg","contentUrl":"https:\/\/cu4arquitectura.com\/wp-content\/uploads\/2024\/11\/241002_EventoNIU_0522-scaled.jpg","width":2560,"height":1707},{"@type":"BreadcrumbList","@id":"https:\/\/cu4arquitectura.com\/en\/2024\/10\/14\/podcast-de-piel-a-cabeza\/#breadcrumb","itemListElement":[{"@type":"ListItem","position":1,"name":"Portada","item":"https:\/\/cu4arquitectura.com\/en\/"},{"@type":"ListItem","position":2,"name":"Podcast \u00abDe Piel a Cabeza\u00bb"}]},{"@type":"WebSite","@id":"https:\/\/cu4arquitectura.com\/en\/#website","url":"https:\/\/cu4arquitectura.com\/en\/","name":"CU4 Arquitectos en Valencia | Estudio de arquitectura","description":"Arquitectos en Valencia | Especializados en espacios a medida para empresas y particulares, dise\u00f1ados para tu bienestar","publisher":{"@id":"https:\/\/cu4arquitectura.com\/en\/#organization"},"potentialAction":[{"@type":"SearchAction","target":{"@type":"EntryPoint","urlTemplate":"https:\/\/cu4arquitectura.com\/en\/?s={search_term_string}"},"query-input":{"@type":"PropertyValueSpecification","valueRequired":true,"valueName":"search_term_string"}}],"inLanguage":"en-US"},{"@type":"Organization","@id":"https:\/\/cu4arquitectura.com\/en\/#organization","name":"CU4 Arquitectos en Valencia | Estudio de arquitectura","url":"https:\/\/cu4arquitectura.com\/en\/","logo":{"@type":"ImageObject","inLanguage":"en-US","@id":"https:\/\/cu4arquitectura.com\/en\/#\/schema\/logo\/image\/","url":"https:\/\/cu4arquitectura.com\/wp-content\/uploads\/2024\/01\/LOGO_CU4_original.svg","contentUrl":"https:\/\/cu4arquitectura.com\/wp-content\/uploads\/2024\/01\/LOGO_CU4_original.svg","width":841,"height":595,"caption":"CU4 Arquitectos en Valencia | Estudio de arquitectura"},"image":{"@id":"https:\/\/cu4arquitectura.com\/en\/#\/schema\/logo\/image\/"}},{"@type":"Person","@id":"https:\/\/cu4arquitectura.com\/en\/#\/schema\/person\/c70ab576860f0d7b726bfddf9ac6bee1","name":"marketing_cu4","image":{"@type":"ImageObject","inLanguage":"en-US","@id":"https:\/\/secure.gravatar.com\/avatar\/86c48ef7b9c98ce2ab81227e90f4c26e83b56be50938c9107f0d7c330300c639?s=96&d=mm&r=g","url":"https:\/\/secure.gravatar.com\/avatar\/86c48ef7b9c98ce2ab81227e90f4c26e83b56be50938c9107f0d7c330300c639?s=96&d=mm&r=g","contentUrl":"https:\/\/secure.gravatar.com\/avatar\/86c48ef7b9c98ce2ab81227e90f4c26e83b56be50938c9107f0d7c330300c639?s=96&d=mm&r=g","caption":"marketing_cu4"},"url":"https:\/\/cu4arquitectura.com\/en\/author\/marketing_cu4\/"}]}},"_links":{"self":[{"href":"https:\/\/cu4arquitectura.com\/en\/wp-json\/wp\/v2\/posts\/8083","targetHints":{"allow":["GET"]}}],"collection":[{"href":"https:\/\/cu4arquitectura.com\/en\/wp-json\/wp\/v2\/posts"}],"about":[{"href":"https:\/\/cu4arquitectura.com\/en\/wp-json\/wp\/v2\/types\/post"}],"author":[{"embeddable":true,"href":"https:\/\/cu4arquitectura.com\/en\/wp-json\/wp\/v2\/users\/6"}],"replies":[{"embeddable":true,"href":"https:\/\/cu4arquitectura.com\/en\/wp-json\/wp\/v2\/comments?post=8083"}],"version-history":[{"count":2,"href":"https:\/\/cu4arquitectura.com\/en\/wp-json\/wp\/v2\/posts\/8083\/revisions"}],"predecessor-version":[{"id":8087,"href":"https:\/\/cu4arquitectura.com\/en\/wp-json\/wp\/v2\/posts\/8083\/revisions\/8087"}],"wp:featuredmedia":[{"embeddable":true,"href":"https:\/\/cu4arquitectura.com\/en\/wp-json\/wp\/v2\/media\/8084"}],"wp:attachment":[{"href":"https:\/\/cu4arquitectura.com\/en\/wp-json\/wp\/v2\/media?parent=8083"}],"wp:term":[{"taxonomy":"category","embeddable":true,"href":"https:\/\/cu4arquitectura.com\/en\/wp-json\/wp\/v2\/categories?post=8083"},{"taxonomy":"post_tag","embeddable":true,"href":"https:\/\/cu4arquitectura.com\/en\/wp-json\/wp\/v2\/tags?post=8083"}],"curies":[{"name":"wp","href":"https:\/\/api.w.org\/{rel}","templated":true}]}}