{"id":8079,"date":"2024-10-01T10:32:19","date_gmt":"2024-10-01T10:32:19","guid":{"rendered":"https:\/\/cu4arquitectura.com\/?p=8079"},"modified":"2024-11-10T11:56:48","modified_gmt":"2024-11-10T11:56:48","slug":"presentamos-el-stand-de-greenarea-en-la-feria-habitat-2","status":"publish","type":"post","link":"https:\/\/cu4arquitectura.com\/en\/2024\/10\/01\/presentamos-el-stand-de-greenarea-en-la-feria-habitat-2\/","title":{"rendered":"Presentamos el stand de Greenarea en la Feria H\u00e1bitat"},"content":{"rendered":"\n<p class=\"wp-block-paragraph\">Liderados por nuestra compa\u00f1era <strong>Anna Ferrer<\/strong>, hemos trabajado estrechamente con Greenarea para dise\u00f1ar el <strong>Espacio Greenarea Experience<\/strong>, un stand de aproximadamente 100 m\u00b2 en la feria <strong>H\u00e1bitat<\/strong>. El dise\u00f1o del stand se basa en las premisas de la neuroarquitectura y los par\u00e1metros WELL, enfoc\u00e1ndose en crear un entorno restaurativo que mejora el bienestar de los visitantes.<\/p>\n\n\n\n<figure class=\"wp-block-image size-large\"><img loading=\"lazy\" decoding=\"async\" width=\"1024\" height=\"683\" src=\"https:\/\/cu4arquitectura.com\/wp-content\/uploads\/2024\/11\/Habitat24_PrensaB-33-1024x683.jpg\" alt=\"\" class=\"wp-image-8072\" srcset=\"https:\/\/cu4arquitectura.com\/wp-content\/uploads\/2024\/11\/Habitat24_PrensaB-33-1024x683.jpg 1024w, https:\/\/cu4arquitectura.com\/wp-content\/uploads\/2024\/11\/Habitat24_PrensaB-33-300x200.jpg 300w, https:\/\/cu4arquitectura.com\/wp-content\/uploads\/2024\/11\/Habitat24_PrensaB-33-768x512.jpg 768w, https:\/\/cu4arquitectura.com\/wp-content\/uploads\/2024\/11\/Habitat24_PrensaB-33-1536x1024.jpg 1536w, https:\/\/cu4arquitectura.com\/wp-content\/uploads\/2024\/11\/Habitat24_PrensaB-33-2048x1365.jpg 2048w\" sizes=\"auto, (max-width: 1024px) 100vw, 1024px\" \/><\/figure>\n\n\n\n<p class=\"wp-block-paragraph\">Anna Ferrer quiso destacar el enfoque multisensorial del stand:<\/p>\n\n\n\n<blockquote class=\"wp-block-quote is-layout-flow wp-block-quote-is-layout-flow\">\n<blockquote class=\"wp-block-quote is-layout-flow wp-block-quote-is-layout-flow\">\n<p class=\"wp-block-paragraph\">\u201c<em>El dise\u00f1o biof\u00edlico aplicado en el Espacio Greenarea Experience no solo se centra en lo visual, sino tambi\u00e9n en otros sentidos como el tacto y el sonido, creando una experiencia inmersiva que conecta a las personas con la naturaleza. Creemos que cualquier edificio deber\u00eda contar con espacios destinados a la introspecci\u00f3n y el bienestar personal<\/em>\u201d.<\/p>\n<\/blockquote>\n<\/blockquote>\n\n\n\n<figure class=\"wp-block-image size-large\"><img loading=\"lazy\" decoding=\"async\" width=\"1024\" height=\"683\" src=\"https:\/\/cu4arquitectura.com\/wp-content\/uploads\/2024\/11\/Habitat24_PrensaB-10-1024x683.jpg\" alt=\"\" class=\"wp-image-8074\" srcset=\"https:\/\/cu4arquitectura.com\/wp-content\/uploads\/2024\/11\/Habitat24_PrensaB-10-1024x683.jpg 1024w, https:\/\/cu4arquitectura.com\/wp-content\/uploads\/2024\/11\/Habitat24_PrensaB-10-300x200.jpg 300w, https:\/\/cu4arquitectura.com\/wp-content\/uploads\/2024\/11\/Habitat24_PrensaB-10-768x512.jpg 768w, https:\/\/cu4arquitectura.com\/wp-content\/uploads\/2024\/11\/Habitat24_PrensaB-10-1536x1025.jpg 1536w, https:\/\/cu4arquitectura.com\/wp-content\/uploads\/2024\/11\/Habitat24_PrensaB-10-2048x1366.jpg 2048w\" sizes=\"auto, (max-width: 1024px) 100vw, 1024px\" \/><\/figure>\n\n\n\n<figure class=\"wp-block-image size-large\"><img loading=\"lazy\" decoding=\"async\" width=\"1024\" height=\"683\" src=\"https:\/\/cu4arquitectura.com\/wp-content\/uploads\/2024\/11\/Habitat24_PrensaB-6-1024x683.jpg\" alt=\"\" class=\"wp-image-8075\" srcset=\"https:\/\/cu4arquitectura.com\/wp-content\/uploads\/2024\/11\/Habitat24_PrensaB-6-1024x683.jpg 1024w, https:\/\/cu4arquitectura.com\/wp-content\/uploads\/2024\/11\/Habitat24_PrensaB-6-300x200.jpg 300w, https:\/\/cu4arquitectura.com\/wp-content\/uploads\/2024\/11\/Habitat24_PrensaB-6-768x512.jpg 768w, https:\/\/cu4arquitectura.com\/wp-content\/uploads\/2024\/11\/Habitat24_PrensaB-6-1536x1024.jpg 1536w, https:\/\/cu4arquitectura.com\/wp-content\/uploads\/2024\/11\/Habitat24_PrensaB-6-2048x1365.jpg 2048w\" sizes=\"auto, (max-width: 1024px) 100vw, 1024px\" \/><\/figure>\n\n\n\n<p class=\"wp-block-paragraph\">El proyecto tambi\u00e9n incluye la implementaci\u00f3n de iluminaci\u00f3n circadiana y mobiliario que emula elementos naturales, contribuyendo a un ambiente saludable y sostenible. La colaboraci\u00f3n con <strong>Greenarea<\/strong> ha permitido ofrecer soluciones que no solo son est\u00e9ticamente atractivas, sino que tambi\u00e9n promueven el bienestar f\u00edsico y emocional de sus usuarios.<\/p>\n\n\n\n<p class=\"wp-block-paragraph\">La participaci\u00f3n en la feria <strong>H\u00e1bitat<\/strong> ha sido una oportunidad para <strong>CU4 Arquitectura<\/strong> de demostrar nuestro compromiso con la creaci\u00f3n de espacios saludables y sostenibles, alineados con las tendencias actuales de dise\u00f1o que priorizan el bienestar humano y el respeto por el medio ambiente.<\/p>\n\n\n\n<p class=\"wp-block-paragraph\">Para conocer m\u00e1s sobre los proyectos y la filosof\u00eda de <strong>CU4 Arquitectura<\/strong>, visita nuestra p\u00e1gina web <a href=\"http:\/\/cu4well.com\/\">cu4well.com<\/a>.<\/p>\n\n\n\n<p class=\"wp-block-paragraph\">Si deseas explorar c\u00f3mo integrar principios biof\u00edlicos y WELL en tus propios espacios, te invitamos a visitar nuestra secci\u00f3n <strong>&#8220;Arquitectura Saludable&#8221;<\/strong>.<\/p>\n\n\n\n<p class=\"wp-block-paragraph\">Y si necesitas asistencia con tu propio proyecto, <strong>no dudes en <a href=\"https:\/\/cu4arquitectura.com\/contacto-arquitectos-valencia\/\">contactar con nosotros<\/a><\/strong>.<\/p>\n","protected":false},"excerpt":{"rendered":"<p>Liderados por nuestra compa\u00f1era Anna Ferrer, hemos trabajado estrechamente con Greenarea para dise\u00f1ar el Espacio Greenarea Experience, un stand de aproximadamente 100 m\u00b2 en la feria H\u00e1bitat. El dise\u00f1o del stand se basa en las premisas de la neuroarquitectura y los par\u00e1metros WELL, enfoc\u00e1ndose en crear un entorno restaurativo que mejora el bienestar de los [&hellip;]<\/p>\n","protected":false},"author":6,"featured_media":8072,"comment_status":"open","ping_status":"open","sticky":false,"template":"","format":"standard","meta":{"_acf_changed":false,"footnotes":""},"categories":[6],"tags":[],"class_list":["post-8079","post","type-post","status-publish","format-standard","has-post-thumbnail","hentry","category-cu4"],"acf":[],"yoast_head":"<!-- This site is optimized with the Yoast SEO plugin v27.7 - https:\/\/yoast.com\/product\/yoast-seo-wordpress\/ -->\n<title>Presentamos el stand de Greenarea en la Feria H\u00e1bitat - CU4 Arquitectos en Valencia | Estudio de arquitectura<\/title>\n<meta name=\"robots\" content=\"index, follow, max-snippet:-1, max-image-preview:large, max-video-preview:-1\" \/>\n<link rel=\"canonical\" href=\"https:\/\/cu4arquitectura.com\/en\/2024\/10\/01\/presentamos-el-stand-de-greenarea-en-la-feria-habitat-2\/\" \/>\n<meta property=\"og:locale\" content=\"en_US\" \/>\n<meta property=\"og:type\" content=\"article\" \/>\n<meta property=\"og:title\" content=\"Presentamos el stand de Greenarea en la Feria H\u00e1bitat - CU4 Arquitectos en Valencia | Estudio de arquitectura\" \/>\n<meta property=\"og:description\" content=\"Liderados por nuestra compa\u00f1era Anna Ferrer, hemos trabajado estrechamente con Greenarea para dise\u00f1ar el Espacio Greenarea Experience, un stand de aproximadamente 100 m\u00b2 en la feria H\u00e1bitat. El dise\u00f1o del stand se basa en las premisas de la neuroarquitectura y los par\u00e1metros WELL, enfoc\u00e1ndose en crear un entorno restaurativo que mejora el bienestar de los [&hellip;]\" \/>\n<meta property=\"og:url\" content=\"https:\/\/cu4arquitectura.com\/en\/2024\/10\/01\/presentamos-el-stand-de-greenarea-en-la-feria-habitat-2\/\" \/>\n<meta property=\"og:site_name\" content=\"CU4 Arquitectos en Valencia | Estudio de arquitectura\" \/>\n<meta property=\"article:published_time\" content=\"2024-10-01T10:32:19+00:00\" \/>\n<meta property=\"article:modified_time\" content=\"2024-11-10T11:56:48+00:00\" \/>\n<meta property=\"og:image\" content=\"https:\/\/cu4arquitectura.com\/wp-content\/uploads\/2024\/11\/Habitat24_PrensaB-33-scaled.jpg\" \/>\n\t<meta property=\"og:image:width\" content=\"2560\" \/>\n\t<meta property=\"og:image:height\" content=\"1706\" \/>\n\t<meta property=\"og:image:type\" content=\"image\/jpeg\" \/>\n<meta name=\"author\" content=\"marketing_cu4\" \/>\n<meta name=\"twitter:card\" content=\"summary_large_image\" \/>\n<meta name=\"twitter:label1\" content=\"Written by\" \/>\n\t<meta name=\"twitter:data1\" content=\"marketing_cu4\" \/>\n\t<meta name=\"twitter:label2\" content=\"Est. reading time\" \/>\n\t<meta name=\"twitter:data2\" content=\"2 minutes\" \/>\n<script type=\"application\/ld+json\" class=\"yoast-schema-graph\">{\"@context\":\"https:\\\/\\\/schema.org\",\"@graph\":[{\"@type\":\"Article\",\"@id\":\"https:\\\/\\\/cu4arquitectura.com\\\/en\\\/2024\\\/10\\\/01\\\/presentamos-el-stand-de-greenarea-en-la-feria-habitat-2\\\/#article\",\"isPartOf\":{\"@id\":\"https:\\\/\\\/cu4arquitectura.com\\\/en\\\/2024\\\/10\\\/01\\\/presentamos-el-stand-de-greenarea-en-la-feria-habitat-2\\\/\"},\"author\":{\"name\":\"marketing_cu4\",\"@id\":\"https:\\\/\\\/cu4arquitectura.com\\\/en\\\/#\\\/schema\\\/person\\\/c70ab576860f0d7b726bfddf9ac6bee1\"},\"headline\":\"Presentamos el stand de Greenarea en la Feria H\u00e1bitat\",\"datePublished\":\"2024-10-01T10:32:19+00:00\",\"dateModified\":\"2024-11-10T11:56:48+00:00\",\"mainEntityOfPage\":{\"@id\":\"https:\\\/\\\/cu4arquitectura.com\\\/en\\\/2024\\\/10\\\/01\\\/presentamos-el-stand-de-greenarea-en-la-feria-habitat-2\\\/\"},\"wordCount\":303,\"commentCount\":0,\"publisher\":{\"@id\":\"https:\\\/\\\/cu4arquitectura.com\\\/en\\\/#organization\"},\"image\":{\"@id\":\"https:\\\/\\\/cu4arquitectura.com\\\/en\\\/2024\\\/10\\\/01\\\/presentamos-el-stand-de-greenarea-en-la-feria-habitat-2\\\/#primaryimage\"},\"thumbnailUrl\":\"https:\\\/\\\/cu4arquitectura.com\\\/wp-content\\\/uploads\\\/2024\\\/11\\\/Habitat24_PrensaB-33-scaled.jpg\",\"articleSection\":[\"CU4 Arquitectura\"],\"inLanguage\":\"en-US\",\"potentialAction\":[{\"@type\":\"CommentAction\",\"name\":\"Comment\",\"target\":[\"https:\\\/\\\/cu4arquitectura.com\\\/en\\\/2024\\\/10\\\/01\\\/presentamos-el-stand-de-greenarea-en-la-feria-habitat-2\\\/#respond\"]}]},{\"@type\":\"WebPage\",\"@id\":\"https:\\\/\\\/cu4arquitectura.com\\\/en\\\/2024\\\/10\\\/01\\\/presentamos-el-stand-de-greenarea-en-la-feria-habitat-2\\\/\",\"url\":\"https:\\\/\\\/cu4arquitectura.com\\\/en\\\/2024\\\/10\\\/01\\\/presentamos-el-stand-de-greenarea-en-la-feria-habitat-2\\\/\",\"name\":\"Presentamos el stand de Greenarea en la Feria H\u00e1bitat - CU4 Arquitectos en Valencia | Estudio de arquitectura\",\"isPartOf\":{\"@id\":\"https:\\\/\\\/cu4arquitectura.com\\\/en\\\/#website\"},\"primaryImageOfPage\":{\"@id\":\"https:\\\/\\\/cu4arquitectura.com\\\/en\\\/2024\\\/10\\\/01\\\/presentamos-el-stand-de-greenarea-en-la-feria-habitat-2\\\/#primaryimage\"},\"image\":{\"@id\":\"https:\\\/\\\/cu4arquitectura.com\\\/en\\\/2024\\\/10\\\/01\\\/presentamos-el-stand-de-greenarea-en-la-feria-habitat-2\\\/#primaryimage\"},\"thumbnailUrl\":\"https:\\\/\\\/cu4arquitectura.com\\\/wp-content\\\/uploads\\\/2024\\\/11\\\/Habitat24_PrensaB-33-scaled.jpg\",\"datePublished\":\"2024-10-01T10:32:19+00:00\",\"dateModified\":\"2024-11-10T11:56:48+00:00\",\"breadcrumb\":{\"@id\":\"https:\\\/\\\/cu4arquitectura.com\\\/en\\\/2024\\\/10\\\/01\\\/presentamos-el-stand-de-greenarea-en-la-feria-habitat-2\\\/#breadcrumb\"},\"inLanguage\":\"en-US\",\"potentialAction\":[{\"@type\":\"ReadAction\",\"target\":[\"https:\\\/\\\/cu4arquitectura.com\\\/en\\\/2024\\\/10\\\/01\\\/presentamos-el-stand-de-greenarea-en-la-feria-habitat-2\\\/\"]}]},{\"@type\":\"ImageObject\",\"inLanguage\":\"en-US\",\"@id\":\"https:\\\/\\\/cu4arquitectura.com\\\/en\\\/2024\\\/10\\\/01\\\/presentamos-el-stand-de-greenarea-en-la-feria-habitat-2\\\/#primaryimage\",\"url\":\"https:\\\/\\\/cu4arquitectura.com\\\/wp-content\\\/uploads\\\/2024\\\/11\\\/Habitat24_PrensaB-33-scaled.jpg\",\"contentUrl\":\"https:\\\/\\\/cu4arquitectura.com\\\/wp-content\\\/uploads\\\/2024\\\/11\\\/Habitat24_PrensaB-33-scaled.jpg\",\"width\":2560,\"height\":1706},{\"@type\":\"BreadcrumbList\",\"@id\":\"https:\\\/\\\/cu4arquitectura.com\\\/en\\\/2024\\\/10\\\/01\\\/presentamos-el-stand-de-greenarea-en-la-feria-habitat-2\\\/#breadcrumb\",\"itemListElement\":[{\"@type\":\"ListItem\",\"position\":1,\"name\":\"Portada\",\"item\":\"https:\\\/\\\/cu4arquitectura.com\\\/en\\\/\"},{\"@type\":\"ListItem\",\"position\":2,\"name\":\"Presentamos el stand de Greenarea en la Feria H\u00e1bitat\"}]},{\"@type\":\"WebSite\",\"@id\":\"https:\\\/\\\/cu4arquitectura.com\\\/en\\\/#website\",\"url\":\"https:\\\/\\\/cu4arquitectura.com\\\/en\\\/\",\"name\":\"CU4 Arquitectos en Valencia | Estudio de arquitectura\",\"description\":\"Arquitectos en Valencia | Especializados en espacios a medida para empresas y particulares, dise\u00f1ados para tu bienestar\",\"publisher\":{\"@id\":\"https:\\\/\\\/cu4arquitectura.com\\\/en\\\/#organization\"},\"potentialAction\":[{\"@type\":\"SearchAction\",\"target\":{\"@type\":\"EntryPoint\",\"urlTemplate\":\"https:\\\/\\\/cu4arquitectura.com\\\/en\\\/?s={search_term_string}\"},\"query-input\":{\"@type\":\"PropertyValueSpecification\",\"valueRequired\":true,\"valueName\":\"search_term_string\"}}],\"inLanguage\":\"en-US\"},{\"@type\":\"Organization\",\"@id\":\"https:\\\/\\\/cu4arquitectura.com\\\/en\\\/#organization\",\"name\":\"CU4 Arquitectos en Valencia | Estudio de arquitectura\",\"url\":\"https:\\\/\\\/cu4arquitectura.com\\\/en\\\/\",\"logo\":{\"@type\":\"ImageObject\",\"inLanguage\":\"en-US\",\"@id\":\"https:\\\/\\\/cu4arquitectura.com\\\/en\\\/#\\\/schema\\\/logo\\\/image\\\/\",\"url\":\"https:\\\/\\\/cu4arquitectura.com\\\/wp-content\\\/uploads\\\/2024\\\/01\\\/LOGO_CU4_original.svg\",\"contentUrl\":\"https:\\\/\\\/cu4arquitectura.com\\\/wp-content\\\/uploads\\\/2024\\\/01\\\/LOGO_CU4_original.svg\",\"width\":841,\"height\":595,\"caption\":\"CU4 Arquitectos en Valencia | Estudio de arquitectura\"},\"image\":{\"@id\":\"https:\\\/\\\/cu4arquitectura.com\\\/en\\\/#\\\/schema\\\/logo\\\/image\\\/\"}},{\"@type\":\"Person\",\"@id\":\"https:\\\/\\\/cu4arquitectura.com\\\/en\\\/#\\\/schema\\\/person\\\/c70ab576860f0d7b726bfddf9ac6bee1\",\"name\":\"marketing_cu4\",\"image\":{\"@type\":\"ImageObject\",\"inLanguage\":\"en-US\",\"@id\":\"https:\\\/\\\/secure.gravatar.com\\\/avatar\\\/86c48ef7b9c98ce2ab81227e90f4c26e83b56be50938c9107f0d7c330300c639?s=96&d=mm&r=g\",\"url\":\"https:\\\/\\\/secure.gravatar.com\\\/avatar\\\/86c48ef7b9c98ce2ab81227e90f4c26e83b56be50938c9107f0d7c330300c639?s=96&d=mm&r=g\",\"contentUrl\":\"https:\\\/\\\/secure.gravatar.com\\\/avatar\\\/86c48ef7b9c98ce2ab81227e90f4c26e83b56be50938c9107f0d7c330300c639?s=96&d=mm&r=g\",\"caption\":\"marketing_cu4\"},\"url\":\"https:\\\/\\\/cu4arquitectura.com\\\/en\\\/author\\\/marketing_cu4\\\/\"}]}<\/script>\n<!-- \/ Yoast SEO plugin. -->","yoast_head_json":{"title":"Presentamos el stand de Greenarea en la Feria H\u00e1bitat - CU4 Arquitectos en Valencia | Estudio de arquitectura","robots":{"index":"index","follow":"follow","max-snippet":"max-snippet:-1","max-image-preview":"max-image-preview:large","max-video-preview":"max-video-preview:-1"},"canonical":"https:\/\/cu4arquitectura.com\/en\/2024\/10\/01\/presentamos-el-stand-de-greenarea-en-la-feria-habitat-2\/","og_locale":"en_US","og_type":"article","og_title":"Presentamos el stand de Greenarea en la Feria H\u00e1bitat - CU4 Arquitectos en Valencia | Estudio de arquitectura","og_description":"Liderados por nuestra compa\u00f1era Anna Ferrer, hemos trabajado estrechamente con Greenarea para dise\u00f1ar el Espacio Greenarea Experience, un stand de aproximadamente 100 m\u00b2 en la feria H\u00e1bitat. El dise\u00f1o del stand se basa en las premisas de la neuroarquitectura y los par\u00e1metros WELL, enfoc\u00e1ndose en crear un entorno restaurativo que mejora el bienestar de los [&hellip;]","og_url":"https:\/\/cu4arquitectura.com\/en\/2024\/10\/01\/presentamos-el-stand-de-greenarea-en-la-feria-habitat-2\/","og_site_name":"CU4 Arquitectos en Valencia | Estudio de arquitectura","article_published_time":"2024-10-01T10:32:19+00:00","article_modified_time":"2024-11-10T11:56:48+00:00","og_image":[{"width":2560,"height":1706,"url":"https:\/\/cu4arquitectura.com\/wp-content\/uploads\/2024\/11\/Habitat24_PrensaB-33-scaled.jpg","type":"image\/jpeg"}],"author":"marketing_cu4","twitter_card":"summary_large_image","twitter_misc":{"Written by":"marketing_cu4","Est. reading time":"2 minutes"},"schema":{"@context":"https:\/\/schema.org","@graph":[{"@type":"Article","@id":"https:\/\/cu4arquitectura.com\/en\/2024\/10\/01\/presentamos-el-stand-de-greenarea-en-la-feria-habitat-2\/#article","isPartOf":{"@id":"https:\/\/cu4arquitectura.com\/en\/2024\/10\/01\/presentamos-el-stand-de-greenarea-en-la-feria-habitat-2\/"},"author":{"name":"marketing_cu4","@id":"https:\/\/cu4arquitectura.com\/en\/#\/schema\/person\/c70ab576860f0d7b726bfddf9ac6bee1"},"headline":"Presentamos el stand de Greenarea en la Feria H\u00e1bitat","datePublished":"2024-10-01T10:32:19+00:00","dateModified":"2024-11-10T11:56:48+00:00","mainEntityOfPage":{"@id":"https:\/\/cu4arquitectura.com\/en\/2024\/10\/01\/presentamos-el-stand-de-greenarea-en-la-feria-habitat-2\/"},"wordCount":303,"commentCount":0,"publisher":{"@id":"https:\/\/cu4arquitectura.com\/en\/#organization"},"image":{"@id":"https:\/\/cu4arquitectura.com\/en\/2024\/10\/01\/presentamos-el-stand-de-greenarea-en-la-feria-habitat-2\/#primaryimage"},"thumbnailUrl":"https:\/\/cu4arquitectura.com\/wp-content\/uploads\/2024\/11\/Habitat24_PrensaB-33-scaled.jpg","articleSection":["CU4 Arquitectura"],"inLanguage":"en-US","potentialAction":[{"@type":"CommentAction","name":"Comment","target":["https:\/\/cu4arquitectura.com\/en\/2024\/10\/01\/presentamos-el-stand-de-greenarea-en-la-feria-habitat-2\/#respond"]}]},{"@type":"WebPage","@id":"https:\/\/cu4arquitectura.com\/en\/2024\/10\/01\/presentamos-el-stand-de-greenarea-en-la-feria-habitat-2\/","url":"https:\/\/cu4arquitectura.com\/en\/2024\/10\/01\/presentamos-el-stand-de-greenarea-en-la-feria-habitat-2\/","name":"Presentamos el stand de Greenarea en la Feria H\u00e1bitat - CU4 Arquitectos en Valencia | Estudio de arquitectura","isPartOf":{"@id":"https:\/\/cu4arquitectura.com\/en\/#website"},"primaryImageOfPage":{"@id":"https:\/\/cu4arquitectura.com\/en\/2024\/10\/01\/presentamos-el-stand-de-greenarea-en-la-feria-habitat-2\/#primaryimage"},"image":{"@id":"https:\/\/cu4arquitectura.com\/en\/2024\/10\/01\/presentamos-el-stand-de-greenarea-en-la-feria-habitat-2\/#primaryimage"},"thumbnailUrl":"https:\/\/cu4arquitectura.com\/wp-content\/uploads\/2024\/11\/Habitat24_PrensaB-33-scaled.jpg","datePublished":"2024-10-01T10:32:19+00:00","dateModified":"2024-11-10T11:56:48+00:00","breadcrumb":{"@id":"https:\/\/cu4arquitectura.com\/en\/2024\/10\/01\/presentamos-el-stand-de-greenarea-en-la-feria-habitat-2\/#breadcrumb"},"inLanguage":"en-US","potentialAction":[{"@type":"ReadAction","target":["https:\/\/cu4arquitectura.com\/en\/2024\/10\/01\/presentamos-el-stand-de-greenarea-en-la-feria-habitat-2\/"]}]},{"@type":"ImageObject","inLanguage":"en-US","@id":"https:\/\/cu4arquitectura.com\/en\/2024\/10\/01\/presentamos-el-stand-de-greenarea-en-la-feria-habitat-2\/#primaryimage","url":"https:\/\/cu4arquitectura.com\/wp-content\/uploads\/2024\/11\/Habitat24_PrensaB-33-scaled.jpg","contentUrl":"https:\/\/cu4arquitectura.com\/wp-content\/uploads\/2024\/11\/Habitat24_PrensaB-33-scaled.jpg","width":2560,"height":1706},{"@type":"BreadcrumbList","@id":"https:\/\/cu4arquitectura.com\/en\/2024\/10\/01\/presentamos-el-stand-de-greenarea-en-la-feria-habitat-2\/#breadcrumb","itemListElement":[{"@type":"ListItem","position":1,"name":"Portada","item":"https:\/\/cu4arquitectura.com\/en\/"},{"@type":"ListItem","position":2,"name":"Presentamos el stand de Greenarea en la Feria H\u00e1bitat"}]},{"@type":"WebSite","@id":"https:\/\/cu4arquitectura.com\/en\/#website","url":"https:\/\/cu4arquitectura.com\/en\/","name":"CU4 Arquitectos en Valencia | Estudio de arquitectura","description":"Arquitectos en Valencia | Especializados en espacios a medida para empresas y particulares, dise\u00f1ados para tu bienestar","publisher":{"@id":"https:\/\/cu4arquitectura.com\/en\/#organization"},"potentialAction":[{"@type":"SearchAction","target":{"@type":"EntryPoint","urlTemplate":"https:\/\/cu4arquitectura.com\/en\/?s={search_term_string}"},"query-input":{"@type":"PropertyValueSpecification","valueRequired":true,"valueName":"search_term_string"}}],"inLanguage":"en-US"},{"@type":"Organization","@id":"https:\/\/cu4arquitectura.com\/en\/#organization","name":"CU4 Arquitectos en Valencia | Estudio de arquitectura","url":"https:\/\/cu4arquitectura.com\/en\/","logo":{"@type":"ImageObject","inLanguage":"en-US","@id":"https:\/\/cu4arquitectura.com\/en\/#\/schema\/logo\/image\/","url":"https:\/\/cu4arquitectura.com\/wp-content\/uploads\/2024\/01\/LOGO_CU4_original.svg","contentUrl":"https:\/\/cu4arquitectura.com\/wp-content\/uploads\/2024\/01\/LOGO_CU4_original.svg","width":841,"height":595,"caption":"CU4 Arquitectos en Valencia | Estudio de arquitectura"},"image":{"@id":"https:\/\/cu4arquitectura.com\/en\/#\/schema\/logo\/image\/"}},{"@type":"Person","@id":"https:\/\/cu4arquitectura.com\/en\/#\/schema\/person\/c70ab576860f0d7b726bfddf9ac6bee1","name":"marketing_cu4","image":{"@type":"ImageObject","inLanguage":"en-US","@id":"https:\/\/secure.gravatar.com\/avatar\/86c48ef7b9c98ce2ab81227e90f4c26e83b56be50938c9107f0d7c330300c639?s=96&d=mm&r=g","url":"https:\/\/secure.gravatar.com\/avatar\/86c48ef7b9c98ce2ab81227e90f4c26e83b56be50938c9107f0d7c330300c639?s=96&d=mm&r=g","contentUrl":"https:\/\/secure.gravatar.com\/avatar\/86c48ef7b9c98ce2ab81227e90f4c26e83b56be50938c9107f0d7c330300c639?s=96&d=mm&r=g","caption":"marketing_cu4"},"url":"https:\/\/cu4arquitectura.com\/en\/author\/marketing_cu4\/"}]}},"_links":{"self":[{"href":"https:\/\/cu4arquitectura.com\/en\/wp-json\/wp\/v2\/posts\/8079","targetHints":{"allow":["GET"]}}],"collection":[{"href":"https:\/\/cu4arquitectura.com\/en\/wp-json\/wp\/v2\/posts"}],"about":[{"href":"https:\/\/cu4arquitectura.com\/en\/wp-json\/wp\/v2\/types\/post"}],"author":[{"embeddable":true,"href":"https:\/\/cu4arquitectura.com\/en\/wp-json\/wp\/v2\/users\/6"}],"replies":[{"embeddable":true,"href":"https:\/\/cu4arquitectura.com\/en\/wp-json\/wp\/v2\/comments?post=8079"}],"version-history":[{"count":3,"href":"https:\/\/cu4arquitectura.com\/en\/wp-json\/wp\/v2\/posts\/8079\/revisions"}],"predecessor-version":[{"id":8082,"href":"https:\/\/cu4arquitectura.com\/en\/wp-json\/wp\/v2\/posts\/8079\/revisions\/8082"}],"wp:featuredmedia":[{"embeddable":true,"href":"https:\/\/cu4arquitectura.com\/en\/wp-json\/wp\/v2\/media\/8072"}],"wp:attachment":[{"href":"https:\/\/cu4arquitectura.com\/en\/wp-json\/wp\/v2\/media?parent=8079"}],"wp:term":[{"taxonomy":"category","embeddable":true,"href":"https:\/\/cu4arquitectura.com\/en\/wp-json\/wp\/v2\/categories?post=8079"},{"taxonomy":"post_tag","embeddable":true,"href":"https:\/\/cu4arquitectura.com\/en\/wp-json\/wp\/v2\/tags?post=8079"}],"curies":[{"name":"wp","href":"https:\/\/api.w.org\/{rel}","templated":true}]}}