{"id":8062,"date":"2024-10-02T17:23:06","date_gmt":"2024-10-02T17:23:06","guid":{"rendered":"https:\/\/cu4arquitectura.com\/?p=8062"},"modified":"2024-11-10T12:14:11","modified_gmt":"2024-11-10T12:14:11","slug":"cu4-arquitectura-participa-en-pionero-estudio-de-neuroarquitectura-sobre-viviendas-industrializadas","status":"publish","type":"post","link":"https:\/\/cu4arquitectura.com\/en\/2024\/10\/02\/cu4-arquitectura-participa-en-pionero-estudio-de-neuroarquitectura-sobre-viviendas-industrializadas\/","title":{"rendered":"CU4 Arquitectura Participa en Pionero Estudio de Neuroarquitectura sobre Viviendas Industrializadas"},"content":{"rendered":"\n<p class=\"wp-block-paragraph\">El <strong>Laboratorio de Neuroarquitectura<\/strong> de la <strong>Universitat Polit\u00e9cnica de Val\u00e8ncia (UPV)<\/strong> ha presentado los resultados de un innovador estudio cient\u00edfico que analiza la respuesta emocional de las personas a las viviendas industrializadas. Este es el primer estudio de neuroarquitectura aplicado a la vivienda industrializada en Europa, combinando visitas virtuales y f\u00edsicas para evaluar factores psicol\u00f3gicos y neurofisiol\u00f3gicos.<\/p>\n\n\n\n<p class=\"wp-block-paragraph\">CU4 Arquitectura, representada por la nuestra compa\u00f1era <strong>Anna Ferrer<\/strong>, ha colaborado en este proyecto, aportando su experiencia en certificaci\u00f3n WELL y dise\u00f1o centrado en el bienestar. La participaci\u00f3n de CU4 Arquitectura ha permitido preevaluar los diez par\u00e1metros considerados en el estudio, obteniendo resultados positivos en aspectos como la iluminaci\u00f3n y el confort t\u00e9rmico.<\/p>\n\n\n\n<div class=\"wp-block-group is-nowrap is-layout-flex wp-container-core-group-is-layout-7387b849 wp-block-group-is-layout-flex\">\n<figure class=\"wp-block-image size-large\"><img loading=\"lazy\" decoding=\"async\" width=\"1024\" height=\"683\" src=\"https:\/\/cu4arquitectura.com\/wp-content\/uploads\/2024\/11\/241002_EventoNIU_0471-1-1024x683.jpg\" alt=\"\" class=\"wp-image-8069\" srcset=\"https:\/\/cu4arquitectura.com\/wp-content\/uploads\/2024\/11\/241002_EventoNIU_0471-1-1024x683.jpg 1024w, https:\/\/cu4arquitectura.com\/wp-content\/uploads\/2024\/11\/241002_EventoNIU_0471-1-300x200.jpg 300w, https:\/\/cu4arquitectura.com\/wp-content\/uploads\/2024\/11\/241002_EventoNIU_0471-1-768x512.jpg 768w, https:\/\/cu4arquitectura.com\/wp-content\/uploads\/2024\/11\/241002_EventoNIU_0471-1-1536x1024.jpg 1536w, https:\/\/cu4arquitectura.com\/wp-content\/uploads\/2024\/11\/241002_EventoNIU_0471-1-2048x1365.jpg 2048w\" sizes=\"auto, (max-width: 1024px) 100vw, 1024px\" \/><\/figure>\n<\/div>\n\n\n\n<p class=\"wp-block-paragraph\">El estudio <strong>NeuroIndustrial<\/strong> cont\u00f3 con la participaci\u00f3n de 500 personas y evalu\u00f3 viviendas modulares de <strong>Casas inHAUS<\/strong> y construidas por <strong>NIU<\/strong>, un proyecto de <strong>Fran Silvestre Arquitectos<\/strong>. Los resultados indican que, tras recibir informaci\u00f3n detallada sobre las caracter\u00edsticas y ventajas de las viviendas industrializadas, la percepci\u00f3n de los usuarios se volvi\u00f3 significativamente positiva.<\/p>\n\n\n\n<p class=\"wp-block-paragraph\">Adem\u00e1s, desde CU4 Arquitectura hemos colaborado con <strong>Actiu<\/strong> y <strong>Greenarea<\/strong> en el equipamiento de estas viviendas, integrando mobiliario funcional y creatividades vegetales que mejoran el bienestar de los espacios interiores.<\/p>\n\n\n\n<figure class=\"wp-block-image size-large\"><img loading=\"lazy\" decoding=\"async\" width=\"1024\" height=\"683\" src=\"https:\/\/cu4arquitectura.com\/wp-content\/uploads\/2024\/11\/241002_EventoNIU_0585-1024x683.jpg\" alt=\"\" class=\"wp-image-8063\" srcset=\"https:\/\/cu4arquitectura.com\/wp-content\/uploads\/2024\/11\/241002_EventoNIU_0585-1024x683.jpg 1024w, https:\/\/cu4arquitectura.com\/wp-content\/uploads\/2024\/11\/241002_EventoNIU_0585-300x200.jpg 300w, https:\/\/cu4arquitectura.com\/wp-content\/uploads\/2024\/11\/241002_EventoNIU_0585-768x512.jpg 768w, https:\/\/cu4arquitectura.com\/wp-content\/uploads\/2024\/11\/241002_EventoNIU_0585-1536x1024.jpg 1536w, https:\/\/cu4arquitectura.com\/wp-content\/uploads\/2024\/11\/241002_EventoNIU_0585-2048x1365.jpg 2048w\" sizes=\"auto, (max-width: 1024px) 100vw, 1024px\" \/><\/figure>\n\n\n\n<p class=\"wp-block-paragraph\">El estudio ha demostrado que peque\u00f1os cambios en el dise\u00f1o pueden tener un impacto considerable en el bienestar de los habitantes, validando la importancia de la neuroarquitectura y la certificaci\u00f3n WELL en la creaci\u00f3n de espacios saludables y sostenibles.<\/p>\n\n\n\n<p class=\"wp-block-paragraph\">Si deseas conocer m\u00e1s sobre c\u00f3mo CU4 Arquitectura integra la neuroarquitectura y la certificaci\u00f3n WELL en sus proyectos, te invitamos a visitar nuestra p\u00e1gina web <a href=\"http:\/\/cu4well.com\">cu4well.com<\/a>.<\/p>\n\n\n\n<p class=\"wp-block-paragraph\">Y si necesitas asistencia con tu propio proyecto, <strong>no dudes en <a href=\"https:\/\/cu4arquitectura.com\/contacto-arquitectos-valencia\/\">contactar con nosotros<\/a><\/strong>.<\/p>\n\n\n\n<p class=\"wp-block-paragraph\"><\/p>\n","protected":false},"excerpt":{"rendered":"<p>El Laboratorio de Neuroarquitectura de la Universitat Polit\u00e9cnica de Val\u00e8ncia (UPV) ha presentado los resultados de un innovador estudio cient\u00edfico que analiza la respuesta emocional de las personas a las viviendas industrializadas. Este es el primer estudio de neuroarquitectura aplicado a la vivienda industrializada en Europa, combinando visitas virtuales y f\u00edsicas para evaluar factores psicol\u00f3gicos [&hellip;]<\/p>\n","protected":false},"author":6,"featured_media":8069,"comment_status":"closed","ping_status":"closed","sticky":false,"template":"","format":"standard","meta":{"_acf_changed":false,"footnotes":""},"categories":[6],"tags":[],"class_list":["post-8062","post","type-post","status-publish","format-standard","has-post-thumbnail","hentry","category-cu4"],"acf":[],"yoast_head":"<!-- This site is optimized with the Yoast SEO plugin v27.7 - https:\/\/yoast.com\/product\/yoast-seo-wordpress\/ -->\n<title>CU4 Arquitectura Participa en Pionero Estudio de Neuroarquitectura sobre Viviendas Industrializadas - CU4 Arquitectos en Valencia | Estudio de arquitectura<\/title>\n<meta name=\"robots\" content=\"index, follow, max-snippet:-1, max-image-preview:large, max-video-preview:-1\" \/>\n<link rel=\"canonical\" href=\"https:\/\/cu4arquitectura.com\/en\/2024\/10\/02\/cu4-arquitectura-participa-en-pionero-estudio-de-neuroarquitectura-sobre-viviendas-industrializadas\/\" \/>\n<meta property=\"og:locale\" content=\"en_US\" \/>\n<meta property=\"og:type\" content=\"article\" \/>\n<meta property=\"og:title\" content=\"CU4 Arquitectura Participa en Pionero Estudio de Neuroarquitectura sobre Viviendas Industrializadas - CU4 Arquitectos en Valencia | Estudio de arquitectura\" \/>\n<meta property=\"og:description\" content=\"El Laboratorio de Neuroarquitectura de la Universitat Polit\u00e9cnica de Val\u00e8ncia (UPV) ha presentado los resultados de un innovador estudio cient\u00edfico que analiza la respuesta emocional de las personas a las viviendas industrializadas. Este es el primer estudio de neuroarquitectura aplicado a la vivienda industrializada en Europa, combinando visitas virtuales y f\u00edsicas para evaluar factores psicol\u00f3gicos [&hellip;]\" \/>\n<meta property=\"og:url\" content=\"https:\/\/cu4arquitectura.com\/en\/2024\/10\/02\/cu4-arquitectura-participa-en-pionero-estudio-de-neuroarquitectura-sobre-viviendas-industrializadas\/\" \/>\n<meta property=\"og:site_name\" content=\"CU4 Arquitectos en Valencia | Estudio de arquitectura\" \/>\n<meta property=\"article:published_time\" content=\"2024-10-02T17:23:06+00:00\" \/>\n<meta property=\"article:modified_time\" content=\"2024-11-10T12:14:11+00:00\" \/>\n<meta property=\"og:image\" content=\"https:\/\/cu4arquitectura.com\/wp-content\/uploads\/2024\/11\/241002_EventoNIU_0471-1-scaled.jpg\" \/>\n\t<meta property=\"og:image:width\" content=\"2560\" \/>\n\t<meta property=\"og:image:height\" content=\"1707\" \/>\n\t<meta property=\"og:image:type\" content=\"image\/jpeg\" \/>\n<meta name=\"author\" content=\"marketing_cu4\" \/>\n<meta name=\"twitter:card\" content=\"summary_large_image\" \/>\n<meta name=\"twitter:label1\" content=\"Written by\" \/>\n\t<meta name=\"twitter:data1\" content=\"marketing_cu4\" \/>\n\t<meta name=\"twitter:label2\" content=\"Est. reading time\" \/>\n\t<meta name=\"twitter:data2\" content=\"2 minutes\" \/>\n<script type=\"application\/ld+json\" class=\"yoast-schema-graph\">{\"@context\":\"https:\\\/\\\/schema.org\",\"@graph\":[{\"@type\":\"Article\",\"@id\":\"https:\\\/\\\/cu4arquitectura.com\\\/en\\\/2024\\\/10\\\/02\\\/cu4-arquitectura-participa-en-pionero-estudio-de-neuroarquitectura-sobre-viviendas-industrializadas\\\/#article\",\"isPartOf\":{\"@id\":\"https:\\\/\\\/cu4arquitectura.com\\\/en\\\/2024\\\/10\\\/02\\\/cu4-arquitectura-participa-en-pionero-estudio-de-neuroarquitectura-sobre-viviendas-industrializadas\\\/\"},\"author\":{\"name\":\"marketing_cu4\",\"@id\":\"https:\\\/\\\/cu4arquitectura.com\\\/en\\\/#\\\/schema\\\/person\\\/c70ab576860f0d7b726bfddf9ac6bee1\"},\"headline\":\"CU4 Arquitectura Participa en Pionero Estudio de Neuroarquitectura sobre Viviendas Industrializadas\",\"datePublished\":\"2024-10-02T17:23:06+00:00\",\"dateModified\":\"2024-11-10T12:14:11+00:00\",\"mainEntityOfPage\":{\"@id\":\"https:\\\/\\\/cu4arquitectura.com\\\/en\\\/2024\\\/10\\\/02\\\/cu4-arquitectura-participa-en-pionero-estudio-de-neuroarquitectura-sobre-viviendas-industrializadas\\\/\"},\"wordCount\":310,\"publisher\":{\"@id\":\"https:\\\/\\\/cu4arquitectura.com\\\/en\\\/#organization\"},\"image\":{\"@id\":\"https:\\\/\\\/cu4arquitectura.com\\\/en\\\/2024\\\/10\\\/02\\\/cu4-arquitectura-participa-en-pionero-estudio-de-neuroarquitectura-sobre-viviendas-industrializadas\\\/#primaryimage\"},\"thumbnailUrl\":\"https:\\\/\\\/cu4arquitectura.com\\\/wp-content\\\/uploads\\\/2024\\\/11\\\/241002_EventoNIU_0471-1-scaled.jpg\",\"articleSection\":[\"CU4 Arquitectura\"],\"inLanguage\":\"en-US\"},{\"@type\":\"WebPage\",\"@id\":\"https:\\\/\\\/cu4arquitectura.com\\\/en\\\/2024\\\/10\\\/02\\\/cu4-arquitectura-participa-en-pionero-estudio-de-neuroarquitectura-sobre-viviendas-industrializadas\\\/\",\"url\":\"https:\\\/\\\/cu4arquitectura.com\\\/en\\\/2024\\\/10\\\/02\\\/cu4-arquitectura-participa-en-pionero-estudio-de-neuroarquitectura-sobre-viviendas-industrializadas\\\/\",\"name\":\"CU4 Arquitectura Participa en Pionero Estudio de Neuroarquitectura sobre Viviendas Industrializadas - CU4 Arquitectos en Valencia | Estudio de arquitectura\",\"isPartOf\":{\"@id\":\"https:\\\/\\\/cu4arquitectura.com\\\/en\\\/#website\"},\"primaryImageOfPage\":{\"@id\":\"https:\\\/\\\/cu4arquitectura.com\\\/en\\\/2024\\\/10\\\/02\\\/cu4-arquitectura-participa-en-pionero-estudio-de-neuroarquitectura-sobre-viviendas-industrializadas\\\/#primaryimage\"},\"image\":{\"@id\":\"https:\\\/\\\/cu4arquitectura.com\\\/en\\\/2024\\\/10\\\/02\\\/cu4-arquitectura-participa-en-pionero-estudio-de-neuroarquitectura-sobre-viviendas-industrializadas\\\/#primaryimage\"},\"thumbnailUrl\":\"https:\\\/\\\/cu4arquitectura.com\\\/wp-content\\\/uploads\\\/2024\\\/11\\\/241002_EventoNIU_0471-1-scaled.jpg\",\"datePublished\":\"2024-10-02T17:23:06+00:00\",\"dateModified\":\"2024-11-10T12:14:11+00:00\",\"breadcrumb\":{\"@id\":\"https:\\\/\\\/cu4arquitectura.com\\\/en\\\/2024\\\/10\\\/02\\\/cu4-arquitectura-participa-en-pionero-estudio-de-neuroarquitectura-sobre-viviendas-industrializadas\\\/#breadcrumb\"},\"inLanguage\":\"en-US\",\"potentialAction\":[{\"@type\":\"ReadAction\",\"target\":[\"https:\\\/\\\/cu4arquitectura.com\\\/en\\\/2024\\\/10\\\/02\\\/cu4-arquitectura-participa-en-pionero-estudio-de-neuroarquitectura-sobre-viviendas-industrializadas\\\/\"]}]},{\"@type\":\"ImageObject\",\"inLanguage\":\"en-US\",\"@id\":\"https:\\\/\\\/cu4arquitectura.com\\\/en\\\/2024\\\/10\\\/02\\\/cu4-arquitectura-participa-en-pionero-estudio-de-neuroarquitectura-sobre-viviendas-industrializadas\\\/#primaryimage\",\"url\":\"https:\\\/\\\/cu4arquitectura.com\\\/wp-content\\\/uploads\\\/2024\\\/11\\\/241002_EventoNIU_0471-1-scaled.jpg\",\"contentUrl\":\"https:\\\/\\\/cu4arquitectura.com\\\/wp-content\\\/uploads\\\/2024\\\/11\\\/241002_EventoNIU_0471-1-scaled.jpg\",\"width\":2560,\"height\":1707},{\"@type\":\"BreadcrumbList\",\"@id\":\"https:\\\/\\\/cu4arquitectura.com\\\/en\\\/2024\\\/10\\\/02\\\/cu4-arquitectura-participa-en-pionero-estudio-de-neuroarquitectura-sobre-viviendas-industrializadas\\\/#breadcrumb\",\"itemListElement\":[{\"@type\":\"ListItem\",\"position\":1,\"name\":\"Portada\",\"item\":\"https:\\\/\\\/cu4arquitectura.com\\\/en\\\/\"},{\"@type\":\"ListItem\",\"position\":2,\"name\":\"CU4 Arquitectura Participa en Pionero Estudio de Neuroarquitectura sobre Viviendas Industrializadas\"}]},{\"@type\":\"WebSite\",\"@id\":\"https:\\\/\\\/cu4arquitectura.com\\\/en\\\/#website\",\"url\":\"https:\\\/\\\/cu4arquitectura.com\\\/en\\\/\",\"name\":\"CU4 Arquitectos en Valencia | Estudio de arquitectura\",\"description\":\"Arquitectos en Valencia | Especializados en espacios a medida para empresas y particulares, dise\u00f1ados para tu bienestar\",\"publisher\":{\"@id\":\"https:\\\/\\\/cu4arquitectura.com\\\/en\\\/#organization\"},\"potentialAction\":[{\"@type\":\"SearchAction\",\"target\":{\"@type\":\"EntryPoint\",\"urlTemplate\":\"https:\\\/\\\/cu4arquitectura.com\\\/en\\\/?s={search_term_string}\"},\"query-input\":{\"@type\":\"PropertyValueSpecification\",\"valueRequired\":true,\"valueName\":\"search_term_string\"}}],\"inLanguage\":\"en-US\"},{\"@type\":\"Organization\",\"@id\":\"https:\\\/\\\/cu4arquitectura.com\\\/en\\\/#organization\",\"name\":\"CU4 Arquitectos en Valencia | Estudio de arquitectura\",\"url\":\"https:\\\/\\\/cu4arquitectura.com\\\/en\\\/\",\"logo\":{\"@type\":\"ImageObject\",\"inLanguage\":\"en-US\",\"@id\":\"https:\\\/\\\/cu4arquitectura.com\\\/en\\\/#\\\/schema\\\/logo\\\/image\\\/\",\"url\":\"https:\\\/\\\/cu4arquitectura.com\\\/wp-content\\\/uploads\\\/2024\\\/01\\\/LOGO_CU4_original.svg\",\"contentUrl\":\"https:\\\/\\\/cu4arquitectura.com\\\/wp-content\\\/uploads\\\/2024\\\/01\\\/LOGO_CU4_original.svg\",\"width\":841,\"height\":595,\"caption\":\"CU4 Arquitectos en Valencia | Estudio de arquitectura\"},\"image\":{\"@id\":\"https:\\\/\\\/cu4arquitectura.com\\\/en\\\/#\\\/schema\\\/logo\\\/image\\\/\"}},{\"@type\":\"Person\",\"@id\":\"https:\\\/\\\/cu4arquitectura.com\\\/en\\\/#\\\/schema\\\/person\\\/c70ab576860f0d7b726bfddf9ac6bee1\",\"name\":\"marketing_cu4\",\"image\":{\"@type\":\"ImageObject\",\"inLanguage\":\"en-US\",\"@id\":\"https:\\\/\\\/secure.gravatar.com\\\/avatar\\\/86c48ef7b9c98ce2ab81227e90f4c26e83b56be50938c9107f0d7c330300c639?s=96&d=mm&r=g\",\"url\":\"https:\\\/\\\/secure.gravatar.com\\\/avatar\\\/86c48ef7b9c98ce2ab81227e90f4c26e83b56be50938c9107f0d7c330300c639?s=96&d=mm&r=g\",\"contentUrl\":\"https:\\\/\\\/secure.gravatar.com\\\/avatar\\\/86c48ef7b9c98ce2ab81227e90f4c26e83b56be50938c9107f0d7c330300c639?s=96&d=mm&r=g\",\"caption\":\"marketing_cu4\"},\"url\":\"https:\\\/\\\/cu4arquitectura.com\\\/en\\\/author\\\/marketing_cu4\\\/\"}]}<\/script>\n<!-- \/ Yoast SEO plugin. -->","yoast_head_json":{"title":"CU4 Arquitectura Participa en Pionero Estudio de Neuroarquitectura sobre Viviendas Industrializadas - CU4 Arquitectos en Valencia | Estudio de arquitectura","robots":{"index":"index","follow":"follow","max-snippet":"max-snippet:-1","max-image-preview":"max-image-preview:large","max-video-preview":"max-video-preview:-1"},"canonical":"https:\/\/cu4arquitectura.com\/en\/2024\/10\/02\/cu4-arquitectura-participa-en-pionero-estudio-de-neuroarquitectura-sobre-viviendas-industrializadas\/","og_locale":"en_US","og_type":"article","og_title":"CU4 Arquitectura Participa en Pionero Estudio de Neuroarquitectura sobre Viviendas Industrializadas - CU4 Arquitectos en Valencia | Estudio de arquitectura","og_description":"El Laboratorio de Neuroarquitectura de la Universitat Polit\u00e9cnica de Val\u00e8ncia (UPV) ha presentado los resultados de un innovador estudio cient\u00edfico que analiza la respuesta emocional de las personas a las viviendas industrializadas. Este es el primer estudio de neuroarquitectura aplicado a la vivienda industrializada en Europa, combinando visitas virtuales y f\u00edsicas para evaluar factores psicol\u00f3gicos [&hellip;]","og_url":"https:\/\/cu4arquitectura.com\/en\/2024\/10\/02\/cu4-arquitectura-participa-en-pionero-estudio-de-neuroarquitectura-sobre-viviendas-industrializadas\/","og_site_name":"CU4 Arquitectos en Valencia | Estudio de arquitectura","article_published_time":"2024-10-02T17:23:06+00:00","article_modified_time":"2024-11-10T12:14:11+00:00","og_image":[{"width":2560,"height":1707,"url":"https:\/\/cu4arquitectura.com\/wp-content\/uploads\/2024\/11\/241002_EventoNIU_0471-1-scaled.jpg","type":"image\/jpeg"}],"author":"marketing_cu4","twitter_card":"summary_large_image","twitter_misc":{"Written by":"marketing_cu4","Est. reading time":"2 minutes"},"schema":{"@context":"https:\/\/schema.org","@graph":[{"@type":"Article","@id":"https:\/\/cu4arquitectura.com\/en\/2024\/10\/02\/cu4-arquitectura-participa-en-pionero-estudio-de-neuroarquitectura-sobre-viviendas-industrializadas\/#article","isPartOf":{"@id":"https:\/\/cu4arquitectura.com\/en\/2024\/10\/02\/cu4-arquitectura-participa-en-pionero-estudio-de-neuroarquitectura-sobre-viviendas-industrializadas\/"},"author":{"name":"marketing_cu4","@id":"https:\/\/cu4arquitectura.com\/en\/#\/schema\/person\/c70ab576860f0d7b726bfddf9ac6bee1"},"headline":"CU4 Arquitectura Participa en Pionero Estudio de Neuroarquitectura sobre Viviendas Industrializadas","datePublished":"2024-10-02T17:23:06+00:00","dateModified":"2024-11-10T12:14:11+00:00","mainEntityOfPage":{"@id":"https:\/\/cu4arquitectura.com\/en\/2024\/10\/02\/cu4-arquitectura-participa-en-pionero-estudio-de-neuroarquitectura-sobre-viviendas-industrializadas\/"},"wordCount":310,"publisher":{"@id":"https:\/\/cu4arquitectura.com\/en\/#organization"},"image":{"@id":"https:\/\/cu4arquitectura.com\/en\/2024\/10\/02\/cu4-arquitectura-participa-en-pionero-estudio-de-neuroarquitectura-sobre-viviendas-industrializadas\/#primaryimage"},"thumbnailUrl":"https:\/\/cu4arquitectura.com\/wp-content\/uploads\/2024\/11\/241002_EventoNIU_0471-1-scaled.jpg","articleSection":["CU4 Arquitectura"],"inLanguage":"en-US"},{"@type":"WebPage","@id":"https:\/\/cu4arquitectura.com\/en\/2024\/10\/02\/cu4-arquitectura-participa-en-pionero-estudio-de-neuroarquitectura-sobre-viviendas-industrializadas\/","url":"https:\/\/cu4arquitectura.com\/en\/2024\/10\/02\/cu4-arquitectura-participa-en-pionero-estudio-de-neuroarquitectura-sobre-viviendas-industrializadas\/","name":"CU4 Arquitectura Participa en Pionero Estudio de Neuroarquitectura sobre Viviendas Industrializadas - CU4 Arquitectos en Valencia | Estudio de arquitectura","isPartOf":{"@id":"https:\/\/cu4arquitectura.com\/en\/#website"},"primaryImageOfPage":{"@id":"https:\/\/cu4arquitectura.com\/en\/2024\/10\/02\/cu4-arquitectura-participa-en-pionero-estudio-de-neuroarquitectura-sobre-viviendas-industrializadas\/#primaryimage"},"image":{"@id":"https:\/\/cu4arquitectura.com\/en\/2024\/10\/02\/cu4-arquitectura-participa-en-pionero-estudio-de-neuroarquitectura-sobre-viviendas-industrializadas\/#primaryimage"},"thumbnailUrl":"https:\/\/cu4arquitectura.com\/wp-content\/uploads\/2024\/11\/241002_EventoNIU_0471-1-scaled.jpg","datePublished":"2024-10-02T17:23:06+00:00","dateModified":"2024-11-10T12:14:11+00:00","breadcrumb":{"@id":"https:\/\/cu4arquitectura.com\/en\/2024\/10\/02\/cu4-arquitectura-participa-en-pionero-estudio-de-neuroarquitectura-sobre-viviendas-industrializadas\/#breadcrumb"},"inLanguage":"en-US","potentialAction":[{"@type":"ReadAction","target":["https:\/\/cu4arquitectura.com\/en\/2024\/10\/02\/cu4-arquitectura-participa-en-pionero-estudio-de-neuroarquitectura-sobre-viviendas-industrializadas\/"]}]},{"@type":"ImageObject","inLanguage":"en-US","@id":"https:\/\/cu4arquitectura.com\/en\/2024\/10\/02\/cu4-arquitectura-participa-en-pionero-estudio-de-neuroarquitectura-sobre-viviendas-industrializadas\/#primaryimage","url":"https:\/\/cu4arquitectura.com\/wp-content\/uploads\/2024\/11\/241002_EventoNIU_0471-1-scaled.jpg","contentUrl":"https:\/\/cu4arquitectura.com\/wp-content\/uploads\/2024\/11\/241002_EventoNIU_0471-1-scaled.jpg","width":2560,"height":1707},{"@type":"BreadcrumbList","@id":"https:\/\/cu4arquitectura.com\/en\/2024\/10\/02\/cu4-arquitectura-participa-en-pionero-estudio-de-neuroarquitectura-sobre-viviendas-industrializadas\/#breadcrumb","itemListElement":[{"@type":"ListItem","position":1,"name":"Portada","item":"https:\/\/cu4arquitectura.com\/en\/"},{"@type":"ListItem","position":2,"name":"CU4 Arquitectura Participa en Pionero Estudio de Neuroarquitectura sobre Viviendas Industrializadas"}]},{"@type":"WebSite","@id":"https:\/\/cu4arquitectura.com\/en\/#website","url":"https:\/\/cu4arquitectura.com\/en\/","name":"CU4 Arquitectos en Valencia | Estudio de arquitectura","description":"Arquitectos en Valencia | Especializados en espacios a medida para empresas y particulares, dise\u00f1ados para tu bienestar","publisher":{"@id":"https:\/\/cu4arquitectura.com\/en\/#organization"},"potentialAction":[{"@type":"SearchAction","target":{"@type":"EntryPoint","urlTemplate":"https:\/\/cu4arquitectura.com\/en\/?s={search_term_string}"},"query-input":{"@type":"PropertyValueSpecification","valueRequired":true,"valueName":"search_term_string"}}],"inLanguage":"en-US"},{"@type":"Organization","@id":"https:\/\/cu4arquitectura.com\/en\/#organization","name":"CU4 Arquitectos en Valencia | Estudio de arquitectura","url":"https:\/\/cu4arquitectura.com\/en\/","logo":{"@type":"ImageObject","inLanguage":"en-US","@id":"https:\/\/cu4arquitectura.com\/en\/#\/schema\/logo\/image\/","url":"https:\/\/cu4arquitectura.com\/wp-content\/uploads\/2024\/01\/LOGO_CU4_original.svg","contentUrl":"https:\/\/cu4arquitectura.com\/wp-content\/uploads\/2024\/01\/LOGO_CU4_original.svg","width":841,"height":595,"caption":"CU4 Arquitectos en Valencia | Estudio de arquitectura"},"image":{"@id":"https:\/\/cu4arquitectura.com\/en\/#\/schema\/logo\/image\/"}},{"@type":"Person","@id":"https:\/\/cu4arquitectura.com\/en\/#\/schema\/person\/c70ab576860f0d7b726bfddf9ac6bee1","name":"marketing_cu4","image":{"@type":"ImageObject","inLanguage":"en-US","@id":"https:\/\/secure.gravatar.com\/avatar\/86c48ef7b9c98ce2ab81227e90f4c26e83b56be50938c9107f0d7c330300c639?s=96&d=mm&r=g","url":"https:\/\/secure.gravatar.com\/avatar\/86c48ef7b9c98ce2ab81227e90f4c26e83b56be50938c9107f0d7c330300c639?s=96&d=mm&r=g","contentUrl":"https:\/\/secure.gravatar.com\/avatar\/86c48ef7b9c98ce2ab81227e90f4c26e83b56be50938c9107f0d7c330300c639?s=96&d=mm&r=g","caption":"marketing_cu4"},"url":"https:\/\/cu4arquitectura.com\/en\/author\/marketing_cu4\/"}]}},"_links":{"self":[{"href":"https:\/\/cu4arquitectura.com\/en\/wp-json\/wp\/v2\/posts\/8062","targetHints":{"allow":["GET"]}}],"collection":[{"href":"https:\/\/cu4arquitectura.com\/en\/wp-json\/wp\/v2\/posts"}],"about":[{"href":"https:\/\/cu4arquitectura.com\/en\/wp-json\/wp\/v2\/types\/post"}],"author":[{"embeddable":true,"href":"https:\/\/cu4arquitectura.com\/en\/wp-json\/wp\/v2\/users\/6"}],"replies":[{"embeddable":true,"href":"https:\/\/cu4arquitectura.com\/en\/wp-json\/wp\/v2\/comments?post=8062"}],"version-history":[{"count":3,"href":"https:\/\/cu4arquitectura.com\/en\/wp-json\/wp\/v2\/posts\/8062\/revisions"}],"predecessor-version":[{"id":8070,"href":"https:\/\/cu4arquitectura.com\/en\/wp-json\/wp\/v2\/posts\/8062\/revisions\/8070"}],"wp:featuredmedia":[{"embeddable":true,"href":"https:\/\/cu4arquitectura.com\/en\/wp-json\/wp\/v2\/media\/8069"}],"wp:attachment":[{"href":"https:\/\/cu4arquitectura.com\/en\/wp-json\/wp\/v2\/media?parent=8062"}],"wp:term":[{"taxonomy":"category","embeddable":true,"href":"https:\/\/cu4arquitectura.com\/en\/wp-json\/wp\/v2\/categories?post=8062"},{"taxonomy":"post_tag","embeddable":true,"href":"https:\/\/cu4arquitectura.com\/en\/wp-json\/wp\/v2\/tags?post=8062"}],"curies":[{"name":"wp","href":"https:\/\/api.w.org\/{rel}","templated":true}]}}