{"id":8053,"date":"2024-09-26T15:21:33","date_gmt":"2024-09-26T15:21:33","guid":{"rendered":"https:\/\/cu4arquitectura.com\/?p=8053"},"modified":"2025-02-17T09:46:52","modified_gmt":"2025-02-17T09:46:52","slug":"como-transformar-una-casa-de-pueblo-centenaria-a-una-vivienda-moderna","status":"publish","type":"post","link":"https:\/\/cu4arquitectura.com\/en\/2024\/09\/26\/como-transformar-una-casa-de-pueblo-centenaria-a-una-vivienda-moderna\/","title":{"rendered":"CU4 Arquitectura en Revista Interiores: &#8220;C\u00f3mo transformar una casa de pueblo centenaria a una vivienda moderna&#8221;"},"content":{"rendered":"\t\t<div data-elementor-type=\"wp-post\" data-elementor-id=\"8053\" class=\"elementor elementor-8053\" data-elementor-post-type=\"post\">\n\t\t\t\t<div class=\"elementor-element elementor-element-1d8dc079 e-flex e-con-boxed e-con e-parent\" data-id=\"1d8dc079\" data-element_type=\"container\" data-e-type=\"container\">\n\t\t\t\t\t<div class=\"e-con-inner\">\n\t\t\t\t<div class=\"elementor-element elementor-element-4c1fb118 elementor-widget elementor-widget-text-editor\" data-id=\"4c1fb118\" data-element_type=\"widget\" data-e-type=\"widget\" data-widget_type=\"text-editor.default\">\n\t\t\t\t<div class=\"elementor-widget-container\">\n\t\t\t\t\t\t\t\t\t<p>El pasado 26 de septiembre de 2024, la Revista Interiores nos dedic\u00f3 el art\u00edculo &#8220;<a href=\"https:\/\/www.revistainteriores.es\/casas\/casa-pueblo-centenaria-vivienda-moderna-comoda-luminosa-dos-alturas-patio-sin-barreras_9971\">C\u00f3mo transformar una casa de pueblo centenaria a una vivienda moderna<\/a>&#8220;.<\/p>\n<p><!-- \/wp:paragraph --><\/p>\n<p><!-- wp:paragraph --><\/p>\n<p>En \u00e9l, se describe la reforma que realizamos\u00a0 en una casa de pueblo centenaria ubicada en la comarca de <em>l\u2019Horta Nord<\/em> (Valencia). El proyecto consisti\u00f3 en transformar una vivienda de 280 metros cuadrados, manteniendo la planta superior que hab\u00eda sido un granero agr\u00edcola y renovando todas las instalaciones t\u00e9cnicas.<\/p>\n<p><!-- \/wp:paragraph --><\/p>\n<p><!-- wp:paragraph --><\/p>\n<p>Nuestra compa\u00f1era, Anna Ferrer, explic\u00f3 que el objetivo principal era conservar la esencia original de la casa mientras se creaba un espacio moderno y lleno de luz. Se concentr\u00f3 la zona de d\u00eda en la planta baja y se potenci\u00f3 la entrada de luz hacia el patio trasero, mejorando la conexi\u00f3n con el exterior. Adem\u00e1s, se implementaron mejoras en eficiencia energ\u00e9tica mediante el uso de carpinter\u00edas de madera y materiales que cumplen con la normativa actual.<\/p>\n<p><!-- \/wp:paragraph --><\/p>\n<p><!-- wp:image {\"id\":7872} --><\/p>\n<figure class=\"wp-block-image\"><img loading=\"lazy\" decoding=\"async\" width=\"1024\" height=\"684\" class=\"wp-image-7872\" src=\"https:\/\/cu4arquitectura.com\/wp-content\/uploads\/2024\/09\/13-PB-SALON-02-1024x684.jpg\" alt=\"\" srcset=\"https:\/\/cu4arquitectura.com\/wp-content\/uploads\/2024\/09\/13-PB-SALON-02-1024x684.jpg 1024w, https:\/\/cu4arquitectura.com\/wp-content\/uploads\/2024\/09\/13-PB-SALON-02-300x200.jpg 300w, https:\/\/cu4arquitectura.com\/wp-content\/uploads\/2024\/09\/13-PB-SALON-02-768x513.jpg 768w, https:\/\/cu4arquitectura.com\/wp-content\/uploads\/2024\/09\/13-PB-SALON-02.jpg 1519w\" sizes=\"auto, (max-width: 1024px) 100vw, 1024px\" \/><\/figure>\n<p><!-- \/wp:image --><\/p>\n<p><!-- wp:paragraph --><\/p>\n<p>El proyecto tambi\u00e9n incluy\u00f3 la creaci\u00f3n de un gran patio trasero de 130 metros cuadrados, que facilita la entrada de luz y la conexi\u00f3n con la huerta agr\u00edcola del entorno. La vivienda cuenta con espacios abiertos, ventanales que permiten la entrada de luz natural y materiales acogedores que integran elementos vintage con la antig\u00fcedad de la casa.<\/p>\n<p><!-- \/wp:paragraph --><\/p>\n<p><!-- wp:paragraph --><\/p>\n<p>Si quieres descubrir m\u00e1s detalles y ver todas las fotograf\u00edas, <a href=\"https:\/\/www.revistainteriores.es\/casas\/casa-pueblo-centenaria-vivienda-moderna-comoda-luminosa-dos-alturas-patio-sin-barreras_9971\">visita Revista Interiores<\/a>.<\/p>\n<p><!-- \/wp:paragraph --><\/p>\n<p><!-- wp:paragraph --><\/p>\n<p>Y si necesitas asistencia con tu propio proyecto, no dudes en<a href=\"https:\/\/www.cu4arquitectura.com\/contacto\"> contactar con nosotros<\/a>.<\/p>\n<p>\u00a0<\/p>\n<p><!-- \/wp:paragraph --><\/p>\n<p><!-- wp:paragraph --><\/p>\n<p><!-- \/wp:paragraph --><\/p>\t\t\t\t\t\t\t\t<\/div>\n\t\t\t\t<\/div>\n\t\t\t\t<div class=\"elementor-element elementor-element-b70f459 elementor-widget-divider--view-line elementor-widget elementor-widget-divider\" data-id=\"b70f459\" data-element_type=\"widget\" data-e-type=\"widget\" data-widget_type=\"divider.default\">\n\t\t\t\t<div class=\"elementor-widget-container\">\n\t\t\t\t\t\t\t<div class=\"elementor-divider\">\n\t\t\t<span class=\"elementor-divider-separator\">\n\t\t\t\t\t\t<\/span>\n\t\t<\/div>\n\t\t\t\t\t\t<\/div>\n\t\t\t\t<\/div>\n\t\t\t\t<div class=\"elementor-element elementor-element-7e681cd elementor-widget elementor-widget-text-editor\" data-id=\"7e681cd\" data-element_type=\"widget\" data-e-type=\"widget\" data-widget_type=\"text-editor.default\">\n\t\t\t\t<div class=\"elementor-widget-container\">\n\t\t\t\t\t\t\t\t\t<p>Esta vivienda tambi\u00e9n ha aparecido en:<\/p>\n<p>Revista Hola: <a href=\"https:\/\/www.hola.com\/decoracion\/20241212734367\/reforma-convierte-casa-de-pueblo-en-vivienda-moderna-eficiente\/\">As\u00ed se convierte una antigua casa de pueblo en un hogar moderno, luminoso y eficiente<\/a><\/p>\n<p>Proarquitectura: <a href=\"https:\/\/www.proarquitectura.es\/cu4-arquitectura-revitaliza-una-casa-centenaria\/\">CU4 arquitectura revitaliza una casa centenaria<\/a><\/p>\n<p>Revista Construye:\u00a0<a href=\"https:\/\/revistaconstruye.com.mx\/cu4-arquitectura-llena-de-la-luz-una-casa-centenaria-en-valencia\/\">CU4 arquitectura llena de la luz una casa centenaria en Valencia<\/a><\/p>\n<p>Decoesfera:\u00a0<a href=\"https:\/\/decoracion.trendencias.com\/casas\/compre-casa-vieja-pueblo-despues-reforma-parece-vivienda-barrio-chic-cualquier-gran-ciudad\"><span style=\"color: var( --e-global-color-text ); font-family: var( --e-global-typography-text-font-family ), Sans-serif; font-weight: var( --e-global-typography-text-font-weight ); text-align: var(--text-align);\">La espectacular reforma integral de esta casa en un pueblo de Valencia: tiene un patio luminoso y no le falta ni un huerto<\/span><\/a><\/p>\n<p>Interior Daily:\u00a0<a style=\"font-family: var( --e-global-typography-text-font-family ), Sans-serif; font-weight: var( --e-global-typography-text-font-weight ); text-align: var(--text-align); background-color: #ffffff;\" href=\"https:\/\/www.interiordaily.com\/article\/9675138\/cu4-arquitectura-studio-transforms-century-old-village-house-in-the-county-of-l-horta-nord\/\" target=\"_blank\" rel=\"noopener\">CU4 arquitectura studio transforms century-old village house in the county of l&#8217;Horta Nord<\/a><\/p>\t\t\t\t\t\t\t\t<\/div>\n\t\t\t\t<\/div>\n\t\t\t\t\t<\/div>\n\t\t\t\t<\/div>\n\t\t\t\t<\/div>\n\t\t","protected":false},"excerpt":{"rendered":"<p>El pasado 26 de septiembre de 2024, la Revista Interiores nos dedic\u00f3 el art\u00edculo &#8220;C\u00f3mo transformar una casa de pueblo centenaria a una vivienda moderna&#8220;. En \u00e9l, se describe la reforma que realizamos\u00a0 en una casa de pueblo centenaria ubicada en la comarca de l\u2019Horta Nord (Valencia). El proyecto consisti\u00f3 en transformar una vivienda de [&hellip;]<\/p>\n","protected":false},"author":6,"featured_media":7872,"comment_status":"closed","ping_status":"closed","sticky":false,"template":"","format":"standard","meta":{"_acf_changed":false,"footnotes":""},"categories":[6],"tags":[],"class_list":["post-8053","post","type-post","status-publish","format-standard","has-post-thumbnail","hentry","category-cu4"],"acf":[],"yoast_head":"<!-- This site is optimized with the Yoast SEO plugin v27.7 - https:\/\/yoast.com\/product\/yoast-seo-wordpress\/ -->\n<title>CU4 Arquitectura en Revista Interiores: &quot;C\u00f3mo transformar una casa de pueblo centenaria a una vivienda moderna&quot; - CU4 Arquitectos en Valencia | Estudio de arquitectura<\/title>\n<meta name=\"robots\" content=\"index, follow, max-snippet:-1, max-image-preview:large, max-video-preview:-1\" \/>\n<link rel=\"canonical\" href=\"https:\/\/cu4arquitectura.com\/en\/2024\/09\/26\/como-transformar-una-casa-de-pueblo-centenaria-a-una-vivienda-moderna\/\" \/>\n<meta property=\"og:locale\" content=\"en_US\" \/>\n<meta property=\"og:type\" content=\"article\" \/>\n<meta property=\"og:title\" content=\"CU4 Arquitectura en Revista Interiores: &quot;C\u00f3mo transformar una casa de pueblo centenaria a una vivienda moderna&quot; - CU4 Arquitectos en Valencia | Estudio de arquitectura\" \/>\n<meta property=\"og:description\" content=\"El pasado 26 de septiembre de 2024, la Revista Interiores nos dedic\u00f3 el art\u00edculo &#8220;C\u00f3mo transformar una casa de pueblo centenaria a una vivienda moderna&#8220;. En \u00e9l, se describe la reforma que realizamos\u00a0 en una casa de pueblo centenaria ubicada en la comarca de l\u2019Horta Nord (Valencia). El proyecto consisti\u00f3 en transformar una vivienda de [&hellip;]\" \/>\n<meta property=\"og:url\" content=\"https:\/\/cu4arquitectura.com\/en\/2024\/09\/26\/como-transformar-una-casa-de-pueblo-centenaria-a-una-vivienda-moderna\/\" \/>\n<meta property=\"og:site_name\" content=\"CU4 Arquitectos en Valencia | Estudio de arquitectura\" \/>\n<meta property=\"article:published_time\" content=\"2024-09-26T15:21:33+00:00\" \/>\n<meta property=\"article:modified_time\" content=\"2025-02-17T09:46:52+00:00\" \/>\n<meta property=\"og:image\" content=\"https:\/\/cu4arquitectura.com\/wp-content\/uploads\/2024\/09\/13-PB-SALON-02.jpg\" \/>\n\t<meta property=\"og:image:width\" content=\"1519\" \/>\n\t<meta property=\"og:image:height\" content=\"1014\" \/>\n\t<meta property=\"og:image:type\" content=\"image\/jpeg\" \/>\n<meta name=\"author\" content=\"marketing_cu4\" \/>\n<meta name=\"twitter:card\" content=\"summary_large_image\" \/>\n<meta name=\"twitter:label1\" content=\"Written by\" \/>\n\t<meta name=\"twitter:data1\" content=\"marketing_cu4\" \/>\n\t<meta name=\"twitter:label2\" content=\"Est. reading time\" \/>\n\t<meta name=\"twitter:data2\" content=\"2 minutes\" \/>\n<script type=\"application\/ld+json\" class=\"yoast-schema-graph\">{\"@context\":\"https:\\\/\\\/schema.org\",\"@graph\":[{\"@type\":\"Article\",\"@id\":\"https:\\\/\\\/cu4arquitectura.com\\\/en\\\/2024\\\/09\\\/26\\\/como-transformar-una-casa-de-pueblo-centenaria-a-una-vivienda-moderna\\\/#article\",\"isPartOf\":{\"@id\":\"https:\\\/\\\/cu4arquitectura.com\\\/en\\\/2024\\\/09\\\/26\\\/como-transformar-una-casa-de-pueblo-centenaria-a-una-vivienda-moderna\\\/\"},\"author\":{\"name\":\"marketing_cu4\",\"@id\":\"https:\\\/\\\/cu4arquitectura.com\\\/en\\\/#\\\/schema\\\/person\\\/c70ab576860f0d7b726bfddf9ac6bee1\"},\"headline\":\"CU4 Arquitectura en Revista Interiores: &#8220;C\u00f3mo transformar una casa de pueblo centenaria a una vivienda moderna&#8221;\",\"datePublished\":\"2024-09-26T15:21:33+00:00\",\"dateModified\":\"2025-02-17T09:46:52+00:00\",\"mainEntityOfPage\":{\"@id\":\"https:\\\/\\\/cu4arquitectura.com\\\/en\\\/2024\\\/09\\\/26\\\/como-transformar-una-casa-de-pueblo-centenaria-a-una-vivienda-moderna\\\/\"},\"wordCount\":350,\"publisher\":{\"@id\":\"https:\\\/\\\/cu4arquitectura.com\\\/en\\\/#organization\"},\"image\":{\"@id\":\"https:\\\/\\\/cu4arquitectura.com\\\/en\\\/2024\\\/09\\\/26\\\/como-transformar-una-casa-de-pueblo-centenaria-a-una-vivienda-moderna\\\/#primaryimage\"},\"thumbnailUrl\":\"https:\\\/\\\/cu4arquitectura.com\\\/wp-content\\\/uploads\\\/2024\\\/09\\\/13-PB-SALON-02.jpg\",\"articleSection\":[\"CU4 Arquitectura\"],\"inLanguage\":\"en-US\"},{\"@type\":\"WebPage\",\"@id\":\"https:\\\/\\\/cu4arquitectura.com\\\/en\\\/2024\\\/09\\\/26\\\/como-transformar-una-casa-de-pueblo-centenaria-a-una-vivienda-moderna\\\/\",\"url\":\"https:\\\/\\\/cu4arquitectura.com\\\/en\\\/2024\\\/09\\\/26\\\/como-transformar-una-casa-de-pueblo-centenaria-a-una-vivienda-moderna\\\/\",\"name\":\"CU4 Arquitectura en Revista Interiores: \\\"C\u00f3mo transformar una casa de pueblo centenaria a una vivienda moderna\\\" - CU4 Arquitectos en Valencia | Estudio de arquitectura\",\"isPartOf\":{\"@id\":\"https:\\\/\\\/cu4arquitectura.com\\\/en\\\/#website\"},\"primaryImageOfPage\":{\"@id\":\"https:\\\/\\\/cu4arquitectura.com\\\/en\\\/2024\\\/09\\\/26\\\/como-transformar-una-casa-de-pueblo-centenaria-a-una-vivienda-moderna\\\/#primaryimage\"},\"image\":{\"@id\":\"https:\\\/\\\/cu4arquitectura.com\\\/en\\\/2024\\\/09\\\/26\\\/como-transformar-una-casa-de-pueblo-centenaria-a-una-vivienda-moderna\\\/#primaryimage\"},\"thumbnailUrl\":\"https:\\\/\\\/cu4arquitectura.com\\\/wp-content\\\/uploads\\\/2024\\\/09\\\/13-PB-SALON-02.jpg\",\"datePublished\":\"2024-09-26T15:21:33+00:00\",\"dateModified\":\"2025-02-17T09:46:52+00:00\",\"breadcrumb\":{\"@id\":\"https:\\\/\\\/cu4arquitectura.com\\\/en\\\/2024\\\/09\\\/26\\\/como-transformar-una-casa-de-pueblo-centenaria-a-una-vivienda-moderna\\\/#breadcrumb\"},\"inLanguage\":\"en-US\",\"potentialAction\":[{\"@type\":\"ReadAction\",\"target\":[\"https:\\\/\\\/cu4arquitectura.com\\\/en\\\/2024\\\/09\\\/26\\\/como-transformar-una-casa-de-pueblo-centenaria-a-una-vivienda-moderna\\\/\"]}]},{\"@type\":\"ImageObject\",\"inLanguage\":\"en-US\",\"@id\":\"https:\\\/\\\/cu4arquitectura.com\\\/en\\\/2024\\\/09\\\/26\\\/como-transformar-una-casa-de-pueblo-centenaria-a-una-vivienda-moderna\\\/#primaryimage\",\"url\":\"https:\\\/\\\/cu4arquitectura.com\\\/wp-content\\\/uploads\\\/2024\\\/09\\\/13-PB-SALON-02.jpg\",\"contentUrl\":\"https:\\\/\\\/cu4arquitectura.com\\\/wp-content\\\/uploads\\\/2024\\\/09\\\/13-PB-SALON-02.jpg\",\"width\":1519,\"height\":1014},{\"@type\":\"BreadcrumbList\",\"@id\":\"https:\\\/\\\/cu4arquitectura.com\\\/en\\\/2024\\\/09\\\/26\\\/como-transformar-una-casa-de-pueblo-centenaria-a-una-vivienda-moderna\\\/#breadcrumb\",\"itemListElement\":[{\"@type\":\"ListItem\",\"position\":1,\"name\":\"Portada\",\"item\":\"https:\\\/\\\/cu4arquitectura.com\\\/en\\\/\"},{\"@type\":\"ListItem\",\"position\":2,\"name\":\"CU4 Arquitectura en Revista Interiores: \u00abC\u00f3mo transformar una casa de pueblo centenaria a una vivienda moderna\u00bb\"}]},{\"@type\":\"WebSite\",\"@id\":\"https:\\\/\\\/cu4arquitectura.com\\\/en\\\/#website\",\"url\":\"https:\\\/\\\/cu4arquitectura.com\\\/en\\\/\",\"name\":\"CU4 Arquitectos en Valencia | Estudio de arquitectura\",\"description\":\"Arquitectos en Valencia | Especializados en espacios a medida para empresas y particulares, dise\u00f1ados para tu bienestar\",\"publisher\":{\"@id\":\"https:\\\/\\\/cu4arquitectura.com\\\/en\\\/#organization\"},\"potentialAction\":[{\"@type\":\"SearchAction\",\"target\":{\"@type\":\"EntryPoint\",\"urlTemplate\":\"https:\\\/\\\/cu4arquitectura.com\\\/en\\\/?s={search_term_string}\"},\"query-input\":{\"@type\":\"PropertyValueSpecification\",\"valueRequired\":true,\"valueName\":\"search_term_string\"}}],\"inLanguage\":\"en-US\"},{\"@type\":\"Organization\",\"@id\":\"https:\\\/\\\/cu4arquitectura.com\\\/en\\\/#organization\",\"name\":\"CU4 Arquitectos en Valencia | Estudio de arquitectura\",\"url\":\"https:\\\/\\\/cu4arquitectura.com\\\/en\\\/\",\"logo\":{\"@type\":\"ImageObject\",\"inLanguage\":\"en-US\",\"@id\":\"https:\\\/\\\/cu4arquitectura.com\\\/en\\\/#\\\/schema\\\/logo\\\/image\\\/\",\"url\":\"https:\\\/\\\/cu4arquitectura.com\\\/wp-content\\\/uploads\\\/2024\\\/01\\\/LOGO_CU4_original.svg\",\"contentUrl\":\"https:\\\/\\\/cu4arquitectura.com\\\/wp-content\\\/uploads\\\/2024\\\/01\\\/LOGO_CU4_original.svg\",\"width\":841,\"height\":595,\"caption\":\"CU4 Arquitectos en Valencia | Estudio de arquitectura\"},\"image\":{\"@id\":\"https:\\\/\\\/cu4arquitectura.com\\\/en\\\/#\\\/schema\\\/logo\\\/image\\\/\"}},{\"@type\":\"Person\",\"@id\":\"https:\\\/\\\/cu4arquitectura.com\\\/en\\\/#\\\/schema\\\/person\\\/c70ab576860f0d7b726bfddf9ac6bee1\",\"name\":\"marketing_cu4\",\"image\":{\"@type\":\"ImageObject\",\"inLanguage\":\"en-US\",\"@id\":\"https:\\\/\\\/secure.gravatar.com\\\/avatar\\\/86c48ef7b9c98ce2ab81227e90f4c26e83b56be50938c9107f0d7c330300c639?s=96&d=mm&r=g\",\"url\":\"https:\\\/\\\/secure.gravatar.com\\\/avatar\\\/86c48ef7b9c98ce2ab81227e90f4c26e83b56be50938c9107f0d7c330300c639?s=96&d=mm&r=g\",\"contentUrl\":\"https:\\\/\\\/secure.gravatar.com\\\/avatar\\\/86c48ef7b9c98ce2ab81227e90f4c26e83b56be50938c9107f0d7c330300c639?s=96&d=mm&r=g\",\"caption\":\"marketing_cu4\"},\"url\":\"https:\\\/\\\/cu4arquitectura.com\\\/en\\\/author\\\/marketing_cu4\\\/\"}]}<\/script>\n<!-- \/ Yoast SEO plugin. -->","yoast_head_json":{"title":"CU4 Arquitectura en Revista Interiores: \"C\u00f3mo transformar una casa de pueblo centenaria a una vivienda moderna\" - CU4 Arquitectos en Valencia | Estudio de arquitectura","robots":{"index":"index","follow":"follow","max-snippet":"max-snippet:-1","max-image-preview":"max-image-preview:large","max-video-preview":"max-video-preview:-1"},"canonical":"https:\/\/cu4arquitectura.com\/en\/2024\/09\/26\/como-transformar-una-casa-de-pueblo-centenaria-a-una-vivienda-moderna\/","og_locale":"en_US","og_type":"article","og_title":"CU4 Arquitectura en Revista Interiores: \"C\u00f3mo transformar una casa de pueblo centenaria a una vivienda moderna\" - CU4 Arquitectos en Valencia | Estudio de arquitectura","og_description":"El pasado 26 de septiembre de 2024, la Revista Interiores nos dedic\u00f3 el art\u00edculo &#8220;C\u00f3mo transformar una casa de pueblo centenaria a una vivienda moderna&#8220;. En \u00e9l, se describe la reforma que realizamos\u00a0 en una casa de pueblo centenaria ubicada en la comarca de l\u2019Horta Nord (Valencia). El proyecto consisti\u00f3 en transformar una vivienda de [&hellip;]","og_url":"https:\/\/cu4arquitectura.com\/en\/2024\/09\/26\/como-transformar-una-casa-de-pueblo-centenaria-a-una-vivienda-moderna\/","og_site_name":"CU4 Arquitectos en Valencia | Estudio de arquitectura","article_published_time":"2024-09-26T15:21:33+00:00","article_modified_time":"2025-02-17T09:46:52+00:00","og_image":[{"width":1519,"height":1014,"url":"https:\/\/cu4arquitectura.com\/wp-content\/uploads\/2024\/09\/13-PB-SALON-02.jpg","type":"image\/jpeg"}],"author":"marketing_cu4","twitter_card":"summary_large_image","twitter_misc":{"Written by":"marketing_cu4","Est. reading time":"2 minutes"},"schema":{"@context":"https:\/\/schema.org","@graph":[{"@type":"Article","@id":"https:\/\/cu4arquitectura.com\/en\/2024\/09\/26\/como-transformar-una-casa-de-pueblo-centenaria-a-una-vivienda-moderna\/#article","isPartOf":{"@id":"https:\/\/cu4arquitectura.com\/en\/2024\/09\/26\/como-transformar-una-casa-de-pueblo-centenaria-a-una-vivienda-moderna\/"},"author":{"name":"marketing_cu4","@id":"https:\/\/cu4arquitectura.com\/en\/#\/schema\/person\/c70ab576860f0d7b726bfddf9ac6bee1"},"headline":"CU4 Arquitectura en Revista Interiores: &#8220;C\u00f3mo transformar una casa de pueblo centenaria a una vivienda moderna&#8221;","datePublished":"2024-09-26T15:21:33+00:00","dateModified":"2025-02-17T09:46:52+00:00","mainEntityOfPage":{"@id":"https:\/\/cu4arquitectura.com\/en\/2024\/09\/26\/como-transformar-una-casa-de-pueblo-centenaria-a-una-vivienda-moderna\/"},"wordCount":350,"publisher":{"@id":"https:\/\/cu4arquitectura.com\/en\/#organization"},"image":{"@id":"https:\/\/cu4arquitectura.com\/en\/2024\/09\/26\/como-transformar-una-casa-de-pueblo-centenaria-a-una-vivienda-moderna\/#primaryimage"},"thumbnailUrl":"https:\/\/cu4arquitectura.com\/wp-content\/uploads\/2024\/09\/13-PB-SALON-02.jpg","articleSection":["CU4 Arquitectura"],"inLanguage":"en-US"},{"@type":"WebPage","@id":"https:\/\/cu4arquitectura.com\/en\/2024\/09\/26\/como-transformar-una-casa-de-pueblo-centenaria-a-una-vivienda-moderna\/","url":"https:\/\/cu4arquitectura.com\/en\/2024\/09\/26\/como-transformar-una-casa-de-pueblo-centenaria-a-una-vivienda-moderna\/","name":"CU4 Arquitectura en Revista Interiores: \"C\u00f3mo transformar una casa de pueblo centenaria a una vivienda moderna\" - CU4 Arquitectos en Valencia | Estudio de arquitectura","isPartOf":{"@id":"https:\/\/cu4arquitectura.com\/en\/#website"},"primaryImageOfPage":{"@id":"https:\/\/cu4arquitectura.com\/en\/2024\/09\/26\/como-transformar-una-casa-de-pueblo-centenaria-a-una-vivienda-moderna\/#primaryimage"},"image":{"@id":"https:\/\/cu4arquitectura.com\/en\/2024\/09\/26\/como-transformar-una-casa-de-pueblo-centenaria-a-una-vivienda-moderna\/#primaryimage"},"thumbnailUrl":"https:\/\/cu4arquitectura.com\/wp-content\/uploads\/2024\/09\/13-PB-SALON-02.jpg","datePublished":"2024-09-26T15:21:33+00:00","dateModified":"2025-02-17T09:46:52+00:00","breadcrumb":{"@id":"https:\/\/cu4arquitectura.com\/en\/2024\/09\/26\/como-transformar-una-casa-de-pueblo-centenaria-a-una-vivienda-moderna\/#breadcrumb"},"inLanguage":"en-US","potentialAction":[{"@type":"ReadAction","target":["https:\/\/cu4arquitectura.com\/en\/2024\/09\/26\/como-transformar-una-casa-de-pueblo-centenaria-a-una-vivienda-moderna\/"]}]},{"@type":"ImageObject","inLanguage":"en-US","@id":"https:\/\/cu4arquitectura.com\/en\/2024\/09\/26\/como-transformar-una-casa-de-pueblo-centenaria-a-una-vivienda-moderna\/#primaryimage","url":"https:\/\/cu4arquitectura.com\/wp-content\/uploads\/2024\/09\/13-PB-SALON-02.jpg","contentUrl":"https:\/\/cu4arquitectura.com\/wp-content\/uploads\/2024\/09\/13-PB-SALON-02.jpg","width":1519,"height":1014},{"@type":"BreadcrumbList","@id":"https:\/\/cu4arquitectura.com\/en\/2024\/09\/26\/como-transformar-una-casa-de-pueblo-centenaria-a-una-vivienda-moderna\/#breadcrumb","itemListElement":[{"@type":"ListItem","position":1,"name":"Portada","item":"https:\/\/cu4arquitectura.com\/en\/"},{"@type":"ListItem","position":2,"name":"CU4 Arquitectura en Revista Interiores: \u00abC\u00f3mo transformar una casa de pueblo centenaria a una vivienda moderna\u00bb"}]},{"@type":"WebSite","@id":"https:\/\/cu4arquitectura.com\/en\/#website","url":"https:\/\/cu4arquitectura.com\/en\/","name":"CU4 Arquitectos en Valencia | Estudio de arquitectura","description":"Arquitectos en Valencia | Especializados en espacios a medida para empresas y particulares, dise\u00f1ados para tu bienestar","publisher":{"@id":"https:\/\/cu4arquitectura.com\/en\/#organization"},"potentialAction":[{"@type":"SearchAction","target":{"@type":"EntryPoint","urlTemplate":"https:\/\/cu4arquitectura.com\/en\/?s={search_term_string}"},"query-input":{"@type":"PropertyValueSpecification","valueRequired":true,"valueName":"search_term_string"}}],"inLanguage":"en-US"},{"@type":"Organization","@id":"https:\/\/cu4arquitectura.com\/en\/#organization","name":"CU4 Arquitectos en Valencia | Estudio de arquitectura","url":"https:\/\/cu4arquitectura.com\/en\/","logo":{"@type":"ImageObject","inLanguage":"en-US","@id":"https:\/\/cu4arquitectura.com\/en\/#\/schema\/logo\/image\/","url":"https:\/\/cu4arquitectura.com\/wp-content\/uploads\/2024\/01\/LOGO_CU4_original.svg","contentUrl":"https:\/\/cu4arquitectura.com\/wp-content\/uploads\/2024\/01\/LOGO_CU4_original.svg","width":841,"height":595,"caption":"CU4 Arquitectos en Valencia | Estudio de arquitectura"},"image":{"@id":"https:\/\/cu4arquitectura.com\/en\/#\/schema\/logo\/image\/"}},{"@type":"Person","@id":"https:\/\/cu4arquitectura.com\/en\/#\/schema\/person\/c70ab576860f0d7b726bfddf9ac6bee1","name":"marketing_cu4","image":{"@type":"ImageObject","inLanguage":"en-US","@id":"https:\/\/secure.gravatar.com\/avatar\/86c48ef7b9c98ce2ab81227e90f4c26e83b56be50938c9107f0d7c330300c639?s=96&d=mm&r=g","url":"https:\/\/secure.gravatar.com\/avatar\/86c48ef7b9c98ce2ab81227e90f4c26e83b56be50938c9107f0d7c330300c639?s=96&d=mm&r=g","contentUrl":"https:\/\/secure.gravatar.com\/avatar\/86c48ef7b9c98ce2ab81227e90f4c26e83b56be50938c9107f0d7c330300c639?s=96&d=mm&r=g","caption":"marketing_cu4"},"url":"https:\/\/cu4arquitectura.com\/en\/author\/marketing_cu4\/"}]}},"_links":{"self":[{"href":"https:\/\/cu4arquitectura.com\/en\/wp-json\/wp\/v2\/posts\/8053","targetHints":{"allow":["GET"]}}],"collection":[{"href":"https:\/\/cu4arquitectura.com\/en\/wp-json\/wp\/v2\/posts"}],"about":[{"href":"https:\/\/cu4arquitectura.com\/en\/wp-json\/wp\/v2\/types\/post"}],"author":[{"embeddable":true,"href":"https:\/\/cu4arquitectura.com\/en\/wp-json\/wp\/v2\/users\/6"}],"replies":[{"embeddable":true,"href":"https:\/\/cu4arquitectura.com\/en\/wp-json\/wp\/v2\/comments?post=8053"}],"version-history":[{"count":19,"href":"https:\/\/cu4arquitectura.com\/en\/wp-json\/wp\/v2\/posts\/8053\/revisions"}],"predecessor-version":[{"id":8447,"href":"https:\/\/cu4arquitectura.com\/en\/wp-json\/wp\/v2\/posts\/8053\/revisions\/8447"}],"wp:featuredmedia":[{"embeddable":true,"href":"https:\/\/cu4arquitectura.com\/en\/wp-json\/wp\/v2\/media\/7872"}],"wp:attachment":[{"href":"https:\/\/cu4arquitectura.com\/en\/wp-json\/wp\/v2\/media?parent=8053"}],"wp:term":[{"taxonomy":"category","embeddable":true,"href":"https:\/\/cu4arquitectura.com\/en\/wp-json\/wp\/v2\/categories?post=8053"},{"taxonomy":"post_tag","embeddable":true,"href":"https:\/\/cu4arquitectura.com\/en\/wp-json\/wp\/v2\/tags?post=8053"}],"curies":[{"name":"wp","href":"https:\/\/api.w.org\/{rel}","templated":true}]}}