{"id":7671,"date":"2024-08-30T12:18:49","date_gmt":"2024-08-30T12:18:49","guid":{"rendered":"https:\/\/cu4arquitectura.com\/?p=7671"},"modified":"2024-09-02T09:39:53","modified_gmt":"2024-09-02T09:39:53","slug":"diseno-biofilico-en-la-wellference-2024","status":"publish","type":"post","link":"https:\/\/cu4arquitectura.com\/en\/2024\/08\/30\/diseno-biofilico-en-la-wellference-2024\/","title":{"rendered":"Dise\u00f1o Biof\u00edlico en la WELLFERENCE 2024"},"content":{"rendered":"\t\t<div data-elementor-type=\"wp-post\" data-elementor-id=\"7671\" class=\"elementor elementor-7671\" data-elementor-post-type=\"post\">\n\t\t\t\t<div class=\"elementor-element elementor-element-5c015cd7 e-flex e-con-boxed e-con e-parent\" data-id=\"5c015cd7\" data-element_type=\"container\" data-e-type=\"container\">\n\t\t\t\t\t<div class=\"e-con-inner\">\n\t\t\t\t<div class=\"elementor-element elementor-element-42f5486e elementor-widget elementor-widget-text-editor\" data-id=\"42f5486e\" data-element_type=\"widget\" data-e-type=\"widget\" data-widget_type=\"text-editor.default\">\n\t\t\t\t<div class=\"elementor-widget-container\">\n\t\t\t\t\t\t\t\t\t<p><\/p>\n<p class=\"wp-block-paragraph\">El pasado 14 de marzo, asistimos a la WELLFERENCE, una cita anual imprescindible organizada por el Instituto Tecnol\u00f3gico de Galicia (ITG). Este evento, \u00fanico en su tipo en Espa\u00f1a, se enfoca en la metodolog\u00eda WELL, la cual es pionera en evaluar la salud y el bienestar de los usuarios en entornos construidos. En esta conferencia, se presentaron las \u00faltimas novedades sobre la certificaci\u00f3n WELL, con ponencias de destacados expertos en salud, bienestar y dise\u00f1o de espacios.<\/p>\n<p><img loading=\"lazy\" decoding=\"async\" class=\"aligncenter wp-image-7674 size-full\" src=\"https:\/\/cu4arquitectura.com\/wp-content\/uploads\/2024\/08\/diseno-biofilico-cu4-oliver-heat.jpg\" alt=\"dise\u00f1o-biofilico-arquitectos-en-valencia\" width=\"1920\" height=\"1122\" srcset=\"https:\/\/cu4arquitectura.com\/wp-content\/uploads\/2024\/08\/diseno-biofilico-cu4-oliver-heat.jpg 1920w, https:\/\/cu4arquitectura.com\/wp-content\/uploads\/2024\/08\/diseno-biofilico-cu4-oliver-heat-300x175.jpg 300w, https:\/\/cu4arquitectura.com\/wp-content\/uploads\/2024\/08\/diseno-biofilico-cu4-oliver-heat-1024x598.jpg 1024w, https:\/\/cu4arquitectura.com\/wp-content\/uploads\/2024\/08\/diseno-biofilico-cu4-oliver-heat-768x449.jpg 768w, https:\/\/cu4arquitectura.com\/wp-content\/uploads\/2024\/08\/diseno-biofilico-cu4-oliver-heat-1536x898.jpg 1536w\" sizes=\"auto, (max-width: 1920px) 100vw, 1920px\" \/><\/p>\n<p><\/p>\n<p class=\"wp-block-paragraph\">Una de las ponencias m\u00e1s destacadas fue la de Oliver Heath, un reconocido dise\u00f1ador del Reino Unido y experto en <strong>dise\u00f1o biof\u00edlico<\/strong>. Heath es una figura clave en la promoci\u00f3n del dise\u00f1o sostenible, integrando elementos naturales en los espacios para mejorar el bienestar humano. Su enfoque en el dise\u00f1o biof\u00edlico busca reconectar a las personas con la naturaleza, creando ambientes m\u00e1s saludables y arm\u00f3nicos.<\/p>\n<p><img loading=\"lazy\" decoding=\"async\" class=\"alignnone wp-image-7675 size-full\" src=\"https:\/\/cu4arquitectura.com\/wp-content\/uploads\/2024\/08\/oliver-heat-wellference.jpg\" alt=\"dise\u00f1o-biofilico\" width=\"1512\" height=\"1091\" srcset=\"https:\/\/cu4arquitectura.com\/wp-content\/uploads\/2024\/08\/oliver-heat-wellference.jpg 1512w, https:\/\/cu4arquitectura.com\/wp-content\/uploads\/2024\/08\/oliver-heat-wellference-300x216.jpg 300w, https:\/\/cu4arquitectura.com\/wp-content\/uploads\/2024\/08\/oliver-heat-wellference-1024x739.jpg 1024w, https:\/\/cu4arquitectura.com\/wp-content\/uploads\/2024\/08\/oliver-heat-wellference-768x554.jpg 768w\" sizes=\"auto, (max-width: 1512px) 100vw, 1512px\" \/><\/p>\n<p><\/p>\n<h3>\u00bfQu\u00e9 es el Dise\u00f1o Biof\u00edlico y por qu\u00e9 es importante?<\/h3>\n<p class=\"wp-block-paragraph\"><\/p>\n<p class=\"wp-block-paragraph\">En su presentaci\u00f3n, Heath abord\u00f3 diversas formas de implementar el <strong>dise\u00f1o biof\u00edlico<\/strong> en nuestros entornos. En la actualidad, vivimos en espacios altamente urbanizados, pasamos en promedio seis horas diarias frente a pantallas, y entre el 11% y el 27% de los problemas de salud mental en Espa\u00f1a est\u00e1n relacionados con el entorno laboral. Ante esta realidad, surge la necesidad de renaturalizar nuestros espacios, ya que la conexi\u00f3n entre los seres humanos y la naturaleza es innata y esencial para nuestro bienestar.<\/p>\n<p><img loading=\"lazy\" decoding=\"async\" class=\"aligncenter wp-image-7679 size-full\" src=\"https:\/\/cu4arquitectura.com\/wp-content\/uploads\/2024\/08\/oliver-heat-salud-mental-trabajo.jpg\" alt=\"salud-mental-oliver-heat\" width=\"1920\" height=\"1080\" srcset=\"https:\/\/cu4arquitectura.com\/wp-content\/uploads\/2024\/08\/oliver-heat-salud-mental-trabajo.jpg 1920w, https:\/\/cu4arquitectura.com\/wp-content\/uploads\/2024\/08\/oliver-heat-salud-mental-trabajo-300x169.jpg 300w, https:\/\/cu4arquitectura.com\/wp-content\/uploads\/2024\/08\/oliver-heat-salud-mental-trabajo-1024x576.jpg 1024w, https:\/\/cu4arquitectura.com\/wp-content\/uploads\/2024\/08\/oliver-heat-salud-mental-trabajo-768x432.jpg 768w, https:\/\/cu4arquitectura.com\/wp-content\/uploads\/2024\/08\/oliver-heat-salud-mental-trabajo-1536x864.jpg 1536w\" sizes=\"auto, (max-width: 1920px) 100vw, 1920px\" \/><\/p>\n<p><\/p>\n<p class=\"wp-block-paragraph\">Estudios demuestran que estar en contacto con la naturaleza, incluso de forma indirecta, reduce la frecuencia card\u00edaca, disminuye las hormonas del estr\u00e9s, la presi\u00f3n sangu\u00ednea y la irritabilidad, al tiempo que mejora la concentraci\u00f3n y el enfoque. Al incorporar elementos del <strong>dise\u00f1o biof\u00edlico<\/strong> como materiales naturales, formas biomim\u00e9ticas, luz difusa y din\u00e1mica, y la presencia de agua en los espacios, podemos replicar los beneficios de estar en un entorno natural.<\/p>\n<p><\/p>\n<h3>Beneficios del Dise\u00f1o Biof\u00edlico en entornos laborales<\/h3>\n<p class=\"wp-block-paragraph\"><\/p>\n<p class=\"wp-block-paragraph\">El <strong>dise\u00f1o biof\u00edlico<\/strong> es aplicable tanto en proyectos nuevos como en espacios ya existentes. Integrar estos principios desde el inicio del proceso de dise\u00f1o o adaptarlos en una renovaci\u00f3n puede transformar completamente un entorno laboral. Los beneficios son numerosos: aumento del bienestar, mejora de la productividad, fomento de la creatividad y, lo m\u00e1s importante, reducci\u00f3n de la fatiga laboral y del ausentismo, que puede disminuir hasta un 15%.<\/p>\n<p><\/p>\n<p class=\"wp-block-paragraph\">El <strong>dise\u00f1o biof\u00edlico<\/strong> tambi\u00e9n activa las \u00e1reas del cerebro relacionadas con el amor y la empat\u00eda, fortaleciendo el sentido de unidad y pertenencia. Esto no solo mejora la colaboraci\u00f3n entre empleados, sino que tambi\u00e9n impulsa la innovaci\u00f3n y reduce la rotaci\u00f3n de personal, lo que se traduce en una reducci\u00f3n significativa de los costos de contrataci\u00f3n.<\/p>\n<p><img loading=\"lazy\" decoding=\"async\" class=\"aligncenter wp-image-7680 size-full\" src=\"https:\/\/cu4arquitectura.com\/wp-content\/uploads\/2024\/08\/diseno-biofilico-oficinas.jpg\" alt=\"beneficios-dise\u00f1o-biofilico\" width=\"1500\" height=\"1000\" srcset=\"https:\/\/cu4arquitectura.com\/wp-content\/uploads\/2024\/08\/diseno-biofilico-oficinas.jpg 1500w, https:\/\/cu4arquitectura.com\/wp-content\/uploads\/2024\/08\/diseno-biofilico-oficinas-300x200.jpg 300w, https:\/\/cu4arquitectura.com\/wp-content\/uploads\/2024\/08\/diseno-biofilico-oficinas-1024x683.jpg 1024w, https:\/\/cu4arquitectura.com\/wp-content\/uploads\/2024\/08\/diseno-biofilico-oficinas-768x512.jpg 768w\" sizes=\"auto, (max-width: 1500px) 100vw, 1500px\" \/><\/p>\n<p><\/p>\n<h3>Resultados Tangibles del Dise\u00f1o Biof\u00edlico<\/h3>\n<p class=\"wp-block-paragraph\"><\/p>\n<p class=\"wp-block-paragraph\">Un caso de \u00e9xito en la implementaci\u00f3n del <strong>dise\u00f1o biof\u00edlico<\/strong> se observa en un edificio de oficinas donde se realiz\u00f3 una encuesta a los empleados. Los resultados fueron impresionantes: la productividad individual aument\u00f3 un 13%, la productividad grupal un 21%, el bienestar general mejor\u00f3 un 31%, y el orgullo por el entorno de trabajo creci\u00f3 un 26%.<\/p>\n<p><\/p>\n<h3>Conclusi\u00f3n: Un Camino hacia Espacios Saludables y Eficientes<\/h3>\n<p class=\"wp-block-paragraph\"><\/p>\n<p class=\"wp-block-paragraph\">El <strong>dise\u00f1o biof\u00edlico<\/strong> no es solo una tendencia, sino una necesidad para la creaci\u00f3n de espacios laborales, educativos, residenciales y urbanos m\u00e1s saludables y sostenibles. Los beneficios para el bienestar humano y la eficiencia organizacional son claros y est\u00e1n respaldados por investigaciones.<\/p>\n<p><\/p>\n<p class=\"wp-block-paragraph\">\u00bfQuieres profundizar en el <strong>dise\u00f1o biof\u00edlico<\/strong>? Te invitamos a explorar los \u201c<a href=\"https:\/\/www.oliverheath.com\/our-services\/thought-leadership\/whitepapers\/\">White papers<\/a>\u201d disponibles de forma gratuita en la p\u00e1gina web de Oliver Heath Design, donde encontrar\u00e1s m\u00e1s informaci\u00f3n y estudios sobre este enfoque transformador.<\/p>\n<p><\/p>\t\t\t\t\t\t\t\t<\/div>\n\t\t\t\t<\/div>\n\t\t\t\t\t<\/div>\n\t\t\t\t<\/div>\n\t\t\t\t<\/div>\n\t\t","protected":false},"excerpt":{"rendered":"<p>El pasado 14 de marzo, asistimos a la WELLFERENCE, una cita anual imprescindible organizada por el Instituto Tecnol\u00f3gico de Galicia (ITG). Este evento, \u00fanico en su tipo en Espa\u00f1a, se enfoca en la metodolog\u00eda WELL, la cual es pionera en evaluar la salud y el bienestar de los usuarios en entornos construidos. En esta conferencia, [&hellip;]<\/p>\n","protected":false},"author":3,"featured_media":7674,"comment_status":"open","ping_status":"open","sticky":false,"template":"","format":"standard","meta":{"_acf_changed":false,"footnotes":""},"categories":[5],"tags":[],"class_list":["post-7671","post","type-post","status-publish","format-standard","has-post-thumbnail","hentry","category-arquitectura-sostenible"],"acf":[],"yoast_head":"<!-- This site is optimized with the Yoast SEO plugin v27.7 - https:\/\/yoast.com\/product\/yoast-seo-wordpress\/ -->\n<title>Dise\u00f1o Biof\u00edlico en la WELLFERENCE 2024 - CU4 Arquitectos en Valencia | Estudio de arquitectura<\/title>\n<meta name=\"description\" content=\"Descubre c\u00f3mo el dise\u00f1o biof\u00edlico transforma espacios, mejorando el bienestar, la productividad y la conexi\u00f3n con la naturaleza.\" \/>\n<meta name=\"robots\" content=\"index, follow, max-snippet:-1, max-image-preview:large, max-video-preview:-1\" \/>\n<link rel=\"canonical\" href=\"https:\/\/cu4arquitectura.com\/en\/2024\/08\/30\/diseno-biofilico-en-la-wellference-2024\/\" \/>\n<meta property=\"og:locale\" content=\"en_US\" \/>\n<meta property=\"og:type\" content=\"article\" \/>\n<meta property=\"og:title\" content=\"Dise\u00f1o Biof\u00edlico en la WELLFERENCE 2024 - CU4 Arquitectos en Valencia | Estudio de arquitectura\" \/>\n<meta property=\"og:description\" content=\"Descubre c\u00f3mo el dise\u00f1o biof\u00edlico transforma espacios, mejorando el bienestar, la productividad y la conexi\u00f3n con la naturaleza.\" \/>\n<meta property=\"og:url\" content=\"https:\/\/cu4arquitectura.com\/en\/2024\/08\/30\/diseno-biofilico-en-la-wellference-2024\/\" \/>\n<meta property=\"og:site_name\" content=\"CU4 Arquitectos en Valencia | Estudio de arquitectura\" \/>\n<meta property=\"article:published_time\" content=\"2024-08-30T12:18:49+00:00\" \/>\n<meta property=\"article:modified_time\" content=\"2024-09-02T09:39:53+00:00\" \/>\n<meta property=\"og:image\" content=\"https:\/\/cu4arquitectura.com\/wp-content\/uploads\/2024\/08\/diseno-biofilico-cu4-oliver-heat.jpg\" \/>\n\t<meta property=\"og:image:width\" content=\"1920\" \/>\n\t<meta property=\"og:image:height\" content=\"1122\" \/>\n\t<meta property=\"og:image:type\" content=\"image\/jpeg\" \/>\n<meta name=\"author\" content=\"anna_admin\" \/>\n<meta name=\"twitter:card\" content=\"summary_large_image\" \/>\n<meta name=\"twitter:creator\" content=\"@cu4_admin\" \/>\n<meta name=\"twitter:label1\" content=\"Written by\" \/>\n\t<meta name=\"twitter:data1\" content=\"anna_admin\" \/>\n\t<meta name=\"twitter:label2\" content=\"Est. reading time\" \/>\n\t<meta name=\"twitter:data2\" content=\"4 minutes\" \/>\n<script type=\"application\/ld+json\" class=\"yoast-schema-graph\">{\"@context\":\"https:\\\/\\\/schema.org\",\"@graph\":[{\"@type\":\"Article\",\"@id\":\"https:\\\/\\\/cu4arquitectura.com\\\/en\\\/2024\\\/08\\\/30\\\/diseno-biofilico-en-la-wellference-2024\\\/#article\",\"isPartOf\":{\"@id\":\"https:\\\/\\\/cu4arquitectura.com\\\/en\\\/2024\\\/08\\\/30\\\/diseno-biofilico-en-la-wellference-2024\\\/\"},\"author\":{\"name\":\"anna_admin\",\"@id\":\"https:\\\/\\\/cu4arquitectura.com\\\/en\\\/#\\\/schema\\\/person\\\/4eff5abea013be85c8a96501231abefe\"},\"headline\":\"Dise\u00f1o Biof\u00edlico en la WELLFERENCE 2024\",\"datePublished\":\"2024-08-30T12:18:49+00:00\",\"dateModified\":\"2024-09-02T09:39:53+00:00\",\"mainEntityOfPage\":{\"@id\":\"https:\\\/\\\/cu4arquitectura.com\\\/en\\\/2024\\\/08\\\/30\\\/diseno-biofilico-en-la-wellference-2024\\\/\"},\"wordCount\":645,\"commentCount\":0,\"publisher\":{\"@id\":\"https:\\\/\\\/cu4arquitectura.com\\\/en\\\/#organization\"},\"image\":{\"@id\":\"https:\\\/\\\/cu4arquitectura.com\\\/en\\\/2024\\\/08\\\/30\\\/diseno-biofilico-en-la-wellference-2024\\\/#primaryimage\"},\"thumbnailUrl\":\"https:\\\/\\\/cu4arquitectura.com\\\/wp-content\\\/uploads\\\/2024\\\/08\\\/diseno-biofilico-cu4-oliver-heat.jpg\",\"articleSection\":[\"Arquitectura sostenible\"],\"inLanguage\":\"en-US\",\"potentialAction\":[{\"@type\":\"CommentAction\",\"name\":\"Comment\",\"target\":[\"https:\\\/\\\/cu4arquitectura.com\\\/en\\\/2024\\\/08\\\/30\\\/diseno-biofilico-en-la-wellference-2024\\\/#respond\"]}]},{\"@type\":\"WebPage\",\"@id\":\"https:\\\/\\\/cu4arquitectura.com\\\/en\\\/2024\\\/08\\\/30\\\/diseno-biofilico-en-la-wellference-2024\\\/\",\"url\":\"https:\\\/\\\/cu4arquitectura.com\\\/en\\\/2024\\\/08\\\/30\\\/diseno-biofilico-en-la-wellference-2024\\\/\",\"name\":\"Dise\u00f1o Biof\u00edlico en la WELLFERENCE 2024 - CU4 Arquitectos en Valencia | Estudio de arquitectura\",\"isPartOf\":{\"@id\":\"https:\\\/\\\/cu4arquitectura.com\\\/en\\\/#website\"},\"primaryImageOfPage\":{\"@id\":\"https:\\\/\\\/cu4arquitectura.com\\\/en\\\/2024\\\/08\\\/30\\\/diseno-biofilico-en-la-wellference-2024\\\/#primaryimage\"},\"image\":{\"@id\":\"https:\\\/\\\/cu4arquitectura.com\\\/en\\\/2024\\\/08\\\/30\\\/diseno-biofilico-en-la-wellference-2024\\\/#primaryimage\"},\"thumbnailUrl\":\"https:\\\/\\\/cu4arquitectura.com\\\/wp-content\\\/uploads\\\/2024\\\/08\\\/diseno-biofilico-cu4-oliver-heat.jpg\",\"datePublished\":\"2024-08-30T12:18:49+00:00\",\"dateModified\":\"2024-09-02T09:39:53+00:00\",\"description\":\"Descubre c\u00f3mo el dise\u00f1o biof\u00edlico transforma espacios, mejorando el bienestar, la productividad y la conexi\u00f3n con la naturaleza.\",\"breadcrumb\":{\"@id\":\"https:\\\/\\\/cu4arquitectura.com\\\/en\\\/2024\\\/08\\\/30\\\/diseno-biofilico-en-la-wellference-2024\\\/#breadcrumb\"},\"inLanguage\":\"en-US\",\"potentialAction\":[{\"@type\":\"ReadAction\",\"target\":[\"https:\\\/\\\/cu4arquitectura.com\\\/en\\\/2024\\\/08\\\/30\\\/diseno-biofilico-en-la-wellference-2024\\\/\"]}]},{\"@type\":\"ImageObject\",\"inLanguage\":\"en-US\",\"@id\":\"https:\\\/\\\/cu4arquitectura.com\\\/en\\\/2024\\\/08\\\/30\\\/diseno-biofilico-en-la-wellference-2024\\\/#primaryimage\",\"url\":\"https:\\\/\\\/cu4arquitectura.com\\\/wp-content\\\/uploads\\\/2024\\\/08\\\/diseno-biofilico-cu4-oliver-heat.jpg\",\"contentUrl\":\"https:\\\/\\\/cu4arquitectura.com\\\/wp-content\\\/uploads\\\/2024\\\/08\\\/diseno-biofilico-cu4-oliver-heat.jpg\",\"width\":1920,\"height\":1122,\"caption\":\"dise\u00f1o-biofilico-arquitectos-en-valencia\"},{\"@type\":\"BreadcrumbList\",\"@id\":\"https:\\\/\\\/cu4arquitectura.com\\\/en\\\/2024\\\/08\\\/30\\\/diseno-biofilico-en-la-wellference-2024\\\/#breadcrumb\",\"itemListElement\":[{\"@type\":\"ListItem\",\"position\":1,\"name\":\"Portada\",\"item\":\"https:\\\/\\\/cu4arquitectura.com\\\/en\\\/\"},{\"@type\":\"ListItem\",\"position\":2,\"name\":\"Dise\u00f1o Biof\u00edlico en la WELLFERENCE 2024\"}]},{\"@type\":\"WebSite\",\"@id\":\"https:\\\/\\\/cu4arquitectura.com\\\/en\\\/#website\",\"url\":\"https:\\\/\\\/cu4arquitectura.com\\\/en\\\/\",\"name\":\"CU4 Arquitectos en Valencia | Estudio de arquitectura\",\"description\":\"Arquitectos en Valencia | Especializados en espacios a medida para empresas y particulares, dise\u00f1ados para tu bienestar\",\"publisher\":{\"@id\":\"https:\\\/\\\/cu4arquitectura.com\\\/en\\\/#organization\"},\"potentialAction\":[{\"@type\":\"SearchAction\",\"target\":{\"@type\":\"EntryPoint\",\"urlTemplate\":\"https:\\\/\\\/cu4arquitectura.com\\\/en\\\/?s={search_term_string}\"},\"query-input\":{\"@type\":\"PropertyValueSpecification\",\"valueRequired\":true,\"valueName\":\"search_term_string\"}}],\"inLanguage\":\"en-US\"},{\"@type\":\"Organization\",\"@id\":\"https:\\\/\\\/cu4arquitectura.com\\\/en\\\/#organization\",\"name\":\"CU4 Arquitectos en Valencia | Estudio de arquitectura\",\"url\":\"https:\\\/\\\/cu4arquitectura.com\\\/en\\\/\",\"logo\":{\"@type\":\"ImageObject\",\"inLanguage\":\"en-US\",\"@id\":\"https:\\\/\\\/cu4arquitectura.com\\\/en\\\/#\\\/schema\\\/logo\\\/image\\\/\",\"url\":\"https:\\\/\\\/cu4arquitectura.com\\\/wp-content\\\/uploads\\\/2024\\\/01\\\/LOGO_CU4_original.svg\",\"contentUrl\":\"https:\\\/\\\/cu4arquitectura.com\\\/wp-content\\\/uploads\\\/2024\\\/01\\\/LOGO_CU4_original.svg\",\"width\":841,\"height\":595,\"caption\":\"CU4 Arquitectos en Valencia | Estudio de arquitectura\"},\"image\":{\"@id\":\"https:\\\/\\\/cu4arquitectura.com\\\/en\\\/#\\\/schema\\\/logo\\\/image\\\/\"}},{\"@type\":\"Person\",\"@id\":\"https:\\\/\\\/cu4arquitectura.com\\\/en\\\/#\\\/schema\\\/person\\\/4eff5abea013be85c8a96501231abefe\",\"name\":\"anna_admin\",\"image\":{\"@type\":\"ImageObject\",\"inLanguage\":\"en-US\",\"@id\":\"https:\\\/\\\/secure.gravatar.com\\\/avatar\\\/b71d1f69907aaac1168924d4234a2c5844e20c5cb5084ac625a1b2bf2a25cd4f?s=96&d=mm&r=g\",\"url\":\"https:\\\/\\\/secure.gravatar.com\\\/avatar\\\/b71d1f69907aaac1168924d4234a2c5844e20c5cb5084ac625a1b2bf2a25cd4f?s=96&d=mm&r=g\",\"contentUrl\":\"https:\\\/\\\/secure.gravatar.com\\\/avatar\\\/b71d1f69907aaac1168924d4234a2c5844e20c5cb5084ac625a1b2bf2a25cd4f?s=96&d=mm&r=g\",\"caption\":\"anna_admin\"},\"sameAs\":[\"https:\\\/\\\/x.com\\\/cu4_admin\"],\"url\":\"https:\\\/\\\/cu4arquitectura.com\\\/en\\\/author\\\/anna_admin\\\/\"}]}<\/script>\n<!-- \/ Yoast SEO plugin. -->","yoast_head_json":{"title":"Dise\u00f1o Biof\u00edlico en la WELLFERENCE 2024 - CU4 Arquitectos en Valencia | Estudio de arquitectura","description":"Descubre c\u00f3mo el dise\u00f1o biof\u00edlico transforma espacios, mejorando el bienestar, la productividad y la conexi\u00f3n con la naturaleza.","robots":{"index":"index","follow":"follow","max-snippet":"max-snippet:-1","max-image-preview":"max-image-preview:large","max-video-preview":"max-video-preview:-1"},"canonical":"https:\/\/cu4arquitectura.com\/en\/2024\/08\/30\/diseno-biofilico-en-la-wellference-2024\/","og_locale":"en_US","og_type":"article","og_title":"Dise\u00f1o Biof\u00edlico en la WELLFERENCE 2024 - CU4 Arquitectos en Valencia | Estudio de arquitectura","og_description":"Descubre c\u00f3mo el dise\u00f1o biof\u00edlico transforma espacios, mejorando el bienestar, la productividad y la conexi\u00f3n con la naturaleza.","og_url":"https:\/\/cu4arquitectura.com\/en\/2024\/08\/30\/diseno-biofilico-en-la-wellference-2024\/","og_site_name":"CU4 Arquitectos en Valencia | Estudio de arquitectura","article_published_time":"2024-08-30T12:18:49+00:00","article_modified_time":"2024-09-02T09:39:53+00:00","og_image":[{"width":1920,"height":1122,"url":"https:\/\/cu4arquitectura.com\/wp-content\/uploads\/2024\/08\/diseno-biofilico-cu4-oliver-heat.jpg","type":"image\/jpeg"}],"author":"anna_admin","twitter_card":"summary_large_image","twitter_creator":"@cu4_admin","twitter_misc":{"Written by":"anna_admin","Est. reading time":"4 minutes"},"schema":{"@context":"https:\/\/schema.org","@graph":[{"@type":"Article","@id":"https:\/\/cu4arquitectura.com\/en\/2024\/08\/30\/diseno-biofilico-en-la-wellference-2024\/#article","isPartOf":{"@id":"https:\/\/cu4arquitectura.com\/en\/2024\/08\/30\/diseno-biofilico-en-la-wellference-2024\/"},"author":{"name":"anna_admin","@id":"https:\/\/cu4arquitectura.com\/en\/#\/schema\/person\/4eff5abea013be85c8a96501231abefe"},"headline":"Dise\u00f1o Biof\u00edlico en la WELLFERENCE 2024","datePublished":"2024-08-30T12:18:49+00:00","dateModified":"2024-09-02T09:39:53+00:00","mainEntityOfPage":{"@id":"https:\/\/cu4arquitectura.com\/en\/2024\/08\/30\/diseno-biofilico-en-la-wellference-2024\/"},"wordCount":645,"commentCount":0,"publisher":{"@id":"https:\/\/cu4arquitectura.com\/en\/#organization"},"image":{"@id":"https:\/\/cu4arquitectura.com\/en\/2024\/08\/30\/diseno-biofilico-en-la-wellference-2024\/#primaryimage"},"thumbnailUrl":"https:\/\/cu4arquitectura.com\/wp-content\/uploads\/2024\/08\/diseno-biofilico-cu4-oliver-heat.jpg","articleSection":["Arquitectura sostenible"],"inLanguage":"en-US","potentialAction":[{"@type":"CommentAction","name":"Comment","target":["https:\/\/cu4arquitectura.com\/en\/2024\/08\/30\/diseno-biofilico-en-la-wellference-2024\/#respond"]}]},{"@type":"WebPage","@id":"https:\/\/cu4arquitectura.com\/en\/2024\/08\/30\/diseno-biofilico-en-la-wellference-2024\/","url":"https:\/\/cu4arquitectura.com\/en\/2024\/08\/30\/diseno-biofilico-en-la-wellference-2024\/","name":"Dise\u00f1o Biof\u00edlico en la WELLFERENCE 2024 - CU4 Arquitectos en Valencia | Estudio de arquitectura","isPartOf":{"@id":"https:\/\/cu4arquitectura.com\/en\/#website"},"primaryImageOfPage":{"@id":"https:\/\/cu4arquitectura.com\/en\/2024\/08\/30\/diseno-biofilico-en-la-wellference-2024\/#primaryimage"},"image":{"@id":"https:\/\/cu4arquitectura.com\/en\/2024\/08\/30\/diseno-biofilico-en-la-wellference-2024\/#primaryimage"},"thumbnailUrl":"https:\/\/cu4arquitectura.com\/wp-content\/uploads\/2024\/08\/diseno-biofilico-cu4-oliver-heat.jpg","datePublished":"2024-08-30T12:18:49+00:00","dateModified":"2024-09-02T09:39:53+00:00","description":"Descubre c\u00f3mo el dise\u00f1o biof\u00edlico transforma espacios, mejorando el bienestar, la productividad y la conexi\u00f3n con la naturaleza.","breadcrumb":{"@id":"https:\/\/cu4arquitectura.com\/en\/2024\/08\/30\/diseno-biofilico-en-la-wellference-2024\/#breadcrumb"},"inLanguage":"en-US","potentialAction":[{"@type":"ReadAction","target":["https:\/\/cu4arquitectura.com\/en\/2024\/08\/30\/diseno-biofilico-en-la-wellference-2024\/"]}]},{"@type":"ImageObject","inLanguage":"en-US","@id":"https:\/\/cu4arquitectura.com\/en\/2024\/08\/30\/diseno-biofilico-en-la-wellference-2024\/#primaryimage","url":"https:\/\/cu4arquitectura.com\/wp-content\/uploads\/2024\/08\/diseno-biofilico-cu4-oliver-heat.jpg","contentUrl":"https:\/\/cu4arquitectura.com\/wp-content\/uploads\/2024\/08\/diseno-biofilico-cu4-oliver-heat.jpg","width":1920,"height":1122,"caption":"dise\u00f1o-biofilico-arquitectos-en-valencia"},{"@type":"BreadcrumbList","@id":"https:\/\/cu4arquitectura.com\/en\/2024\/08\/30\/diseno-biofilico-en-la-wellference-2024\/#breadcrumb","itemListElement":[{"@type":"ListItem","position":1,"name":"Portada","item":"https:\/\/cu4arquitectura.com\/en\/"},{"@type":"ListItem","position":2,"name":"Dise\u00f1o Biof\u00edlico en la WELLFERENCE 2024"}]},{"@type":"WebSite","@id":"https:\/\/cu4arquitectura.com\/en\/#website","url":"https:\/\/cu4arquitectura.com\/en\/","name":"CU4 Arquitectos en Valencia | Estudio de arquitectura","description":"Arquitectos en Valencia | Especializados en espacios a medida para empresas y particulares, dise\u00f1ados para tu bienestar","publisher":{"@id":"https:\/\/cu4arquitectura.com\/en\/#organization"},"potentialAction":[{"@type":"SearchAction","target":{"@type":"EntryPoint","urlTemplate":"https:\/\/cu4arquitectura.com\/en\/?s={search_term_string}"},"query-input":{"@type":"PropertyValueSpecification","valueRequired":true,"valueName":"search_term_string"}}],"inLanguage":"en-US"},{"@type":"Organization","@id":"https:\/\/cu4arquitectura.com\/en\/#organization","name":"CU4 Arquitectos en Valencia | Estudio de arquitectura","url":"https:\/\/cu4arquitectura.com\/en\/","logo":{"@type":"ImageObject","inLanguage":"en-US","@id":"https:\/\/cu4arquitectura.com\/en\/#\/schema\/logo\/image\/","url":"https:\/\/cu4arquitectura.com\/wp-content\/uploads\/2024\/01\/LOGO_CU4_original.svg","contentUrl":"https:\/\/cu4arquitectura.com\/wp-content\/uploads\/2024\/01\/LOGO_CU4_original.svg","width":841,"height":595,"caption":"CU4 Arquitectos en Valencia | Estudio de arquitectura"},"image":{"@id":"https:\/\/cu4arquitectura.com\/en\/#\/schema\/logo\/image\/"}},{"@type":"Person","@id":"https:\/\/cu4arquitectura.com\/en\/#\/schema\/person\/4eff5abea013be85c8a96501231abefe","name":"anna_admin","image":{"@type":"ImageObject","inLanguage":"en-US","@id":"https:\/\/secure.gravatar.com\/avatar\/b71d1f69907aaac1168924d4234a2c5844e20c5cb5084ac625a1b2bf2a25cd4f?s=96&d=mm&r=g","url":"https:\/\/secure.gravatar.com\/avatar\/b71d1f69907aaac1168924d4234a2c5844e20c5cb5084ac625a1b2bf2a25cd4f?s=96&d=mm&r=g","contentUrl":"https:\/\/secure.gravatar.com\/avatar\/b71d1f69907aaac1168924d4234a2c5844e20c5cb5084ac625a1b2bf2a25cd4f?s=96&d=mm&r=g","caption":"anna_admin"},"sameAs":["https:\/\/x.com\/cu4_admin"],"url":"https:\/\/cu4arquitectura.com\/en\/author\/anna_admin\/"}]}},"_links":{"self":[{"href":"https:\/\/cu4arquitectura.com\/en\/wp-json\/wp\/v2\/posts\/7671","targetHints":{"allow":["GET"]}}],"collection":[{"href":"https:\/\/cu4arquitectura.com\/en\/wp-json\/wp\/v2\/posts"}],"about":[{"href":"https:\/\/cu4arquitectura.com\/en\/wp-json\/wp\/v2\/types\/post"}],"author":[{"embeddable":true,"href":"https:\/\/cu4arquitectura.com\/en\/wp-json\/wp\/v2\/users\/3"}],"replies":[{"embeddable":true,"href":"https:\/\/cu4arquitectura.com\/en\/wp-json\/wp\/v2\/comments?post=7671"}],"version-history":[{"count":9,"href":"https:\/\/cu4arquitectura.com\/en\/wp-json\/wp\/v2\/posts\/7671\/revisions"}],"predecessor-version":[{"id":7693,"href":"https:\/\/cu4arquitectura.com\/en\/wp-json\/wp\/v2\/posts\/7671\/revisions\/7693"}],"wp:featuredmedia":[{"embeddable":true,"href":"https:\/\/cu4arquitectura.com\/en\/wp-json\/wp\/v2\/media\/7674"}],"wp:attachment":[{"href":"https:\/\/cu4arquitectura.com\/en\/wp-json\/wp\/v2\/media?parent=7671"}],"wp:term":[{"taxonomy":"category","embeddable":true,"href":"https:\/\/cu4arquitectura.com\/en\/wp-json\/wp\/v2\/categories?post=7671"},{"taxonomy":"post_tag","embeddable":true,"href":"https:\/\/cu4arquitectura.com\/en\/wp-json\/wp\/v2\/tags?post=7671"}],"curies":[{"name":"wp","href":"https:\/\/api.w.org\/{rel}","templated":true}]}}