{"id":5322,"date":"2024-03-03T21:00:13","date_gmt":"2024-03-03T19:00:13","guid":{"rendered":"https:\/\/cu4arquitectura.com\/2024\/03\/03\/desayuno-inmobiliario-wayco-sobre-biohabitabilidad\/"},"modified":"2026-08-03T07:39:57","modified_gmt":"2026-08-03T07:39:57","slug":"desayuno-inmobiliario-wayco-sobre-biohabitabilidad","status":"publish","type":"post","link":"https:\/\/cu4arquitectura.com\/en\/2024\/03\/03\/desayuno-inmobiliario-wayco-sobre-biohabitabilidad\/","title":{"rendered":"Desayuno Wayco. Hablamos sobre Biohabitabilidad"},"content":{"rendered":"\n<p class=\"wp-block-paragraph\">El pasado jueves d\u00eda 29 de febrero tuvimos el placer de asistir al 3 Desayuno Inmobiliario <a href=\"https:\/\/wayco.es\/\">Wayco<\/a> en el que debatimos sobre la biohabitabilidad de los espacios en los que vivimos y trabajamos.<\/p>\n\n\n\n<p class=\"wp-block-paragraph\">Y para tratar este interesante tema de la biohabitabilidad, compartimos mesa con los siguientes profesionales moderados por Nacho Cambralla de Wayco:<\/p>\n\n\n\n<ul class=\"wp-block-list\">\n<li><strong>CU4 Arquitectura<\/strong>. Anna Ferrer: Arquitecta<\/li>\n\n\n\n<li><strong>Laboratorio de Neuroarquitectura de la UPV<\/strong>. Mar\u00eda Luisa Nol\u00e9: Psic\u00f3loga<\/li>\n\n\n\n<li><strong>Finsa<\/strong>. Guillermo Plaza: Living manager del departamento de marketing y prescripci\u00f3n<\/li>\n\n\n\n<li><strong>Melt Group<\/strong>. Borja Fos: Senior International Consultant<\/li>\n\n\n\n<li><strong>Wayco \/ 4wanders<\/strong>. V\u00edctor Cambralla: Fundador.<\/li>\n\n\n\n<li><strong>Metrovacesa<\/strong>: Eva Figueroa Sanz: Gerente de Proyectos y Sostenibilidad en la delegaci\u00f3n territorial de Levante<\/li>\n<\/ul>\n\n\n\n<p class=\"wp-block-paragraph\"><\/p>\n\n\n\n<p class=\"wp-block-paragraph\">Si nos vamos a una definici\u00f3n ACAD\u00c9MICA sobre qu\u00e9 es biohabitabilidad, diriamos que es la <u>capacidad que tiene un entorno<\/u> de ofrecer las <u>condiciones apropiadas para que viva un organismo, especie o comunidad animal o vegetal.&nbsp;<\/u><\/p>\n\n\n\n<p class=\"wp-block-paragraph\">La&nbsp;BIOLOG\u00cdA DEL HABITAT que es una rama de la arquitectura que estudia la biohabitabilidad en la que CU4 creemos firmemente en ella, pues pensamos que los espacios, el mundo del dise\u00f1o debe ir m\u00e1s all\u00e1 de dise\u00f1ar espacios atractivos visualmente, y aprovechar los conocimientos de cient\u00edficos para contrarrestar factores que ponen en peligro nuestra salud.<\/p>\n\n\n\n<figure class=\"wp-block-image\"><img decoding=\"async\" src=\"https:\/\/cu4arquitectura.com\/wp-content\/uploads\/2024\/05\/DSC06400.jpg\" alt=\"\"\/><\/figure>\n\n\n\n<figure class=\"wp-block-image\"><img decoding=\"async\" src=\"https:\/\/cu4arquitectura.com\/wp-content\/uploads\/2024\/05\/DSC06389.jpg\" alt=\"\"\/><\/figure>\n\n\n\n<figure class=\"wp-block-image\"><img decoding=\"async\" src=\"https:\/\/cu4arquitectura.com\/wp-content\/uploads\/2024\/05\/DSC06437.jpg\" alt=\"\"\/><\/figure>\n\n\n\n<p class=\"wp-block-paragraph\">Si quieres conocer un poco mejor como trabajamos la biohabitabilidad desde el est\u00e1ndar WELL, y saber en qu\u00e9 consiste el est\u00e1ndar WELL para organizaciones, no dudes en visitar nuestra p\u00e1gina cu4well.com\/<\/p>\n\n\n\n<p class=\"wp-block-paragraph\">Si quieres saber c\u00f3mo aplicar estos criterios en tu casa y en tu d\u00eda a dia, te invitamos a visitar nuestra secci\u00f3n \u00ab<a href=\"https:\/\/cu4well.com\/\" type=\"link\" id=\"https:\/\/cu4well.com\/\"><strong>arquitectura saludable<\/strong><\/a>\u00bb<\/p>\n\n\n\n<p class=\"wp-block-paragraph\">Y si necesitas que te ayudemos en alg\u00fan proyecto en concreto, no dudes en&nbsp;<a href=\"https:\/\/www.cu4arquitectura.com\/contacto\"><strong>contactar con nosotros!&nbsp;<\/strong><\/a><\/p>\n","protected":false},"excerpt":{"rendered":"<p>El pasado jueves d\u00eda 29 de febrero tuvimos el placer de asistir al 3 Desayuno Inmobiliario Wayco en el que debatimos sobre la biohabitabilidad de los espacios en los que vivimos y trabajamos. Y para tratar este interesante tema de la biohabitabilidad, compartimos mesa con los siguientes profesionales moderados por Nacho Cambralla de Wayco: Si [&hellip;]<\/p>\n","protected":false},"author":1,"featured_media":5386,"comment_status":"open","ping_status":"open","sticky":false,"template":"","format":"standard","meta":{"_acf_changed":false,"footnotes":""},"categories":[6],"tags":[],"class_list":["post-5322","post","type-post","status-publish","format-standard","has-post-thumbnail","hentry","category-cu4"],"acf":[],"yoast_head":"<!-- This site is optimized with the Yoast SEO plugin v27.7 - https:\/\/yoast.com\/product\/yoast-seo-wordpress\/ -->\n<title>Desayuno Wayco. Hablamos sobre Biohabitabilidad - CU4 Arquitectos en Valencia | Estudio de arquitectura<\/title>\n<meta name=\"description\" content=\"Asistimos al tercer Desayuno Inmobiliario Wayco, en el que debatimos sobre la biohabitabilidad en los espacios donde trabajamos y residimos\" \/>\n<meta name=\"robots\" content=\"index, follow, max-snippet:-1, max-image-preview:large, max-video-preview:-1\" \/>\n<link rel=\"canonical\" href=\"https:\/\/cu4arquitectura.com\/en\/2024\/03\/03\/desayuno-inmobiliario-wayco-sobre-biohabitabilidad\/\" \/>\n<meta property=\"og:locale\" content=\"en_US\" \/>\n<meta property=\"og:type\" content=\"article\" \/>\n<meta property=\"og:title\" content=\"Desayuno Wayco. Hablamos sobre Biohabitabilidad - CU4 Arquitectos en Valencia | Estudio de arquitectura\" \/>\n<meta property=\"og:description\" content=\"Asistimos al tercer Desayuno Inmobiliario Wayco, en el que debatimos sobre la biohabitabilidad en los espacios donde trabajamos y residimos\" \/>\n<meta property=\"og:url\" content=\"https:\/\/cu4arquitectura.com\/en\/2024\/03\/03\/desayuno-inmobiliario-wayco-sobre-biohabitabilidad\/\" \/>\n<meta property=\"og:site_name\" content=\"CU4 Arquitectos en Valencia | Estudio de arquitectura\" \/>\n<meta property=\"article:published_time\" content=\"2024-03-03T19:00:13+00:00\" \/>\n<meta property=\"article:modified_time\" content=\"2026-08-03T07:39:57+00:00\" \/>\n<meta property=\"og:image\" content=\"https:\/\/cu4arquitectura.com\/wp-content\/uploads\/2024\/05\/DSC06400.jpg\" \/>\n\t<meta property=\"og:image:width\" content=\"1620\" \/>\n\t<meta property=\"og:image:height\" content=\"1080\" \/>\n\t<meta property=\"og:image:type\" content=\"image\/jpeg\" \/>\n<meta name=\"author\" content=\"cu4_admin\" \/>\n<meta name=\"twitter:card\" content=\"summary_large_image\" \/>\n<meta name=\"twitter:label1\" content=\"Written by\" \/>\n\t<meta name=\"twitter:data1\" content=\"cu4_admin\" \/>\n\t<meta name=\"twitter:label2\" content=\"Est. reading time\" \/>\n\t<meta name=\"twitter:data2\" content=\"3 minutes\" \/>\n<script type=\"application\/ld+json\" class=\"yoast-schema-graph\">{\"@context\":\"https:\\\/\\\/schema.org\",\"@graph\":[{\"@type\":\"Article\",\"@id\":\"https:\\\/\\\/cu4arquitectura.com\\\/en\\\/2024\\\/03\\\/03\\\/desayuno-inmobiliario-wayco-sobre-biohabitabilidad\\\/#article\",\"isPartOf\":{\"@id\":\"https:\\\/\\\/cu4arquitectura.com\\\/en\\\/2024\\\/03\\\/03\\\/desayuno-inmobiliario-wayco-sobre-biohabitabilidad\\\/\"},\"author\":{\"name\":\"cu4_admin\",\"@id\":\"https:\\\/\\\/cu4arquitectura.com\\\/en\\\/#\\\/schema\\\/person\\\/cab7e5614eeb0bf71d933154c307cbad\"},\"headline\":\"Desayuno Wayco. Hablamos sobre Biohabitabilidad\",\"datePublished\":\"2024-03-03T19:00:13+00:00\",\"dateModified\":\"2026-08-03T07:39:57+00:00\",\"mainEntityOfPage\":{\"@id\":\"https:\\\/\\\/cu4arquitectura.com\\\/en\\\/2024\\\/03\\\/03\\\/desayuno-inmobiliario-wayco-sobre-biohabitabilidad\\\/\"},\"wordCount\":300,\"commentCount\":0,\"publisher\":{\"@id\":\"https:\\\/\\\/cu4arquitectura.com\\\/en\\\/#organization\"},\"image\":{\"@id\":\"https:\\\/\\\/cu4arquitectura.com\\\/en\\\/2024\\\/03\\\/03\\\/desayuno-inmobiliario-wayco-sobre-biohabitabilidad\\\/#primaryimage\"},\"thumbnailUrl\":\"https:\\\/\\\/cu4arquitectura.com\\\/wp-content\\\/uploads\\\/2024\\\/05\\\/DSC06400.jpg\",\"articleSection\":[\"CU4 Arquitectura\"],\"inLanguage\":\"en-US\",\"potentialAction\":[{\"@type\":\"CommentAction\",\"name\":\"Comment\",\"target\":[\"https:\\\/\\\/cu4arquitectura.com\\\/en\\\/2024\\\/03\\\/03\\\/desayuno-inmobiliario-wayco-sobre-biohabitabilidad\\\/#respond\"]}]},{\"@type\":\"WebPage\",\"@id\":\"https:\\\/\\\/cu4arquitectura.com\\\/en\\\/2024\\\/03\\\/03\\\/desayuno-inmobiliario-wayco-sobre-biohabitabilidad\\\/\",\"url\":\"https:\\\/\\\/cu4arquitectura.com\\\/en\\\/2024\\\/03\\\/03\\\/desayuno-inmobiliario-wayco-sobre-biohabitabilidad\\\/\",\"name\":\"Desayuno Wayco. Hablamos sobre Biohabitabilidad - CU4 Arquitectos en Valencia | Estudio de arquitectura\",\"isPartOf\":{\"@id\":\"https:\\\/\\\/cu4arquitectura.com\\\/en\\\/#website\"},\"primaryImageOfPage\":{\"@id\":\"https:\\\/\\\/cu4arquitectura.com\\\/en\\\/2024\\\/03\\\/03\\\/desayuno-inmobiliario-wayco-sobre-biohabitabilidad\\\/#primaryimage\"},\"image\":{\"@id\":\"https:\\\/\\\/cu4arquitectura.com\\\/en\\\/2024\\\/03\\\/03\\\/desayuno-inmobiliario-wayco-sobre-biohabitabilidad\\\/#primaryimage\"},\"thumbnailUrl\":\"https:\\\/\\\/cu4arquitectura.com\\\/wp-content\\\/uploads\\\/2024\\\/05\\\/DSC06400.jpg\",\"datePublished\":\"2024-03-03T19:00:13+00:00\",\"dateModified\":\"2026-08-03T07:39:57+00:00\",\"description\":\"Asistimos al tercer Desayuno Inmobiliario Wayco, en el que debatimos sobre la biohabitabilidad en los espacios donde trabajamos y residimos\",\"breadcrumb\":{\"@id\":\"https:\\\/\\\/cu4arquitectura.com\\\/en\\\/2024\\\/03\\\/03\\\/desayuno-inmobiliario-wayco-sobre-biohabitabilidad\\\/#breadcrumb\"},\"inLanguage\":\"en-US\",\"potentialAction\":[{\"@type\":\"ReadAction\",\"target\":[\"https:\\\/\\\/cu4arquitectura.com\\\/en\\\/2024\\\/03\\\/03\\\/desayuno-inmobiliario-wayco-sobre-biohabitabilidad\\\/\"]}]},{\"@type\":\"ImageObject\",\"inLanguage\":\"en-US\",\"@id\":\"https:\\\/\\\/cu4arquitectura.com\\\/en\\\/2024\\\/03\\\/03\\\/desayuno-inmobiliario-wayco-sobre-biohabitabilidad\\\/#primaryimage\",\"url\":\"https:\\\/\\\/cu4arquitectura.com\\\/wp-content\\\/uploads\\\/2024\\\/05\\\/DSC06400.jpg\",\"contentUrl\":\"https:\\\/\\\/cu4arquitectura.com\\\/wp-content\\\/uploads\\\/2024\\\/05\\\/DSC06400.jpg\",\"width\":1620,\"height\":1080},{\"@type\":\"BreadcrumbList\",\"@id\":\"https:\\\/\\\/cu4arquitectura.com\\\/en\\\/2024\\\/03\\\/03\\\/desayuno-inmobiliario-wayco-sobre-biohabitabilidad\\\/#breadcrumb\",\"itemListElement\":[{\"@type\":\"ListItem\",\"position\":1,\"name\":\"Portada\",\"item\":\"https:\\\/\\\/cu4arquitectura.com\\\/en\\\/\"},{\"@type\":\"ListItem\",\"position\":2,\"name\":\"Desayuno Wayco. Hablamos sobre Biohabitabilidad\"}]},{\"@type\":\"WebSite\",\"@id\":\"https:\\\/\\\/cu4arquitectura.com\\\/en\\\/#website\",\"url\":\"https:\\\/\\\/cu4arquitectura.com\\\/en\\\/\",\"name\":\"CU4 Arquitectos en Valencia | Estudio de arquitectura\",\"description\":\"Arquitectos en Valencia | Especializados en espacios a medida para empresas y particulares, dise\u00f1ados para tu bienestar\",\"publisher\":{\"@id\":\"https:\\\/\\\/cu4arquitectura.com\\\/en\\\/#organization\"},\"potentialAction\":[{\"@type\":\"SearchAction\",\"target\":{\"@type\":\"EntryPoint\",\"urlTemplate\":\"https:\\\/\\\/cu4arquitectura.com\\\/en\\\/?s={search_term_string}\"},\"query-input\":{\"@type\":\"PropertyValueSpecification\",\"valueRequired\":true,\"valueName\":\"search_term_string\"}}],\"inLanguage\":\"en-US\"},{\"@type\":\"Organization\",\"@id\":\"https:\\\/\\\/cu4arquitectura.com\\\/en\\\/#organization\",\"name\":\"CU4 Arquitectos en Valencia | Estudio de arquitectura\",\"url\":\"https:\\\/\\\/cu4arquitectura.com\\\/en\\\/\",\"logo\":{\"@type\":\"ImageObject\",\"inLanguage\":\"en-US\",\"@id\":\"https:\\\/\\\/cu4arquitectura.com\\\/en\\\/#\\\/schema\\\/logo\\\/image\\\/\",\"url\":\"https:\\\/\\\/cu4arquitectura.com\\\/wp-content\\\/uploads\\\/2024\\\/01\\\/LOGO_CU4_original.svg\",\"contentUrl\":\"https:\\\/\\\/cu4arquitectura.com\\\/wp-content\\\/uploads\\\/2024\\\/01\\\/LOGO_CU4_original.svg\",\"width\":841,\"height\":595,\"caption\":\"CU4 Arquitectos en Valencia | Estudio de arquitectura\"},\"image\":{\"@id\":\"https:\\\/\\\/cu4arquitectura.com\\\/en\\\/#\\\/schema\\\/logo\\\/image\\\/\"}},{\"@type\":\"Person\",\"@id\":\"https:\\\/\\\/cu4arquitectura.com\\\/en\\\/#\\\/schema\\\/person\\\/cab7e5614eeb0bf71d933154c307cbad\",\"name\":\"cu4_admin\",\"image\":{\"@type\":\"ImageObject\",\"inLanguage\":\"en-US\",\"@id\":\"https:\\\/\\\/secure.gravatar.com\\\/avatar\\\/46fdd98ce0115379d1eed8cb88e5aa19a6581b97ba5db2084f7ed87a818bb40a?s=96&d=mm&r=g\",\"url\":\"https:\\\/\\\/secure.gravatar.com\\\/avatar\\\/46fdd98ce0115379d1eed8cb88e5aa19a6581b97ba5db2084f7ed87a818bb40a?s=96&d=mm&r=g\",\"contentUrl\":\"https:\\\/\\\/secure.gravatar.com\\\/avatar\\\/46fdd98ce0115379d1eed8cb88e5aa19a6581b97ba5db2084f7ed87a818bb40a?s=96&d=mm&r=g\",\"caption\":\"cu4_admin\"},\"sameAs\":[\"https:\\\/\\\/cu4arquitectura.com\"],\"url\":\"https:\\\/\\\/cu4arquitectura.com\\\/en\\\/author\\\/cu4_admin\\\/\"}]}<\/script>\n<!-- \/ Yoast SEO plugin. -->","yoast_head_json":{"title":"Desayuno Wayco. Hablamos sobre Biohabitabilidad - CU4 Arquitectos en Valencia | Estudio de arquitectura","description":"Asistimos al tercer Desayuno Inmobiliario Wayco, en el que debatimos sobre la biohabitabilidad en los espacios donde trabajamos y residimos","robots":{"index":"index","follow":"follow","max-snippet":"max-snippet:-1","max-image-preview":"max-image-preview:large","max-video-preview":"max-video-preview:-1"},"canonical":"https:\/\/cu4arquitectura.com\/en\/2024\/03\/03\/desayuno-inmobiliario-wayco-sobre-biohabitabilidad\/","og_locale":"en_US","og_type":"article","og_title":"Desayuno Wayco. Hablamos sobre Biohabitabilidad - CU4 Arquitectos en Valencia | Estudio de arquitectura","og_description":"Asistimos al tercer Desayuno Inmobiliario Wayco, en el que debatimos sobre la biohabitabilidad en los espacios donde trabajamos y residimos","og_url":"https:\/\/cu4arquitectura.com\/en\/2024\/03\/03\/desayuno-inmobiliario-wayco-sobre-biohabitabilidad\/","og_site_name":"CU4 Arquitectos en Valencia | Estudio de arquitectura","article_published_time":"2024-03-03T19:00:13+00:00","article_modified_time":"2026-08-03T07:39:57+00:00","og_image":[{"width":1620,"height":1080,"url":"https:\/\/cu4arquitectura.com\/wp-content\/uploads\/2024\/05\/DSC06400.jpg","type":"image\/jpeg"}],"author":"cu4_admin","twitter_card":"summary_large_image","twitter_misc":{"Written by":"cu4_admin","Est. reading time":"3 minutes"},"schema":{"@context":"https:\/\/schema.org","@graph":[{"@type":"Article","@id":"https:\/\/cu4arquitectura.com\/en\/2024\/03\/03\/desayuno-inmobiliario-wayco-sobre-biohabitabilidad\/#article","isPartOf":{"@id":"https:\/\/cu4arquitectura.com\/en\/2024\/03\/03\/desayuno-inmobiliario-wayco-sobre-biohabitabilidad\/"},"author":{"name":"cu4_admin","@id":"https:\/\/cu4arquitectura.com\/en\/#\/schema\/person\/cab7e5614eeb0bf71d933154c307cbad"},"headline":"Desayuno Wayco. Hablamos sobre Biohabitabilidad","datePublished":"2024-03-03T19:00:13+00:00","dateModified":"2026-08-03T07:39:57+00:00","mainEntityOfPage":{"@id":"https:\/\/cu4arquitectura.com\/en\/2024\/03\/03\/desayuno-inmobiliario-wayco-sobre-biohabitabilidad\/"},"wordCount":300,"commentCount":0,"publisher":{"@id":"https:\/\/cu4arquitectura.com\/en\/#organization"},"image":{"@id":"https:\/\/cu4arquitectura.com\/en\/2024\/03\/03\/desayuno-inmobiliario-wayco-sobre-biohabitabilidad\/#primaryimage"},"thumbnailUrl":"https:\/\/cu4arquitectura.com\/wp-content\/uploads\/2024\/05\/DSC06400.jpg","articleSection":["CU4 Arquitectura"],"inLanguage":"en-US","potentialAction":[{"@type":"CommentAction","name":"Comment","target":["https:\/\/cu4arquitectura.com\/en\/2024\/03\/03\/desayuno-inmobiliario-wayco-sobre-biohabitabilidad\/#respond"]}]},{"@type":"WebPage","@id":"https:\/\/cu4arquitectura.com\/en\/2024\/03\/03\/desayuno-inmobiliario-wayco-sobre-biohabitabilidad\/","url":"https:\/\/cu4arquitectura.com\/en\/2024\/03\/03\/desayuno-inmobiliario-wayco-sobre-biohabitabilidad\/","name":"Desayuno Wayco. Hablamos sobre Biohabitabilidad - CU4 Arquitectos en Valencia | Estudio de arquitectura","isPartOf":{"@id":"https:\/\/cu4arquitectura.com\/en\/#website"},"primaryImageOfPage":{"@id":"https:\/\/cu4arquitectura.com\/en\/2024\/03\/03\/desayuno-inmobiliario-wayco-sobre-biohabitabilidad\/#primaryimage"},"image":{"@id":"https:\/\/cu4arquitectura.com\/en\/2024\/03\/03\/desayuno-inmobiliario-wayco-sobre-biohabitabilidad\/#primaryimage"},"thumbnailUrl":"https:\/\/cu4arquitectura.com\/wp-content\/uploads\/2024\/05\/DSC06400.jpg","datePublished":"2024-03-03T19:00:13+00:00","dateModified":"2026-08-03T07:39:57+00:00","description":"Asistimos al tercer Desayuno Inmobiliario Wayco, en el que debatimos sobre la biohabitabilidad en los espacios donde trabajamos y residimos","breadcrumb":{"@id":"https:\/\/cu4arquitectura.com\/en\/2024\/03\/03\/desayuno-inmobiliario-wayco-sobre-biohabitabilidad\/#breadcrumb"},"inLanguage":"en-US","potentialAction":[{"@type":"ReadAction","target":["https:\/\/cu4arquitectura.com\/en\/2024\/03\/03\/desayuno-inmobiliario-wayco-sobre-biohabitabilidad\/"]}]},{"@type":"ImageObject","inLanguage":"en-US","@id":"https:\/\/cu4arquitectura.com\/en\/2024\/03\/03\/desayuno-inmobiliario-wayco-sobre-biohabitabilidad\/#primaryimage","url":"https:\/\/cu4arquitectura.com\/wp-content\/uploads\/2024\/05\/DSC06400.jpg","contentUrl":"https:\/\/cu4arquitectura.com\/wp-content\/uploads\/2024\/05\/DSC06400.jpg","width":1620,"height":1080},{"@type":"BreadcrumbList","@id":"https:\/\/cu4arquitectura.com\/en\/2024\/03\/03\/desayuno-inmobiliario-wayco-sobre-biohabitabilidad\/#breadcrumb","itemListElement":[{"@type":"ListItem","position":1,"name":"Portada","item":"https:\/\/cu4arquitectura.com\/en\/"},{"@type":"ListItem","position":2,"name":"Desayuno Wayco. Hablamos sobre Biohabitabilidad"}]},{"@type":"WebSite","@id":"https:\/\/cu4arquitectura.com\/en\/#website","url":"https:\/\/cu4arquitectura.com\/en\/","name":"CU4 Arquitectos en Valencia | Estudio de arquitectura","description":"Arquitectos en Valencia | Especializados en espacios a medida para empresas y particulares, dise\u00f1ados para tu bienestar","publisher":{"@id":"https:\/\/cu4arquitectura.com\/en\/#organization"},"potentialAction":[{"@type":"SearchAction","target":{"@type":"EntryPoint","urlTemplate":"https:\/\/cu4arquitectura.com\/en\/?s={search_term_string}"},"query-input":{"@type":"PropertyValueSpecification","valueRequired":true,"valueName":"search_term_string"}}],"inLanguage":"en-US"},{"@type":"Organization","@id":"https:\/\/cu4arquitectura.com\/en\/#organization","name":"CU4 Arquitectos en Valencia | Estudio de arquitectura","url":"https:\/\/cu4arquitectura.com\/en\/","logo":{"@type":"ImageObject","inLanguage":"en-US","@id":"https:\/\/cu4arquitectura.com\/en\/#\/schema\/logo\/image\/","url":"https:\/\/cu4arquitectura.com\/wp-content\/uploads\/2024\/01\/LOGO_CU4_original.svg","contentUrl":"https:\/\/cu4arquitectura.com\/wp-content\/uploads\/2024\/01\/LOGO_CU4_original.svg","width":841,"height":595,"caption":"CU4 Arquitectos en Valencia | Estudio de arquitectura"},"image":{"@id":"https:\/\/cu4arquitectura.com\/en\/#\/schema\/logo\/image\/"}},{"@type":"Person","@id":"https:\/\/cu4arquitectura.com\/en\/#\/schema\/person\/cab7e5614eeb0bf71d933154c307cbad","name":"cu4_admin","image":{"@type":"ImageObject","inLanguage":"en-US","@id":"https:\/\/secure.gravatar.com\/avatar\/46fdd98ce0115379d1eed8cb88e5aa19a6581b97ba5db2084f7ed87a818bb40a?s=96&d=mm&r=g","url":"https:\/\/secure.gravatar.com\/avatar\/46fdd98ce0115379d1eed8cb88e5aa19a6581b97ba5db2084f7ed87a818bb40a?s=96&d=mm&r=g","contentUrl":"https:\/\/secure.gravatar.com\/avatar\/46fdd98ce0115379d1eed8cb88e5aa19a6581b97ba5db2084f7ed87a818bb40a?s=96&d=mm&r=g","caption":"cu4_admin"},"sameAs":["https:\/\/cu4arquitectura.com"],"url":"https:\/\/cu4arquitectura.com\/en\/author\/cu4_admin\/"}]}},"_links":{"self":[{"href":"https:\/\/cu4arquitectura.com\/en\/wp-json\/wp\/v2\/posts\/5322","targetHints":{"allow":["GET"]}}],"collection":[{"href":"https:\/\/cu4arquitectura.com\/en\/wp-json\/wp\/v2\/posts"}],"about":[{"href":"https:\/\/cu4arquitectura.com\/en\/wp-json\/wp\/v2\/types\/post"}],"author":[{"embeddable":true,"href":"https:\/\/cu4arquitectura.com\/en\/wp-json\/wp\/v2\/users\/1"}],"replies":[{"embeddable":true,"href":"https:\/\/cu4arquitectura.com\/en\/wp-json\/wp\/v2\/comments?post=5322"}],"version-history":[{"count":4,"href":"https:\/\/cu4arquitectura.com\/en\/wp-json\/wp\/v2\/posts\/5322\/revisions"}],"predecessor-version":[{"id":9498,"href":"https:\/\/cu4arquitectura.com\/en\/wp-json\/wp\/v2\/posts\/5322\/revisions\/9498"}],"wp:featuredmedia":[{"embeddable":true,"href":"https:\/\/cu4arquitectura.com\/en\/wp-json\/wp\/v2\/media\/5386"}],"wp:attachment":[{"href":"https:\/\/cu4arquitectura.com\/en\/wp-json\/wp\/v2\/media?parent=5322"}],"wp:term":[{"taxonomy":"category","embeddable":true,"href":"https:\/\/cu4arquitectura.com\/en\/wp-json\/wp\/v2\/categories?post=5322"},{"taxonomy":"post_tag","embeddable":true,"href":"https:\/\/cu4arquitectura.com\/en\/wp-json\/wp\/v2\/tags?post=5322"}],"curies":[{"name":"wp","href":"https:\/\/api.w.org\/{rel}","templated":true}]}}