{"id":5321,"date":"2024-03-30T10:26:37","date_gmt":"2024-03-30T08:26:37","guid":{"rendered":"https:\/\/cu4arquitectura.com\/2024\/03\/30\/valencia-plaza-biohabitabilidad-tendencia-sector-inmobiliario\/"},"modified":"2026-08-03T07:57:30","modified_gmt":"2026-08-03T07:57:30","slug":"valencia-plaza-biohabitabilidad-tendencia-sector-inmobiliario","status":"publish","type":"post","link":"https:\/\/cu4arquitectura.com\/en\/2024\/03\/30\/valencia-plaza-biohabitabilidad-tendencia-sector-inmobiliario\/","title":{"rendered":"Valencia Plaza | Biohabitabilidad"},"content":{"rendered":"\n<p class=\"wp-block-paragraph\">Valencia Plaza se hace eco de la tendencia en auge en el mundo de la arquitectura y el dise\u00f1o de interiores: la biohabitabilidad. Este concepto integral aborda la importancia de considerar aspectos ecol\u00f3gicos, econ\u00f3micos y sociales en la creaci\u00f3n de espacios habitables, y ha sido el tema central del reciente tercer desayuno inmobiliario de Wayco en Valencia.<\/p>\n\n\n\n<p class=\"wp-block-paragraph\">La arquitecta Anna Ferrer, de CU4 Arquitectura, comparti\u00f3 su visi\u00f3n sobre la biohabitabilidad &nbsp;como una filosof\u00eda que busca el bienestar hol\u00edstico de las personas y el medio ambiente en todos los niveles, desde la elecci\u00f3n de materiales hasta el dise\u00f1o de espacios habitables.<\/p>\n\n\n\n<p class=\"wp-block-paragraph\">El evento tambi\u00e9n destac\u00f3 la influencia del entorno f\u00edsico en la salud mental y emocional de las personas, as\u00ed como la importancia de crear espacios de trabajo que promuevan la salud y el rendimiento de los empleados como base de la biohabitabilidad.<\/p>\n\n\n\n<p class=\"wp-block-paragraph\">Desde CU4 Arquitectura, nos comprometemos a liderar esta transformaci\u00f3n hacia entornos m\u00e1s saludables y sostenibles. Si quieres conocer m\u00e1s sobre la biohabitabilidad y su impacto en el sector inmobiliario, te invitamos a leer el <a href=\"https:\/\/valenciaplaza.com\/biohabitabilidad-tendencia-marcara-sector-inmobiliario-uniendo-salud-arquitectura\">art\u00edculo completo<\/a>.<\/p>\n\n\n\n<p class=\"wp-block-paragraph\">\u00a1Desc\u00fabrelo y \u00fanete a nosotros en esta emocionante traves\u00eda hacia un futuro m\u00e1s habitable y consciente!<\/p>\n\n\n\n<figure class=\"wp-block-image\"><img decoding=\"async\" src=\"https:\/\/cu4arquitectura.com\/wp-content\/uploads\/2024\/05\/DSC06400.jpg\" alt=\"\"\/><\/figure>\n\n\n\n<p class=\"wp-block-paragraph\">Si quieres conocer un poco mejor como trabajamos la biohabitabilidad desde el est\u00e1ndar WELL, y saber en qu\u00e9 consiste el est\u00e1ndar WELL para organizaciones, no dudes en visitar nuestra p\u00e1gina cu4well.com\/<\/p>\n\n\n\n<p class=\"wp-block-paragraph\">Si quieres saber c\u00f3mo aplicar estos criterios en tu casa y en tu d\u00eda a dia, te invitamos a visitar nuestra secci\u00f3n \u00ab<a href=\"https:\/\/cu4well.com\/\" type=\"link\" id=\"https:\/\/cu4well.com\/\"><strong>arquitectura saludable<\/strong><\/a>\u00bb<\/p>\n\n\n\n<p class=\"wp-block-paragraph\">Y si necesitas que te ayudemos en alg\u00fan proyecto en concreto, no dudes en&nbsp;<a href=\"https:\/\/www.cu4arquitectura.com\/contacto\"><strong>contactar con nosotros!&nbsp;<\/strong><\/a><\/p>\n\n\n\n<p class=\"wp-block-paragraph\"><\/p>\n","protected":false},"excerpt":{"rendered":"<p>Valencia Plaza se hace eco de la tendencia en auge en el mundo de la arquitectura y el dise\u00f1o de interiores: la biohabitabilidad. Este concepto integral aborda la importancia de considerar aspectos ecol\u00f3gicos, econ\u00f3micos y sociales en la creaci\u00f3n de espacios habitables, y ha sido el tema central del reciente tercer desayuno inmobiliario de Wayco [&hellip;]<\/p>\n","protected":false},"author":1,"featured_media":5386,"comment_status":"open","ping_status":"open","sticky":false,"template":"","format":"standard","meta":{"_acf_changed":false,"footnotes":""},"categories":[6],"tags":[],"class_list":["post-5321","post","type-post","status-publish","format-standard","has-post-thumbnail","hentry","category-cu4"],"acf":[],"yoast_head":"<!-- This site is optimized with the Yoast SEO plugin v27.7 - https:\/\/yoast.com\/product\/yoast-seo-wordpress\/ -->\n<title>Valencia Plaza | Biohabitabilidad - CU4 Arquitectos en Valencia | Estudio de arquitectura<\/title>\n<meta name=\"description\" content=\"Valencia Plaza se hace eco del encuentro en WayCo para hablar sobre biohabitabilidad, tendencia en el sector inmobiliario\" \/>\n<meta name=\"robots\" content=\"index, follow, max-snippet:-1, max-image-preview:large, max-video-preview:-1\" \/>\n<link rel=\"canonical\" href=\"https:\/\/cu4arquitectura.com\/en\/2024\/03\/30\/valencia-plaza-biohabitabilidad-tendencia-sector-inmobiliario\/\" \/>\n<meta property=\"og:locale\" content=\"en_US\" \/>\n<meta property=\"og:type\" content=\"article\" \/>\n<meta property=\"og:title\" content=\"Valencia Plaza | Biohabitabilidad - CU4 Arquitectos en Valencia | Estudio de arquitectura\" \/>\n<meta property=\"og:description\" content=\"Valencia Plaza se hace eco del encuentro en WayCo para hablar sobre biohabitabilidad, tendencia en el sector inmobiliario\" \/>\n<meta property=\"og:url\" content=\"https:\/\/cu4arquitectura.com\/en\/2024\/03\/30\/valencia-plaza-biohabitabilidad-tendencia-sector-inmobiliario\/\" \/>\n<meta property=\"og:site_name\" content=\"CU4 Arquitectos en Valencia | Estudio de arquitectura\" \/>\n<meta property=\"article:published_time\" content=\"2024-03-30T08:26:37+00:00\" \/>\n<meta property=\"article:modified_time\" content=\"2026-08-03T07:57:30+00:00\" \/>\n<meta property=\"og:image\" content=\"https:\/\/cu4arquitectura.com\/wp-content\/uploads\/2024\/05\/DSC06400.jpg\" \/>\n\t<meta property=\"og:image:width\" content=\"1620\" \/>\n\t<meta property=\"og:image:height\" content=\"1080\" \/>\n\t<meta property=\"og:image:type\" content=\"image\/jpeg\" \/>\n<meta name=\"author\" content=\"cu4_admin\" \/>\n<meta name=\"twitter:card\" content=\"summary_large_image\" \/>\n<meta name=\"twitter:label1\" content=\"Written by\" \/>\n\t<meta name=\"twitter:data1\" content=\"cu4_admin\" \/>\n\t<meta name=\"twitter:label2\" content=\"Est. reading time\" \/>\n\t<meta name=\"twitter:data2\" content=\"2 minutes\" \/>\n<script type=\"application\/ld+json\" class=\"yoast-schema-graph\">{\"@context\":\"https:\\\/\\\/schema.org\",\"@graph\":[{\"@type\":\"Article\",\"@id\":\"https:\\\/\\\/cu4arquitectura.com\\\/en\\\/2024\\\/03\\\/30\\\/valencia-plaza-biohabitabilidad-tendencia-sector-inmobiliario\\\/#article\",\"isPartOf\":{\"@id\":\"https:\\\/\\\/cu4arquitectura.com\\\/en\\\/2024\\\/03\\\/30\\\/valencia-plaza-biohabitabilidad-tendencia-sector-inmobiliario\\\/\"},\"author\":{\"name\":\"cu4_admin\",\"@id\":\"https:\\\/\\\/cu4arquitectura.com\\\/en\\\/#\\\/schema\\\/person\\\/cab7e5614eeb0bf71d933154c307cbad\"},\"headline\":\"Valencia Plaza | Biohabitabilidad\",\"datePublished\":\"2024-03-30T08:26:37+00:00\",\"dateModified\":\"2026-08-03T07:57:30+00:00\",\"mainEntityOfPage\":{\"@id\":\"https:\\\/\\\/cu4arquitectura.com\\\/en\\\/2024\\\/03\\\/30\\\/valencia-plaza-biohabitabilidad-tendencia-sector-inmobiliario\\\/\"},\"wordCount\":299,\"commentCount\":0,\"publisher\":{\"@id\":\"https:\\\/\\\/cu4arquitectura.com\\\/en\\\/#organization\"},\"image\":{\"@id\":\"https:\\\/\\\/cu4arquitectura.com\\\/en\\\/2024\\\/03\\\/30\\\/valencia-plaza-biohabitabilidad-tendencia-sector-inmobiliario\\\/#primaryimage\"},\"thumbnailUrl\":\"https:\\\/\\\/cu4arquitectura.com\\\/wp-content\\\/uploads\\\/2024\\\/05\\\/DSC06400.jpg\",\"articleSection\":[\"CU4 Arquitectura\"],\"inLanguage\":\"en-US\",\"potentialAction\":[{\"@type\":\"CommentAction\",\"name\":\"Comment\",\"target\":[\"https:\\\/\\\/cu4arquitectura.com\\\/en\\\/2024\\\/03\\\/30\\\/valencia-plaza-biohabitabilidad-tendencia-sector-inmobiliario\\\/#respond\"]}]},{\"@type\":\"WebPage\",\"@id\":\"https:\\\/\\\/cu4arquitectura.com\\\/en\\\/2024\\\/03\\\/30\\\/valencia-plaza-biohabitabilidad-tendencia-sector-inmobiliario\\\/\",\"url\":\"https:\\\/\\\/cu4arquitectura.com\\\/en\\\/2024\\\/03\\\/30\\\/valencia-plaza-biohabitabilidad-tendencia-sector-inmobiliario\\\/\",\"name\":\"Valencia Plaza | Biohabitabilidad - CU4 Arquitectos en Valencia | Estudio de arquitectura\",\"isPartOf\":{\"@id\":\"https:\\\/\\\/cu4arquitectura.com\\\/en\\\/#website\"},\"primaryImageOfPage\":{\"@id\":\"https:\\\/\\\/cu4arquitectura.com\\\/en\\\/2024\\\/03\\\/30\\\/valencia-plaza-biohabitabilidad-tendencia-sector-inmobiliario\\\/#primaryimage\"},\"image\":{\"@id\":\"https:\\\/\\\/cu4arquitectura.com\\\/en\\\/2024\\\/03\\\/30\\\/valencia-plaza-biohabitabilidad-tendencia-sector-inmobiliario\\\/#primaryimage\"},\"thumbnailUrl\":\"https:\\\/\\\/cu4arquitectura.com\\\/wp-content\\\/uploads\\\/2024\\\/05\\\/DSC06400.jpg\",\"datePublished\":\"2024-03-30T08:26:37+00:00\",\"dateModified\":\"2026-08-03T07:57:30+00:00\",\"description\":\"Valencia Plaza se hace eco del encuentro en WayCo para hablar sobre biohabitabilidad, tendencia en el sector inmobiliario\",\"breadcrumb\":{\"@id\":\"https:\\\/\\\/cu4arquitectura.com\\\/en\\\/2024\\\/03\\\/30\\\/valencia-plaza-biohabitabilidad-tendencia-sector-inmobiliario\\\/#breadcrumb\"},\"inLanguage\":\"en-US\",\"potentialAction\":[{\"@type\":\"ReadAction\",\"target\":[\"https:\\\/\\\/cu4arquitectura.com\\\/en\\\/2024\\\/03\\\/30\\\/valencia-plaza-biohabitabilidad-tendencia-sector-inmobiliario\\\/\"]}]},{\"@type\":\"ImageObject\",\"inLanguage\":\"en-US\",\"@id\":\"https:\\\/\\\/cu4arquitectura.com\\\/en\\\/2024\\\/03\\\/30\\\/valencia-plaza-biohabitabilidad-tendencia-sector-inmobiliario\\\/#primaryimage\",\"url\":\"https:\\\/\\\/cu4arquitectura.com\\\/wp-content\\\/uploads\\\/2024\\\/05\\\/DSC06400.jpg\",\"contentUrl\":\"https:\\\/\\\/cu4arquitectura.com\\\/wp-content\\\/uploads\\\/2024\\\/05\\\/DSC06400.jpg\",\"width\":1620,\"height\":1080},{\"@type\":\"BreadcrumbList\",\"@id\":\"https:\\\/\\\/cu4arquitectura.com\\\/en\\\/2024\\\/03\\\/30\\\/valencia-plaza-biohabitabilidad-tendencia-sector-inmobiliario\\\/#breadcrumb\",\"itemListElement\":[{\"@type\":\"ListItem\",\"position\":1,\"name\":\"Portada\",\"item\":\"https:\\\/\\\/cu4arquitectura.com\\\/en\\\/\"},{\"@type\":\"ListItem\",\"position\":2,\"name\":\"Valencia Plaza | Biohabitabilidad\"}]},{\"@type\":\"WebSite\",\"@id\":\"https:\\\/\\\/cu4arquitectura.com\\\/en\\\/#website\",\"url\":\"https:\\\/\\\/cu4arquitectura.com\\\/en\\\/\",\"name\":\"CU4 Arquitectos en Valencia | Estudio de arquitectura\",\"description\":\"Arquitectos en Valencia | Especializados en espacios a medida para empresas y particulares, dise\u00f1ados para tu bienestar\",\"publisher\":{\"@id\":\"https:\\\/\\\/cu4arquitectura.com\\\/en\\\/#organization\"},\"potentialAction\":[{\"@type\":\"SearchAction\",\"target\":{\"@type\":\"EntryPoint\",\"urlTemplate\":\"https:\\\/\\\/cu4arquitectura.com\\\/en\\\/?s={search_term_string}\"},\"query-input\":{\"@type\":\"PropertyValueSpecification\",\"valueRequired\":true,\"valueName\":\"search_term_string\"}}],\"inLanguage\":\"en-US\"},{\"@type\":\"Organization\",\"@id\":\"https:\\\/\\\/cu4arquitectura.com\\\/en\\\/#organization\",\"name\":\"CU4 Arquitectos en Valencia | Estudio de arquitectura\",\"url\":\"https:\\\/\\\/cu4arquitectura.com\\\/en\\\/\",\"logo\":{\"@type\":\"ImageObject\",\"inLanguage\":\"en-US\",\"@id\":\"https:\\\/\\\/cu4arquitectura.com\\\/en\\\/#\\\/schema\\\/logo\\\/image\\\/\",\"url\":\"https:\\\/\\\/cu4arquitectura.com\\\/wp-content\\\/uploads\\\/2024\\\/01\\\/LOGO_CU4_original.svg\",\"contentUrl\":\"https:\\\/\\\/cu4arquitectura.com\\\/wp-content\\\/uploads\\\/2024\\\/01\\\/LOGO_CU4_original.svg\",\"width\":841,\"height\":595,\"caption\":\"CU4 Arquitectos en Valencia | Estudio de arquitectura\"},\"image\":{\"@id\":\"https:\\\/\\\/cu4arquitectura.com\\\/en\\\/#\\\/schema\\\/logo\\\/image\\\/\"}},{\"@type\":\"Person\",\"@id\":\"https:\\\/\\\/cu4arquitectura.com\\\/en\\\/#\\\/schema\\\/person\\\/cab7e5614eeb0bf71d933154c307cbad\",\"name\":\"cu4_admin\",\"image\":{\"@type\":\"ImageObject\",\"inLanguage\":\"en-US\",\"@id\":\"https:\\\/\\\/secure.gravatar.com\\\/avatar\\\/46fdd98ce0115379d1eed8cb88e5aa19a6581b97ba5db2084f7ed87a818bb40a?s=96&d=mm&r=g\",\"url\":\"https:\\\/\\\/secure.gravatar.com\\\/avatar\\\/46fdd98ce0115379d1eed8cb88e5aa19a6581b97ba5db2084f7ed87a818bb40a?s=96&d=mm&r=g\",\"contentUrl\":\"https:\\\/\\\/secure.gravatar.com\\\/avatar\\\/46fdd98ce0115379d1eed8cb88e5aa19a6581b97ba5db2084f7ed87a818bb40a?s=96&d=mm&r=g\",\"caption\":\"cu4_admin\"},\"sameAs\":[\"https:\\\/\\\/cu4arquitectura.com\"],\"url\":\"https:\\\/\\\/cu4arquitectura.com\\\/en\\\/author\\\/cu4_admin\\\/\"}]}<\/script>\n<!-- \/ Yoast SEO plugin. -->","yoast_head_json":{"title":"Valencia Plaza | Biohabitabilidad - CU4 Arquitectos en Valencia | Estudio de arquitectura","description":"Valencia Plaza se hace eco del encuentro en WayCo para hablar sobre biohabitabilidad, tendencia en el sector inmobiliario","robots":{"index":"index","follow":"follow","max-snippet":"max-snippet:-1","max-image-preview":"max-image-preview:large","max-video-preview":"max-video-preview:-1"},"canonical":"https:\/\/cu4arquitectura.com\/en\/2024\/03\/30\/valencia-plaza-biohabitabilidad-tendencia-sector-inmobiliario\/","og_locale":"en_US","og_type":"article","og_title":"Valencia Plaza | Biohabitabilidad - CU4 Arquitectos en Valencia | Estudio de arquitectura","og_description":"Valencia Plaza se hace eco del encuentro en WayCo para hablar sobre biohabitabilidad, tendencia en el sector inmobiliario","og_url":"https:\/\/cu4arquitectura.com\/en\/2024\/03\/30\/valencia-plaza-biohabitabilidad-tendencia-sector-inmobiliario\/","og_site_name":"CU4 Arquitectos en Valencia | Estudio de arquitectura","article_published_time":"2024-03-30T08:26:37+00:00","article_modified_time":"2026-08-03T07:57:30+00:00","og_image":[{"width":1620,"height":1080,"url":"https:\/\/cu4arquitectura.com\/wp-content\/uploads\/2024\/05\/DSC06400.jpg","type":"image\/jpeg"}],"author":"cu4_admin","twitter_card":"summary_large_image","twitter_misc":{"Written by":"cu4_admin","Est. reading time":"2 minutes"},"schema":{"@context":"https:\/\/schema.org","@graph":[{"@type":"Article","@id":"https:\/\/cu4arquitectura.com\/en\/2024\/03\/30\/valencia-plaza-biohabitabilidad-tendencia-sector-inmobiliario\/#article","isPartOf":{"@id":"https:\/\/cu4arquitectura.com\/en\/2024\/03\/30\/valencia-plaza-biohabitabilidad-tendencia-sector-inmobiliario\/"},"author":{"name":"cu4_admin","@id":"https:\/\/cu4arquitectura.com\/en\/#\/schema\/person\/cab7e5614eeb0bf71d933154c307cbad"},"headline":"Valencia Plaza | Biohabitabilidad","datePublished":"2024-03-30T08:26:37+00:00","dateModified":"2026-08-03T07:57:30+00:00","mainEntityOfPage":{"@id":"https:\/\/cu4arquitectura.com\/en\/2024\/03\/30\/valencia-plaza-biohabitabilidad-tendencia-sector-inmobiliario\/"},"wordCount":299,"commentCount":0,"publisher":{"@id":"https:\/\/cu4arquitectura.com\/en\/#organization"},"image":{"@id":"https:\/\/cu4arquitectura.com\/en\/2024\/03\/30\/valencia-plaza-biohabitabilidad-tendencia-sector-inmobiliario\/#primaryimage"},"thumbnailUrl":"https:\/\/cu4arquitectura.com\/wp-content\/uploads\/2024\/05\/DSC06400.jpg","articleSection":["CU4 Arquitectura"],"inLanguage":"en-US","potentialAction":[{"@type":"CommentAction","name":"Comment","target":["https:\/\/cu4arquitectura.com\/en\/2024\/03\/30\/valencia-plaza-biohabitabilidad-tendencia-sector-inmobiliario\/#respond"]}]},{"@type":"WebPage","@id":"https:\/\/cu4arquitectura.com\/en\/2024\/03\/30\/valencia-plaza-biohabitabilidad-tendencia-sector-inmobiliario\/","url":"https:\/\/cu4arquitectura.com\/en\/2024\/03\/30\/valencia-plaza-biohabitabilidad-tendencia-sector-inmobiliario\/","name":"Valencia Plaza | Biohabitabilidad - CU4 Arquitectos en Valencia | Estudio de arquitectura","isPartOf":{"@id":"https:\/\/cu4arquitectura.com\/en\/#website"},"primaryImageOfPage":{"@id":"https:\/\/cu4arquitectura.com\/en\/2024\/03\/30\/valencia-plaza-biohabitabilidad-tendencia-sector-inmobiliario\/#primaryimage"},"image":{"@id":"https:\/\/cu4arquitectura.com\/en\/2024\/03\/30\/valencia-plaza-biohabitabilidad-tendencia-sector-inmobiliario\/#primaryimage"},"thumbnailUrl":"https:\/\/cu4arquitectura.com\/wp-content\/uploads\/2024\/05\/DSC06400.jpg","datePublished":"2024-03-30T08:26:37+00:00","dateModified":"2026-08-03T07:57:30+00:00","description":"Valencia Plaza se hace eco del encuentro en WayCo para hablar sobre biohabitabilidad, tendencia en el sector inmobiliario","breadcrumb":{"@id":"https:\/\/cu4arquitectura.com\/en\/2024\/03\/30\/valencia-plaza-biohabitabilidad-tendencia-sector-inmobiliario\/#breadcrumb"},"inLanguage":"en-US","potentialAction":[{"@type":"ReadAction","target":["https:\/\/cu4arquitectura.com\/en\/2024\/03\/30\/valencia-plaza-biohabitabilidad-tendencia-sector-inmobiliario\/"]}]},{"@type":"ImageObject","inLanguage":"en-US","@id":"https:\/\/cu4arquitectura.com\/en\/2024\/03\/30\/valencia-plaza-biohabitabilidad-tendencia-sector-inmobiliario\/#primaryimage","url":"https:\/\/cu4arquitectura.com\/wp-content\/uploads\/2024\/05\/DSC06400.jpg","contentUrl":"https:\/\/cu4arquitectura.com\/wp-content\/uploads\/2024\/05\/DSC06400.jpg","width":1620,"height":1080},{"@type":"BreadcrumbList","@id":"https:\/\/cu4arquitectura.com\/en\/2024\/03\/30\/valencia-plaza-biohabitabilidad-tendencia-sector-inmobiliario\/#breadcrumb","itemListElement":[{"@type":"ListItem","position":1,"name":"Portada","item":"https:\/\/cu4arquitectura.com\/en\/"},{"@type":"ListItem","position":2,"name":"Valencia Plaza | Biohabitabilidad"}]},{"@type":"WebSite","@id":"https:\/\/cu4arquitectura.com\/en\/#website","url":"https:\/\/cu4arquitectura.com\/en\/","name":"CU4 Arquitectos en Valencia | Estudio de arquitectura","description":"Arquitectos en Valencia | Especializados en espacios a medida para empresas y particulares, dise\u00f1ados para tu bienestar","publisher":{"@id":"https:\/\/cu4arquitectura.com\/en\/#organization"},"potentialAction":[{"@type":"SearchAction","target":{"@type":"EntryPoint","urlTemplate":"https:\/\/cu4arquitectura.com\/en\/?s={search_term_string}"},"query-input":{"@type":"PropertyValueSpecification","valueRequired":true,"valueName":"search_term_string"}}],"inLanguage":"en-US"},{"@type":"Organization","@id":"https:\/\/cu4arquitectura.com\/en\/#organization","name":"CU4 Arquitectos en Valencia | Estudio de arquitectura","url":"https:\/\/cu4arquitectura.com\/en\/","logo":{"@type":"ImageObject","inLanguage":"en-US","@id":"https:\/\/cu4arquitectura.com\/en\/#\/schema\/logo\/image\/","url":"https:\/\/cu4arquitectura.com\/wp-content\/uploads\/2024\/01\/LOGO_CU4_original.svg","contentUrl":"https:\/\/cu4arquitectura.com\/wp-content\/uploads\/2024\/01\/LOGO_CU4_original.svg","width":841,"height":595,"caption":"CU4 Arquitectos en Valencia | Estudio de arquitectura"},"image":{"@id":"https:\/\/cu4arquitectura.com\/en\/#\/schema\/logo\/image\/"}},{"@type":"Person","@id":"https:\/\/cu4arquitectura.com\/en\/#\/schema\/person\/cab7e5614eeb0bf71d933154c307cbad","name":"cu4_admin","image":{"@type":"ImageObject","inLanguage":"en-US","@id":"https:\/\/secure.gravatar.com\/avatar\/46fdd98ce0115379d1eed8cb88e5aa19a6581b97ba5db2084f7ed87a818bb40a?s=96&d=mm&r=g","url":"https:\/\/secure.gravatar.com\/avatar\/46fdd98ce0115379d1eed8cb88e5aa19a6581b97ba5db2084f7ed87a818bb40a?s=96&d=mm&r=g","contentUrl":"https:\/\/secure.gravatar.com\/avatar\/46fdd98ce0115379d1eed8cb88e5aa19a6581b97ba5db2084f7ed87a818bb40a?s=96&d=mm&r=g","caption":"cu4_admin"},"sameAs":["https:\/\/cu4arquitectura.com"],"url":"https:\/\/cu4arquitectura.com\/en\/author\/cu4_admin\/"}]}},"_links":{"self":[{"href":"https:\/\/cu4arquitectura.com\/en\/wp-json\/wp\/v2\/posts\/5321","targetHints":{"allow":["GET"]}}],"collection":[{"href":"https:\/\/cu4arquitectura.com\/en\/wp-json\/wp\/v2\/posts"}],"about":[{"href":"https:\/\/cu4arquitectura.com\/en\/wp-json\/wp\/v2\/types\/post"}],"author":[{"embeddable":true,"href":"https:\/\/cu4arquitectura.com\/en\/wp-json\/wp\/v2\/users\/1"}],"replies":[{"embeddable":true,"href":"https:\/\/cu4arquitectura.com\/en\/wp-json\/wp\/v2\/comments?post=5321"}],"version-history":[{"count":5,"href":"https:\/\/cu4arquitectura.com\/en\/wp-json\/wp\/v2\/posts\/5321\/revisions"}],"predecessor-version":[{"id":9501,"href":"https:\/\/cu4arquitectura.com\/en\/wp-json\/wp\/v2\/posts\/5321\/revisions\/9501"}],"wp:featuredmedia":[{"embeddable":true,"href":"https:\/\/cu4arquitectura.com\/en\/wp-json\/wp\/v2\/media\/5386"}],"wp:attachment":[{"href":"https:\/\/cu4arquitectura.com\/en\/wp-json\/wp\/v2\/media?parent=5321"}],"wp:term":[{"taxonomy":"category","embeddable":true,"href":"https:\/\/cu4arquitectura.com\/en\/wp-json\/wp\/v2\/categories?post=5321"},{"taxonomy":"post_tag","embeddable":true,"href":"https:\/\/cu4arquitectura.com\/en\/wp-json\/wp\/v2\/tags?post=5321"}],"curies":[{"name":"wp","href":"https:\/\/api.w.org\/{rel}","templated":true}]}}