{"id":5320,"date":"2024-03-30T12:17:52","date_gmt":"2024-03-30T10:17:52","guid":{"rendered":"https:\/\/cu4arquitectura.com\/2024\/03\/30\/nadis-design-week-diseno-bienestar-en-el-mundo-contract\/"},"modified":"2026-08-03T07:54:06","modified_gmt":"2026-08-03T07:54:06","slug":"nadis-design-week-diseno-bienestar-en-el-mundo-contract","status":"publish","type":"post","link":"https:\/\/cu4arquitectura.com\/en\/2024\/03\/30\/nadis-design-week-diseno-bienestar-en-el-mundo-contract\/","title":{"rendered":"NADIS DESIGN WEEK | Dise\u00f1o y Bienestar en el Mundo Contract"},"content":{"rendered":"\n<p class=\"wp-block-paragraph\">\u00a1Hola a todos los apasionados del dise\u00f1o y el bienestar!<\/p>\n\n\n\n<p class=\"wp-block-paragraph\">Queremos llevaros atr\u00e1s en el tiempo, a un d\u00eda repleto de inspiraci\u00f3n y di\u00e1logo fruct\u00edfero durante la NADIS DESIGN WEEK. Moderamos una mesa redonda fascinante sobre el <a href=\"https:\/\/www.linkedin.com\/posts\/nadis-design_nadisdesign-designweek-nadis-activity-7171429523782070272-Isn1?utm_source=share&amp;utm_medium=member_desktop\" target=\"_blank\" rel=\"noopener\">&#8220;Dise\u00f1o &amp; Bienestar: El Futuro de los Espacios Contract&#8221;<\/a>. \u00a1Fue toda una experiencia!<\/p>\n\n\n\n<p class=\"wp-block-paragraph\">El ambiente era s\u00faper acogedor cuando dimos la bienvenida a nuestros distinguidos invitados y al p\u00fablico reunido para participar en esta charla. Como arquitectos especializados en arquitectura y bienestar del estudio CU4 Arquitectura, est\u00e1bamos emocionad\u00edsimos de dirigir esta conversaci\u00f3n sobre un tema que nos apasiona tanto a nivel profesional.<\/p>\n\n\n\n<p class=\"wp-block-paragraph\">Comenzamos con una introducci\u00f3n, destacando la importancia vital de considerar el bienestar en todos los aspectos del dise\u00f1o de espacios. Exploramos c\u00f3mo los entornos construidos impactan directamente en nuestro bienestar f\u00edsico, mental y social, y c\u00f3mo esta conciencia est\u00e1 transformando el dise\u00f1o de espacios contract.<\/p>\n\n\n\n<figure class=\"wp-block-image\"><img decoding=\"async\" src=\"https:\/\/cu4arquitectura.com\/wp-content\/uploads\/2024\/05\/IMG_5907-e1712387308972.jpg\" alt=\"\"\/><\/figure>\n\n\n\n<p class=\"wp-block-paragraph\">Nuestros ponentes, Jese Medina, Peter O&#8217;Kennedy y Alberto Mart\u00ednez, contribuyeron con sus visiones y experiencias en el campo. Desde la creaci\u00f3n de entornos que priorizan la cultura y la autenticidad hasta la integraci\u00f3n de metodolog\u00edas innovadoras para dise\u00f1ar experiencias significativas, cada uno aport\u00f3 una perspectiva \u00fanica y valiosa.<\/p>\n\n\n\n<p class=\"wp-block-paragraph\">A lo largo de la discusi\u00f3n, exploramos c\u00f3mo los dise\u00f1os de interiores pueden influir en nuestro bienestar, c\u00f3mo elegir los materiales adecuados puede mejorar la experiencia del usuario y c\u00f3mo los profesionales del dise\u00f1o pueden colaborar de manera m\u00e1s efectiva para crear entornos que promuevan el bienestar integral.<\/p>\n\n\n\n<figure class=\"wp-block-image\"><img decoding=\"async\" src=\"https:\/\/cu4arquitectura.com\/wp-content\/uploads\/2024\/05\/IMG_5903-e1712387359884.jpg\" alt=\"\"\/><\/figure>\n\n\n\n<p class=\"wp-block-paragraph\">El tiempo pas\u00f3 volando mientras compart\u00edamos ideas, reflexiones y experiencias. La participaci\u00f3n del p\u00fablico a\u00f1adi\u00f3 un punto m\u00e1s de profundidad a la conversaci\u00f3n, mostrando un inter\u00e9s apasionado por este tema crucial.<\/p>\n\n\n\n<p class=\"wp-block-paragraph\">Al final, nos despedimos con una sensaci\u00f3n de inspiraci\u00f3n y un renovado compromiso de seguir explorando el potencial del dise\u00f1o para mejorar nuestras vidas.<\/p>\n\n\n\n<p class=\"wp-block-paragraph\">Desde CU4 Arquitectura, queremos expresar nuestro m\u00e1s sincero agradecimiento a todos los que se unieron a nosotros en esta mesa redonda. Vuestras contribuciones hicieron que este evento fuera verdaderamente memorable.<\/p>\n\n\n\n<p class=\"wp-block-paragraph\">Y as\u00ed concluy\u00f3 un d\u00eda lleno de aprendizaje, conexi\u00f3n y exploraci\u00f3n en el fascinante mundo del dise\u00f1o y el bienestar. Esperamos que todos vosotros os hay\u00e1is sentido tan inspirados como nosotros por esta experiencia.<\/p>\n\n\n\n<p class=\"wp-block-paragraph\">\u00a1Hasta la pr\u00f3xima aventura en el camino hacia entornos m\u00e1s saludables y significativos!<\/p>\n\n\n\n<figure class=\"wp-block-image\"><img decoding=\"async\" src=\"https:\/\/cu4arquitectura.com\/wp-content\/uploads\/2024\/05\/IMG_5910-e1712387413689.jpg\" alt=\"\"\/><\/figure>\n\n\n\n<p class=\"wp-block-paragraph\">Si quieres conocer un poco mejor c\u00f3mo podemos ayudar a tu organizaci\u00f3n, no dudes en visitar nuestra p\u00e1gina cu4well.com\/<\/p>\n\n\n\n<p class=\"wp-block-paragraph\">Si quieres saber c\u00f3mo aplicar estos criterios\u00a0 en tu d\u00eda a dia, te invitamos a visitar nuestra secci\u00f3n \u00ab<a href=\"https:\/\/cu4well.com\/\" type=\"link\" id=\"https:\/\/cu4well.com\/\"><strong>arquitectura saludable<\/strong><\/a>\u00bb<\/p>\n\n\n\n<p class=\"wp-block-paragraph\">Y si necesitas que te ayudemos en alg\u00fan proyecto en concreto, no dudes en&nbsp;<a href=\"https:\/\/www.cu4arquitectura.com\/contacto\"><strong>contactar con nosotros!&nbsp;<\/strong><\/a><\/p>\n\n\n\n<p class=\"wp-block-paragraph\"><\/p>\n","protected":false},"excerpt":{"rendered":"<p>\u00a1Hola a todos los apasionados del dise\u00f1o y el bienestar! Queremos llevaros atr\u00e1s en el tiempo, a un d\u00eda repleto de inspiraci\u00f3n y di\u00e1logo fruct\u00edfero durante la NADIS DESIGN WEEK. Moderamos una mesa redonda fascinante sobre el &#8220;Dise\u00f1o &amp; Bienestar: El Futuro de los Espacios Contract&#8221;. \u00a1Fue toda una experiencia! El ambiente era s\u00faper acogedor [&hellip;]<\/p>\n","protected":false},"author":1,"featured_media":5382,"comment_status":"open","ping_status":"open","sticky":false,"template":"","format":"standard","meta":{"_acf_changed":false,"footnotes":""},"categories":[6],"tags":[],"class_list":["post-5320","post","type-post","status-publish","format-standard","has-post-thumbnail","hentry","category-cu4"],"acf":[],"yoast_head":"<!-- This site is optimized with the Yoast SEO plugin v27.7 - https:\/\/yoast.com\/product\/yoast-seo-wordpress\/ -->\n<title>NADIS DESIGN WEEK | Dise\u00f1o y Bienestar en el Mundo Contract - CU4 Arquitectos en Valencia | Estudio de arquitectura<\/title>\n<meta name=\"description\" content=\"Durante la NADIS DESIGN WEEK. Moderamos una mesa redonda fascinante sobre el Dise\u00f1o &amp; Bienestar: El Futuro de los Espacios Contract\" \/>\n<meta name=\"robots\" content=\"index, follow, max-snippet:-1, max-image-preview:large, max-video-preview:-1\" \/>\n<link rel=\"canonical\" href=\"https:\/\/cu4arquitectura.com\/en\/2024\/03\/30\/nadis-design-week-diseno-bienestar-en-el-mundo-contract\/\" \/>\n<meta property=\"og:locale\" content=\"en_US\" \/>\n<meta property=\"og:type\" content=\"article\" \/>\n<meta property=\"og:title\" content=\"NADIS DESIGN WEEK | Dise\u00f1o y Bienestar en el Mundo Contract - CU4 Arquitectos en Valencia | Estudio de arquitectura\" \/>\n<meta property=\"og:description\" content=\"Durante la NADIS DESIGN WEEK. Moderamos una mesa redonda fascinante sobre el Dise\u00f1o &amp; Bienestar: El Futuro de los Espacios Contract\" \/>\n<meta property=\"og:url\" content=\"https:\/\/cu4arquitectura.com\/en\/2024\/03\/30\/nadis-design-week-diseno-bienestar-en-el-mundo-contract\/\" \/>\n<meta property=\"og:site_name\" content=\"CU4 Arquitectos en Valencia | Estudio de arquitectura\" \/>\n<meta property=\"article:published_time\" content=\"2024-03-30T10:17:52+00:00\" \/>\n<meta property=\"article:modified_time\" content=\"2026-08-03T07:54:06+00:00\" \/>\n<meta property=\"og:image\" content=\"https:\/\/cu4arquitectura.com\/wp-content\/uploads\/2024\/05\/IMG_5907-e1712387308972.jpg\" \/>\n\t<meta property=\"og:image:width\" content=\"1241\" \/>\n\t<meta property=\"og:image:height\" content=\"828\" \/>\n\t<meta property=\"og:image:type\" content=\"image\/jpeg\" \/>\n<meta name=\"author\" content=\"cu4_admin\" \/>\n<meta name=\"twitter:card\" content=\"summary_large_image\" \/>\n<meta name=\"twitter:label1\" content=\"Written by\" \/>\n\t<meta name=\"twitter:data1\" content=\"cu4_admin\" \/>\n\t<meta name=\"twitter:label2\" content=\"Est. reading time\" \/>\n\t<meta name=\"twitter:data2\" content=\"3 minutes\" \/>\n<script type=\"application\/ld+json\" class=\"yoast-schema-graph\">{\"@context\":\"https:\\\/\\\/schema.org\",\"@graph\":[{\"@type\":\"Article\",\"@id\":\"https:\\\/\\\/cu4arquitectura.com\\\/en\\\/2024\\\/03\\\/30\\\/nadis-design-week-diseno-bienestar-en-el-mundo-contract\\\/#article\",\"isPartOf\":{\"@id\":\"https:\\\/\\\/cu4arquitectura.com\\\/en\\\/2024\\\/03\\\/30\\\/nadis-design-week-diseno-bienestar-en-el-mundo-contract\\\/\"},\"author\":{\"name\":\"cu4_admin\",\"@id\":\"https:\\\/\\\/cu4arquitectura.com\\\/en\\\/#\\\/schema\\\/person\\\/cab7e5614eeb0bf71d933154c307cbad\"},\"headline\":\"NADIS DESIGN WEEK | Dise\u00f1o y Bienestar en el Mundo Contract\",\"datePublished\":\"2024-03-30T10:17:52+00:00\",\"dateModified\":\"2026-08-03T07:54:06+00:00\",\"mainEntityOfPage\":{\"@id\":\"https:\\\/\\\/cu4arquitectura.com\\\/en\\\/2024\\\/03\\\/30\\\/nadis-design-week-diseno-bienestar-en-el-mundo-contract\\\/\"},\"wordCount\":499,\"commentCount\":0,\"publisher\":{\"@id\":\"https:\\\/\\\/cu4arquitectura.com\\\/en\\\/#organization\"},\"image\":{\"@id\":\"https:\\\/\\\/cu4arquitectura.com\\\/en\\\/2024\\\/03\\\/30\\\/nadis-design-week-diseno-bienestar-en-el-mundo-contract\\\/#primaryimage\"},\"thumbnailUrl\":\"https:\\\/\\\/cu4arquitectura.com\\\/wp-content\\\/uploads\\\/2024\\\/05\\\/IMG_5907-e1712387308972.jpg\",\"articleSection\":[\"CU4 Arquitectura\"],\"inLanguage\":\"en-US\",\"potentialAction\":[{\"@type\":\"CommentAction\",\"name\":\"Comment\",\"target\":[\"https:\\\/\\\/cu4arquitectura.com\\\/en\\\/2024\\\/03\\\/30\\\/nadis-design-week-diseno-bienestar-en-el-mundo-contract\\\/#respond\"]}]},{\"@type\":\"WebPage\",\"@id\":\"https:\\\/\\\/cu4arquitectura.com\\\/en\\\/2024\\\/03\\\/30\\\/nadis-design-week-diseno-bienestar-en-el-mundo-contract\\\/\",\"url\":\"https:\\\/\\\/cu4arquitectura.com\\\/en\\\/2024\\\/03\\\/30\\\/nadis-design-week-diseno-bienestar-en-el-mundo-contract\\\/\",\"name\":\"NADIS DESIGN WEEK | Dise\u00f1o y Bienestar en el Mundo Contract - CU4 Arquitectos en Valencia | Estudio de arquitectura\",\"isPartOf\":{\"@id\":\"https:\\\/\\\/cu4arquitectura.com\\\/en\\\/#website\"},\"primaryImageOfPage\":{\"@id\":\"https:\\\/\\\/cu4arquitectura.com\\\/en\\\/2024\\\/03\\\/30\\\/nadis-design-week-diseno-bienestar-en-el-mundo-contract\\\/#primaryimage\"},\"image\":{\"@id\":\"https:\\\/\\\/cu4arquitectura.com\\\/en\\\/2024\\\/03\\\/30\\\/nadis-design-week-diseno-bienestar-en-el-mundo-contract\\\/#primaryimage\"},\"thumbnailUrl\":\"https:\\\/\\\/cu4arquitectura.com\\\/wp-content\\\/uploads\\\/2024\\\/05\\\/IMG_5907-e1712387308972.jpg\",\"datePublished\":\"2024-03-30T10:17:52+00:00\",\"dateModified\":\"2026-08-03T07:54:06+00:00\",\"description\":\"Durante la NADIS DESIGN WEEK. Moderamos una mesa redonda fascinante sobre el Dise\u00f1o & Bienestar: El Futuro de los Espacios Contract\",\"breadcrumb\":{\"@id\":\"https:\\\/\\\/cu4arquitectura.com\\\/en\\\/2024\\\/03\\\/30\\\/nadis-design-week-diseno-bienestar-en-el-mundo-contract\\\/#breadcrumb\"},\"inLanguage\":\"en-US\",\"potentialAction\":[{\"@type\":\"ReadAction\",\"target\":[\"https:\\\/\\\/cu4arquitectura.com\\\/en\\\/2024\\\/03\\\/30\\\/nadis-design-week-diseno-bienestar-en-el-mundo-contract\\\/\"]}]},{\"@type\":\"ImageObject\",\"inLanguage\":\"en-US\",\"@id\":\"https:\\\/\\\/cu4arquitectura.com\\\/en\\\/2024\\\/03\\\/30\\\/nadis-design-week-diseno-bienestar-en-el-mundo-contract\\\/#primaryimage\",\"url\":\"https:\\\/\\\/cu4arquitectura.com\\\/wp-content\\\/uploads\\\/2024\\\/05\\\/IMG_5907-e1712387308972.jpg\",\"contentUrl\":\"https:\\\/\\\/cu4arquitectura.com\\\/wp-content\\\/uploads\\\/2024\\\/05\\\/IMG_5907-e1712387308972.jpg\",\"width\":1241,\"height\":828},{\"@type\":\"BreadcrumbList\",\"@id\":\"https:\\\/\\\/cu4arquitectura.com\\\/en\\\/2024\\\/03\\\/30\\\/nadis-design-week-diseno-bienestar-en-el-mundo-contract\\\/#breadcrumb\",\"itemListElement\":[{\"@type\":\"ListItem\",\"position\":1,\"name\":\"Portada\",\"item\":\"https:\\\/\\\/cu4arquitectura.com\\\/en\\\/\"},{\"@type\":\"ListItem\",\"position\":2,\"name\":\"NADIS DESIGN WEEK | Dise\u00f1o y Bienestar en el Mundo Contract\"}]},{\"@type\":\"WebSite\",\"@id\":\"https:\\\/\\\/cu4arquitectura.com\\\/en\\\/#website\",\"url\":\"https:\\\/\\\/cu4arquitectura.com\\\/en\\\/\",\"name\":\"CU4 Arquitectos en Valencia | Estudio de arquitectura\",\"description\":\"Arquitectos en Valencia | Especializados en espacios a medida para empresas y particulares, dise\u00f1ados para tu bienestar\",\"publisher\":{\"@id\":\"https:\\\/\\\/cu4arquitectura.com\\\/en\\\/#organization\"},\"potentialAction\":[{\"@type\":\"SearchAction\",\"target\":{\"@type\":\"EntryPoint\",\"urlTemplate\":\"https:\\\/\\\/cu4arquitectura.com\\\/en\\\/?s={search_term_string}\"},\"query-input\":{\"@type\":\"PropertyValueSpecification\",\"valueRequired\":true,\"valueName\":\"search_term_string\"}}],\"inLanguage\":\"en-US\"},{\"@type\":\"Organization\",\"@id\":\"https:\\\/\\\/cu4arquitectura.com\\\/en\\\/#organization\",\"name\":\"CU4 Arquitectos en Valencia | Estudio de arquitectura\",\"url\":\"https:\\\/\\\/cu4arquitectura.com\\\/en\\\/\",\"logo\":{\"@type\":\"ImageObject\",\"inLanguage\":\"en-US\",\"@id\":\"https:\\\/\\\/cu4arquitectura.com\\\/en\\\/#\\\/schema\\\/logo\\\/image\\\/\",\"url\":\"https:\\\/\\\/cu4arquitectura.com\\\/wp-content\\\/uploads\\\/2024\\\/01\\\/LOGO_CU4_original.svg\",\"contentUrl\":\"https:\\\/\\\/cu4arquitectura.com\\\/wp-content\\\/uploads\\\/2024\\\/01\\\/LOGO_CU4_original.svg\",\"width\":841,\"height\":595,\"caption\":\"CU4 Arquitectos en Valencia | Estudio de arquitectura\"},\"image\":{\"@id\":\"https:\\\/\\\/cu4arquitectura.com\\\/en\\\/#\\\/schema\\\/logo\\\/image\\\/\"}},{\"@type\":\"Person\",\"@id\":\"https:\\\/\\\/cu4arquitectura.com\\\/en\\\/#\\\/schema\\\/person\\\/cab7e5614eeb0bf71d933154c307cbad\",\"name\":\"cu4_admin\",\"image\":{\"@type\":\"ImageObject\",\"inLanguage\":\"en-US\",\"@id\":\"https:\\\/\\\/secure.gravatar.com\\\/avatar\\\/46fdd98ce0115379d1eed8cb88e5aa19a6581b97ba5db2084f7ed87a818bb40a?s=96&d=mm&r=g\",\"url\":\"https:\\\/\\\/secure.gravatar.com\\\/avatar\\\/46fdd98ce0115379d1eed8cb88e5aa19a6581b97ba5db2084f7ed87a818bb40a?s=96&d=mm&r=g\",\"contentUrl\":\"https:\\\/\\\/secure.gravatar.com\\\/avatar\\\/46fdd98ce0115379d1eed8cb88e5aa19a6581b97ba5db2084f7ed87a818bb40a?s=96&d=mm&r=g\",\"caption\":\"cu4_admin\"},\"sameAs\":[\"https:\\\/\\\/cu4arquitectura.com\"],\"url\":\"https:\\\/\\\/cu4arquitectura.com\\\/en\\\/author\\\/cu4_admin\\\/\"}]}<\/script>\n<!-- \/ Yoast SEO plugin. -->","yoast_head_json":{"title":"NADIS DESIGN WEEK | Dise\u00f1o y Bienestar en el Mundo Contract - CU4 Arquitectos en Valencia | Estudio de arquitectura","description":"Durante la NADIS DESIGN WEEK. Moderamos una mesa redonda fascinante sobre el Dise\u00f1o & Bienestar: El Futuro de los Espacios Contract","robots":{"index":"index","follow":"follow","max-snippet":"max-snippet:-1","max-image-preview":"max-image-preview:large","max-video-preview":"max-video-preview:-1"},"canonical":"https:\/\/cu4arquitectura.com\/en\/2024\/03\/30\/nadis-design-week-diseno-bienestar-en-el-mundo-contract\/","og_locale":"en_US","og_type":"article","og_title":"NADIS DESIGN WEEK | Dise\u00f1o y Bienestar en el Mundo Contract - CU4 Arquitectos en Valencia | Estudio de arquitectura","og_description":"Durante la NADIS DESIGN WEEK. Moderamos una mesa redonda fascinante sobre el Dise\u00f1o & Bienestar: El Futuro de los Espacios Contract","og_url":"https:\/\/cu4arquitectura.com\/en\/2024\/03\/30\/nadis-design-week-diseno-bienestar-en-el-mundo-contract\/","og_site_name":"CU4 Arquitectos en Valencia | Estudio de arquitectura","article_published_time":"2024-03-30T10:17:52+00:00","article_modified_time":"2026-08-03T07:54:06+00:00","og_image":[{"width":1241,"height":828,"url":"https:\/\/cu4arquitectura.com\/wp-content\/uploads\/2024\/05\/IMG_5907-e1712387308972.jpg","type":"image\/jpeg"}],"author":"cu4_admin","twitter_card":"summary_large_image","twitter_misc":{"Written by":"cu4_admin","Est. reading time":"3 minutes"},"schema":{"@context":"https:\/\/schema.org","@graph":[{"@type":"Article","@id":"https:\/\/cu4arquitectura.com\/en\/2024\/03\/30\/nadis-design-week-diseno-bienestar-en-el-mundo-contract\/#article","isPartOf":{"@id":"https:\/\/cu4arquitectura.com\/en\/2024\/03\/30\/nadis-design-week-diseno-bienestar-en-el-mundo-contract\/"},"author":{"name":"cu4_admin","@id":"https:\/\/cu4arquitectura.com\/en\/#\/schema\/person\/cab7e5614eeb0bf71d933154c307cbad"},"headline":"NADIS DESIGN WEEK | Dise\u00f1o y Bienestar en el Mundo Contract","datePublished":"2024-03-30T10:17:52+00:00","dateModified":"2026-08-03T07:54:06+00:00","mainEntityOfPage":{"@id":"https:\/\/cu4arquitectura.com\/en\/2024\/03\/30\/nadis-design-week-diseno-bienestar-en-el-mundo-contract\/"},"wordCount":499,"commentCount":0,"publisher":{"@id":"https:\/\/cu4arquitectura.com\/en\/#organization"},"image":{"@id":"https:\/\/cu4arquitectura.com\/en\/2024\/03\/30\/nadis-design-week-diseno-bienestar-en-el-mundo-contract\/#primaryimage"},"thumbnailUrl":"https:\/\/cu4arquitectura.com\/wp-content\/uploads\/2024\/05\/IMG_5907-e1712387308972.jpg","articleSection":["CU4 Arquitectura"],"inLanguage":"en-US","potentialAction":[{"@type":"CommentAction","name":"Comment","target":["https:\/\/cu4arquitectura.com\/en\/2024\/03\/30\/nadis-design-week-diseno-bienestar-en-el-mundo-contract\/#respond"]}]},{"@type":"WebPage","@id":"https:\/\/cu4arquitectura.com\/en\/2024\/03\/30\/nadis-design-week-diseno-bienestar-en-el-mundo-contract\/","url":"https:\/\/cu4arquitectura.com\/en\/2024\/03\/30\/nadis-design-week-diseno-bienestar-en-el-mundo-contract\/","name":"NADIS DESIGN WEEK | Dise\u00f1o y Bienestar en el Mundo Contract - CU4 Arquitectos en Valencia | Estudio de arquitectura","isPartOf":{"@id":"https:\/\/cu4arquitectura.com\/en\/#website"},"primaryImageOfPage":{"@id":"https:\/\/cu4arquitectura.com\/en\/2024\/03\/30\/nadis-design-week-diseno-bienestar-en-el-mundo-contract\/#primaryimage"},"image":{"@id":"https:\/\/cu4arquitectura.com\/en\/2024\/03\/30\/nadis-design-week-diseno-bienestar-en-el-mundo-contract\/#primaryimage"},"thumbnailUrl":"https:\/\/cu4arquitectura.com\/wp-content\/uploads\/2024\/05\/IMG_5907-e1712387308972.jpg","datePublished":"2024-03-30T10:17:52+00:00","dateModified":"2026-08-03T07:54:06+00:00","description":"Durante la NADIS DESIGN WEEK. Moderamos una mesa redonda fascinante sobre el Dise\u00f1o & Bienestar: El Futuro de los Espacios Contract","breadcrumb":{"@id":"https:\/\/cu4arquitectura.com\/en\/2024\/03\/30\/nadis-design-week-diseno-bienestar-en-el-mundo-contract\/#breadcrumb"},"inLanguage":"en-US","potentialAction":[{"@type":"ReadAction","target":["https:\/\/cu4arquitectura.com\/en\/2024\/03\/30\/nadis-design-week-diseno-bienestar-en-el-mundo-contract\/"]}]},{"@type":"ImageObject","inLanguage":"en-US","@id":"https:\/\/cu4arquitectura.com\/en\/2024\/03\/30\/nadis-design-week-diseno-bienestar-en-el-mundo-contract\/#primaryimage","url":"https:\/\/cu4arquitectura.com\/wp-content\/uploads\/2024\/05\/IMG_5907-e1712387308972.jpg","contentUrl":"https:\/\/cu4arquitectura.com\/wp-content\/uploads\/2024\/05\/IMG_5907-e1712387308972.jpg","width":1241,"height":828},{"@type":"BreadcrumbList","@id":"https:\/\/cu4arquitectura.com\/en\/2024\/03\/30\/nadis-design-week-diseno-bienestar-en-el-mundo-contract\/#breadcrumb","itemListElement":[{"@type":"ListItem","position":1,"name":"Portada","item":"https:\/\/cu4arquitectura.com\/en\/"},{"@type":"ListItem","position":2,"name":"NADIS DESIGN WEEK | Dise\u00f1o y Bienestar en el Mundo Contract"}]},{"@type":"WebSite","@id":"https:\/\/cu4arquitectura.com\/en\/#website","url":"https:\/\/cu4arquitectura.com\/en\/","name":"CU4 Arquitectos en Valencia | Estudio de arquitectura","description":"Arquitectos en Valencia | Especializados en espacios a medida para empresas y particulares, dise\u00f1ados para tu bienestar","publisher":{"@id":"https:\/\/cu4arquitectura.com\/en\/#organization"},"potentialAction":[{"@type":"SearchAction","target":{"@type":"EntryPoint","urlTemplate":"https:\/\/cu4arquitectura.com\/en\/?s={search_term_string}"},"query-input":{"@type":"PropertyValueSpecification","valueRequired":true,"valueName":"search_term_string"}}],"inLanguage":"en-US"},{"@type":"Organization","@id":"https:\/\/cu4arquitectura.com\/en\/#organization","name":"CU4 Arquitectos en Valencia | Estudio de arquitectura","url":"https:\/\/cu4arquitectura.com\/en\/","logo":{"@type":"ImageObject","inLanguage":"en-US","@id":"https:\/\/cu4arquitectura.com\/en\/#\/schema\/logo\/image\/","url":"https:\/\/cu4arquitectura.com\/wp-content\/uploads\/2024\/01\/LOGO_CU4_original.svg","contentUrl":"https:\/\/cu4arquitectura.com\/wp-content\/uploads\/2024\/01\/LOGO_CU4_original.svg","width":841,"height":595,"caption":"CU4 Arquitectos en Valencia | Estudio de arquitectura"},"image":{"@id":"https:\/\/cu4arquitectura.com\/en\/#\/schema\/logo\/image\/"}},{"@type":"Person","@id":"https:\/\/cu4arquitectura.com\/en\/#\/schema\/person\/cab7e5614eeb0bf71d933154c307cbad","name":"cu4_admin","image":{"@type":"ImageObject","inLanguage":"en-US","@id":"https:\/\/secure.gravatar.com\/avatar\/46fdd98ce0115379d1eed8cb88e5aa19a6581b97ba5db2084f7ed87a818bb40a?s=96&d=mm&r=g","url":"https:\/\/secure.gravatar.com\/avatar\/46fdd98ce0115379d1eed8cb88e5aa19a6581b97ba5db2084f7ed87a818bb40a?s=96&d=mm&r=g","contentUrl":"https:\/\/secure.gravatar.com\/avatar\/46fdd98ce0115379d1eed8cb88e5aa19a6581b97ba5db2084f7ed87a818bb40a?s=96&d=mm&r=g","caption":"cu4_admin"},"sameAs":["https:\/\/cu4arquitectura.com"],"url":"https:\/\/cu4arquitectura.com\/en\/author\/cu4_admin\/"}]}},"_links":{"self":[{"href":"https:\/\/cu4arquitectura.com\/en\/wp-json\/wp\/v2\/posts\/5320","targetHints":{"allow":["GET"]}}],"collection":[{"href":"https:\/\/cu4arquitectura.com\/en\/wp-json\/wp\/v2\/posts"}],"about":[{"href":"https:\/\/cu4arquitectura.com\/en\/wp-json\/wp\/v2\/types\/post"}],"author":[{"embeddable":true,"href":"https:\/\/cu4arquitectura.com\/en\/wp-json\/wp\/v2\/users\/1"}],"replies":[{"embeddable":true,"href":"https:\/\/cu4arquitectura.com\/en\/wp-json\/wp\/v2\/comments?post=5320"}],"version-history":[{"count":7,"href":"https:\/\/cu4arquitectura.com\/en\/wp-json\/wp\/v2\/posts\/5320\/revisions"}],"predecessor-version":[{"id":9500,"href":"https:\/\/cu4arquitectura.com\/en\/wp-json\/wp\/v2\/posts\/5320\/revisions\/9500"}],"wp:featuredmedia":[{"embeddable":true,"href":"https:\/\/cu4arquitectura.com\/en\/wp-json\/wp\/v2\/media\/5382"}],"wp:attachment":[{"href":"https:\/\/cu4arquitectura.com\/en\/wp-json\/wp\/v2\/media?parent=5320"}],"wp:term":[{"taxonomy":"category","embeddable":true,"href":"https:\/\/cu4arquitectura.com\/en\/wp-json\/wp\/v2\/categories?post=5320"},{"taxonomy":"post_tag","embeddable":true,"href":"https:\/\/cu4arquitectura.com\/en\/wp-json\/wp\/v2\/tags?post=5320"}],"curies":[{"name":"wp","href":"https:\/\/api.w.org\/{rel}","templated":true}]}}