{"id":5319,"date":"2024-04-27T10:50:25","date_gmt":"2024-04-27T08:50:25","guid":{"rendered":"https:\/\/cu4arquitectura.com\/2024\/04\/27\/explorando-neuroarquitectura-podcast-especializado\/"},"modified":"2024-08-30T12:25:44","modified_gmt":"2024-08-30T12:25:44","slug":"explorando-neuroarquitectura-podcast-especializado","status":"publish","type":"post","link":"https:\/\/cu4arquitectura.com\/en\/2024\/04\/27\/explorando-neuroarquitectura-podcast-especializado\/","title":{"rendered":"Descubriendo la Neuroarquitectura: Nuestro fascinante viaje en este Podcast"},"content":{"rendered":"<p>\u00a1Compartimos las claves de la neuroarquitectura en este podcast!<\/p>\n<p>La neuroarquitectura es una disciplina apasionante que fusiona la arquitectura con el estudio cient\u00edfico del cerebro humano y su respuesta a los entornos construidos. En CU4 Arquitectura, tenemos un gran inter\u00e9s\u00a0 con los principios de la neuroarquitectura, que buscan no solo dise\u00f1ar espacios funcionales y est\u00e9ticos, sino tambi\u00e9n mejorar el bienestar y la calidad de vida de las personas que los habitan.<\/p>\n<p>Recientemente, y dentro del marco del Primer Congreso Nacional de Neuroarquitecura, celebrado en la Universitat Polit\u00e8cnica de Val\u00e8ncia y organizado por el Laboratorio de Neuroarquitectura de la UPV, nos hemos sumergido en el fascinante mundo de la neuroarquitectura a trav\u00e9s de una <a href=\"https:\/\/www.actiu.com\/es\/blog\/inspiracion\/podcast-neuroarquitectura\/\">serie de podcasts desarrollada por Actiu<\/a>, firma l\u00edder en dise\u00f1o de mobiliario. Estos podcasts exploran las intersecciones entre la biolog\u00eda, el dise\u00f1o, la iluminaci\u00f3n, el confort y otros aspectos fundamentales para crear entornos humanizados y saludables.<\/p>\n<p><img loading=\"lazy\" decoding=\"async\" class=\"aligncenter size-full wp-image-4112\" src=\"https:\/\/cu4arquitectura.com\/wp-content\/uploads\/2024\/05\/neuroarquitectura-podcast-cabina-scaled.jpg\" alt=\"podcast neuroarquitectura cabina qyos actiu\" width=\"2560\" height=\"1707\" \/><\/p>\n<p>En el marco de esta serie de podcasts, tuvimos el honor de participar en el quinto episodio, junto a Giovanna Jagger, directora de Desarrollo de Mercados Globales ESG en el International WELL Building Institute (IWBI). Juntos discutimos c\u00f3mo el est\u00e1ndar WELL est\u00e1 redefiniendo el concepto de bienestar en los edificios, integrando par\u00e1metros clave como la iluminaci\u00f3n, temperatura, confort ac\u00fastico, entre otros, con un enfoque renovado en la inclusi\u00f3n y la equidad.<\/p>\n<p>Para nosotros en CU4 Arquitectura, el bienestar y la inclusi\u00f3n son pilares inseparables en la creaci\u00f3n de espacios arquitect\u00f3nicos significativos y eficientes. Creemos que eliminar barreras, tanto arquitect\u00f3nicas como sociales, es esencial para atender las necesidades de todas las personas y construir entornos que promuevan la igualdad y la comodidad para todos.<\/p>\n<p>Al colaborar en este podcast sobre neuroarquitectura, queremos compartir nuestro conocimiento y pasi\u00f3n por dise\u00f1ar espacios que no solo sean visualmente atractivos, sino tambi\u00e9n beneficiosos para la salud f\u00edsica, mental y emocional. Esperamos que esta serie de podcasts inspire a otros arquitectos, dise\u00f1adores y profesionales del sector a adoptar enfoques innovadores que prioricen el bienestar humano en sus proyectos.<\/p>\n<p><img loading=\"lazy\" decoding=\"async\" class=\"aligncenter size-full wp-image-4111\" src=\"https:\/\/cu4arquitectura.com\/wp-content\/uploads\/2024\/05\/podcast-neuroarquitectura-equidad.jpg\" alt=\"podcast neuroarquitectura equidad\" width=\"1920\" height=\"1080\" \/><\/p>\n<p>No te pierdas<a href=\"https:\/\/open.spotify.com\/episode\/4ATB0LY2CUO7xQlNWoXxfn\"> nuestra conversaci\u00f3n en el episodio cinco<\/a> de esta emocionante serie de podcasts sobre neuroarquitectura, donde exploramos c\u00f3mo la arquitectura puede influir positivamente en la vida diaria y en la sociedad en general. \u00a1\u00danete a nosotros en este viaje hacia un futuro arquitect\u00f3nico m\u00e1s consciente y humano!<\/p>\n<p>Si quieres conocer un poco mejor de qu\u00e9 hablamos desde CU4 en el 1 Congreso Nacional de Neuroarquitectura, no te pierdas este <a href=\"https:\/\/www.cu4arquitectura.com\/i-congreso-nacional-de-neuroarquitectura\">POST<\/a>!<\/p>\n<p>Y si quieres que te ayudemos en algo en concreto, no dudes en <a href=\"https:\/\/www.cu4arquitectura.com\/contacto\">contactar con nosotros<\/a>. \u00a1Estaremos encantados de ayudarte!<\/p>\n<p>&nbsp;<\/p>\n","protected":false},"excerpt":{"rendered":"<p>\u00a1Compartimos las claves de la neuroarquitectura en este podcast! La neuroarquitectura es una disciplina apasionante que fusiona la arquitectura con el estudio cient\u00edfico del cerebro humano y su respuesta a los entornos construidos. En CU4 Arquitectura, tenemos un gran inter\u00e9s\u00a0 con los principios de la neuroarquitectura, que buscan no solo dise\u00f1ar espacios funcionales y est\u00e9ticos, [&hellip;]<\/p>\n","protected":false},"author":1,"featured_media":5379,"comment_status":"open","ping_status":"open","sticky":false,"template":"","format":"standard","meta":{"_acf_changed":false,"footnotes":""},"categories":[6],"tags":[],"class_list":["post-5319","post","type-post","status-publish","format-standard","has-post-thumbnail","hentry","category-cu4"],"acf":[],"yoast_head":"<!-- This site is optimized with the Yoast SEO plugin v27.7 - https:\/\/yoast.com\/product\/yoast-seo-wordpress\/ -->\n<title>Podcast Neuroarquitectura: Dise\u00f1o que Impacta en la Mente<\/title>\n<meta name=\"description\" content=\"Sum\u00e9rgete en la neuroarquitectura a trav\u00e9s de este podcast especializado. Descubre c\u00f3mo el dise\u00f1o influye en tu bienestar y creatividad.\" \/>\n<meta name=\"robots\" content=\"index, follow, max-snippet:-1, max-image-preview:large, max-video-preview:-1\" \/>\n<link rel=\"canonical\" href=\"https:\/\/cu4arquitectura.com\/en\/2024\/04\/27\/explorando-neuroarquitectura-podcast-especializado\/\" \/>\n<meta property=\"og:locale\" content=\"en_US\" \/>\n<meta property=\"og:type\" content=\"article\" \/>\n<meta property=\"og:title\" content=\"Podcast Neuroarquitectura: Dise\u00f1o que Impacta en la Mente\" \/>\n<meta property=\"og:description\" content=\"Sum\u00e9rgete en la neuroarquitectura a trav\u00e9s de este podcast especializado. Descubre c\u00f3mo el dise\u00f1o influye en tu bienestar y creatividad.\" \/>\n<meta property=\"og:url\" content=\"https:\/\/cu4arquitectura.com\/en\/2024\/04\/27\/explorando-neuroarquitectura-podcast-especializado\/\" \/>\n<meta property=\"og:site_name\" content=\"CU4 Arquitectos en Valencia | Estudio de arquitectura\" \/>\n<meta property=\"article:published_time\" content=\"2024-04-27T08:50:25+00:00\" \/>\n<meta property=\"article:modified_time\" content=\"2024-08-30T12:25:44+00:00\" \/>\n<meta property=\"og:image\" content=\"https:\/\/cu4arquitectura.com\/wp-content\/uploads\/2024\/05\/neuroarquitectura-podcast-cabina-scaled.jpg\" \/>\n\t<meta property=\"og:image:width\" content=\"2560\" \/>\n\t<meta property=\"og:image:height\" content=\"1707\" \/>\n\t<meta property=\"og:image:type\" content=\"image\/jpeg\" \/>\n<meta name=\"author\" content=\"cu4_admin\" \/>\n<meta name=\"twitter:card\" content=\"summary_large_image\" \/>\n<meta name=\"twitter:label1\" content=\"Written by\" \/>\n\t<meta name=\"twitter:data1\" content=\"cu4_admin\" \/>\n\t<meta name=\"twitter:label2\" content=\"Est. reading time\" \/>\n\t<meta name=\"twitter:data2\" content=\"3 minutes\" \/>\n<script type=\"application\/ld+json\" class=\"yoast-schema-graph\">{\"@context\":\"https:\\\/\\\/schema.org\",\"@graph\":[{\"@type\":\"Article\",\"@id\":\"https:\\\/\\\/cu4arquitectura.com\\\/en\\\/2024\\\/04\\\/27\\\/explorando-neuroarquitectura-podcast-especializado\\\/#article\",\"isPartOf\":{\"@id\":\"https:\\\/\\\/cu4arquitectura.com\\\/en\\\/2024\\\/04\\\/27\\\/explorando-neuroarquitectura-podcast-especializado\\\/\"},\"author\":{\"name\":\"cu4_admin\",\"@id\":\"https:\\\/\\\/cu4arquitectura.com\\\/en\\\/#\\\/schema\\\/person\\\/cab7e5614eeb0bf71d933154c307cbad\"},\"headline\":\"Descubriendo la Neuroarquitectura: Nuestro fascinante viaje en este Podcast\",\"datePublished\":\"2024-04-27T08:50:25+00:00\",\"dateModified\":\"2024-08-30T12:25:44+00:00\",\"mainEntityOfPage\":{\"@id\":\"https:\\\/\\\/cu4arquitectura.com\\\/en\\\/2024\\\/04\\\/27\\\/explorando-neuroarquitectura-podcast-especializado\\\/\"},\"wordCount\":464,\"commentCount\":0,\"publisher\":{\"@id\":\"https:\\\/\\\/cu4arquitectura.com\\\/en\\\/#organization\"},\"image\":{\"@id\":\"https:\\\/\\\/cu4arquitectura.com\\\/en\\\/2024\\\/04\\\/27\\\/explorando-neuroarquitectura-podcast-especializado\\\/#primaryimage\"},\"thumbnailUrl\":\"https:\\\/\\\/cu4arquitectura.com\\\/wp-content\\\/uploads\\\/2024\\\/05\\\/neuroarquitectura-podcast-cabina-scaled.jpg\",\"articleSection\":[\"CU4 Arquitectura\"],\"inLanguage\":\"en-US\",\"potentialAction\":[{\"@type\":\"CommentAction\",\"name\":\"Comment\",\"target\":[\"https:\\\/\\\/cu4arquitectura.com\\\/en\\\/2024\\\/04\\\/27\\\/explorando-neuroarquitectura-podcast-especializado\\\/#respond\"]}]},{\"@type\":\"WebPage\",\"@id\":\"https:\\\/\\\/cu4arquitectura.com\\\/en\\\/2024\\\/04\\\/27\\\/explorando-neuroarquitectura-podcast-especializado\\\/\",\"url\":\"https:\\\/\\\/cu4arquitectura.com\\\/en\\\/2024\\\/04\\\/27\\\/explorando-neuroarquitectura-podcast-especializado\\\/\",\"name\":\"Podcast Neuroarquitectura: Dise\u00f1o que Impacta en la Mente\",\"isPartOf\":{\"@id\":\"https:\\\/\\\/cu4arquitectura.com\\\/en\\\/#website\"},\"primaryImageOfPage\":{\"@id\":\"https:\\\/\\\/cu4arquitectura.com\\\/en\\\/2024\\\/04\\\/27\\\/explorando-neuroarquitectura-podcast-especializado\\\/#primaryimage\"},\"image\":{\"@id\":\"https:\\\/\\\/cu4arquitectura.com\\\/en\\\/2024\\\/04\\\/27\\\/explorando-neuroarquitectura-podcast-especializado\\\/#primaryimage\"},\"thumbnailUrl\":\"https:\\\/\\\/cu4arquitectura.com\\\/wp-content\\\/uploads\\\/2024\\\/05\\\/neuroarquitectura-podcast-cabina-scaled.jpg\",\"datePublished\":\"2024-04-27T08:50:25+00:00\",\"dateModified\":\"2024-08-30T12:25:44+00:00\",\"description\":\"Sum\u00e9rgete en la neuroarquitectura a trav\u00e9s de este podcast especializado. Descubre c\u00f3mo el dise\u00f1o influye en tu bienestar y creatividad.\",\"breadcrumb\":{\"@id\":\"https:\\\/\\\/cu4arquitectura.com\\\/en\\\/2024\\\/04\\\/27\\\/explorando-neuroarquitectura-podcast-especializado\\\/#breadcrumb\"},\"inLanguage\":\"en-US\",\"potentialAction\":[{\"@type\":\"ReadAction\",\"target\":[\"https:\\\/\\\/cu4arquitectura.com\\\/en\\\/2024\\\/04\\\/27\\\/explorando-neuroarquitectura-podcast-especializado\\\/\"]}]},{\"@type\":\"ImageObject\",\"inLanguage\":\"en-US\",\"@id\":\"https:\\\/\\\/cu4arquitectura.com\\\/en\\\/2024\\\/04\\\/27\\\/explorando-neuroarquitectura-podcast-especializado\\\/#primaryimage\",\"url\":\"https:\\\/\\\/cu4arquitectura.com\\\/wp-content\\\/uploads\\\/2024\\\/05\\\/neuroarquitectura-podcast-cabina-scaled.jpg\",\"contentUrl\":\"https:\\\/\\\/cu4arquitectura.com\\\/wp-content\\\/uploads\\\/2024\\\/05\\\/neuroarquitectura-podcast-cabina-scaled.jpg\",\"width\":2560,\"height\":1707},{\"@type\":\"BreadcrumbList\",\"@id\":\"https:\\\/\\\/cu4arquitectura.com\\\/en\\\/2024\\\/04\\\/27\\\/explorando-neuroarquitectura-podcast-especializado\\\/#breadcrumb\",\"itemListElement\":[{\"@type\":\"ListItem\",\"position\":1,\"name\":\"Portada\",\"item\":\"https:\\\/\\\/cu4arquitectura.com\\\/en\\\/\"},{\"@type\":\"ListItem\",\"position\":2,\"name\":\"Descubriendo la Neuroarquitectura: Nuestro fascinante viaje en este Podcast\"}]},{\"@type\":\"WebSite\",\"@id\":\"https:\\\/\\\/cu4arquitectura.com\\\/en\\\/#website\",\"url\":\"https:\\\/\\\/cu4arquitectura.com\\\/en\\\/\",\"name\":\"CU4 Arquitectos en Valencia | Estudio de arquitectura\",\"description\":\"Arquitectos en Valencia | Especializados en espacios a medida para empresas y particulares, dise\u00f1ados para tu bienestar\",\"publisher\":{\"@id\":\"https:\\\/\\\/cu4arquitectura.com\\\/en\\\/#organization\"},\"potentialAction\":[{\"@type\":\"SearchAction\",\"target\":{\"@type\":\"EntryPoint\",\"urlTemplate\":\"https:\\\/\\\/cu4arquitectura.com\\\/en\\\/?s={search_term_string}\"},\"query-input\":{\"@type\":\"PropertyValueSpecification\",\"valueRequired\":true,\"valueName\":\"search_term_string\"}}],\"inLanguage\":\"en-US\"},{\"@type\":\"Organization\",\"@id\":\"https:\\\/\\\/cu4arquitectura.com\\\/en\\\/#organization\",\"name\":\"CU4 Arquitectos en Valencia | Estudio de arquitectura\",\"url\":\"https:\\\/\\\/cu4arquitectura.com\\\/en\\\/\",\"logo\":{\"@type\":\"ImageObject\",\"inLanguage\":\"en-US\",\"@id\":\"https:\\\/\\\/cu4arquitectura.com\\\/en\\\/#\\\/schema\\\/logo\\\/image\\\/\",\"url\":\"https:\\\/\\\/cu4arquitectura.com\\\/wp-content\\\/uploads\\\/2024\\\/01\\\/LOGO_CU4_original.svg\",\"contentUrl\":\"https:\\\/\\\/cu4arquitectura.com\\\/wp-content\\\/uploads\\\/2024\\\/01\\\/LOGO_CU4_original.svg\",\"width\":841,\"height\":595,\"caption\":\"CU4 Arquitectos en Valencia | Estudio de arquitectura\"},\"image\":{\"@id\":\"https:\\\/\\\/cu4arquitectura.com\\\/en\\\/#\\\/schema\\\/logo\\\/image\\\/\"}},{\"@type\":\"Person\",\"@id\":\"https:\\\/\\\/cu4arquitectura.com\\\/en\\\/#\\\/schema\\\/person\\\/cab7e5614eeb0bf71d933154c307cbad\",\"name\":\"cu4_admin\",\"image\":{\"@type\":\"ImageObject\",\"inLanguage\":\"en-US\",\"@id\":\"https:\\\/\\\/secure.gravatar.com\\\/avatar\\\/46fdd98ce0115379d1eed8cb88e5aa19a6581b97ba5db2084f7ed87a818bb40a?s=96&d=mm&r=g\",\"url\":\"https:\\\/\\\/secure.gravatar.com\\\/avatar\\\/46fdd98ce0115379d1eed8cb88e5aa19a6581b97ba5db2084f7ed87a818bb40a?s=96&d=mm&r=g\",\"contentUrl\":\"https:\\\/\\\/secure.gravatar.com\\\/avatar\\\/46fdd98ce0115379d1eed8cb88e5aa19a6581b97ba5db2084f7ed87a818bb40a?s=96&d=mm&r=g\",\"caption\":\"cu4_admin\"},\"sameAs\":[\"https:\\\/\\\/cu4arquitectura.com\"],\"url\":\"https:\\\/\\\/cu4arquitectura.com\\\/en\\\/author\\\/cu4_admin\\\/\"}]}<\/script>\n<!-- \/ Yoast SEO plugin. -->","yoast_head_json":{"title":"Podcast Neuroarquitectura: Dise\u00f1o que Impacta en la Mente","description":"Sum\u00e9rgete en la neuroarquitectura a trav\u00e9s de este podcast especializado. Descubre c\u00f3mo el dise\u00f1o influye en tu bienestar y creatividad.","robots":{"index":"index","follow":"follow","max-snippet":"max-snippet:-1","max-image-preview":"max-image-preview:large","max-video-preview":"max-video-preview:-1"},"canonical":"https:\/\/cu4arquitectura.com\/en\/2024\/04\/27\/explorando-neuroarquitectura-podcast-especializado\/","og_locale":"en_US","og_type":"article","og_title":"Podcast Neuroarquitectura: Dise\u00f1o que Impacta en la Mente","og_description":"Sum\u00e9rgete en la neuroarquitectura a trav\u00e9s de este podcast especializado. Descubre c\u00f3mo el dise\u00f1o influye en tu bienestar y creatividad.","og_url":"https:\/\/cu4arquitectura.com\/en\/2024\/04\/27\/explorando-neuroarquitectura-podcast-especializado\/","og_site_name":"CU4 Arquitectos en Valencia | Estudio de arquitectura","article_published_time":"2024-04-27T08:50:25+00:00","article_modified_time":"2024-08-30T12:25:44+00:00","og_image":[{"width":2560,"height":1707,"url":"https:\/\/cu4arquitectura.com\/wp-content\/uploads\/2024\/05\/neuroarquitectura-podcast-cabina-scaled.jpg","type":"image\/jpeg"}],"author":"cu4_admin","twitter_card":"summary_large_image","twitter_misc":{"Written by":"cu4_admin","Est. reading time":"3 minutes"},"schema":{"@context":"https:\/\/schema.org","@graph":[{"@type":"Article","@id":"https:\/\/cu4arquitectura.com\/en\/2024\/04\/27\/explorando-neuroarquitectura-podcast-especializado\/#article","isPartOf":{"@id":"https:\/\/cu4arquitectura.com\/en\/2024\/04\/27\/explorando-neuroarquitectura-podcast-especializado\/"},"author":{"name":"cu4_admin","@id":"https:\/\/cu4arquitectura.com\/en\/#\/schema\/person\/cab7e5614eeb0bf71d933154c307cbad"},"headline":"Descubriendo la Neuroarquitectura: Nuestro fascinante viaje en este Podcast","datePublished":"2024-04-27T08:50:25+00:00","dateModified":"2024-08-30T12:25:44+00:00","mainEntityOfPage":{"@id":"https:\/\/cu4arquitectura.com\/en\/2024\/04\/27\/explorando-neuroarquitectura-podcast-especializado\/"},"wordCount":464,"commentCount":0,"publisher":{"@id":"https:\/\/cu4arquitectura.com\/en\/#organization"},"image":{"@id":"https:\/\/cu4arquitectura.com\/en\/2024\/04\/27\/explorando-neuroarquitectura-podcast-especializado\/#primaryimage"},"thumbnailUrl":"https:\/\/cu4arquitectura.com\/wp-content\/uploads\/2024\/05\/neuroarquitectura-podcast-cabina-scaled.jpg","articleSection":["CU4 Arquitectura"],"inLanguage":"en-US","potentialAction":[{"@type":"CommentAction","name":"Comment","target":["https:\/\/cu4arquitectura.com\/en\/2024\/04\/27\/explorando-neuroarquitectura-podcast-especializado\/#respond"]}]},{"@type":"WebPage","@id":"https:\/\/cu4arquitectura.com\/en\/2024\/04\/27\/explorando-neuroarquitectura-podcast-especializado\/","url":"https:\/\/cu4arquitectura.com\/en\/2024\/04\/27\/explorando-neuroarquitectura-podcast-especializado\/","name":"Podcast Neuroarquitectura: Dise\u00f1o que Impacta en la Mente","isPartOf":{"@id":"https:\/\/cu4arquitectura.com\/en\/#website"},"primaryImageOfPage":{"@id":"https:\/\/cu4arquitectura.com\/en\/2024\/04\/27\/explorando-neuroarquitectura-podcast-especializado\/#primaryimage"},"image":{"@id":"https:\/\/cu4arquitectura.com\/en\/2024\/04\/27\/explorando-neuroarquitectura-podcast-especializado\/#primaryimage"},"thumbnailUrl":"https:\/\/cu4arquitectura.com\/wp-content\/uploads\/2024\/05\/neuroarquitectura-podcast-cabina-scaled.jpg","datePublished":"2024-04-27T08:50:25+00:00","dateModified":"2024-08-30T12:25:44+00:00","description":"Sum\u00e9rgete en la neuroarquitectura a trav\u00e9s de este podcast especializado. Descubre c\u00f3mo el dise\u00f1o influye en tu bienestar y creatividad.","breadcrumb":{"@id":"https:\/\/cu4arquitectura.com\/en\/2024\/04\/27\/explorando-neuroarquitectura-podcast-especializado\/#breadcrumb"},"inLanguage":"en-US","potentialAction":[{"@type":"ReadAction","target":["https:\/\/cu4arquitectura.com\/en\/2024\/04\/27\/explorando-neuroarquitectura-podcast-especializado\/"]}]},{"@type":"ImageObject","inLanguage":"en-US","@id":"https:\/\/cu4arquitectura.com\/en\/2024\/04\/27\/explorando-neuroarquitectura-podcast-especializado\/#primaryimage","url":"https:\/\/cu4arquitectura.com\/wp-content\/uploads\/2024\/05\/neuroarquitectura-podcast-cabina-scaled.jpg","contentUrl":"https:\/\/cu4arquitectura.com\/wp-content\/uploads\/2024\/05\/neuroarquitectura-podcast-cabina-scaled.jpg","width":2560,"height":1707},{"@type":"BreadcrumbList","@id":"https:\/\/cu4arquitectura.com\/en\/2024\/04\/27\/explorando-neuroarquitectura-podcast-especializado\/#breadcrumb","itemListElement":[{"@type":"ListItem","position":1,"name":"Portada","item":"https:\/\/cu4arquitectura.com\/en\/"},{"@type":"ListItem","position":2,"name":"Descubriendo la Neuroarquitectura: Nuestro fascinante viaje en este Podcast"}]},{"@type":"WebSite","@id":"https:\/\/cu4arquitectura.com\/en\/#website","url":"https:\/\/cu4arquitectura.com\/en\/","name":"CU4 Arquitectos en Valencia | Estudio de arquitectura","description":"Arquitectos en Valencia | Especializados en espacios a medida para empresas y particulares, dise\u00f1ados para tu bienestar","publisher":{"@id":"https:\/\/cu4arquitectura.com\/en\/#organization"},"potentialAction":[{"@type":"SearchAction","target":{"@type":"EntryPoint","urlTemplate":"https:\/\/cu4arquitectura.com\/en\/?s={search_term_string}"},"query-input":{"@type":"PropertyValueSpecification","valueRequired":true,"valueName":"search_term_string"}}],"inLanguage":"en-US"},{"@type":"Organization","@id":"https:\/\/cu4arquitectura.com\/en\/#organization","name":"CU4 Arquitectos en Valencia | Estudio de arquitectura","url":"https:\/\/cu4arquitectura.com\/en\/","logo":{"@type":"ImageObject","inLanguage":"en-US","@id":"https:\/\/cu4arquitectura.com\/en\/#\/schema\/logo\/image\/","url":"https:\/\/cu4arquitectura.com\/wp-content\/uploads\/2024\/01\/LOGO_CU4_original.svg","contentUrl":"https:\/\/cu4arquitectura.com\/wp-content\/uploads\/2024\/01\/LOGO_CU4_original.svg","width":841,"height":595,"caption":"CU4 Arquitectos en Valencia | Estudio de arquitectura"},"image":{"@id":"https:\/\/cu4arquitectura.com\/en\/#\/schema\/logo\/image\/"}},{"@type":"Person","@id":"https:\/\/cu4arquitectura.com\/en\/#\/schema\/person\/cab7e5614eeb0bf71d933154c307cbad","name":"cu4_admin","image":{"@type":"ImageObject","inLanguage":"en-US","@id":"https:\/\/secure.gravatar.com\/avatar\/46fdd98ce0115379d1eed8cb88e5aa19a6581b97ba5db2084f7ed87a818bb40a?s=96&d=mm&r=g","url":"https:\/\/secure.gravatar.com\/avatar\/46fdd98ce0115379d1eed8cb88e5aa19a6581b97ba5db2084f7ed87a818bb40a?s=96&d=mm&r=g","contentUrl":"https:\/\/secure.gravatar.com\/avatar\/46fdd98ce0115379d1eed8cb88e5aa19a6581b97ba5db2084f7ed87a818bb40a?s=96&d=mm&r=g","caption":"cu4_admin"},"sameAs":["https:\/\/cu4arquitectura.com"],"url":"https:\/\/cu4arquitectura.com\/en\/author\/cu4_admin\/"}]}},"_links":{"self":[{"href":"https:\/\/cu4arquitectura.com\/en\/wp-json\/wp\/v2\/posts\/5319","targetHints":{"allow":["GET"]}}],"collection":[{"href":"https:\/\/cu4arquitectura.com\/en\/wp-json\/wp\/v2\/posts"}],"about":[{"href":"https:\/\/cu4arquitectura.com\/en\/wp-json\/wp\/v2\/types\/post"}],"author":[{"embeddable":true,"href":"https:\/\/cu4arquitectura.com\/en\/wp-json\/wp\/v2\/users\/1"}],"replies":[{"embeddable":true,"href":"https:\/\/cu4arquitectura.com\/en\/wp-json\/wp\/v2\/comments?post=5319"}],"version-history":[{"count":1,"href":"https:\/\/cu4arquitectura.com\/en\/wp-json\/wp\/v2\/posts\/5319\/revisions"}],"predecessor-version":[{"id":5381,"href":"https:\/\/cu4arquitectura.com\/en\/wp-json\/wp\/v2\/posts\/5319\/revisions\/5381"}],"wp:featuredmedia":[{"embeddable":true,"href":"https:\/\/cu4arquitectura.com\/en\/wp-json\/wp\/v2\/media\/5379"}],"wp:attachment":[{"href":"https:\/\/cu4arquitectura.com\/en\/wp-json\/wp\/v2\/media?parent=5319"}],"wp:term":[{"taxonomy":"category","embeddable":true,"href":"https:\/\/cu4arquitectura.com\/en\/wp-json\/wp\/v2\/categories?post=5319"},{"taxonomy":"post_tag","embeddable":true,"href":"https:\/\/cu4arquitectura.com\/en\/wp-json\/wp\/v2\/tags?post=5319"}],"curies":[{"name":"wp","href":"https:\/\/api.w.org\/{rel}","templated":true}]}}