{"id":4104,"date":"2024-05-05T13:49:04","date_gmt":"2024-05-05T11:49:04","guid":{"rendered":"https:\/\/cu4arquitectura.com\/2024\/05\/05\/guia-completa-para-recertificar-well-en-espana-diferenciate-gracias-al-bienestar\/"},"modified":"2026-08-03T07:59:32","modified_gmt":"2026-08-03T07:59:32","slug":"guia-completa-para-recertificar-well-en-espana-diferenciate-gracias-al-bienestar","status":"publish","type":"post","link":"https:\/\/cu4arquitectura.com\/en\/2024\/05\/05\/guia-completa-para-recertificar-well-en-espana-diferenciate-gracias-al-bienestar\/","title":{"rendered":"Gu\u00eda completa para recertificar WELL en Espa\u00f1a: \u00a1Difer\u00e9nciate gracias al BIENESTAR!"},"content":{"rendered":"\n<p class=\"wp-block-paragraph\">Obtener, mantener y recertificar WELL en Espa\u00f1a, es el gran reto para las empresas que quieren apostar por la salud y el bienestar de sus empleados. Durante varios meses, desde CU4 hemos estado trabajando para recertificar WELL la Sede Corporativa de Actiu en Castalla.<\/p>\n\n\n\n<p class=\"wp-block-paragraph\">La semana pasada marc\u00f3 un hito significativo en la historia de la arquitectura y el bienestar en Espa\u00f1a. Nuestro colegas de ACTIU, anunciaron con orgullo <a href=\"https:\/\/www.actiu.com\/es\/blog\/sostenibilidad\/well-diseno-bienestar-personas\/\">la recertificaci\u00f3n de su edificio insignia con la prestigiosa certificaci\u00f3n WELL Platinum por parte del International WELL Building Institute<\/a>. Este logro no solo representa un aumento notable en la puntuaci\u00f3n, pasando de 82 a 90 puntos, sino que tambi\u00e9n posiciona a este edificio como un referente a nivel mundial en t\u00e9rminos de dise\u00f1o centrado en el bienestar humano.<\/p>\n\n\n\n<figure class=\"wp-block-image\"><img decoding=\"async\" src=\"https:\/\/cu4arquitectura.com\/wp-content\/uploads\/2024\/05\/img-973-5.\" alt=\"\"\/><\/figure>\n\n\n\n<p class=\"wp-block-paragraph\">Como equipo que ha colaborado estrechamente con ACTIU en este proceso de recertificaci\u00f3n, nos sentimos enormemente orgullosos de ser parte de este hito hist\u00f3rico para la arquitectura espa\u00f1ola. Nuestro compromiso con la excelencia y la innovaci\u00f3n nos ha llevado a trabajar incansablemente para asegurar que cada detalle de este edificio refleje los m\u00e1s altos est\u00e1ndares de bienestar y sostenibilidad.<\/p>\n\n\n\n<h3 class=\"wp-block-heading\">Enfoque 360\u00ba y compromiso<\/h3>\n\n\n\n<p class=\"wp-block-paragraph\">El enfoque hol\u00edstico de ACTIU hacia el bienestar de sus empleados y la comunidad es evidente en cada aspecto de su sede corporativa en Castalla, Alicante. Desde la incorporaci\u00f3n de paneles fonoabsorbentes para mejorar la calidad ac\u00fastica hasta la implementaci\u00f3n de mesas elevables que promueven la movilidad y la ergonom\u00eda, cada decisi\u00f3n de dise\u00f1o ha sido cuidadosamente considerada para maximizar el confort y la salud de los ocupantes.<\/p>\n\n\n\n<p class=\"wp-block-paragraph\">Mantener y recertificar un edificio bajo el est\u00e1ndar WELL es un desaf\u00edo continuo que requiere un compromiso constante por varias razones:<\/p>\n\n\n\n<p class=\"wp-block-paragraph\">1. Evoluci\u00f3n de los est\u00e1ndares: Los est\u00e1ndares de bienestar y sostenibilidad est\u00e1n en constante evoluci\u00f3n. Lo que puede haber sido innovador en el momento de la certificaci\u00f3n inicial puede no ser suficiente en unos pocos a\u00f1os. Por lo tanto, es crucial que los propietarios y operadores de edificios est\u00e9n al tanto de las actualizaciones y revisiones en los criterios de certificaci\u00f3n y realicen las adaptaciones necesarias para mantenerse al d\u00eda.<\/p>\n\n\n\n<p class=\"wp-block-paragraph\">2. Cambios en las necesidades y expectativas de los ocupantes: Las necesidades y expectativas de los ocupantes de un edificio tambi\u00e9n pueden cambiar con el tiempo. Lo que funcion\u00f3 bien en el pasado puede no ser adecuado para las nuevas generaciones de trabajadores. Por lo tanto, es importante realizar evaluaciones peri\u00f3dicas de las necesidades de los ocupantes y ajustar los espacios y servicios en consecuencia.<\/p>\n\n\n\n<p class=\"wp-block-paragraph\">3. Mantenimiento de los sistemas y tecnolog\u00edas: Muchos de los criterios de certificaci\u00f3n WELL implican el uso de sistemas y tecnolog\u00edas espec\u00edficas, como sistemas de iluminaci\u00f3n eficientes, sistemas de ventilaci\u00f3n avanzados y tecnolog\u00edas de monitoreo de la calidad del aire. Estos sistemas requieren un mantenimiento regular para garantizar su funcionamiento \u00f3ptimo y su capacidad para cumplir con los est\u00e1ndares de bienestar.<\/p>\n\n\n\n<p class=\"wp-block-paragraph\">4. Cambios en las condiciones del entorno: Factores externos, como cambios en las regulaciones ambientales, fluctuaciones en los precios de la energ\u00eda y eventos clim\u00e1ticos extremos, pueden afectar la capacidad de un edificio para cumplir con los criterios de certificaci\u00f3n WELL. Los propietarios y operadores deben estar preparados para adaptarse a estos cambios y tomar medidas proactivas para mitigar cualquier impacto negativo en el rendimiento del edificio.<\/p>\n\n\n\n<p class=\"wp-block-paragraph\">En resumen, mantener y recertificar un edificio bajo el est\u00e1ndar WELL requiere un compromiso continuo con la excelencia en el dise\u00f1o, la operaci\u00f3n y el mantenimiento del edificio, as\u00ed como una capacidad para adaptarse a los cambios en las necesidades del mercado y las condiciones del entorno. Solo a trav\u00e9s de un enfoque continuo y proactivo hacia el bienestar y la sostenibilidad se puede garantizar que un edificio siga cumpliendo con los m\u00e1s altos est\u00e1ndares de salud y bienestar a lo largo del tiempo.<\/p>\n\n\n\n<figure class=\"wp-block-image\"><img decoding=\"async\" src=\"https:\/\/cu4arquitectura.com\/wp-content\/uploads\/2024\/05\/Actiu-2019-Well-PLatino-06.jpg\" alt=\"recertificar well espa\u00f1a actiu\"\/><\/figure>\n\n\n\n<h3 class=\"wp-block-heading\">Arquitectura WELLaging<\/h3>\n\n\n\n<p class=\"wp-block-paragraph\">Adem\u00e1s, este proceso de recertificar WELL el primer edificio en Espa\u00f1a, nos ha hecho reflexionar acerca del concepto WELLaging en la arquitectura. Qu\u00e9 medidas de dise\u00f1o y de gesti\u00f3n de uso de los edificios promueven un envejecimiento saludable del edificio.&nbsp;<\/p>\n\n\n\n<p class=\"wp-block-paragraph\">El estudio del envejecimiento de los edificios requiere de un enfoque m\u00e1s amplio, no solo centrado en aspectos materiales o constructivos, sino que debe incorporar a las personas y sus actividades en la ecuaci\u00f3n.&nbsp;<\/p>\n\n\n\n<p class=\"wp-block-paragraph\">Para ello trabajamos en analizar cu\u00e1les son las claves del concepto antiaging, tanto desde una perspectiva ambiental como considerando tambi\u00e9n los principios de la sostenibilidad humana en los que se centra el est\u00e1ndar WELL, la primera certificaci\u00f3n a nivel mundial para inmuebles centrada en la salud y el confort de los ocupantes. <\/p>\n\n\n\n<h3 class=\"wp-block-heading\">Hito \u00fanico<\/h3>\n\n\n\n<p class=\"wp-block-paragraph\">La distinci\u00f3n de ser el \u00fanico edificio en Espa\u00f1a certificado bajo el est\u00e1ndar WELLPilot v2 y LEED Platinum es un testimonio del liderazgo de ACTIU en el \u00e1mbito de la sostenibilidad y el dise\u00f1o saludable. Este logro no solo refuerza su posici\u00f3n como pioneros en el sector, sino que tambi\u00e9n establece un nuevo est\u00e1ndar para la industria de la construcci\u00f3n en nuestro pa\u00eds.<\/p>\n\n\n\n<p class=\"wp-block-paragraph\">Como empresa comprometida con la mejora continua y el impacto positivo en la sociedad, nos enorgullece haber contribuido al \u00e9xito de este proyecto. La experiencia y el aprendizaje obtenidos durante este proceso nos inspiran a seguir promoviendo principios de dise\u00f1o sostenible y bienestar humano en todas nuestras iniciativas futuras. En \u00faltima instancia, creemos que es mediante la colaboraci\u00f3n y la innovaci\u00f3n que podemos construir un futuro m\u00e1s saludable y sostenible para todos.<\/p>\n\n\n\n<figure class=\"wp-block-image\"><img decoding=\"async\" src=\"https:\/\/cu4arquitectura.com\/wp-content\/uploads\/2024\/05\/1_IMG_6018_Eva-Casado_Studio.jpg\" alt=\"Ponencia en mesa redonda\"\/><\/figure>\n\n\n\n<p class=\"wp-block-paragraph\">Si quieres conocer un poco mejor c\u00f3mo podemos ayudar a tu organizaci\u00f3n, no dudes en visitar nuestra p\u00e1gina cu4well.com\/<\/p>\n\n\n\n<p class=\"wp-block-paragraph\">Si quieres saber c\u00f3mo aplicar estos criterios\u00a0 en tu d\u00eda a dia, te invitamos a visitar nuestra secci\u00f3n \u00ab<a href=\"https:\/\/cu4well.com\/\" type=\"link\" id=\"https:\/\/cu4well.com\/\"><strong>arquitectura saludable<\/strong><\/a>\u00bb<\/p>\n\n\n\n<p class=\"wp-block-paragraph\">Y si necesitas que te ayudemos en alg\u00fan proyecto en concreto, no dudes en&nbsp;<a href=\"https:\/\/cu4arquitectura.com\/contacto-arquitectos-valencia\/\"><strong>contactar con nosotros!&nbsp;<\/strong><\/a><\/p>\n\n\n\n<p class=\"wp-block-paragraph\"><\/p>\n","protected":false},"excerpt":{"rendered":"<p>Obtener, mantener y recertificar WELL en Espa\u00f1a, es el gran reto para las empresas que quieren apostar por la salud y el bienestar de sus empleados. Durante varios meses, desde CU4 hemos estado trabajando para recertificar WELL la Sede Corporativa de Actiu en Castalla. La semana pasada marc\u00f3 un hito significativo en la historia de [&hellip;]<\/p>\n","protected":false},"author":1,"featured_media":5340,"comment_status":"open","ping_status":"open","sticky":false,"template":"","format":"standard","meta":{"_acf_changed":false,"footnotes":""},"categories":[5],"tags":[],"class_list":["post-4104","post","type-post","status-publish","format-standard","has-post-thumbnail","hentry","category-arquitectura-sostenible"],"acf":[],"yoast_head":"<!-- This site is optimized with the Yoast SEO plugin v27.7 - https:\/\/yoast.com\/product\/yoast-seo-wordpress\/ -->\n<title>Recertificar WELL en Espa\u00f1a<\/title>\n<meta name=\"description\" content=\"Descubre c\u00f3mo ACTIU logr\u00f3 recertificar WELL Platinum para su sede en Espa\u00f1a. Conoce c\u00f3mo nuestro equipo en CU4 contribuy\u00f3 a este logro.\" \/>\n<meta name=\"robots\" content=\"index, follow, max-snippet:-1, max-image-preview:large, max-video-preview:-1\" \/>\n<link rel=\"canonical\" href=\"https:\/\/cu4arquitectura.com\/en\/2024\/05\/05\/guia-completa-para-recertificar-well-en-espana-diferenciate-gracias-al-bienestar\/\" \/>\n<meta property=\"og:locale\" content=\"en_US\" \/>\n<meta property=\"og:type\" content=\"article\" \/>\n<meta property=\"og:title\" content=\"Recertificar WELL en Espa\u00f1a\" \/>\n<meta property=\"og:description\" content=\"Descubre c\u00f3mo ACTIU logr\u00f3 recertificar WELL Platinum para su sede en Espa\u00f1a. Conoce c\u00f3mo nuestro equipo en CU4 contribuy\u00f3 a este logro.\" \/>\n<meta property=\"og:url\" content=\"https:\/\/cu4arquitectura.com\/en\/2024\/05\/05\/guia-completa-para-recertificar-well-en-espana-diferenciate-gracias-al-bienestar\/\" \/>\n<meta property=\"og:site_name\" content=\"CU4 Arquitectos en Valencia | Estudio de arquitectura\" \/>\n<meta property=\"article:published_time\" content=\"2024-05-05T11:49:04+00:00\" \/>\n<meta property=\"article:modified_time\" content=\"2026-08-03T07:59:32+00:00\" \/>\n<meta name=\"author\" content=\"cu4_admin\" \/>\n<meta name=\"twitter:card\" content=\"summary_large_image\" \/>\n<meta name=\"twitter:label1\" content=\"Written by\" \/>\n\t<meta name=\"twitter:data1\" content=\"cu4_admin\" \/>\n\t<meta name=\"twitter:label2\" content=\"Est. reading time\" \/>\n\t<meta name=\"twitter:data2\" content=\"6 minutes\" \/>\n<script type=\"application\/ld+json\" class=\"yoast-schema-graph\">{\"@context\":\"https:\\\/\\\/schema.org\",\"@graph\":[{\"@type\":\"Article\",\"@id\":\"https:\\\/\\\/cu4arquitectura.com\\\/en\\\/2024\\\/05\\\/05\\\/guia-completa-para-recertificar-well-en-espana-diferenciate-gracias-al-bienestar\\\/#article\",\"isPartOf\":{\"@id\":\"https:\\\/\\\/cu4arquitectura.com\\\/en\\\/2024\\\/05\\\/05\\\/guia-completa-para-recertificar-well-en-espana-diferenciate-gracias-al-bienestar\\\/\"},\"author\":{\"name\":\"cu4_admin\",\"@id\":\"https:\\\/\\\/cu4arquitectura.com\\\/en\\\/#\\\/schema\\\/person\\\/cab7e5614eeb0bf71d933154c307cbad\"},\"headline\":\"Gu\u00eda completa para recertificar WELL en Espa\u00f1a: \u00a1Difer\u00e9nciate gracias al BIENESTAR!\",\"datePublished\":\"2024-05-05T11:49:04+00:00\",\"dateModified\":\"2026-08-03T07:59:32+00:00\",\"mainEntityOfPage\":{\"@id\":\"https:\\\/\\\/cu4arquitectura.com\\\/en\\\/2024\\\/05\\\/05\\\/guia-completa-para-recertificar-well-en-espana-diferenciate-gracias-al-bienestar\\\/\"},\"wordCount\":1042,\"commentCount\":0,\"publisher\":{\"@id\":\"https:\\\/\\\/cu4arquitectura.com\\\/en\\\/#organization\"},\"image\":{\"@id\":\"https:\\\/\\\/cu4arquitectura.com\\\/en\\\/2024\\\/05\\\/05\\\/guia-completa-para-recertificar-well-en-espana-diferenciate-gracias-al-bienestar\\\/#primaryimage\"},\"thumbnailUrl\":\"https:\\\/\\\/cu4arquitectura.com\\\/wp-content\\\/uploads\\\/2024\\\/05\\\/img-973-5.\",\"articleSection\":[\"Arquitectura sostenible\"],\"inLanguage\":\"en-US\",\"potentialAction\":[{\"@type\":\"CommentAction\",\"name\":\"Comment\",\"target\":[\"https:\\\/\\\/cu4arquitectura.com\\\/en\\\/2024\\\/05\\\/05\\\/guia-completa-para-recertificar-well-en-espana-diferenciate-gracias-al-bienestar\\\/#respond\"]}]},{\"@type\":\"WebPage\",\"@id\":\"https:\\\/\\\/cu4arquitectura.com\\\/en\\\/2024\\\/05\\\/05\\\/guia-completa-para-recertificar-well-en-espana-diferenciate-gracias-al-bienestar\\\/\",\"url\":\"https:\\\/\\\/cu4arquitectura.com\\\/en\\\/2024\\\/05\\\/05\\\/guia-completa-para-recertificar-well-en-espana-diferenciate-gracias-al-bienestar\\\/\",\"name\":\"Recertificar WELL en Espa\u00f1a\",\"isPartOf\":{\"@id\":\"https:\\\/\\\/cu4arquitectura.com\\\/en\\\/#website\"},\"primaryImageOfPage\":{\"@id\":\"https:\\\/\\\/cu4arquitectura.com\\\/en\\\/2024\\\/05\\\/05\\\/guia-completa-para-recertificar-well-en-espana-diferenciate-gracias-al-bienestar\\\/#primaryimage\"},\"image\":{\"@id\":\"https:\\\/\\\/cu4arquitectura.com\\\/en\\\/2024\\\/05\\\/05\\\/guia-completa-para-recertificar-well-en-espana-diferenciate-gracias-al-bienestar\\\/#primaryimage\"},\"thumbnailUrl\":\"https:\\\/\\\/cu4arquitectura.com\\\/wp-content\\\/uploads\\\/2024\\\/05\\\/img-973-5.\",\"datePublished\":\"2024-05-05T11:49:04+00:00\",\"dateModified\":\"2026-08-03T07:59:32+00:00\",\"description\":\"Descubre c\u00f3mo ACTIU logr\u00f3 recertificar WELL Platinum para su sede en Espa\u00f1a. Conoce c\u00f3mo nuestro equipo en CU4 contribuy\u00f3 a este logro.\",\"breadcrumb\":{\"@id\":\"https:\\\/\\\/cu4arquitectura.com\\\/en\\\/2024\\\/05\\\/05\\\/guia-completa-para-recertificar-well-en-espana-diferenciate-gracias-al-bienestar\\\/#breadcrumb\"},\"inLanguage\":\"en-US\",\"potentialAction\":[{\"@type\":\"ReadAction\",\"target\":[\"https:\\\/\\\/cu4arquitectura.com\\\/en\\\/2024\\\/05\\\/05\\\/guia-completa-para-recertificar-well-en-espana-diferenciate-gracias-al-bienestar\\\/\"]}]},{\"@type\":\"ImageObject\",\"inLanguage\":\"en-US\",\"@id\":\"https:\\\/\\\/cu4arquitectura.com\\\/en\\\/2024\\\/05\\\/05\\\/guia-completa-para-recertificar-well-en-espana-diferenciate-gracias-al-bienestar\\\/#primaryimage\",\"url\":\"https:\\\/\\\/cu4arquitectura.com\\\/wp-content\\\/uploads\\\/2024\\\/05\\\/img-973-5.\",\"contentUrl\":\"https:\\\/\\\/cu4arquitectura.com\\\/wp-content\\\/uploads\\\/2024\\\/05\\\/img-973-5.\",\"width\":1200,\"height\":800},{\"@type\":\"BreadcrumbList\",\"@id\":\"https:\\\/\\\/cu4arquitectura.com\\\/en\\\/2024\\\/05\\\/05\\\/guia-completa-para-recertificar-well-en-espana-diferenciate-gracias-al-bienestar\\\/#breadcrumb\",\"itemListElement\":[{\"@type\":\"ListItem\",\"position\":1,\"name\":\"Portada\",\"item\":\"https:\\\/\\\/cu4arquitectura.com\\\/en\\\/\"},{\"@type\":\"ListItem\",\"position\":2,\"name\":\"Gu\u00eda completa para recertificar WELL en Espa\u00f1a: \u00a1Difer\u00e9nciate gracias al BIENESTAR!\"}]},{\"@type\":\"WebSite\",\"@id\":\"https:\\\/\\\/cu4arquitectura.com\\\/en\\\/#website\",\"url\":\"https:\\\/\\\/cu4arquitectura.com\\\/en\\\/\",\"name\":\"CU4 Arquitectos en Valencia | Estudio de arquitectura\",\"description\":\"Arquitectos en Valencia | Especializados en espacios a medida para empresas y particulares, dise\u00f1ados para tu bienestar\",\"publisher\":{\"@id\":\"https:\\\/\\\/cu4arquitectura.com\\\/en\\\/#organization\"},\"potentialAction\":[{\"@type\":\"SearchAction\",\"target\":{\"@type\":\"EntryPoint\",\"urlTemplate\":\"https:\\\/\\\/cu4arquitectura.com\\\/en\\\/?s={search_term_string}\"},\"query-input\":{\"@type\":\"PropertyValueSpecification\",\"valueRequired\":true,\"valueName\":\"search_term_string\"}}],\"inLanguage\":\"en-US\"},{\"@type\":\"Organization\",\"@id\":\"https:\\\/\\\/cu4arquitectura.com\\\/en\\\/#organization\",\"name\":\"CU4 Arquitectos en Valencia | Estudio de arquitectura\",\"url\":\"https:\\\/\\\/cu4arquitectura.com\\\/en\\\/\",\"logo\":{\"@type\":\"ImageObject\",\"inLanguage\":\"en-US\",\"@id\":\"https:\\\/\\\/cu4arquitectura.com\\\/en\\\/#\\\/schema\\\/logo\\\/image\\\/\",\"url\":\"https:\\\/\\\/cu4arquitectura.com\\\/wp-content\\\/uploads\\\/2024\\\/01\\\/LOGO_CU4_original.svg\",\"contentUrl\":\"https:\\\/\\\/cu4arquitectura.com\\\/wp-content\\\/uploads\\\/2024\\\/01\\\/LOGO_CU4_original.svg\",\"width\":841,\"height\":595,\"caption\":\"CU4 Arquitectos en Valencia | Estudio de arquitectura\"},\"image\":{\"@id\":\"https:\\\/\\\/cu4arquitectura.com\\\/en\\\/#\\\/schema\\\/logo\\\/image\\\/\"}},{\"@type\":\"Person\",\"@id\":\"https:\\\/\\\/cu4arquitectura.com\\\/en\\\/#\\\/schema\\\/person\\\/cab7e5614eeb0bf71d933154c307cbad\",\"name\":\"cu4_admin\",\"image\":{\"@type\":\"ImageObject\",\"inLanguage\":\"en-US\",\"@id\":\"https:\\\/\\\/secure.gravatar.com\\\/avatar\\\/46fdd98ce0115379d1eed8cb88e5aa19a6581b97ba5db2084f7ed87a818bb40a?s=96&d=mm&r=g\",\"url\":\"https:\\\/\\\/secure.gravatar.com\\\/avatar\\\/46fdd98ce0115379d1eed8cb88e5aa19a6581b97ba5db2084f7ed87a818bb40a?s=96&d=mm&r=g\",\"contentUrl\":\"https:\\\/\\\/secure.gravatar.com\\\/avatar\\\/46fdd98ce0115379d1eed8cb88e5aa19a6581b97ba5db2084f7ed87a818bb40a?s=96&d=mm&r=g\",\"caption\":\"cu4_admin\"},\"sameAs\":[\"https:\\\/\\\/cu4arquitectura.com\"],\"url\":\"https:\\\/\\\/cu4arquitectura.com\\\/en\\\/author\\\/cu4_admin\\\/\"}]}<\/script>\n<!-- \/ Yoast SEO plugin. -->","yoast_head_json":{"title":"Recertificar WELL en Espa\u00f1a","description":"Descubre c\u00f3mo ACTIU logr\u00f3 recertificar WELL Platinum para su sede en Espa\u00f1a. Conoce c\u00f3mo nuestro equipo en CU4 contribuy\u00f3 a este logro.","robots":{"index":"index","follow":"follow","max-snippet":"max-snippet:-1","max-image-preview":"max-image-preview:large","max-video-preview":"max-video-preview:-1"},"canonical":"https:\/\/cu4arquitectura.com\/en\/2024\/05\/05\/guia-completa-para-recertificar-well-en-espana-diferenciate-gracias-al-bienestar\/","og_locale":"en_US","og_type":"article","og_title":"Recertificar WELL en Espa\u00f1a","og_description":"Descubre c\u00f3mo ACTIU logr\u00f3 recertificar WELL Platinum para su sede en Espa\u00f1a. Conoce c\u00f3mo nuestro equipo en CU4 contribuy\u00f3 a este logro.","og_url":"https:\/\/cu4arquitectura.com\/en\/2024\/05\/05\/guia-completa-para-recertificar-well-en-espana-diferenciate-gracias-al-bienestar\/","og_site_name":"CU4 Arquitectos en Valencia | Estudio de arquitectura","article_published_time":"2024-05-05T11:49:04+00:00","article_modified_time":"2026-08-03T07:59:32+00:00","author":"cu4_admin","twitter_card":"summary_large_image","twitter_misc":{"Written by":"cu4_admin","Est. reading time":"6 minutes"},"schema":{"@context":"https:\/\/schema.org","@graph":[{"@type":"Article","@id":"https:\/\/cu4arquitectura.com\/en\/2024\/05\/05\/guia-completa-para-recertificar-well-en-espana-diferenciate-gracias-al-bienestar\/#article","isPartOf":{"@id":"https:\/\/cu4arquitectura.com\/en\/2024\/05\/05\/guia-completa-para-recertificar-well-en-espana-diferenciate-gracias-al-bienestar\/"},"author":{"name":"cu4_admin","@id":"https:\/\/cu4arquitectura.com\/en\/#\/schema\/person\/cab7e5614eeb0bf71d933154c307cbad"},"headline":"Gu\u00eda completa para recertificar WELL en Espa\u00f1a: \u00a1Difer\u00e9nciate gracias al BIENESTAR!","datePublished":"2024-05-05T11:49:04+00:00","dateModified":"2026-08-03T07:59:32+00:00","mainEntityOfPage":{"@id":"https:\/\/cu4arquitectura.com\/en\/2024\/05\/05\/guia-completa-para-recertificar-well-en-espana-diferenciate-gracias-al-bienestar\/"},"wordCount":1042,"commentCount":0,"publisher":{"@id":"https:\/\/cu4arquitectura.com\/en\/#organization"},"image":{"@id":"https:\/\/cu4arquitectura.com\/en\/2024\/05\/05\/guia-completa-para-recertificar-well-en-espana-diferenciate-gracias-al-bienestar\/#primaryimage"},"thumbnailUrl":"https:\/\/cu4arquitectura.com\/wp-content\/uploads\/2024\/05\/img-973-5.","articleSection":["Arquitectura sostenible"],"inLanguage":"en-US","potentialAction":[{"@type":"CommentAction","name":"Comment","target":["https:\/\/cu4arquitectura.com\/en\/2024\/05\/05\/guia-completa-para-recertificar-well-en-espana-diferenciate-gracias-al-bienestar\/#respond"]}]},{"@type":"WebPage","@id":"https:\/\/cu4arquitectura.com\/en\/2024\/05\/05\/guia-completa-para-recertificar-well-en-espana-diferenciate-gracias-al-bienestar\/","url":"https:\/\/cu4arquitectura.com\/en\/2024\/05\/05\/guia-completa-para-recertificar-well-en-espana-diferenciate-gracias-al-bienestar\/","name":"Recertificar WELL en Espa\u00f1a","isPartOf":{"@id":"https:\/\/cu4arquitectura.com\/en\/#website"},"primaryImageOfPage":{"@id":"https:\/\/cu4arquitectura.com\/en\/2024\/05\/05\/guia-completa-para-recertificar-well-en-espana-diferenciate-gracias-al-bienestar\/#primaryimage"},"image":{"@id":"https:\/\/cu4arquitectura.com\/en\/2024\/05\/05\/guia-completa-para-recertificar-well-en-espana-diferenciate-gracias-al-bienestar\/#primaryimage"},"thumbnailUrl":"https:\/\/cu4arquitectura.com\/wp-content\/uploads\/2024\/05\/img-973-5.","datePublished":"2024-05-05T11:49:04+00:00","dateModified":"2026-08-03T07:59:32+00:00","description":"Descubre c\u00f3mo ACTIU logr\u00f3 recertificar WELL Platinum para su sede en Espa\u00f1a. Conoce c\u00f3mo nuestro equipo en CU4 contribuy\u00f3 a este logro.","breadcrumb":{"@id":"https:\/\/cu4arquitectura.com\/en\/2024\/05\/05\/guia-completa-para-recertificar-well-en-espana-diferenciate-gracias-al-bienestar\/#breadcrumb"},"inLanguage":"en-US","potentialAction":[{"@type":"ReadAction","target":["https:\/\/cu4arquitectura.com\/en\/2024\/05\/05\/guia-completa-para-recertificar-well-en-espana-diferenciate-gracias-al-bienestar\/"]}]},{"@type":"ImageObject","inLanguage":"en-US","@id":"https:\/\/cu4arquitectura.com\/en\/2024\/05\/05\/guia-completa-para-recertificar-well-en-espana-diferenciate-gracias-al-bienestar\/#primaryimage","url":"https:\/\/cu4arquitectura.com\/wp-content\/uploads\/2024\/05\/img-973-5.","contentUrl":"https:\/\/cu4arquitectura.com\/wp-content\/uploads\/2024\/05\/img-973-5.","width":1200,"height":800},{"@type":"BreadcrumbList","@id":"https:\/\/cu4arquitectura.com\/en\/2024\/05\/05\/guia-completa-para-recertificar-well-en-espana-diferenciate-gracias-al-bienestar\/#breadcrumb","itemListElement":[{"@type":"ListItem","position":1,"name":"Portada","item":"https:\/\/cu4arquitectura.com\/en\/"},{"@type":"ListItem","position":2,"name":"Gu\u00eda completa para recertificar WELL en Espa\u00f1a: \u00a1Difer\u00e9nciate gracias al BIENESTAR!"}]},{"@type":"WebSite","@id":"https:\/\/cu4arquitectura.com\/en\/#website","url":"https:\/\/cu4arquitectura.com\/en\/","name":"CU4 Arquitectos en Valencia | Estudio de arquitectura","description":"Arquitectos en Valencia | Especializados en espacios a medida para empresas y particulares, dise\u00f1ados para tu bienestar","publisher":{"@id":"https:\/\/cu4arquitectura.com\/en\/#organization"},"potentialAction":[{"@type":"SearchAction","target":{"@type":"EntryPoint","urlTemplate":"https:\/\/cu4arquitectura.com\/en\/?s={search_term_string}"},"query-input":{"@type":"PropertyValueSpecification","valueRequired":true,"valueName":"search_term_string"}}],"inLanguage":"en-US"},{"@type":"Organization","@id":"https:\/\/cu4arquitectura.com\/en\/#organization","name":"CU4 Arquitectos en Valencia | Estudio de arquitectura","url":"https:\/\/cu4arquitectura.com\/en\/","logo":{"@type":"ImageObject","inLanguage":"en-US","@id":"https:\/\/cu4arquitectura.com\/en\/#\/schema\/logo\/image\/","url":"https:\/\/cu4arquitectura.com\/wp-content\/uploads\/2024\/01\/LOGO_CU4_original.svg","contentUrl":"https:\/\/cu4arquitectura.com\/wp-content\/uploads\/2024\/01\/LOGO_CU4_original.svg","width":841,"height":595,"caption":"CU4 Arquitectos en Valencia | Estudio de arquitectura"},"image":{"@id":"https:\/\/cu4arquitectura.com\/en\/#\/schema\/logo\/image\/"}},{"@type":"Person","@id":"https:\/\/cu4arquitectura.com\/en\/#\/schema\/person\/cab7e5614eeb0bf71d933154c307cbad","name":"cu4_admin","image":{"@type":"ImageObject","inLanguage":"en-US","@id":"https:\/\/secure.gravatar.com\/avatar\/46fdd98ce0115379d1eed8cb88e5aa19a6581b97ba5db2084f7ed87a818bb40a?s=96&d=mm&r=g","url":"https:\/\/secure.gravatar.com\/avatar\/46fdd98ce0115379d1eed8cb88e5aa19a6581b97ba5db2084f7ed87a818bb40a?s=96&d=mm&r=g","contentUrl":"https:\/\/secure.gravatar.com\/avatar\/46fdd98ce0115379d1eed8cb88e5aa19a6581b97ba5db2084f7ed87a818bb40a?s=96&d=mm&r=g","caption":"cu4_admin"},"sameAs":["https:\/\/cu4arquitectura.com"],"url":"https:\/\/cu4arquitectura.com\/en\/author\/cu4_admin\/"}]}},"_links":{"self":[{"href":"https:\/\/cu4arquitectura.com\/en\/wp-json\/wp\/v2\/posts\/4104","targetHints":{"allow":["GET"]}}],"collection":[{"href":"https:\/\/cu4arquitectura.com\/en\/wp-json\/wp\/v2\/posts"}],"about":[{"href":"https:\/\/cu4arquitectura.com\/en\/wp-json\/wp\/v2\/types\/post"}],"author":[{"embeddable":true,"href":"https:\/\/cu4arquitectura.com\/en\/wp-json\/wp\/v2\/users\/1"}],"replies":[{"embeddable":true,"href":"https:\/\/cu4arquitectura.com\/en\/wp-json\/wp\/v2\/comments?post=4104"}],"version-history":[{"count":6,"href":"https:\/\/cu4arquitectura.com\/en\/wp-json\/wp\/v2\/posts\/4104\/revisions"}],"predecessor-version":[{"id":9502,"href":"https:\/\/cu4arquitectura.com\/en\/wp-json\/wp\/v2\/posts\/4104\/revisions\/9502"}],"wp:featuredmedia":[{"embeddable":true,"href":"https:\/\/cu4arquitectura.com\/en\/wp-json\/wp\/v2\/media\/5340"}],"wp:attachment":[{"href":"https:\/\/cu4arquitectura.com\/en\/wp-json\/wp\/v2\/media?parent=4104"}],"wp:term":[{"taxonomy":"category","embeddable":true,"href":"https:\/\/cu4arquitectura.com\/en\/wp-json\/wp\/v2\/categories?post=4104"},{"taxonomy":"post_tag","embeddable":true,"href":"https:\/\/cu4arquitectura.com\/en\/wp-json\/wp\/v2\/tags?post=4104"}],"curies":[{"name":"wp","href":"https:\/\/api.w.org\/{rel}","templated":true}]}}