{"id":4000,"date":"2024-03-05T08:08:04","date_gmt":"2024-03-05T06:08:04","guid":{"rendered":"https:\/\/cu4arquitectura.com\/2024\/03\/05\/entrevista-a-cu4-arquitectura-en-la-99-9-radio\/"},"modified":"2026-08-03T07:52:22","modified_gmt":"2026-08-03T07:52:22","slug":"entrevista-a-cu4-arquitectura-en-la-99-9-radio","status":"publish","type":"post","link":"https:\/\/cu4arquitectura.com\/en\/2024\/03\/05\/entrevista-a-cu4-arquitectura-en-la-99-9-radio\/","title":{"rendered":"Entrevista a CU4 arquitectura en la 99.9 radio"},"content":{"rendered":"\n<p class=\"wp-block-paragraph\">El pasado jueves d\u00eda 29 de febrero estuvimos en la 99.9 radio hablando de arquitectura. Nos hicieron una animada entrevista para hablar de nuestro estudio de arquitectura en la radio. En ella contamos desde nuestros or\u00edgenes en la arquitectura cuando \u00e9ramos estudiantes de la <a href=\"https:\/\/www.upv.es\/\">Universitat Polit\u00e8cnica de Val\u00e8ncia<\/a>. Compartimos c\u00f3mo fueron aquellos primeros a\u00f1os y la trayectoria que nos ha llevado hasta el d\u00eda de hoy. Pudimos hablar sobre nuestro prop\u00f3sito, sobre la arquitectura saludable que pone a las personas en el centro del dise\u00f1o.<\/p>\n\n\n\n<figure class=\"wp-block-image\"><img decoding=\"async\" src=\"https:\/\/cu4arquitectura.com\/wp-content\/uploads\/2024\/05\/d3e5e942-a88c-4240-b02a-45038b159faf.jpg\" alt=\"\"\/><\/figure>\n\n\n\n<p class=\"wp-block-paragraph\">En el coraz\u00f3n de nuestra conversaci\u00f3n estuvo el compromiso con nuestros valores fundamentales: acompa\u00f1amiento, cercan\u00eda, transparencia y trabajo a medida. En nuestro estudio de arquitectura, no se trata solo de dise\u00f1ar edificios, sino de construir relaciones significativas con nuestros clientes, entendiendo sus necesidades y deseos para crear espacios que reflejen verdaderamente su identidad y estilo de vida. Adem\u00e1s, enfatizamos un enfoque especial en la arquitectura saludable, incorporando elementos que promuevan el bienestar f\u00edsico y emocional de quienes habitan los espacios que dise\u00f1amos.<\/p>\n\n\n\n<p class=\"wp-block-paragraph\">Durante la entrevista en la 99,9 radio hablamos de arquitectura, destacamos la importancia de este enfoque hol\u00edstico en cada proyecto. Explicamos c\u00f3mo consideramos no solo la est\u00e9tica y la funcionalidad, sino tambi\u00e9n el impacto que nuestros dise\u00f1os tienen en la salud y el bienestar de las personas. Desde la elecci\u00f3n de materiales cada vez m\u00e1s sostenibles hasta la optimizaci\u00f3n de la luz natural y la circulaci\u00f3n del aire, cada decisi\u00f3n se toma con el objetivo de crear entornos que fomenten la vitalidad y la felicidad.<\/p>\n\n\n\n<p class=\"wp-block-paragraph\">Nuestra participaci\u00f3n en la radio fue una oportunidad invaluable para compartir nuestra filosof\u00eda y compromiso con una audiencia m\u00e1s amplia, inspirando a otros a valorar la arquitectura no solo como una forma de arte, sino como una herramienta para mejorar la calidad de vida.<\/p>\n\n\n\n<figure class=\"wp-block-embed is-type-wp-embed is-provider-999-valencia-radio wp-block-embed-999-valencia-radio\"><div class=\"wp-block-embed__wrapper\">\n<blockquote class=\"wp-embedded-content\" data-secret=\"TvLkCcvbpU\"><a href=\"https:\/\/la999.es\/podcast\/cafe-de-negocios-con-cu4-arquitectura\/\">Caf\u00e9 de negocios con CU4 ARQUITECTURA<\/a><\/blockquote><iframe loading=\"lazy\" class=\"wp-embedded-content\" sandbox=\"allow-scripts\" security=\"restricted\" style=\"position: absolute; clip: rect(1px, 1px, 1px, 1px);\" title=\"\u00abCaf\u00e9 de negocios con CU4 ARQUITECTURA\u00bb \u2014 999 Valencia Radio\" src=\"https:\/\/la999.es\/podcast\/cafe-de-negocios-con-cu4-arquitectura\/embed\/#?secret=qEHX9lS2MB#?secret=TvLkCcvbpU\" data-secret=\"TvLkCcvbpU\" width=\"600\" height=\"338\" frameborder=\"0\" marginwidth=\"0\" marginheight=\"0\" scrolling=\"no\"><\/iframe>\n<\/div><\/figure>\n\n\n\n<p class=\"wp-block-paragraph\">Si quieres conocer un poco mejor, en qu\u00e9 consiste el est\u00e1ndar WELL para organizaciones, no dudes en visitar nuestra p\u00e1gina cu4well.com\/<\/p>\n\n\n\n<p class=\"wp-block-paragraph\">Si quieres saber c\u00f3mo aplicar estos criterios en tu casa y en tu d\u00eda a dia, te invitamos a visitar nuestra secci\u00f3n \u00ab<a href=\"https:\/\/cu4well.com\/\" type=\"link\" id=\"https:\/\/cu4well.com\/\"><strong>arquitectura saludable<\/strong><\/a>\u00bb<\/p>\n\n\n\n<p class=\"wp-block-paragraph\">Y si necesitas que te ayudemos en alg\u00fan proyecto en concreto, no dudes en&nbsp;<a href=\"https:\/\/www.cu4arquitectura.com\/contacto\"><strong>contactar con nosotros!&nbsp;<\/strong><\/a><\/p>\n\n\n\n<p class=\"wp-block-paragraph\"><\/p>\n","protected":false},"excerpt":{"rendered":"<p>El pasado jueves d\u00eda 29 de febrero estuvimos en la 99.9 radio hablando de arquitectura. Nos hicieron una animada entrevista para hablar de nuestro estudio de arquitectura en la radio. En ella contamos desde nuestros or\u00edgenes en la arquitectura cuando \u00e9ramos estudiantes de la Universitat Polit\u00e8cnica de Val\u00e8ncia. Compartimos c\u00f3mo fueron aquellos primeros a\u00f1os y [&hellip;]<\/p>\n","protected":false},"author":1,"featured_media":5388,"comment_status":"open","ping_status":"open","sticky":false,"template":"","format":"standard","meta":{"_acf_changed":false,"footnotes":""},"categories":[6],"tags":[],"class_list":["post-4000","post","type-post","status-publish","format-standard","has-post-thumbnail","hentry","category-cu4"],"acf":[],"yoast_head":"<!-- This site is optimized with the Yoast SEO plugin v27.7 - https:\/\/yoast.com\/product\/yoast-seo-wordpress\/ -->\n<title>Entrevista a CU4 arquitectura en la 99.9 radio - CU4 Arquitectos en Valencia | Estudio de arquitectura<\/title>\n<meta name=\"description\" content=\"El pasado jueves d\u00eda 29 de febrero estuvimos en la 99.9 radio, en la que nos hicieron una entrevista en la radio para hablar de arquitectura\" \/>\n<meta name=\"robots\" content=\"index, follow, max-snippet:-1, max-image-preview:large, max-video-preview:-1\" \/>\n<link rel=\"canonical\" href=\"https:\/\/cu4arquitectura.com\/en\/2024\/03\/05\/entrevista-a-cu4-arquitectura-en-la-99-9-radio\/\" \/>\n<meta property=\"og:locale\" content=\"en_US\" \/>\n<meta property=\"og:type\" content=\"article\" \/>\n<meta property=\"og:title\" content=\"Entrevista a CU4 arquitectura en la 99.9 radio - CU4 Arquitectos en Valencia | Estudio de arquitectura\" \/>\n<meta property=\"og:description\" content=\"El pasado jueves d\u00eda 29 de febrero estuvimos en la 99.9 radio, en la que nos hicieron una entrevista en la radio para hablar de arquitectura\" \/>\n<meta property=\"og:url\" content=\"https:\/\/cu4arquitectura.com\/en\/2024\/03\/05\/entrevista-a-cu4-arquitectura-en-la-99-9-radio\/\" \/>\n<meta property=\"og:site_name\" content=\"CU4 Arquitectos en Valencia | Estudio de arquitectura\" \/>\n<meta property=\"article:published_time\" content=\"2024-03-05T06:08:04+00:00\" \/>\n<meta property=\"article:modified_time\" content=\"2026-08-03T07:52:22+00:00\" \/>\n<meta property=\"og:image\" content=\"https:\/\/cu4arquitectura.com\/wp-content\/uploads\/2024\/05\/d3e5e942-a88c-4240-b02a-45038b159faf.jpg\" \/>\n\t<meta property=\"og:image:width\" content=\"2027\" \/>\n\t<meta property=\"og:image:height\" content=\"2048\" \/>\n\t<meta property=\"og:image:type\" content=\"image\/jpeg\" \/>\n<meta name=\"author\" content=\"cu4_admin\" \/>\n<meta name=\"twitter:card\" content=\"summary_large_image\" \/>\n<meta name=\"twitter:label1\" content=\"Written by\" \/>\n\t<meta name=\"twitter:data1\" content=\"cu4_admin\" \/>\n\t<meta name=\"twitter:label2\" content=\"Est. reading time\" \/>\n\t<meta name=\"twitter:data2\" content=\"3 minutes\" \/>\n<script type=\"application\/ld+json\" class=\"yoast-schema-graph\">{\"@context\":\"https:\\\/\\\/schema.org\",\"@graph\":[{\"@type\":\"Article\",\"@id\":\"https:\\\/\\\/cu4arquitectura.com\\\/en\\\/2024\\\/03\\\/05\\\/entrevista-a-cu4-arquitectura-en-la-99-9-radio\\\/#article\",\"isPartOf\":{\"@id\":\"https:\\\/\\\/cu4arquitectura.com\\\/en\\\/2024\\\/03\\\/05\\\/entrevista-a-cu4-arquitectura-en-la-99-9-radio\\\/\"},\"author\":{\"name\":\"cu4_admin\",\"@id\":\"https:\\\/\\\/cu4arquitectura.com\\\/en\\\/#\\\/schema\\\/person\\\/cab7e5614eeb0bf71d933154c307cbad\"},\"headline\":\"Entrevista a CU4 arquitectura en la 99.9 radio\",\"datePublished\":\"2024-03-05T06:08:04+00:00\",\"dateModified\":\"2026-08-03T07:52:22+00:00\",\"mainEntityOfPage\":{\"@id\":\"https:\\\/\\\/cu4arquitectura.com\\\/en\\\/2024\\\/03\\\/05\\\/entrevista-a-cu4-arquitectura-en-la-99-9-radio\\\/\"},\"wordCount\":408,\"commentCount\":0,\"publisher\":{\"@id\":\"https:\\\/\\\/cu4arquitectura.com\\\/en\\\/#organization\"},\"image\":{\"@id\":\"https:\\\/\\\/cu4arquitectura.com\\\/en\\\/2024\\\/03\\\/05\\\/entrevista-a-cu4-arquitectura-en-la-99-9-radio\\\/#primaryimage\"},\"thumbnailUrl\":\"https:\\\/\\\/cu4arquitectura.com\\\/wp-content\\\/uploads\\\/2024\\\/05\\\/d3e5e942-a88c-4240-b02a-45038b159faf.jpg\",\"articleSection\":[\"CU4 Arquitectura\"],\"inLanguage\":\"en-US\",\"potentialAction\":[{\"@type\":\"CommentAction\",\"name\":\"Comment\",\"target\":[\"https:\\\/\\\/cu4arquitectura.com\\\/en\\\/2024\\\/03\\\/05\\\/entrevista-a-cu4-arquitectura-en-la-99-9-radio\\\/#respond\"]}]},{\"@type\":\"WebPage\",\"@id\":\"https:\\\/\\\/cu4arquitectura.com\\\/en\\\/2024\\\/03\\\/05\\\/entrevista-a-cu4-arquitectura-en-la-99-9-radio\\\/\",\"url\":\"https:\\\/\\\/cu4arquitectura.com\\\/en\\\/2024\\\/03\\\/05\\\/entrevista-a-cu4-arquitectura-en-la-99-9-radio\\\/\",\"name\":\"Entrevista a CU4 arquitectura en la 99.9 radio - CU4 Arquitectos en Valencia | Estudio de arquitectura\",\"isPartOf\":{\"@id\":\"https:\\\/\\\/cu4arquitectura.com\\\/en\\\/#website\"},\"primaryImageOfPage\":{\"@id\":\"https:\\\/\\\/cu4arquitectura.com\\\/en\\\/2024\\\/03\\\/05\\\/entrevista-a-cu4-arquitectura-en-la-99-9-radio\\\/#primaryimage\"},\"image\":{\"@id\":\"https:\\\/\\\/cu4arquitectura.com\\\/en\\\/2024\\\/03\\\/05\\\/entrevista-a-cu4-arquitectura-en-la-99-9-radio\\\/#primaryimage\"},\"thumbnailUrl\":\"https:\\\/\\\/cu4arquitectura.com\\\/wp-content\\\/uploads\\\/2024\\\/05\\\/d3e5e942-a88c-4240-b02a-45038b159faf.jpg\",\"datePublished\":\"2024-03-05T06:08:04+00:00\",\"dateModified\":\"2026-08-03T07:52:22+00:00\",\"description\":\"El pasado jueves d\u00eda 29 de febrero estuvimos en la 99.9 radio, en la que nos hicieron una entrevista en la radio para hablar de arquitectura\",\"breadcrumb\":{\"@id\":\"https:\\\/\\\/cu4arquitectura.com\\\/en\\\/2024\\\/03\\\/05\\\/entrevista-a-cu4-arquitectura-en-la-99-9-radio\\\/#breadcrumb\"},\"inLanguage\":\"en-US\",\"potentialAction\":[{\"@type\":\"ReadAction\",\"target\":[\"https:\\\/\\\/cu4arquitectura.com\\\/en\\\/2024\\\/03\\\/05\\\/entrevista-a-cu4-arquitectura-en-la-99-9-radio\\\/\"]}]},{\"@type\":\"ImageObject\",\"inLanguage\":\"en-US\",\"@id\":\"https:\\\/\\\/cu4arquitectura.com\\\/en\\\/2024\\\/03\\\/05\\\/entrevista-a-cu4-arquitectura-en-la-99-9-radio\\\/#primaryimage\",\"url\":\"https:\\\/\\\/cu4arquitectura.com\\\/wp-content\\\/uploads\\\/2024\\\/05\\\/d3e5e942-a88c-4240-b02a-45038b159faf.jpg\",\"contentUrl\":\"https:\\\/\\\/cu4arquitectura.com\\\/wp-content\\\/uploads\\\/2024\\\/05\\\/d3e5e942-a88c-4240-b02a-45038b159faf.jpg\",\"width\":2027,\"height\":2048},{\"@type\":\"BreadcrumbList\",\"@id\":\"https:\\\/\\\/cu4arquitectura.com\\\/en\\\/2024\\\/03\\\/05\\\/entrevista-a-cu4-arquitectura-en-la-99-9-radio\\\/#breadcrumb\",\"itemListElement\":[{\"@type\":\"ListItem\",\"position\":1,\"name\":\"Portada\",\"item\":\"https:\\\/\\\/cu4arquitectura.com\\\/en\\\/\"},{\"@type\":\"ListItem\",\"position\":2,\"name\":\"Entrevista a CU4 arquitectura en la 99.9 radio\"}]},{\"@type\":\"WebSite\",\"@id\":\"https:\\\/\\\/cu4arquitectura.com\\\/en\\\/#website\",\"url\":\"https:\\\/\\\/cu4arquitectura.com\\\/en\\\/\",\"name\":\"CU4 Arquitectos en Valencia | Estudio de arquitectura\",\"description\":\"Arquitectos en Valencia | Especializados en espacios a medida para empresas y particulares, dise\u00f1ados para tu bienestar\",\"publisher\":{\"@id\":\"https:\\\/\\\/cu4arquitectura.com\\\/en\\\/#organization\"},\"potentialAction\":[{\"@type\":\"SearchAction\",\"target\":{\"@type\":\"EntryPoint\",\"urlTemplate\":\"https:\\\/\\\/cu4arquitectura.com\\\/en\\\/?s={search_term_string}\"},\"query-input\":{\"@type\":\"PropertyValueSpecification\",\"valueRequired\":true,\"valueName\":\"search_term_string\"}}],\"inLanguage\":\"en-US\"},{\"@type\":\"Organization\",\"@id\":\"https:\\\/\\\/cu4arquitectura.com\\\/en\\\/#organization\",\"name\":\"CU4 Arquitectos en Valencia | Estudio de arquitectura\",\"url\":\"https:\\\/\\\/cu4arquitectura.com\\\/en\\\/\",\"logo\":{\"@type\":\"ImageObject\",\"inLanguage\":\"en-US\",\"@id\":\"https:\\\/\\\/cu4arquitectura.com\\\/en\\\/#\\\/schema\\\/logo\\\/image\\\/\",\"url\":\"https:\\\/\\\/cu4arquitectura.com\\\/wp-content\\\/uploads\\\/2024\\\/01\\\/LOGO_CU4_original.svg\",\"contentUrl\":\"https:\\\/\\\/cu4arquitectura.com\\\/wp-content\\\/uploads\\\/2024\\\/01\\\/LOGO_CU4_original.svg\",\"width\":841,\"height\":595,\"caption\":\"CU4 Arquitectos en Valencia | Estudio de arquitectura\"},\"image\":{\"@id\":\"https:\\\/\\\/cu4arquitectura.com\\\/en\\\/#\\\/schema\\\/logo\\\/image\\\/\"}},{\"@type\":\"Person\",\"@id\":\"https:\\\/\\\/cu4arquitectura.com\\\/en\\\/#\\\/schema\\\/person\\\/cab7e5614eeb0bf71d933154c307cbad\",\"name\":\"cu4_admin\",\"image\":{\"@type\":\"ImageObject\",\"inLanguage\":\"en-US\",\"@id\":\"https:\\\/\\\/secure.gravatar.com\\\/avatar\\\/46fdd98ce0115379d1eed8cb88e5aa19a6581b97ba5db2084f7ed87a818bb40a?s=96&d=mm&r=g\",\"url\":\"https:\\\/\\\/secure.gravatar.com\\\/avatar\\\/46fdd98ce0115379d1eed8cb88e5aa19a6581b97ba5db2084f7ed87a818bb40a?s=96&d=mm&r=g\",\"contentUrl\":\"https:\\\/\\\/secure.gravatar.com\\\/avatar\\\/46fdd98ce0115379d1eed8cb88e5aa19a6581b97ba5db2084f7ed87a818bb40a?s=96&d=mm&r=g\",\"caption\":\"cu4_admin\"},\"sameAs\":[\"https:\\\/\\\/cu4arquitectura.com\"],\"url\":\"https:\\\/\\\/cu4arquitectura.com\\\/en\\\/author\\\/cu4_admin\\\/\"}]}<\/script>\n<!-- \/ Yoast SEO plugin. -->","yoast_head_json":{"title":"Entrevista a CU4 arquitectura en la 99.9 radio - CU4 Arquitectos en Valencia | Estudio de arquitectura","description":"El pasado jueves d\u00eda 29 de febrero estuvimos en la 99.9 radio, en la que nos hicieron una entrevista en la radio para hablar de arquitectura","robots":{"index":"index","follow":"follow","max-snippet":"max-snippet:-1","max-image-preview":"max-image-preview:large","max-video-preview":"max-video-preview:-1"},"canonical":"https:\/\/cu4arquitectura.com\/en\/2024\/03\/05\/entrevista-a-cu4-arquitectura-en-la-99-9-radio\/","og_locale":"en_US","og_type":"article","og_title":"Entrevista a CU4 arquitectura en la 99.9 radio - CU4 Arquitectos en Valencia | Estudio de arquitectura","og_description":"El pasado jueves d\u00eda 29 de febrero estuvimos en la 99.9 radio, en la que nos hicieron una entrevista en la radio para hablar de arquitectura","og_url":"https:\/\/cu4arquitectura.com\/en\/2024\/03\/05\/entrevista-a-cu4-arquitectura-en-la-99-9-radio\/","og_site_name":"CU4 Arquitectos en Valencia | Estudio de arquitectura","article_published_time":"2024-03-05T06:08:04+00:00","article_modified_time":"2026-08-03T07:52:22+00:00","og_image":[{"width":2027,"height":2048,"url":"https:\/\/cu4arquitectura.com\/wp-content\/uploads\/2024\/05\/d3e5e942-a88c-4240-b02a-45038b159faf.jpg","type":"image\/jpeg"}],"author":"cu4_admin","twitter_card":"summary_large_image","twitter_misc":{"Written by":"cu4_admin","Est. reading time":"3 minutes"},"schema":{"@context":"https:\/\/schema.org","@graph":[{"@type":"Article","@id":"https:\/\/cu4arquitectura.com\/en\/2024\/03\/05\/entrevista-a-cu4-arquitectura-en-la-99-9-radio\/#article","isPartOf":{"@id":"https:\/\/cu4arquitectura.com\/en\/2024\/03\/05\/entrevista-a-cu4-arquitectura-en-la-99-9-radio\/"},"author":{"name":"cu4_admin","@id":"https:\/\/cu4arquitectura.com\/en\/#\/schema\/person\/cab7e5614eeb0bf71d933154c307cbad"},"headline":"Entrevista a CU4 arquitectura en la 99.9 radio","datePublished":"2024-03-05T06:08:04+00:00","dateModified":"2026-08-03T07:52:22+00:00","mainEntityOfPage":{"@id":"https:\/\/cu4arquitectura.com\/en\/2024\/03\/05\/entrevista-a-cu4-arquitectura-en-la-99-9-radio\/"},"wordCount":408,"commentCount":0,"publisher":{"@id":"https:\/\/cu4arquitectura.com\/en\/#organization"},"image":{"@id":"https:\/\/cu4arquitectura.com\/en\/2024\/03\/05\/entrevista-a-cu4-arquitectura-en-la-99-9-radio\/#primaryimage"},"thumbnailUrl":"https:\/\/cu4arquitectura.com\/wp-content\/uploads\/2024\/05\/d3e5e942-a88c-4240-b02a-45038b159faf.jpg","articleSection":["CU4 Arquitectura"],"inLanguage":"en-US","potentialAction":[{"@type":"CommentAction","name":"Comment","target":["https:\/\/cu4arquitectura.com\/en\/2024\/03\/05\/entrevista-a-cu4-arquitectura-en-la-99-9-radio\/#respond"]}]},{"@type":"WebPage","@id":"https:\/\/cu4arquitectura.com\/en\/2024\/03\/05\/entrevista-a-cu4-arquitectura-en-la-99-9-radio\/","url":"https:\/\/cu4arquitectura.com\/en\/2024\/03\/05\/entrevista-a-cu4-arquitectura-en-la-99-9-radio\/","name":"Entrevista a CU4 arquitectura en la 99.9 radio - CU4 Arquitectos en Valencia | Estudio de arquitectura","isPartOf":{"@id":"https:\/\/cu4arquitectura.com\/en\/#website"},"primaryImageOfPage":{"@id":"https:\/\/cu4arquitectura.com\/en\/2024\/03\/05\/entrevista-a-cu4-arquitectura-en-la-99-9-radio\/#primaryimage"},"image":{"@id":"https:\/\/cu4arquitectura.com\/en\/2024\/03\/05\/entrevista-a-cu4-arquitectura-en-la-99-9-radio\/#primaryimage"},"thumbnailUrl":"https:\/\/cu4arquitectura.com\/wp-content\/uploads\/2024\/05\/d3e5e942-a88c-4240-b02a-45038b159faf.jpg","datePublished":"2024-03-05T06:08:04+00:00","dateModified":"2026-08-03T07:52:22+00:00","description":"El pasado jueves d\u00eda 29 de febrero estuvimos en la 99.9 radio, en la que nos hicieron una entrevista en la radio para hablar de arquitectura","breadcrumb":{"@id":"https:\/\/cu4arquitectura.com\/en\/2024\/03\/05\/entrevista-a-cu4-arquitectura-en-la-99-9-radio\/#breadcrumb"},"inLanguage":"en-US","potentialAction":[{"@type":"ReadAction","target":["https:\/\/cu4arquitectura.com\/en\/2024\/03\/05\/entrevista-a-cu4-arquitectura-en-la-99-9-radio\/"]}]},{"@type":"ImageObject","inLanguage":"en-US","@id":"https:\/\/cu4arquitectura.com\/en\/2024\/03\/05\/entrevista-a-cu4-arquitectura-en-la-99-9-radio\/#primaryimage","url":"https:\/\/cu4arquitectura.com\/wp-content\/uploads\/2024\/05\/d3e5e942-a88c-4240-b02a-45038b159faf.jpg","contentUrl":"https:\/\/cu4arquitectura.com\/wp-content\/uploads\/2024\/05\/d3e5e942-a88c-4240-b02a-45038b159faf.jpg","width":2027,"height":2048},{"@type":"BreadcrumbList","@id":"https:\/\/cu4arquitectura.com\/en\/2024\/03\/05\/entrevista-a-cu4-arquitectura-en-la-99-9-radio\/#breadcrumb","itemListElement":[{"@type":"ListItem","position":1,"name":"Portada","item":"https:\/\/cu4arquitectura.com\/en\/"},{"@type":"ListItem","position":2,"name":"Entrevista a CU4 arquitectura en la 99.9 radio"}]},{"@type":"WebSite","@id":"https:\/\/cu4arquitectura.com\/en\/#website","url":"https:\/\/cu4arquitectura.com\/en\/","name":"CU4 Arquitectos en Valencia | Estudio de arquitectura","description":"Arquitectos en Valencia | Especializados en espacios a medida para empresas y particulares, dise\u00f1ados para tu bienestar","publisher":{"@id":"https:\/\/cu4arquitectura.com\/en\/#organization"},"potentialAction":[{"@type":"SearchAction","target":{"@type":"EntryPoint","urlTemplate":"https:\/\/cu4arquitectura.com\/en\/?s={search_term_string}"},"query-input":{"@type":"PropertyValueSpecification","valueRequired":true,"valueName":"search_term_string"}}],"inLanguage":"en-US"},{"@type":"Organization","@id":"https:\/\/cu4arquitectura.com\/en\/#organization","name":"CU4 Arquitectos en Valencia | Estudio de arquitectura","url":"https:\/\/cu4arquitectura.com\/en\/","logo":{"@type":"ImageObject","inLanguage":"en-US","@id":"https:\/\/cu4arquitectura.com\/en\/#\/schema\/logo\/image\/","url":"https:\/\/cu4arquitectura.com\/wp-content\/uploads\/2024\/01\/LOGO_CU4_original.svg","contentUrl":"https:\/\/cu4arquitectura.com\/wp-content\/uploads\/2024\/01\/LOGO_CU4_original.svg","width":841,"height":595,"caption":"CU4 Arquitectos en Valencia | Estudio de arquitectura"},"image":{"@id":"https:\/\/cu4arquitectura.com\/en\/#\/schema\/logo\/image\/"}},{"@type":"Person","@id":"https:\/\/cu4arquitectura.com\/en\/#\/schema\/person\/cab7e5614eeb0bf71d933154c307cbad","name":"cu4_admin","image":{"@type":"ImageObject","inLanguage":"en-US","@id":"https:\/\/secure.gravatar.com\/avatar\/46fdd98ce0115379d1eed8cb88e5aa19a6581b97ba5db2084f7ed87a818bb40a?s=96&d=mm&r=g","url":"https:\/\/secure.gravatar.com\/avatar\/46fdd98ce0115379d1eed8cb88e5aa19a6581b97ba5db2084f7ed87a818bb40a?s=96&d=mm&r=g","contentUrl":"https:\/\/secure.gravatar.com\/avatar\/46fdd98ce0115379d1eed8cb88e5aa19a6581b97ba5db2084f7ed87a818bb40a?s=96&d=mm&r=g","caption":"cu4_admin"},"sameAs":["https:\/\/cu4arquitectura.com"],"url":"https:\/\/cu4arquitectura.com\/en\/author\/cu4_admin\/"}]}},"_links":{"self":[{"href":"https:\/\/cu4arquitectura.com\/en\/wp-json\/wp\/v2\/posts\/4000","targetHints":{"allow":["GET"]}}],"collection":[{"href":"https:\/\/cu4arquitectura.com\/en\/wp-json\/wp\/v2\/posts"}],"about":[{"href":"https:\/\/cu4arquitectura.com\/en\/wp-json\/wp\/v2\/types\/post"}],"author":[{"embeddable":true,"href":"https:\/\/cu4arquitectura.com\/en\/wp-json\/wp\/v2\/users\/1"}],"replies":[{"embeddable":true,"href":"https:\/\/cu4arquitectura.com\/en\/wp-json\/wp\/v2\/comments?post=4000"}],"version-history":[{"count":3,"href":"https:\/\/cu4arquitectura.com\/en\/wp-json\/wp\/v2\/posts\/4000\/revisions"}],"predecessor-version":[{"id":9499,"href":"https:\/\/cu4arquitectura.com\/en\/wp-json\/wp\/v2\/posts\/4000\/revisions\/9499"}],"wp:featuredmedia":[{"embeddable":true,"href":"https:\/\/cu4arquitectura.com\/en\/wp-json\/wp\/v2\/media\/5388"}],"wp:attachment":[{"href":"https:\/\/cu4arquitectura.com\/en\/wp-json\/wp\/v2\/media?parent=4000"}],"wp:term":[{"taxonomy":"category","embeddable":true,"href":"https:\/\/cu4arquitectura.com\/en\/wp-json\/wp\/v2\/categories?post=4000"},{"taxonomy":"post_tag","embeddable":true,"href":"https:\/\/cu4arquitectura.com\/en\/wp-json\/wp\/v2\/tags?post=4000"}],"curies":[{"name":"wp","href":"https:\/\/api.w.org\/{rel}","templated":true}]}}