{"id":3945,"date":"2024-01-31T11:24:58","date_gmt":"2024-01-31T09:24:58","guid":{"rendered":"https:\/\/www.cu4arquitectura.com\/?p=3945"},"modified":"2026-08-03T07:33:50","modified_gmt":"2026-08-03T07:33:50","slug":"i-congreso-nacional-de-neuroarquitectura","status":"publish","type":"post","link":"https:\/\/cu4arquitectura.com\/en\/2024\/01\/31\/i-congreso-nacional-de-neuroarquitectura\/","title":{"rendered":"I Congreso Nacional de Neuroarquitectura"},"content":{"rendered":"\n<h3 class=\"wp-block-heading\">OS CONTAMOS C\u00d3MO LA NEUROARQUITECTURA PUEDE SER LA GRAN ALIADA DE LA ARQUTECTURA SALUDABLE<\/h3>\n\n\n\n<p class=\"wp-block-paragraph\">El pasado viernes d\u00eda 26 de enero, tuvimos el enorme placer de participar en el Primer Congreso Nacional de Neuroarquitectura en la Universidad Polit\u00e9cnica de Valencia.<\/p>\n\n\n\n<p class=\"wp-block-paragraph\">En \u00e9l, adem\u00e1s de asentar gran cantidad de conceptos relacionados con la neuroarquitectura, pudimos compartir nuestra experiencia desde CU4 Arquitectura y explicar c\u00f3mo en los \u00faltimos a\u00f1os hemos puesto el foco en el impacto que tienen sobre nuestra salud y nuestro bienestar aquellos lugares donde las personas pasamos gran parte de nuestro tiempo. Espacios donde las personas se quieren, se relacionan, trabajan, aprenden o descansan.<\/p>\n\n\n\n<h3 class=\"wp-block-heading\">WELL Certified<\/h3>\n\n\n\n<figure class=\"wp-block-image\"><img decoding=\"async\" src=\"https:\/\/cu4arquitectura.com\/wp-content\/uploads\/2024\/05\/CONGRESO-NAQ-MESA-REDONDA-2-ANNA-CU4_page-0001.jpg\" alt=\"\"\/><\/figure>\n\n\n\n<p class=\"wp-block-paragraph\">Contamos c\u00f3mo nuestro punto de partida fue formarnos para ser Profesional Acreditado por el <a href=\"https:\/\/www.wellcertified.com\/\">International Well Building Institute<\/a> (del que tuvimos una magn\u00edfica representaci\u00f3n con Giovanna Jagger). WELL nos di\u00f3 la oportunidad de tener una visi\u00f3n global sobre la relaci\u00f3n entre arquitectura y salud.<\/p>\n\n\n\n<p class=\"wp-block-paragraph\">En WELL trabajamos 10 conceptos. Algunos est\u00e1n claramente relacionados con el dise\u00f1o del edificio como puede ser la calidad del aire o el dise\u00f1o de la iluminaci\u00f3n no solo desde el punto de vista de las necesidades visuales de las personas sino tambi\u00e9n de las necesidades biol\u00f3gicas.<\/p>\n\n\n\n<p class=\"wp-block-paragraph\">Tambi\u00e9n trabajamos otros conceptos que tienen que ver m\u00e1s con el dise\u00f1o del uso de ese edificio, con preveer el comportamiento humano en ese espacio, c\u00f3mo puede ser favoreciendo un estilo de alimentaci\u00f3n saludable o la actividad f\u00edsica y una mejor ergonom\u00eda o incluso qu\u00e9&nbsp; productos de limpieza usar para luchar contra la toxicidad ambiental.<\/p>\n\n\n\n<p class=\"wp-block-paragraph\">Gracias a WELL, que est\u00e1 basado en evidencias cient\u00edficas, pudimos avanzar, y comprender que la ciencia puede ser nuestra gran aliada.<\/p>\n\n\n\n<h3 class=\"wp-block-heading\">Armon\u00eda Epigen\u00e9tica<\/h3>\n\n\n\n<figure class=\"wp-block-image\"><img decoding=\"async\" src=\"https:\/\/cu4arquitectura.com\/wp-content\/uploads\/2024\/05\/CONGRESO-NAQ-MESA-REDONDA-2-ANNA-CU4_page-0002.jpg\" alt=\"\"\/><\/figure>\n\n\n\n<p class=\"wp-block-paragraph\">Y c\u00f3mo escribe la bi\u00f3loga Elizabeth Silvestre, como nos encanta la vida, no pod\u00eda dejar de emocionarnos la biolog\u00eda. Y para nosotros fue crucial conocer conceptos como la \u201cepigen\u00e9tica\u201d que explica c\u00f3mo el entorno puede moldear o modificar la expresi\u00f3n de nuestros genes. (Quiz\u00e1s hay\u00e1is le\u00eddo titulares que dicen que el&nbsp; c\u00f3digo postal es m\u00e1s importante para nuestra salud que el c\u00f3digo gen\u00e9tico). Bueno, pues de ah\u00ed nuestro compromiso con dise\u00f1ar espacios que no solo sean bellos, sino que adem\u00e1s persigan la idea de la armon\u00eda epigen\u00e9tica.<\/p>\n\n\n\n<p class=\"wp-block-paragraph\">Qu\u00e9 alegr\u00eda escuchar en la conferencia inaugural a la Vicerrectora de Desarrollo Sostenible de los Campus de la UPV, D\u00e9bora Domingo, hablar de ese nuevo concepto de belleza que recoge la New European Bauhaus. Bello no es solo un concepto est\u00e9tico, bello es tambi\u00e9n lo \u201cinclusivo y accesible\u201d apto para todo el mundo y para un bienestar mejor. Bello es tambi\u00e9n aquello que es sostenible (aquello que perdure en el tiempo y resiliente). Y Bello es tambi\u00e9n es el que provee de experiencias a las personas en los espacios.<\/p>\n\n\n\n<p class=\"wp-block-paragraph\">La ciencia ha avanzado mucho en los \u00faltimos a\u00f1os, y los arquitectos debemos apoyarnos en ella.<\/p>\n\n\n\n<p class=\"wp-block-paragraph\">Cuando nos preguntan sobre qu\u00e9 es esto tan difuso de la \u201carquitectura saludable\u201d. La respuesta muchas es veces es que &#8220;no es tan difuso&#8221;. Y que <strong>el bienestar se puede medir<\/strong>. Medimos par\u00e1metros como la calidad del agua, la ac\u00fastica o la temperatura.<\/p>\n\n\n\n<p class=\"wp-block-paragraph\">Pero \u00bfY las personas? Y aqu\u00ed es donde vemos el enorme potencial de la Neuorarquitectura. De igual forma que podemos medir el espacio, es fant\u00e1stico poder contar con equipos de profesionales cualificados como el <a href=\"https:\/\/na.webs.upv.es\/congresonaq\/\">Laboratorio de neuroarquitectura de la UPV<\/a>, que cuentan con herramientas que nos permiten medir las respuestas neurofisiol\u00f3gicas de las personas a ese espacio.<\/p>\n\n\n\n<p class=\"wp-block-paragraph\">Y bueno\u2026 Aunque la intuici\u00f3n nos dice que lo \u00f3ptimo vendr\u00e1 de encontrar el razonable equilibrio entre la conexi\u00f3n y tambi\u00e9n la necesaria desconexi\u00f3n de la tecnolog\u00eda, as\u00ed como de valorar adecuadamente nuestra REconexi\u00f3n tantas veces perdida con la naturaleza. Quer\u00edamos quedarnos con la idea de pensar en el dise\u00f1o como una herramienta de prevenci\u00f3n de una nueva medicina de la salud, que se adelante al tradicional sistema de medicina m\u00e1s correctiva.<\/p>\n\n\n\n<h3 class=\"wp-block-heading\">Mensaje final<\/h3>\n\n\n\n<figure class=\"wp-block-image\"><img decoding=\"async\" src=\"https:\/\/cu4arquitectura.com\/wp-content\/uploads\/2024\/05\/CONGRESO-NAQ-MESA-REDONDA-2-ANNA-CU4_page-0003.jpg\" alt=\"\"\/><\/figure>\n\n\n\n<p class=\"wp-block-paragraph\">Antes de finalizar nuestra exposici\u00f3n en el I Congreso Nacional de Neuroarquitectura, quisimos compartir una bonita reflexi\u00f3n que le\u00ed hace un tiempo del Dr. Carlos Lopez Otin,&nbsp; y que creemos que resume el fin \u00faltimo y la raz\u00f3n que nos ha movido para estar all\u00ed todos juntos:<\/p>\n\n\n\n<p class=\"wp-block-paragraph\"><em>\u201cSiempre pens\u00e9 que los avances cient\u00edficos y tecnol\u00f3gicos s\u00f3lo tienen verdadero sentido si se interpretan bajo un prisma humanista que permita asegurar que el objetivo final no sea otro que el de mejorar la vida humana.\u201d<\/em><\/p>\n\n\n\n<p class=\"wp-block-paragraph\">Maravillosa frase, y maravillosa imagen que nos envi\u00f3 el propio L\u00f3pez Ot\u00edn para I Congreso Nacional de Neuroarquitectura.<\/p>\n\n\n\n<p class=\"wp-block-paragraph\">Tenemos una apasionante tarea por delante, por ello quisimos lanzar una idea a nuestros colegas, para que juntos, pongamos el foco en aquello que nos une por encima de lo que nos separa.<\/p>\n\n\n\n<p class=\"wp-block-paragraph\">\u00a1\u00a1\u00a1Muchas gracias Laboratorio de Neuroaquitectura de la Universidad Polit\u00e9cnica de Valencia por permitirnos formar parte de vuestro gran dia!!!<\/p>\n\n\n\n<figure class=\"wp-block-image\"><img decoding=\"async\" src=\"https:\/\/cu4arquitectura.com\/wp-content\/uploads\/2024\/05\/CONGRESO-NEUROARQUTIECTURA-_-CU4-ARQUITECTURA-scaled.jpg\" alt=\"\"\/><\/figure>\n\n\n\n<p class=\"wp-block-paragraph\">Si quieres conocer un poco mejor, en qu\u00e9 consiste el est\u00e1ndar WELL para organizaciones, no dudes en visitar nuestra p\u00e1gina cu4well.com\/<\/p>\n\n\n\n<p class=\"wp-block-paragraph\">Si quieres saber c\u00f3mo aplicar estos criterios en tu casa y en tu d\u00eda a dia, te invitamos a visitar nuestra secci\u00f3n &#8220;<a href=\"https:\/\/cu4well.com\/\"><strong>arquitectura saludable<\/strong><\/a>&#8220;<\/p>\n\n\n\n<p class=\"wp-block-paragraph\">Y si necesitas que te ayudemos en alg\u00fan proyecto en concreto, no dudes en <a href=\"https:\/\/www.cu4arquitectura.com\/contacto\"><strong>contactar con nosotros!&nbsp;<\/strong><\/a><\/p>\n","protected":false},"excerpt":{"rendered":"<p>OS CONTAMOS C\u00d3MO LA NEUROARQUITECTURA PUEDE SER LA GRAN ALIADA DE LA ARQUTECTURA SALUDABLE El pasado viernes d\u00eda 26 de enero, tuvimos el enorme placer de participar en el Primer Congreso Nacional de Neuroarquitectura en la Universidad Polit\u00e9cnica de Valencia. En \u00e9l, adem\u00e1s de asentar gran cantidad de conceptos relacionados con la neuroarquitectura, pudimos compartir [&hellip;]<\/p>\n","protected":false},"author":1,"featured_media":5393,"comment_status":"open","ping_status":"open","sticky":false,"template":"","format":"standard","meta":{"_acf_changed":false,"footnotes":""},"categories":[6],"tags":[],"class_list":["post-3945","post","type-post","status-publish","format-standard","has-post-thumbnail","hentry","category-cu4"],"acf":[],"yoast_head":"<!-- This site is optimized with the Yoast SEO plugin v27.7 - https:\/\/yoast.com\/product\/yoast-seo-wordpress\/ -->\n<title>I Congreso Nacional de Neuroarquitectura - CU4 Arquitectos en Valencia | Estudio de arquitectura<\/title>\n<meta name=\"description\" content=\"El pasado viernes 26 de enero participamos en el I Congreso Nacional de Neuroarquitectura. Te contamos en este post algunos detalles.\" \/>\n<meta name=\"robots\" content=\"index, follow, max-snippet:-1, max-image-preview:large, max-video-preview:-1\" \/>\n<link rel=\"canonical\" href=\"https:\/\/cu4arquitectura.com\/en\/2024\/01\/31\/i-congreso-nacional-de-neuroarquitectura\/\" \/>\n<meta property=\"og:locale\" content=\"en_US\" \/>\n<meta property=\"og:type\" content=\"article\" \/>\n<meta property=\"og:title\" content=\"I Congreso Nacional de Neuroarquitectura - CU4 Arquitectos en Valencia | Estudio de arquitectura\" \/>\n<meta property=\"og:description\" content=\"El pasado viernes 26 de enero participamos en el I Congreso Nacional de Neuroarquitectura. Te contamos en este post algunos detalles.\" \/>\n<meta property=\"og:url\" content=\"https:\/\/cu4arquitectura.com\/en\/2024\/01\/31\/i-congreso-nacional-de-neuroarquitectura\/\" \/>\n<meta property=\"og:site_name\" content=\"CU4 Arquitectos en Valencia | Estudio de arquitectura\" \/>\n<meta property=\"article:published_time\" content=\"2024-01-31T09:24:58+00:00\" \/>\n<meta property=\"article:modified_time\" content=\"2026-08-03T07:33:50+00:00\" \/>\n<meta property=\"og:image\" content=\"https:\/\/cu4arquitectura.com\/wp-content\/uploads\/2024\/05\/CONGRESO-NAQ-MESA-REDONDA-2-ANNA-CU4_page-0001.jpg\" \/>\n\t<meta property=\"og:image:width\" content=\"2000\" \/>\n\t<meta property=\"og:image:height\" content=\"1125\" \/>\n\t<meta property=\"og:image:type\" content=\"image\/jpeg\" \/>\n<meta name=\"author\" content=\"cu4_admin\" \/>\n<meta name=\"twitter:card\" content=\"summary_large_image\" \/>\n<meta name=\"twitter:label1\" content=\"Written by\" \/>\n\t<meta name=\"twitter:data1\" content=\"cu4_admin\" \/>\n\t<meta name=\"twitter:label2\" content=\"Est. reading time\" \/>\n\t<meta name=\"twitter:data2\" content=\"5 minutes\" \/>\n<script type=\"application\/ld+json\" class=\"yoast-schema-graph\">{\"@context\":\"https:\\\/\\\/schema.org\",\"@graph\":[{\"@type\":\"Article\",\"@id\":\"https:\\\/\\\/cu4arquitectura.com\\\/en\\\/2024\\\/01\\\/31\\\/i-congreso-nacional-de-neuroarquitectura\\\/#article\",\"isPartOf\":{\"@id\":\"https:\\\/\\\/cu4arquitectura.com\\\/en\\\/2024\\\/01\\\/31\\\/i-congreso-nacional-de-neuroarquitectura\\\/\"},\"author\":{\"name\":\"cu4_admin\",\"@id\":\"https:\\\/\\\/cu4arquitectura.com\\\/en\\\/#\\\/schema\\\/person\\\/cab7e5614eeb0bf71d933154c307cbad\"},\"headline\":\"I Congreso Nacional de Neuroarquitectura\",\"datePublished\":\"2024-01-31T09:24:58+00:00\",\"dateModified\":\"2026-08-03T07:33:50+00:00\",\"mainEntityOfPage\":{\"@id\":\"https:\\\/\\\/cu4arquitectura.com\\\/en\\\/2024\\\/01\\\/31\\\/i-congreso-nacional-de-neuroarquitectura\\\/\"},\"wordCount\":947,\"commentCount\":0,\"publisher\":{\"@id\":\"https:\\\/\\\/cu4arquitectura.com\\\/en\\\/#organization\"},\"image\":{\"@id\":\"https:\\\/\\\/cu4arquitectura.com\\\/en\\\/2024\\\/01\\\/31\\\/i-congreso-nacional-de-neuroarquitectura\\\/#primaryimage\"},\"thumbnailUrl\":\"https:\\\/\\\/cu4arquitectura.com\\\/wp-content\\\/uploads\\\/2024\\\/05\\\/CONGRESO-NAQ-MESA-REDONDA-2-ANNA-CU4_page-0001.jpg\",\"articleSection\":[\"CU4 Arquitectura\"],\"inLanguage\":\"en-US\",\"potentialAction\":[{\"@type\":\"CommentAction\",\"name\":\"Comment\",\"target\":[\"https:\\\/\\\/cu4arquitectura.com\\\/en\\\/2024\\\/01\\\/31\\\/i-congreso-nacional-de-neuroarquitectura\\\/#respond\"]}]},{\"@type\":\"WebPage\",\"@id\":\"https:\\\/\\\/cu4arquitectura.com\\\/en\\\/2024\\\/01\\\/31\\\/i-congreso-nacional-de-neuroarquitectura\\\/\",\"url\":\"https:\\\/\\\/cu4arquitectura.com\\\/en\\\/2024\\\/01\\\/31\\\/i-congreso-nacional-de-neuroarquitectura\\\/\",\"name\":\"I Congreso Nacional de Neuroarquitectura - CU4 Arquitectos en Valencia | Estudio de arquitectura\",\"isPartOf\":{\"@id\":\"https:\\\/\\\/cu4arquitectura.com\\\/en\\\/#website\"},\"primaryImageOfPage\":{\"@id\":\"https:\\\/\\\/cu4arquitectura.com\\\/en\\\/2024\\\/01\\\/31\\\/i-congreso-nacional-de-neuroarquitectura\\\/#primaryimage\"},\"image\":{\"@id\":\"https:\\\/\\\/cu4arquitectura.com\\\/en\\\/2024\\\/01\\\/31\\\/i-congreso-nacional-de-neuroarquitectura\\\/#primaryimage\"},\"thumbnailUrl\":\"https:\\\/\\\/cu4arquitectura.com\\\/wp-content\\\/uploads\\\/2024\\\/05\\\/CONGRESO-NAQ-MESA-REDONDA-2-ANNA-CU4_page-0001.jpg\",\"datePublished\":\"2024-01-31T09:24:58+00:00\",\"dateModified\":\"2026-08-03T07:33:50+00:00\",\"description\":\"El pasado viernes 26 de enero participamos en el I Congreso Nacional de Neuroarquitectura. Te contamos en este post algunos detalles.\",\"breadcrumb\":{\"@id\":\"https:\\\/\\\/cu4arquitectura.com\\\/en\\\/2024\\\/01\\\/31\\\/i-congreso-nacional-de-neuroarquitectura\\\/#breadcrumb\"},\"inLanguage\":\"en-US\",\"potentialAction\":[{\"@type\":\"ReadAction\",\"target\":[\"https:\\\/\\\/cu4arquitectura.com\\\/en\\\/2024\\\/01\\\/31\\\/i-congreso-nacional-de-neuroarquitectura\\\/\"]}]},{\"@type\":\"ImageObject\",\"inLanguage\":\"en-US\",\"@id\":\"https:\\\/\\\/cu4arquitectura.com\\\/en\\\/2024\\\/01\\\/31\\\/i-congreso-nacional-de-neuroarquitectura\\\/#primaryimage\",\"url\":\"https:\\\/\\\/cu4arquitectura.com\\\/wp-content\\\/uploads\\\/2024\\\/05\\\/CONGRESO-NAQ-MESA-REDONDA-2-ANNA-CU4_page-0001.jpg\",\"contentUrl\":\"https:\\\/\\\/cu4arquitectura.com\\\/wp-content\\\/uploads\\\/2024\\\/05\\\/CONGRESO-NAQ-MESA-REDONDA-2-ANNA-CU4_page-0001.jpg\",\"width\":2000,\"height\":1125},{\"@type\":\"BreadcrumbList\",\"@id\":\"https:\\\/\\\/cu4arquitectura.com\\\/en\\\/2024\\\/01\\\/31\\\/i-congreso-nacional-de-neuroarquitectura\\\/#breadcrumb\",\"itemListElement\":[{\"@type\":\"ListItem\",\"position\":1,\"name\":\"Portada\",\"item\":\"https:\\\/\\\/cu4arquitectura.com\\\/en\\\/\"},{\"@type\":\"ListItem\",\"position\":2,\"name\":\"I Congreso Nacional de Neuroarquitectura\"}]},{\"@type\":\"WebSite\",\"@id\":\"https:\\\/\\\/cu4arquitectura.com\\\/en\\\/#website\",\"url\":\"https:\\\/\\\/cu4arquitectura.com\\\/en\\\/\",\"name\":\"CU4 Arquitectos en Valencia | Estudio de arquitectura\",\"description\":\"Arquitectos en Valencia | Especializados en espacios a medida para empresas y particulares, dise\u00f1ados para tu bienestar\",\"publisher\":{\"@id\":\"https:\\\/\\\/cu4arquitectura.com\\\/en\\\/#organization\"},\"potentialAction\":[{\"@type\":\"SearchAction\",\"target\":{\"@type\":\"EntryPoint\",\"urlTemplate\":\"https:\\\/\\\/cu4arquitectura.com\\\/en\\\/?s={search_term_string}\"},\"query-input\":{\"@type\":\"PropertyValueSpecification\",\"valueRequired\":true,\"valueName\":\"search_term_string\"}}],\"inLanguage\":\"en-US\"},{\"@type\":\"Organization\",\"@id\":\"https:\\\/\\\/cu4arquitectura.com\\\/en\\\/#organization\",\"name\":\"CU4 Arquitectos en Valencia | Estudio de arquitectura\",\"url\":\"https:\\\/\\\/cu4arquitectura.com\\\/en\\\/\",\"logo\":{\"@type\":\"ImageObject\",\"inLanguage\":\"en-US\",\"@id\":\"https:\\\/\\\/cu4arquitectura.com\\\/en\\\/#\\\/schema\\\/logo\\\/image\\\/\",\"url\":\"https:\\\/\\\/cu4arquitectura.com\\\/wp-content\\\/uploads\\\/2024\\\/01\\\/LOGO_CU4_original.svg\",\"contentUrl\":\"https:\\\/\\\/cu4arquitectura.com\\\/wp-content\\\/uploads\\\/2024\\\/01\\\/LOGO_CU4_original.svg\",\"width\":841,\"height\":595,\"caption\":\"CU4 Arquitectos en Valencia | Estudio de arquitectura\"},\"image\":{\"@id\":\"https:\\\/\\\/cu4arquitectura.com\\\/en\\\/#\\\/schema\\\/logo\\\/image\\\/\"}},{\"@type\":\"Person\",\"@id\":\"https:\\\/\\\/cu4arquitectura.com\\\/en\\\/#\\\/schema\\\/person\\\/cab7e5614eeb0bf71d933154c307cbad\",\"name\":\"cu4_admin\",\"image\":{\"@type\":\"ImageObject\",\"inLanguage\":\"en-US\",\"@id\":\"https:\\\/\\\/secure.gravatar.com\\\/avatar\\\/46fdd98ce0115379d1eed8cb88e5aa19a6581b97ba5db2084f7ed87a818bb40a?s=96&d=mm&r=g\",\"url\":\"https:\\\/\\\/secure.gravatar.com\\\/avatar\\\/46fdd98ce0115379d1eed8cb88e5aa19a6581b97ba5db2084f7ed87a818bb40a?s=96&d=mm&r=g\",\"contentUrl\":\"https:\\\/\\\/secure.gravatar.com\\\/avatar\\\/46fdd98ce0115379d1eed8cb88e5aa19a6581b97ba5db2084f7ed87a818bb40a?s=96&d=mm&r=g\",\"caption\":\"cu4_admin\"},\"sameAs\":[\"https:\\\/\\\/cu4arquitectura.com\"],\"url\":\"https:\\\/\\\/cu4arquitectura.com\\\/en\\\/author\\\/cu4_admin\\\/\"}]}<\/script>\n<!-- \/ Yoast SEO plugin. -->","yoast_head_json":{"title":"I Congreso Nacional de Neuroarquitectura - CU4 Arquitectos en Valencia | Estudio de arquitectura","description":"El pasado viernes 26 de enero participamos en el I Congreso Nacional de Neuroarquitectura. Te contamos en este post algunos detalles.","robots":{"index":"index","follow":"follow","max-snippet":"max-snippet:-1","max-image-preview":"max-image-preview:large","max-video-preview":"max-video-preview:-1"},"canonical":"https:\/\/cu4arquitectura.com\/en\/2024\/01\/31\/i-congreso-nacional-de-neuroarquitectura\/","og_locale":"en_US","og_type":"article","og_title":"I Congreso Nacional de Neuroarquitectura - CU4 Arquitectos en Valencia | Estudio de arquitectura","og_description":"El pasado viernes 26 de enero participamos en el I Congreso Nacional de Neuroarquitectura. Te contamos en este post algunos detalles.","og_url":"https:\/\/cu4arquitectura.com\/en\/2024\/01\/31\/i-congreso-nacional-de-neuroarquitectura\/","og_site_name":"CU4 Arquitectos en Valencia | Estudio de arquitectura","article_published_time":"2024-01-31T09:24:58+00:00","article_modified_time":"2026-08-03T07:33:50+00:00","og_image":[{"width":2000,"height":1125,"url":"https:\/\/cu4arquitectura.com\/wp-content\/uploads\/2024\/05\/CONGRESO-NAQ-MESA-REDONDA-2-ANNA-CU4_page-0001.jpg","type":"image\/jpeg"}],"author":"cu4_admin","twitter_card":"summary_large_image","twitter_misc":{"Written by":"cu4_admin","Est. reading time":"5 minutes"},"schema":{"@context":"https:\/\/schema.org","@graph":[{"@type":"Article","@id":"https:\/\/cu4arquitectura.com\/en\/2024\/01\/31\/i-congreso-nacional-de-neuroarquitectura\/#article","isPartOf":{"@id":"https:\/\/cu4arquitectura.com\/en\/2024\/01\/31\/i-congreso-nacional-de-neuroarquitectura\/"},"author":{"name":"cu4_admin","@id":"https:\/\/cu4arquitectura.com\/en\/#\/schema\/person\/cab7e5614eeb0bf71d933154c307cbad"},"headline":"I Congreso Nacional de Neuroarquitectura","datePublished":"2024-01-31T09:24:58+00:00","dateModified":"2026-08-03T07:33:50+00:00","mainEntityOfPage":{"@id":"https:\/\/cu4arquitectura.com\/en\/2024\/01\/31\/i-congreso-nacional-de-neuroarquitectura\/"},"wordCount":947,"commentCount":0,"publisher":{"@id":"https:\/\/cu4arquitectura.com\/en\/#organization"},"image":{"@id":"https:\/\/cu4arquitectura.com\/en\/2024\/01\/31\/i-congreso-nacional-de-neuroarquitectura\/#primaryimage"},"thumbnailUrl":"https:\/\/cu4arquitectura.com\/wp-content\/uploads\/2024\/05\/CONGRESO-NAQ-MESA-REDONDA-2-ANNA-CU4_page-0001.jpg","articleSection":["CU4 Arquitectura"],"inLanguage":"en-US","potentialAction":[{"@type":"CommentAction","name":"Comment","target":["https:\/\/cu4arquitectura.com\/en\/2024\/01\/31\/i-congreso-nacional-de-neuroarquitectura\/#respond"]}]},{"@type":"WebPage","@id":"https:\/\/cu4arquitectura.com\/en\/2024\/01\/31\/i-congreso-nacional-de-neuroarquitectura\/","url":"https:\/\/cu4arquitectura.com\/en\/2024\/01\/31\/i-congreso-nacional-de-neuroarquitectura\/","name":"I Congreso Nacional de Neuroarquitectura - CU4 Arquitectos en Valencia | Estudio de arquitectura","isPartOf":{"@id":"https:\/\/cu4arquitectura.com\/en\/#website"},"primaryImageOfPage":{"@id":"https:\/\/cu4arquitectura.com\/en\/2024\/01\/31\/i-congreso-nacional-de-neuroarquitectura\/#primaryimage"},"image":{"@id":"https:\/\/cu4arquitectura.com\/en\/2024\/01\/31\/i-congreso-nacional-de-neuroarquitectura\/#primaryimage"},"thumbnailUrl":"https:\/\/cu4arquitectura.com\/wp-content\/uploads\/2024\/05\/CONGRESO-NAQ-MESA-REDONDA-2-ANNA-CU4_page-0001.jpg","datePublished":"2024-01-31T09:24:58+00:00","dateModified":"2026-08-03T07:33:50+00:00","description":"El pasado viernes 26 de enero participamos en el I Congreso Nacional de Neuroarquitectura. Te contamos en este post algunos detalles.","breadcrumb":{"@id":"https:\/\/cu4arquitectura.com\/en\/2024\/01\/31\/i-congreso-nacional-de-neuroarquitectura\/#breadcrumb"},"inLanguage":"en-US","potentialAction":[{"@type":"ReadAction","target":["https:\/\/cu4arquitectura.com\/en\/2024\/01\/31\/i-congreso-nacional-de-neuroarquitectura\/"]}]},{"@type":"ImageObject","inLanguage":"en-US","@id":"https:\/\/cu4arquitectura.com\/en\/2024\/01\/31\/i-congreso-nacional-de-neuroarquitectura\/#primaryimage","url":"https:\/\/cu4arquitectura.com\/wp-content\/uploads\/2024\/05\/CONGRESO-NAQ-MESA-REDONDA-2-ANNA-CU4_page-0001.jpg","contentUrl":"https:\/\/cu4arquitectura.com\/wp-content\/uploads\/2024\/05\/CONGRESO-NAQ-MESA-REDONDA-2-ANNA-CU4_page-0001.jpg","width":2000,"height":1125},{"@type":"BreadcrumbList","@id":"https:\/\/cu4arquitectura.com\/en\/2024\/01\/31\/i-congreso-nacional-de-neuroarquitectura\/#breadcrumb","itemListElement":[{"@type":"ListItem","position":1,"name":"Portada","item":"https:\/\/cu4arquitectura.com\/en\/"},{"@type":"ListItem","position":2,"name":"I Congreso Nacional de Neuroarquitectura"}]},{"@type":"WebSite","@id":"https:\/\/cu4arquitectura.com\/en\/#website","url":"https:\/\/cu4arquitectura.com\/en\/","name":"CU4 Arquitectos en Valencia | Estudio de arquitectura","description":"Arquitectos en Valencia | Especializados en espacios a medida para empresas y particulares, dise\u00f1ados para tu bienestar","publisher":{"@id":"https:\/\/cu4arquitectura.com\/en\/#organization"},"potentialAction":[{"@type":"SearchAction","target":{"@type":"EntryPoint","urlTemplate":"https:\/\/cu4arquitectura.com\/en\/?s={search_term_string}"},"query-input":{"@type":"PropertyValueSpecification","valueRequired":true,"valueName":"search_term_string"}}],"inLanguage":"en-US"},{"@type":"Organization","@id":"https:\/\/cu4arquitectura.com\/en\/#organization","name":"CU4 Arquitectos en Valencia | Estudio de arquitectura","url":"https:\/\/cu4arquitectura.com\/en\/","logo":{"@type":"ImageObject","inLanguage":"en-US","@id":"https:\/\/cu4arquitectura.com\/en\/#\/schema\/logo\/image\/","url":"https:\/\/cu4arquitectura.com\/wp-content\/uploads\/2024\/01\/LOGO_CU4_original.svg","contentUrl":"https:\/\/cu4arquitectura.com\/wp-content\/uploads\/2024\/01\/LOGO_CU4_original.svg","width":841,"height":595,"caption":"CU4 Arquitectos en Valencia | Estudio de arquitectura"},"image":{"@id":"https:\/\/cu4arquitectura.com\/en\/#\/schema\/logo\/image\/"}},{"@type":"Person","@id":"https:\/\/cu4arquitectura.com\/en\/#\/schema\/person\/cab7e5614eeb0bf71d933154c307cbad","name":"cu4_admin","image":{"@type":"ImageObject","inLanguage":"en-US","@id":"https:\/\/secure.gravatar.com\/avatar\/46fdd98ce0115379d1eed8cb88e5aa19a6581b97ba5db2084f7ed87a818bb40a?s=96&d=mm&r=g","url":"https:\/\/secure.gravatar.com\/avatar\/46fdd98ce0115379d1eed8cb88e5aa19a6581b97ba5db2084f7ed87a818bb40a?s=96&d=mm&r=g","contentUrl":"https:\/\/secure.gravatar.com\/avatar\/46fdd98ce0115379d1eed8cb88e5aa19a6581b97ba5db2084f7ed87a818bb40a?s=96&d=mm&r=g","caption":"cu4_admin"},"sameAs":["https:\/\/cu4arquitectura.com"],"url":"https:\/\/cu4arquitectura.com\/en\/author\/cu4_admin\/"}]}},"_links":{"self":[{"href":"https:\/\/cu4arquitectura.com\/en\/wp-json\/wp\/v2\/posts\/3945","targetHints":{"allow":["GET"]}}],"collection":[{"href":"https:\/\/cu4arquitectura.com\/en\/wp-json\/wp\/v2\/posts"}],"about":[{"href":"https:\/\/cu4arquitectura.com\/en\/wp-json\/wp\/v2\/types\/post"}],"author":[{"embeddable":true,"href":"https:\/\/cu4arquitectura.com\/en\/wp-json\/wp\/v2\/users\/1"}],"replies":[{"embeddable":true,"href":"https:\/\/cu4arquitectura.com\/en\/wp-json\/wp\/v2\/comments?post=3945"}],"version-history":[{"count":3,"href":"https:\/\/cu4arquitectura.com\/en\/wp-json\/wp\/v2\/posts\/3945\/revisions"}],"predecessor-version":[{"id":9497,"href":"https:\/\/cu4arquitectura.com\/en\/wp-json\/wp\/v2\/posts\/3945\/revisions\/9497"}],"wp:featuredmedia":[{"embeddable":true,"href":"https:\/\/cu4arquitectura.com\/en\/wp-json\/wp\/v2\/media\/5393"}],"wp:attachment":[{"href":"https:\/\/cu4arquitectura.com\/en\/wp-json\/wp\/v2\/media?parent=3945"}],"wp:term":[{"taxonomy":"category","embeddable":true,"href":"https:\/\/cu4arquitectura.com\/en\/wp-json\/wp\/v2\/categories?post=3945"},{"taxonomy":"post_tag","embeddable":true,"href":"https:\/\/cu4arquitectura.com\/en\/wp-json\/wp\/v2\/tags?post=3945"}],"curies":[{"name":"wp","href":"https:\/\/api.w.org\/{rel}","templated":true}]}}