{"id":3773,"date":"2023-11-03T11:10:10","date_gmt":"2023-11-03T09:10:10","guid":{"rendered":"https:\/\/www.cu4arquitectura.com\/?p=3773"},"modified":"2026-06-08T10:57:57","modified_gmt":"2026-06-08T10:57:57","slug":"carpinterias-exteriores-de-aluminio-o-pvc","status":"publish","type":"post","link":"https:\/\/cu4arquitectura.com\/en\/2023\/11\/03\/carpinterias-exteriores-de-aluminio-o-pvc\/","title":{"rendered":"Carpinter\u00edas de aluminio y PVC"},"content":{"rendered":"\n<h3 class=\"wp-block-heading\">GU\u00cdA DEFINITIVA PARA ELEGIR LAS CARPINTER\u00cdAS DE ALUMINIO O PVC PERFECTAS PARA TU HOGAR<\/h3>\n\n\n\n<p class=\"wp-block-paragraph\">En el apasionante camino de construir tu nuevo hogar, las carpinter\u00edas exteriores desempe\u00f1an un papel crucial en la funcionalidad y est\u00e9tica de cualquier edificio. En este art\u00edculo, exploraremos a fondo las ventajas y opciones que ofrecen las carpinter\u00edas de aluminio y PVC para exteriores, as\u00ed como todos los complementos y accesorios esenciales que las acompa\u00f1an. Para ello, hemos conversado con Ximo de <a href=\"https:\/\/www.metalicasximo.com\/\">Met\u00e1licas Ximo<\/a>, uno de los mejores fabricantes de la Comunidad Valenciana. Con \u00e9l hablamos desde ventanas y puertas hasta persianas, mosquiteras y mucho m\u00e1s. Descubre c\u00f3mo estas soluciones vers\u00e1tiles pueden transformar no solo la apariencia, sino tambi\u00e9n la eficiencia energ\u00e9tica y la seguridad de tus proyectos arquitect\u00f3nicos.&nbsp;<\/p>\n\n\n\n<p class=\"wp-block-paragraph\">\u00a1Acomp\u00e1\u00f1anos en este viaje de dise\u00f1o y funcionalidad en el mundo de las carpinter\u00edas exteriores!&#8221;<\/p>\n\n\n\n<h3 class=\"wp-block-heading\">Carpinter\u00edas exteriores, el material: Aluminio o PVC<\/h3>\n\n\n\n<figure class=\"wp-block-image\"><img decoding=\"async\" src=\"https:\/\/cu4arquitectura.com\/wp-content\/uploads\/2024\/05\/eduard-Q4PvX80itZ0-unsplash-scaled.jpg\" alt=\"carpinter\u00eda de vidrio o pvc\"\/><\/figure>\n\n\n\n<p class=\"wp-block-paragraph\">Comenzando nuestra exploraci\u00f3n sobre carpinter\u00edas exteriores de aluminio y PVC, es esencial comprender los dos materiales fundamentales que conforman estas estructuras: <strong>el vers\u00e1til aluminio y el resurgente PVC<\/strong>. Hasta hace poco, el PVC hab\u00eda quedado en el olvido debido a ciertos prejuicios, pero en los \u00faltimos a\u00f1os, ha experimentado un renacimiento gracias a la abundante informaci\u00f3n disponible en l\u00ednea. Esto ha nivelado el terreno con el aluminio, que anteriormente dominaba el mercado. Sin embargo, <strong>tanto el PVC como el aluminio presentan sus ventajas y desventajas \u00fanicas<\/strong>.<\/p>\n\n\n\n<p class=\"wp-block-paragraph\">El <strong>PVC posee propiedades aislantes por naturaleza<\/strong>, mientras que el aluminio requiere la incorporaci\u00f3n de una rotura de puente t\u00e9rmico con materiales aislantes adicionales. Esto significa que, incluso sin una rotura de puente t\u00e9rmico, el PVC tiene una transmitancia t\u00e9rmica m\u00e1s baja que el aluminio con esta adici\u00f3n.<\/p>\n\n\n\n<p class=\"wp-block-paragraph\">Otra diferencia significativa es el tama\u00f1o de la secci\u00f3n transversal: el PVC supera al aluminio al ofrecer casi el doble de secci\u00f3n con transmitancias similares. Es decir,<strong> el marco de una ventana de PVC es m\u00e1s grueso, se ve m\u00e1s.&nbsp;<\/strong><\/p>\n\n\n\n<p class=\"wp-block-paragraph\">En cuanto a las dimensiones disponibles, el PVC presenta ciertas limitaciones, mientras que <strong>el aluminio permite dimensiones m\u00e1s amplias.<\/strong><\/p>\n\n\n\n<p class=\"wp-block-paragraph\">Por \u00faltimo, en lo que respecta al presupuesto, es importante tener en cuenta que <strong>una carpinter\u00eda de aluminio siempre tendr\u00e1 un costo superior en comparaci\u00f3n con una de PVC de dimensiones equivalentes<\/strong>, con una diferencia de aproximadamente un 30%.<\/p>\n\n\n\n<h3 class=\"wp-block-heading\">ACABADOS de las carpinter\u00edas de aluminio y PVC<\/h3>\n\n\n\n<figure class=\"wp-block-image\"><img decoding=\"async\" src=\"https:\/\/cu4arquitectura.com\/wp-content\/uploads\/2024\/05\/lily-banse-nQ3tG1t8eJg-unsplash-scaled.jpg\" alt=\"\"\/><\/figure>\n\n\n\n<p class=\"wp-block-paragraph\">Los acabados que podemos encontrar en las carpinter\u00edas de aluminio y las de PVC, son totalmente diferente unos de otros.<\/p>\n\n\n\n<h4 class=\"wp-block-heading\">Acabados del PVC en carpinter\u00edas exteriores<\/h4>\n\n\n\n<p class=\"wp-block-paragraph\">En el mundo de las carpinter\u00edas exteriores, el PVC destaca por su versatilidad en cuanto a colores. Los tonos m\u00e1s comunes, como blanco, marr\u00f3n, negro y gris, est\u00e1n integrados en el propio material. Sin embargo, si necesitas un color espec\u00edfico, puedes optar por un proceso de<strong> foliado,<\/strong> que se aplica en el exterior e interior del perfil utilizando calor, dejando el centro del material con el color de la masa original.<\/p>\n\n\n\n<h4 class=\"wp-block-heading\">Acabados del Aluminio en carpinter\u00edas exteriores<\/h4>\n\n\n\n<p class=\"wp-block-paragraph\">Las piezas de aluminio ofrecen la posibilidad de tener diferentes acabados exteriores e interiores, gracias a un proceso de <strong>lacado<\/strong> separado que luego se une mediante una poliamida. Los acabados m\u00e1s comunes en aluminio incluyen brillo, mate o mate texturizado, siendo este \u00faltimo el m\u00e1s popular debido a su agradable tacto y calidad final.<\/p>\n\n\n\n<p class=\"wp-block-paragraph\">Adem\u00e1s, en el aluminio se pueden encontrar <strong>anodizados<\/strong>, que proporcionan una variedad de colores, siendo plata, inox y bronce los m\u00e1s utilizados.<\/p>\n\n\n\n<h4 class=\"wp-block-heading\">Distinto color dentro y fuera&nbsp;<\/h4>\n\n\n\n<p class=\"wp-block-paragraph\">La personalizaci\u00f3n del acabado exterior e interior var\u00eda seg\u00fan el tipo de carpinter\u00eda. El aluminio, con piezas independientes debido a la rotura de puente t\u00e9rmico, y el PVC, que depende del foliado, ofrecen distintas opciones.<\/p>\n\n\n\n<h4 class=\"wp-block-heading\">Imitaci\u00f3n de madera<\/h4>\n\n\n\n<p class=\"wp-block-paragraph\">Tanto el aluminio como el PVC ofrecen la posibilidad de imitar la apariencia de la madera en sus carpinter\u00edas exteriores. Sin embargo, para lograr este efecto, es necesario que el material base tenga una coloraci\u00f3n acorde con la madera deseada. Luego, se realiza un tratamiento para crear el veteado caracter\u00edstico, lo que implica un coste adicional en la carpinter\u00eda. En ambos casos,<strong> la imitaci\u00f3n de madera tiende a ser m\u00e1s costosa que los acabados est\u00e1ndar<\/strong>, con un aumento de aproximadamente un 30% en el costo del material y un 10% en el precio final de la carpinter\u00eda.<\/p>\n\n\n\n<h3 class=\"wp-block-heading\">MOSQUITERAS&nbsp;<\/h3>\n\n\n\n<figure class=\"wp-block-image\"><img decoding=\"async\" src=\"https:\/\/cu4arquitectura.com\/wp-content\/uploads\/2024\/05\/scott-webb-TYso4-CK-as-unsplash-scaled.jpg\" alt=\"carpinterias aluminio y p\"\/><\/figure>\n\n\n\n<p class=\"wp-block-paragraph\">En el mundo de la arquitectura, las mosquiteras en las carpinter\u00edas exteriores de aluminio y PVC son elementos clave que generan opiniones divididas. Algunos no pueden prescindir de ellas, mientras que otros las evitan. Sin embargo, cuando se trata de integrar mosquiteras en estas estructuras, <strong>es posible lograr una armon\u00eda est\u00e9tica sorprendente<\/strong> sin comprometer la comodidad y la funcionalidad.<\/p>\n\n\n\n<p class=\"wp-block-paragraph\">Existen varios tipos de mosquiteras, desde las discretas que <strong>se ocultan como las gu\u00edas de las persianas<\/strong>, hasta las cl\u00e1sicas <strong>correderas<\/strong> y <strong>enrollables<\/strong>. En los \u00faltimos a\u00f1os, han surgido dos opciones adicionales: las mosquiteras <strong>plisadas<\/strong> y las <strong>enrollables laterales<\/strong>. Es importante destacar que estas \u00faltimas solo est\u00e1n disponibles en aluminio. Por lo tanto, incluso si tus ventanas son de PVC, el mecanismo de soporte y enrollado ser\u00e1 de aluminio, permitiendo obtener un acabado que coincide perfectamente con la est\u00e9tica del PVC de acabado foliado.<\/p>\n\n\n\n<h3 class=\"wp-block-heading\">PERSIANAS&nbsp;<\/h3>\n\n\n\n<p class=\"wp-block-paragraph\">Cuando hablamos de las persianas en carpinter\u00edas exteriores de aluminio y PVC en arquitectura, es fundamental considerar tanto la est\u00e9tica del edificio como los aspectos t\u00e9cnicos. Estas elecciones pueden influir en la <strong>creaci\u00f3n involuntaria de vol\u00famenes no deseados<\/strong>. Desde una perspectiva t\u00e9cnica, es crucial evitar problemas como los <strong>puentes t\u00e9rmicos y ac\u00fasticos<\/strong>.<\/p>\n\n\n\n<p class=\"wp-block-paragraph\">En este sentido, es importante destacar que existen soluciones modernas que resuelven estos desaf\u00edos de manera eficiente. Uno de los aspectos clave es el <strong>mecanismo<\/strong> de las persianas, que puede ser <strong>el\u00e9ctrico<\/strong> o mediante <strong>cinta<\/strong>. El uso de cintas para enrollar las persianas, adem\u00e1s de requerir un paso de cinta hacia el interior para su operaci\u00f3n manual, puede generar infiltraciones de aire no deseadas y ruido. En contraste, los sistemas motorizados ofrecen un enfoque m\u00e1s eficiente en t\u00e9rminos de funcionamiento y comodidad.<\/p>\n\n\n\n<p class=\"wp-block-paragraph\">La capacidad de oscurecer las ventanas es esencial, y las persianas desempe\u00f1an un papel crucial en esto. Sin embargo, los cajones de persiana tradicionales a menudo generaban problemas mencionados anteriormente. Actualmente, se dise\u00f1an<strong> cajones de PVC con aislamiento<\/strong> que proporcionan valores similares a los de las carpinter\u00edas, mejorando la transmisi\u00f3n de ruido y evitando problemas de infiltraci\u00f3n de aire.<\/p>\n\n\n\n<p class=\"wp-block-paragraph\">Adem\u00e1s, es fundamental que los cajones de las persianas se integren est\u00e9ticamente con las carpinter\u00edas. Los cajones de PVC <strong>pueden tener un acabado en aluminio, lo que garantiza una apariencia uniforme cuando las carpinter\u00edas son de aluminio<\/strong>.<\/p>\n\n\n\n<p class=\"wp-block-paragraph\">En cuanto a las innovaciones, el <strong>caj\u00f3n t\u00fanel<\/strong> es una opci\u00f3n a considerar. Este sistema se instala por separado del proceso de carpinter\u00eda y permite un mantenimiento m\u00e1s sencillo, ya que se realiza desde el exterior en lugar del interior. Aunque requiere una mayor secci\u00f3n en el cerramiento, este enfoque independiente<strong> no genera p\u00e9rdidas energ\u00e9ticas ni entrada de ruido, y su est\u00e9tica se integra sin comprometer la apariencia de los huecos<\/strong>. Para edificios de varias plantas, el caj\u00f3n t\u00fanel resulta ser algo conflictivo, ya que dificulta la inspecci\u00f3n para posibles mantenimientos.<\/p>\n\n\n\n<h3 class=\"wp-block-heading\">MICROVENTILACION&nbsp;<\/h3>\n\n\n\n<p class=\"wp-block-paragraph\">Para comprender la microventilaci\u00f3n en carpinter\u00edas exteriores de aluminio y PVC, es esencial explorar sus or\u00edgenes. En sus inicios, los cajones de las persianas contaban con sistemas de microventilaci\u00f3n en la tapa, que, aprovechando la diferencia de presi\u00f3n entre el interior y el exterior, promov\u00edan la recirculaci\u00f3n del aire para su renovaci\u00f3n. Sin embargo, debido a la falta de atractivo est\u00e9tico, este sistema cay\u00f3 en desuso. En la actualidad, estos sistemas se han integrado de manera efectiva en las modernas carpinter\u00edas de aluminio y PVC.<\/p>\n\n\n\n<p class=\"wp-block-paragraph\">Cuando se trata de ventanas correderas u oscilobatientes, la diferencia est\u00e9tica es pr\u00e1cticamente imperceptible, ya que la ventilaci\u00f3n <strong>se activa simplemente moviendo la manilla de apertura<\/strong>. Este sistema permite que, incluso con la ventana cerrada, el aire sea renovado mediante una circulaci\u00f3n controlada, desde estas ventanas hacia las zonas de extracci\u00f3n. En pocas palabras, las ventanas no son completamente herm\u00e9ticas; <strong>en las correderas, el felpudo se desplaza ligeramente, y en las abatibles, las gomas ejercen menos presi\u00f3n, lo que permite una entrada de aire constante<\/strong>.<\/p>\n\n\n\n<h3 class=\"wp-block-heading\">C\u00c1MARA DE AIRE en las carpinter\u00edas de aluminio y PVC<\/h3>\n\n\n\n<figure class=\"wp-block-image\"><img decoding=\"async\" src=\"https:\/\/cu4arquitectura.com\/wp-content\/uploads\/2024\/05\/r-mo-w-_iZqdviAo-unsplash-scaled.jpg\" alt=\"\"\/><\/figure>\n\n\n\n<p class=\"wp-block-paragraph\">La c\u00e1mara de aire en las carpinter\u00edas exteriores de aluminio y PVC desempe\u00f1a un papel crucial, ya que act\u00faa como una barrera que separa los dos vidrios, evitando la formaci\u00f3n de puentes t\u00e9rmicos y, en consecuencia, mejorando significativamente la eficiencia de estos sistemas. Seg\u00fan estudios exhaustivos, se ha determinado que <strong>el grosor \u00f3ptimo de esta c\u00e1mara de aire es de 16 mm<\/strong>, ya que se ha demostrado que aumentar su espesor apenas conlleva mejoras sustanciales en la eficiencia. Visualmente, hasta llegar a 16 mm, la eficiencia se incrementa de manera notable, pero m\u00e1s all\u00e1 de esta medida, la mejora es apenas perceptible. A menos que las necesidades espec\u00edficas del sistema constructivo lo requieran, no se aconseja aumentar el espesor en busca de una mayor eficiencia.<\/p>\n\n\n\n<p class=\"wp-block-paragraph\">En cuanto a los <strong>intercalarios<\/strong>, se puede optar por aluminio o PVC. Aunque son elementos peque\u00f1os dentro de la c\u00e1mara deshidratada, los<strong> intercalarios de PVC presentan propiedades aislantes<\/strong> debido a las caracter\u00edsticas inherentes del material.<\/p>\n\n\n\n<p class=\"wp-block-paragraph\">En cuanto a los colores disponibles para estos elementos, podemos encontrar una variedad que incluye plata, negro y, en menor medida, blanco. El <strong>negro<\/strong> es el<strong> color m\u00e1s utilizado en la actualidad<\/strong>, ya que se integra de manera est\u00e9tica con otros elementos como burletes, gomas y felpudos, que suelen ser de tonalidad negra. Esto se alinea con la tendencia actual de utilizar carpinter\u00edas exteriores en tonos oscuros, que complementan con elegancia las tonalidades claras del entorno<\/p>\n\n\n\n<h3 class=\"wp-block-heading\">PREMARCO&nbsp;<\/h3>\n\n\n\n<p class=\"wp-block-paragraph\">En el \u00e1mbito de la arquitectura y las carpinter\u00edas exteriores de aluminio y PVC, el uso del premarco se ha vuelto cada vez m\u00e1s com\u00fan en los \u00faltimos a\u00f1os. Esto se debe a la creciente demanda de precisi\u00f3n en el montaje de los nuevos sistemas, y la complejidad que conlleva recibirlo directamente en la obra. Adem\u00e1s, en ocasiones, el personal de instalaci\u00f3n puede carecer de la cualificaci\u00f3n adecuada. Es <strong>especialmente crucial cuando se trata de carpinter\u00edas de dimensiones mayores a las convencionales.<\/strong><\/p>\n\n\n\n<p class=\"wp-block-paragraph\">La elecci\u00f3n de utilizar premarco se convierte en una inversi\u00f3n importante, ya que las carpinter\u00edas exteriores representan un significativo porcentaje del presupuesto de la obra. <strong>Dado que est\u00e1n expuestas a posibles desperfectos desde el momento en que se instalan los cerramientos, incorporar un premarco se vuelve esencial para prevenir futuros problemas.<\/strong><\/p>\n\n\n\n<p class=\"wp-block-paragraph\">En la actualidad, los materiales m\u00e1s comunes para la construcci\u00f3n de premarcos son<strong> madera<\/strong> y<strong> aluminio.<\/strong> Aunque existen <strong>nuevos tipos de materiales con una transmitancia t\u00e9rmica m\u00e1s baja<\/strong>, a\u00fan no se han implementado ampliamente en Espa\u00f1a.<\/p>\n\n\n\n<p class=\"wp-block-paragraph\"> Al decidir entre los diferentes materiales para el premarco, es fundamental considerar los<strong> sistemas de sellado,<\/strong> que garantizan la protecci\u00f3n contra agentes externos y la creaci\u00f3n de puentes t\u00e9rmicos eficientes.<\/p>\n\n\n\n<p class=\"wp-block-paragraph\">Cuando se opta por una carpinter\u00eda de aluminio con rotura de puente t\u00e9rmico y el premarco es de aluminio, <strong>es esencial colocar el premarco en el interior.<\/strong> Esto asegura que la rotura de puente t\u00e9rmico no se vea interrumpida. En \u00e9pocas de verano, la proximidad entre el premarco y el marco exterior puede generar un aumento de temperatura por proximidad, lo que puede comprometer la efectividad de la rotura de puente t\u00e9rmico. Por lo tanto, es crucial que el premarco termine a la altura de la poliamida.<\/p>\n\n\n\n<p class=\"wp-block-paragraph\">Este enfoque en la precisi\u00f3n y los materiales adecuados en la instalaci\u00f3n de premarcos en carpinter\u00edas exteriores de aluminio y PVC es esencial para garantizar la durabilidad y el rendimiento \u00f3ptimo de estos sistemas en cualquier proyecto arquitect\u00f3nico.<\/p>\n\n\n\n<h3 class=\"wp-block-heading\">HERMETICIDAD DEL SISTEMA completo de las carpinterias de alumnio y PVC<\/h3>\n\n\n\n<p class=\"wp-block-paragraph\">En el contexto de carpinter\u00edas exteriores de aluminio y PVC, es fundamental abordar el tema del <strong>sellado<\/strong>. En la actualidad, el sellado exterior se realiza muchas veces mediante una sencilla aplicaci\u00f3n de silicona o pol\u00edmero, con un espesor de alrededor de 3, 4, 5 o 6 mm. Sin embargo, es importante tener en cuenta que en situaciones donde las condiciones clim\u00e1ticas incluyen lluvia persistente, es posible que el sellado no sea completamente efectivo y permita que la humedad penetre.<\/p>\n\n\n\n<p class=\"wp-block-paragraph\">No obstante, existe un sistema probado y ampliamente utilizado en el norte de Europa que resuelve estos problemas de manera efectiva. Este m\u00e9todo emplea una<strong> cinta autoexpansiva<\/strong> que se aplica tanto sobre el enlucido como en el premarco, garantizando una estanqueidad superior. <strong>Adem\u00e1s de prevenir las filtraciones de agua, esta cinta mejora significativamente el aislamiento t\u00e9rmico y ac\u00fastico de las carpinter\u00edas exteriores.<\/strong><\/p>\n\n\n\n<p class=\"wp-block-paragraph\">Es importante mencionar que la elecci\u00f3n de utilizar cintas autoexpansivas puede aumentar el costo final de las carpinter\u00edas. Sin embargo, si el objetivo es obtener los mejores resultados en cuanto a la prevenci\u00f3n de filtraciones t\u00e9rmicas y ac\u00fasticas, as\u00ed como lograr un aspecto est\u00e9tico sobresaliente, este sistema se presenta como la opci\u00f3n ideal. Asegura una protecci\u00f3n duradera y un mayor confort en el entorno de tu hogar o edificio, lo que lo convierte en una elecci\u00f3n acertada para cualquier proyecto de carpinter\u00eda exterior.<\/p>\n\n\n\n<h3 class=\"wp-block-heading\">VIDRIOS en las carpinter\u00edas de aluminio y PVC<\/h3>\n\n\n\n<figure class=\"wp-block-image\"><img decoding=\"async\" src=\"https:\/\/cu4arquitectura.com\/wp-content\/uploads\/2024\/05\/amel-majanovic-r8r2I7FsaIE-unsplash-scaled.jpg\" alt=\"\"\/><\/figure>\n\n\n\n<p class=\"wp-block-paragraph\">Un <strong>vidrio de baja emisividad<\/strong> es un componente esencial en carpinter\u00edas exteriores de aluminio y PVC, ya que se somete a un tratamiento t\u00e9rmico para reducir significativamente la transmitancia t\u00e9rmica. Imaginemos un escenario pr\u00e1ctico en el que integramos este vidrio en una carpinter\u00eda con c\u00e1mara de aire: esto nos permite reducir la transmitancia t\u00e9rmica a la mitad, disminuyendo los valores de alrededor de dos y medio. Hoy en d\u00eda, se considera el est\u00e1ndar esencial para cumplir con el C\u00f3digo T\u00e9cnico de la Edificaci\u00f3n.<\/p>\n\n\n\n<p class=\"wp-block-paragraph\">Por otro lado, los <strong>vidrios de control solar<\/strong> juegan un papel clave al mejorar el factor solar en funci\u00f3n de la orientaci\u00f3n de la vivienda. Estos vidrios son ideales para las fachadas orientadas al Este, Sur y Oeste, donde el sol incide durante todo el d\u00eda.<\/p>\n\n\n\n<p class=\"wp-block-paragraph\">En resumen, estos dos tipos de vidrio brindan oportunidades significativas para gestionar la temperatura y la radiaci\u00f3n que recibe una vivienda. <strong>El vidrio de baja emisividad regula la temperatura, mientras que el vidrio de control solar controla la radiaci\u00f3n solar.<\/strong><\/p>\n\n\n\n<p class=\"wp-block-paragraph\">Cuando se trata de <strong>reducir el ruido<\/strong>, la soluci\u00f3n implica la <strong>combinaci\u00f3n de varios vidrios, unidos por un componente interior, como una l\u00e1mina de butiral de polivinilo, que proporciona aislamiento ac\u00fastico.<\/strong><\/p>\n\n\n\n<p class=\"wp-block-paragraph\">En una configuraci\u00f3n completa de carpinter\u00eda, es esencial contar con varias capas desde el exterior hacia el interior. Esto incluye un vidrio laminar con vidrio de control solar en el exterior, unido mediante una capa de butiral a un vidrio simple para lograr una reducci\u00f3n ac\u00fastica de 2.5 a 1.3 decibelios. Luego, encontramos la c\u00e1mara de aire y, en el interior, otro vidrio laminar. Aqu\u00ed, es posible optar por un vidrio de baja emisividad simple en el interior de la vivienda, aunque se recomienda mantener el vidrio laminar en el exterior para obtener una reducci\u00f3n ac\u00fastica m\u00e1s eficaz.&nbsp;<\/p>\n\n\n\n<h3 class=\"wp-block-heading\"><strong>BONUS TRACK:<\/strong> <\/h3>\n\n\n\n<p class=\"wp-block-paragraph\">Off the record, Ximo Ballester nos cuenta que a \u00e9l le encanta a\u00f1adir a las carpinter\u00edas algunas opciones m\u00e1s.&nbsp;Ya te adelantamos que son trucos que apoyan aquello del &#8220;<strong>menos es m\u00e1s<\/strong>&#8220;. \u00bfOs las contamos?&nbsp;<\/p>\n\n\n\n<p class=\"wp-block-paragraph\">Ximo nos muestra una ventana de aluminio, de distinto color por el exterior y por el interior, para adecuarse se a los diferentes requerimientos est\u00e9ticos de la casa. Adem\u00e1s, nos muestra la posibilidad de hacerlas con <strong>bisagras ocultas<\/strong> que adem\u00e1s de quedar m\u00e1s est\u00e9ticas, son m\u00e1s herm\u00e9ticas pues no se interrumpe el aislamiento.&nbsp;<\/p>\n\n\n\n<p class=\"wp-block-paragraph\">Tambi\u00e9n nos muestra distintos tipos de marcos, y vemos como la hoja abatible puede llegar a desaparecer gracias al sistema de <strong>hoja oculta<\/strong>.<\/p>\n\n\n\n<p class=\"wp-block-paragraph\">Adem\u00e1s cuentan con opciones de <strong>manetas ocultas<\/strong> y otras con el embellecedor integrado.&nbsp;<\/p>\n\n\n\n<p class=\"wp-block-paragraph\">No os parece incre\u00edble hasta d\u00f3nde podemos llegar?!?<\/p>\n\n\n\n<p class=\"has-text-align-center wp-block-paragraph\"><strong style=\"color: var( --e-global-color-text ); font-family: var( --e-global-typography-text-font-family ), Sans-serif;\">\u00a1Esperamos que este art\u00edculo te haya proporcionado informaci\u00f3n valiosa sobre las ventajas de las carpinter\u00edas exteriores de aluminio y PVC en el \u00e1mbito de la arquitectura!<\/strong><\/p>\n\n\n\n<p class=\"wp-block-paragraph\">A continuaci\u00f3n de dejamos la conversaci\u00f3n completa con Ximo Ballester.<\/p>\n\n\n\n<figure class=\"wp-block-embed is-type-video is-provider-youtube wp-block-embed-youtube wp-embed-aspect-16-9 wp-has-aspect-ratio\"><div class=\"wp-block-embed__wrapper\">\n<iframe loading=\"lazy\" title=\"GU\u00cdA DEFINITIVA PARA ELEGIR LAS CARPINTER\u00cdAS EXTERIORES PERFECTAS DE TU HOGAR\" width=\"800\" height=\"450\" src=\"https:\/\/www.youtube.com\/embed\/acpmqTYZ-CE?feature=oembed\" frameborder=\"0\" allow=\"accelerometer; autoplay; clipboard-write; encrypted-media; gyroscope; picture-in-picture; web-share\" referrerpolicy=\"strict-origin-when-cross-origin\" allowfullscreen><\/iframe>\n<\/div><\/figure>\n\n\n\n<p class=\"has-text-align-left wp-block-paragraph\">Si est\u00e1s buscando m\u00e1s consejos y recomendaciones sobre carpinter\u00edas exteriores, no dudes en explorar otros art\u00edculos en nuestro blog de arquitectura. Nuestra pasi\u00f3n es ayudarte a crear espacios excepcionales y funcionales. <\/p>\n\n\n\n<p class=\"wp-block-paragraph\">Adem\u00e1s, si est\u00e1s listo para llevar tu proyecto al siguiente nivel, <strong><a href=\"https:\/\/cu4arquitectura.com\/contacto-arquitectos-valencia\/\">contacta con nosotros<\/a> <\/strong>para obtener una consulta personalizada<strong>.<\/strong><\/p>\n\n\n\n<p class=\"has-text-align-left wp-block-paragraph\">\u00a1Estamos aqu\u00ed para convertir tus ideas en realidad!<\/p>\n","protected":false},"excerpt":{"rendered":"<p>GU\u00cdA DEFINITIVA PARA ELEGIR LAS CARPINTER\u00cdAS DE ALUMINIO O PVC PERFECTAS PARA TU HOGAR En el apasionante camino de construir tu nuevo hogar, las carpinter\u00edas exteriores desempe\u00f1an un papel crucial en la funcionalidad y est\u00e9tica de cualquier edificio. En este art\u00edculo, exploraremos a fondo las ventajas y opciones que ofrecen las carpinter\u00edas de aluminio y [&hellip;]<\/p>\n","protected":false},"author":1,"featured_media":5398,"comment_status":"open","ping_status":"open","sticky":false,"template":"","format":"standard","meta":{"_acf_changed":false,"footnotes":""},"categories":[2],"tags":[],"class_list":["post-3773","post","type-post","status-publish","format-standard","has-post-thumbnail","hentry","category-como-construir-una-casa"],"acf":[],"yoast_head":"<!-- This site is optimized with the Yoast SEO plugin v27.7 - https:\/\/yoast.com\/product\/yoast-seo-wordpress\/ -->\n<title>Carpinter\u00edas de aluminio y PVC - CU4 Arquitectos en Valencia | Estudio de arquitectura<\/title>\n<meta name=\"description\" content=\"Descubre las ventajas de las carpinter\u00edas de aluminio y PVC. \u00a1Optimiza tu hogar con ventanas y puertas de alta calidad!\" \/>\n<meta name=\"robots\" content=\"index, follow, max-snippet:-1, max-image-preview:large, max-video-preview:-1\" \/>\n<link rel=\"canonical\" href=\"https:\/\/cu4arquitectura.com\/en\/2023\/11\/03\/carpinterias-exteriores-de-aluminio-o-pvc\/\" \/>\n<meta property=\"og:locale\" content=\"en_US\" \/>\n<meta property=\"og:type\" content=\"article\" \/>\n<meta property=\"og:title\" content=\"Carpinter\u00edas de aluminio y PVC - CU4 Arquitectos en Valencia | Estudio de arquitectura\" \/>\n<meta property=\"og:description\" content=\"Descubre las ventajas de las carpinter\u00edas de aluminio y PVC. \u00a1Optimiza tu hogar con ventanas y puertas de alta calidad!\" \/>\n<meta property=\"og:url\" content=\"https:\/\/cu4arquitectura.com\/en\/2023\/11\/03\/carpinterias-exteriores-de-aluminio-o-pvc\/\" \/>\n<meta property=\"og:site_name\" content=\"CU4 Arquitectos en Valencia | Estudio de arquitectura\" \/>\n<meta property=\"article:published_time\" content=\"2023-11-03T09:10:10+00:00\" \/>\n<meta property=\"article:modified_time\" content=\"2026-06-08T10:57:57+00:00\" \/>\n<meta property=\"og:image\" content=\"https:\/\/cu4arquitectura.com\/wp-content\/uploads\/2024\/05\/eduard-Q4PvX80itZ0-unsplash-scaled.jpg\" \/>\n\t<meta property=\"og:image:width\" content=\"2560\" \/>\n\t<meta property=\"og:image:height\" content=\"1707\" \/>\n\t<meta property=\"og:image:type\" content=\"image\/jpeg\" \/>\n<meta name=\"author\" content=\"cu4_admin\" \/>\n<meta name=\"twitter:card\" content=\"summary_large_image\" \/>\n<meta name=\"twitter:label1\" content=\"Written by\" \/>\n\t<meta name=\"twitter:data1\" content=\"cu4_admin\" \/>\n\t<meta name=\"twitter:label2\" content=\"Est. reading time\" \/>\n\t<meta name=\"twitter:data2\" content=\"14 minutes\" \/>\n<script type=\"application\/ld+json\" class=\"yoast-schema-graph\">{\"@context\":\"https:\\\/\\\/schema.org\",\"@graph\":[{\"@type\":\"Article\",\"@id\":\"https:\\\/\\\/cu4arquitectura.com\\\/en\\\/2023\\\/11\\\/03\\\/carpinterias-exteriores-de-aluminio-o-pvc\\\/#article\",\"isPartOf\":{\"@id\":\"https:\\\/\\\/cu4arquitectura.com\\\/en\\\/2023\\\/11\\\/03\\\/carpinterias-exteriores-de-aluminio-o-pvc\\\/\"},\"author\":{\"name\":\"cu4_admin\",\"@id\":\"https:\\\/\\\/cu4arquitectura.com\\\/en\\\/#\\\/schema\\\/person\\\/cab7e5614eeb0bf71d933154c307cbad\"},\"headline\":\"Carpinter\u00edas de aluminio y PVC\",\"datePublished\":\"2023-11-03T09:10:10+00:00\",\"dateModified\":\"2026-06-08T10:57:57+00:00\",\"mainEntityOfPage\":{\"@id\":\"https:\\\/\\\/cu4arquitectura.com\\\/en\\\/2023\\\/11\\\/03\\\/carpinterias-exteriores-de-aluminio-o-pvc\\\/\"},\"wordCount\":2943,\"commentCount\":0,\"publisher\":{\"@id\":\"https:\\\/\\\/cu4arquitectura.com\\\/en\\\/#organization\"},\"image\":{\"@id\":\"https:\\\/\\\/cu4arquitectura.com\\\/en\\\/2023\\\/11\\\/03\\\/carpinterias-exteriores-de-aluminio-o-pvc\\\/#primaryimage\"},\"thumbnailUrl\":\"https:\\\/\\\/cu4arquitectura.com\\\/wp-content\\\/uploads\\\/2024\\\/05\\\/eduard-Q4PvX80itZ0-unsplash-scaled.jpg\",\"articleSection\":[\"C\u00f3mo construir una casa\"],\"inLanguage\":\"en-US\",\"potentialAction\":[{\"@type\":\"CommentAction\",\"name\":\"Comment\",\"target\":[\"https:\\\/\\\/cu4arquitectura.com\\\/en\\\/2023\\\/11\\\/03\\\/carpinterias-exteriores-de-aluminio-o-pvc\\\/#respond\"]}]},{\"@type\":\"WebPage\",\"@id\":\"https:\\\/\\\/cu4arquitectura.com\\\/en\\\/2023\\\/11\\\/03\\\/carpinterias-exteriores-de-aluminio-o-pvc\\\/\",\"url\":\"https:\\\/\\\/cu4arquitectura.com\\\/en\\\/2023\\\/11\\\/03\\\/carpinterias-exteriores-de-aluminio-o-pvc\\\/\",\"name\":\"Carpinter\u00edas de aluminio y PVC - CU4 Arquitectos en Valencia | Estudio de arquitectura\",\"isPartOf\":{\"@id\":\"https:\\\/\\\/cu4arquitectura.com\\\/en\\\/#website\"},\"primaryImageOfPage\":{\"@id\":\"https:\\\/\\\/cu4arquitectura.com\\\/en\\\/2023\\\/11\\\/03\\\/carpinterias-exteriores-de-aluminio-o-pvc\\\/#primaryimage\"},\"image\":{\"@id\":\"https:\\\/\\\/cu4arquitectura.com\\\/en\\\/2023\\\/11\\\/03\\\/carpinterias-exteriores-de-aluminio-o-pvc\\\/#primaryimage\"},\"thumbnailUrl\":\"https:\\\/\\\/cu4arquitectura.com\\\/wp-content\\\/uploads\\\/2024\\\/05\\\/eduard-Q4PvX80itZ0-unsplash-scaled.jpg\",\"datePublished\":\"2023-11-03T09:10:10+00:00\",\"dateModified\":\"2026-06-08T10:57:57+00:00\",\"description\":\"Descubre las ventajas de las carpinter\u00edas de aluminio y PVC. \u00a1Optimiza tu hogar con ventanas y puertas de alta calidad!\",\"breadcrumb\":{\"@id\":\"https:\\\/\\\/cu4arquitectura.com\\\/en\\\/2023\\\/11\\\/03\\\/carpinterias-exteriores-de-aluminio-o-pvc\\\/#breadcrumb\"},\"inLanguage\":\"en-US\",\"potentialAction\":[{\"@type\":\"ReadAction\",\"target\":[\"https:\\\/\\\/cu4arquitectura.com\\\/en\\\/2023\\\/11\\\/03\\\/carpinterias-exteriores-de-aluminio-o-pvc\\\/\"]}]},{\"@type\":\"ImageObject\",\"inLanguage\":\"en-US\",\"@id\":\"https:\\\/\\\/cu4arquitectura.com\\\/en\\\/2023\\\/11\\\/03\\\/carpinterias-exteriores-de-aluminio-o-pvc\\\/#primaryimage\",\"url\":\"https:\\\/\\\/cu4arquitectura.com\\\/wp-content\\\/uploads\\\/2024\\\/05\\\/eduard-Q4PvX80itZ0-unsplash-scaled.jpg\",\"contentUrl\":\"https:\\\/\\\/cu4arquitectura.com\\\/wp-content\\\/uploads\\\/2024\\\/05\\\/eduard-Q4PvX80itZ0-unsplash-scaled.jpg\",\"width\":2560,\"height\":1707},{\"@type\":\"BreadcrumbList\",\"@id\":\"https:\\\/\\\/cu4arquitectura.com\\\/en\\\/2023\\\/11\\\/03\\\/carpinterias-exteriores-de-aluminio-o-pvc\\\/#breadcrumb\",\"itemListElement\":[{\"@type\":\"ListItem\",\"position\":1,\"name\":\"Portada\",\"item\":\"https:\\\/\\\/cu4arquitectura.com\\\/en\\\/\"},{\"@type\":\"ListItem\",\"position\":2,\"name\":\"Carpinter\u00edas de aluminio y PVC\"}]},{\"@type\":\"WebSite\",\"@id\":\"https:\\\/\\\/cu4arquitectura.com\\\/en\\\/#website\",\"url\":\"https:\\\/\\\/cu4arquitectura.com\\\/en\\\/\",\"name\":\"CU4 Arquitectos en Valencia | Estudio de arquitectura\",\"description\":\"Arquitectos en Valencia | Especializados en espacios a medida para empresas y particulares, dise\u00f1ados para tu bienestar\",\"publisher\":{\"@id\":\"https:\\\/\\\/cu4arquitectura.com\\\/en\\\/#organization\"},\"potentialAction\":[{\"@type\":\"SearchAction\",\"target\":{\"@type\":\"EntryPoint\",\"urlTemplate\":\"https:\\\/\\\/cu4arquitectura.com\\\/en\\\/?s={search_term_string}\"},\"query-input\":{\"@type\":\"PropertyValueSpecification\",\"valueRequired\":true,\"valueName\":\"search_term_string\"}}],\"inLanguage\":\"en-US\"},{\"@type\":\"Organization\",\"@id\":\"https:\\\/\\\/cu4arquitectura.com\\\/en\\\/#organization\",\"name\":\"CU4 Arquitectos en Valencia | Estudio de arquitectura\",\"url\":\"https:\\\/\\\/cu4arquitectura.com\\\/en\\\/\",\"logo\":{\"@type\":\"ImageObject\",\"inLanguage\":\"en-US\",\"@id\":\"https:\\\/\\\/cu4arquitectura.com\\\/en\\\/#\\\/schema\\\/logo\\\/image\\\/\",\"url\":\"https:\\\/\\\/cu4arquitectura.com\\\/wp-content\\\/uploads\\\/2024\\\/01\\\/LOGO_CU4_original.svg\",\"contentUrl\":\"https:\\\/\\\/cu4arquitectura.com\\\/wp-content\\\/uploads\\\/2024\\\/01\\\/LOGO_CU4_original.svg\",\"width\":841,\"height\":595,\"caption\":\"CU4 Arquitectos en Valencia | Estudio de arquitectura\"},\"image\":{\"@id\":\"https:\\\/\\\/cu4arquitectura.com\\\/en\\\/#\\\/schema\\\/logo\\\/image\\\/\"}},{\"@type\":\"Person\",\"@id\":\"https:\\\/\\\/cu4arquitectura.com\\\/en\\\/#\\\/schema\\\/person\\\/cab7e5614eeb0bf71d933154c307cbad\",\"name\":\"cu4_admin\",\"image\":{\"@type\":\"ImageObject\",\"inLanguage\":\"en-US\",\"@id\":\"https:\\\/\\\/secure.gravatar.com\\\/avatar\\\/46fdd98ce0115379d1eed8cb88e5aa19a6581b97ba5db2084f7ed87a818bb40a?s=96&d=mm&r=g\",\"url\":\"https:\\\/\\\/secure.gravatar.com\\\/avatar\\\/46fdd98ce0115379d1eed8cb88e5aa19a6581b97ba5db2084f7ed87a818bb40a?s=96&d=mm&r=g\",\"contentUrl\":\"https:\\\/\\\/secure.gravatar.com\\\/avatar\\\/46fdd98ce0115379d1eed8cb88e5aa19a6581b97ba5db2084f7ed87a818bb40a?s=96&d=mm&r=g\",\"caption\":\"cu4_admin\"},\"sameAs\":[\"https:\\\/\\\/cu4arquitectura.com\"],\"url\":\"https:\\\/\\\/cu4arquitectura.com\\\/en\\\/author\\\/cu4_admin\\\/\"}]}<\/script>\n<!-- \/ Yoast SEO plugin. -->","yoast_head_json":{"title":"Carpinter\u00edas de aluminio y PVC - CU4 Arquitectos en Valencia | Estudio de arquitectura","description":"Descubre las ventajas de las carpinter\u00edas de aluminio y PVC. \u00a1Optimiza tu hogar con ventanas y puertas de alta calidad!","robots":{"index":"index","follow":"follow","max-snippet":"max-snippet:-1","max-image-preview":"max-image-preview:large","max-video-preview":"max-video-preview:-1"},"canonical":"https:\/\/cu4arquitectura.com\/en\/2023\/11\/03\/carpinterias-exteriores-de-aluminio-o-pvc\/","og_locale":"en_US","og_type":"article","og_title":"Carpinter\u00edas de aluminio y PVC - CU4 Arquitectos en Valencia | Estudio de arquitectura","og_description":"Descubre las ventajas de las carpinter\u00edas de aluminio y PVC. \u00a1Optimiza tu hogar con ventanas y puertas de alta calidad!","og_url":"https:\/\/cu4arquitectura.com\/en\/2023\/11\/03\/carpinterias-exteriores-de-aluminio-o-pvc\/","og_site_name":"CU4 Arquitectos en Valencia | Estudio de arquitectura","article_published_time":"2023-11-03T09:10:10+00:00","article_modified_time":"2026-06-08T10:57:57+00:00","og_image":[{"width":2560,"height":1707,"url":"https:\/\/cu4arquitectura.com\/wp-content\/uploads\/2024\/05\/eduard-Q4PvX80itZ0-unsplash-scaled.jpg","type":"image\/jpeg"}],"author":"cu4_admin","twitter_card":"summary_large_image","twitter_misc":{"Written by":"cu4_admin","Est. reading time":"14 minutes"},"schema":{"@context":"https:\/\/schema.org","@graph":[{"@type":"Article","@id":"https:\/\/cu4arquitectura.com\/en\/2023\/11\/03\/carpinterias-exteriores-de-aluminio-o-pvc\/#article","isPartOf":{"@id":"https:\/\/cu4arquitectura.com\/en\/2023\/11\/03\/carpinterias-exteriores-de-aluminio-o-pvc\/"},"author":{"name":"cu4_admin","@id":"https:\/\/cu4arquitectura.com\/en\/#\/schema\/person\/cab7e5614eeb0bf71d933154c307cbad"},"headline":"Carpinter\u00edas de aluminio y PVC","datePublished":"2023-11-03T09:10:10+00:00","dateModified":"2026-06-08T10:57:57+00:00","mainEntityOfPage":{"@id":"https:\/\/cu4arquitectura.com\/en\/2023\/11\/03\/carpinterias-exteriores-de-aluminio-o-pvc\/"},"wordCount":2943,"commentCount":0,"publisher":{"@id":"https:\/\/cu4arquitectura.com\/en\/#organization"},"image":{"@id":"https:\/\/cu4arquitectura.com\/en\/2023\/11\/03\/carpinterias-exteriores-de-aluminio-o-pvc\/#primaryimage"},"thumbnailUrl":"https:\/\/cu4arquitectura.com\/wp-content\/uploads\/2024\/05\/eduard-Q4PvX80itZ0-unsplash-scaled.jpg","articleSection":["C\u00f3mo construir una casa"],"inLanguage":"en-US","potentialAction":[{"@type":"CommentAction","name":"Comment","target":["https:\/\/cu4arquitectura.com\/en\/2023\/11\/03\/carpinterias-exteriores-de-aluminio-o-pvc\/#respond"]}]},{"@type":"WebPage","@id":"https:\/\/cu4arquitectura.com\/en\/2023\/11\/03\/carpinterias-exteriores-de-aluminio-o-pvc\/","url":"https:\/\/cu4arquitectura.com\/en\/2023\/11\/03\/carpinterias-exteriores-de-aluminio-o-pvc\/","name":"Carpinter\u00edas de aluminio y PVC - CU4 Arquitectos en Valencia | Estudio de arquitectura","isPartOf":{"@id":"https:\/\/cu4arquitectura.com\/en\/#website"},"primaryImageOfPage":{"@id":"https:\/\/cu4arquitectura.com\/en\/2023\/11\/03\/carpinterias-exteriores-de-aluminio-o-pvc\/#primaryimage"},"image":{"@id":"https:\/\/cu4arquitectura.com\/en\/2023\/11\/03\/carpinterias-exteriores-de-aluminio-o-pvc\/#primaryimage"},"thumbnailUrl":"https:\/\/cu4arquitectura.com\/wp-content\/uploads\/2024\/05\/eduard-Q4PvX80itZ0-unsplash-scaled.jpg","datePublished":"2023-11-03T09:10:10+00:00","dateModified":"2026-06-08T10:57:57+00:00","description":"Descubre las ventajas de las carpinter\u00edas de aluminio y PVC. \u00a1Optimiza tu hogar con ventanas y puertas de alta calidad!","breadcrumb":{"@id":"https:\/\/cu4arquitectura.com\/en\/2023\/11\/03\/carpinterias-exteriores-de-aluminio-o-pvc\/#breadcrumb"},"inLanguage":"en-US","potentialAction":[{"@type":"ReadAction","target":["https:\/\/cu4arquitectura.com\/en\/2023\/11\/03\/carpinterias-exteriores-de-aluminio-o-pvc\/"]}]},{"@type":"ImageObject","inLanguage":"en-US","@id":"https:\/\/cu4arquitectura.com\/en\/2023\/11\/03\/carpinterias-exteriores-de-aluminio-o-pvc\/#primaryimage","url":"https:\/\/cu4arquitectura.com\/wp-content\/uploads\/2024\/05\/eduard-Q4PvX80itZ0-unsplash-scaled.jpg","contentUrl":"https:\/\/cu4arquitectura.com\/wp-content\/uploads\/2024\/05\/eduard-Q4PvX80itZ0-unsplash-scaled.jpg","width":2560,"height":1707},{"@type":"BreadcrumbList","@id":"https:\/\/cu4arquitectura.com\/en\/2023\/11\/03\/carpinterias-exteriores-de-aluminio-o-pvc\/#breadcrumb","itemListElement":[{"@type":"ListItem","position":1,"name":"Portada","item":"https:\/\/cu4arquitectura.com\/en\/"},{"@type":"ListItem","position":2,"name":"Carpinter\u00edas de aluminio y PVC"}]},{"@type":"WebSite","@id":"https:\/\/cu4arquitectura.com\/en\/#website","url":"https:\/\/cu4arquitectura.com\/en\/","name":"CU4 Arquitectos en Valencia | Estudio de arquitectura","description":"Arquitectos en Valencia | Especializados en espacios a medida para empresas y particulares, dise\u00f1ados para tu bienestar","publisher":{"@id":"https:\/\/cu4arquitectura.com\/en\/#organization"},"potentialAction":[{"@type":"SearchAction","target":{"@type":"EntryPoint","urlTemplate":"https:\/\/cu4arquitectura.com\/en\/?s={search_term_string}"},"query-input":{"@type":"PropertyValueSpecification","valueRequired":true,"valueName":"search_term_string"}}],"inLanguage":"en-US"},{"@type":"Organization","@id":"https:\/\/cu4arquitectura.com\/en\/#organization","name":"CU4 Arquitectos en Valencia | Estudio de arquitectura","url":"https:\/\/cu4arquitectura.com\/en\/","logo":{"@type":"ImageObject","inLanguage":"en-US","@id":"https:\/\/cu4arquitectura.com\/en\/#\/schema\/logo\/image\/","url":"https:\/\/cu4arquitectura.com\/wp-content\/uploads\/2024\/01\/LOGO_CU4_original.svg","contentUrl":"https:\/\/cu4arquitectura.com\/wp-content\/uploads\/2024\/01\/LOGO_CU4_original.svg","width":841,"height":595,"caption":"CU4 Arquitectos en Valencia | Estudio de arquitectura"},"image":{"@id":"https:\/\/cu4arquitectura.com\/en\/#\/schema\/logo\/image\/"}},{"@type":"Person","@id":"https:\/\/cu4arquitectura.com\/en\/#\/schema\/person\/cab7e5614eeb0bf71d933154c307cbad","name":"cu4_admin","image":{"@type":"ImageObject","inLanguage":"en-US","@id":"https:\/\/secure.gravatar.com\/avatar\/46fdd98ce0115379d1eed8cb88e5aa19a6581b97ba5db2084f7ed87a818bb40a?s=96&d=mm&r=g","url":"https:\/\/secure.gravatar.com\/avatar\/46fdd98ce0115379d1eed8cb88e5aa19a6581b97ba5db2084f7ed87a818bb40a?s=96&d=mm&r=g","contentUrl":"https:\/\/secure.gravatar.com\/avatar\/46fdd98ce0115379d1eed8cb88e5aa19a6581b97ba5db2084f7ed87a818bb40a?s=96&d=mm&r=g","caption":"cu4_admin"},"sameAs":["https:\/\/cu4arquitectura.com"],"url":"https:\/\/cu4arquitectura.com\/en\/author\/cu4_admin\/"}]}},"_links":{"self":[{"href":"https:\/\/cu4arquitectura.com\/en\/wp-json\/wp\/v2\/posts\/3773","targetHints":{"allow":["GET"]}}],"collection":[{"href":"https:\/\/cu4arquitectura.com\/en\/wp-json\/wp\/v2\/posts"}],"about":[{"href":"https:\/\/cu4arquitectura.com\/en\/wp-json\/wp\/v2\/types\/post"}],"author":[{"embeddable":true,"href":"https:\/\/cu4arquitectura.com\/en\/wp-json\/wp\/v2\/users\/1"}],"replies":[{"embeddable":true,"href":"https:\/\/cu4arquitectura.com\/en\/wp-json\/wp\/v2\/comments?post=3773"}],"version-history":[{"count":3,"href":"https:\/\/cu4arquitectura.com\/en\/wp-json\/wp\/v2\/posts\/3773\/revisions"}],"predecessor-version":[{"id":9087,"href":"https:\/\/cu4arquitectura.com\/en\/wp-json\/wp\/v2\/posts\/3773\/revisions\/9087"}],"wp:featuredmedia":[{"embeddable":true,"href":"https:\/\/cu4arquitectura.com\/en\/wp-json\/wp\/v2\/media\/5398"}],"wp:attachment":[{"href":"https:\/\/cu4arquitectura.com\/en\/wp-json\/wp\/v2\/media?parent=3773"}],"wp:term":[{"taxonomy":"category","embeddable":true,"href":"https:\/\/cu4arquitectura.com\/en\/wp-json\/wp\/v2\/categories?post=3773"},{"taxonomy":"post_tag","embeddable":true,"href":"https:\/\/cu4arquitectura.com\/en\/wp-json\/wp\/v2\/tags?post=3773"}],"curies":[{"name":"wp","href":"https:\/\/api.w.org\/{rel}","templated":true}]}}