{"id":3736,"date":"2023-06-06T12:06:25","date_gmt":"2023-06-06T10:06:25","guid":{"rendered":"https:\/\/www.cu4arquitectura.com\/?p=3121"},"modified":"2024-08-30T12:29:06","modified_gmt":"2024-08-30T12:29:06","slug":"healthy-cities-norman-foster","status":"publish","type":"post","link":"https:\/\/cu4arquitectura.com\/en\/2023\/06\/06\/healthy-cities-norman-foster\/","title":{"rendered":"Norman Foster Healthy Cities"},"content":{"rendered":"\n<h1 class=\"wp-block-heading\">Nuestra expeciencia con Norman Foster en Healthy Cities<\/h1>\n\n\n\n<p class=\"wp-block-paragraph\">Hace unas semanas tuvimos el privilegio de asistir en Madrid a \u201cPublic Debates\u201d organizados por la <a href=\"https:\/\/normanfosterfoundation.org\/\"><u>Norman Foster Fundation<\/u><\/a>&nbsp;dentro del marco de las \u201c<a href=\"https:\/\/corporativo.sanitas.es\/sostenibilidad-sanitas\/healthy-cities\/\">Healthy Cities by Sanitas<\/a>\u201d, que reuni\u00f3 a expertos internacionales en el \u00e1mbito de la arquitectura saludable, en la manera en que los edificios cuidan de la salud y del bienestar de las personas que los habitan y utilizan en su d\u00eda a d\u00eda.<\/p>\n\n\n\n<p class=\"wp-block-paragraph\">El invitado estrella fue el c\u00e9lebre arquitecto Norman Foster, toda una eminencia de nuestra disciplina que ha hecho de la arquitectura sostenible y saludable su bandera. Y cuya labor did\u00e1ctica sobre esta nueva visi\u00f3n de la arquitectura coincidi\u00f3 con el momento que tambi\u00e9n desde nuestro estudio est\u00e1bamos formando intensamente acerca de sus beneficios.<\/p>\n\n\n\n<p class=\"wp-block-paragraph\">En una <a href=\"https:\/\/elpais-com.cdn.ampproject.org\/c\/s\/elpais.com\/elpais\/2020\/09\/02\/icon\/1599044215_723887.amp.html\"><u>entrevista que guardamos con devoci\u00f3n<\/u><\/a>&nbsp;desde hace a\u00f1os, Norman Foster sostuvo que la d\u00e9cada actual ser\u00eda la d\u00e9cada de los edificios saludables, tras una d\u00e9cada protagonizada por los aeropuertos y una m\u00e1s, anterior a aquella, en la que el foco se puso en los museos.<\/p>\n\n\n\n<p class=\"wp-block-paragraph\">Para CU4 Arquitectura, sus declaraciones nos confirmaron entonces que avanz\u00e1bamos por el camino correcto y que los edificios ten\u00edan la obligaci\u00f3n de ser saludables. La filosof\u00eda WELL nos permiti\u00f3, incluso, reconciliarnos con nuestra profesi\u00f3n, conect\u00e1ndonos a\u00fan m\u00e1s con todo lo que podemos aportar a las personas desde el punto de vista social y saludable, tras unos a\u00f1os en que la especulaci\u00f3n financiera hab\u00eda sido la t\u00f3nica habitual.<\/p>\n\n\n\n<h2 class=\"wp-block-heading\">Lo que aprendimos de Norman Foster en Healthy Cities: No olvidemos la salud de las ciudades<\/h2>\n\n\n\n<p class=\"wp-block-paragraph\">Cerrando el c\u00edrculo de la inspiraci\u00f3n, en el reciente evento en Madrid, Foster volvi\u00f3 a ampliar nuestros horizontes, poniendo el foco a\u00fan m\u00e1s all\u00e1: los arquitectos no debemos olvidar la salud de las ciudades.<\/p>\n\n\n\n<figure class=\"wp-block-image\"><img decoding=\"async\" src=\"https:\/\/cu4arquitectura.com\/wp-content\/uploads\/2024\/05\/norman-foster-healthy-cities-anna-ferrer-2-scaled.jpg\" alt=\"\"\/><\/figure>\n\n\n\n<p class=\"wp-block-paragraph\">De esa manera, nos alent\u00f3 a pensar en las ciudades como ejes vertebradores de la vida social, no como grandes contenedores de edificios autosuficientes, que ofrecen todos los servicios en su interior. Foster nos explic\u00f3 que los edificios no deben eliminar la necesidad de las personas de salir a la calle. Al rev\u00e9s han de promover acudir al gimnasio local y al bar de la esquina, pasear por parque o de hacer la compra en la tienda del barrio.<\/p>\n\n\n\n<p class=\"wp-block-paragraph\">As\u00ed, Norman Foster ha reorientado el foco hacia el bien com\u00fan de la comunidad urbana. Un visi\u00f3n que nos ha hecho reflexionar y que tendremos en cuenta en nuestros pr\u00f3ximos proyectos.<\/p>\n\n\n\n<h2 class=\"wp-block-heading\">Mar\u00eda Neira, una gran fuente de inspiraci\u00f3n en healthy cities<\/h2>\n\n\n\n<p class=\"wp-block-paragraph\">Dentro del marco de las \u201cHealthy Cities by Sanitas\u201d, tuvimos el placer tambi\u00e9n de escuchar a &nbsp;Mar\u00eda Neira, m\u00e9dico y directora del Departamento de Salud P\u00fablica y Medio Ambiente de la Organizaci\u00f3n Mundial de la Salud (OMS).<\/p>\n\n\n\n<figure class=\"wp-block-image\"><img decoding=\"async\" src=\"https:\/\/cu4arquitectura.com\/wp-content\/uploads\/2024\/05\/maria-neira-healthy-cities-anna-ferrer.jpg\" alt=\"maria neira directora oms healthy cities\"\/><\/figure>\n\n\n\n<p class=\"wp-block-paragraph\">En su brillante intervenci\u00f3n, aludi\u00f3 a la nueva relaci\u00f3n que debe establecerse entre medicina y arquitectura, de manera que los edificios sean concebidos, dise\u00f1ados y construidos para cuidar de la salud de las personas. De esa forma, a su juicio, se reducir\u00eda la presencia e intensidad de muchas las enfermedades, llegando incluso a salvar vidas.<\/p>\n\n\n\n<p class=\"wp-block-paragraph\">Maria, nos comparti\u00f3 ideas sobre la vinculaci\u00f3n entre las zonas verdes y la salud mental, un tema que nos apasiona y sobre el que hace un tiempo escribimos este <a href=\"https:\/\/www.cu4arquitectura.com\/la-mente-bien-ajardinada\/\"><u>post<\/u><\/a>, hablando sobre el libro de la m\u00e9dico psiquiatra Sue Stuart Smith \u201cLa mente bien ajardinada\u201d .<\/p>\n\n\n\n<p class=\"wp-block-paragraph\">Desde CU4 Arquitectura, hemos defendido desde nuestros inicios que las condiciones f\u00edsicas de los edificios son esenciales el para bienestar f\u00edsico y an\u00edmico de las personas. Y <a href=\"https:\/\/cu4well.com\/\"><u>nuestro trabajo relacionado con la certificaci\u00f3n WELL<\/u><\/a>&nbsp;da buena cuenta de ello.<\/p>\n","protected":false},"excerpt":{"rendered":"<p>Nuestra expeciencia con Norman Foster en Healthy Cities Hace unas semanas tuvimos el privilegio de asistir en Madrid a \u201cPublic Debates\u201d organizados por la Norman Foster Fundation&nbsp;dentro del marco de las \u201cHealthy Cities by Sanitas\u201d, que reuni\u00f3 a expertos internacionales en el \u00e1mbito de la arquitectura saludable, en la manera en que los edificios cuidan [&hellip;]<\/p>\n","protected":false},"author":1,"featured_media":5421,"comment_status":"open","ping_status":"open","sticky":false,"template":"","format":"standard","meta":{"_acf_changed":false,"footnotes":""},"categories":[6],"tags":[],"class_list":["post-3736","post","type-post","status-publish","format-standard","has-post-thumbnail","hentry","category-cu4"],"acf":[],"yoast_head":"<!-- This site is optimized with the Yoast SEO plugin v27.7 - https:\/\/yoast.com\/product\/yoast-seo-wordpress\/ -->\n<title>Norman Foster Healthy Cities - CU4 Arquitectos en Valencia | Estudio de arquitectura<\/title>\n<meta name=\"description\" content=\"Asistimimos a los Public Debates organizados por la Norman Foster Foundation en el marco de las Healthy Cities by Sanitas\" \/>\n<meta name=\"robots\" content=\"index, follow, max-snippet:-1, max-image-preview:large, max-video-preview:-1\" \/>\n<link rel=\"canonical\" href=\"https:\/\/cu4arquitectura.com\/en\/2023\/06\/06\/healthy-cities-norman-foster\/\" \/>\n<meta property=\"og:locale\" content=\"en_US\" \/>\n<meta property=\"og:type\" content=\"article\" \/>\n<meta property=\"og:title\" content=\"Norman Foster Healthy Cities - CU4 Arquitectos en Valencia | Estudio de arquitectura\" \/>\n<meta property=\"og:description\" content=\"Asistimimos a los Public Debates organizados por la Norman Foster Foundation en el marco de las Healthy Cities by Sanitas\" \/>\n<meta property=\"og:url\" content=\"https:\/\/cu4arquitectura.com\/en\/2023\/06\/06\/healthy-cities-norman-foster\/\" \/>\n<meta property=\"og:site_name\" content=\"CU4 Arquitectos en Valencia | Estudio de arquitectura\" \/>\n<meta property=\"article:published_time\" content=\"2023-06-06T10:06:25+00:00\" \/>\n<meta property=\"article:modified_time\" content=\"2024-08-30T12:29:06+00:00\" \/>\n<meta property=\"og:image\" content=\"https:\/\/cu4arquitectura.com\/wp-content\/uploads\/2024\/05\/norman-foster-healthy-cities-anna-ferrer-2-scaled.jpg\" \/>\n\t<meta property=\"og:image:width\" content=\"2560\" \/>\n\t<meta property=\"og:image:height\" content=\"2095\" \/>\n\t<meta property=\"og:image:type\" content=\"image\/jpeg\" \/>\n<meta name=\"author\" content=\"cu4_admin\" \/>\n<meta name=\"twitter:card\" content=\"summary_large_image\" \/>\n<meta name=\"twitter:label1\" content=\"Written by\" \/>\n\t<meta name=\"twitter:data1\" content=\"cu4_admin\" \/>\n\t<meta name=\"twitter:label2\" content=\"Est. reading time\" \/>\n\t<meta name=\"twitter:data2\" content=\"4 minutes\" \/>\n<script type=\"application\/ld+json\" class=\"yoast-schema-graph\">{\"@context\":\"https:\\\/\\\/schema.org\",\"@graph\":[{\"@type\":\"Article\",\"@id\":\"https:\\\/\\\/cu4arquitectura.com\\\/en\\\/2023\\\/06\\\/06\\\/healthy-cities-norman-foster\\\/#article\",\"isPartOf\":{\"@id\":\"https:\\\/\\\/cu4arquitectura.com\\\/en\\\/2023\\\/06\\\/06\\\/healthy-cities-norman-foster\\\/\"},\"author\":{\"name\":\"cu4_admin\",\"@id\":\"https:\\\/\\\/cu4arquitectura.com\\\/en\\\/#\\\/schema\\\/person\\\/cab7e5614eeb0bf71d933154c307cbad\"},\"headline\":\"Norman Foster Healthy Cities\",\"datePublished\":\"2023-06-06T10:06:25+00:00\",\"dateModified\":\"2024-08-30T12:29:06+00:00\",\"mainEntityOfPage\":{\"@id\":\"https:\\\/\\\/cu4arquitectura.com\\\/en\\\/2023\\\/06\\\/06\\\/healthy-cities-norman-foster\\\/\"},\"wordCount\":647,\"commentCount\":0,\"publisher\":{\"@id\":\"https:\\\/\\\/cu4arquitectura.com\\\/en\\\/#organization\"},\"image\":{\"@id\":\"https:\\\/\\\/cu4arquitectura.com\\\/en\\\/2023\\\/06\\\/06\\\/healthy-cities-norman-foster\\\/#primaryimage\"},\"thumbnailUrl\":\"https:\\\/\\\/cu4arquitectura.com\\\/wp-content\\\/uploads\\\/2024\\\/05\\\/norman-foster-healthy-cities-anna-ferrer-2-scaled.jpg\",\"articleSection\":[\"CU4 Arquitectura\"],\"inLanguage\":\"en-US\",\"potentialAction\":[{\"@type\":\"CommentAction\",\"name\":\"Comment\",\"target\":[\"https:\\\/\\\/cu4arquitectura.com\\\/en\\\/2023\\\/06\\\/06\\\/healthy-cities-norman-foster\\\/#respond\"]}]},{\"@type\":\"WebPage\",\"@id\":\"https:\\\/\\\/cu4arquitectura.com\\\/en\\\/2023\\\/06\\\/06\\\/healthy-cities-norman-foster\\\/\",\"url\":\"https:\\\/\\\/cu4arquitectura.com\\\/en\\\/2023\\\/06\\\/06\\\/healthy-cities-norman-foster\\\/\",\"name\":\"Norman Foster Healthy Cities - CU4 Arquitectos en Valencia | Estudio de arquitectura\",\"isPartOf\":{\"@id\":\"https:\\\/\\\/cu4arquitectura.com\\\/en\\\/#website\"},\"primaryImageOfPage\":{\"@id\":\"https:\\\/\\\/cu4arquitectura.com\\\/en\\\/2023\\\/06\\\/06\\\/healthy-cities-norman-foster\\\/#primaryimage\"},\"image\":{\"@id\":\"https:\\\/\\\/cu4arquitectura.com\\\/en\\\/2023\\\/06\\\/06\\\/healthy-cities-norman-foster\\\/#primaryimage\"},\"thumbnailUrl\":\"https:\\\/\\\/cu4arquitectura.com\\\/wp-content\\\/uploads\\\/2024\\\/05\\\/norman-foster-healthy-cities-anna-ferrer-2-scaled.jpg\",\"datePublished\":\"2023-06-06T10:06:25+00:00\",\"dateModified\":\"2024-08-30T12:29:06+00:00\",\"description\":\"Asistimimos a los Public Debates organizados por la Norman Foster Foundation en el marco de las Healthy Cities by Sanitas\",\"breadcrumb\":{\"@id\":\"https:\\\/\\\/cu4arquitectura.com\\\/en\\\/2023\\\/06\\\/06\\\/healthy-cities-norman-foster\\\/#breadcrumb\"},\"inLanguage\":\"en-US\",\"potentialAction\":[{\"@type\":\"ReadAction\",\"target\":[\"https:\\\/\\\/cu4arquitectura.com\\\/en\\\/2023\\\/06\\\/06\\\/healthy-cities-norman-foster\\\/\"]}]},{\"@type\":\"ImageObject\",\"inLanguage\":\"en-US\",\"@id\":\"https:\\\/\\\/cu4arquitectura.com\\\/en\\\/2023\\\/06\\\/06\\\/healthy-cities-norman-foster\\\/#primaryimage\",\"url\":\"https:\\\/\\\/cu4arquitectura.com\\\/wp-content\\\/uploads\\\/2024\\\/05\\\/norman-foster-healthy-cities-anna-ferrer-2-scaled.jpg\",\"contentUrl\":\"https:\\\/\\\/cu4arquitectura.com\\\/wp-content\\\/uploads\\\/2024\\\/05\\\/norman-foster-healthy-cities-anna-ferrer-2-scaled.jpg\",\"width\":2560,\"height\":2095},{\"@type\":\"BreadcrumbList\",\"@id\":\"https:\\\/\\\/cu4arquitectura.com\\\/en\\\/2023\\\/06\\\/06\\\/healthy-cities-norman-foster\\\/#breadcrumb\",\"itemListElement\":[{\"@type\":\"ListItem\",\"position\":1,\"name\":\"Portada\",\"item\":\"https:\\\/\\\/cu4arquitectura.com\\\/en\\\/\"},{\"@type\":\"ListItem\",\"position\":2,\"name\":\"Norman Foster Healthy Cities\"}]},{\"@type\":\"WebSite\",\"@id\":\"https:\\\/\\\/cu4arquitectura.com\\\/en\\\/#website\",\"url\":\"https:\\\/\\\/cu4arquitectura.com\\\/en\\\/\",\"name\":\"CU4 Arquitectos en Valencia | Estudio de arquitectura\",\"description\":\"Arquitectos en Valencia | Especializados en espacios a medida para empresas y particulares, dise\u00f1ados para tu bienestar\",\"publisher\":{\"@id\":\"https:\\\/\\\/cu4arquitectura.com\\\/en\\\/#organization\"},\"potentialAction\":[{\"@type\":\"SearchAction\",\"target\":{\"@type\":\"EntryPoint\",\"urlTemplate\":\"https:\\\/\\\/cu4arquitectura.com\\\/en\\\/?s={search_term_string}\"},\"query-input\":{\"@type\":\"PropertyValueSpecification\",\"valueRequired\":true,\"valueName\":\"search_term_string\"}}],\"inLanguage\":\"en-US\"},{\"@type\":\"Organization\",\"@id\":\"https:\\\/\\\/cu4arquitectura.com\\\/en\\\/#organization\",\"name\":\"CU4 Arquitectos en Valencia | Estudio de arquitectura\",\"url\":\"https:\\\/\\\/cu4arquitectura.com\\\/en\\\/\",\"logo\":{\"@type\":\"ImageObject\",\"inLanguage\":\"en-US\",\"@id\":\"https:\\\/\\\/cu4arquitectura.com\\\/en\\\/#\\\/schema\\\/logo\\\/image\\\/\",\"url\":\"https:\\\/\\\/cu4arquitectura.com\\\/wp-content\\\/uploads\\\/2024\\\/01\\\/LOGO_CU4_original.svg\",\"contentUrl\":\"https:\\\/\\\/cu4arquitectura.com\\\/wp-content\\\/uploads\\\/2024\\\/01\\\/LOGO_CU4_original.svg\",\"width\":841,\"height\":595,\"caption\":\"CU4 Arquitectos en Valencia | Estudio de arquitectura\"},\"image\":{\"@id\":\"https:\\\/\\\/cu4arquitectura.com\\\/en\\\/#\\\/schema\\\/logo\\\/image\\\/\"}},{\"@type\":\"Person\",\"@id\":\"https:\\\/\\\/cu4arquitectura.com\\\/en\\\/#\\\/schema\\\/person\\\/cab7e5614eeb0bf71d933154c307cbad\",\"name\":\"cu4_admin\",\"image\":{\"@type\":\"ImageObject\",\"inLanguage\":\"en-US\",\"@id\":\"https:\\\/\\\/secure.gravatar.com\\\/avatar\\\/46fdd98ce0115379d1eed8cb88e5aa19a6581b97ba5db2084f7ed87a818bb40a?s=96&d=mm&r=g\",\"url\":\"https:\\\/\\\/secure.gravatar.com\\\/avatar\\\/46fdd98ce0115379d1eed8cb88e5aa19a6581b97ba5db2084f7ed87a818bb40a?s=96&d=mm&r=g\",\"contentUrl\":\"https:\\\/\\\/secure.gravatar.com\\\/avatar\\\/46fdd98ce0115379d1eed8cb88e5aa19a6581b97ba5db2084f7ed87a818bb40a?s=96&d=mm&r=g\",\"caption\":\"cu4_admin\"},\"sameAs\":[\"https:\\\/\\\/cu4arquitectura.com\"],\"url\":\"https:\\\/\\\/cu4arquitectura.com\\\/en\\\/author\\\/cu4_admin\\\/\"}]}<\/script>\n<!-- \/ Yoast SEO plugin. -->","yoast_head_json":{"title":"Norman Foster Healthy Cities - CU4 Arquitectos en Valencia | Estudio de arquitectura","description":"Asistimimos a los Public Debates organizados por la Norman Foster Foundation en el marco de las Healthy Cities by Sanitas","robots":{"index":"index","follow":"follow","max-snippet":"max-snippet:-1","max-image-preview":"max-image-preview:large","max-video-preview":"max-video-preview:-1"},"canonical":"https:\/\/cu4arquitectura.com\/en\/2023\/06\/06\/healthy-cities-norman-foster\/","og_locale":"en_US","og_type":"article","og_title":"Norman Foster Healthy Cities - CU4 Arquitectos en Valencia | Estudio de arquitectura","og_description":"Asistimimos a los Public Debates organizados por la Norman Foster Foundation en el marco de las Healthy Cities by Sanitas","og_url":"https:\/\/cu4arquitectura.com\/en\/2023\/06\/06\/healthy-cities-norman-foster\/","og_site_name":"CU4 Arquitectos en Valencia | Estudio de arquitectura","article_published_time":"2023-06-06T10:06:25+00:00","article_modified_time":"2024-08-30T12:29:06+00:00","og_image":[{"width":2560,"height":2095,"url":"https:\/\/cu4arquitectura.com\/wp-content\/uploads\/2024\/05\/norman-foster-healthy-cities-anna-ferrer-2-scaled.jpg","type":"image\/jpeg"}],"author":"cu4_admin","twitter_card":"summary_large_image","twitter_misc":{"Written by":"cu4_admin","Est. reading time":"4 minutes"},"schema":{"@context":"https:\/\/schema.org","@graph":[{"@type":"Article","@id":"https:\/\/cu4arquitectura.com\/en\/2023\/06\/06\/healthy-cities-norman-foster\/#article","isPartOf":{"@id":"https:\/\/cu4arquitectura.com\/en\/2023\/06\/06\/healthy-cities-norman-foster\/"},"author":{"name":"cu4_admin","@id":"https:\/\/cu4arquitectura.com\/en\/#\/schema\/person\/cab7e5614eeb0bf71d933154c307cbad"},"headline":"Norman Foster Healthy Cities","datePublished":"2023-06-06T10:06:25+00:00","dateModified":"2024-08-30T12:29:06+00:00","mainEntityOfPage":{"@id":"https:\/\/cu4arquitectura.com\/en\/2023\/06\/06\/healthy-cities-norman-foster\/"},"wordCount":647,"commentCount":0,"publisher":{"@id":"https:\/\/cu4arquitectura.com\/en\/#organization"},"image":{"@id":"https:\/\/cu4arquitectura.com\/en\/2023\/06\/06\/healthy-cities-norman-foster\/#primaryimage"},"thumbnailUrl":"https:\/\/cu4arquitectura.com\/wp-content\/uploads\/2024\/05\/norman-foster-healthy-cities-anna-ferrer-2-scaled.jpg","articleSection":["CU4 Arquitectura"],"inLanguage":"en-US","potentialAction":[{"@type":"CommentAction","name":"Comment","target":["https:\/\/cu4arquitectura.com\/en\/2023\/06\/06\/healthy-cities-norman-foster\/#respond"]}]},{"@type":"WebPage","@id":"https:\/\/cu4arquitectura.com\/en\/2023\/06\/06\/healthy-cities-norman-foster\/","url":"https:\/\/cu4arquitectura.com\/en\/2023\/06\/06\/healthy-cities-norman-foster\/","name":"Norman Foster Healthy Cities - CU4 Arquitectos en Valencia | Estudio de arquitectura","isPartOf":{"@id":"https:\/\/cu4arquitectura.com\/en\/#website"},"primaryImageOfPage":{"@id":"https:\/\/cu4arquitectura.com\/en\/2023\/06\/06\/healthy-cities-norman-foster\/#primaryimage"},"image":{"@id":"https:\/\/cu4arquitectura.com\/en\/2023\/06\/06\/healthy-cities-norman-foster\/#primaryimage"},"thumbnailUrl":"https:\/\/cu4arquitectura.com\/wp-content\/uploads\/2024\/05\/norman-foster-healthy-cities-anna-ferrer-2-scaled.jpg","datePublished":"2023-06-06T10:06:25+00:00","dateModified":"2024-08-30T12:29:06+00:00","description":"Asistimimos a los Public Debates organizados por la Norman Foster Foundation en el marco de las Healthy Cities by Sanitas","breadcrumb":{"@id":"https:\/\/cu4arquitectura.com\/en\/2023\/06\/06\/healthy-cities-norman-foster\/#breadcrumb"},"inLanguage":"en-US","potentialAction":[{"@type":"ReadAction","target":["https:\/\/cu4arquitectura.com\/en\/2023\/06\/06\/healthy-cities-norman-foster\/"]}]},{"@type":"ImageObject","inLanguage":"en-US","@id":"https:\/\/cu4arquitectura.com\/en\/2023\/06\/06\/healthy-cities-norman-foster\/#primaryimage","url":"https:\/\/cu4arquitectura.com\/wp-content\/uploads\/2024\/05\/norman-foster-healthy-cities-anna-ferrer-2-scaled.jpg","contentUrl":"https:\/\/cu4arquitectura.com\/wp-content\/uploads\/2024\/05\/norman-foster-healthy-cities-anna-ferrer-2-scaled.jpg","width":2560,"height":2095},{"@type":"BreadcrumbList","@id":"https:\/\/cu4arquitectura.com\/en\/2023\/06\/06\/healthy-cities-norman-foster\/#breadcrumb","itemListElement":[{"@type":"ListItem","position":1,"name":"Portada","item":"https:\/\/cu4arquitectura.com\/en\/"},{"@type":"ListItem","position":2,"name":"Norman Foster Healthy Cities"}]},{"@type":"WebSite","@id":"https:\/\/cu4arquitectura.com\/en\/#website","url":"https:\/\/cu4arquitectura.com\/en\/","name":"CU4 Arquitectos en Valencia | Estudio de arquitectura","description":"Arquitectos en Valencia | Especializados en espacios a medida para empresas y particulares, dise\u00f1ados para tu bienestar","publisher":{"@id":"https:\/\/cu4arquitectura.com\/en\/#organization"},"potentialAction":[{"@type":"SearchAction","target":{"@type":"EntryPoint","urlTemplate":"https:\/\/cu4arquitectura.com\/en\/?s={search_term_string}"},"query-input":{"@type":"PropertyValueSpecification","valueRequired":true,"valueName":"search_term_string"}}],"inLanguage":"en-US"},{"@type":"Organization","@id":"https:\/\/cu4arquitectura.com\/en\/#organization","name":"CU4 Arquitectos en Valencia | Estudio de arquitectura","url":"https:\/\/cu4arquitectura.com\/en\/","logo":{"@type":"ImageObject","inLanguage":"en-US","@id":"https:\/\/cu4arquitectura.com\/en\/#\/schema\/logo\/image\/","url":"https:\/\/cu4arquitectura.com\/wp-content\/uploads\/2024\/01\/LOGO_CU4_original.svg","contentUrl":"https:\/\/cu4arquitectura.com\/wp-content\/uploads\/2024\/01\/LOGO_CU4_original.svg","width":841,"height":595,"caption":"CU4 Arquitectos en Valencia | Estudio de arquitectura"},"image":{"@id":"https:\/\/cu4arquitectura.com\/en\/#\/schema\/logo\/image\/"}},{"@type":"Person","@id":"https:\/\/cu4arquitectura.com\/en\/#\/schema\/person\/cab7e5614eeb0bf71d933154c307cbad","name":"cu4_admin","image":{"@type":"ImageObject","inLanguage":"en-US","@id":"https:\/\/secure.gravatar.com\/avatar\/46fdd98ce0115379d1eed8cb88e5aa19a6581b97ba5db2084f7ed87a818bb40a?s=96&d=mm&r=g","url":"https:\/\/secure.gravatar.com\/avatar\/46fdd98ce0115379d1eed8cb88e5aa19a6581b97ba5db2084f7ed87a818bb40a?s=96&d=mm&r=g","contentUrl":"https:\/\/secure.gravatar.com\/avatar\/46fdd98ce0115379d1eed8cb88e5aa19a6581b97ba5db2084f7ed87a818bb40a?s=96&d=mm&r=g","caption":"cu4_admin"},"sameAs":["https:\/\/cu4arquitectura.com"],"url":"https:\/\/cu4arquitectura.com\/en\/author\/cu4_admin\/"}]}},"_links":{"self":[{"href":"https:\/\/cu4arquitectura.com\/en\/wp-json\/wp\/v2\/posts\/3736","targetHints":{"allow":["GET"]}}],"collection":[{"href":"https:\/\/cu4arquitectura.com\/en\/wp-json\/wp\/v2\/posts"}],"about":[{"href":"https:\/\/cu4arquitectura.com\/en\/wp-json\/wp\/v2\/types\/post"}],"author":[{"embeddable":true,"href":"https:\/\/cu4arquitectura.com\/en\/wp-json\/wp\/v2\/users\/1"}],"replies":[{"embeddable":true,"href":"https:\/\/cu4arquitectura.com\/en\/wp-json\/wp\/v2\/comments?post=3736"}],"version-history":[{"count":3,"href":"https:\/\/cu4arquitectura.com\/en\/wp-json\/wp\/v2\/posts\/3736\/revisions"}],"predecessor-version":[{"id":6280,"href":"https:\/\/cu4arquitectura.com\/en\/wp-json\/wp\/v2\/posts\/3736\/revisions\/6280"}],"wp:featuredmedia":[{"embeddable":true,"href":"https:\/\/cu4arquitectura.com\/en\/wp-json\/wp\/v2\/media\/5421"}],"wp:attachment":[{"href":"https:\/\/cu4arquitectura.com\/en\/wp-json\/wp\/v2\/media?parent=3736"}],"wp:term":[{"taxonomy":"category","embeddable":true,"href":"https:\/\/cu4arquitectura.com\/en\/wp-json\/wp\/v2\/categories?post=3736"},{"taxonomy":"post_tag","embeddable":true,"href":"https:\/\/cu4arquitectura.com\/en\/wp-json\/wp\/v2\/tags?post=3736"}],"curies":[{"name":"wp","href":"https:\/\/api.w.org\/{rel}","templated":true}]}}