{"id":3735,"date":"2023-06-05T13:57:54","date_gmt":"2023-06-05T11:57:54","guid":{"rendered":"https:\/\/www.cu4arquitectura.com\/?p=3105"},"modified":"2026-08-03T07:32:03","modified_gmt":"2026-08-03T07:32:03","slug":"certificacion-well-cuida-personas","status":"publish","type":"post","link":"https:\/\/cu4arquitectura.com\/en\/2023\/06\/05\/certificacion-well-cuida-personas\/","title":{"rendered":"La certificaci\u00f3n WELL cuida de las personas"},"content":{"rendered":"\n<p class=\"wp-block-paragraph\"><strong><b>Anna Ferrer: <em>La certificaci\u00f3n WELL cuida de las personas y favorece el rendimiento de los espacios.<\/em><\/b><\/strong><\/p>\n\n\n\n<p class=\"wp-block-paragraph\"><strong><b>\u00bfC\u00f3mo descubriste el certificado WELL y por qu\u00e9 despert\u00f3 tu inter\u00e9s?<\/b><\/strong><\/p>\n\n\n\n<p class=\"wp-block-paragraph\">Mi inter\u00e9s por la conexi\u00f3n entre arquitectura y el entorno se remonta a mi \u00e9poca de estudiante universitaria. Tras estudiar Arquitectura, curs\u00e9 un m\u00e1ster en Urbanismo y Paisaje. Ah\u00ed ya empec\u00e9 a plantearme la relaci\u00f3n de las personas con el espacio, la arquitectura y los edificios.<\/p>\n\n\n\n<p class=\"wp-block-paragraph\">Yo buscaba un v\u00ednculo entre la arquitectura y la naturaleza que me entusiasmase. La chispa lleg\u00f3 al leer en 2018 un art\u00edculo en el peri\u00f3dico El Mundo con el t\u00edtulo <a href=\"https:\/\/www.elmundo.es\/economia\/vivienda\/2018\/11\/27\/5bfd74e4fc6c83414f8b45e6.html\"><u>\u201cEl edificio de oficinas m\u00e1s sostenible de Espa\u00f1a est\u00e1 en Madrid\u201d<\/u><\/a>.<\/p>\n\n\n\n<p class=\"wp-block-paragraph\"><b>A partir de ah\u00ed, \u00bfC\u00f3mo abordas el proceso de acreditaci\u00f3n del certificado WELL?<\/b><\/p>\n\n\n\n<p class=\"wp-block-paragraph\">Me interes\u00f3 tanto el tema de c\u00f3mo la certificaci\u00f3n WELL cuida de las personas que me puse a investigar y descubr\u00ed que el partner nacional del International WELL Business Institute en Espa\u00f1a era el Instituto Tecnol\u00f3gico de Galicia. As\u00ed que empec\u00e9 ya en 2018 a acudir a Madrid regularmente a sesiones de formaci\u00f3n que organizaban y que abordaban la manera en que espacios y los edificios impactan en la salud de las personas. Ahora, tras recibir esa formaci\u00f3n y pasar un examen, ya cuento con el Certificado Oficial del International WELL Building Institute.<\/p>\n\n\n\n<p class=\"wp-block-paragraph\"><strong><b>\u00bfC\u00f3mo se relaciona esa certificaci\u00f3n WELL con el dise\u00f1o biof\u00edlico, que es otra de tus inquietudes?<\/b><\/strong><\/p>\n\n\n\n<p class=\"wp-block-paragraph\">Precisamente WELL incorpora en el concepto de dise\u00f1o biof\u00edlico en el criterio de Mente, que estudia la relaci\u00f3n visual y sonora con el entorno y tiene una relaci\u00f3n muy directa con la naturaleza. Me gust\u00f3 mucho la idea y comenc\u00e9 a estudiar las diferentes corrientes y a formarme con especialistas internacionales.<\/p>\n\n\n\n<p class=\"wp-block-paragraph\"><strong><b>\u00bfEn qu\u00e9 consiste, en concreto, el dise\u00f1o biof\u00edlico?<\/b><\/strong><\/p>\n\n\n\n<p class=\"wp-block-paragraph\">El dise\u00f1o biof\u00edlico parte de la premisa de que las personas somos naturaleza; no somos ajenos a ella, sino que formamos parte de ella. De hecho, desde el punto de vista evolutivo, nuestra vida actual en las ciudades es muy reciente. Por eso, el dise\u00f1o biof\u00edlico eval\u00faa qu\u00e9 cosas son las que nos hacen bien como seres vivos.<\/p>\n\n\n\n<p class=\"wp-block-paragraph\">El concepto de biofilia lo acu\u00f1\u00f3 el bi\u00f3logo Edward Wilson para referirse a la relaci\u00f3n innata que tenemos las personas y el resto de animales con los procesos vitales y con la naturaleza. A ra\u00edz de esa descripci\u00f3n, surgi\u00f3 la corriente arquitect\u00f3nica que busca la manera de materializar esa relaci\u00f3n en las relaciones entre las personas y los espacios, en conexi\u00f3n directa a indirecta con la naturaleza.<\/p>\n\n\n\n<p class=\"wp-block-paragraph\"><b>Desde CU4 Arquitectura, \u00bfC\u00f3mo abord\u00e1is la certificaci\u00f3n WELL de los edificios?<\/b><\/p>\n\n\n\n<p class=\"wp-block-paragraph\">El proceso de certificaci\u00f3n WELL es aplicable tanto para edificios ya en uso como para proyectos en curso. Y estudiamos la relaci\u00f3n entre el estado actual y el mejor est\u00e1ndar posible de s\u00ed mismo. Para eso, siempre es mejor recabar cuanta m\u00e1s informaci\u00f3n mejor, a trav\u00e9s de una conversaci\u00f3n con el cliente. A partir de ah\u00ed, se dise\u00f1a un sistema de puntuaci\u00f3n con los requisitos que determina la certificaci\u00f3n WELL que cuida de las personas.<\/p>\n\n\n\n<p class=\"wp-block-paragraph\">El est\u00e1ndar se basa en una serie de criterios que cuidan de las personas y que favorecen el rendimiento de los espacios. El objetivo es garantizar que los objetivos se puedan cumplir, con par\u00e1metros cuantificables. WELL busca el equilibrio ente los apartados, para que reflejen c\u00f3mo es una empresa, con qu\u00e9 valores se identifica la cultura corporativa y promover unas pol\u00edticas m\u00e1s amables.<\/p>\n\n\n\n<p class=\"wp-block-paragraph\"><strong><b>\u00bfCu\u00e1les son los diez par\u00e1metros que aborda WELL?<\/b><\/strong><\/p>\n\n\n\n<p class=\"wp-block-paragraph\"><strong><b>&nbsp;<\/b><\/strong>El est\u00e1ndar WELL estudia un total de <a href=\"https:\/\/cu4well.com\/\"><u>diez factores<\/u><\/a>como la calidad del aire y la luz, el acceso al agua potable, el nivel de confort ac\u00fastico y t\u00e9rmico, la alimentaci\u00f3n saludable, el movimiento, un estado de animo positivo, el sentido de comunidad y la calidad de los materiales.<\/p>\n\n\n\n<p class=\"wp-block-paragraph\"><strong><b>Por vuestra experiencia, \u00bfcu\u00e1l es el par\u00e1metro que requiere de m\u00e1s acciones de mejora?<\/b><\/strong><\/p>\n\n\n\n<p class=\"wp-block-paragraph\">Siempre nos sorprenden las deficiencias que presenta el apartado de la luz. No s\u00f3lo desde el punto de vista de las necesidades visuales en el trabajo diario, sino de las necesidades circadianas, relacionadas con nuestro reloj biol\u00f3gico interno. No somos conscientes de la importancia que tiene cuidar la luz natural y pensamos que con la luz el\u00e9ctrica est\u00e1 todo solucionado. Y eso no es as\u00ed ni en el \u00e1mbito residencial ni, por ejemplo, en los centros sanitarios. Est\u00e1 demostrado que la luz que necesita el personal sanitario de las Unidades de Cuidados Intensivos (UCI) para trabajar es incompatible con el descanso del paciente. Y esa relaci\u00f3n debe mejorarse. Los espacios en los que las personas reciben luz natural son mejores para el sistema inmunol\u00f3gico.<\/p>\n\n\n\n<p class=\"wp-block-paragraph\"><strong><b>\u00bfY sobre qu\u00e9 factor existe m\u00e1s concienciaci\u00f3n, a nivel general?<\/b><\/strong><\/p>\n\n\n\n<p class=\"wp-block-paragraph\">En los \u00faltimos a\u00f1os, la calidad del aire ha cobrado una gran importancia, por motivos obvios. Adem\u00e1s, gracias al c\u00f3digo t\u00e9cnico, cada vez tiene m\u00e1s peso la ventilaci\u00f3n mec\u00e1nica con recuperadores de calor para mejorar la sostenibilidad. Y existe una mayor preocupaci\u00f3n por poner freno al rad\u00f3n, a los formaldeh\u00eddos y a los compuestos org\u00e1nicos vol\u00e1tiles en el interior de los edificios.<\/p>\n\n\n\n<p class=\"wp-block-paragraph\">Tambi\u00e9n los par\u00e1metros de alimentaci\u00f3n y movimiento generan reticencia. Pero cuando se aplican medidas en ese sentido, los empleados las prefieren: desde favorecer el acceso a alimentaci\u00f3n sostenible a mejorar los flujos de movimiento dentro del espacio. La clave es crear ambientes en los que la opci\u00f3n saludable sea la m\u00e1s sencilla y est\u00e9 al alcance de la mano.<\/p>\n\n\n\n<p class=\"wp-block-paragraph\"><strong><b>\u00bfEn qu\u00e9 sectores se est\u00e1 implantando las certificaciones WELL? \u00bfCu\u00e1les consideras que ser\u00e1n los siguientes?<\/b><\/strong><\/p>\n\n\n\n<p class=\"wp-block-paragraph\">Ahora mismo, el mundo de la oficina y el sector las residencias de estudiantes est\u00e1n muy interesados en todas las ventajas que el certificado WELL puede aportar a sus espacios y, sobre todo, a las personas que hacen uso de ellos de manera continuada. Adem\u00e1s, en el caso de los j\u00f3venes, es esencial que adquieran h\u00e1bitos de vida saludables cuanto antes mejor.<\/p>\n\n\n\n<p class=\"wp-block-paragraph\">Otro sector se beneficiar\u00eda en gran medida de las ventajas de WELL, pero que a\u00fan no est\u00e1 consolidado, es el de residencias de mayores, que son personas muy vulnerables. La nueva filosof\u00eda de envejecimiento saludable est\u00e1 muy relacionado con todos los principios de WELL. De hecho, curiosamente, en ingl\u00e9s, el concepto de envejecimiento saludable se conoce como Well Aging.<\/p>\n","protected":false},"excerpt":{"rendered":"<p>Anna Ferrer: La certificaci\u00f3n WELL cuida de las personas y favorece el rendimiento de los espacios. \u00bfC\u00f3mo descubriste el certificado WELL y por qu\u00e9 despert\u00f3 tu inter\u00e9s? Mi inter\u00e9s por la conexi\u00f3n entre arquitectura y el entorno se remonta a mi \u00e9poca de estudiante universitaria. Tras estudiar Arquitectura, curs\u00e9 un m\u00e1ster en Urbanismo y Paisaje. [&hellip;]<\/p>\n","protected":false},"author":1,"featured_media":5654,"comment_status":"open","ping_status":"open","sticky":false,"template":"","format":"standard","meta":{"_acf_changed":false,"footnotes":""},"categories":[5],"tags":[],"class_list":["post-3735","post","type-post","status-publish","format-standard","has-post-thumbnail","hentry","category-arquitectura-sostenible"],"acf":[],"yoast_head":"<!-- This site is optimized with the Yoast SEO plugin v27.7 - https:\/\/yoast.com\/product\/yoast-seo-wordpress\/ -->\n<title>La certificaci\u00f3n WELL cuida de las personas - CU4 Arquitectos en Valencia | Estudio de arquitectura<\/title>\n<meta name=\"description\" content=\"La certificaci\u00f3n WELL cuida de las personas y estudia el impacto de los entornos construidos con respecto a la salud humana\" \/>\n<meta name=\"robots\" content=\"index, follow, max-snippet:-1, max-image-preview:large, max-video-preview:-1\" \/>\n<link rel=\"canonical\" href=\"https:\/\/cu4arquitectura.com\/en\/2023\/06\/05\/certificacion-well-cuida-personas\/\" \/>\n<meta property=\"og:locale\" content=\"en_US\" \/>\n<meta property=\"og:type\" content=\"article\" \/>\n<meta property=\"og:title\" content=\"La certificaci\u00f3n WELL cuida de las personas - CU4 Arquitectos en Valencia | Estudio de arquitectura\" \/>\n<meta property=\"og:description\" content=\"La certificaci\u00f3n WELL cuida de las personas y estudia el impacto de los entornos construidos con respecto a la salud humana\" \/>\n<meta property=\"og:url\" content=\"https:\/\/cu4arquitectura.com\/en\/2023\/06\/05\/certificacion-well-cuida-personas\/\" \/>\n<meta property=\"og:site_name\" content=\"CU4 Arquitectos en Valencia | Estudio de arquitectura\" \/>\n<meta property=\"article:published_time\" content=\"2023-06-05T11:57:54+00:00\" \/>\n<meta property=\"article:modified_time\" content=\"2026-08-03T07:32:03+00:00\" \/>\n<meta property=\"og:image\" content=\"https:\/\/cu4arquitectura.com\/wp-content\/uploads\/2023\/06\/La-certificacion-WELL-cuida-de-las-personas.jpeg\" \/>\n\t<meta property=\"og:image:width\" content=\"2000\" \/>\n\t<meta property=\"og:image:height\" content=\"1331\" \/>\n\t<meta property=\"og:image:type\" content=\"image\/jpeg\" \/>\n<meta name=\"author\" content=\"cu4_admin\" \/>\n<meta name=\"twitter:card\" content=\"summary_large_image\" \/>\n<meta name=\"twitter:label1\" content=\"Written by\" \/>\n\t<meta name=\"twitter:data1\" content=\"cu4_admin\" \/>\n\t<meta name=\"twitter:label2\" content=\"Est. reading time\" \/>\n\t<meta name=\"twitter:data2\" content=\"5 minutes\" \/>\n<script type=\"application\/ld+json\" class=\"yoast-schema-graph\">{\"@context\":\"https:\\\/\\\/schema.org\",\"@graph\":[{\"@type\":\"Article\",\"@id\":\"https:\\\/\\\/cu4arquitectura.com\\\/en\\\/2023\\\/06\\\/05\\\/certificacion-well-cuida-personas\\\/#article\",\"isPartOf\":{\"@id\":\"https:\\\/\\\/cu4arquitectura.com\\\/en\\\/2023\\\/06\\\/05\\\/certificacion-well-cuida-personas\\\/\"},\"author\":{\"name\":\"cu4_admin\",\"@id\":\"https:\\\/\\\/cu4arquitectura.com\\\/en\\\/#\\\/schema\\\/person\\\/cab7e5614eeb0bf71d933154c307cbad\"},\"headline\":\"La certificaci\u00f3n WELL cuida de las personas\",\"datePublished\":\"2023-06-05T11:57:54+00:00\",\"dateModified\":\"2026-08-03T07:32:03+00:00\",\"mainEntityOfPage\":{\"@id\":\"https:\\\/\\\/cu4arquitectura.com\\\/en\\\/2023\\\/06\\\/05\\\/certificacion-well-cuida-personas\\\/\"},\"wordCount\":1143,\"commentCount\":0,\"publisher\":{\"@id\":\"https:\\\/\\\/cu4arquitectura.com\\\/en\\\/#organization\"},\"image\":{\"@id\":\"https:\\\/\\\/cu4arquitectura.com\\\/en\\\/2023\\\/06\\\/05\\\/certificacion-well-cuida-personas\\\/#primaryimage\"},\"thumbnailUrl\":\"https:\\\/\\\/cu4arquitectura.com\\\/wp-content\\\/uploads\\\/2023\\\/06\\\/La-certificacion-WELL-cuida-de-las-personas.jpeg\",\"articleSection\":[\"Arquitectura sostenible\"],\"inLanguage\":\"en-US\",\"potentialAction\":[{\"@type\":\"CommentAction\",\"name\":\"Comment\",\"target\":[\"https:\\\/\\\/cu4arquitectura.com\\\/en\\\/2023\\\/06\\\/05\\\/certificacion-well-cuida-personas\\\/#respond\"]}]},{\"@type\":\"WebPage\",\"@id\":\"https:\\\/\\\/cu4arquitectura.com\\\/en\\\/2023\\\/06\\\/05\\\/certificacion-well-cuida-personas\\\/\",\"url\":\"https:\\\/\\\/cu4arquitectura.com\\\/en\\\/2023\\\/06\\\/05\\\/certificacion-well-cuida-personas\\\/\",\"name\":\"La certificaci\u00f3n WELL cuida de las personas - CU4 Arquitectos en Valencia | Estudio de arquitectura\",\"isPartOf\":{\"@id\":\"https:\\\/\\\/cu4arquitectura.com\\\/en\\\/#website\"},\"primaryImageOfPage\":{\"@id\":\"https:\\\/\\\/cu4arquitectura.com\\\/en\\\/2023\\\/06\\\/05\\\/certificacion-well-cuida-personas\\\/#primaryimage\"},\"image\":{\"@id\":\"https:\\\/\\\/cu4arquitectura.com\\\/en\\\/2023\\\/06\\\/05\\\/certificacion-well-cuida-personas\\\/#primaryimage\"},\"thumbnailUrl\":\"https:\\\/\\\/cu4arquitectura.com\\\/wp-content\\\/uploads\\\/2023\\\/06\\\/La-certificacion-WELL-cuida-de-las-personas.jpeg\",\"datePublished\":\"2023-06-05T11:57:54+00:00\",\"dateModified\":\"2026-08-03T07:32:03+00:00\",\"description\":\"La certificaci\u00f3n WELL cuida de las personas y estudia el impacto de los entornos construidos con respecto a la salud humana\",\"breadcrumb\":{\"@id\":\"https:\\\/\\\/cu4arquitectura.com\\\/en\\\/2023\\\/06\\\/05\\\/certificacion-well-cuida-personas\\\/#breadcrumb\"},\"inLanguage\":\"en-US\",\"potentialAction\":[{\"@type\":\"ReadAction\",\"target\":[\"https:\\\/\\\/cu4arquitectura.com\\\/en\\\/2023\\\/06\\\/05\\\/certificacion-well-cuida-personas\\\/\"]}]},{\"@type\":\"ImageObject\",\"inLanguage\":\"en-US\",\"@id\":\"https:\\\/\\\/cu4arquitectura.com\\\/en\\\/2023\\\/06\\\/05\\\/certificacion-well-cuida-personas\\\/#primaryimage\",\"url\":\"https:\\\/\\\/cu4arquitectura.com\\\/wp-content\\\/uploads\\\/2023\\\/06\\\/La-certificacion-WELL-cuida-de-las-personas.jpeg\",\"contentUrl\":\"https:\\\/\\\/cu4arquitectura.com\\\/wp-content\\\/uploads\\\/2023\\\/06\\\/La-certificacion-WELL-cuida-de-las-personas.jpeg\",\"width\":2000,\"height\":1331},{\"@type\":\"BreadcrumbList\",\"@id\":\"https:\\\/\\\/cu4arquitectura.com\\\/en\\\/2023\\\/06\\\/05\\\/certificacion-well-cuida-personas\\\/#breadcrumb\",\"itemListElement\":[{\"@type\":\"ListItem\",\"position\":1,\"name\":\"Portada\",\"item\":\"https:\\\/\\\/cu4arquitectura.com\\\/en\\\/\"},{\"@type\":\"ListItem\",\"position\":2,\"name\":\"La certificaci\u00f3n WELL cuida de las personas\"}]},{\"@type\":\"WebSite\",\"@id\":\"https:\\\/\\\/cu4arquitectura.com\\\/en\\\/#website\",\"url\":\"https:\\\/\\\/cu4arquitectura.com\\\/en\\\/\",\"name\":\"CU4 Arquitectos en Valencia | Estudio de arquitectura\",\"description\":\"Arquitectos en Valencia | Especializados en espacios a medida para empresas y particulares, dise\u00f1ados para tu bienestar\",\"publisher\":{\"@id\":\"https:\\\/\\\/cu4arquitectura.com\\\/en\\\/#organization\"},\"potentialAction\":[{\"@type\":\"SearchAction\",\"target\":{\"@type\":\"EntryPoint\",\"urlTemplate\":\"https:\\\/\\\/cu4arquitectura.com\\\/en\\\/?s={search_term_string}\"},\"query-input\":{\"@type\":\"PropertyValueSpecification\",\"valueRequired\":true,\"valueName\":\"search_term_string\"}}],\"inLanguage\":\"en-US\"},{\"@type\":\"Organization\",\"@id\":\"https:\\\/\\\/cu4arquitectura.com\\\/en\\\/#organization\",\"name\":\"CU4 Arquitectos en Valencia | Estudio de arquitectura\",\"url\":\"https:\\\/\\\/cu4arquitectura.com\\\/en\\\/\",\"logo\":{\"@type\":\"ImageObject\",\"inLanguage\":\"en-US\",\"@id\":\"https:\\\/\\\/cu4arquitectura.com\\\/en\\\/#\\\/schema\\\/logo\\\/image\\\/\",\"url\":\"https:\\\/\\\/cu4arquitectura.com\\\/wp-content\\\/uploads\\\/2024\\\/01\\\/LOGO_CU4_original.svg\",\"contentUrl\":\"https:\\\/\\\/cu4arquitectura.com\\\/wp-content\\\/uploads\\\/2024\\\/01\\\/LOGO_CU4_original.svg\",\"width\":841,\"height\":595,\"caption\":\"CU4 Arquitectos en Valencia | Estudio de arquitectura\"},\"image\":{\"@id\":\"https:\\\/\\\/cu4arquitectura.com\\\/en\\\/#\\\/schema\\\/logo\\\/image\\\/\"}},{\"@type\":\"Person\",\"@id\":\"https:\\\/\\\/cu4arquitectura.com\\\/en\\\/#\\\/schema\\\/person\\\/cab7e5614eeb0bf71d933154c307cbad\",\"name\":\"cu4_admin\",\"image\":{\"@type\":\"ImageObject\",\"inLanguage\":\"en-US\",\"@id\":\"https:\\\/\\\/secure.gravatar.com\\\/avatar\\\/46fdd98ce0115379d1eed8cb88e5aa19a6581b97ba5db2084f7ed87a818bb40a?s=96&d=mm&r=g\",\"url\":\"https:\\\/\\\/secure.gravatar.com\\\/avatar\\\/46fdd98ce0115379d1eed8cb88e5aa19a6581b97ba5db2084f7ed87a818bb40a?s=96&d=mm&r=g\",\"contentUrl\":\"https:\\\/\\\/secure.gravatar.com\\\/avatar\\\/46fdd98ce0115379d1eed8cb88e5aa19a6581b97ba5db2084f7ed87a818bb40a?s=96&d=mm&r=g\",\"caption\":\"cu4_admin\"},\"sameAs\":[\"https:\\\/\\\/cu4arquitectura.com\"],\"url\":\"https:\\\/\\\/cu4arquitectura.com\\\/en\\\/author\\\/cu4_admin\\\/\"}]}<\/script>\n<!-- \/ Yoast SEO plugin. -->","yoast_head_json":{"title":"La certificaci\u00f3n WELL cuida de las personas - CU4 Arquitectos en Valencia | Estudio de arquitectura","description":"La certificaci\u00f3n WELL cuida de las personas y estudia el impacto de los entornos construidos con respecto a la salud humana","robots":{"index":"index","follow":"follow","max-snippet":"max-snippet:-1","max-image-preview":"max-image-preview:large","max-video-preview":"max-video-preview:-1"},"canonical":"https:\/\/cu4arquitectura.com\/en\/2023\/06\/05\/certificacion-well-cuida-personas\/","og_locale":"en_US","og_type":"article","og_title":"La certificaci\u00f3n WELL cuida de las personas - CU4 Arquitectos en Valencia | Estudio de arquitectura","og_description":"La certificaci\u00f3n WELL cuida de las personas y estudia el impacto de los entornos construidos con respecto a la salud humana","og_url":"https:\/\/cu4arquitectura.com\/en\/2023\/06\/05\/certificacion-well-cuida-personas\/","og_site_name":"CU4 Arquitectos en Valencia | Estudio de arquitectura","article_published_time":"2023-06-05T11:57:54+00:00","article_modified_time":"2026-08-03T07:32:03+00:00","og_image":[{"width":2000,"height":1331,"url":"https:\/\/cu4arquitectura.com\/wp-content\/uploads\/2023\/06\/La-certificacion-WELL-cuida-de-las-personas.jpeg","type":"image\/jpeg"}],"author":"cu4_admin","twitter_card":"summary_large_image","twitter_misc":{"Written by":"cu4_admin","Est. reading time":"5 minutes"},"schema":{"@context":"https:\/\/schema.org","@graph":[{"@type":"Article","@id":"https:\/\/cu4arquitectura.com\/en\/2023\/06\/05\/certificacion-well-cuida-personas\/#article","isPartOf":{"@id":"https:\/\/cu4arquitectura.com\/en\/2023\/06\/05\/certificacion-well-cuida-personas\/"},"author":{"name":"cu4_admin","@id":"https:\/\/cu4arquitectura.com\/en\/#\/schema\/person\/cab7e5614eeb0bf71d933154c307cbad"},"headline":"La certificaci\u00f3n WELL cuida de las personas","datePublished":"2023-06-05T11:57:54+00:00","dateModified":"2026-08-03T07:32:03+00:00","mainEntityOfPage":{"@id":"https:\/\/cu4arquitectura.com\/en\/2023\/06\/05\/certificacion-well-cuida-personas\/"},"wordCount":1143,"commentCount":0,"publisher":{"@id":"https:\/\/cu4arquitectura.com\/en\/#organization"},"image":{"@id":"https:\/\/cu4arquitectura.com\/en\/2023\/06\/05\/certificacion-well-cuida-personas\/#primaryimage"},"thumbnailUrl":"https:\/\/cu4arquitectura.com\/wp-content\/uploads\/2023\/06\/La-certificacion-WELL-cuida-de-las-personas.jpeg","articleSection":["Arquitectura sostenible"],"inLanguage":"en-US","potentialAction":[{"@type":"CommentAction","name":"Comment","target":["https:\/\/cu4arquitectura.com\/en\/2023\/06\/05\/certificacion-well-cuida-personas\/#respond"]}]},{"@type":"WebPage","@id":"https:\/\/cu4arquitectura.com\/en\/2023\/06\/05\/certificacion-well-cuida-personas\/","url":"https:\/\/cu4arquitectura.com\/en\/2023\/06\/05\/certificacion-well-cuida-personas\/","name":"La certificaci\u00f3n WELL cuida de las personas - CU4 Arquitectos en Valencia | Estudio de arquitectura","isPartOf":{"@id":"https:\/\/cu4arquitectura.com\/en\/#website"},"primaryImageOfPage":{"@id":"https:\/\/cu4arquitectura.com\/en\/2023\/06\/05\/certificacion-well-cuida-personas\/#primaryimage"},"image":{"@id":"https:\/\/cu4arquitectura.com\/en\/2023\/06\/05\/certificacion-well-cuida-personas\/#primaryimage"},"thumbnailUrl":"https:\/\/cu4arquitectura.com\/wp-content\/uploads\/2023\/06\/La-certificacion-WELL-cuida-de-las-personas.jpeg","datePublished":"2023-06-05T11:57:54+00:00","dateModified":"2026-08-03T07:32:03+00:00","description":"La certificaci\u00f3n WELL cuida de las personas y estudia el impacto de los entornos construidos con respecto a la salud humana","breadcrumb":{"@id":"https:\/\/cu4arquitectura.com\/en\/2023\/06\/05\/certificacion-well-cuida-personas\/#breadcrumb"},"inLanguage":"en-US","potentialAction":[{"@type":"ReadAction","target":["https:\/\/cu4arquitectura.com\/en\/2023\/06\/05\/certificacion-well-cuida-personas\/"]}]},{"@type":"ImageObject","inLanguage":"en-US","@id":"https:\/\/cu4arquitectura.com\/en\/2023\/06\/05\/certificacion-well-cuida-personas\/#primaryimage","url":"https:\/\/cu4arquitectura.com\/wp-content\/uploads\/2023\/06\/La-certificacion-WELL-cuida-de-las-personas.jpeg","contentUrl":"https:\/\/cu4arquitectura.com\/wp-content\/uploads\/2023\/06\/La-certificacion-WELL-cuida-de-las-personas.jpeg","width":2000,"height":1331},{"@type":"BreadcrumbList","@id":"https:\/\/cu4arquitectura.com\/en\/2023\/06\/05\/certificacion-well-cuida-personas\/#breadcrumb","itemListElement":[{"@type":"ListItem","position":1,"name":"Portada","item":"https:\/\/cu4arquitectura.com\/en\/"},{"@type":"ListItem","position":2,"name":"La certificaci\u00f3n WELL cuida de las personas"}]},{"@type":"WebSite","@id":"https:\/\/cu4arquitectura.com\/en\/#website","url":"https:\/\/cu4arquitectura.com\/en\/","name":"CU4 Arquitectos en Valencia | Estudio de arquitectura","description":"Arquitectos en Valencia | Especializados en espacios a medida para empresas y particulares, dise\u00f1ados para tu bienestar","publisher":{"@id":"https:\/\/cu4arquitectura.com\/en\/#organization"},"potentialAction":[{"@type":"SearchAction","target":{"@type":"EntryPoint","urlTemplate":"https:\/\/cu4arquitectura.com\/en\/?s={search_term_string}"},"query-input":{"@type":"PropertyValueSpecification","valueRequired":true,"valueName":"search_term_string"}}],"inLanguage":"en-US"},{"@type":"Organization","@id":"https:\/\/cu4arquitectura.com\/en\/#organization","name":"CU4 Arquitectos en Valencia | Estudio de arquitectura","url":"https:\/\/cu4arquitectura.com\/en\/","logo":{"@type":"ImageObject","inLanguage":"en-US","@id":"https:\/\/cu4arquitectura.com\/en\/#\/schema\/logo\/image\/","url":"https:\/\/cu4arquitectura.com\/wp-content\/uploads\/2024\/01\/LOGO_CU4_original.svg","contentUrl":"https:\/\/cu4arquitectura.com\/wp-content\/uploads\/2024\/01\/LOGO_CU4_original.svg","width":841,"height":595,"caption":"CU4 Arquitectos en Valencia | Estudio de arquitectura"},"image":{"@id":"https:\/\/cu4arquitectura.com\/en\/#\/schema\/logo\/image\/"}},{"@type":"Person","@id":"https:\/\/cu4arquitectura.com\/en\/#\/schema\/person\/cab7e5614eeb0bf71d933154c307cbad","name":"cu4_admin","image":{"@type":"ImageObject","inLanguage":"en-US","@id":"https:\/\/secure.gravatar.com\/avatar\/46fdd98ce0115379d1eed8cb88e5aa19a6581b97ba5db2084f7ed87a818bb40a?s=96&d=mm&r=g","url":"https:\/\/secure.gravatar.com\/avatar\/46fdd98ce0115379d1eed8cb88e5aa19a6581b97ba5db2084f7ed87a818bb40a?s=96&d=mm&r=g","contentUrl":"https:\/\/secure.gravatar.com\/avatar\/46fdd98ce0115379d1eed8cb88e5aa19a6581b97ba5db2084f7ed87a818bb40a?s=96&d=mm&r=g","caption":"cu4_admin"},"sameAs":["https:\/\/cu4arquitectura.com"],"url":"https:\/\/cu4arquitectura.com\/en\/author\/cu4_admin\/"}]}},"_links":{"self":[{"href":"https:\/\/cu4arquitectura.com\/en\/wp-json\/wp\/v2\/posts\/3735","targetHints":{"allow":["GET"]}}],"collection":[{"href":"https:\/\/cu4arquitectura.com\/en\/wp-json\/wp\/v2\/posts"}],"about":[{"href":"https:\/\/cu4arquitectura.com\/en\/wp-json\/wp\/v2\/types\/post"}],"author":[{"embeddable":true,"href":"https:\/\/cu4arquitectura.com\/en\/wp-json\/wp\/v2\/users\/1"}],"replies":[{"embeddable":true,"href":"https:\/\/cu4arquitectura.com\/en\/wp-json\/wp\/v2\/comments?post=3735"}],"version-history":[{"count":3,"href":"https:\/\/cu4arquitectura.com\/en\/wp-json\/wp\/v2\/posts\/3735\/revisions"}],"predecessor-version":[{"id":9496,"href":"https:\/\/cu4arquitectura.com\/en\/wp-json\/wp\/v2\/posts\/3735\/revisions\/9496"}],"wp:featuredmedia":[{"embeddable":true,"href":"https:\/\/cu4arquitectura.com\/en\/wp-json\/wp\/v2\/media\/5654"}],"wp:attachment":[{"href":"https:\/\/cu4arquitectura.com\/en\/wp-json\/wp\/v2\/media?parent=3735"}],"wp:term":[{"taxonomy":"category","embeddable":true,"href":"https:\/\/cu4arquitectura.com\/en\/wp-json\/wp\/v2\/categories?post=3735"},{"taxonomy":"post_tag","embeddable":true,"href":"https:\/\/cu4arquitectura.com\/en\/wp-json\/wp\/v2\/tags?post=3735"}],"curies":[{"name":"wp","href":"https:\/\/api.w.org\/{rel}","templated":true}]}}