{"id":3733,"date":"2023-03-20T12:30:49","date_gmt":"2023-03-20T10:30:49","guid":{"rendered":"https:\/\/www.cu4arquitectura.com\/?p=3014"},"modified":"2024-08-30T12:29:45","modified_gmt":"2024-08-30T12:29:45","slug":"empleados-felices-espacio","status":"publish","type":"post","link":"https:\/\/cu4arquitectura.com\/en\/2023\/03\/20\/empleados-felices-espacio\/","title":{"rendered":"Empleados felices gracias al espacio"},"content":{"rendered":"\n<p class=\"wp-block-paragraph\">\u00bfC\u00f3mo podemos conseguir empleados m\u00e1s felices gracias al espacio? Tener un equipo comprometido, motivado y creativo es la base del crecimiento y del \u00e9xito de cualquier empresa.<\/p>\n\n\n\n<p class=\"wp-block-paragraph\">En un momento en que compa\u00f1\u00edas de todo tipo buscan maneras de atraer, fidelizar y retener el mejor talento, es esencial tener en cuenta todo tipo de factores: horarios, conciliaci\u00f3n, sueldo, incentivos, tecnolog\u00edas\u2026<\/p>\n\n\n\n<p class=\"wp-block-paragraph\">Todos ellos son relevantes, por supuesto, pero una inversi\u00f3n a largo plazo que puede aportar beneficios durante a\u00f1os es en el dise\u00f1o y configuraci\u00f3n de un espacio corporativo que cuide de la salud de las personas atendiendo a criterios que promuevan el bienestar. Una certificaci\u00f3n internacional centrada en ese bienestar es el sello WELL, una de nuestras especialidades en CU4 Arquitectura.<\/p>\n\n\n\n<p class=\"wp-block-paragraph\">WELL es un est\u00e1ndar de construcci\u00f3n que naci\u00f3 en 2014 fruto de a\u00f1os de investigaci\u00f3n por parte de cient\u00edficos, m\u00e9dicos y arquitectos, quienes estudiaron qu\u00e9 elementos presentes en el interior del edificio pueden contribuir a mejorar o perjudicar la salud de las personas. Es decir, de qu\u00e9 diez elementos depende la calidad de la vida de los trabajadores en sus espacios de trabajo.<\/p>\n\n\n\n<p class=\"wp-block-paragraph\">La sede corporativa de <a href=\"https:\/\/www.actiu.com\/es\/nosotros\/?gclid=CjwKCAjwrdmhBhBBEiwA4Hx5g0zW8XIL_KD8xLqf_CGt3QcJpbgjDxsXx84uh26MniJ096xmFJhs0BoCZpYQAvD_BwE\">Actiu<\/a> en Castalla, empresa con la que CU4 colabora regularmente, cuenta con la distinci\u00f3n de ser la primera empresa industrial del mundo en conseguir la certificaci\u00f3n Well v.2 y Leed en categor\u00eda Platino. WELL reconoce la sede de Actiu como espacio de trabajo saludable que cuida del bienestar de sus empleados.<\/p>\n\n\n\n<figure class=\"wp-block-image alignright\"><img decoding=\"async\" src=\"https:\/\/cu4arquitectura.com\/wp-content\/uploads\/2024\/05\/cu4-arquitectura-well-sostenibilidad.jpg\" alt=\"Oficinas Actiu en Castalla, certificadas WELL Platino\" class=\"wp-image-3016\"\/><figcaption class=\"wp-element-caption\"><em>Oficinas Actiu en Castalla, certificadas WELL Platin<\/em>o<\/figcaption><\/figure>\n\n\n\n<p class=\"wp-block-paragraph\">En Cu4 Arquitectura realizamos asesor\u00edas completas que determinan acciones viables de mejora en cada uno de esos diez puntos, con el objetivo de conseguir empleados m\u00e1s felices gracias al espacio.<\/p>\n\n\n\n<h2 class=\"wp-block-heading\">10 claves WELL para conseguir empleados m\u00e1s felices gracias al espacio<\/h2>\n\n\n\n<ul class=\"wp-block-list\">\n<li><h3>Aire.<\/h3><p>La calidad del aire est\u00e1 estrechamente relacionada con la productividad. Analizamos las condiciones del aire tanto interior y exterior y se aportamos ideas de mejora, en caso de que sea necesario realizar obras o renovar tanto mobiliario como materiales de revestimiento.<\/p><\/li>\n\n\n\n<li><h3>Luz.<\/h3><p>Estudiamos la edificaci\u00f3n desde el punto de vista de la luz natural y la luz artificial, prestando atenci\u00f3n a la conexi\u00f3n entre los espacios y a las necesidades visuales vinculadas con los ritmos circadianos.<\/p><\/li>\n\n\n\n<li><h3>Agua.<\/h3><p>Las oficinas deben estar libres de humedades y condensaciones, contar con agua potable y poner a disposici\u00f3n de sus empleados puntos de agua para beber, como alternativa a las bebidas azucaradas.<\/p><\/li>\n\n\n\n<li><h3>Confort t\u00e9rmino.<\/h3><p>Nuestro equipo analiza la temperatura del edificio, en estaciones y horas del d\u00eda diferente.<\/p><\/li>\n\n\n\n<li><h3>Confort ac\u00fastico.<\/h3><p>El nivel del sonido y el ruido circundante influye en la experiencia del usuario y en su productividad, de ah\u00ed que sea necesario mejorar el espacio de manera individualizada.<\/p><\/li>\n\n\n\n<li><h3>Alimentaci\u00f3n.<\/h3><p>Deber\u00e1 cuidarse el tipo de alimentaci\u00f3n disponible para los empleados, para promover opciones saludables.<\/p><\/li>\n\n\n\n<li><h3>Movimiento.<\/h3><p>Personalizaremos soluciones orientadas a favorecer el movimiento dentro del edificio, el acceso a las instalaciones y la promoci\u00f3n de la actividad f\u00edsica.<\/p><\/li>\n\n\n\n<li><h3>Mente.<\/h3><p>La serenidad del estado de \u00e1nimo es esencial para el bienestar f\u00edsico, de ah\u00ed la importancia del Dise\u00f1o Biof\u00edlico, que invita a las personas a reconectar con la naturaleza en los espacios de trabajo, a trav\u00e9s de los colores, las texturas y los materiales.<\/p><\/li>\n\n\n\n<li><h3>Comunidad.<\/h3><p>Es esencial que todo el equipo valore el cuidado de la salud y el bienestar. Explicamos el impacto de todas las medidas en una gu\u00eda espec\u00edfica.<\/p><\/li>\n\n\n\n<li><h3>Materiales.<\/h3><p>Debe analizarse la presencia de compuestos qu\u00edmicos que puedan afectar a la salud humana, potenciando los productos naturales y sostenibles. Tambi\u00e9n se establecen directrices para varios tipos de residuos.<\/p><\/li>\n<\/ul>\n\n\n\n<p class=\"wp-block-paragraph\">En nuestro blog puedes consultar m\u00e1s informaci\u00f3n sobre esta certificaci\u00f3n. Y, si prefieres escuchar a nuestra compa\u00f1era <strong>Anna Ferrer<\/strong>, especialista en WELL, explicar c\u00f3mo los lugares de trabajo, los centros educativos, las residencias y hoteles pueden cuidar de tu salud, <a href=\"https:\/\/www.cu4arquitectura.com\/arquitectura-y-empresas-saludables-podcast-la-tarde-con-marina\/\">puedes o\u00edr aqu\u00ed su intervenci\u00f3n en el programa La Tarde con Marina de Plaza Radio<\/a>.<\/p>\n\n\n\n<p class=\"wp-block-paragraph\">Tambi\u00e9n puedes conocer nuestros servicios en <strong><a href=\"https:\/\/cu4well.com\/\">CU4well.com<\/a><\/strong><\/p>\n","protected":false},"excerpt":{"rendered":"<p>\u00bfC\u00f3mo podemos conseguir empleados m\u00e1s felices gracias al espacio? Tener un equipo comprometido, motivado y creativo es la base del crecimiento y del \u00e9xito de cualquier empresa. En un momento en que compa\u00f1\u00edas de todo tipo buscan maneras de atraer, fidelizar y retener el mejor talento, es esencial tener en cuenta todo tipo de factores: [&hellip;]<\/p>\n","protected":false},"author":1,"featured_media":5425,"comment_status":"open","ping_status":"open","sticky":false,"template":"","format":"standard","meta":{"_acf_changed":false,"footnotes":""},"categories":[5],"tags":[],"class_list":["post-3733","post","type-post","status-publish","format-standard","has-post-thumbnail","hentry","category-arquitectura-sostenible"],"acf":[],"yoast_head":"<!-- This site is optimized with the Yoast SEO plugin v27.7 - https:\/\/yoast.com\/product\/yoast-seo-wordpress\/ -->\n<title>Empleados felices gracias al espacio - CU4 Arquitectos en Valencia | Estudio de arquitectura<\/title>\n<meta name=\"description\" content=\"El dise\u00f1o del espacio y su gesti\u00f3n juegan un papel clave para retener el mejor talento y contar con empleados m\u00e1s felices gracias al espacio\" \/>\n<meta name=\"robots\" content=\"index, follow, max-snippet:-1, max-image-preview:large, max-video-preview:-1\" \/>\n<link rel=\"canonical\" href=\"https:\/\/cu4arquitectura.com\/en\/2023\/03\/20\/empleados-felices-espacio\/\" \/>\n<meta property=\"og:locale\" content=\"en_US\" \/>\n<meta property=\"og:type\" content=\"article\" \/>\n<meta property=\"og:title\" content=\"Empleados felices gracias al espacio - CU4 Arquitectos en Valencia | Estudio de arquitectura\" \/>\n<meta property=\"og:description\" content=\"El dise\u00f1o del espacio y su gesti\u00f3n juegan un papel clave para retener el mejor talento y contar con empleados m\u00e1s felices gracias al espacio\" \/>\n<meta property=\"og:url\" content=\"https:\/\/cu4arquitectura.com\/en\/2023\/03\/20\/empleados-felices-espacio\/\" \/>\n<meta property=\"og:site_name\" content=\"CU4 Arquitectos en Valencia | Estudio de arquitectura\" \/>\n<meta property=\"article:published_time\" content=\"2023-03-20T10:30:49+00:00\" \/>\n<meta property=\"article:modified_time\" content=\"2024-08-30T12:29:45+00:00\" \/>\n<meta property=\"og:image\" content=\"https:\/\/cu4arquitectura.com\/wp-content\/uploads\/2024\/05\/cu4-arquitectura-well-sostenibilidad.jpg\" \/>\n\t<meta property=\"og:image:width\" content=\"1920\" \/>\n\t<meta property=\"og:image:height\" content=\"1280\" \/>\n\t<meta property=\"og:image:type\" content=\"image\/jpeg\" \/>\n<meta name=\"author\" content=\"cu4_admin\" \/>\n<meta name=\"twitter:card\" content=\"summary_large_image\" \/>\n<meta name=\"twitter:label1\" content=\"Written by\" \/>\n\t<meta name=\"twitter:data1\" content=\"cu4_admin\" \/>\n\t<meta name=\"twitter:label2\" content=\"Est. reading time\" \/>\n\t<meta name=\"twitter:data2\" content=\"4 minutes\" \/>\n<script type=\"application\/ld+json\" class=\"yoast-schema-graph\">{\"@context\":\"https:\\\/\\\/schema.org\",\"@graph\":[{\"@type\":\"Article\",\"@id\":\"https:\\\/\\\/cu4arquitectura.com\\\/en\\\/2023\\\/03\\\/20\\\/empleados-felices-espacio\\\/#article\",\"isPartOf\":{\"@id\":\"https:\\\/\\\/cu4arquitectura.com\\\/en\\\/2023\\\/03\\\/20\\\/empleados-felices-espacio\\\/\"},\"author\":{\"name\":\"cu4_admin\",\"@id\":\"https:\\\/\\\/cu4arquitectura.com\\\/en\\\/#\\\/schema\\\/person\\\/cab7e5614eeb0bf71d933154c307cbad\"},\"headline\":\"Empleados felices gracias al espacio\",\"datePublished\":\"2023-03-20T10:30:49+00:00\",\"dateModified\":\"2024-08-30T12:29:45+00:00\",\"mainEntityOfPage\":{\"@id\":\"https:\\\/\\\/cu4arquitectura.com\\\/en\\\/2023\\\/03\\\/20\\\/empleados-felices-espacio\\\/\"},\"wordCount\":699,\"commentCount\":0,\"publisher\":{\"@id\":\"https:\\\/\\\/cu4arquitectura.com\\\/en\\\/#organization\"},\"image\":{\"@id\":\"https:\\\/\\\/cu4arquitectura.com\\\/en\\\/2023\\\/03\\\/20\\\/empleados-felices-espacio\\\/#primaryimage\"},\"thumbnailUrl\":\"https:\\\/\\\/cu4arquitectura.com\\\/wp-content\\\/uploads\\\/2024\\\/05\\\/cu4-arquitectura-well-sostenibilidad.jpg\",\"articleSection\":[\"Arquitectura sostenible\"],\"inLanguage\":\"en-US\",\"potentialAction\":[{\"@type\":\"CommentAction\",\"name\":\"Comment\",\"target\":[\"https:\\\/\\\/cu4arquitectura.com\\\/en\\\/2023\\\/03\\\/20\\\/empleados-felices-espacio\\\/#respond\"]}]},{\"@type\":\"WebPage\",\"@id\":\"https:\\\/\\\/cu4arquitectura.com\\\/en\\\/2023\\\/03\\\/20\\\/empleados-felices-espacio\\\/\",\"url\":\"https:\\\/\\\/cu4arquitectura.com\\\/en\\\/2023\\\/03\\\/20\\\/empleados-felices-espacio\\\/\",\"name\":\"Empleados felices gracias al espacio - CU4 Arquitectos en Valencia | Estudio de arquitectura\",\"isPartOf\":{\"@id\":\"https:\\\/\\\/cu4arquitectura.com\\\/en\\\/#website\"},\"primaryImageOfPage\":{\"@id\":\"https:\\\/\\\/cu4arquitectura.com\\\/en\\\/2023\\\/03\\\/20\\\/empleados-felices-espacio\\\/#primaryimage\"},\"image\":{\"@id\":\"https:\\\/\\\/cu4arquitectura.com\\\/en\\\/2023\\\/03\\\/20\\\/empleados-felices-espacio\\\/#primaryimage\"},\"thumbnailUrl\":\"https:\\\/\\\/cu4arquitectura.com\\\/wp-content\\\/uploads\\\/2024\\\/05\\\/cu4-arquitectura-well-sostenibilidad.jpg\",\"datePublished\":\"2023-03-20T10:30:49+00:00\",\"dateModified\":\"2024-08-30T12:29:45+00:00\",\"description\":\"El dise\u00f1o del espacio y su gesti\u00f3n juegan un papel clave para retener el mejor talento y contar con empleados m\u00e1s felices gracias al espacio\",\"breadcrumb\":{\"@id\":\"https:\\\/\\\/cu4arquitectura.com\\\/en\\\/2023\\\/03\\\/20\\\/empleados-felices-espacio\\\/#breadcrumb\"},\"inLanguage\":\"en-US\",\"potentialAction\":[{\"@type\":\"ReadAction\",\"target\":[\"https:\\\/\\\/cu4arquitectura.com\\\/en\\\/2023\\\/03\\\/20\\\/empleados-felices-espacio\\\/\"]}]},{\"@type\":\"ImageObject\",\"inLanguage\":\"en-US\",\"@id\":\"https:\\\/\\\/cu4arquitectura.com\\\/en\\\/2023\\\/03\\\/20\\\/empleados-felices-espacio\\\/#primaryimage\",\"url\":\"https:\\\/\\\/cu4arquitectura.com\\\/wp-content\\\/uploads\\\/2024\\\/05\\\/cu4-arquitectura-well-sostenibilidad.jpg\",\"contentUrl\":\"https:\\\/\\\/cu4arquitectura.com\\\/wp-content\\\/uploads\\\/2024\\\/05\\\/cu4-arquitectura-well-sostenibilidad.jpg\",\"width\":1920,\"height\":1280},{\"@type\":\"BreadcrumbList\",\"@id\":\"https:\\\/\\\/cu4arquitectura.com\\\/en\\\/2023\\\/03\\\/20\\\/empleados-felices-espacio\\\/#breadcrumb\",\"itemListElement\":[{\"@type\":\"ListItem\",\"position\":1,\"name\":\"Portada\",\"item\":\"https:\\\/\\\/cu4arquitectura.com\\\/en\\\/\"},{\"@type\":\"ListItem\",\"position\":2,\"name\":\"Empleados felices gracias al espacio\"}]},{\"@type\":\"WebSite\",\"@id\":\"https:\\\/\\\/cu4arquitectura.com\\\/en\\\/#website\",\"url\":\"https:\\\/\\\/cu4arquitectura.com\\\/en\\\/\",\"name\":\"CU4 Arquitectos en Valencia | Estudio de arquitectura\",\"description\":\"Arquitectos en Valencia | Especializados en espacios a medida para empresas y particulares, dise\u00f1ados para tu bienestar\",\"publisher\":{\"@id\":\"https:\\\/\\\/cu4arquitectura.com\\\/en\\\/#organization\"},\"potentialAction\":[{\"@type\":\"SearchAction\",\"target\":{\"@type\":\"EntryPoint\",\"urlTemplate\":\"https:\\\/\\\/cu4arquitectura.com\\\/en\\\/?s={search_term_string}\"},\"query-input\":{\"@type\":\"PropertyValueSpecification\",\"valueRequired\":true,\"valueName\":\"search_term_string\"}}],\"inLanguage\":\"en-US\"},{\"@type\":\"Organization\",\"@id\":\"https:\\\/\\\/cu4arquitectura.com\\\/en\\\/#organization\",\"name\":\"CU4 Arquitectos en Valencia | Estudio de arquitectura\",\"url\":\"https:\\\/\\\/cu4arquitectura.com\\\/en\\\/\",\"logo\":{\"@type\":\"ImageObject\",\"inLanguage\":\"en-US\",\"@id\":\"https:\\\/\\\/cu4arquitectura.com\\\/en\\\/#\\\/schema\\\/logo\\\/image\\\/\",\"url\":\"https:\\\/\\\/cu4arquitectura.com\\\/wp-content\\\/uploads\\\/2024\\\/01\\\/LOGO_CU4_original.svg\",\"contentUrl\":\"https:\\\/\\\/cu4arquitectura.com\\\/wp-content\\\/uploads\\\/2024\\\/01\\\/LOGO_CU4_original.svg\",\"width\":841,\"height\":595,\"caption\":\"CU4 Arquitectos en Valencia | Estudio de arquitectura\"},\"image\":{\"@id\":\"https:\\\/\\\/cu4arquitectura.com\\\/en\\\/#\\\/schema\\\/logo\\\/image\\\/\"}},{\"@type\":\"Person\",\"@id\":\"https:\\\/\\\/cu4arquitectura.com\\\/en\\\/#\\\/schema\\\/person\\\/cab7e5614eeb0bf71d933154c307cbad\",\"name\":\"cu4_admin\",\"image\":{\"@type\":\"ImageObject\",\"inLanguage\":\"en-US\",\"@id\":\"https:\\\/\\\/secure.gravatar.com\\\/avatar\\\/46fdd98ce0115379d1eed8cb88e5aa19a6581b97ba5db2084f7ed87a818bb40a?s=96&d=mm&r=g\",\"url\":\"https:\\\/\\\/secure.gravatar.com\\\/avatar\\\/46fdd98ce0115379d1eed8cb88e5aa19a6581b97ba5db2084f7ed87a818bb40a?s=96&d=mm&r=g\",\"contentUrl\":\"https:\\\/\\\/secure.gravatar.com\\\/avatar\\\/46fdd98ce0115379d1eed8cb88e5aa19a6581b97ba5db2084f7ed87a818bb40a?s=96&d=mm&r=g\",\"caption\":\"cu4_admin\"},\"sameAs\":[\"https:\\\/\\\/cu4arquitectura.com\"],\"url\":\"https:\\\/\\\/cu4arquitectura.com\\\/en\\\/author\\\/cu4_admin\\\/\"}]}<\/script>\n<!-- \/ Yoast SEO plugin. -->","yoast_head_json":{"title":"Empleados felices gracias al espacio - CU4 Arquitectos en Valencia | Estudio de arquitectura","description":"El dise\u00f1o del espacio y su gesti\u00f3n juegan un papel clave para retener el mejor talento y contar con empleados m\u00e1s felices gracias al espacio","robots":{"index":"index","follow":"follow","max-snippet":"max-snippet:-1","max-image-preview":"max-image-preview:large","max-video-preview":"max-video-preview:-1"},"canonical":"https:\/\/cu4arquitectura.com\/en\/2023\/03\/20\/empleados-felices-espacio\/","og_locale":"en_US","og_type":"article","og_title":"Empleados felices gracias al espacio - CU4 Arquitectos en Valencia | Estudio de arquitectura","og_description":"El dise\u00f1o del espacio y su gesti\u00f3n juegan un papel clave para retener el mejor talento y contar con empleados m\u00e1s felices gracias al espacio","og_url":"https:\/\/cu4arquitectura.com\/en\/2023\/03\/20\/empleados-felices-espacio\/","og_site_name":"CU4 Arquitectos en Valencia | Estudio de arquitectura","article_published_time":"2023-03-20T10:30:49+00:00","article_modified_time":"2024-08-30T12:29:45+00:00","og_image":[{"width":1920,"height":1280,"url":"https:\/\/cu4arquitectura.com\/wp-content\/uploads\/2024\/05\/cu4-arquitectura-well-sostenibilidad.jpg","type":"image\/jpeg"}],"author":"cu4_admin","twitter_card":"summary_large_image","twitter_misc":{"Written by":"cu4_admin","Est. reading time":"4 minutes"},"schema":{"@context":"https:\/\/schema.org","@graph":[{"@type":"Article","@id":"https:\/\/cu4arquitectura.com\/en\/2023\/03\/20\/empleados-felices-espacio\/#article","isPartOf":{"@id":"https:\/\/cu4arquitectura.com\/en\/2023\/03\/20\/empleados-felices-espacio\/"},"author":{"name":"cu4_admin","@id":"https:\/\/cu4arquitectura.com\/en\/#\/schema\/person\/cab7e5614eeb0bf71d933154c307cbad"},"headline":"Empleados felices gracias al espacio","datePublished":"2023-03-20T10:30:49+00:00","dateModified":"2024-08-30T12:29:45+00:00","mainEntityOfPage":{"@id":"https:\/\/cu4arquitectura.com\/en\/2023\/03\/20\/empleados-felices-espacio\/"},"wordCount":699,"commentCount":0,"publisher":{"@id":"https:\/\/cu4arquitectura.com\/en\/#organization"},"image":{"@id":"https:\/\/cu4arquitectura.com\/en\/2023\/03\/20\/empleados-felices-espacio\/#primaryimage"},"thumbnailUrl":"https:\/\/cu4arquitectura.com\/wp-content\/uploads\/2024\/05\/cu4-arquitectura-well-sostenibilidad.jpg","articleSection":["Arquitectura sostenible"],"inLanguage":"en-US","potentialAction":[{"@type":"CommentAction","name":"Comment","target":["https:\/\/cu4arquitectura.com\/en\/2023\/03\/20\/empleados-felices-espacio\/#respond"]}]},{"@type":"WebPage","@id":"https:\/\/cu4arquitectura.com\/en\/2023\/03\/20\/empleados-felices-espacio\/","url":"https:\/\/cu4arquitectura.com\/en\/2023\/03\/20\/empleados-felices-espacio\/","name":"Empleados felices gracias al espacio - CU4 Arquitectos en Valencia | Estudio de arquitectura","isPartOf":{"@id":"https:\/\/cu4arquitectura.com\/en\/#website"},"primaryImageOfPage":{"@id":"https:\/\/cu4arquitectura.com\/en\/2023\/03\/20\/empleados-felices-espacio\/#primaryimage"},"image":{"@id":"https:\/\/cu4arquitectura.com\/en\/2023\/03\/20\/empleados-felices-espacio\/#primaryimage"},"thumbnailUrl":"https:\/\/cu4arquitectura.com\/wp-content\/uploads\/2024\/05\/cu4-arquitectura-well-sostenibilidad.jpg","datePublished":"2023-03-20T10:30:49+00:00","dateModified":"2024-08-30T12:29:45+00:00","description":"El dise\u00f1o del espacio y su gesti\u00f3n juegan un papel clave para retener el mejor talento y contar con empleados m\u00e1s felices gracias al espacio","breadcrumb":{"@id":"https:\/\/cu4arquitectura.com\/en\/2023\/03\/20\/empleados-felices-espacio\/#breadcrumb"},"inLanguage":"en-US","potentialAction":[{"@type":"ReadAction","target":["https:\/\/cu4arquitectura.com\/en\/2023\/03\/20\/empleados-felices-espacio\/"]}]},{"@type":"ImageObject","inLanguage":"en-US","@id":"https:\/\/cu4arquitectura.com\/en\/2023\/03\/20\/empleados-felices-espacio\/#primaryimage","url":"https:\/\/cu4arquitectura.com\/wp-content\/uploads\/2024\/05\/cu4-arquitectura-well-sostenibilidad.jpg","contentUrl":"https:\/\/cu4arquitectura.com\/wp-content\/uploads\/2024\/05\/cu4-arquitectura-well-sostenibilidad.jpg","width":1920,"height":1280},{"@type":"BreadcrumbList","@id":"https:\/\/cu4arquitectura.com\/en\/2023\/03\/20\/empleados-felices-espacio\/#breadcrumb","itemListElement":[{"@type":"ListItem","position":1,"name":"Portada","item":"https:\/\/cu4arquitectura.com\/en\/"},{"@type":"ListItem","position":2,"name":"Empleados felices gracias al espacio"}]},{"@type":"WebSite","@id":"https:\/\/cu4arquitectura.com\/en\/#website","url":"https:\/\/cu4arquitectura.com\/en\/","name":"CU4 Arquitectos en Valencia | Estudio de arquitectura","description":"Arquitectos en Valencia | Especializados en espacios a medida para empresas y particulares, dise\u00f1ados para tu bienestar","publisher":{"@id":"https:\/\/cu4arquitectura.com\/en\/#organization"},"potentialAction":[{"@type":"SearchAction","target":{"@type":"EntryPoint","urlTemplate":"https:\/\/cu4arquitectura.com\/en\/?s={search_term_string}"},"query-input":{"@type":"PropertyValueSpecification","valueRequired":true,"valueName":"search_term_string"}}],"inLanguage":"en-US"},{"@type":"Organization","@id":"https:\/\/cu4arquitectura.com\/en\/#organization","name":"CU4 Arquitectos en Valencia | Estudio de arquitectura","url":"https:\/\/cu4arquitectura.com\/en\/","logo":{"@type":"ImageObject","inLanguage":"en-US","@id":"https:\/\/cu4arquitectura.com\/en\/#\/schema\/logo\/image\/","url":"https:\/\/cu4arquitectura.com\/wp-content\/uploads\/2024\/01\/LOGO_CU4_original.svg","contentUrl":"https:\/\/cu4arquitectura.com\/wp-content\/uploads\/2024\/01\/LOGO_CU4_original.svg","width":841,"height":595,"caption":"CU4 Arquitectos en Valencia | Estudio de arquitectura"},"image":{"@id":"https:\/\/cu4arquitectura.com\/en\/#\/schema\/logo\/image\/"}},{"@type":"Person","@id":"https:\/\/cu4arquitectura.com\/en\/#\/schema\/person\/cab7e5614eeb0bf71d933154c307cbad","name":"cu4_admin","image":{"@type":"ImageObject","inLanguage":"en-US","@id":"https:\/\/secure.gravatar.com\/avatar\/46fdd98ce0115379d1eed8cb88e5aa19a6581b97ba5db2084f7ed87a818bb40a?s=96&d=mm&r=g","url":"https:\/\/secure.gravatar.com\/avatar\/46fdd98ce0115379d1eed8cb88e5aa19a6581b97ba5db2084f7ed87a818bb40a?s=96&d=mm&r=g","contentUrl":"https:\/\/secure.gravatar.com\/avatar\/46fdd98ce0115379d1eed8cb88e5aa19a6581b97ba5db2084f7ed87a818bb40a?s=96&d=mm&r=g","caption":"cu4_admin"},"sameAs":["https:\/\/cu4arquitectura.com"],"url":"https:\/\/cu4arquitectura.com\/en\/author\/cu4_admin\/"}]}},"_links":{"self":[{"href":"https:\/\/cu4arquitectura.com\/en\/wp-json\/wp\/v2\/posts\/3733","targetHints":{"allow":["GET"]}}],"collection":[{"href":"https:\/\/cu4arquitectura.com\/en\/wp-json\/wp\/v2\/posts"}],"about":[{"href":"https:\/\/cu4arquitectura.com\/en\/wp-json\/wp\/v2\/types\/post"}],"author":[{"embeddable":true,"href":"https:\/\/cu4arquitectura.com\/en\/wp-json\/wp\/v2\/users\/1"}],"replies":[{"embeddable":true,"href":"https:\/\/cu4arquitectura.com\/en\/wp-json\/wp\/v2\/comments?post=3733"}],"version-history":[{"count":3,"href":"https:\/\/cu4arquitectura.com\/en\/wp-json\/wp\/v2\/posts\/3733\/revisions"}],"predecessor-version":[{"id":6285,"href":"https:\/\/cu4arquitectura.com\/en\/wp-json\/wp\/v2\/posts\/3733\/revisions\/6285"}],"wp:featuredmedia":[{"embeddable":true,"href":"https:\/\/cu4arquitectura.com\/en\/wp-json\/wp\/v2\/media\/5425"}],"wp:attachment":[{"href":"https:\/\/cu4arquitectura.com\/en\/wp-json\/wp\/v2\/media?parent=3733"}],"wp:term":[{"taxonomy":"category","embeddable":true,"href":"https:\/\/cu4arquitectura.com\/en\/wp-json\/wp\/v2\/categories?post=3733"},{"taxonomy":"post_tag","embeddable":true,"href":"https:\/\/cu4arquitectura.com\/en\/wp-json\/wp\/v2\/tags?post=3733"}],"curies":[{"name":"wp","href":"https:\/\/api.w.org\/{rel}","templated":true}]}}