{"id":3578,"date":"2023-09-10T10:57:00","date_gmt":"2023-09-10T08:57:00","guid":{"rendered":"https:\/\/www.cu4arquitectura.com\/?p=3578"},"modified":"2026-08-03T09:23:06","modified_gmt":"2026-08-03T09:23:06","slug":"como-dar-de-alta-la-luz","status":"publish","type":"post","link":"https:\/\/cu4arquitectura.com\/en\/2023\/09\/10\/como-dar-de-alta-la-luz\/","title":{"rendered":"C\u00f3mo dar de alta la luz en tu vivienda de nueva de construcci\u00f3n"},"content":{"rendered":"\n<p class=\"wp-block-paragraph\">Dar de alta la luz en tu vivienda de nueva construcci\u00f3n, sabemos que es una de las dudas que os suelen surgir. Por ello hemos consultado a Selectra, para que nos cuenten todo aquello que debemos saber para dar de alta la luz en una vivienda nueva. \u00a1Esperamos os resulte de ayuda este post!&nbsp;<\/p>\n\n\n\n<p class=\"wp-block-paragraph\">Una vez finalizada la obra de construcci\u00f3n de tu nueva vivienda, es momento de llevar a cabo una serie de gestiones para entrar a vivir en ella, como por ejemplo, dar de alta el suministro el\u00e9ctrico. Es uno de los \u00faltimos pasos del proceso que resum\u00edamos en nuestro art\u00edculo sobre <a href=\"https:\/\/cu4arquitectura.com\/2018\/09\/02\/aqui-tienes-una-pequena-introduccion-sobre-como-construir-una-casa\/\">c\u00f3mo construir una casa<\/a>, justo antes de poder entrar a vivir.<\/p>\n\n\n\n<p class=\"wp-block-paragraph\">Ante los tr\u00e1mites de legalizaci\u00f3n del inmueble y los nervios de la inminente mudanza a la vuelta de la esquina, esta gesti\u00f3n puede resultar un aut\u00e9ntico quebradero de cabeza, pareciendo que nunca llega el final.<\/p>\n\n\n\n<p class=\"wp-block-paragraph\">Pero no te preocupes, a continuaci\u00f3n te damos las claves para que puedas activar el suministro el\u00e9ctrico de manera r\u00e1pida y sencilla, para que puedas disfrutar cuanto antes de tu nuevo hogar, que tanto llevas esperando.<\/p>\n\n\n\n<h3 class=\"wp-block-heading\">Diferencia entre distribuidora y comercializadora de luz<\/h3>\n\n\n\n<p class=\"wp-block-paragraph\">Antes de comenzar, debes de saber distinguir estos dos conceptos:<\/p>\n\n\n\n<ul class=\"wp-block-list\">\n<li>La <strong>distribuidora <\/strong>ser\u00e1 la encargada de trasportar luz a tu vivienda y de medir el consumo, por tanto, no se puede elegir, sino que vendr\u00e1 asignada por la zona geogr\u00e1fica d\u00f3nde se encuentre el inmueble. En Valencia es I-DE, del Grupo Iberdrola.<\/li>\n\n\n\n<li>La <strong>comercializadora <\/strong>ser\u00e1 la encargada de facturar el consumo que hagas en el suministro, de manera que, podr\u00e1s elegir la empresa que te ofrezca mejores condiciones.<\/li>\n<\/ul>\n\n\n\n<h3 class=\"wp-block-heading\">Qu\u00e9 comercializadora de luz elegir para dar de alta la luz<\/h3>\n\n\n\n<p class=\"wp-block-paragraph\">Contratar la luz es un proceso completamente personalizado, es decir, la tarifa que viene bien a un suministro, puede no ser lo m\u00e1s beneficioso para otro.<\/p>\n\n\n\n<p class=\"wp-block-paragraph\">Por ello, desde Selectra, expertos energ\u00e9ticos, recomiendan hacer una comparativa entre las diferentes ofertas disponibles en el mercado, teniendo en cuenta los siguientes aspectos de la contrataci\u00f3n:<\/p>\n\n\n\n<ul class=\"wp-block-list\">\n<li>El precio del consumo de luz, que se representa en kWh<\/li>\n\n\n\n<li>El t\u00e9rmino de potencia contratada, sobre todo si es una segunda residencia<\/li>\n\n\n\n<li>Las posibles penalizaciones econ\u00f3micas por cl\u00e1usulas de permanencia<\/li>\n\n\n\n<li>Los servicios de mantenimiento adicionales, que cubren y si interesa su contrataci\u00f3n<\/li>\n\n\n\n<li>La duraci\u00f3n de los descuentos y\/o promociones presentes en la tarifa<\/li>\n<\/ul>\n\n\n\n<h3 class=\"wp-block-heading\">Pasos para de alta la luz por primera vez<\/h3>\n\n\n\n<p class=\"wp-block-paragraph\">Ahora bien, \u00bfC\u00f3mo dar de alta la luz? En primer lugar, tendremos que reunir los siguientes documentos:<\/p>\n\n\n\n<ul class=\"wp-block-list\">\n<li>Datos del titular del suministro: nombre, apellidos, DNI y contacto<\/li>\n\n\n\n<li>N\u00famero de cuenta bancaria a su nombre, para domiciliar los recibos<\/li>\n\n\n\n<li>Direcci\u00f3n postal exacta de la vivienda<\/li>\n\n\n\n<li><a href=\"https:\/\/tarifaluzhora.es\/info\/cups\">CUPS<\/a> de luz, facilitado por la propia constructora, o bien, por la distribuidora de la zona<\/li>\n\n\n\n<li>Potencia que se desea contratar, en kW<\/li>\n\n\n\n<li>Bolet\u00edn El\u00e9ctrico efectuado por un instalador autorizado, que verifique que la instalaci\u00f3n es segura<\/li>\n<\/ul>\n\n\n\n<p class=\"wp-block-paragraph\">A continuaci\u00f3n, nos tendremos que poner en contacto con la comercializadora de luz elegida e indicar la tarifa a contratar para firmar el contrato de suministro. La gesti\u00f3n se puede realizar de manera presencial en las oficinas, por internet o por v\u00eda telef\u00f3nica.<\/p>\n\n\n\n<p class=\"wp-block-paragraph\">Cabe destacar que las v\u00edas disponibles depender\u00e1n de la pol\u00edtica de la empresa. Por ejemplo, ser\u00e1 necesario llamar al <a href=\"https:\/\/comparadorluz.com\/companias\/endesa\/telefono\"><u>tel\u00e9fono de Endesa<\/u><\/a>&nbsp;para dar el alta con esta compa\u00f1\u00eda.<\/p>\n\n\n\n<p class=\"wp-block-paragraph\">La solicitud ser\u00e1 enviada a la distribuidora, la cual, tras verificar que todos los datos son correctos, activar\u00e1 el suministro en un plazo m\u00e1ximo de 8 d\u00edas h\u00e1biles, durante los cuales, enviar\u00e1 a un t\u00e9cnico para instalar el contador de luz si fuese necesario.<\/p>\n\n\n\n<h3 class=\"wp-block-heading\">Cu\u00e1nto cuesta dar de alta la luz en una obra nueva<\/h3>\n\n\n\n<p class=\"wp-block-paragraph\">Seg\u00fan nos comenta Selectra, esta gesti\u00f3n tiene coste, dividido en tres derechos regulados por la distribuidora, que deber\u00e1n de ser abonados en la primera factura:<\/p>\n\n\n\n<ul class=\"wp-block-list\">\n<li>Los <strong>derechos de extensi\u00f3n&nbsp;<\/strong>tendr\u00e1n un precio de 17,37 \u20ac por cada kW de potencia que se desee contratar<\/li>\n\n\n\n<li>Los <strong>derechos de acceso&nbsp;<\/strong>tendr\u00e1n un precio de 19,70 \u20ac por cada kW de potencia que se desee contratar<\/li>\n\n\n\n<li>Los <strong>derechos de enganche&nbsp;<\/strong>ser\u00e1n de 9,04 \u20ac<\/li>\n<\/ul>\n\n\n\n<p class=\"wp-block-paragraph\">Y hasta aqu\u00ed la informaci\u00f3n facilitada por Selectra para que conozcamos mejor c\u00f3mo dar de alta la luz en una vivienda de nueva construcci\u00f3n.&nbsp;<\/p>\n\n\n\n<p class=\"wp-block-paragraph\">\u00bfTe ha resultado interesante esta informaci\u00f3n?&nbsp;<\/p>\n\n\n\n<p class=\"wp-block-paragraph\">Nuestro objetivo es ayudarte a que el camino de construir tu nuevo hogar sea m\u00e1s f\u00e1cil y m\u00e1s claro. Desde nuestro despacho no solo dirigimos la obra, sino que solemos acompa\u00f1ar tambi\u00e9n a nuestros clientes en estos \u00faltimos tr\u00e1mites, ya que suelen coincidir con el momento de mayor ansiedad por parte del propietario, con la mudanza ya encima. Si quieres que te ayudemos en el proceso de construir tu nueva casa, no dudes en <strong><a href=\"https:\/\/cu4arquitectura.com\/contacto-arquitectos-valencia\/\">contactar con nosotros<\/a><\/strong>! <\/p>\n\n\n\n<p class=\"wp-block-paragraph\">Y si adem\u00e1s te preocupa el consumo el\u00e9ctrico una vez ya vivas en la casa, te recomendamos tambi\u00e9n nuestro art\u00edculo sobre <a href=\"https:\/\/cu4arquitectura.com\/2023\/10\/20\/reducir-consumo-energia-hogar\/\">c\u00f3mo reducir el consumo de energ\u00eda en el hogar<\/a>.<\/p>\n","protected":false},"excerpt":{"rendered":"<p>Dar de alta la luz en tu vivienda de nueva construcci\u00f3n, sabemos que es una de las dudas que os suelen surgir. Por ello hemos consultado a Selectra, para que nos cuenten todo aquello que debemos saber para dar de alta la luz en una vivienda nueva. \u00a1Esperamos os resulte de ayuda este post!&nbsp; Una [&hellip;]<\/p>\n","protected":false},"author":1,"featured_media":5660,"comment_status":"open","ping_status":"open","sticky":false,"template":"","format":"standard","meta":{"_acf_changed":false,"footnotes":""},"categories":[2],"tags":[],"class_list":["post-3578","post","type-post","status-publish","format-standard","has-post-thumbnail","hentry","category-como-construir-una-casa"],"acf":[],"yoast_head":"<!-- This site is optimized with the Yoast SEO plugin v27.7 - https:\/\/yoast.com\/product\/yoast-seo-wordpress\/ -->\n<title>C\u00f3mo dar de alta la luz en tu vivienda de nueva de construcci\u00f3n - CU4 Arquitectos en Valencia | Estudio de arquitectura<\/title>\n<meta name=\"description\" content=\"Queremos ayudarte para que uno de los \u00faltimos pasos antes de instalarte en tu casa, como es dar de alta la luz en tu vivienda, sea m\u00e1s f\u00e1cil y transparente.\" \/>\n<meta name=\"robots\" content=\"index, follow, max-snippet:-1, max-image-preview:large, max-video-preview:-1\" \/>\n<link rel=\"canonical\" href=\"https:\/\/cu4arquitectura.com\/en\/2023\/09\/10\/como-dar-de-alta-la-luz\/\" \/>\n<meta property=\"og:locale\" content=\"en_US\" \/>\n<meta property=\"og:type\" content=\"article\" \/>\n<meta property=\"og:title\" content=\"C\u00f3mo dar de alta la luz en tu vivienda de nueva de construcci\u00f3n - CU4 Arquitectos en Valencia | Estudio de arquitectura\" \/>\n<meta property=\"og:description\" content=\"Queremos ayudarte para que uno de los \u00faltimos pasos antes de instalarte en tu casa, como es dar de alta la luz en tu vivienda, sea m\u00e1s f\u00e1cil y transparente.\" \/>\n<meta property=\"og:url\" content=\"https:\/\/cu4arquitectura.com\/en\/2023\/09\/10\/como-dar-de-alta-la-luz\/\" \/>\n<meta property=\"og:site_name\" content=\"CU4 Arquitectos en Valencia | Estudio de arquitectura\" \/>\n<meta property=\"article:published_time\" content=\"2023-09-10T08:57:00+00:00\" \/>\n<meta property=\"article:modified_time\" content=\"2026-08-03T09:23:06+00:00\" \/>\n<meta property=\"og:image\" content=\"https:\/\/cu4arquitectura.com\/wp-content\/uploads\/2023\/09\/Como-dar-de-alta-la-luz-en-tu-vivienda-de-nueva-de-construccion.jpeg\" \/>\n\t<meta property=\"og:image:width\" content=\"2048\" \/>\n\t<meta property=\"og:image:height\" content=\"1365\" \/>\n\t<meta property=\"og:image:type\" content=\"image\/jpeg\" \/>\n<meta name=\"author\" content=\"cu4_admin\" \/>\n<meta name=\"twitter:card\" content=\"summary_large_image\" \/>\n<meta name=\"twitter:label1\" content=\"Written by\" \/>\n\t<meta name=\"twitter:data1\" content=\"cu4_admin\" \/>\n\t<meta name=\"twitter:label2\" content=\"Est. reading time\" \/>\n\t<meta name=\"twitter:data2\" content=\"4 minutes\" \/>\n<script type=\"application\/ld+json\" class=\"yoast-schema-graph\">{\"@context\":\"https:\\\/\\\/schema.org\",\"@graph\":[{\"@type\":\"Article\",\"@id\":\"https:\\\/\\\/cu4arquitectura.com\\\/en\\\/2023\\\/09\\\/10\\\/como-dar-de-alta-la-luz\\\/#article\",\"isPartOf\":{\"@id\":\"https:\\\/\\\/cu4arquitectura.com\\\/en\\\/2023\\\/09\\\/10\\\/como-dar-de-alta-la-luz\\\/\"},\"author\":{\"name\":\"cu4_admin\",\"@id\":\"https:\\\/\\\/cu4arquitectura.com\\\/en\\\/#\\\/schema\\\/person\\\/cab7e5614eeb0bf71d933154c307cbad\"},\"headline\":\"C\u00f3mo dar de alta la luz en tu vivienda de nueva de construcci\u00f3n\",\"datePublished\":\"2023-09-10T08:57:00+00:00\",\"dateModified\":\"2026-08-03T09:23:06+00:00\",\"mainEntityOfPage\":{\"@id\":\"https:\\\/\\\/cu4arquitectura.com\\\/en\\\/2023\\\/09\\\/10\\\/como-dar-de-alta-la-luz\\\/\"},\"wordCount\":897,\"commentCount\":2,\"publisher\":{\"@id\":\"https:\\\/\\\/cu4arquitectura.com\\\/en\\\/#organization\"},\"image\":{\"@id\":\"https:\\\/\\\/cu4arquitectura.com\\\/en\\\/2023\\\/09\\\/10\\\/como-dar-de-alta-la-luz\\\/#primaryimage\"},\"thumbnailUrl\":\"https:\\\/\\\/cu4arquitectura.com\\\/wp-content\\\/uploads\\\/2023\\\/09\\\/Como-dar-de-alta-la-luz-en-tu-vivienda-de-nueva-de-construccion.jpeg\",\"articleSection\":[\"C\u00f3mo construir una casa\"],\"inLanguage\":\"en-US\",\"potentialAction\":[{\"@type\":\"CommentAction\",\"name\":\"Comment\",\"target\":[\"https:\\\/\\\/cu4arquitectura.com\\\/en\\\/2023\\\/09\\\/10\\\/como-dar-de-alta-la-luz\\\/#respond\"]}]},{\"@type\":\"WebPage\",\"@id\":\"https:\\\/\\\/cu4arquitectura.com\\\/en\\\/2023\\\/09\\\/10\\\/como-dar-de-alta-la-luz\\\/\",\"url\":\"https:\\\/\\\/cu4arquitectura.com\\\/en\\\/2023\\\/09\\\/10\\\/como-dar-de-alta-la-luz\\\/\",\"name\":\"C\u00f3mo dar de alta la luz en tu vivienda de nueva de construcci\u00f3n - CU4 Arquitectos en Valencia | Estudio de arquitectura\",\"isPartOf\":{\"@id\":\"https:\\\/\\\/cu4arquitectura.com\\\/en\\\/#website\"},\"primaryImageOfPage\":{\"@id\":\"https:\\\/\\\/cu4arquitectura.com\\\/en\\\/2023\\\/09\\\/10\\\/como-dar-de-alta-la-luz\\\/#primaryimage\"},\"image\":{\"@id\":\"https:\\\/\\\/cu4arquitectura.com\\\/en\\\/2023\\\/09\\\/10\\\/como-dar-de-alta-la-luz\\\/#primaryimage\"},\"thumbnailUrl\":\"https:\\\/\\\/cu4arquitectura.com\\\/wp-content\\\/uploads\\\/2023\\\/09\\\/Como-dar-de-alta-la-luz-en-tu-vivienda-de-nueva-de-construccion.jpeg\",\"datePublished\":\"2023-09-10T08:57:00+00:00\",\"dateModified\":\"2026-08-03T09:23:06+00:00\",\"description\":\"Queremos ayudarte para que uno de los \u00faltimos pasos antes de instalarte en tu casa, como es dar de alta la luz en tu vivienda, sea m\u00e1s f\u00e1cil y transparente.\",\"breadcrumb\":{\"@id\":\"https:\\\/\\\/cu4arquitectura.com\\\/en\\\/2023\\\/09\\\/10\\\/como-dar-de-alta-la-luz\\\/#breadcrumb\"},\"inLanguage\":\"en-US\",\"potentialAction\":[{\"@type\":\"ReadAction\",\"target\":[\"https:\\\/\\\/cu4arquitectura.com\\\/en\\\/2023\\\/09\\\/10\\\/como-dar-de-alta-la-luz\\\/\"]}]},{\"@type\":\"ImageObject\",\"inLanguage\":\"en-US\",\"@id\":\"https:\\\/\\\/cu4arquitectura.com\\\/en\\\/2023\\\/09\\\/10\\\/como-dar-de-alta-la-luz\\\/#primaryimage\",\"url\":\"https:\\\/\\\/cu4arquitectura.com\\\/wp-content\\\/uploads\\\/2023\\\/09\\\/Como-dar-de-alta-la-luz-en-tu-vivienda-de-nueva-de-construccion.jpeg\",\"contentUrl\":\"https:\\\/\\\/cu4arquitectura.com\\\/wp-content\\\/uploads\\\/2023\\\/09\\\/Como-dar-de-alta-la-luz-en-tu-vivienda-de-nueva-de-construccion.jpeg\",\"width\":2048,\"height\":1365},{\"@type\":\"BreadcrumbList\",\"@id\":\"https:\\\/\\\/cu4arquitectura.com\\\/en\\\/2023\\\/09\\\/10\\\/como-dar-de-alta-la-luz\\\/#breadcrumb\",\"itemListElement\":[{\"@type\":\"ListItem\",\"position\":1,\"name\":\"Portada\",\"item\":\"https:\\\/\\\/cu4arquitectura.com\\\/en\\\/\"},{\"@type\":\"ListItem\",\"position\":2,\"name\":\"C\u00f3mo dar de alta la luz en tu vivienda de nueva de construcci\u00f3n\"}]},{\"@type\":\"WebSite\",\"@id\":\"https:\\\/\\\/cu4arquitectura.com\\\/en\\\/#website\",\"url\":\"https:\\\/\\\/cu4arquitectura.com\\\/en\\\/\",\"name\":\"CU4 Arquitectos en Valencia | Estudio de arquitectura\",\"description\":\"Arquitectos en Valencia | Especializados en espacios a medida para empresas y particulares, dise\u00f1ados para tu bienestar\",\"publisher\":{\"@id\":\"https:\\\/\\\/cu4arquitectura.com\\\/en\\\/#organization\"},\"potentialAction\":[{\"@type\":\"SearchAction\",\"target\":{\"@type\":\"EntryPoint\",\"urlTemplate\":\"https:\\\/\\\/cu4arquitectura.com\\\/en\\\/?s={search_term_string}\"},\"query-input\":{\"@type\":\"PropertyValueSpecification\",\"valueRequired\":true,\"valueName\":\"search_term_string\"}}],\"inLanguage\":\"en-US\"},{\"@type\":\"Organization\",\"@id\":\"https:\\\/\\\/cu4arquitectura.com\\\/en\\\/#organization\",\"name\":\"CU4 Arquitectos en Valencia | Estudio de arquitectura\",\"url\":\"https:\\\/\\\/cu4arquitectura.com\\\/en\\\/\",\"logo\":{\"@type\":\"ImageObject\",\"inLanguage\":\"en-US\",\"@id\":\"https:\\\/\\\/cu4arquitectura.com\\\/en\\\/#\\\/schema\\\/logo\\\/image\\\/\",\"url\":\"https:\\\/\\\/cu4arquitectura.com\\\/wp-content\\\/uploads\\\/2024\\\/01\\\/LOGO_CU4_original.svg\",\"contentUrl\":\"https:\\\/\\\/cu4arquitectura.com\\\/wp-content\\\/uploads\\\/2024\\\/01\\\/LOGO_CU4_original.svg\",\"width\":841,\"height\":595,\"caption\":\"CU4 Arquitectos en Valencia | Estudio de arquitectura\"},\"image\":{\"@id\":\"https:\\\/\\\/cu4arquitectura.com\\\/en\\\/#\\\/schema\\\/logo\\\/image\\\/\"}},{\"@type\":\"Person\",\"@id\":\"https:\\\/\\\/cu4arquitectura.com\\\/en\\\/#\\\/schema\\\/person\\\/cab7e5614eeb0bf71d933154c307cbad\",\"name\":\"cu4_admin\",\"image\":{\"@type\":\"ImageObject\",\"inLanguage\":\"en-US\",\"@id\":\"https:\\\/\\\/secure.gravatar.com\\\/avatar\\\/46fdd98ce0115379d1eed8cb88e5aa19a6581b97ba5db2084f7ed87a818bb40a?s=96&d=mm&r=g\",\"url\":\"https:\\\/\\\/secure.gravatar.com\\\/avatar\\\/46fdd98ce0115379d1eed8cb88e5aa19a6581b97ba5db2084f7ed87a818bb40a?s=96&d=mm&r=g\",\"contentUrl\":\"https:\\\/\\\/secure.gravatar.com\\\/avatar\\\/46fdd98ce0115379d1eed8cb88e5aa19a6581b97ba5db2084f7ed87a818bb40a?s=96&d=mm&r=g\",\"caption\":\"cu4_admin\"},\"sameAs\":[\"https:\\\/\\\/cu4arquitectura.com\"],\"url\":\"https:\\\/\\\/cu4arquitectura.com\\\/en\\\/author\\\/cu4_admin\\\/\"}]}<\/script>\n<!-- \/ Yoast SEO plugin. -->","yoast_head_json":{"title":"C\u00f3mo dar de alta la luz en tu vivienda de nueva de construcci\u00f3n - CU4 Arquitectos en Valencia | Estudio de arquitectura","description":"Queremos ayudarte para que uno de los \u00faltimos pasos antes de instalarte en tu casa, como es dar de alta la luz en tu vivienda, sea m\u00e1s f\u00e1cil y transparente.","robots":{"index":"index","follow":"follow","max-snippet":"max-snippet:-1","max-image-preview":"max-image-preview:large","max-video-preview":"max-video-preview:-1"},"canonical":"https:\/\/cu4arquitectura.com\/en\/2023\/09\/10\/como-dar-de-alta-la-luz\/","og_locale":"en_US","og_type":"article","og_title":"C\u00f3mo dar de alta la luz en tu vivienda de nueva de construcci\u00f3n - CU4 Arquitectos en Valencia | Estudio de arquitectura","og_description":"Queremos ayudarte para que uno de los \u00faltimos pasos antes de instalarte en tu casa, como es dar de alta la luz en tu vivienda, sea m\u00e1s f\u00e1cil y transparente.","og_url":"https:\/\/cu4arquitectura.com\/en\/2023\/09\/10\/como-dar-de-alta-la-luz\/","og_site_name":"CU4 Arquitectos en Valencia | Estudio de arquitectura","article_published_time":"2023-09-10T08:57:00+00:00","article_modified_time":"2026-08-03T09:23:06+00:00","og_image":[{"width":2048,"height":1365,"url":"https:\/\/cu4arquitectura.com\/wp-content\/uploads\/2023\/09\/Como-dar-de-alta-la-luz-en-tu-vivienda-de-nueva-de-construccion.jpeg","type":"image\/jpeg"}],"author":"cu4_admin","twitter_card":"summary_large_image","twitter_misc":{"Written by":"cu4_admin","Est. reading time":"4 minutes"},"schema":{"@context":"https:\/\/schema.org","@graph":[{"@type":"Article","@id":"https:\/\/cu4arquitectura.com\/en\/2023\/09\/10\/como-dar-de-alta-la-luz\/#article","isPartOf":{"@id":"https:\/\/cu4arquitectura.com\/en\/2023\/09\/10\/como-dar-de-alta-la-luz\/"},"author":{"name":"cu4_admin","@id":"https:\/\/cu4arquitectura.com\/en\/#\/schema\/person\/cab7e5614eeb0bf71d933154c307cbad"},"headline":"C\u00f3mo dar de alta la luz en tu vivienda de nueva de construcci\u00f3n","datePublished":"2023-09-10T08:57:00+00:00","dateModified":"2026-08-03T09:23:06+00:00","mainEntityOfPage":{"@id":"https:\/\/cu4arquitectura.com\/en\/2023\/09\/10\/como-dar-de-alta-la-luz\/"},"wordCount":897,"commentCount":2,"publisher":{"@id":"https:\/\/cu4arquitectura.com\/en\/#organization"},"image":{"@id":"https:\/\/cu4arquitectura.com\/en\/2023\/09\/10\/como-dar-de-alta-la-luz\/#primaryimage"},"thumbnailUrl":"https:\/\/cu4arquitectura.com\/wp-content\/uploads\/2023\/09\/Como-dar-de-alta-la-luz-en-tu-vivienda-de-nueva-de-construccion.jpeg","articleSection":["C\u00f3mo construir una casa"],"inLanguage":"en-US","potentialAction":[{"@type":"CommentAction","name":"Comment","target":["https:\/\/cu4arquitectura.com\/en\/2023\/09\/10\/como-dar-de-alta-la-luz\/#respond"]}]},{"@type":"WebPage","@id":"https:\/\/cu4arquitectura.com\/en\/2023\/09\/10\/como-dar-de-alta-la-luz\/","url":"https:\/\/cu4arquitectura.com\/en\/2023\/09\/10\/como-dar-de-alta-la-luz\/","name":"C\u00f3mo dar de alta la luz en tu vivienda de nueva de construcci\u00f3n - CU4 Arquitectos en Valencia | Estudio de arquitectura","isPartOf":{"@id":"https:\/\/cu4arquitectura.com\/en\/#website"},"primaryImageOfPage":{"@id":"https:\/\/cu4arquitectura.com\/en\/2023\/09\/10\/como-dar-de-alta-la-luz\/#primaryimage"},"image":{"@id":"https:\/\/cu4arquitectura.com\/en\/2023\/09\/10\/como-dar-de-alta-la-luz\/#primaryimage"},"thumbnailUrl":"https:\/\/cu4arquitectura.com\/wp-content\/uploads\/2023\/09\/Como-dar-de-alta-la-luz-en-tu-vivienda-de-nueva-de-construccion.jpeg","datePublished":"2023-09-10T08:57:00+00:00","dateModified":"2026-08-03T09:23:06+00:00","description":"Queremos ayudarte para que uno de los \u00faltimos pasos antes de instalarte en tu casa, como es dar de alta la luz en tu vivienda, sea m\u00e1s f\u00e1cil y transparente.","breadcrumb":{"@id":"https:\/\/cu4arquitectura.com\/en\/2023\/09\/10\/como-dar-de-alta-la-luz\/#breadcrumb"},"inLanguage":"en-US","potentialAction":[{"@type":"ReadAction","target":["https:\/\/cu4arquitectura.com\/en\/2023\/09\/10\/como-dar-de-alta-la-luz\/"]}]},{"@type":"ImageObject","inLanguage":"en-US","@id":"https:\/\/cu4arquitectura.com\/en\/2023\/09\/10\/como-dar-de-alta-la-luz\/#primaryimage","url":"https:\/\/cu4arquitectura.com\/wp-content\/uploads\/2023\/09\/Como-dar-de-alta-la-luz-en-tu-vivienda-de-nueva-de-construccion.jpeg","contentUrl":"https:\/\/cu4arquitectura.com\/wp-content\/uploads\/2023\/09\/Como-dar-de-alta-la-luz-en-tu-vivienda-de-nueva-de-construccion.jpeg","width":2048,"height":1365},{"@type":"BreadcrumbList","@id":"https:\/\/cu4arquitectura.com\/en\/2023\/09\/10\/como-dar-de-alta-la-luz\/#breadcrumb","itemListElement":[{"@type":"ListItem","position":1,"name":"Portada","item":"https:\/\/cu4arquitectura.com\/en\/"},{"@type":"ListItem","position":2,"name":"C\u00f3mo dar de alta la luz en tu vivienda de nueva de construcci\u00f3n"}]},{"@type":"WebSite","@id":"https:\/\/cu4arquitectura.com\/en\/#website","url":"https:\/\/cu4arquitectura.com\/en\/","name":"CU4 Arquitectos en Valencia | Estudio de arquitectura","description":"Arquitectos en Valencia | Especializados en espacios a medida para empresas y particulares, dise\u00f1ados para tu bienestar","publisher":{"@id":"https:\/\/cu4arquitectura.com\/en\/#organization"},"potentialAction":[{"@type":"SearchAction","target":{"@type":"EntryPoint","urlTemplate":"https:\/\/cu4arquitectura.com\/en\/?s={search_term_string}"},"query-input":{"@type":"PropertyValueSpecification","valueRequired":true,"valueName":"search_term_string"}}],"inLanguage":"en-US"},{"@type":"Organization","@id":"https:\/\/cu4arquitectura.com\/en\/#organization","name":"CU4 Arquitectos en Valencia | Estudio de arquitectura","url":"https:\/\/cu4arquitectura.com\/en\/","logo":{"@type":"ImageObject","inLanguage":"en-US","@id":"https:\/\/cu4arquitectura.com\/en\/#\/schema\/logo\/image\/","url":"https:\/\/cu4arquitectura.com\/wp-content\/uploads\/2024\/01\/LOGO_CU4_original.svg","contentUrl":"https:\/\/cu4arquitectura.com\/wp-content\/uploads\/2024\/01\/LOGO_CU4_original.svg","width":841,"height":595,"caption":"CU4 Arquitectos en Valencia | Estudio de arquitectura"},"image":{"@id":"https:\/\/cu4arquitectura.com\/en\/#\/schema\/logo\/image\/"}},{"@type":"Person","@id":"https:\/\/cu4arquitectura.com\/en\/#\/schema\/person\/cab7e5614eeb0bf71d933154c307cbad","name":"cu4_admin","image":{"@type":"ImageObject","inLanguage":"en-US","@id":"https:\/\/secure.gravatar.com\/avatar\/46fdd98ce0115379d1eed8cb88e5aa19a6581b97ba5db2084f7ed87a818bb40a?s=96&d=mm&r=g","url":"https:\/\/secure.gravatar.com\/avatar\/46fdd98ce0115379d1eed8cb88e5aa19a6581b97ba5db2084f7ed87a818bb40a?s=96&d=mm&r=g","contentUrl":"https:\/\/secure.gravatar.com\/avatar\/46fdd98ce0115379d1eed8cb88e5aa19a6581b97ba5db2084f7ed87a818bb40a?s=96&d=mm&r=g","caption":"cu4_admin"},"sameAs":["https:\/\/cu4arquitectura.com"],"url":"https:\/\/cu4arquitectura.com\/en\/author\/cu4_admin\/"}]}},"_links":{"self":[{"href":"https:\/\/cu4arquitectura.com\/en\/wp-json\/wp\/v2\/posts\/3578","targetHints":{"allow":["GET"]}}],"collection":[{"href":"https:\/\/cu4arquitectura.com\/en\/wp-json\/wp\/v2\/posts"}],"about":[{"href":"https:\/\/cu4arquitectura.com\/en\/wp-json\/wp\/v2\/types\/post"}],"author":[{"embeddable":true,"href":"https:\/\/cu4arquitectura.com\/en\/wp-json\/wp\/v2\/users\/1"}],"replies":[{"embeddable":true,"href":"https:\/\/cu4arquitectura.com\/en\/wp-json\/wp\/v2\/comments?post=3578"}],"version-history":[{"count":4,"href":"https:\/\/cu4arquitectura.com\/en\/wp-json\/wp\/v2\/posts\/3578\/revisions"}],"predecessor-version":[{"id":9520,"href":"https:\/\/cu4arquitectura.com\/en\/wp-json\/wp\/v2\/posts\/3578\/revisions\/9520"}],"wp:featuredmedia":[{"embeddable":true,"href":"https:\/\/cu4arquitectura.com\/en\/wp-json\/wp\/v2\/media\/5660"}],"wp:attachment":[{"href":"https:\/\/cu4arquitectura.com\/en\/wp-json\/wp\/v2\/media?parent=3578"}],"wp:term":[{"taxonomy":"category","embeddable":true,"href":"https:\/\/cu4arquitectura.com\/en\/wp-json\/wp\/v2\/categories?post=3578"},{"taxonomy":"post_tag","embeddable":true,"href":"https:\/\/cu4arquitectura.com\/en\/wp-json\/wp\/v2\/tags?post=3578"}],"curies":[{"name":"wp","href":"https:\/\/api.w.org\/{rel}","templated":true}]}}