{"id":3577,"date":"2023-10-20T14:53:18","date_gmt":"2023-10-20T12:53:18","guid":{"rendered":"https:\/\/www.cu4arquitectura.com\/?p=3577"},"modified":"2026-06-08T11:05:27","modified_gmt":"2026-06-08T11:05:27","slug":"reducir-consumo-energia-hogar","status":"publish","type":"post","link":"https:\/\/cu4arquitectura.com\/en\/2023\/10\/20\/reducir-consumo-energia-hogar\/","title":{"rendered":"Decisiones Clave para Reducir el Consumo de Energ\u00eda en tu Hogar"},"content":{"rendered":"\n<p class=\"wp-block-paragraph\">Cuando emprendemos la emocionante aventura de construir nuestra casa, solemos centrarnos en aspectos como el dise\u00f1o, la distribuci\u00f3n de espacios y la elecci\u00f3n de materiales.<\/p>\n\n\n\n<p class=\"wp-block-paragraph\">Sin embargo, no debemos pasar por alto la oportunidad de tomar decisiones inteligentes que nos permitan reducir el consumo de energ\u00eda en tu hogar a largo plazo.<\/p>\n\n\n\n<p class=\"wp-block-paragraph\">A continuaci\u00f3n, te mostramos algunas estrategias clave que puedes implementar durante la obra de tu casa para reducir el consumo de energ\u00eda de tu hogar y ahorrar en la factura de luz<\/p>\n\n\n\n<h3 class=\"wp-block-heading\">Soluciones en la construcci\u00f3n para reducir el consumo de energ\u00eda de tu hogar<\/h3>\n\n\n\n<ul class=\"wp-block-list\">\n<li>Durante la etapa de dise\u00f1o, piensa en la ubicaci\u00f3n estrat\u00e9gica de ventanas y puertas para maximizar la entrada de<strong> luz natural<\/strong>. Esto reducir\u00e1 tu dependencia de la iluminaci\u00f3n artificial durante el d\u00eda y disminuir\u00e1 el consumo de energ\u00eda.<\/li>\n\n\n\n<li>El <strong>aislamiento adecuado<\/strong> es esencial para mantener una temperatura constante en el interior de tu casa. Instala aislamiento de alta calidad en paredes y techos para evitar p\u00e9rdidas de calor o fr\u00edo, lo que reducir\u00e1 la necesidad de calefacci\u00f3n o aire acondicionado.<\/li>\n\n\n\n<li>Opta por<strong> iluminaci\u00f3n LED<\/strong> en lugar de bombillas incandescentes o fluorescentes, son m\u00e1s eficientes y duraderas, y permite ahorrar energ\u00eda y dinero a largo plazo.<\/li>\n\n\n\n<li>Al comprar electrodom\u00e9sticos para tu nueva casa, busca aquellos con <strong>calificaci\u00f3n energ\u00e9tica A o B<\/strong>, consumen menos electricidad y contribuyen a reducir los costos de funcionamiento.<\/li>\n\n\n\n<li>Si es posible, considera la<strong> instalaci\u00f3n de paneles solares <\/strong>en el techo de tu nueva casa. Esta inversi\u00f3n inicial puede generar ahorros significativos a lo largo del tiempo, ya que generar\u00e1 t\u00fa mismo la energ\u00eda necesaria para alimentar tu hogar.<\/li>\n\n\n\n<li>Instala un <strong>sistema de termostato inteligente<\/strong> que te permita programar la calefacci\u00f3n y el aire acondicionado de manera eficiente, evitando el gasto de energ\u00eda innecesario.<\/li>\n\n\n\n<li>Dise\u00f1a la <strong>ventilaci\u00f3n <\/strong>de tu casa de manera que pueda aprovecharse la brisa natural para mantener la temperatura adecuada en el interior. Esto reducir\u00e1 la necesidad de utilizar ventiladores o aire acondicionado.<\/li>\n<\/ul>\n\n\n\n<h3 class=\"wp-block-heading\">Mejores tarifas de luz para contratar el suministro<\/h3>\n\n\n\n<p class=\"wp-block-paragraph\">Estas soluciones nos permitir\u00e1n reducir el consumo de energ\u00eda en gran medida, sin embargo, no percibiremos un verdadero ahorro si, al dar de alta los suministros una vez terminada la obra, contratamos una tarifa de luz con un precio elevado.<\/p>\n\n\n\n<p class=\"wp-block-paragraph\">Lo mejor es hacer una comparativa entre las tarifas de luz del mercado y tomar una decisi\u00f3n informada.<\/p>\n\n\n\n<p class=\"wp-block-paragraph\">Hemos consultado a Selectra para que nos cuenten que aspectos debemos tener en cuenta a la hora de comparar las <a href=\"https:\/\/preciogas.com\/suministro-luz\/tarifas-luz\/mas-baratas\">mejores tarifas de luz <\/a>y esto es lo que nos han contado que debemos mirar:<\/p>\n\n\n\n<ul class=\"wp-block-list\">\n<li>El precio del kilovatio hora (<strong>\u20ac\/kWh<\/strong>) de la luz m\u00e1s econ\u00f3mico.<\/li>\n\n\n\n<li>El precio de la potencia el\u00e9ctrica contratada (<strong>\u20ac\/kW<\/strong>). Sobre todo si se trata de una segunda residencia, debe de ser lo m\u00e1s econ\u00f3mico posible.<\/li>\n\n\n\n<li>La existencia de <strong>penalizaciones<\/strong> econ\u00f3micas por permanencia en la contrataci\u00f3n, para poder cambiar la tarifa en el futuro si aparece una opci\u00f3n m\u00e1s beneficiosa<\/li>\n\n\n\n<li>Qu\u00e9 cubren los <strong>servicios de mantenimiento<\/strong> adicionales a la contrataci\u00f3n y si interesa su contrataci\u00f3n<\/li>\n\n\n\n<li>Los <strong>horarios de consumo<\/strong> de los habitantes de la casa. Si se hace un mayor consumo por la noche, lo mejor ser\u00e1 optar por una tarifa con discriminaci\u00f3n horaria o indexada, por el contrario, si el consumo es regular a lo largo del d\u00eda, una tarifa de precio fijo o plana ofrecer\u00e1 mayores beneficios<\/li>\n<\/ul>\n\n\n\n<p class=\"wp-block-paragraph\">Y con este post, terminamos esta colecci\u00f3n de art\u00edculos sobre energ\u00eda para tu vivienda.&nbsp;<\/p>\n\n\n\n<p class=\"wp-block-paragraph\">\u00bfTe ha resultado interesante esta informaci\u00f3n?&nbsp;<\/p>\n\n\n\n<p class=\"wp-block-paragraph\">Nuestro objetivo es ayudarte a que el camino de construir tu nuevo hogar sea m\u00e1s f\u00e1cil y m\u00e1s claro. Si quieres que te ayudemos en el proceso de construir tu nueva casa, no dudes en <strong><a href=\"https:\/\/cu4arquitectura.com\/contacto-arquitectos-valencia\/\">contactar con nosotros<\/a><\/strong>!\u00a0<\/p>\n","protected":false},"excerpt":{"rendered":"<p>Cuando emprendemos la emocionante aventura de construir nuestra casa, solemos centrarnos en aspectos como el dise\u00f1o, la distribuci\u00f3n de espacios y la elecci\u00f3n de materiales. Sin embargo, no debemos pasar por alto la oportunidad de tomar decisiones inteligentes que nos permitan reducir el consumo de energ\u00eda en tu hogar a largo plazo. A continuaci\u00f3n, te [&hellip;]<\/p>\n","protected":false},"author":1,"featured_media":5661,"comment_status":"open","ping_status":"open","sticky":false,"template":"","format":"standard","meta":{"_acf_changed":false,"footnotes":""},"categories":[2],"tags":[],"class_list":["post-3577","post","type-post","status-publish","format-standard","has-post-thumbnail","hentry","category-como-construir-una-casa"],"acf":[],"yoast_head":"<!-- This site is optimized with the Yoast SEO plugin v27.7 - https:\/\/yoast.com\/product\/yoast-seo-wordpress\/ -->\n<title>Decisiones Clave para Reducir el Consumo de Energ\u00eda en tu Hogar - CU4 Arquitectos en Valencia | Estudio de arquitectura<\/title>\n<meta name=\"description\" content=\"Construyendo un Futuro Sostenible: Decisiones Clave para Reducir el Consumo de Energ\u00eda en tu Hogar. Aqu\u00ed te lo contamos!\" \/>\n<meta name=\"robots\" content=\"index, follow, max-snippet:-1, max-image-preview:large, max-video-preview:-1\" \/>\n<link rel=\"canonical\" href=\"https:\/\/cu4arquitectura.com\/en\/2023\/10\/20\/reducir-consumo-energia-hogar\/\" \/>\n<meta property=\"og:locale\" content=\"en_US\" \/>\n<meta property=\"og:type\" content=\"article\" \/>\n<meta property=\"og:title\" content=\"Decisiones Clave para Reducir el Consumo de Energ\u00eda en tu Hogar - CU4 Arquitectos en Valencia | Estudio de arquitectura\" \/>\n<meta property=\"og:description\" content=\"Construyendo un Futuro Sostenible: Decisiones Clave para Reducir el Consumo de Energ\u00eda en tu Hogar. Aqu\u00ed te lo contamos!\" \/>\n<meta property=\"og:url\" content=\"https:\/\/cu4arquitectura.com\/en\/2023\/10\/20\/reducir-consumo-energia-hogar\/\" \/>\n<meta property=\"og:site_name\" content=\"CU4 Arquitectos en Valencia | Estudio de arquitectura\" \/>\n<meta property=\"article:published_time\" content=\"2023-10-20T12:53:18+00:00\" \/>\n<meta property=\"article:modified_time\" content=\"2026-06-08T11:05:27+00:00\" \/>\n<meta property=\"og:image\" content=\"https:\/\/cu4arquitectura.com\/wp-content\/uploads\/2023\/10\/Decisiones-Clave-para-Reducir-el-Consumo-de-Energia-en-tu-Hogar.jpeg\" \/>\n\t<meta property=\"og:image:width\" content=\"624\" \/>\n\t<meta property=\"og:image:height\" content=\"416\" \/>\n\t<meta property=\"og:image:type\" content=\"image\/jpeg\" \/>\n<meta name=\"author\" content=\"cu4_admin\" \/>\n<meta name=\"twitter:card\" content=\"summary_large_image\" \/>\n<meta name=\"twitter:label1\" content=\"Written by\" \/>\n\t<meta name=\"twitter:data1\" content=\"cu4_admin\" \/>\n\t<meta name=\"twitter:label2\" content=\"Est. reading time\" \/>\n\t<meta name=\"twitter:data2\" content=\"4 minutes\" \/>\n<script type=\"application\/ld+json\" class=\"yoast-schema-graph\">{\"@context\":\"https:\\\/\\\/schema.org\",\"@graph\":[{\"@type\":\"Article\",\"@id\":\"https:\\\/\\\/cu4arquitectura.com\\\/en\\\/2023\\\/10\\\/20\\\/reducir-consumo-energia-hogar\\\/#article\",\"isPartOf\":{\"@id\":\"https:\\\/\\\/cu4arquitectura.com\\\/en\\\/2023\\\/10\\\/20\\\/reducir-consumo-energia-hogar\\\/\"},\"author\":{\"name\":\"cu4_admin\",\"@id\":\"https:\\\/\\\/cu4arquitectura.com\\\/en\\\/#\\\/schema\\\/person\\\/cab7e5614eeb0bf71d933154c307cbad\"},\"headline\":\"Decisiones Clave para Reducir el Consumo de Energ\u00eda en tu Hogar\",\"datePublished\":\"2023-10-20T12:53:18+00:00\",\"dateModified\":\"2026-06-08T11:05:27+00:00\",\"mainEntityOfPage\":{\"@id\":\"https:\\\/\\\/cu4arquitectura.com\\\/en\\\/2023\\\/10\\\/20\\\/reducir-consumo-energia-hogar\\\/\"},\"wordCount\":679,\"commentCount\":2,\"publisher\":{\"@id\":\"https:\\\/\\\/cu4arquitectura.com\\\/en\\\/#organization\"},\"image\":{\"@id\":\"https:\\\/\\\/cu4arquitectura.com\\\/en\\\/2023\\\/10\\\/20\\\/reducir-consumo-energia-hogar\\\/#primaryimage\"},\"thumbnailUrl\":\"https:\\\/\\\/cu4arquitectura.com\\\/wp-content\\\/uploads\\\/2023\\\/10\\\/Decisiones-Clave-para-Reducir-el-Consumo-de-Energia-en-tu-Hogar.jpeg\",\"articleSection\":[\"C\u00f3mo construir una casa\"],\"inLanguage\":\"en-US\",\"potentialAction\":[{\"@type\":\"CommentAction\",\"name\":\"Comment\",\"target\":[\"https:\\\/\\\/cu4arquitectura.com\\\/en\\\/2023\\\/10\\\/20\\\/reducir-consumo-energia-hogar\\\/#respond\"]}]},{\"@type\":\"WebPage\",\"@id\":\"https:\\\/\\\/cu4arquitectura.com\\\/en\\\/2023\\\/10\\\/20\\\/reducir-consumo-energia-hogar\\\/\",\"url\":\"https:\\\/\\\/cu4arquitectura.com\\\/en\\\/2023\\\/10\\\/20\\\/reducir-consumo-energia-hogar\\\/\",\"name\":\"Decisiones Clave para Reducir el Consumo de Energ\u00eda en tu Hogar - CU4 Arquitectos en Valencia | Estudio de arquitectura\",\"isPartOf\":{\"@id\":\"https:\\\/\\\/cu4arquitectura.com\\\/en\\\/#website\"},\"primaryImageOfPage\":{\"@id\":\"https:\\\/\\\/cu4arquitectura.com\\\/en\\\/2023\\\/10\\\/20\\\/reducir-consumo-energia-hogar\\\/#primaryimage\"},\"image\":{\"@id\":\"https:\\\/\\\/cu4arquitectura.com\\\/en\\\/2023\\\/10\\\/20\\\/reducir-consumo-energia-hogar\\\/#primaryimage\"},\"thumbnailUrl\":\"https:\\\/\\\/cu4arquitectura.com\\\/wp-content\\\/uploads\\\/2023\\\/10\\\/Decisiones-Clave-para-Reducir-el-Consumo-de-Energia-en-tu-Hogar.jpeg\",\"datePublished\":\"2023-10-20T12:53:18+00:00\",\"dateModified\":\"2026-06-08T11:05:27+00:00\",\"description\":\"Construyendo un Futuro Sostenible: Decisiones Clave para Reducir el Consumo de Energ\u00eda en tu Hogar. Aqu\u00ed te lo contamos!\",\"breadcrumb\":{\"@id\":\"https:\\\/\\\/cu4arquitectura.com\\\/en\\\/2023\\\/10\\\/20\\\/reducir-consumo-energia-hogar\\\/#breadcrumb\"},\"inLanguage\":\"en-US\",\"potentialAction\":[{\"@type\":\"ReadAction\",\"target\":[\"https:\\\/\\\/cu4arquitectura.com\\\/en\\\/2023\\\/10\\\/20\\\/reducir-consumo-energia-hogar\\\/\"]}]},{\"@type\":\"ImageObject\",\"inLanguage\":\"en-US\",\"@id\":\"https:\\\/\\\/cu4arquitectura.com\\\/en\\\/2023\\\/10\\\/20\\\/reducir-consumo-energia-hogar\\\/#primaryimage\",\"url\":\"https:\\\/\\\/cu4arquitectura.com\\\/wp-content\\\/uploads\\\/2023\\\/10\\\/Decisiones-Clave-para-Reducir-el-Consumo-de-Energia-en-tu-Hogar.jpeg\",\"contentUrl\":\"https:\\\/\\\/cu4arquitectura.com\\\/wp-content\\\/uploads\\\/2023\\\/10\\\/Decisiones-Clave-para-Reducir-el-Consumo-de-Energia-en-tu-Hogar.jpeg\",\"width\":624,\"height\":416},{\"@type\":\"BreadcrumbList\",\"@id\":\"https:\\\/\\\/cu4arquitectura.com\\\/en\\\/2023\\\/10\\\/20\\\/reducir-consumo-energia-hogar\\\/#breadcrumb\",\"itemListElement\":[{\"@type\":\"ListItem\",\"position\":1,\"name\":\"Portada\",\"item\":\"https:\\\/\\\/cu4arquitectura.com\\\/en\\\/\"},{\"@type\":\"ListItem\",\"position\":2,\"name\":\"Decisiones Clave para Reducir el Consumo de Energ\u00eda en tu Hogar\"}]},{\"@type\":\"WebSite\",\"@id\":\"https:\\\/\\\/cu4arquitectura.com\\\/en\\\/#website\",\"url\":\"https:\\\/\\\/cu4arquitectura.com\\\/en\\\/\",\"name\":\"CU4 Arquitectos en Valencia | Estudio de arquitectura\",\"description\":\"Arquitectos en Valencia | Especializados en espacios a medida para empresas y particulares, dise\u00f1ados para tu bienestar\",\"publisher\":{\"@id\":\"https:\\\/\\\/cu4arquitectura.com\\\/en\\\/#organization\"},\"potentialAction\":[{\"@type\":\"SearchAction\",\"target\":{\"@type\":\"EntryPoint\",\"urlTemplate\":\"https:\\\/\\\/cu4arquitectura.com\\\/en\\\/?s={search_term_string}\"},\"query-input\":{\"@type\":\"PropertyValueSpecification\",\"valueRequired\":true,\"valueName\":\"search_term_string\"}}],\"inLanguage\":\"en-US\"},{\"@type\":\"Organization\",\"@id\":\"https:\\\/\\\/cu4arquitectura.com\\\/en\\\/#organization\",\"name\":\"CU4 Arquitectos en Valencia | Estudio de arquitectura\",\"url\":\"https:\\\/\\\/cu4arquitectura.com\\\/en\\\/\",\"logo\":{\"@type\":\"ImageObject\",\"inLanguage\":\"en-US\",\"@id\":\"https:\\\/\\\/cu4arquitectura.com\\\/en\\\/#\\\/schema\\\/logo\\\/image\\\/\",\"url\":\"https:\\\/\\\/cu4arquitectura.com\\\/wp-content\\\/uploads\\\/2024\\\/01\\\/LOGO_CU4_original.svg\",\"contentUrl\":\"https:\\\/\\\/cu4arquitectura.com\\\/wp-content\\\/uploads\\\/2024\\\/01\\\/LOGO_CU4_original.svg\",\"width\":841,\"height\":595,\"caption\":\"CU4 Arquitectos en Valencia | Estudio de arquitectura\"},\"image\":{\"@id\":\"https:\\\/\\\/cu4arquitectura.com\\\/en\\\/#\\\/schema\\\/logo\\\/image\\\/\"}},{\"@type\":\"Person\",\"@id\":\"https:\\\/\\\/cu4arquitectura.com\\\/en\\\/#\\\/schema\\\/person\\\/cab7e5614eeb0bf71d933154c307cbad\",\"name\":\"cu4_admin\",\"image\":{\"@type\":\"ImageObject\",\"inLanguage\":\"en-US\",\"@id\":\"https:\\\/\\\/secure.gravatar.com\\\/avatar\\\/46fdd98ce0115379d1eed8cb88e5aa19a6581b97ba5db2084f7ed87a818bb40a?s=96&d=mm&r=g\",\"url\":\"https:\\\/\\\/secure.gravatar.com\\\/avatar\\\/46fdd98ce0115379d1eed8cb88e5aa19a6581b97ba5db2084f7ed87a818bb40a?s=96&d=mm&r=g\",\"contentUrl\":\"https:\\\/\\\/secure.gravatar.com\\\/avatar\\\/46fdd98ce0115379d1eed8cb88e5aa19a6581b97ba5db2084f7ed87a818bb40a?s=96&d=mm&r=g\",\"caption\":\"cu4_admin\"},\"sameAs\":[\"https:\\\/\\\/cu4arquitectura.com\"],\"url\":\"https:\\\/\\\/cu4arquitectura.com\\\/en\\\/author\\\/cu4_admin\\\/\"}]}<\/script>\n<!-- \/ Yoast SEO plugin. -->","yoast_head_json":{"title":"Decisiones Clave para Reducir el Consumo de Energ\u00eda en tu Hogar - CU4 Arquitectos en Valencia | Estudio de arquitectura","description":"Construyendo un Futuro Sostenible: Decisiones Clave para Reducir el Consumo de Energ\u00eda en tu Hogar. Aqu\u00ed te lo contamos!","robots":{"index":"index","follow":"follow","max-snippet":"max-snippet:-1","max-image-preview":"max-image-preview:large","max-video-preview":"max-video-preview:-1"},"canonical":"https:\/\/cu4arquitectura.com\/en\/2023\/10\/20\/reducir-consumo-energia-hogar\/","og_locale":"en_US","og_type":"article","og_title":"Decisiones Clave para Reducir el Consumo de Energ\u00eda en tu Hogar - CU4 Arquitectos en Valencia | Estudio de arquitectura","og_description":"Construyendo un Futuro Sostenible: Decisiones Clave para Reducir el Consumo de Energ\u00eda en tu Hogar. Aqu\u00ed te lo contamos!","og_url":"https:\/\/cu4arquitectura.com\/en\/2023\/10\/20\/reducir-consumo-energia-hogar\/","og_site_name":"CU4 Arquitectos en Valencia | Estudio de arquitectura","article_published_time":"2023-10-20T12:53:18+00:00","article_modified_time":"2026-06-08T11:05:27+00:00","og_image":[{"width":624,"height":416,"url":"https:\/\/cu4arquitectura.com\/wp-content\/uploads\/2023\/10\/Decisiones-Clave-para-Reducir-el-Consumo-de-Energia-en-tu-Hogar.jpeg","type":"image\/jpeg"}],"author":"cu4_admin","twitter_card":"summary_large_image","twitter_misc":{"Written by":"cu4_admin","Est. reading time":"4 minutes"},"schema":{"@context":"https:\/\/schema.org","@graph":[{"@type":"Article","@id":"https:\/\/cu4arquitectura.com\/en\/2023\/10\/20\/reducir-consumo-energia-hogar\/#article","isPartOf":{"@id":"https:\/\/cu4arquitectura.com\/en\/2023\/10\/20\/reducir-consumo-energia-hogar\/"},"author":{"name":"cu4_admin","@id":"https:\/\/cu4arquitectura.com\/en\/#\/schema\/person\/cab7e5614eeb0bf71d933154c307cbad"},"headline":"Decisiones Clave para Reducir el Consumo de Energ\u00eda en tu Hogar","datePublished":"2023-10-20T12:53:18+00:00","dateModified":"2026-06-08T11:05:27+00:00","mainEntityOfPage":{"@id":"https:\/\/cu4arquitectura.com\/en\/2023\/10\/20\/reducir-consumo-energia-hogar\/"},"wordCount":679,"commentCount":2,"publisher":{"@id":"https:\/\/cu4arquitectura.com\/en\/#organization"},"image":{"@id":"https:\/\/cu4arquitectura.com\/en\/2023\/10\/20\/reducir-consumo-energia-hogar\/#primaryimage"},"thumbnailUrl":"https:\/\/cu4arquitectura.com\/wp-content\/uploads\/2023\/10\/Decisiones-Clave-para-Reducir-el-Consumo-de-Energia-en-tu-Hogar.jpeg","articleSection":["C\u00f3mo construir una casa"],"inLanguage":"en-US","potentialAction":[{"@type":"CommentAction","name":"Comment","target":["https:\/\/cu4arquitectura.com\/en\/2023\/10\/20\/reducir-consumo-energia-hogar\/#respond"]}]},{"@type":"WebPage","@id":"https:\/\/cu4arquitectura.com\/en\/2023\/10\/20\/reducir-consumo-energia-hogar\/","url":"https:\/\/cu4arquitectura.com\/en\/2023\/10\/20\/reducir-consumo-energia-hogar\/","name":"Decisiones Clave para Reducir el Consumo de Energ\u00eda en tu Hogar - CU4 Arquitectos en Valencia | Estudio de arquitectura","isPartOf":{"@id":"https:\/\/cu4arquitectura.com\/en\/#website"},"primaryImageOfPage":{"@id":"https:\/\/cu4arquitectura.com\/en\/2023\/10\/20\/reducir-consumo-energia-hogar\/#primaryimage"},"image":{"@id":"https:\/\/cu4arquitectura.com\/en\/2023\/10\/20\/reducir-consumo-energia-hogar\/#primaryimage"},"thumbnailUrl":"https:\/\/cu4arquitectura.com\/wp-content\/uploads\/2023\/10\/Decisiones-Clave-para-Reducir-el-Consumo-de-Energia-en-tu-Hogar.jpeg","datePublished":"2023-10-20T12:53:18+00:00","dateModified":"2026-06-08T11:05:27+00:00","description":"Construyendo un Futuro Sostenible: Decisiones Clave para Reducir el Consumo de Energ\u00eda en tu Hogar. Aqu\u00ed te lo contamos!","breadcrumb":{"@id":"https:\/\/cu4arquitectura.com\/en\/2023\/10\/20\/reducir-consumo-energia-hogar\/#breadcrumb"},"inLanguage":"en-US","potentialAction":[{"@type":"ReadAction","target":["https:\/\/cu4arquitectura.com\/en\/2023\/10\/20\/reducir-consumo-energia-hogar\/"]}]},{"@type":"ImageObject","inLanguage":"en-US","@id":"https:\/\/cu4arquitectura.com\/en\/2023\/10\/20\/reducir-consumo-energia-hogar\/#primaryimage","url":"https:\/\/cu4arquitectura.com\/wp-content\/uploads\/2023\/10\/Decisiones-Clave-para-Reducir-el-Consumo-de-Energia-en-tu-Hogar.jpeg","contentUrl":"https:\/\/cu4arquitectura.com\/wp-content\/uploads\/2023\/10\/Decisiones-Clave-para-Reducir-el-Consumo-de-Energia-en-tu-Hogar.jpeg","width":624,"height":416},{"@type":"BreadcrumbList","@id":"https:\/\/cu4arquitectura.com\/en\/2023\/10\/20\/reducir-consumo-energia-hogar\/#breadcrumb","itemListElement":[{"@type":"ListItem","position":1,"name":"Portada","item":"https:\/\/cu4arquitectura.com\/en\/"},{"@type":"ListItem","position":2,"name":"Decisiones Clave para Reducir el Consumo de Energ\u00eda en tu Hogar"}]},{"@type":"WebSite","@id":"https:\/\/cu4arquitectura.com\/en\/#website","url":"https:\/\/cu4arquitectura.com\/en\/","name":"CU4 Arquitectos en Valencia | Estudio de arquitectura","description":"Arquitectos en Valencia | Especializados en espacios a medida para empresas y particulares, dise\u00f1ados para tu bienestar","publisher":{"@id":"https:\/\/cu4arquitectura.com\/en\/#organization"},"potentialAction":[{"@type":"SearchAction","target":{"@type":"EntryPoint","urlTemplate":"https:\/\/cu4arquitectura.com\/en\/?s={search_term_string}"},"query-input":{"@type":"PropertyValueSpecification","valueRequired":true,"valueName":"search_term_string"}}],"inLanguage":"en-US"},{"@type":"Organization","@id":"https:\/\/cu4arquitectura.com\/en\/#organization","name":"CU4 Arquitectos en Valencia | Estudio de arquitectura","url":"https:\/\/cu4arquitectura.com\/en\/","logo":{"@type":"ImageObject","inLanguage":"en-US","@id":"https:\/\/cu4arquitectura.com\/en\/#\/schema\/logo\/image\/","url":"https:\/\/cu4arquitectura.com\/wp-content\/uploads\/2024\/01\/LOGO_CU4_original.svg","contentUrl":"https:\/\/cu4arquitectura.com\/wp-content\/uploads\/2024\/01\/LOGO_CU4_original.svg","width":841,"height":595,"caption":"CU4 Arquitectos en Valencia | Estudio de arquitectura"},"image":{"@id":"https:\/\/cu4arquitectura.com\/en\/#\/schema\/logo\/image\/"}},{"@type":"Person","@id":"https:\/\/cu4arquitectura.com\/en\/#\/schema\/person\/cab7e5614eeb0bf71d933154c307cbad","name":"cu4_admin","image":{"@type":"ImageObject","inLanguage":"en-US","@id":"https:\/\/secure.gravatar.com\/avatar\/46fdd98ce0115379d1eed8cb88e5aa19a6581b97ba5db2084f7ed87a818bb40a?s=96&d=mm&r=g","url":"https:\/\/secure.gravatar.com\/avatar\/46fdd98ce0115379d1eed8cb88e5aa19a6581b97ba5db2084f7ed87a818bb40a?s=96&d=mm&r=g","contentUrl":"https:\/\/secure.gravatar.com\/avatar\/46fdd98ce0115379d1eed8cb88e5aa19a6581b97ba5db2084f7ed87a818bb40a?s=96&d=mm&r=g","caption":"cu4_admin"},"sameAs":["https:\/\/cu4arquitectura.com"],"url":"https:\/\/cu4arquitectura.com\/en\/author\/cu4_admin\/"}]}},"_links":{"self":[{"href":"https:\/\/cu4arquitectura.com\/en\/wp-json\/wp\/v2\/posts\/3577","targetHints":{"allow":["GET"]}}],"collection":[{"href":"https:\/\/cu4arquitectura.com\/en\/wp-json\/wp\/v2\/posts"}],"about":[{"href":"https:\/\/cu4arquitectura.com\/en\/wp-json\/wp\/v2\/types\/post"}],"author":[{"embeddable":true,"href":"https:\/\/cu4arquitectura.com\/en\/wp-json\/wp\/v2\/users\/1"}],"replies":[{"embeddable":true,"href":"https:\/\/cu4arquitectura.com\/en\/wp-json\/wp\/v2\/comments?post=3577"}],"version-history":[{"count":3,"href":"https:\/\/cu4arquitectura.com\/en\/wp-json\/wp\/v2\/posts\/3577\/revisions"}],"predecessor-version":[{"id":9093,"href":"https:\/\/cu4arquitectura.com\/en\/wp-json\/wp\/v2\/posts\/3577\/revisions\/9093"}],"wp:featuredmedia":[{"embeddable":true,"href":"https:\/\/cu4arquitectura.com\/en\/wp-json\/wp\/v2\/media\/5661"}],"wp:attachment":[{"href":"https:\/\/cu4arquitectura.com\/en\/wp-json\/wp\/v2\/media?parent=3577"}],"wp:term":[{"taxonomy":"category","embeddable":true,"href":"https:\/\/cu4arquitectura.com\/en\/wp-json\/wp\/v2\/categories?post=3577"},{"taxonomy":"post_tag","embeddable":true,"href":"https:\/\/cu4arquitectura.com\/en\/wp-json\/wp\/v2\/tags?post=3577"}],"curies":[{"name":"wp","href":"https:\/\/api.w.org\/{rel}","templated":true}]}}