{"id":3438,"date":"2023-07-24T13:58:31","date_gmt":"2023-07-24T11:58:31","guid":{"rendered":"https:\/\/www.cu4arquitectura.com\/?p=3438"},"modified":"2026-06-08T11:04:46","modified_gmt":"2026-06-08T11:04:46","slug":"suelo-radiante-con-aerotermia","status":"publish","type":"post","link":"https:\/\/cu4arquitectura.com\/en\/2023\/07\/24\/suelo-radiante-con-aerotermia\/","title":{"rendered":"Suelo radiante con aerotermia"},"content":{"rendered":"\n<h3 class=\"wp-block-heading\">Suelo radiante con aerotermia, la opci\u00f3n m\u00e1s eficiente y saludable.<\/h3>\n\n\n\n<p class=\"wp-block-paragraph\">La aerotermia es un sistema integral que permite proporcionar la climatizaci\u00f3n necesaria a una vivienda de manera altamente eficiente, ya que se ayuda de una fuente renovable, inagotable y gratuita: el aire.<\/p>\n\n\n\n<p class=\"wp-block-paragraph\">Esto lo consigue mediante una bomba de calor capaz de extraer el 80% de la energ\u00eda del aire exterior del inmueble y transmitirlo hacia el interior de las diferentes estancias:<\/p>\n\n\n\n<ul class=\"wp-block-list\">\n<li>Calor en invierno<\/li>\n\n\n\n<li>Fr\u00edo en verano<\/li>\n\n\n\n<li>Agua caliente sanitaria durante todo el a\u00f1o<\/li>\n<\/ul>\n\n\n\n<p class=\"wp-block-paragraph\">Para hacernos una idea, genera 4 kW de energ\u00eda t\u00e9rmica por cada kW que consume de la red para su funcionamiento, por lo que el propietario tendr\u00e1 que abonar \u00bc de la energ\u00eda que disfruta, mientras que obtiene un rendimiento de un 400%<\/p>\n\n\n\n<p class=\"wp-block-paragraph\">Esto permite reducir el gasto de climatizaci\u00f3n hasta un 70% con respecto al resto de fuentes calor\u00edficas como el gas, la electricidad, el propano o el butano. Por ello, a continuaci\u00f3n te indicamos todo lo que debes saber para su instalaci\u00f3n en la reforma energ\u00e9tica de tu vivienda.<\/p>\n\n\n\n<h3 class=\"wp-block-heading\">Combinaciones de la aerotermia. \u00bfC\u00f3mo funcionan?<\/h3>\n\n\n\n<p class=\"wp-block-paragraph\">Como ya hemos comentado, la aerotermia es capaz de aunar todas las necesidades de climatizaci\u00f3n de un inmueble en un \u00fanico sistema, no obstante, existen diferentes dise\u00f1os en su instalaci\u00f3n dependiendo de las necesidades de consumo de sus habitantes.<\/p>\n\n\n\n<p class=\"wp-block-paragraph\">Las m\u00e1s utilizadas son las siguientes:<\/p>\n\n\n\n<ul class=\"wp-block-list\">\n<li>La <strong>bomba de calor aire-aire<\/strong>: Cede el calor del aire interior hacia el exterior y, a su vez, el aire acondicionado transfiere fr\u00edo directamente a la estancia para refrigerarla.<\/li>\n\n\n\n<li>La <strong>bomba de calor aire-agua<\/strong>: Extrae la energ\u00eda del aire para calentar un circuito de agua que alimenta los emisores de calor.<\/li>\n<\/ul>\n\n\n\n<p class=\"wp-block-paragraph\">En el caso de la calefacci\u00f3n, estos dispositivos pueden ser fancoils, radiadores de baja temperatura o suelo radiante, mientras que, para el agua caliente sanitaria, se a\u00f1ade un acumulador de agua para dar servicio a la cocina y los ba\u00f1os.<\/p>\n\n\n\n<h3 class=\"wp-block-heading\">Suelo radiante con aerotermia<\/h3>\n\n\n\n<p class=\"wp-block-paragraph\">Cabe destacar que, a la hora de elegir el emisor t\u00e9rmico, combinar la instalaci\u00f3n de suelo radiante con aerotermia es la opci\u00f3n ideal en t\u00e9rminos de ahorro energ\u00e9tico y confort.<\/p>\n\n\n\n<p class=\"wp-block-paragraph\">Consiste en un conjunto de tuber\u00edas situadas bajo el suelo, que reciben el agua caliente o fr\u00eda, y trasmiten esa temperatura de manera uniforme por todas las estancias.<\/p>\n\n\n\n<p class=\"wp-block-paragraph\">Su instalaci\u00f3n es muy sencilla y, a posteriori, no requiere de ning\u00fan mantenimiento espec\u00edfico.<\/p>\n\n\n\n<h3 class=\"wp-block-heading\">Coste de instalar suelo radiante con aerotermia en tu reforma<\/h3>\n\n\n\n<p class=\"wp-block-paragraph\">A continuaci\u00f3n se muestra una tabla orientativa del precio de instalar suelo radiante con aerotermia por m2, incluyendo el coste de la mano de obra y del dep\u00f3sito de agua caliente sanitaria:<\/p>\n\n\n\n<figure class=\"wp-block-table\"><table><tbody><tr><td>m2 del inmueble<\/td><td>Precio aerotermia<\/td><td><a href=\"https:\/\/propanogas.com\/calefaccion\/suelo-radiante\">Precio suelo radiante<\/a><\/td><td>Total de la instalaci\u00f3n<\/td><\/tr><tr><td>50 &#8211; 100 m2<\/td><td>7.713,08 \u20ac<\/td><td>2.700 &#8211; 5.400 \u20ac<\/td><td>10.413,08 &#8211; 13,113,08 \u20ac<\/td><\/tr><tr><td>150 m2<\/td><td>7.954,33 \u20ac<\/td><td>7.884 \u20ac<\/td><td>15.838,33 \u20ac<\/td><\/tr><tr><td>170 &#8211; 200 m2<\/td><td>8.153,08 \u20ac<\/td><td>9.180 &#8211; 10.800 \u20ac<\/td><td>17.333,08 &#8211; 18.953,08 \u20ac<\/td><\/tr><tr><td>240 m2<\/td><td>10.843,02 \u20ac<\/td><td>12.960 \u20ac<\/td><td>23.803,02 \u20ac<\/td><\/tr><\/tbody><\/table><\/figure>\n\n\n\n<p class=\"wp-block-paragraph\">Esta inversi\u00f3n puede amortizarse a corto plazo gracias al gran ahorro que proporciona, aunque de primeras pueda parecer un desembolso demasiado elevado.<\/p>\n\n\n\n<p class=\"wp-block-paragraph\">Adem\u00e1s, gracias a las subvenciones disponibles, se puede reducir notablemente el coste total de la instalaci\u00f3n, llevando a cabo de manera conjunta ambas instalaciones:<\/p>\n\n\n\n<ul class=\"wp-block-list\">\n<li>Ayuda de hasta 3.000 \u20ac para la instalaci\u00f3n del sistema aerot\u00e9rmico<\/li>\n\n\n\n<li>Ayuda de hasta 3.600 \u20ac para la instalaci\u00f3n del suelo radiante<\/li>\n<\/ul>\n\n\n\n<p class=\"wp-block-paragraph\">Informaci\u00f3n facilitada por Selectra.<\/p>\n\n\n\n<p class=\"wp-block-paragraph\">Si quieres m\u00e1s informaci\u00f3n sobre c\u00f3mo construir una casa, no dejes de visitar <strong><a href=\"https:\/\/www.cu4arquitectura.com\/como-constuir-una-casa\">esta secci\u00f3n de nuestro blog<\/a>.&nbsp;&nbsp;<\/strong><\/p>\n\n\n\n<p class=\"wp-block-paragraph\">Y si tienes m\u00e1s dudas y quieres que te ayudemos a dise\u00f1ar tu casa, <strong><a href=\"https:\/\/cu4arquitectura.com\/contacto-arquitectos-valencia\/\">contacta con nosotros!\u00a0<\/a><\/strong><\/p>\n","protected":false},"excerpt":{"rendered":"<p>Suelo radiante con aerotermia, la opci\u00f3n m\u00e1s eficiente y saludable. La aerotermia es un sistema integral que permite proporcionar la climatizaci\u00f3n necesaria a una vivienda de manera altamente eficiente, ya que se ayuda de una fuente renovable, inagotable y gratuita: el aire. Esto lo consigue mediante una bomba de calor capaz de extraer el 80% [&hellip;]<\/p>\n","protected":false},"author":1,"featured_media":5658,"comment_status":"open","ping_status":"open","sticky":false,"template":"","format":"standard","meta":{"_acf_changed":false,"footnotes":""},"categories":[2],"tags":[],"class_list":["post-3438","post","type-post","status-publish","format-standard","has-post-thumbnail","hentry","category-como-construir-una-casa"],"acf":[],"yoast_head":"<!-- This site is optimized with the Yoast SEO plugin v27.7 - https:\/\/yoast.com\/product\/yoast-seo-wordpress\/ -->\n<title>Suelo radiante con aerotermia - CU4 Arquitectos en Valencia | Estudio de arquitectura<\/title>\n<meta name=\"description\" content=\"Sabias que el suelo radiante con aerotermia, es la forma mas eficiente y saludable de calentar tu hogar en invierno?\" \/>\n<meta name=\"robots\" content=\"index, follow, max-snippet:-1, max-image-preview:large, max-video-preview:-1\" \/>\n<link rel=\"canonical\" href=\"https:\/\/cu4arquitectura.com\/en\/2023\/07\/24\/suelo-radiante-con-aerotermia\/\" \/>\n<meta property=\"og:locale\" content=\"en_US\" \/>\n<meta property=\"og:type\" content=\"article\" \/>\n<meta property=\"og:title\" content=\"Suelo radiante con aerotermia - CU4 Arquitectos en Valencia | Estudio de arquitectura\" \/>\n<meta property=\"og:description\" content=\"Sabias que el suelo radiante con aerotermia, es la forma mas eficiente y saludable de calentar tu hogar en invierno?\" \/>\n<meta property=\"og:url\" content=\"https:\/\/cu4arquitectura.com\/en\/2023\/07\/24\/suelo-radiante-con-aerotermia\/\" \/>\n<meta property=\"og:site_name\" content=\"CU4 Arquitectos en Valencia | Estudio de arquitectura\" \/>\n<meta property=\"article:published_time\" content=\"2023-07-24T11:58:31+00:00\" \/>\n<meta property=\"article:modified_time\" content=\"2026-06-08T11:04:46+00:00\" \/>\n<meta property=\"og:image\" content=\"https:\/\/cu4arquitectura.com\/wp-content\/uploads\/2023\/07\/SUELO-RADIANTE-CON-AEROTERMIA.jpeg\" \/>\n\t<meta property=\"og:image:width\" content=\"2048\" \/>\n\t<meta property=\"og:image:height\" content=\"1365\" \/>\n\t<meta property=\"og:image:type\" content=\"image\/jpeg\" \/>\n<meta name=\"author\" content=\"cu4_admin\" \/>\n<meta name=\"twitter:card\" content=\"summary_large_image\" \/>\n<meta name=\"twitter:label1\" content=\"Written by\" \/>\n\t<meta name=\"twitter:data1\" content=\"cu4_admin\" \/>\n\t<meta name=\"twitter:label2\" content=\"Est. reading time\" \/>\n\t<meta name=\"twitter:data2\" content=\"3 minutes\" \/>\n<script type=\"application\/ld+json\" class=\"yoast-schema-graph\">{\"@context\":\"https:\\\/\\\/schema.org\",\"@graph\":[{\"@type\":\"Article\",\"@id\":\"https:\\\/\\\/cu4arquitectura.com\\\/en\\\/2023\\\/07\\\/24\\\/suelo-radiante-con-aerotermia\\\/#article\",\"isPartOf\":{\"@id\":\"https:\\\/\\\/cu4arquitectura.com\\\/en\\\/2023\\\/07\\\/24\\\/suelo-radiante-con-aerotermia\\\/\"},\"author\":{\"name\":\"cu4_admin\",\"@id\":\"https:\\\/\\\/cu4arquitectura.com\\\/en\\\/#\\\/schema\\\/person\\\/cab7e5614eeb0bf71d933154c307cbad\"},\"headline\":\"Suelo radiante con aerotermia\",\"datePublished\":\"2023-07-24T11:58:31+00:00\",\"dateModified\":\"2026-06-08T11:04:46+00:00\",\"mainEntityOfPage\":{\"@id\":\"https:\\\/\\\/cu4arquitectura.com\\\/en\\\/2023\\\/07\\\/24\\\/suelo-radiante-con-aerotermia\\\/\"},\"wordCount\":612,\"commentCount\":0,\"publisher\":{\"@id\":\"https:\\\/\\\/cu4arquitectura.com\\\/en\\\/#organization\"},\"image\":{\"@id\":\"https:\\\/\\\/cu4arquitectura.com\\\/en\\\/2023\\\/07\\\/24\\\/suelo-radiante-con-aerotermia\\\/#primaryimage\"},\"thumbnailUrl\":\"https:\\\/\\\/cu4arquitectura.com\\\/wp-content\\\/uploads\\\/2023\\\/07\\\/SUELO-RADIANTE-CON-AEROTERMIA.jpeg\",\"articleSection\":[\"C\u00f3mo construir una casa\"],\"inLanguage\":\"en-US\",\"potentialAction\":[{\"@type\":\"CommentAction\",\"name\":\"Comment\",\"target\":[\"https:\\\/\\\/cu4arquitectura.com\\\/en\\\/2023\\\/07\\\/24\\\/suelo-radiante-con-aerotermia\\\/#respond\"]}]},{\"@type\":\"WebPage\",\"@id\":\"https:\\\/\\\/cu4arquitectura.com\\\/en\\\/2023\\\/07\\\/24\\\/suelo-radiante-con-aerotermia\\\/\",\"url\":\"https:\\\/\\\/cu4arquitectura.com\\\/en\\\/2023\\\/07\\\/24\\\/suelo-radiante-con-aerotermia\\\/\",\"name\":\"Suelo radiante con aerotermia - CU4 Arquitectos en Valencia | Estudio de arquitectura\",\"isPartOf\":{\"@id\":\"https:\\\/\\\/cu4arquitectura.com\\\/en\\\/#website\"},\"primaryImageOfPage\":{\"@id\":\"https:\\\/\\\/cu4arquitectura.com\\\/en\\\/2023\\\/07\\\/24\\\/suelo-radiante-con-aerotermia\\\/#primaryimage\"},\"image\":{\"@id\":\"https:\\\/\\\/cu4arquitectura.com\\\/en\\\/2023\\\/07\\\/24\\\/suelo-radiante-con-aerotermia\\\/#primaryimage\"},\"thumbnailUrl\":\"https:\\\/\\\/cu4arquitectura.com\\\/wp-content\\\/uploads\\\/2023\\\/07\\\/SUELO-RADIANTE-CON-AEROTERMIA.jpeg\",\"datePublished\":\"2023-07-24T11:58:31+00:00\",\"dateModified\":\"2026-06-08T11:04:46+00:00\",\"description\":\"Sabias que el suelo radiante con aerotermia, es la forma mas eficiente y saludable de calentar tu hogar en invierno?\",\"breadcrumb\":{\"@id\":\"https:\\\/\\\/cu4arquitectura.com\\\/en\\\/2023\\\/07\\\/24\\\/suelo-radiante-con-aerotermia\\\/#breadcrumb\"},\"inLanguage\":\"en-US\",\"potentialAction\":[{\"@type\":\"ReadAction\",\"target\":[\"https:\\\/\\\/cu4arquitectura.com\\\/en\\\/2023\\\/07\\\/24\\\/suelo-radiante-con-aerotermia\\\/\"]}]},{\"@type\":\"ImageObject\",\"inLanguage\":\"en-US\",\"@id\":\"https:\\\/\\\/cu4arquitectura.com\\\/en\\\/2023\\\/07\\\/24\\\/suelo-radiante-con-aerotermia\\\/#primaryimage\",\"url\":\"https:\\\/\\\/cu4arquitectura.com\\\/wp-content\\\/uploads\\\/2023\\\/07\\\/SUELO-RADIANTE-CON-AEROTERMIA.jpeg\",\"contentUrl\":\"https:\\\/\\\/cu4arquitectura.com\\\/wp-content\\\/uploads\\\/2023\\\/07\\\/SUELO-RADIANTE-CON-AEROTERMIA.jpeg\",\"width\":2048,\"height\":1365},{\"@type\":\"BreadcrumbList\",\"@id\":\"https:\\\/\\\/cu4arquitectura.com\\\/en\\\/2023\\\/07\\\/24\\\/suelo-radiante-con-aerotermia\\\/#breadcrumb\",\"itemListElement\":[{\"@type\":\"ListItem\",\"position\":1,\"name\":\"Portada\",\"item\":\"https:\\\/\\\/cu4arquitectura.com\\\/en\\\/\"},{\"@type\":\"ListItem\",\"position\":2,\"name\":\"Suelo radiante con aerotermia\"}]},{\"@type\":\"WebSite\",\"@id\":\"https:\\\/\\\/cu4arquitectura.com\\\/en\\\/#website\",\"url\":\"https:\\\/\\\/cu4arquitectura.com\\\/en\\\/\",\"name\":\"CU4 Arquitectos en Valencia | Estudio de arquitectura\",\"description\":\"Arquitectos en Valencia | Especializados en espacios a medida para empresas y particulares, dise\u00f1ados para tu bienestar\",\"publisher\":{\"@id\":\"https:\\\/\\\/cu4arquitectura.com\\\/en\\\/#organization\"},\"potentialAction\":[{\"@type\":\"SearchAction\",\"target\":{\"@type\":\"EntryPoint\",\"urlTemplate\":\"https:\\\/\\\/cu4arquitectura.com\\\/en\\\/?s={search_term_string}\"},\"query-input\":{\"@type\":\"PropertyValueSpecification\",\"valueRequired\":true,\"valueName\":\"search_term_string\"}}],\"inLanguage\":\"en-US\"},{\"@type\":\"Organization\",\"@id\":\"https:\\\/\\\/cu4arquitectura.com\\\/en\\\/#organization\",\"name\":\"CU4 Arquitectos en Valencia | Estudio de arquitectura\",\"url\":\"https:\\\/\\\/cu4arquitectura.com\\\/en\\\/\",\"logo\":{\"@type\":\"ImageObject\",\"inLanguage\":\"en-US\",\"@id\":\"https:\\\/\\\/cu4arquitectura.com\\\/en\\\/#\\\/schema\\\/logo\\\/image\\\/\",\"url\":\"https:\\\/\\\/cu4arquitectura.com\\\/wp-content\\\/uploads\\\/2024\\\/01\\\/LOGO_CU4_original.svg\",\"contentUrl\":\"https:\\\/\\\/cu4arquitectura.com\\\/wp-content\\\/uploads\\\/2024\\\/01\\\/LOGO_CU4_original.svg\",\"width\":841,\"height\":595,\"caption\":\"CU4 Arquitectos en Valencia | Estudio de arquitectura\"},\"image\":{\"@id\":\"https:\\\/\\\/cu4arquitectura.com\\\/en\\\/#\\\/schema\\\/logo\\\/image\\\/\"}},{\"@type\":\"Person\",\"@id\":\"https:\\\/\\\/cu4arquitectura.com\\\/en\\\/#\\\/schema\\\/person\\\/cab7e5614eeb0bf71d933154c307cbad\",\"name\":\"cu4_admin\",\"image\":{\"@type\":\"ImageObject\",\"inLanguage\":\"en-US\",\"@id\":\"https:\\\/\\\/secure.gravatar.com\\\/avatar\\\/46fdd98ce0115379d1eed8cb88e5aa19a6581b97ba5db2084f7ed87a818bb40a?s=96&d=mm&r=g\",\"url\":\"https:\\\/\\\/secure.gravatar.com\\\/avatar\\\/46fdd98ce0115379d1eed8cb88e5aa19a6581b97ba5db2084f7ed87a818bb40a?s=96&d=mm&r=g\",\"contentUrl\":\"https:\\\/\\\/secure.gravatar.com\\\/avatar\\\/46fdd98ce0115379d1eed8cb88e5aa19a6581b97ba5db2084f7ed87a818bb40a?s=96&d=mm&r=g\",\"caption\":\"cu4_admin\"},\"sameAs\":[\"https:\\\/\\\/cu4arquitectura.com\"],\"url\":\"https:\\\/\\\/cu4arquitectura.com\\\/en\\\/author\\\/cu4_admin\\\/\"}]}<\/script>\n<!-- \/ Yoast SEO plugin. -->","yoast_head_json":{"title":"Suelo radiante con aerotermia - CU4 Arquitectos en Valencia | Estudio de arquitectura","description":"Sabias que el suelo radiante con aerotermia, es la forma mas eficiente y saludable de calentar tu hogar en invierno?","robots":{"index":"index","follow":"follow","max-snippet":"max-snippet:-1","max-image-preview":"max-image-preview:large","max-video-preview":"max-video-preview:-1"},"canonical":"https:\/\/cu4arquitectura.com\/en\/2023\/07\/24\/suelo-radiante-con-aerotermia\/","og_locale":"en_US","og_type":"article","og_title":"Suelo radiante con aerotermia - CU4 Arquitectos en Valencia | Estudio de arquitectura","og_description":"Sabias que el suelo radiante con aerotermia, es la forma mas eficiente y saludable de calentar tu hogar en invierno?","og_url":"https:\/\/cu4arquitectura.com\/en\/2023\/07\/24\/suelo-radiante-con-aerotermia\/","og_site_name":"CU4 Arquitectos en Valencia | Estudio de arquitectura","article_published_time":"2023-07-24T11:58:31+00:00","article_modified_time":"2026-06-08T11:04:46+00:00","og_image":[{"width":2048,"height":1365,"url":"https:\/\/cu4arquitectura.com\/wp-content\/uploads\/2023\/07\/SUELO-RADIANTE-CON-AEROTERMIA.jpeg","type":"image\/jpeg"}],"author":"cu4_admin","twitter_card":"summary_large_image","twitter_misc":{"Written by":"cu4_admin","Est. reading time":"3 minutes"},"schema":{"@context":"https:\/\/schema.org","@graph":[{"@type":"Article","@id":"https:\/\/cu4arquitectura.com\/en\/2023\/07\/24\/suelo-radiante-con-aerotermia\/#article","isPartOf":{"@id":"https:\/\/cu4arquitectura.com\/en\/2023\/07\/24\/suelo-radiante-con-aerotermia\/"},"author":{"name":"cu4_admin","@id":"https:\/\/cu4arquitectura.com\/en\/#\/schema\/person\/cab7e5614eeb0bf71d933154c307cbad"},"headline":"Suelo radiante con aerotermia","datePublished":"2023-07-24T11:58:31+00:00","dateModified":"2026-06-08T11:04:46+00:00","mainEntityOfPage":{"@id":"https:\/\/cu4arquitectura.com\/en\/2023\/07\/24\/suelo-radiante-con-aerotermia\/"},"wordCount":612,"commentCount":0,"publisher":{"@id":"https:\/\/cu4arquitectura.com\/en\/#organization"},"image":{"@id":"https:\/\/cu4arquitectura.com\/en\/2023\/07\/24\/suelo-radiante-con-aerotermia\/#primaryimage"},"thumbnailUrl":"https:\/\/cu4arquitectura.com\/wp-content\/uploads\/2023\/07\/SUELO-RADIANTE-CON-AEROTERMIA.jpeg","articleSection":["C\u00f3mo construir una casa"],"inLanguage":"en-US","potentialAction":[{"@type":"CommentAction","name":"Comment","target":["https:\/\/cu4arquitectura.com\/en\/2023\/07\/24\/suelo-radiante-con-aerotermia\/#respond"]}]},{"@type":"WebPage","@id":"https:\/\/cu4arquitectura.com\/en\/2023\/07\/24\/suelo-radiante-con-aerotermia\/","url":"https:\/\/cu4arquitectura.com\/en\/2023\/07\/24\/suelo-radiante-con-aerotermia\/","name":"Suelo radiante con aerotermia - CU4 Arquitectos en Valencia | Estudio de arquitectura","isPartOf":{"@id":"https:\/\/cu4arquitectura.com\/en\/#website"},"primaryImageOfPage":{"@id":"https:\/\/cu4arquitectura.com\/en\/2023\/07\/24\/suelo-radiante-con-aerotermia\/#primaryimage"},"image":{"@id":"https:\/\/cu4arquitectura.com\/en\/2023\/07\/24\/suelo-radiante-con-aerotermia\/#primaryimage"},"thumbnailUrl":"https:\/\/cu4arquitectura.com\/wp-content\/uploads\/2023\/07\/SUELO-RADIANTE-CON-AEROTERMIA.jpeg","datePublished":"2023-07-24T11:58:31+00:00","dateModified":"2026-06-08T11:04:46+00:00","description":"Sabias que el suelo radiante con aerotermia, es la forma mas eficiente y saludable de calentar tu hogar en invierno?","breadcrumb":{"@id":"https:\/\/cu4arquitectura.com\/en\/2023\/07\/24\/suelo-radiante-con-aerotermia\/#breadcrumb"},"inLanguage":"en-US","potentialAction":[{"@type":"ReadAction","target":["https:\/\/cu4arquitectura.com\/en\/2023\/07\/24\/suelo-radiante-con-aerotermia\/"]}]},{"@type":"ImageObject","inLanguage":"en-US","@id":"https:\/\/cu4arquitectura.com\/en\/2023\/07\/24\/suelo-radiante-con-aerotermia\/#primaryimage","url":"https:\/\/cu4arquitectura.com\/wp-content\/uploads\/2023\/07\/SUELO-RADIANTE-CON-AEROTERMIA.jpeg","contentUrl":"https:\/\/cu4arquitectura.com\/wp-content\/uploads\/2023\/07\/SUELO-RADIANTE-CON-AEROTERMIA.jpeg","width":2048,"height":1365},{"@type":"BreadcrumbList","@id":"https:\/\/cu4arquitectura.com\/en\/2023\/07\/24\/suelo-radiante-con-aerotermia\/#breadcrumb","itemListElement":[{"@type":"ListItem","position":1,"name":"Portada","item":"https:\/\/cu4arquitectura.com\/en\/"},{"@type":"ListItem","position":2,"name":"Suelo radiante con aerotermia"}]},{"@type":"WebSite","@id":"https:\/\/cu4arquitectura.com\/en\/#website","url":"https:\/\/cu4arquitectura.com\/en\/","name":"CU4 Arquitectos en Valencia | Estudio de arquitectura","description":"Arquitectos en Valencia | Especializados en espacios a medida para empresas y particulares, dise\u00f1ados para tu bienestar","publisher":{"@id":"https:\/\/cu4arquitectura.com\/en\/#organization"},"potentialAction":[{"@type":"SearchAction","target":{"@type":"EntryPoint","urlTemplate":"https:\/\/cu4arquitectura.com\/en\/?s={search_term_string}"},"query-input":{"@type":"PropertyValueSpecification","valueRequired":true,"valueName":"search_term_string"}}],"inLanguage":"en-US"},{"@type":"Organization","@id":"https:\/\/cu4arquitectura.com\/en\/#organization","name":"CU4 Arquitectos en Valencia | Estudio de arquitectura","url":"https:\/\/cu4arquitectura.com\/en\/","logo":{"@type":"ImageObject","inLanguage":"en-US","@id":"https:\/\/cu4arquitectura.com\/en\/#\/schema\/logo\/image\/","url":"https:\/\/cu4arquitectura.com\/wp-content\/uploads\/2024\/01\/LOGO_CU4_original.svg","contentUrl":"https:\/\/cu4arquitectura.com\/wp-content\/uploads\/2024\/01\/LOGO_CU4_original.svg","width":841,"height":595,"caption":"CU4 Arquitectos en Valencia | Estudio de arquitectura"},"image":{"@id":"https:\/\/cu4arquitectura.com\/en\/#\/schema\/logo\/image\/"}},{"@type":"Person","@id":"https:\/\/cu4arquitectura.com\/en\/#\/schema\/person\/cab7e5614eeb0bf71d933154c307cbad","name":"cu4_admin","image":{"@type":"ImageObject","inLanguage":"en-US","@id":"https:\/\/secure.gravatar.com\/avatar\/46fdd98ce0115379d1eed8cb88e5aa19a6581b97ba5db2084f7ed87a818bb40a?s=96&d=mm&r=g","url":"https:\/\/secure.gravatar.com\/avatar\/46fdd98ce0115379d1eed8cb88e5aa19a6581b97ba5db2084f7ed87a818bb40a?s=96&d=mm&r=g","contentUrl":"https:\/\/secure.gravatar.com\/avatar\/46fdd98ce0115379d1eed8cb88e5aa19a6581b97ba5db2084f7ed87a818bb40a?s=96&d=mm&r=g","caption":"cu4_admin"},"sameAs":["https:\/\/cu4arquitectura.com"],"url":"https:\/\/cu4arquitectura.com\/en\/author\/cu4_admin\/"}]}},"_links":{"self":[{"href":"https:\/\/cu4arquitectura.com\/en\/wp-json\/wp\/v2\/posts\/3438","targetHints":{"allow":["GET"]}}],"collection":[{"href":"https:\/\/cu4arquitectura.com\/en\/wp-json\/wp\/v2\/posts"}],"about":[{"href":"https:\/\/cu4arquitectura.com\/en\/wp-json\/wp\/v2\/types\/post"}],"author":[{"embeddable":true,"href":"https:\/\/cu4arquitectura.com\/en\/wp-json\/wp\/v2\/users\/1"}],"replies":[{"embeddable":true,"href":"https:\/\/cu4arquitectura.com\/en\/wp-json\/wp\/v2\/comments?post=3438"}],"version-history":[{"count":4,"href":"https:\/\/cu4arquitectura.com\/en\/wp-json\/wp\/v2\/posts\/3438\/revisions"}],"predecessor-version":[{"id":9092,"href":"https:\/\/cu4arquitectura.com\/en\/wp-json\/wp\/v2\/posts\/3438\/revisions\/9092"}],"wp:featuredmedia":[{"embeddable":true,"href":"https:\/\/cu4arquitectura.com\/en\/wp-json\/wp\/v2\/media\/5658"}],"wp:attachment":[{"href":"https:\/\/cu4arquitectura.com\/en\/wp-json\/wp\/v2\/media?parent=3438"}],"wp:term":[{"taxonomy":"category","embeddable":true,"href":"https:\/\/cu4arquitectura.com\/en\/wp-json\/wp\/v2\/categories?post=3438"},{"taxonomy":"post_tag","embeddable":true,"href":"https:\/\/cu4arquitectura.com\/en\/wp-json\/wp\/v2\/tags?post=3438"}],"curies":[{"name":"wp","href":"https:\/\/api.w.org\/{rel}","templated":true}]}}