{"id":3261,"date":"2023-07-08T15:09:16","date_gmt":"2023-07-08T13:09:16","guid":{"rendered":"https:\/\/www.cu4arquitectura.com\/?p=3261"},"modified":"2026-08-03T08:16:45","modified_gmt":"2026-08-03T08:16:45","slug":"cuidar-de-la-casa-que-te-cuida","status":"publish","type":"post","link":"https:\/\/cu4arquitectura.com\/en\/2023\/07\/08\/cuidar-de-la-casa-que-te-cuida\/","title":{"rendered":"Manual pr\u00e1ctico para cuidar de la casa que te cuida"},"content":{"rendered":"\n<p class=\"wp-block-paragraph\">Hoy os traemos el manual pr\u00e1ctico para<strong> cuidar de la casa que te cuida.<\/strong><\/p>\n\n\n\n<p class=\"wp-block-paragraph\">En CU4 Arquitectura llevamos a\u00f1os dise\u00f1ando casas que te cuidan. Tenemos en cuenta todos los\u00a0 aspectos relativos a la <a href=\"https:\/\/www.cu4arquitectura.com\/la-compra-de-una-parcela\/\">ubicaci\u00f3n<\/a> de la vivienda, al dise\u00f1o de la residencia y a los materiales que empleamos en todo momento, para favorecer la sostenibilidad, el <a href=\"https:\/\/cu4well.com\/\" type=\"link\" id=\"https:\/\/cu4well.com\/\">bienestar<\/a> y el confort.<\/p>\n\n\n\n<p class=\"wp-block-paragraph\">Ahora quedemos poner el foco en qu\u00e9 ocurre despu\u00e9s. Una vez ya est\u00e1s viviendo en esa casa. En <strong>c\u00f3mo cuidas de ella para asegurarte de que ella tambi\u00e9n cuida de ti.<\/strong> Y ese cuidar la vivienda nos invita a reflexionar acerca de qu\u00e9 <strong>productos empleamos para limpiar<\/strong>&nbsp;y cu\u00e1les son los m\u00e1s convenientes tanto para el medio ambiente como para nuestra salud.<\/p>\n\n\n\n<p class=\"wp-block-paragraph\">Para aprender de este tema, y preparar este manual pr\u00e1ctico para cuidar de la casa que te cuidahemos contado con el asesoramiento experto de Silvia Cristian, impulsora de <a href=\"https:\/\/www.higiaeco.es\/\">Higiaeco<\/a>, marca especializada en la limpieza natural y sostenible.<\/p>\n\n\n\n<h3 class=\"wp-block-heading\"><strong>El punto de partida<\/strong><\/h3>\n\n\n\n<figure class=\"wp-block-image\"><img decoding=\"async\" src=\"https:\/\/cu4arquitectura.com\/wp-content\/uploads\/2024\/05\/brooke-lark-kXQ3J7_2fpc-unsplash-1-scaled.jpg\" alt=\"\"\/><\/figure>\n\n\n\n<p class=\"wp-block-paragraph\">Los productos de limpieza convencionales contienen productos qu\u00edmicos que pueden resultar agresivos y alterar la calidad del aire interior, adem\u00e1s de estropear los superficies de la vivienda.<\/p>\n\n\n\n<p class=\"wp-block-paragraph\">Respirar esos compuestos qu\u00edmicos vol\u00e1tiles o que toquen nuestra piel, puede ser perjudicial para nuestra salud. As\u00ed, es preferible <strong>guardar todos los productos de limpieza fuera la vivienda, en una galer\u00eda o terraza.<\/strong><\/p>\n\n\n\n<p class=\"wp-block-paragraph\">La publicidad nos incita a desinfectar todas las superficies y a emplear productos corrosivos, irritantes y altamente inflamables.<\/p>\n\n\n\n<p class=\"wp-block-paragraph\">Por el contrario, en este manual pr\u00e1ctico para cuidar de la casa que te cuida te contamos c\u00f3mo es esencial optar por <strong>productos naturales, que se producen con materiales biodegradables jab\u00f3n, alcohol, glicerina, arcilla y aceites esenciales,<\/strong> todos ellos vegetales y minerales (y en la UE por supuesto no testados en animales).<\/p>\n\n\n\n<p class=\"wp-block-paragraph\">El certificado que Silvia nos aconseja debe servir como referencia para los productos de limpieza ecol\u00f3gicos es <strong>ECOCERT.<\/strong><\/p>\n\n\n\n<h3 class=\"wp-block-heading\"><strong>Adi\u00f3s a la lej\u00eda y al amon\u00edaco <\/strong><\/h3>\n\n\n\n<p class=\"wp-block-paragraph\">La lej\u00eda es preferible sustuirla por <strong>jab\u00f3n natural<\/strong> de Castilla, Negro o de Marsella, a base de aceite de lino. Se trata de un producto multiusos, multisuperficie y multifuncional, que se puede utilizar para casi todo. Un truco para elegir un jab\u00f3n de Marsella de calidad es fijarse en su composici\u00f3n: <strong>no deber\u00eda tener m\u00e1s de cinco ingredientes.<\/strong><\/p>\n\n\n\n<p class=\"wp-block-paragraph\">El amon\u00edaco puede arrinconarse en beneficio del <strong>vinagre de mano, de vino blanco o de limpieza.<\/strong> Con otro tipo de vinagres, en el proceso de filtrado se emplea harina de huesos, por lo que no es vegano.<\/p>\n\n\n\n<p class=\"wp-block-paragraph\">El <strong>percarbonato<\/strong> es una buena alternativa a la lej\u00eda.<\/p>\n\n\n\n<figure class=\"wp-block-image\"><img decoding=\"async\" src=\"https:\/\/cu4arquitectura.com\/wp-content\/uploads\/2024\/05\/precious-plastic-melbourne-n5qirFAe6rQ-unsplash-scaled.jpg\" alt=\"\"\/><\/figure>\n\n\n\n<h3 class=\"wp-block-heading\"><strong>El suelo<\/strong><\/h3>\n\n\n\n<p class=\"wp-block-paragraph\">A la hora de limpiar el suelo, existen en el mercado una gran variedad de productos, la mayor\u00eda de los con aromas sint\u00e9ticos. Una alternativa ser\u00eda emplear un <strong>jab\u00f3n natural, a\u00f1adi\u00e9ndole aceites esenciales naturales.<\/strong><\/p>\n\n\n\n<p class=\"wp-block-paragraph\">Es preferible emplear <strong>agua tibia,<\/strong> que disuelve mejor la suciedad, con una medida de cuatro litros de agua con una nuez de jab\u00f3n natural. Esta mezcla servir\u00eda para cualquier tipo de suelos, excepto la madera sin barnizar, que es sensible al agua.<\/p>\n\n\n\n<figure class=\"wp-block-image\"><img decoding=\"async\" src=\"https:\/\/cu4arquitectura.com\/wp-content\/uploads\/2024\/05\/phil-5i0GnoTTjSE-unsplash-scaled.jpg\" alt=\"\"\/><\/figure>\n\n\n\n<h3 class=\"wp-block-heading\"><strong>Los cristales<\/strong><\/h3>\n\n\n\n<p class=\"wp-block-paragraph\">Es preferible emplear <strong>productos ecol\u00f3gicos espec\u00edficos para cristales<\/strong>&#8211; que carecen de aromas y compuestos qu\u00edmicos &#8211; o <strong>mezclar vinagre y agua a partes iguale<\/strong>s. Se puede optar tambi\u00e9n por que<strong> un tercio del contenido sea alcohol<\/strong> del botiqu\u00edn.<\/p>\n\n\n\n<p class=\"wp-block-paragraph\">La clave est\u00e1 en <strong>el pa\u00f1o<\/strong> que se emplee, que debe ser espec\u00edfico para cristales, para lograr el mejor resultado.<\/p>\n\n\n\n<figure class=\"wp-block-image\"><img decoding=\"async\" src=\"https:\/\/cu4arquitectura.com\/wp-content\/uploads\/2024\/05\/curology-ycEKahEaO5U-unsplash-R-scaled.jpg\" alt=\"\"\/><\/figure>\n\n\n\n<h3 class=\"wp-block-heading\"><strong>Los ba\u00f1os<\/strong><\/h3>\n\n\n\n<p class=\"wp-block-paragraph\">En este manual pr\u00e1ctico para cuidar de la casa que te cuida, tambi\u00e9n hablamos de ba\u00f1os. Los <strong>limpiadores naturales son multifuncionales y tambi\u00e9n est\u00e1n indicados para el ba\u00f1o.<\/strong>&nbsp; Se trata de jabones naturales l\u00edquidos con dosificador muy concentrados, que se pueden diluir.<\/p>\n\n\n\n<p class=\"wp-block-paragraph\"><strong>Para elimina restos de jab\u00f3n, aceites y cal<\/strong> se puede emplear el limpiador y <strong>esparcir bicarbonato.<\/strong> Si la cal es persistente o abundante, puede optarse por <strong>\u00e1cido c\u00edtrico<\/strong>, que es m\u00e1s&nbsp; fuerte. El <strong>vinagre<\/strong> es una opci\u00f3n indicada, tambi\u00e9n, para las mamparas y el tel\u00e9fono de la ducha.<\/p>\n\n\n\n<p class=\"wp-block-paragraph\">En el caso del <strong>inodoro<\/strong>, de cuando en cuando, adem\u00e1s del limpiador normal, se puede echar dos cucharadas de percarbonato s\u00f3dico en agua hirviendo y dejar que haga efecto durante dos horas.<\/p>\n\n\n\n<p class=\"wp-block-paragraph\">Con jab\u00f3n y agua, se elimina la suciedad y, con ella, los microorganismos que incluye. <strong>Para desinfectar<\/strong>, los mejores productos son el <strong>alcohol<\/strong> del botiqu\u00edn, el <strong>agua oxigenada del 3%<\/strong> y el <strong>percarbonato<\/strong>, que es pr\u00e1cticamente agua oxigenada s\u00f3lida<\/p>\n\n\n\n<figure class=\"wp-block-image\"><img decoding=\"async\" src=\"https:\/\/cu4arquitectura.com\/wp-content\/uploads\/2024\/05\/daiga-ellaby-uooMllXe6gE-unsplash-H-scaled.jpg\" alt=\"\"\/><\/figure>\n\n\n\n<h3 class=\"wp-block-heading\"><strong>La cocina<\/strong><\/h3>\n\n\n\n<p class=\"wp-block-paragraph\">En la cocina, el suelo se lavar\u00eda igual que el resto de la casa y, en el caso de las encimeras, ser\u00eda conveniente emplear un jab\u00f3n de PH neutro o un jab\u00f3n multiusos ecol\u00f3gico.<\/p>\n\n\n\n<p class=\"wp-block-paragraph\">En el caso de la <strong>vajilla<\/strong>, se puede emplear jab\u00f3n ecol\u00f3gico y tambi\u00e9n jab\u00f3n de Marsella o Castilla en pastilla. Para una emergencia, si careces de jab\u00f3n, se puede apostar por una cucharadita de carbonato s\u00f3dico, \u00e1cido c\u00edtrico y una gota de jab\u00f3n para platos.<\/p>\n\n\n\n<p class=\"wp-block-paragraph\">El <strong>lavavajillas<\/strong> en pastilla suele ser multifuncional y hacer el papel de: abrillantador, sal y abrillantador. Es esencial, al menos una vez al mes, limpiar el filtro y poner un ciclo largo a m\u00e1xima temperatura con medio lim\u00f3n y vinagre blanco.<\/p>\n\n\n\n<p class=\"wp-block-paragraph\">En el caso del <strong>frigor\u00edfico<\/strong>, se puede limpiar perfectamente con jab\u00f3n l\u00edquido con la misma mezcla a partes iguales de vinagre y agua mencionada anteriormente pero, nunca, con amon\u00edaco.<\/p>\n\n\n\n<p class=\"wp-block-paragraph\">Para el <strong>microondas, <\/strong>se calienta un cuenco con agua y medio lim\u00f3n durante varios minutos. Se empapa un pa\u00f1o con esa mezcla y todo quedar\u00e1 limpio.<\/p>\n\n\n\n<p class=\"wp-block-paragraph\">En cuanto a la <strong>vitrocer\u00e1mica<\/strong>, se puede optar por productos espec\u00edficos en crema o a base de arcilla o realizar una sencilla mezcla de jab\u00f3n para platos y bicarbonato.<\/p>\n\n\n\n<p class=\"wp-block-paragraph\">En el <strong>horno<\/strong>, la clave est\u00e1 en contar con un estropajo potente y que el interior est\u00e9 un poco caliente. Empleando jab\u00f3n natural sin diluir, tendremos un mayor poder desengrasan.<\/p>\n\n\n\n<h3 class=\"wp-block-heading\"><strong>La lavander\u00eda<\/strong><\/h3>\n\n\n\n<figure class=\"wp-block-image\"><img decoding=\"async\" src=\"https:\/\/cu4arquitectura.com\/wp-content\/uploads\/2024\/05\/ryoji-hayasaka-gkbAYJIMVDA-unsplash-scaled.jpg\" alt=\"\"\/><\/figure>\n\n\n\n<p class=\"wp-block-paragraph\">Si nos centramos en los procesos de lavado de la ropa,&nbsp; en este manual pr\u00e1ctico para cuidar de la casa que te cuida te contamos que es esencial apuntar que, seg\u00fan Silvia Cristian, el suavizante es uno de los productos m\u00e1s agresivos que existente, pues deja residuos en prendas y en ropa de cama que est\u00e1n en contacto con nuestra piel.<\/p>\n\n\n\n<p class=\"wp-block-paragraph\">Se puede sustituir por<strong> suavizante 100% naturales o emplear \u00e1cido c\u00edtrico diluido en agua o vinagre blanco.<\/strong> Adem\u00e1s de eliminar olores, el vinagre elimina los residuos de detergente de las prendas y, al final del ciclo, estas estar\u00e1n m\u00e1s limpias.<\/p>\n\n\n\n<p class=\"wp-block-paragraph\">Para lavar la ropa, debemos tener en cuenta el color y el tejido de las prendas; la ropa de cama y toallas se lavan siempre por separado.<\/p>\n\n\n\n<p class=\"wp-block-paragraph\">En el caso de la<strong> ropa blanca<\/strong>, al optar por opciones libres de blanqueadores \u00f3pticos, puede ocurrir que los tonos blancos se vuelvan con el tiempo grises o amarillos. La soluci\u00f3n perfecta es usar <strong>percarbonato<\/strong>. Se echa&nbsp; 30 \u00f3 40 mililitros de jab\u00f3n en la cajetilla y, en el tambor, se a\u00f1aden dos cucharadas de percarbonato. A continuaci\u00f3n, activamos el programa ECO.<\/p>\n\n\n\n<p class=\"wp-block-paragraph\">En el caso de <strong>manchas graves, con base de grasa o aceite,<\/strong> emplear\u00edamos previamente una nota del mismo<strong> jab\u00f3n lavaplatos<\/strong> en la prenda antes de meterla en el tambor de la lavadora. En el caso del <strong>vino<\/strong>, se emplear\u00eda <strong>vinagre<\/strong> primero mientras que, cuando se trata de <strong>manchas de bol\u00edgrafo o rotulador<\/strong>, un primer tratamiento recomendado ser\u00eda el <strong>alcohol<\/strong>.<\/p>\n\n\n\n<h3 class=\"wp-block-heading\"><strong>Utensilios<\/strong><\/h3>\n\n\n\n<figure class=\"wp-block-image\"><img decoding=\"async\" src=\"https:\/\/cu4arquitectura.com\/wp-content\/uploads\/2024\/05\/heather-ford-rHH4ytFvsw4-unsplash-H-scaled.jpg\" alt=\"\"\/><\/figure>\n\n\n\n<p class=\"wp-block-paragraph\">Si queremos que tener una casa que nos cuida, debemos prestar especial atenci\u00f3n a los instrumentos que empleamos para cuidarla.<\/p>\n\n\n\n<p class=\"wp-block-paragraph\">Hablar\u00edamos entonces de <strong>cepillos de madera y cerdas naturales<\/strong> para la ropa y la vajilla y tambi\u00e9n <strong>escobas fabricadas con materiales naturales<\/strong>, adem\u00e1s de <strong>guantes de l\u00e1tex natural<\/strong>, <strong>bayetas hechas de algod\u00f3n y celulosa<\/strong> y <strong>pa\u00f1os de algod\u00f3n y lino o de bamb\u00fa.<\/strong><\/p>\n\n\n\n<h3 class=\"wp-block-heading\"><strong>Lista de la compra<\/strong><\/h3>\n\n\n\n<figure class=\"wp-block-image\"><img decoding=\"async\" src=\"https:\/\/cu4arquitectura.com\/wp-content\/uploads\/2024\/05\/andrew-neel-cckf4TsHAuw-unsplash-1-scaled.jpg\" alt=\"\"\/><\/figure>\n\n\n\n<p class=\"wp-block-paragraph\">Aqu\u00ed ten\u00e9is un resumen del manual pr\u00e1ctico para cuidar de la casa que te cuida con los productos que lograr\u00e1n que tu casa te cuide:<\/p>\n\n\n\n<h4 class=\"wp-block-heading\">Lo m\u00e1s b\u00e1sico especifico:&nbsp;<\/h4>\n\n\n\n<ul class=\"wp-block-list\">\n<li>Jab\u00f3n neutro (Marsella, Castilla, Negro)<\/li>\n\n\n\n<li>Jab\u00f3n natural para ropa<\/li>\n\n\n\n<li>Pastillas lavaplatos ecol\u00f3gicas<\/li>\n<\/ul>\n\n\n\n<h4 class=\"wp-block-heading\">Los complementos a la limpieza:&nbsp;<\/h4>\n\n\n\n<ul class=\"wp-block-list\">\n<li>Vinagre&nbsp;<\/li>\n\n\n\n<li>Agua oxigenada<\/li>\n\n\n\n<li>Alcohol<\/li>\n\n\n\n<li>Percarbonato<\/li>\n\n\n\n<li>Bicarbonato de sodio<\/li>\n\n\n\n<li>\u00c1cido c\u00edtrico<\/li>\n<\/ul>\n\n\n\n<h4 class=\"wp-block-heading\">Los utensilios m\u00e1s importantes:&nbsp;<\/h4>\n\n\n\n<ul class=\"wp-block-list\">\n<li>Bayeta de algod\u00f3n y celulosa<\/li>\n\n\n\n<li>Pa\u00f1o para cristales&nbsp;de algod\u00f3n y lino<\/li>\n\n\n\n<li>Estropajo normal<\/li>\n\n\n\n<li>Estropajo horno&nbsp;<\/li>\n<\/ul>\n\n\n\n<h3 class=\"wp-block-heading\">Conclusi\u00f3n<\/h3>\n\n\n\n<p class=\"wp-block-paragraph\">Como conclusi\u00f3n de este manual pr\u00e1ctico para cuidar de la casa que te cuida, podemos resaltar que la industria de la limpieza ecol\u00f3gica est\u00e1 en auge. Existen, cada vez m\u00e1s, formulaciones muy efectivas, libres de t\u00f3xicos, y mejores que los productos convencionales.<\/p>\n\n\n\n<p class=\"wp-block-paragraph\">Productos que protegen la salud y el espacio que es nuestro refugio: nuestra casa.<\/p>\n\n\n\n<p class=\"wp-block-paragraph\">Pod\u00e9is ver la conversaci\u00f3n completa con Silvia Cristian aqu\u00ed&nbsp; <strong>https:\/\/youtu.be\/dffwMouYjzg<\/strong><\/p>\n\n\n\n<p class=\"wp-block-paragraph\">Si te ha gustado este manual para cuidar de la casa que te cuida y quieres que te ayudemos en el dise\u00f1o de tu casa, no dudes en <strong><a href=\"https:\/\/cu4arquitectura.com\/contacto-arquitectos-valencia\/\">contactar con nosotros<\/a><\/strong>!<\/p>\n\n\n\n<figure class=\"wp-block-embed is-type-video is-provider-youtube wp-block-embed-youtube wp-embed-aspect-16-9 wp-has-aspect-ratio\"><div class=\"wp-block-embed__wrapper\">\n<iframe loading=\"lazy\" title=\"LIMPIEZA HOGAR ECOLOGICA Y SALUDABLE\" width=\"800\" height=\"450\" src=\"https:\/\/www.youtube.com\/embed\/dffwMouYjzg?feature=oembed\" frameborder=\"0\" allow=\"accelerometer; autoplay; clipboard-write; encrypted-media; gyroscope; picture-in-picture; web-share\" referrerpolicy=\"strict-origin-when-cross-origin\" allowfullscreen><\/iframe>\n<\/div><\/figure>\n","protected":false},"excerpt":{"rendered":"<p>Hoy os traemos el manual pr\u00e1ctico para cuidar de la casa que te cuida. En CU4 Arquitectura llevamos a\u00f1os dise\u00f1ando casas que te cuidan. Tenemos en cuenta todos los\u00a0 aspectos relativos a la ubicaci\u00f3n de la vivienda, al dise\u00f1o de la residencia y a los materiales que empleamos en todo momento, para favorecer la sostenibilidad, [&hellip;]<\/p>\n","protected":false},"author":1,"featured_media":5411,"comment_status":"open","ping_status":"open","sticky":false,"template":"","format":"standard","meta":{"_acf_changed":false,"footnotes":""},"categories":[5],"tags":[],"class_list":["post-3261","post","type-post","status-publish","format-standard","has-post-thumbnail","hentry","category-arquitectura-sostenible"],"acf":[],"yoast_head":"<!-- This site is optimized with the Yoast SEO plugin v27.7 - https:\/\/yoast.com\/product\/yoast-seo-wordpress\/ -->\n<title>Manual pr\u00e1ctico para cuidar de la casa que te cuida - CU4 Arquitectos en Valencia | Estudio de arquitectura<\/title>\n<meta name=\"description\" content=\"En este articulo elaboramos el manual pr\u00e1ctico de la casa que te cuida y hablamos sobre productos de limpieza ecol\u00f3gicos y saludables.\" \/>\n<meta name=\"robots\" content=\"index, follow, max-snippet:-1, max-image-preview:large, max-video-preview:-1\" \/>\n<link rel=\"canonical\" href=\"https:\/\/cu4arquitectura.com\/en\/2023\/07\/08\/cuidar-de-la-casa-que-te-cuida\/\" \/>\n<meta property=\"og:locale\" content=\"en_US\" \/>\n<meta property=\"og:type\" content=\"article\" \/>\n<meta property=\"og:title\" content=\"Manual pr\u00e1ctico para cuidar de la casa que te cuida - CU4 Arquitectos en Valencia | Estudio de arquitectura\" \/>\n<meta property=\"og:description\" content=\"En este articulo elaboramos el manual pr\u00e1ctico de la casa que te cuida y hablamos sobre productos de limpieza ecol\u00f3gicos y saludables.\" \/>\n<meta property=\"og:url\" content=\"https:\/\/cu4arquitectura.com\/en\/2023\/07\/08\/cuidar-de-la-casa-que-te-cuida\/\" \/>\n<meta property=\"og:site_name\" content=\"CU4 Arquitectos en Valencia | Estudio de arquitectura\" \/>\n<meta property=\"article:published_time\" content=\"2023-07-08T13:09:16+00:00\" \/>\n<meta property=\"article:modified_time\" content=\"2026-08-03T08:16:45+00:00\" \/>\n<meta property=\"og:image\" content=\"https:\/\/cu4arquitectura.com\/wp-content\/uploads\/2024\/05\/brooke-lark-kXQ3J7_2fpc-unsplash-1-scaled.jpg\" \/>\n\t<meta property=\"og:image:width\" content=\"2560\" \/>\n\t<meta property=\"og:image:height\" content=\"1707\" \/>\n\t<meta property=\"og:image:type\" content=\"image\/jpeg\" \/>\n<meta name=\"author\" content=\"cu4_admin\" \/>\n<meta name=\"twitter:card\" content=\"summary_large_image\" \/>\n<meta name=\"twitter:label1\" content=\"Written by\" \/>\n\t<meta name=\"twitter:data1\" content=\"cu4_admin\" \/>\n\t<meta name=\"twitter:label2\" content=\"Est. reading time\" \/>\n\t<meta name=\"twitter:data2\" content=\"9 minutes\" \/>\n<script type=\"application\/ld+json\" class=\"yoast-schema-graph\">{\"@context\":\"https:\\\/\\\/schema.org\",\"@graph\":[{\"@type\":\"Article\",\"@id\":\"https:\\\/\\\/cu4arquitectura.com\\\/en\\\/2023\\\/07\\\/08\\\/cuidar-de-la-casa-que-te-cuida\\\/#article\",\"isPartOf\":{\"@id\":\"https:\\\/\\\/cu4arquitectura.com\\\/en\\\/2023\\\/07\\\/08\\\/cuidar-de-la-casa-que-te-cuida\\\/\"},\"author\":{\"name\":\"cu4_admin\",\"@id\":\"https:\\\/\\\/cu4arquitectura.com\\\/en\\\/#\\\/schema\\\/person\\\/cab7e5614eeb0bf71d933154c307cbad\"},\"headline\":\"Manual pr\u00e1ctico para cuidar de la casa que te cuida\",\"datePublished\":\"2023-07-08T13:09:16+00:00\",\"dateModified\":\"2026-08-03T08:16:45+00:00\",\"mainEntityOfPage\":{\"@id\":\"https:\\\/\\\/cu4arquitectura.com\\\/en\\\/2023\\\/07\\\/08\\\/cuidar-de-la-casa-que-te-cuida\\\/\"},\"wordCount\":1617,\"commentCount\":3,\"publisher\":{\"@id\":\"https:\\\/\\\/cu4arquitectura.com\\\/en\\\/#organization\"},\"image\":{\"@id\":\"https:\\\/\\\/cu4arquitectura.com\\\/en\\\/2023\\\/07\\\/08\\\/cuidar-de-la-casa-que-te-cuida\\\/#primaryimage\"},\"thumbnailUrl\":\"https:\\\/\\\/cu4arquitectura.com\\\/wp-content\\\/uploads\\\/2024\\\/05\\\/brooke-lark-kXQ3J7_2fpc-unsplash-1-scaled.jpg\",\"articleSection\":[\"Arquitectura sostenible\"],\"inLanguage\":\"en-US\",\"potentialAction\":[{\"@type\":\"CommentAction\",\"name\":\"Comment\",\"target\":[\"https:\\\/\\\/cu4arquitectura.com\\\/en\\\/2023\\\/07\\\/08\\\/cuidar-de-la-casa-que-te-cuida\\\/#respond\"]}]},{\"@type\":\"WebPage\",\"@id\":\"https:\\\/\\\/cu4arquitectura.com\\\/en\\\/2023\\\/07\\\/08\\\/cuidar-de-la-casa-que-te-cuida\\\/\",\"url\":\"https:\\\/\\\/cu4arquitectura.com\\\/en\\\/2023\\\/07\\\/08\\\/cuidar-de-la-casa-que-te-cuida\\\/\",\"name\":\"Manual pr\u00e1ctico para cuidar de la casa que te cuida - CU4 Arquitectos en Valencia | Estudio de arquitectura\",\"isPartOf\":{\"@id\":\"https:\\\/\\\/cu4arquitectura.com\\\/en\\\/#website\"},\"primaryImageOfPage\":{\"@id\":\"https:\\\/\\\/cu4arquitectura.com\\\/en\\\/2023\\\/07\\\/08\\\/cuidar-de-la-casa-que-te-cuida\\\/#primaryimage\"},\"image\":{\"@id\":\"https:\\\/\\\/cu4arquitectura.com\\\/en\\\/2023\\\/07\\\/08\\\/cuidar-de-la-casa-que-te-cuida\\\/#primaryimage\"},\"thumbnailUrl\":\"https:\\\/\\\/cu4arquitectura.com\\\/wp-content\\\/uploads\\\/2024\\\/05\\\/brooke-lark-kXQ3J7_2fpc-unsplash-1-scaled.jpg\",\"datePublished\":\"2023-07-08T13:09:16+00:00\",\"dateModified\":\"2026-08-03T08:16:45+00:00\",\"description\":\"En este articulo elaboramos el manual pr\u00e1ctico de la casa que te cuida y hablamos sobre productos de limpieza ecol\u00f3gicos y saludables.\",\"breadcrumb\":{\"@id\":\"https:\\\/\\\/cu4arquitectura.com\\\/en\\\/2023\\\/07\\\/08\\\/cuidar-de-la-casa-que-te-cuida\\\/#breadcrumb\"},\"inLanguage\":\"en-US\",\"potentialAction\":[{\"@type\":\"ReadAction\",\"target\":[\"https:\\\/\\\/cu4arquitectura.com\\\/en\\\/2023\\\/07\\\/08\\\/cuidar-de-la-casa-que-te-cuida\\\/\"]}]},{\"@type\":\"ImageObject\",\"inLanguage\":\"en-US\",\"@id\":\"https:\\\/\\\/cu4arquitectura.com\\\/en\\\/2023\\\/07\\\/08\\\/cuidar-de-la-casa-que-te-cuida\\\/#primaryimage\",\"url\":\"https:\\\/\\\/cu4arquitectura.com\\\/wp-content\\\/uploads\\\/2024\\\/05\\\/brooke-lark-kXQ3J7_2fpc-unsplash-1-scaled.jpg\",\"contentUrl\":\"https:\\\/\\\/cu4arquitectura.com\\\/wp-content\\\/uploads\\\/2024\\\/05\\\/brooke-lark-kXQ3J7_2fpc-unsplash-1-scaled.jpg\",\"width\":2560,\"height\":1707},{\"@type\":\"BreadcrumbList\",\"@id\":\"https:\\\/\\\/cu4arquitectura.com\\\/en\\\/2023\\\/07\\\/08\\\/cuidar-de-la-casa-que-te-cuida\\\/#breadcrumb\",\"itemListElement\":[{\"@type\":\"ListItem\",\"position\":1,\"name\":\"Portada\",\"item\":\"https:\\\/\\\/cu4arquitectura.com\\\/en\\\/\"},{\"@type\":\"ListItem\",\"position\":2,\"name\":\"Manual pr\u00e1ctico para cuidar de la casa que te cuida\"}]},{\"@type\":\"WebSite\",\"@id\":\"https:\\\/\\\/cu4arquitectura.com\\\/en\\\/#website\",\"url\":\"https:\\\/\\\/cu4arquitectura.com\\\/en\\\/\",\"name\":\"CU4 Arquitectos en Valencia | Estudio de arquitectura\",\"description\":\"Arquitectos en Valencia | Especializados en espacios a medida para empresas y particulares, dise\u00f1ados para tu bienestar\",\"publisher\":{\"@id\":\"https:\\\/\\\/cu4arquitectura.com\\\/en\\\/#organization\"},\"potentialAction\":[{\"@type\":\"SearchAction\",\"target\":{\"@type\":\"EntryPoint\",\"urlTemplate\":\"https:\\\/\\\/cu4arquitectura.com\\\/en\\\/?s={search_term_string}\"},\"query-input\":{\"@type\":\"PropertyValueSpecification\",\"valueRequired\":true,\"valueName\":\"search_term_string\"}}],\"inLanguage\":\"en-US\"},{\"@type\":\"Organization\",\"@id\":\"https:\\\/\\\/cu4arquitectura.com\\\/en\\\/#organization\",\"name\":\"CU4 Arquitectos en Valencia | Estudio de arquitectura\",\"url\":\"https:\\\/\\\/cu4arquitectura.com\\\/en\\\/\",\"logo\":{\"@type\":\"ImageObject\",\"inLanguage\":\"en-US\",\"@id\":\"https:\\\/\\\/cu4arquitectura.com\\\/en\\\/#\\\/schema\\\/logo\\\/image\\\/\",\"url\":\"https:\\\/\\\/cu4arquitectura.com\\\/wp-content\\\/uploads\\\/2024\\\/01\\\/LOGO_CU4_original.svg\",\"contentUrl\":\"https:\\\/\\\/cu4arquitectura.com\\\/wp-content\\\/uploads\\\/2024\\\/01\\\/LOGO_CU4_original.svg\",\"width\":841,\"height\":595,\"caption\":\"CU4 Arquitectos en Valencia | Estudio de arquitectura\"},\"image\":{\"@id\":\"https:\\\/\\\/cu4arquitectura.com\\\/en\\\/#\\\/schema\\\/logo\\\/image\\\/\"}},{\"@type\":\"Person\",\"@id\":\"https:\\\/\\\/cu4arquitectura.com\\\/en\\\/#\\\/schema\\\/person\\\/cab7e5614eeb0bf71d933154c307cbad\",\"name\":\"cu4_admin\",\"image\":{\"@type\":\"ImageObject\",\"inLanguage\":\"en-US\",\"@id\":\"https:\\\/\\\/secure.gravatar.com\\\/avatar\\\/46fdd98ce0115379d1eed8cb88e5aa19a6581b97ba5db2084f7ed87a818bb40a?s=96&d=mm&r=g\",\"url\":\"https:\\\/\\\/secure.gravatar.com\\\/avatar\\\/46fdd98ce0115379d1eed8cb88e5aa19a6581b97ba5db2084f7ed87a818bb40a?s=96&d=mm&r=g\",\"contentUrl\":\"https:\\\/\\\/secure.gravatar.com\\\/avatar\\\/46fdd98ce0115379d1eed8cb88e5aa19a6581b97ba5db2084f7ed87a818bb40a?s=96&d=mm&r=g\",\"caption\":\"cu4_admin\"},\"sameAs\":[\"https:\\\/\\\/cu4arquitectura.com\"],\"url\":\"https:\\\/\\\/cu4arquitectura.com\\\/en\\\/author\\\/cu4_admin\\\/\"}]}<\/script>\n<!-- \/ Yoast SEO plugin. -->","yoast_head_json":{"title":"Manual pr\u00e1ctico para cuidar de la casa que te cuida - CU4 Arquitectos en Valencia | Estudio de arquitectura","description":"En este articulo elaboramos el manual pr\u00e1ctico de la casa que te cuida y hablamos sobre productos de limpieza ecol\u00f3gicos y saludables.","robots":{"index":"index","follow":"follow","max-snippet":"max-snippet:-1","max-image-preview":"max-image-preview:large","max-video-preview":"max-video-preview:-1"},"canonical":"https:\/\/cu4arquitectura.com\/en\/2023\/07\/08\/cuidar-de-la-casa-que-te-cuida\/","og_locale":"en_US","og_type":"article","og_title":"Manual pr\u00e1ctico para cuidar de la casa que te cuida - CU4 Arquitectos en Valencia | Estudio de arquitectura","og_description":"En este articulo elaboramos el manual pr\u00e1ctico de la casa que te cuida y hablamos sobre productos de limpieza ecol\u00f3gicos y saludables.","og_url":"https:\/\/cu4arquitectura.com\/en\/2023\/07\/08\/cuidar-de-la-casa-que-te-cuida\/","og_site_name":"CU4 Arquitectos en Valencia | Estudio de arquitectura","article_published_time":"2023-07-08T13:09:16+00:00","article_modified_time":"2026-08-03T08:16:45+00:00","og_image":[{"width":2560,"height":1707,"url":"https:\/\/cu4arquitectura.com\/wp-content\/uploads\/2024\/05\/brooke-lark-kXQ3J7_2fpc-unsplash-1-scaled.jpg","type":"image\/jpeg"}],"author":"cu4_admin","twitter_card":"summary_large_image","twitter_misc":{"Written by":"cu4_admin","Est. reading time":"9 minutes"},"schema":{"@context":"https:\/\/schema.org","@graph":[{"@type":"Article","@id":"https:\/\/cu4arquitectura.com\/en\/2023\/07\/08\/cuidar-de-la-casa-que-te-cuida\/#article","isPartOf":{"@id":"https:\/\/cu4arquitectura.com\/en\/2023\/07\/08\/cuidar-de-la-casa-que-te-cuida\/"},"author":{"name":"cu4_admin","@id":"https:\/\/cu4arquitectura.com\/en\/#\/schema\/person\/cab7e5614eeb0bf71d933154c307cbad"},"headline":"Manual pr\u00e1ctico para cuidar de la casa que te cuida","datePublished":"2023-07-08T13:09:16+00:00","dateModified":"2026-08-03T08:16:45+00:00","mainEntityOfPage":{"@id":"https:\/\/cu4arquitectura.com\/en\/2023\/07\/08\/cuidar-de-la-casa-que-te-cuida\/"},"wordCount":1617,"commentCount":3,"publisher":{"@id":"https:\/\/cu4arquitectura.com\/en\/#organization"},"image":{"@id":"https:\/\/cu4arquitectura.com\/en\/2023\/07\/08\/cuidar-de-la-casa-que-te-cuida\/#primaryimage"},"thumbnailUrl":"https:\/\/cu4arquitectura.com\/wp-content\/uploads\/2024\/05\/brooke-lark-kXQ3J7_2fpc-unsplash-1-scaled.jpg","articleSection":["Arquitectura sostenible"],"inLanguage":"en-US","potentialAction":[{"@type":"CommentAction","name":"Comment","target":["https:\/\/cu4arquitectura.com\/en\/2023\/07\/08\/cuidar-de-la-casa-que-te-cuida\/#respond"]}]},{"@type":"WebPage","@id":"https:\/\/cu4arquitectura.com\/en\/2023\/07\/08\/cuidar-de-la-casa-que-te-cuida\/","url":"https:\/\/cu4arquitectura.com\/en\/2023\/07\/08\/cuidar-de-la-casa-que-te-cuida\/","name":"Manual pr\u00e1ctico para cuidar de la casa que te cuida - CU4 Arquitectos en Valencia | Estudio de arquitectura","isPartOf":{"@id":"https:\/\/cu4arquitectura.com\/en\/#website"},"primaryImageOfPage":{"@id":"https:\/\/cu4arquitectura.com\/en\/2023\/07\/08\/cuidar-de-la-casa-que-te-cuida\/#primaryimage"},"image":{"@id":"https:\/\/cu4arquitectura.com\/en\/2023\/07\/08\/cuidar-de-la-casa-que-te-cuida\/#primaryimage"},"thumbnailUrl":"https:\/\/cu4arquitectura.com\/wp-content\/uploads\/2024\/05\/brooke-lark-kXQ3J7_2fpc-unsplash-1-scaled.jpg","datePublished":"2023-07-08T13:09:16+00:00","dateModified":"2026-08-03T08:16:45+00:00","description":"En este articulo elaboramos el manual pr\u00e1ctico de la casa que te cuida y hablamos sobre productos de limpieza ecol\u00f3gicos y saludables.","breadcrumb":{"@id":"https:\/\/cu4arquitectura.com\/en\/2023\/07\/08\/cuidar-de-la-casa-que-te-cuida\/#breadcrumb"},"inLanguage":"en-US","potentialAction":[{"@type":"ReadAction","target":["https:\/\/cu4arquitectura.com\/en\/2023\/07\/08\/cuidar-de-la-casa-que-te-cuida\/"]}]},{"@type":"ImageObject","inLanguage":"en-US","@id":"https:\/\/cu4arquitectura.com\/en\/2023\/07\/08\/cuidar-de-la-casa-que-te-cuida\/#primaryimage","url":"https:\/\/cu4arquitectura.com\/wp-content\/uploads\/2024\/05\/brooke-lark-kXQ3J7_2fpc-unsplash-1-scaled.jpg","contentUrl":"https:\/\/cu4arquitectura.com\/wp-content\/uploads\/2024\/05\/brooke-lark-kXQ3J7_2fpc-unsplash-1-scaled.jpg","width":2560,"height":1707},{"@type":"BreadcrumbList","@id":"https:\/\/cu4arquitectura.com\/en\/2023\/07\/08\/cuidar-de-la-casa-que-te-cuida\/#breadcrumb","itemListElement":[{"@type":"ListItem","position":1,"name":"Portada","item":"https:\/\/cu4arquitectura.com\/en\/"},{"@type":"ListItem","position":2,"name":"Manual pr\u00e1ctico para cuidar de la casa que te cuida"}]},{"@type":"WebSite","@id":"https:\/\/cu4arquitectura.com\/en\/#website","url":"https:\/\/cu4arquitectura.com\/en\/","name":"CU4 Arquitectos en Valencia | Estudio de arquitectura","description":"Arquitectos en Valencia | Especializados en espacios a medida para empresas y particulares, dise\u00f1ados para tu bienestar","publisher":{"@id":"https:\/\/cu4arquitectura.com\/en\/#organization"},"potentialAction":[{"@type":"SearchAction","target":{"@type":"EntryPoint","urlTemplate":"https:\/\/cu4arquitectura.com\/en\/?s={search_term_string}"},"query-input":{"@type":"PropertyValueSpecification","valueRequired":true,"valueName":"search_term_string"}}],"inLanguage":"en-US"},{"@type":"Organization","@id":"https:\/\/cu4arquitectura.com\/en\/#organization","name":"CU4 Arquitectos en Valencia | Estudio de arquitectura","url":"https:\/\/cu4arquitectura.com\/en\/","logo":{"@type":"ImageObject","inLanguage":"en-US","@id":"https:\/\/cu4arquitectura.com\/en\/#\/schema\/logo\/image\/","url":"https:\/\/cu4arquitectura.com\/wp-content\/uploads\/2024\/01\/LOGO_CU4_original.svg","contentUrl":"https:\/\/cu4arquitectura.com\/wp-content\/uploads\/2024\/01\/LOGO_CU4_original.svg","width":841,"height":595,"caption":"CU4 Arquitectos en Valencia | Estudio de arquitectura"},"image":{"@id":"https:\/\/cu4arquitectura.com\/en\/#\/schema\/logo\/image\/"}},{"@type":"Person","@id":"https:\/\/cu4arquitectura.com\/en\/#\/schema\/person\/cab7e5614eeb0bf71d933154c307cbad","name":"cu4_admin","image":{"@type":"ImageObject","inLanguage":"en-US","@id":"https:\/\/secure.gravatar.com\/avatar\/46fdd98ce0115379d1eed8cb88e5aa19a6581b97ba5db2084f7ed87a818bb40a?s=96&d=mm&r=g","url":"https:\/\/secure.gravatar.com\/avatar\/46fdd98ce0115379d1eed8cb88e5aa19a6581b97ba5db2084f7ed87a818bb40a?s=96&d=mm&r=g","contentUrl":"https:\/\/secure.gravatar.com\/avatar\/46fdd98ce0115379d1eed8cb88e5aa19a6581b97ba5db2084f7ed87a818bb40a?s=96&d=mm&r=g","caption":"cu4_admin"},"sameAs":["https:\/\/cu4arquitectura.com"],"url":"https:\/\/cu4arquitectura.com\/en\/author\/cu4_admin\/"}]}},"_links":{"self":[{"href":"https:\/\/cu4arquitectura.com\/en\/wp-json\/wp\/v2\/posts\/3261","targetHints":{"allow":["GET"]}}],"collection":[{"href":"https:\/\/cu4arquitectura.com\/en\/wp-json\/wp\/v2\/posts"}],"about":[{"href":"https:\/\/cu4arquitectura.com\/en\/wp-json\/wp\/v2\/types\/post"}],"author":[{"embeddable":true,"href":"https:\/\/cu4arquitectura.com\/en\/wp-json\/wp\/v2\/users\/1"}],"replies":[{"embeddable":true,"href":"https:\/\/cu4arquitectura.com\/en\/wp-json\/wp\/v2\/comments?post=3261"}],"version-history":[{"count":5,"href":"https:\/\/cu4arquitectura.com\/en\/wp-json\/wp\/v2\/posts\/3261\/revisions"}],"predecessor-version":[{"id":9511,"href":"https:\/\/cu4arquitectura.com\/en\/wp-json\/wp\/v2\/posts\/3261\/revisions\/9511"}],"wp:featuredmedia":[{"embeddable":true,"href":"https:\/\/cu4arquitectura.com\/en\/wp-json\/wp\/v2\/media\/5411"}],"wp:attachment":[{"href":"https:\/\/cu4arquitectura.com\/en\/wp-json\/wp\/v2\/media?parent=3261"}],"wp:term":[{"taxonomy":"category","embeddable":true,"href":"https:\/\/cu4arquitectura.com\/en\/wp-json\/wp\/v2\/categories?post=3261"},{"taxonomy":"post_tag","embeddable":true,"href":"https:\/\/cu4arquitectura.com\/en\/wp-json\/wp\/v2\/tags?post=3261"}],"curies":[{"name":"wp","href":"https:\/\/api.w.org\/{rel}","templated":true}]}}