{"id":2144,"date":"2021-01-08T15:02:52","date_gmt":"2021-01-08T13:02:52","guid":{"rendered":"https:\/\/www.cu4arquitectura.com\/?p=2144"},"modified":"2024-11-27T08:03:09","modified_gmt":"2024-11-27T08:03:09","slug":"villas-en-la-costa-de-alicante","status":"publish","type":"post","link":"https:\/\/cu4arquitectura.com\/en\/2021\/01\/08\/villas-en-la-costa-de-alicante\/","title":{"rendered":"Villas en la costa de Alicante"},"content":{"rendered":"\n<h2 class=\"wp-block-heading\">CU4 ARQUITECTURA + STEF ROGIERS <\/h2>\n\n\n\n<p class=\"wp-block-paragraph\">Es momento de presentaros al&nbsp; arquitecto STEF ROGIERS, con el que llevamos dos a\u00f1os colaborando y formando equipo y de lo que ya os hemos ense\u00f1ado algunas villas.&nbsp;&nbsp;<\/p>\n\n\n\n<p class=\"wp-block-paragraph\">Stef, de origen belga, ha desarrollado su carrera profesional, en diferentes etapas, entre B\u00e9lgica, Francia y Espa\u00f1a. Ha realizando proyectos de distinta embergadura y centr\u00e1ndose en su \u00faltima etapa en proyectos m\u00e1s personales.<\/p>\n\n\n\n<p class=\"wp-block-paragraph\"><a href=\"https:\/\/stefrogiersarchitect.com\/\" target=\"_blank\" rel=\"noopener\">Aqu\u00ed<\/a> puedes visitar la web de Stef Rogiers.<\/p>\n\n\n\n<p class=\"wp-block-paragraph\">Juntos desarrollamos proyectos situados en la costa Alicantina, en los que unimos nuestros puntos fuertes, siguiendo una filosof\u00eda compartida, en la que priman tus necesidades y tu bienestar, sin dejar de lado los aspectos t\u00e9cnicos que te proporcionan el confort necesario para tu hogar.<\/p>\n\n\n\n<p class=\"wp-block-paragraph\">Estas villas se adaptan al terreno propio de la zona de la Marina Alta, en la que surcan numerosas monta\u00f1as, valles y acantilados, generando espacios para disfrutar de los paisajes y del maravilloso clima del mediterr\u00e1neo.&nbsp;<\/p>\n\n\n\n<p class=\"wp-block-paragraph\">A continuaci\u00f3n os dejamos algunos de nuestros trabajos juntos!<\/p>\n\n\n\n<h1 class=\"wp-block-heading\"><\/h1>\n\n\n\n<h4 class=\"wp-block-heading\"><br>VILLA EN D\u00c9NIA<\/h4>\n\n\n\n<figure class=\"wp-block-image\"><img decoding=\"async\" src=\"https:\/\/cu4arquitectura.com\/wp-content\/uploads\/2024\/05\/CU4_VILLA-EN-DENIA_arquitectos-en-valencia-1024x542.jpg\" alt=\"\"\/><\/figure>\n\n\n\n<p class=\"wp-block-paragraph\"><a href=\"https:\/\/www.cu4arquitectura.com\/portfolio\/villa-en-denia\/\" target=\"_blank\" rel=\"noopener\">\t\t\t\t\t\t\t\t\t\t\t\t\t\t\t<\/a><\/p>\n\n\n\n<p class=\"wp-block-paragraph\">Pulsa <a href=\"https:\/\/stefrogiersarchitect.com\/patio-house\/\">aqu\u00ed<\/a> para ver m\u00e1s.<br><\/p>\n\n\n\n<h1 class=\"wp-block-heading\"><\/h1>\n\n\n\n<h4 class=\"wp-block-heading\"><br>VILLA EN J\u00c1VEA<\/h4>\n\n\n\n<figure class=\"wp-block-image\"><img decoding=\"async\" src=\"https:\/\/cu4arquitectura.com\/wp-content\/uploads\/2024\/05\/CU4_Villa-en-DENIA_Arquitectos-1024x601.jpg\" alt=\"casa alicante\"\/><\/figure>\n\n\n\n<p class=\"wp-block-paragraph\"><a href=\"https:\/\/www.cu4arquitectura.com\/portfolio\/villa-en-javea\/\" target=\"_blank\" rel=\"noopener\">\t\t\t\t\t\t\t\t\t\t\t\t\t\t\t<\/a><\/p>\n\n\n\n<p class=\"wp-block-paragraph\">Pulsa&nbsp;<a href=\"https:\/\/stefrogiersarchitect.com\/terrace-house\/\">aqu\u00ed<\/a>&nbsp;para ver m\u00e1s.<br><\/p>\n\n\n\n<h1 class=\"wp-block-heading\"><\/h1>\n\n\n\n<h4 class=\"wp-block-heading\"><br>VILLA EN J\u00c1VEA II<\/h4>\n\n\n\n<figure class=\"wp-block-image\"><img decoding=\"async\" src=\"https:\/\/cu4arquitectura.com\/wp-content\/uploads\/2024\/05\/1_CU4_VILLA-EN-JAVEA-II_estudio-de-arquitectura-1024x532.jpg\" alt=\"\"\/><\/figure>\n\n\n\n<p class=\"wp-block-paragraph\"><a href=\"https:\/\/www.cu4arquitectura.com\/portfolio\/villa-en-javea\/\" target=\"_blank\" rel=\"noopener\">\t\t\t\t\t\t\t\t\t\t\t\t\t\t\t<\/a><\/p>\n\n\n\n<p class=\"wp-block-paragraph\">Pulsa&nbsp;<a href=\"https:\/\/stefrogiersarchitect.com\/louver-house\/\">aqu\u00ed<\/a>&nbsp;para ver m\u00e1s.<\/p>\n\n\n\n<p class=\"wp-block-paragraph\">\u00a1\u00a1ESPERAMOS QUE OS GUSTEN!!<\/p>\n\n\n\n<p class=\"wp-block-paragraph\">Si quer\u00e9is ver el resto de nuestros proyectos, haz click <a href=\"https:\/\/www.cu4arquitectura.com\/portfolio\/\">aqu\u00ed.<\/a><\/p>\n","protected":false},"excerpt":{"rendered":"<p>CU4 ARQUITECTURA + STEF ROGIERS Es momento de presentaros al&nbsp; arquitecto STEF ROGIERS, con el que llevamos dos a\u00f1os colaborando y formando equipo y de lo que ya os hemos ense\u00f1ado algunas villas.&nbsp;&nbsp; Stef, de origen belga, ha desarrollado su carrera profesional, en diferentes etapas, entre B\u00e9lgica, Francia y Espa\u00f1a. Ha realizando proyectos de distinta [&hellip;]<\/p>\n","protected":false},"author":1,"featured_media":5436,"comment_status":"open","ping_status":"open","sticky":false,"template":"","format":"aside","meta":{"_acf_changed":false,"footnotes":""},"categories":[6],"tags":[],"class_list":["post-2144","post","type-post","status-publish","format-aside","has-post-thumbnail","hentry","category-cu4","post_format-post-format-aside"],"acf":[],"yoast_head":"<!-- This site is optimized with the Yoast SEO plugin v27.7 - https:\/\/yoast.com\/product\/yoast-seo-wordpress\/ -->\n<title>Villas en la costa de Alicante - CU4 Arquitectos en Valencia | Estudio de arquitectura<\/title>\n<meta name=\"description\" content=\"Junto con el arquitecto STEF ROGIERS realizamos villas en la costa Alicantina, siguiendo una filosof\u00eda compartida y aunando habilidades.\" \/>\n<meta name=\"robots\" content=\"index, follow, max-snippet:-1, max-image-preview:large, max-video-preview:-1\" \/>\n<link rel=\"canonical\" href=\"https:\/\/cu4arquitectura.com\/en\/2021\/01\/08\/villas-en-la-costa-de-alicante\/\" \/>\n<meta property=\"og:locale\" content=\"en_US\" \/>\n<meta property=\"og:type\" content=\"article\" \/>\n<meta property=\"og:title\" content=\"Villas en la costa de Alicante - CU4 Arquitectos en Valencia | Estudio de arquitectura\" \/>\n<meta property=\"og:description\" content=\"Junto con el arquitecto STEF ROGIERS realizamos villas en la costa Alicantina, siguiendo una filosof\u00eda compartida y aunando habilidades.\" \/>\n<meta property=\"og:url\" content=\"https:\/\/cu4arquitectura.com\/en\/2021\/01\/08\/villas-en-la-costa-de-alicante\/\" \/>\n<meta property=\"og:site_name\" content=\"CU4 Arquitectos en Valencia | Estudio de arquitectura\" \/>\n<meta property=\"article:published_time\" content=\"2021-01-08T13:02:52+00:00\" \/>\n<meta property=\"article:modified_time\" content=\"2024-11-27T08:03:09+00:00\" \/>\n<meta property=\"og:image\" content=\"https:\/\/cu4arquitectura.com\/wp-content\/uploads\/2024\/05\/CU4_Villa-en-DENIA_Arquitectos.jpg\" \/>\n\t<meta property=\"og:image:width\" content=\"1825\" \/>\n\t<meta property=\"og:image:height\" content=\"1072\" \/>\n\t<meta property=\"og:image:type\" content=\"image\/jpeg\" \/>\n<meta name=\"author\" content=\"cu4_admin\" \/>\n<meta name=\"twitter:card\" content=\"summary_large_image\" \/>\n<meta name=\"twitter:label1\" content=\"Written by\" \/>\n\t<meta name=\"twitter:data1\" content=\"cu4_admin\" \/>\n\t<meta name=\"twitter:label2\" content=\"Est. reading time\" \/>\n\t<meta name=\"twitter:data2\" content=\"2 minutes\" \/>\n<script type=\"application\/ld+json\" class=\"yoast-schema-graph\">{\"@context\":\"https:\\\/\\\/schema.org\",\"@graph\":[{\"@type\":\"Article\",\"@id\":\"https:\\\/\\\/cu4arquitectura.com\\\/en\\\/2021\\\/01\\\/08\\\/villas-en-la-costa-de-alicante\\\/#article\",\"isPartOf\":{\"@id\":\"https:\\\/\\\/cu4arquitectura.com\\\/en\\\/2021\\\/01\\\/08\\\/villas-en-la-costa-de-alicante\\\/\"},\"author\":{\"name\":\"cu4_admin\",\"@id\":\"https:\\\/\\\/cu4arquitectura.com\\\/en\\\/#\\\/schema\\\/person\\\/cab7e5614eeb0bf71d933154c307cbad\"},\"headline\":\"Villas en la costa de Alicante\",\"datePublished\":\"2021-01-08T13:02:52+00:00\",\"dateModified\":\"2024-11-27T08:03:09+00:00\",\"mainEntityOfPage\":{\"@id\":\"https:\\\/\\\/cu4arquitectura.com\\\/en\\\/2021\\\/01\\\/08\\\/villas-en-la-costa-de-alicante\\\/\"},\"wordCount\":234,\"commentCount\":3,\"publisher\":{\"@id\":\"https:\\\/\\\/cu4arquitectura.com\\\/en\\\/#organization\"},\"image\":{\"@id\":\"https:\\\/\\\/cu4arquitectura.com\\\/en\\\/2021\\\/01\\\/08\\\/villas-en-la-costa-de-alicante\\\/#primaryimage\"},\"thumbnailUrl\":\"https:\\\/\\\/cu4arquitectura.com\\\/wp-content\\\/uploads\\\/2024\\\/05\\\/CU4_Villa-en-DENIA_Arquitectos.jpg\",\"articleSection\":[\"CU4 Arquitectura\"],\"inLanguage\":\"en-US\",\"potentialAction\":[{\"@type\":\"CommentAction\",\"name\":\"Comment\",\"target\":[\"https:\\\/\\\/cu4arquitectura.com\\\/en\\\/2021\\\/01\\\/08\\\/villas-en-la-costa-de-alicante\\\/#respond\"]}]},{\"@type\":\"WebPage\",\"@id\":\"https:\\\/\\\/cu4arquitectura.com\\\/en\\\/2021\\\/01\\\/08\\\/villas-en-la-costa-de-alicante\\\/\",\"url\":\"https:\\\/\\\/cu4arquitectura.com\\\/en\\\/2021\\\/01\\\/08\\\/villas-en-la-costa-de-alicante\\\/\",\"name\":\"Villas en la costa de Alicante - CU4 Arquitectos en Valencia | Estudio de arquitectura\",\"isPartOf\":{\"@id\":\"https:\\\/\\\/cu4arquitectura.com\\\/en\\\/#website\"},\"primaryImageOfPage\":{\"@id\":\"https:\\\/\\\/cu4arquitectura.com\\\/en\\\/2021\\\/01\\\/08\\\/villas-en-la-costa-de-alicante\\\/#primaryimage\"},\"image\":{\"@id\":\"https:\\\/\\\/cu4arquitectura.com\\\/en\\\/2021\\\/01\\\/08\\\/villas-en-la-costa-de-alicante\\\/#primaryimage\"},\"thumbnailUrl\":\"https:\\\/\\\/cu4arquitectura.com\\\/wp-content\\\/uploads\\\/2024\\\/05\\\/CU4_Villa-en-DENIA_Arquitectos.jpg\",\"datePublished\":\"2021-01-08T13:02:52+00:00\",\"dateModified\":\"2024-11-27T08:03:09+00:00\",\"description\":\"Junto con el arquitecto STEF ROGIERS realizamos villas en la costa Alicantina, siguiendo una filosof\u00eda compartida y aunando habilidades.\",\"breadcrumb\":{\"@id\":\"https:\\\/\\\/cu4arquitectura.com\\\/en\\\/2021\\\/01\\\/08\\\/villas-en-la-costa-de-alicante\\\/#breadcrumb\"},\"inLanguage\":\"en-US\",\"potentialAction\":[{\"@type\":\"ReadAction\",\"target\":[\"https:\\\/\\\/cu4arquitectura.com\\\/en\\\/2021\\\/01\\\/08\\\/villas-en-la-costa-de-alicante\\\/\"]}]},{\"@type\":\"ImageObject\",\"inLanguage\":\"en-US\",\"@id\":\"https:\\\/\\\/cu4arquitectura.com\\\/en\\\/2021\\\/01\\\/08\\\/villas-en-la-costa-de-alicante\\\/#primaryimage\",\"url\":\"https:\\\/\\\/cu4arquitectura.com\\\/wp-content\\\/uploads\\\/2024\\\/05\\\/CU4_Villa-en-DENIA_Arquitectos.jpg\",\"contentUrl\":\"https:\\\/\\\/cu4arquitectura.com\\\/wp-content\\\/uploads\\\/2024\\\/05\\\/CU4_Villa-en-DENIA_Arquitectos.jpg\",\"width\":1825,\"height\":1072},{\"@type\":\"BreadcrumbList\",\"@id\":\"https:\\\/\\\/cu4arquitectura.com\\\/en\\\/2021\\\/01\\\/08\\\/villas-en-la-costa-de-alicante\\\/#breadcrumb\",\"itemListElement\":[{\"@type\":\"ListItem\",\"position\":1,\"name\":\"Portada\",\"item\":\"https:\\\/\\\/cu4arquitectura.com\\\/en\\\/\"},{\"@type\":\"ListItem\",\"position\":2,\"name\":\"Villas en la costa de Alicante\"}]},{\"@type\":\"WebSite\",\"@id\":\"https:\\\/\\\/cu4arquitectura.com\\\/en\\\/#website\",\"url\":\"https:\\\/\\\/cu4arquitectura.com\\\/en\\\/\",\"name\":\"CU4 Arquitectos en Valencia | Estudio de arquitectura\",\"description\":\"Arquitectos en Valencia | Especializados en espacios a medida para empresas y particulares, dise\u00f1ados para tu bienestar\",\"publisher\":{\"@id\":\"https:\\\/\\\/cu4arquitectura.com\\\/en\\\/#organization\"},\"potentialAction\":[{\"@type\":\"SearchAction\",\"target\":{\"@type\":\"EntryPoint\",\"urlTemplate\":\"https:\\\/\\\/cu4arquitectura.com\\\/en\\\/?s={search_term_string}\"},\"query-input\":{\"@type\":\"PropertyValueSpecification\",\"valueRequired\":true,\"valueName\":\"search_term_string\"}}],\"inLanguage\":\"en-US\"},{\"@type\":\"Organization\",\"@id\":\"https:\\\/\\\/cu4arquitectura.com\\\/en\\\/#organization\",\"name\":\"CU4 Arquitectos en Valencia | Estudio de arquitectura\",\"url\":\"https:\\\/\\\/cu4arquitectura.com\\\/en\\\/\",\"logo\":{\"@type\":\"ImageObject\",\"inLanguage\":\"en-US\",\"@id\":\"https:\\\/\\\/cu4arquitectura.com\\\/en\\\/#\\\/schema\\\/logo\\\/image\\\/\",\"url\":\"https:\\\/\\\/cu4arquitectura.com\\\/wp-content\\\/uploads\\\/2024\\\/01\\\/LOGO_CU4_original.svg\",\"contentUrl\":\"https:\\\/\\\/cu4arquitectura.com\\\/wp-content\\\/uploads\\\/2024\\\/01\\\/LOGO_CU4_original.svg\",\"width\":841,\"height\":595,\"caption\":\"CU4 Arquitectos en Valencia | Estudio de arquitectura\"},\"image\":{\"@id\":\"https:\\\/\\\/cu4arquitectura.com\\\/en\\\/#\\\/schema\\\/logo\\\/image\\\/\"}},{\"@type\":\"Person\",\"@id\":\"https:\\\/\\\/cu4arquitectura.com\\\/en\\\/#\\\/schema\\\/person\\\/cab7e5614eeb0bf71d933154c307cbad\",\"name\":\"cu4_admin\",\"image\":{\"@type\":\"ImageObject\",\"inLanguage\":\"en-US\",\"@id\":\"https:\\\/\\\/secure.gravatar.com\\\/avatar\\\/46fdd98ce0115379d1eed8cb88e5aa19a6581b97ba5db2084f7ed87a818bb40a?s=96&d=mm&r=g\",\"url\":\"https:\\\/\\\/secure.gravatar.com\\\/avatar\\\/46fdd98ce0115379d1eed8cb88e5aa19a6581b97ba5db2084f7ed87a818bb40a?s=96&d=mm&r=g\",\"contentUrl\":\"https:\\\/\\\/secure.gravatar.com\\\/avatar\\\/46fdd98ce0115379d1eed8cb88e5aa19a6581b97ba5db2084f7ed87a818bb40a?s=96&d=mm&r=g\",\"caption\":\"cu4_admin\"},\"sameAs\":[\"https:\\\/\\\/cu4arquitectura.com\"],\"url\":\"https:\\\/\\\/cu4arquitectura.com\\\/en\\\/author\\\/cu4_admin\\\/\"}]}<\/script>\n<!-- \/ Yoast SEO plugin. -->","yoast_head_json":{"title":"Villas en la costa de Alicante - CU4 Arquitectos en Valencia | Estudio de arquitectura","description":"Junto con el arquitecto STEF ROGIERS realizamos villas en la costa Alicantina, siguiendo una filosof\u00eda compartida y aunando habilidades.","robots":{"index":"index","follow":"follow","max-snippet":"max-snippet:-1","max-image-preview":"max-image-preview:large","max-video-preview":"max-video-preview:-1"},"canonical":"https:\/\/cu4arquitectura.com\/en\/2021\/01\/08\/villas-en-la-costa-de-alicante\/","og_locale":"en_US","og_type":"article","og_title":"Villas en la costa de Alicante - CU4 Arquitectos en Valencia | Estudio de arquitectura","og_description":"Junto con el arquitecto STEF ROGIERS realizamos villas en la costa Alicantina, siguiendo una filosof\u00eda compartida y aunando habilidades.","og_url":"https:\/\/cu4arquitectura.com\/en\/2021\/01\/08\/villas-en-la-costa-de-alicante\/","og_site_name":"CU4 Arquitectos en Valencia | Estudio de arquitectura","article_published_time":"2021-01-08T13:02:52+00:00","article_modified_time":"2024-11-27T08:03:09+00:00","og_image":[{"width":1825,"height":1072,"url":"https:\/\/cu4arquitectura.com\/wp-content\/uploads\/2024\/05\/CU4_Villa-en-DENIA_Arquitectos.jpg","type":"image\/jpeg"}],"author":"cu4_admin","twitter_card":"summary_large_image","twitter_misc":{"Written by":"cu4_admin","Est. reading time":"2 minutes"},"schema":{"@context":"https:\/\/schema.org","@graph":[{"@type":"Article","@id":"https:\/\/cu4arquitectura.com\/en\/2021\/01\/08\/villas-en-la-costa-de-alicante\/#article","isPartOf":{"@id":"https:\/\/cu4arquitectura.com\/en\/2021\/01\/08\/villas-en-la-costa-de-alicante\/"},"author":{"name":"cu4_admin","@id":"https:\/\/cu4arquitectura.com\/en\/#\/schema\/person\/cab7e5614eeb0bf71d933154c307cbad"},"headline":"Villas en la costa de Alicante","datePublished":"2021-01-08T13:02:52+00:00","dateModified":"2024-11-27T08:03:09+00:00","mainEntityOfPage":{"@id":"https:\/\/cu4arquitectura.com\/en\/2021\/01\/08\/villas-en-la-costa-de-alicante\/"},"wordCount":234,"commentCount":3,"publisher":{"@id":"https:\/\/cu4arquitectura.com\/en\/#organization"},"image":{"@id":"https:\/\/cu4arquitectura.com\/en\/2021\/01\/08\/villas-en-la-costa-de-alicante\/#primaryimage"},"thumbnailUrl":"https:\/\/cu4arquitectura.com\/wp-content\/uploads\/2024\/05\/CU4_Villa-en-DENIA_Arquitectos.jpg","articleSection":["CU4 Arquitectura"],"inLanguage":"en-US","potentialAction":[{"@type":"CommentAction","name":"Comment","target":["https:\/\/cu4arquitectura.com\/en\/2021\/01\/08\/villas-en-la-costa-de-alicante\/#respond"]}]},{"@type":"WebPage","@id":"https:\/\/cu4arquitectura.com\/en\/2021\/01\/08\/villas-en-la-costa-de-alicante\/","url":"https:\/\/cu4arquitectura.com\/en\/2021\/01\/08\/villas-en-la-costa-de-alicante\/","name":"Villas en la costa de Alicante - CU4 Arquitectos en Valencia | Estudio de arquitectura","isPartOf":{"@id":"https:\/\/cu4arquitectura.com\/en\/#website"},"primaryImageOfPage":{"@id":"https:\/\/cu4arquitectura.com\/en\/2021\/01\/08\/villas-en-la-costa-de-alicante\/#primaryimage"},"image":{"@id":"https:\/\/cu4arquitectura.com\/en\/2021\/01\/08\/villas-en-la-costa-de-alicante\/#primaryimage"},"thumbnailUrl":"https:\/\/cu4arquitectura.com\/wp-content\/uploads\/2024\/05\/CU4_Villa-en-DENIA_Arquitectos.jpg","datePublished":"2021-01-08T13:02:52+00:00","dateModified":"2024-11-27T08:03:09+00:00","description":"Junto con el arquitecto STEF ROGIERS realizamos villas en la costa Alicantina, siguiendo una filosof\u00eda compartida y aunando habilidades.","breadcrumb":{"@id":"https:\/\/cu4arquitectura.com\/en\/2021\/01\/08\/villas-en-la-costa-de-alicante\/#breadcrumb"},"inLanguage":"en-US","potentialAction":[{"@type":"ReadAction","target":["https:\/\/cu4arquitectura.com\/en\/2021\/01\/08\/villas-en-la-costa-de-alicante\/"]}]},{"@type":"ImageObject","inLanguage":"en-US","@id":"https:\/\/cu4arquitectura.com\/en\/2021\/01\/08\/villas-en-la-costa-de-alicante\/#primaryimage","url":"https:\/\/cu4arquitectura.com\/wp-content\/uploads\/2024\/05\/CU4_Villa-en-DENIA_Arquitectos.jpg","contentUrl":"https:\/\/cu4arquitectura.com\/wp-content\/uploads\/2024\/05\/CU4_Villa-en-DENIA_Arquitectos.jpg","width":1825,"height":1072},{"@type":"BreadcrumbList","@id":"https:\/\/cu4arquitectura.com\/en\/2021\/01\/08\/villas-en-la-costa-de-alicante\/#breadcrumb","itemListElement":[{"@type":"ListItem","position":1,"name":"Portada","item":"https:\/\/cu4arquitectura.com\/en\/"},{"@type":"ListItem","position":2,"name":"Villas en la costa de Alicante"}]},{"@type":"WebSite","@id":"https:\/\/cu4arquitectura.com\/en\/#website","url":"https:\/\/cu4arquitectura.com\/en\/","name":"CU4 Arquitectos en Valencia | Estudio de arquitectura","description":"Arquitectos en Valencia | Especializados en espacios a medida para empresas y particulares, dise\u00f1ados para tu bienestar","publisher":{"@id":"https:\/\/cu4arquitectura.com\/en\/#organization"},"potentialAction":[{"@type":"SearchAction","target":{"@type":"EntryPoint","urlTemplate":"https:\/\/cu4arquitectura.com\/en\/?s={search_term_string}"},"query-input":{"@type":"PropertyValueSpecification","valueRequired":true,"valueName":"search_term_string"}}],"inLanguage":"en-US"},{"@type":"Organization","@id":"https:\/\/cu4arquitectura.com\/en\/#organization","name":"CU4 Arquitectos en Valencia | Estudio de arquitectura","url":"https:\/\/cu4arquitectura.com\/en\/","logo":{"@type":"ImageObject","inLanguage":"en-US","@id":"https:\/\/cu4arquitectura.com\/en\/#\/schema\/logo\/image\/","url":"https:\/\/cu4arquitectura.com\/wp-content\/uploads\/2024\/01\/LOGO_CU4_original.svg","contentUrl":"https:\/\/cu4arquitectura.com\/wp-content\/uploads\/2024\/01\/LOGO_CU4_original.svg","width":841,"height":595,"caption":"CU4 Arquitectos en Valencia | Estudio de arquitectura"},"image":{"@id":"https:\/\/cu4arquitectura.com\/en\/#\/schema\/logo\/image\/"}},{"@type":"Person","@id":"https:\/\/cu4arquitectura.com\/en\/#\/schema\/person\/cab7e5614eeb0bf71d933154c307cbad","name":"cu4_admin","image":{"@type":"ImageObject","inLanguage":"en-US","@id":"https:\/\/secure.gravatar.com\/avatar\/46fdd98ce0115379d1eed8cb88e5aa19a6581b97ba5db2084f7ed87a818bb40a?s=96&d=mm&r=g","url":"https:\/\/secure.gravatar.com\/avatar\/46fdd98ce0115379d1eed8cb88e5aa19a6581b97ba5db2084f7ed87a818bb40a?s=96&d=mm&r=g","contentUrl":"https:\/\/secure.gravatar.com\/avatar\/46fdd98ce0115379d1eed8cb88e5aa19a6581b97ba5db2084f7ed87a818bb40a?s=96&d=mm&r=g","caption":"cu4_admin"},"sameAs":["https:\/\/cu4arquitectura.com"],"url":"https:\/\/cu4arquitectura.com\/en\/author\/cu4_admin\/"}]}},"_links":{"self":[{"href":"https:\/\/cu4arquitectura.com\/en\/wp-json\/wp\/v2\/posts\/2144","targetHints":{"allow":["GET"]}}],"collection":[{"href":"https:\/\/cu4arquitectura.com\/en\/wp-json\/wp\/v2\/posts"}],"about":[{"href":"https:\/\/cu4arquitectura.com\/en\/wp-json\/wp\/v2\/types\/post"}],"author":[{"embeddable":true,"href":"https:\/\/cu4arquitectura.com\/en\/wp-json\/wp\/v2\/users\/1"}],"replies":[{"embeddable":true,"href":"https:\/\/cu4arquitectura.com\/en\/wp-json\/wp\/v2\/comments?post=2144"}],"version-history":[{"count":7,"href":"https:\/\/cu4arquitectura.com\/en\/wp-json\/wp\/v2\/posts\/2144\/revisions"}],"predecessor-version":[{"id":8323,"href":"https:\/\/cu4arquitectura.com\/en\/wp-json\/wp\/v2\/posts\/2144\/revisions\/8323"}],"wp:featuredmedia":[{"embeddable":true,"href":"https:\/\/cu4arquitectura.com\/en\/wp-json\/wp\/v2\/media\/5436"}],"wp:attachment":[{"href":"https:\/\/cu4arquitectura.com\/en\/wp-json\/wp\/v2\/media?parent=2144"}],"wp:term":[{"taxonomy":"category","embeddable":true,"href":"https:\/\/cu4arquitectura.com\/en\/wp-json\/wp\/v2\/categories?post=2144"},{"taxonomy":"post_tag","embeddable":true,"href":"https:\/\/cu4arquitectura.com\/en\/wp-json\/wp\/v2\/tags?post=2144"}],"curies":[{"name":"wp","href":"https:\/\/api.w.org\/{rel}","templated":true}]}}