{"id":1850,"date":"2020-06-18T16:16:46","date_gmt":"2020-06-18T14:16:46","guid":{"rendered":"https:\/\/www.cu4arquitectura.com\/?p=1850"},"modified":"2026-08-03T10:11:22","modified_gmt":"2026-08-03T10:11:22","slug":"loft-window","status":"publish","type":"post","link":"https:\/\/cu4arquitectura.com\/en\/2020\/06\/18\/loft-window\/","title":{"rendered":"Loft window"},"content":{"rendered":"\n<p class=\"wp-block-paragraph\">Hola!! Esta semana nuestro protagonista es un elemento que es TENDENCIA en los \u00faltimos tiempos. Si te gusta el interiorismo y la decoraci\u00f3n ya sabr\u00e1s, sin duda, de que estamos hablando, \u00a1LAS LOFT WINDOW!!&nbsp;&nbsp;<\/p>\n\n\n\n<p class=\"wp-block-paragraph\">Seguro que, si no hab\u00edas escuchado su nombre, al ver la imagen r\u00e1pidamente has reconocido esta pieza tan caracter\u00edstica y recurrida \u00faltimamente.&nbsp; Pero \u00bfsabes por qu\u00e9 se le llama as\u00ed? \u00bfDe d\u00f3nde procede esta moda? \u00bfC\u00f3mo se utiliza?<\/p>\n\n\n\n<p class=\"wp-block-paragraph\">\u00a1Te lo contamos!<\/p>\n\n\n\n<h2 class=\"wp-block-heading\">ORIGEN DE LA LOFT WINDOW<\/h2>\n\n\n\n<p class=\"wp-block-paragraph\">En 1840, Nueva York era una ciudad industrial pr\u00f3spera que convirti\u00f3 algunos de sus barrios en aut\u00e9nticas ciudades industriales. Con los a\u00f1os, estas industrias cayeron en desuso.<\/p>\n\n\n\n<p class=\"wp-block-paragraph\">En los a\u00f1os 70, la ciudad de York estaba en pleno auge. La necesidad de espacios grandes a precios asequibles hizo que se empezaran a alquilar y utilizar estas industrias. Primero de forma m\u00e1s clandestina por estudiantes y artistas, y con el tiempo, se le fueron dando otros usos como restaurantes, comercios y viviendas. Creando un estilo inconfundible, lo que ahora conocemos como LOFT.<\/p>\n\n\n\n<p class=\"wp-block-paragraph\">En estas industrias, en las que predominaban los espacios abiertos y techos altos, se pod\u00edan encontrar GRANDES VENTANALES DE HIERRO Y VIDRIO. Se utilizaban tanto para&nbsp; para separar espacios (interior \u2013 interior) y permitir que pasara la luz de un espacio a otro, como para cerramientos en fachada (interior \u2013 exterior) y generar espacios interiores muy luminosos.<\/p>\n\n\n\n<p class=\"wp-block-paragraph\">\u00a1Ahora ya sabes por qu\u00e9 recibe este nombre!<\/p>\n\n\n\n<p class=\"wp-block-paragraph\"><a href=\"https:\/\/www.elledecor.com\/es\/arquitectura\/a20880017\/definicion-historia-loft\/\">Estilo (LOFT)<\/a> + Elemento (WINDOW) = LOFT WINDOW<\/p>\n\n\n\n<h2 class=\"wp-block-heading\">ESTILO<\/h2>\n\n\n\n<p class=\"wp-block-paragraph\">Se trata de un gran cerramiento compuesto por cuarterones de hierro y cristal, de estilo industrial. &nbsp;Se utiliza para separar espacios o como cerramiento. Se puede combinar con diversos estilos y materiales, como la madera, el ladrillo visto, el hormig\u00f3n. Puedes elegirla en el cl\u00e1sico color negro, o darle un toque eligiendo otros colores. Pueden ser puertas dobles o simples. Incluso puedes elegir el tipo de apertura. En nuestros proyectos la solemos plantear como elemento divisorio entre cocina y sal\u00f3n, ya que permite mantener la sensaci\u00f3n de espacio \u00fanico sin renunciar a poder cerrar la cocina cuando se necesita.<\/p>\n\n\n\n<p class=\"wp-block-paragraph\">Depende de c\u00f3mo combines este elemento con el resto de materiales y elementos decorativos de tu casa puedes conseguir un estilo industrial, vintage, minimalista, boho, n\u00f3rdico e incluso chic.<\/p>\n\n\n\n<h2 class=\"wp-block-heading\">POSICI\u00d3N<\/h2>\n\n\n\n<h4 class=\"wp-block-heading\">Interior \u2013 Interior<\/h4>\n\n\n\n<p class=\"wp-block-paragraph\">Separar espacios y ambientes pero que a su vez den sensaci\u00f3n de amplitud y deje pasar la luz de un espacio a otro, es tarea de las LOFT WINDOW. Es una forma de que exista separaci\u00f3n, pero de forma sutil. Est\u00e1 cuando la necesitamos, y pr\u00e1cticamente desaparece cuando no lo hacemos. &nbsp;Adem\u00e1s, a\u00f1ade un detalle llamativo y que le da car\u00e1cter a tu vivienda.<\/p>\n\n\n\n<figure class=\"wp-block-image aligncenter\"><a href=\"https:\/\/www.pinterest.es\/pin\/376332112602530759\/\"><img decoding=\"async\" src=\"https:\/\/cu4arquitectura.com\/wp-content\/uploads\/2024\/05\/INTERIOR-INTERIOR.jpg\" alt=\"\"\/><\/a><\/figure>\n\n\n\n<h4 class=\"wp-block-heading\">Interior &#8211; exterior<\/h4>\n\n\n\n<p class=\"wp-block-paragraph\">Los grandes ventanales a exterior tambi\u00e9n son una caracter\u00edstica de los LOFT. Adem\u00e1s de conseguir con ellos ese car\u00e1cter industrial de donde son originarias, aportan mucha luz al interior.<\/p>\n\n\n\n<p class=\"wp-block-paragraph\">\u00a1OJO! No todos los ventanales sirven para este acometido. Hay que tener en cuenta el confort t\u00e9rmico y ac\u00fastico en el interior, y debe estar garantizada la estanqueidad. &nbsp;Por eso, deben ser ventanales cuya carpinter\u00eda y vidrios cumplan la normativa vigente.<\/p>\n\n\n\n<figure class=\"wp-block-image aligncenter\"><a href=\"https:\/\/www.pinterest.es\/pin\/547609635940376310\/\"><img decoding=\"async\" src=\"https:\/\/cu4arquitectura.com\/wp-content\/uploads\/2024\/05\/INTERIOR-EXTERIOR-2.jpg\" alt=\"\"\/><\/a><\/figure>\n\n\n\n<h2 class=\"wp-block-heading\">N\u00daMERO DE PUERTAS<\/h2>\n\n\n\n<p class=\"wp-block-paragraph\">Seg\u00fan el espacio del que dispongas y la dimensi\u00f3n del cerramiento puedes colocar desde un fijo, un fijo con un hueco, una puerta, dos puertas e incluso combinar fijos y puertas o huecos seg\u00fan te convenga.<\/p>\n\n\n\n<h2 class=\"wp-block-heading\">TIPO DE APERTURA DE LAS LOFT WINDOW<\/h2>\n\n\n\n<p class=\"wp-block-paragraph\">Podemos encontrar todas los tipos de apertura posibles. Puesto que el cerramiento se compone con hierro y cristal como si fuese una rejilla, es muy f\u00e1cil dividirlo e integrar cualquier tipo de apertura en \u00e9l.<\/p>\n\n\n\n<h4 class=\"wp-block-heading\">Fijos<\/h4>\n\n\n\n<p class=\"wp-block-paragraph\">Puede ser una divisi\u00f3n totalmente fija, que ninguno de sus cuarterones o conjunto de ellos sea m\u00f3vil. Permitiendo las visuales entre espacios y el paso de la luz, pero que no posibilite el paso entre estancias.<\/p>\n\n\n\n<p class=\"wp-block-paragraph\">En el interior suele utilizarse para separar espacios en los que no se necesita comunicaci\u00f3n directa o tienen el paso en otro lugar, o en dobles alturas<\/p>\n\n\n\n<p class=\"wp-block-paragraph\">Es com\u00fan usarlo en cerramientos interior \u2013 exterior en el que existe repetici\u00f3n de ventanales y no todos se utilizan para la ventilaci\u00f3n del espacio.<\/p>\n\n\n\n<figure class=\"wp-block-image aligncenter\"><a href=\"https:\/\/www.pinterest.es\/pin\/843932417659658424\/\"><img decoding=\"async\" src=\"https:\/\/cu4arquitectura.com\/wp-content\/uploads\/2024\/05\/FIJOS.jpg\" alt=\"\"\/><\/a><\/figure>\n\n\n\n<h4 class=\"wp-block-heading\">Oscilante<\/h4>\n\n\n\n<p class=\"wp-block-paragraph\">Este tipo de apertura es caracter\u00edstica de las LOFT WINDOWS originales de las industrias Neoyorkinas en los a\u00f1os 60. Se usaban en los acristalamientos de los cerramientos exteriores para ventilar.<\/p>\n\n\n\n<p class=\"wp-block-paragraph\">En las LOFT WINDOW que se colocan actualmente no es tan com\u00fan encontrar este tipo de apertura.<\/p>\n\n\n\n<figure class=\"wp-block-image aligncenter\"><a href=\"https:\/\/www.pinterest.es\/pin\/440438038545109110\/\"><img decoding=\"async\" src=\"https:\/\/cu4arquitectura.com\/wp-content\/uploads\/2024\/05\/OSCILANTE3.jpg\" alt=\"\"\/><\/a><\/figure>\n\n\n\n<h4 class=\"wp-block-heading\">Abatibles<\/h4>\n\n\n\n<p class=\"wp-block-paragraph\">Este es el tipo de apertura por excelencia. Se usan tanto para interior \u2013 interior y para interior \u2013 exterior.<\/p>\n\n\n\n<p class=\"wp-block-paragraph\">En la mayor\u00eda de casos, utilizamos las LOFT WINDOW para separar espacios entre los que se debe permitir el paso. Por ejemplo, un estudio y un sal\u00f3n, en el que en algunas ocasiones preferiremos tenerlo abierto y que fluya el paso entre ambos; y otras, querremos tenerlo cerrado y mantener solo la comunicaci\u00f3n visual.<\/p>\n\n\n\n<figure class=\"wp-block-image aligncenter\"><a href=\"https:\/\/www.pinterest.es\/pin\/427490189632602550\/\"><img decoding=\"async\" src=\"https:\/\/cu4arquitectura.com\/wp-content\/uploads\/2024\/05\/ABATIBLES.jpg\" alt=\"LOFT WINDOW\"\/><\/a><\/figure>\n\n\n\n<h4 class=\"wp-block-heading\">Correderas<\/h4>\n\n\n\n<p class=\"wp-block-paragraph\">Es habitual encontrar la apertura corredera cuando se trata de la colocaci\u00f3n de una \u00fanica puerta. Aunque, \u00a1es posible encontrarla en todas sus versiones!<\/p>\n\n\n\n<figure class=\"wp-block-image aligncenter\"><a href=\"https:\/\/www.pinterest.es\/pin\/604045368762488868\/\"><img decoding=\"async\" src=\"https:\/\/cu4arquitectura.com\/wp-content\/uploads\/2024\/05\/CORREDERA.jpg\" alt=\"\"\/><\/a><\/figure>\n\n\n\n<h2 class=\"wp-block-heading\">COLOR<\/h2>\n\n\n\n<p class=\"wp-block-paragraph\">Aunque el color por excelencia de este tipo de puertas y ventanas es el negro, podemos encontrarlas de otros colores.<\/p>\n\n\n\n<p class=\"wp-block-paragraph\">Para darle un aire m\u00e1s mediterr\u00e1neo, los perfiles met\u00e1licos pueden ser de color blanco, d\u00e1ndole m\u00e1s claridad y m\u00e1s luz si cabe.<\/p>\n\n\n\n<p class=\"wp-block-paragraph\">Si somos muy atrevidos, puedes pintarlo del color que m\u00e1s te guste para lograr tu propio estilo.<\/p>\n\n\n\n<h2 class=\"wp-block-heading\">TAMA\u00d1O DE LOS CUARTERONES DE LA LOFT WINDOW<\/h2>\n\n\n\n<p class=\"wp-block-paragraph\">Son infinitos los dise\u00f1os que podemos encontrar. Con cuarterones grandes o peque\u00f1os; rectangulares verticales o rectangulares horizontales; totalmente cuadrados; con cuarterones peque\u00f1os dividiendo cuarterones m\u00e1s grandes\u2026<\/p>\n\n\n\n<p class=\"wp-block-paragraph\">Eso s\u00ed, en su desarrollo siempre encontramos divisiones cuadrangulares, aunque en su parte superior pueden tener un acabado circular.<\/p>\n\n\n\n<figure class=\"wp-block-image aligncenter\"><a href=\"https:\/\/www.pinterest.es\/pin\/441000988516310833\"><img decoding=\"async\" src=\"https:\/\/cu4arquitectura.com\/wp-content\/uploads\/2024\/05\/blanco.jpg\" alt=\"\"\/><\/a><\/figure>\n\n\n\n<h2 class=\"wp-block-heading\">VIDRIOS<\/h2>\n\n\n\n<p class=\"wp-block-paragraph\">Sin duda, otro de los elementos que hace que tenga un aspecto u otro nuestra LOFT WINDOW es el vidrio.<\/p>\n\n\n\n<p class=\"wp-block-paragraph\">Podemos colocar infinidad de vidrios diferentes, transparentes o translucidos, coloreados, con textura\u2026<\/p>\n\n\n\n<p class=\"wp-block-paragraph\">Si te interesa este tema, ya hablamos con m\u00e1s detalle de los tipos de vidrio orientados al confort t\u00e9rmico en nuestro art\u00edculo sobre <a href=\"https:\/\/cu4arquitectura.com\/2020\/03\/05\/control-solar\/\">control solar<\/a>.<\/p>\n\n\n\n<figure class=\"wp-block-image aligncenter\"><a href=\"https:\/\/www.pinterest.es\/pin\/428193877063114569\/\"><img decoding=\"async\" src=\"https:\/\/cu4arquitectura.com\/wp-content\/uploads\/2024\/05\/VIDRIO.jpg\" alt=\"\"\/><\/a><\/figure>\n\n\n\n<h4 class=\"wp-block-heading\">\u00bfTE ANIMAS A INCORPORAR UNA LOFT WINDOW EN TU CASA?&nbsp;<\/h4>\n\n\n\n<h4 class=\"wp-block-heading\">Para m\u00e1s informaci\u00f3n, <a href=\"https:\/\/cu4arquitectura.com\/contacto-arquitectos-valencia\/\">contacta con nosotros<\/a>.<\/h4>\n\n\n\n<p class=\"wp-block-paragraph\">Esperamos que te haya gustado esta entrada \ud83d\ude42<\/p>\n\n\n\n<p class=\"wp-block-paragraph\">\u00a1No te pierdas el resto de entradas de nuestro <a href=\"https:\/\/cu4arquitectura.com\/blog-arquitectura\/\">blog<\/a>!&nbsp;Y si quieres ver nuestro <a href=\"https:\/\/cu4arquitectura.com\/proyectos-despacho-arquitectura-valencia\/\">trabajo<\/a>, conoce tambi\u00e9n <a href=\"https:\/\/cu4arquitectura.com\/sobre-nosotros\/\">nuestro estudio<\/a>.&nbsp;<\/p>\n\n\n\n<h4 class=\"wp-block-heading\">&nbsp;<strong style=\"font-style: inherit;\">Hasta la pr\u00f3xima!<\/strong><\/h4>\n\n","protected":false},"excerpt":{"rendered":"<p>Hola!! Esta semana nuestro protagonista es un elemento que es TENDENCIA en los \u00faltimos tiempos. Si te gusta el interiorismo y la decoraci\u00f3n ya sabr\u00e1s, sin duda, de que estamos hablando, \u00a1LAS LOFT WINDOW!!&nbsp;&nbsp; Seguro que, si no hab\u00edas escuchado su nombre, al ver la imagen r\u00e1pidamente has reconocido esta pieza tan caracter\u00edstica y recurrida [&hellip;]<\/p>\n","protected":false},"author":1,"featured_media":5445,"comment_status":"open","ping_status":"open","sticky":false,"template":"","format":"standard","meta":{"_acf_changed":false,"footnotes":""},"categories":[3],"tags":[],"class_list":["post-1850","post","type-post","status-publish","format-standard","has-post-thumbnail","hentry","category-arquitectura-y-diseno-de-casas"],"acf":[],"yoast_head":"<!-- This site is optimized with the Yoast SEO plugin v27.7 - https:\/\/yoast.com\/product\/yoast-seo-wordpress\/ -->\n<title>Loft window - CU4 Arquitectos en Valencia | Estudio de arquitectura<\/title>\n<meta name=\"description\" content=\"La \u00faltima tendencia en interiorismo y decoraci\u00f3n son las LOFT WINDOW o ventanas industriales. Te contamos sus or\u00edgenes y c\u00f3mo utilizarlas.\" \/>\n<meta name=\"robots\" content=\"index, follow, max-snippet:-1, max-image-preview:large, max-video-preview:-1\" \/>\n<link rel=\"canonical\" href=\"https:\/\/cu4arquitectura.com\/en\/2020\/06\/18\/loft-window\/\" \/>\n<meta property=\"og:locale\" content=\"en_US\" \/>\n<meta property=\"og:type\" content=\"article\" \/>\n<meta property=\"og:title\" content=\"Loft window - CU4 Arquitectos en Valencia | Estudio de arquitectura\" \/>\n<meta property=\"og:description\" content=\"La \u00faltima tendencia en interiorismo y decoraci\u00f3n son las LOFT WINDOW o ventanas industriales. Te contamos sus or\u00edgenes y c\u00f3mo utilizarlas.\" \/>\n<meta property=\"og:url\" content=\"https:\/\/cu4arquitectura.com\/en\/2020\/06\/18\/loft-window\/\" \/>\n<meta property=\"og:site_name\" content=\"CU4 Arquitectos en Valencia | Estudio de arquitectura\" \/>\n<meta property=\"article:published_time\" content=\"2020-06-18T14:16:46+00:00\" \/>\n<meta property=\"article:modified_time\" content=\"2026-08-03T10:11:22+00:00\" \/>\n<meta property=\"og:image\" content=\"https:\/\/cu4arquitectura.com\/wp-content\/uploads\/2024\/05\/INTERIOR-INTERIOR.jpg\" \/>\n\t<meta property=\"og:image:width\" content=\"564\" \/>\n\t<meta property=\"og:image:height\" content=\"423\" \/>\n\t<meta property=\"og:image:type\" content=\"image\/jpeg\" \/>\n<meta name=\"author\" content=\"cu4_admin\" \/>\n<meta name=\"twitter:card\" content=\"summary_large_image\" \/>\n<meta name=\"twitter:label1\" content=\"Written by\" \/>\n\t<meta name=\"twitter:data1\" content=\"cu4_admin\" \/>\n\t<meta name=\"twitter:label2\" content=\"Est. reading time\" \/>\n\t<meta name=\"twitter:data2\" content=\"7 minutes\" \/>\n<script type=\"application\/ld+json\" class=\"yoast-schema-graph\">{\"@context\":\"https:\\\/\\\/schema.org\",\"@graph\":[{\"@type\":\"Article\",\"@id\":\"https:\\\/\\\/cu4arquitectura.com\\\/en\\\/2020\\\/06\\\/18\\\/loft-window\\\/#article\",\"isPartOf\":{\"@id\":\"https:\\\/\\\/cu4arquitectura.com\\\/en\\\/2020\\\/06\\\/18\\\/loft-window\\\/\"},\"author\":{\"name\":\"cu4_admin\",\"@id\":\"https:\\\/\\\/cu4arquitectura.com\\\/en\\\/#\\\/schema\\\/person\\\/cab7e5614eeb0bf71d933154c307cbad\"},\"headline\":\"Loft window\",\"datePublished\":\"2020-06-18T14:16:46+00:00\",\"dateModified\":\"2026-08-03T10:11:22+00:00\",\"mainEntityOfPage\":{\"@id\":\"https:\\\/\\\/cu4arquitectura.com\\\/en\\\/2020\\\/06\\\/18\\\/loft-window\\\/\"},\"wordCount\":1121,\"commentCount\":0,\"publisher\":{\"@id\":\"https:\\\/\\\/cu4arquitectura.com\\\/en\\\/#organization\"},\"image\":{\"@id\":\"https:\\\/\\\/cu4arquitectura.com\\\/en\\\/2020\\\/06\\\/18\\\/loft-window\\\/#primaryimage\"},\"thumbnailUrl\":\"https:\\\/\\\/cu4arquitectura.com\\\/wp-content\\\/uploads\\\/2024\\\/05\\\/INTERIOR-INTERIOR.jpg\",\"articleSection\":[\"Arquitectura y dise\u00f1o de casas\"],\"inLanguage\":\"en-US\",\"potentialAction\":[{\"@type\":\"CommentAction\",\"name\":\"Comment\",\"target\":[\"https:\\\/\\\/cu4arquitectura.com\\\/en\\\/2020\\\/06\\\/18\\\/loft-window\\\/#respond\"]}]},{\"@type\":\"WebPage\",\"@id\":\"https:\\\/\\\/cu4arquitectura.com\\\/en\\\/2020\\\/06\\\/18\\\/loft-window\\\/\",\"url\":\"https:\\\/\\\/cu4arquitectura.com\\\/en\\\/2020\\\/06\\\/18\\\/loft-window\\\/\",\"name\":\"Loft window - CU4 Arquitectos en Valencia | Estudio de arquitectura\",\"isPartOf\":{\"@id\":\"https:\\\/\\\/cu4arquitectura.com\\\/en\\\/#website\"},\"primaryImageOfPage\":{\"@id\":\"https:\\\/\\\/cu4arquitectura.com\\\/en\\\/2020\\\/06\\\/18\\\/loft-window\\\/#primaryimage\"},\"image\":{\"@id\":\"https:\\\/\\\/cu4arquitectura.com\\\/en\\\/2020\\\/06\\\/18\\\/loft-window\\\/#primaryimage\"},\"thumbnailUrl\":\"https:\\\/\\\/cu4arquitectura.com\\\/wp-content\\\/uploads\\\/2024\\\/05\\\/INTERIOR-INTERIOR.jpg\",\"datePublished\":\"2020-06-18T14:16:46+00:00\",\"dateModified\":\"2026-08-03T10:11:22+00:00\",\"description\":\"La \u00faltima tendencia en interiorismo y decoraci\u00f3n son las LOFT WINDOW o ventanas industriales. Te contamos sus or\u00edgenes y c\u00f3mo utilizarlas.\",\"breadcrumb\":{\"@id\":\"https:\\\/\\\/cu4arquitectura.com\\\/en\\\/2020\\\/06\\\/18\\\/loft-window\\\/#breadcrumb\"},\"inLanguage\":\"en-US\",\"potentialAction\":[{\"@type\":\"ReadAction\",\"target\":[\"https:\\\/\\\/cu4arquitectura.com\\\/en\\\/2020\\\/06\\\/18\\\/loft-window\\\/\"]}]},{\"@type\":\"ImageObject\",\"inLanguage\":\"en-US\",\"@id\":\"https:\\\/\\\/cu4arquitectura.com\\\/en\\\/2020\\\/06\\\/18\\\/loft-window\\\/#primaryimage\",\"url\":\"https:\\\/\\\/cu4arquitectura.com\\\/wp-content\\\/uploads\\\/2024\\\/05\\\/INTERIOR-INTERIOR.jpg\",\"contentUrl\":\"https:\\\/\\\/cu4arquitectura.com\\\/wp-content\\\/uploads\\\/2024\\\/05\\\/INTERIOR-INTERIOR.jpg\",\"width\":564,\"height\":423},{\"@type\":\"BreadcrumbList\",\"@id\":\"https:\\\/\\\/cu4arquitectura.com\\\/en\\\/2020\\\/06\\\/18\\\/loft-window\\\/#breadcrumb\",\"itemListElement\":[{\"@type\":\"ListItem\",\"position\":1,\"name\":\"Portada\",\"item\":\"https:\\\/\\\/cu4arquitectura.com\\\/en\\\/\"},{\"@type\":\"ListItem\",\"position\":2,\"name\":\"Loft window\"}]},{\"@type\":\"WebSite\",\"@id\":\"https:\\\/\\\/cu4arquitectura.com\\\/en\\\/#website\",\"url\":\"https:\\\/\\\/cu4arquitectura.com\\\/en\\\/\",\"name\":\"CU4 Arquitectos en Valencia | Estudio de arquitectura\",\"description\":\"Arquitectos en Valencia | Especializados en espacios a medida para empresas y particulares, dise\u00f1ados para tu bienestar\",\"publisher\":{\"@id\":\"https:\\\/\\\/cu4arquitectura.com\\\/en\\\/#organization\"},\"potentialAction\":[{\"@type\":\"SearchAction\",\"target\":{\"@type\":\"EntryPoint\",\"urlTemplate\":\"https:\\\/\\\/cu4arquitectura.com\\\/en\\\/?s={search_term_string}\"},\"query-input\":{\"@type\":\"PropertyValueSpecification\",\"valueRequired\":true,\"valueName\":\"search_term_string\"}}],\"inLanguage\":\"en-US\"},{\"@type\":\"Organization\",\"@id\":\"https:\\\/\\\/cu4arquitectura.com\\\/en\\\/#organization\",\"name\":\"CU4 Arquitectos en Valencia | Estudio de arquitectura\",\"url\":\"https:\\\/\\\/cu4arquitectura.com\\\/en\\\/\",\"logo\":{\"@type\":\"ImageObject\",\"inLanguage\":\"en-US\",\"@id\":\"https:\\\/\\\/cu4arquitectura.com\\\/en\\\/#\\\/schema\\\/logo\\\/image\\\/\",\"url\":\"https:\\\/\\\/cu4arquitectura.com\\\/wp-content\\\/uploads\\\/2024\\\/01\\\/LOGO_CU4_original.svg\",\"contentUrl\":\"https:\\\/\\\/cu4arquitectura.com\\\/wp-content\\\/uploads\\\/2024\\\/01\\\/LOGO_CU4_original.svg\",\"width\":841,\"height\":595,\"caption\":\"CU4 Arquitectos en Valencia | Estudio de arquitectura\"},\"image\":{\"@id\":\"https:\\\/\\\/cu4arquitectura.com\\\/en\\\/#\\\/schema\\\/logo\\\/image\\\/\"}},{\"@type\":\"Person\",\"@id\":\"https:\\\/\\\/cu4arquitectura.com\\\/en\\\/#\\\/schema\\\/person\\\/cab7e5614eeb0bf71d933154c307cbad\",\"name\":\"cu4_admin\",\"image\":{\"@type\":\"ImageObject\",\"inLanguage\":\"en-US\",\"@id\":\"https:\\\/\\\/secure.gravatar.com\\\/avatar\\\/46fdd98ce0115379d1eed8cb88e5aa19a6581b97ba5db2084f7ed87a818bb40a?s=96&d=mm&r=g\",\"url\":\"https:\\\/\\\/secure.gravatar.com\\\/avatar\\\/46fdd98ce0115379d1eed8cb88e5aa19a6581b97ba5db2084f7ed87a818bb40a?s=96&d=mm&r=g\",\"contentUrl\":\"https:\\\/\\\/secure.gravatar.com\\\/avatar\\\/46fdd98ce0115379d1eed8cb88e5aa19a6581b97ba5db2084f7ed87a818bb40a?s=96&d=mm&r=g\",\"caption\":\"cu4_admin\"},\"sameAs\":[\"https:\\\/\\\/cu4arquitectura.com\"],\"url\":\"https:\\\/\\\/cu4arquitectura.com\\\/en\\\/author\\\/cu4_admin\\\/\"}]}<\/script>\n<!-- \/ Yoast SEO plugin. -->","yoast_head_json":{"title":"Loft window - CU4 Arquitectos en Valencia | Estudio de arquitectura","description":"La \u00faltima tendencia en interiorismo y decoraci\u00f3n son las LOFT WINDOW o ventanas industriales. Te contamos sus or\u00edgenes y c\u00f3mo utilizarlas.","robots":{"index":"index","follow":"follow","max-snippet":"max-snippet:-1","max-image-preview":"max-image-preview:large","max-video-preview":"max-video-preview:-1"},"canonical":"https:\/\/cu4arquitectura.com\/en\/2020\/06\/18\/loft-window\/","og_locale":"en_US","og_type":"article","og_title":"Loft window - CU4 Arquitectos en Valencia | Estudio de arquitectura","og_description":"La \u00faltima tendencia en interiorismo y decoraci\u00f3n son las LOFT WINDOW o ventanas industriales. Te contamos sus or\u00edgenes y c\u00f3mo utilizarlas.","og_url":"https:\/\/cu4arquitectura.com\/en\/2020\/06\/18\/loft-window\/","og_site_name":"CU4 Arquitectos en Valencia | Estudio de arquitectura","article_published_time":"2020-06-18T14:16:46+00:00","article_modified_time":"2026-08-03T10:11:22+00:00","og_image":[{"width":564,"height":423,"url":"https:\/\/cu4arquitectura.com\/wp-content\/uploads\/2024\/05\/INTERIOR-INTERIOR.jpg","type":"image\/jpeg"}],"author":"cu4_admin","twitter_card":"summary_large_image","twitter_misc":{"Written by":"cu4_admin","Est. reading time":"7 minutes"},"schema":{"@context":"https:\/\/schema.org","@graph":[{"@type":"Article","@id":"https:\/\/cu4arquitectura.com\/en\/2020\/06\/18\/loft-window\/#article","isPartOf":{"@id":"https:\/\/cu4arquitectura.com\/en\/2020\/06\/18\/loft-window\/"},"author":{"name":"cu4_admin","@id":"https:\/\/cu4arquitectura.com\/en\/#\/schema\/person\/cab7e5614eeb0bf71d933154c307cbad"},"headline":"Loft window","datePublished":"2020-06-18T14:16:46+00:00","dateModified":"2026-08-03T10:11:22+00:00","mainEntityOfPage":{"@id":"https:\/\/cu4arquitectura.com\/en\/2020\/06\/18\/loft-window\/"},"wordCount":1121,"commentCount":0,"publisher":{"@id":"https:\/\/cu4arquitectura.com\/en\/#organization"},"image":{"@id":"https:\/\/cu4arquitectura.com\/en\/2020\/06\/18\/loft-window\/#primaryimage"},"thumbnailUrl":"https:\/\/cu4arquitectura.com\/wp-content\/uploads\/2024\/05\/INTERIOR-INTERIOR.jpg","articleSection":["Arquitectura y dise\u00f1o de casas"],"inLanguage":"en-US","potentialAction":[{"@type":"CommentAction","name":"Comment","target":["https:\/\/cu4arquitectura.com\/en\/2020\/06\/18\/loft-window\/#respond"]}]},{"@type":"WebPage","@id":"https:\/\/cu4arquitectura.com\/en\/2020\/06\/18\/loft-window\/","url":"https:\/\/cu4arquitectura.com\/en\/2020\/06\/18\/loft-window\/","name":"Loft window - CU4 Arquitectos en Valencia | Estudio de arquitectura","isPartOf":{"@id":"https:\/\/cu4arquitectura.com\/en\/#website"},"primaryImageOfPage":{"@id":"https:\/\/cu4arquitectura.com\/en\/2020\/06\/18\/loft-window\/#primaryimage"},"image":{"@id":"https:\/\/cu4arquitectura.com\/en\/2020\/06\/18\/loft-window\/#primaryimage"},"thumbnailUrl":"https:\/\/cu4arquitectura.com\/wp-content\/uploads\/2024\/05\/INTERIOR-INTERIOR.jpg","datePublished":"2020-06-18T14:16:46+00:00","dateModified":"2026-08-03T10:11:22+00:00","description":"La \u00faltima tendencia en interiorismo y decoraci\u00f3n son las LOFT WINDOW o ventanas industriales. Te contamos sus or\u00edgenes y c\u00f3mo utilizarlas.","breadcrumb":{"@id":"https:\/\/cu4arquitectura.com\/en\/2020\/06\/18\/loft-window\/#breadcrumb"},"inLanguage":"en-US","potentialAction":[{"@type":"ReadAction","target":["https:\/\/cu4arquitectura.com\/en\/2020\/06\/18\/loft-window\/"]}]},{"@type":"ImageObject","inLanguage":"en-US","@id":"https:\/\/cu4arquitectura.com\/en\/2020\/06\/18\/loft-window\/#primaryimage","url":"https:\/\/cu4arquitectura.com\/wp-content\/uploads\/2024\/05\/INTERIOR-INTERIOR.jpg","contentUrl":"https:\/\/cu4arquitectura.com\/wp-content\/uploads\/2024\/05\/INTERIOR-INTERIOR.jpg","width":564,"height":423},{"@type":"BreadcrumbList","@id":"https:\/\/cu4arquitectura.com\/en\/2020\/06\/18\/loft-window\/#breadcrumb","itemListElement":[{"@type":"ListItem","position":1,"name":"Portada","item":"https:\/\/cu4arquitectura.com\/en\/"},{"@type":"ListItem","position":2,"name":"Loft window"}]},{"@type":"WebSite","@id":"https:\/\/cu4arquitectura.com\/en\/#website","url":"https:\/\/cu4arquitectura.com\/en\/","name":"CU4 Arquitectos en Valencia | Estudio de arquitectura","description":"Arquitectos en Valencia | Especializados en espacios a medida para empresas y particulares, dise\u00f1ados para tu bienestar","publisher":{"@id":"https:\/\/cu4arquitectura.com\/en\/#organization"},"potentialAction":[{"@type":"SearchAction","target":{"@type":"EntryPoint","urlTemplate":"https:\/\/cu4arquitectura.com\/en\/?s={search_term_string}"},"query-input":{"@type":"PropertyValueSpecification","valueRequired":true,"valueName":"search_term_string"}}],"inLanguage":"en-US"},{"@type":"Organization","@id":"https:\/\/cu4arquitectura.com\/en\/#organization","name":"CU4 Arquitectos en Valencia | Estudio de arquitectura","url":"https:\/\/cu4arquitectura.com\/en\/","logo":{"@type":"ImageObject","inLanguage":"en-US","@id":"https:\/\/cu4arquitectura.com\/en\/#\/schema\/logo\/image\/","url":"https:\/\/cu4arquitectura.com\/wp-content\/uploads\/2024\/01\/LOGO_CU4_original.svg","contentUrl":"https:\/\/cu4arquitectura.com\/wp-content\/uploads\/2024\/01\/LOGO_CU4_original.svg","width":841,"height":595,"caption":"CU4 Arquitectos en Valencia | Estudio de arquitectura"},"image":{"@id":"https:\/\/cu4arquitectura.com\/en\/#\/schema\/logo\/image\/"}},{"@type":"Person","@id":"https:\/\/cu4arquitectura.com\/en\/#\/schema\/person\/cab7e5614eeb0bf71d933154c307cbad","name":"cu4_admin","image":{"@type":"ImageObject","inLanguage":"en-US","@id":"https:\/\/secure.gravatar.com\/avatar\/46fdd98ce0115379d1eed8cb88e5aa19a6581b97ba5db2084f7ed87a818bb40a?s=96&d=mm&r=g","url":"https:\/\/secure.gravatar.com\/avatar\/46fdd98ce0115379d1eed8cb88e5aa19a6581b97ba5db2084f7ed87a818bb40a?s=96&d=mm&r=g","contentUrl":"https:\/\/secure.gravatar.com\/avatar\/46fdd98ce0115379d1eed8cb88e5aa19a6581b97ba5db2084f7ed87a818bb40a?s=96&d=mm&r=g","caption":"cu4_admin"},"sameAs":["https:\/\/cu4arquitectura.com"],"url":"https:\/\/cu4arquitectura.com\/en\/author\/cu4_admin\/"}]}},"_links":{"self":[{"href":"https:\/\/cu4arquitectura.com\/en\/wp-json\/wp\/v2\/posts\/1850","targetHints":{"allow":["GET"]}}],"collection":[{"href":"https:\/\/cu4arquitectura.com\/en\/wp-json\/wp\/v2\/posts"}],"about":[{"href":"https:\/\/cu4arquitectura.com\/en\/wp-json\/wp\/v2\/types\/post"}],"author":[{"embeddable":true,"href":"https:\/\/cu4arquitectura.com\/en\/wp-json\/wp\/v2\/users\/1"}],"replies":[{"embeddable":true,"href":"https:\/\/cu4arquitectura.com\/en\/wp-json\/wp\/v2\/comments?post=1850"}],"version-history":[{"count":8,"href":"https:\/\/cu4arquitectura.com\/en\/wp-json\/wp\/v2\/posts\/1850\/revisions"}],"predecessor-version":[{"id":9525,"href":"https:\/\/cu4arquitectura.com\/en\/wp-json\/wp\/v2\/posts\/1850\/revisions\/9525"}],"wp:featuredmedia":[{"embeddable":true,"href":"https:\/\/cu4arquitectura.com\/en\/wp-json\/wp\/v2\/media\/5445"}],"wp:attachment":[{"href":"https:\/\/cu4arquitectura.com\/en\/wp-json\/wp\/v2\/media?parent=1850"}],"wp:term":[{"taxonomy":"category","embeddable":true,"href":"https:\/\/cu4arquitectura.com\/en\/wp-json\/wp\/v2\/categories?post=1850"},{"taxonomy":"post_tag","embeddable":true,"href":"https:\/\/cu4arquitectura.com\/en\/wp-json\/wp\/v2\/tags?post=1850"}],"curies":[{"name":"wp","href":"https:\/\/api.w.org\/{rel}","templated":true}]}}