{"id":1758,"date":"2020-04-22T14:10:07","date_gmt":"2020-04-22T12:10:07","guid":{"rendered":"https:\/\/www.cu4arquitectura.com\/?p=1758"},"modified":"2026-08-03T08:58:49","modified_gmt":"2026-08-03T08:58:49","slug":"cubiertas","status":"publish","type":"post","link":"https:\/\/cu4arquitectura.com\/en\/2020\/04\/22\/cubiertas\/","title":{"rendered":"Cubiertas"},"content":{"rendered":"\n<p class=\"wp-block-paragraph\">Hola, \u00bfqu\u00e9 tal? Te presento un nuevo post dentro de nuestra categor\u00eda de Arquitectura y Dise\u00f1o de casas. En este caso vamos a hablar de cubiertas. Es un tema muy extenso pero intentaremos explicar de forma general sus funciones b\u00e1sicas, sus tipos m\u00e1s habituales y su composici\u00f3n.<\/p>\n\n\n\n<p class=\"wp-block-paragraph\">Antes de entrar en materia, podr\u00eda decirse que la cubierta es la forma m\u00e1s b\u00e1sica o m\u00e1s primitiva de la arquitectura y, de lo que hoy en d\u00eda, conocemos como vivienda o refugio.<\/p>\n\n\n\n<p class=\"wp-block-paragraph\">Digamos que, despu\u00e9s de la cueva o la caverna, es el elemento que mejor define el concepto de vivienda de una forma abstracta. Lo podemos observar cuando le pedimos a un ni\u00f1o que dibuje una casa.<\/p>\n\n\n\n<p class=\"wp-block-paragraph\">Por lo tanto, es una de las partes m\u00e1s importantes de la configuraci\u00f3n de las envolventes de un edificio. De hecho, la mayor\u00eda de construcciones que terminan arruin\u00e1ndose, siempre comienzan su deterioro por la cubierta. Se trata de un elemento que debe de estar bien construido y bien mantenido. En nuestro estudio de arquitectura es habitual que las primeras patolog\u00edas que revisamos en una vivienda existente est\u00e9n precisamente en la cubierta, mucho antes que en fachada o en cimentaci\u00f3n.<\/p>\n\n\n\n<figure class=\"wp-block-image\"><img decoding=\"async\" src=\"https:\/\/cu4arquitectura.com\/wp-content\/uploads\/2024\/05\/Photo-by-Nathan-Dumlao-on-Unsplash_b-1024x850.jpg\" alt=\"\"\/><\/figure>\n\n\n\n<h2 class=\"wp-block-heading\"><strong>DEFINICI\u00d3N DE CUBIERTA<\/strong><\/h2>\n\n\n\n<p class=\"wp-block-paragraph\">El diccionario de la RAE, la define como <em>\u201cParte exterior de la techumbre de un edificio\u201d.<\/em><\/p>\n\n\n\n<p class=\"wp-block-paragraph\">Se trata de una palabra proveniente del lat\u00edn coopertus. Es un elemento constructivo que protege a los edificios en la parte superior y, por extensi\u00f3n, a la estructura sustentante de dicha cubierta.<\/p>\n\n\n\n<h2 class=\"wp-block-heading\"><strong>FUNCIONES DE LA CUBIERTA<\/strong><\/h2>\n\n\n\n<p class=\"wp-block-paragraph\">B\u00e1sicamente, las cubiertas son estructuras de cierre superior, que sirven como <a href=\"https:\/\/www.construmatica.com\/construpedia\/Cerramientos_Exteriores\" target=\"_blank\" rel=\"noopener noreferrer\">envolvente<\/a> exterior en el plano horizontal, cuya funci\u00f3n fundamental es ofrecer protecci\u00f3n al edificio contra los agentes clim\u00e1ticos (lluvia, nieve, fr\u00edo, calor) y otros factores. Sirve para resguardarlo, darle intimidad, aislamiento ac\u00fastico y t\u00e9rmico, al igual que todos los otros cerramientos verticales.<\/p>\n\n\n\n<p class=\"wp-block-paragraph\">Pero tambi\u00e9n, y cada vez m\u00e1s, sirven como espacios para albergar las instalaciones del edificio, y los espacios de uso com\u00fan para los usuarios del mismo, tales como zonas de juego, espacios para tender la ropa, espacios de esparcimiento y ejercicio, piscinas, etc.<\/p>\n\n\n\n<p class=\"wp-block-paragraph\">Adem\u00e1s, desde el punto de vista de protecci\u00f3n del medio ambiente, se presentan como un espacio de oportunidad para recuperar la huella verde del edificio, convirti\u00e9ndose en cubiertas ajardinadas. Esta es una parte muy interesante y con mucho potencial dentro del campo de desarrollo de las cubiertas. Aunque esto dar\u00eda de s\u00ed como para un post espec\u00edfico sobre este tipo de cubiertas, que prometo desarrollar con mayor profundidad en pr\u00f3ximas entregas de nuestro Blog.<\/p>\n\n\n\n<figure class=\"wp-block-image\"><img decoding=\"async\" src=\"https:\/\/cu4arquitectura.com\/wp-content\/uploads\/2024\/05\/Photo-by-Sergei-Akulich-on-Unsplash-1024x683.jpg\" alt=\"\"\/><\/figure>\n\n\n\n<h2 class=\"wp-block-heading\"><strong>TIPOS DE CUBIERTA<\/strong><\/h2>\n\n\n\n<p class=\"wp-block-paragraph\">Por su forma existen tres tipos de cubiertas: las cubiertas planas u horizontales, la cubiertas inclinadas, que pueden estar conformadas por un \u00fanico plano o por varios, y las cubiertas especiales con diferentes formas o configuraciones.<\/p>\n\n\n\n<figure class=\"wp-block-image\"><img decoding=\"async\" src=\"https:\/\/cu4arquitectura.com\/wp-content\/uploads\/2024\/05\/Photo-by-Phil-Desforges-on-Unsplash_b-956x1024.jpg\" alt=\"\"\/><\/figure>\n\n\n\n<h4 class=\"wp-block-heading\"><strong><u>CUBIERTAS PLANAS<\/u><\/strong><\/h4>\n\n\n\n<p class=\"wp-block-paragraph\">Dentro de las cubiertas planas podemos hacer dos grandes clasificaciones, las transitables y las no transitables, con diferentes combinaciones en cuanto a su acabado, su aislamiento y su grado de ventilaci\u00f3n como podemos observar en la siguiente tabla:<\/p>\n\n\n\n<p class=\"wp-block-paragraph\"><img loading=\"lazy\" decoding=\"async\" title=\"Fuente: art\u00edculo CUBIERTAS PLANAS: TIPOLOG\u00cdAS Y CLASES DE PROTECCIONES de las Fichas Fundaci\u00f3n MUSAAT, cuyo autor es Manuel Jes\u00fas Carretero Ayuso.\" src=\"https:\/\/cu4arquitectura.com\/wp-content\/uploads\/2024\/05\/TABLA-MUSAAT.png\" alt=\"\" width=\"804\" height=\"484\">Fuente: <a href=\"https:\/\/www.musaat.es\/var\/site\/storage\/original\/application\/c4ae578dea64d6015eaeae3468b49cc6.pdf\" target=\"_blank\" rel=\"noopener noreferrer\">art\u00edculo CUBIERTAS PLANAS: TIPOLOG\u00cdAS Y CLASES DE PROTECCIONES de las Fichas Fundaci\u00f3n MUSAAT, cuyo autor es Manuel Jes\u00fas Carretero Ayuso.<\/a><\/p>\n\n\n\n<h6 class=\"wp-block-heading\"><strong><u>Cubiertas planas transitables<\/u><\/strong><\/h6>\n\n\n\n<p class=\"wp-block-paragraph\">Las cubiertas planas transitables est\u00e1n protegidas de manera que es posible transitar sobre ellas, bien sea de forma peatonal o incluso mediante tr\u00e1fico rodado.<\/p>\n\n\n\n<p class=\"wp-block-paragraph\">Dentro de las cubiertas planas transitables existen diversas modalidades: cubierta plana tradicional, cubierta a la catalana, cubierta invertida transitable, etc&#8230;<\/p>\n\n\n\n<p class=\"wp-block-paragraph\">\u00c9sta clasificaci\u00f3n, a su vez, tambi\u00e9n puede simplificarse en dos grandes grupos: las de solado fijo y las de solado flotante.<\/p>\n\n\n\n<figure class=\"wp-block-image\"><img decoding=\"async\" src=\"https:\/\/cu4arquitectura.com\/wp-content\/uploads\/2024\/05\/Photo-by-Raban-Haaijk-on-Unsplash_b-1024x1024.jpg\" alt=\"\"\/><\/figure>\n\n\n\n<h6 class=\"wp-block-heading\"><strong><u>Cubiertas planas no transitables<\/u><\/strong><\/h6>\n\n\n\n<p class=\"wp-block-paragraph\">Las cubiertas no transitables, no disponen de esa protecci\u00f3n y el hecho de transitar frecuentemente sobre ellas podr\u00eda provocar da\u00f1os en la misma. Digamos que no est\u00e1n ni preparadas, ni pensadas para caminar sobre ellas. Simplemente se pueden usar a efectos de mantenimiento.<\/p>\n\n\n\n<p class=\"wp-block-paragraph\">Como cubiertas planas no transitables podr\u00edan enumerarse la cubierta con l\u00e1mina impermeable autoprotegida, la cubierta ajardinada, la cubierta invertida no transitable y la cubierta industrial o tipo deck.<\/p>\n\n\n\n<p class=\"wp-block-paragraph\">\u00c9sta clasificaci\u00f3n, a su vez, tambi\u00e9n puede simplificarse en dos grandes grupos: las cubiertas de protecci\u00f3n pesada y las de protecci\u00f3n ligera.<\/p>\n\n\n\n<h6 class=\"wp-block-heading\"><strong><u>Composici\u00f3n o capas de una cubierta plana<\/u><\/strong><\/h6>\n\n\n\n<p class=\"wp-block-paragraph\">La composici\u00f3n de materiales en una cubierta plana tradicional desde la parte inferior a la superior normalmente es la siguiente. En nuestros proyectos solemos insistir especialmente en la calidad de la capa impermeabilizante y en un buen solape entre pa\u00f1os, ya que es donde detectamos la mayor\u00eda de las filtraciones en obras que no hemos dirigido nosotros:<\/p>\n\n\n\n<ol class=\"wp-block-list\">\n<li>Una capa de mortero para formaci\u00f3n de pendientes (es recomendable que este mortero est\u00e9 mezclado con arcilla expandida para aligerarlo y darle propiedades aislantes y aligerar la soluci\u00f3n).<\/li>\n\n\n\n<li>Una capa de aislamiento t\u00e9rmico. Fundamentalmente si debajo existen espacios habitados o recintos protegidos, si no esta capa es prescindible. Esta capa tambi\u00e9n puede ir bajo la formaci\u00f3n de pendientes.<\/li>\n\n\n\n<li>Una capa de l\u00e1mina o membrana impermeabilizante. Esta capa es siempre necesaria ya que cumple con la funci\u00f3n m\u00e1s importante de todas en una cubierta, que es garantizar la impermeabilidad de la misma.<\/li>\n\n\n\n<li>Una capa de geotextil. Realiza las funciones de antipunzonamiento de la l\u00e1mina impermeabilizante, es decir, la protege por una de sus caras o por ambas.<\/li>\n\n\n\n<li>Una capa de mortero de cemento. Para protecci\u00f3n y fijaci\u00f3n de la l\u00e1mina.<\/li>\n\n\n\n<li>Una capa final de pavimento o protecci\u00f3n superficial. El pavimento puede ser fijo o flotante. La protecci\u00f3n superficial puede ser ligera, pesada o inexistente si la l\u00e1mina es autoprotegida.<\/li>\n<\/ol>\n\n\n\n<h4 class=\"wp-block-heading\"><strong><u>CUBIERTAS INCLINADAS<\/u><\/strong><\/h4>\n\n\n\n<p class=\"wp-block-paragraph\">Dentro de las cubiertas inclinadas podemos encontrar tambi\u00e9n gran variedad, dependiendo de su forma y de su sistema estructural o sistema portante. As\u00ed pues, entre otras, existen los siguientes tipos:<\/p>\n\n\n\n<ul class=\"wp-block-list\">\n<li>Cubiertas de estructura monodireccional.<\/li>\n\n\n\n<li>Cubiertas de estructura bidireccional.<\/li>\n\n\n\n<li>Cubierta de viga en celos\u00eda.<\/li>\n<\/ul>\n\n\n\n<p class=\"wp-block-paragraph\">Seg\u00fan hemos visto, la cubierta inclinada puede verse soportada por distintos sistemas de sustentaci\u00f3n, y tambi\u00e9n estar compuesta de materiales diversos. En funci\u00f3n de estos dos par\u00e1metros, la arquitectura moderna ha establecido clasificaciones que ayudan a entender de qu\u00e9 tipo de tejado hablamos cuando realizamos planos o reparaciones.<\/p>\n\n\n\n<p class=\"wp-block-paragraph\">As\u00ed, seg\u00fan el sistema de sustentaci\u00f3n, encontramos:<\/p>\n\n\n\n<h6 class=\"wp-block-heading\"><strong><u>Cubiertas de estructura monodireccional<\/u><\/strong><\/h6>\n\n\n\n<p class=\"wp-block-paragraph\">La cubierta se encuentra sobre apoyos situados a una distancia determinada, siempre en la misma direcci\u00f3n.<\/p>\n\n\n\n<p class=\"wp-block-paragraph\">&nbsp;Un ejemplo ser\u00eda un tejado a un agua o a dos aguas sustentado por una sucesi\u00f3n de vigas.<\/p>\n\n\n\n<p class=\"wp-block-paragraph\"><img loading=\"lazy\" decoding=\"async\" src=\"https:\/\/cu4arquitectura.com\/wp-content\/uploads\/2024\/05\/casa-impluvium-minora-cu4-arquitectura-valencia-9-849x1024.jpg\" alt=\"\" width=\"849\" height=\"1024\"> <a style=\"color: #031e38;\" href=\"https:\/\/cu4arquitectura.com\/proyectos\/casa-impluvium-minora\/\" target=\"_blank\" rel=\"noopener noreferrer\">Casa Impluvium Minora. CU4 Arquitectura<\/a><\/p>\n\n\n\n<h6 class=\"wp-block-heading\"><strong><u>Cubiertas de estructura bidireccional<\/u><\/strong><\/h6>\n\n\n\n<p class=\"wp-block-paragraph\">Se trata de la misma estructura, pero pensada para cargas concentradas que no se transmiten de forma regular a la fachada. Esto requiere un dise\u00f1o espec\u00edfico tridimensional que se adapte a las necesidades de la construcci\u00f3n.<\/p>\n\n\n\n<h6 class=\"wp-block-heading\"><strong><u>Cubierta de viga en celos\u00eda<\/u><\/strong><\/h6>\n\n\n\n<p class=\"wp-block-paragraph\">El espacio interior, se salva con una \u00fanica celos\u00edas o cercha&nbsp; que se va colocando cada cierta distancia y sobre estos elementos principales van apoyando las viguetas y el resto de soluci\u00f3n de la cubierta.<\/p>\n\n\n\n<p class=\"wp-block-paragraph\"><img loading=\"lazy\" decoding=\"async\" src=\"https:\/\/cu4arquitectura.com\/wp-content\/uploads\/2024\/05\/casa-de-campo-cu4-arquitectura-valencia-7.jpg\" alt=\"\" width=\"1284\" height=\"1921\"> <a style=\"color: #031e38;\" href=\"https:\/\/cu4arquitectura.com\/proyectos\/casa-en-el-campo\/\" target=\"_blank\" rel=\"noopener noreferrer\">Casa en el campo. CU4 Arquitectura<\/a><\/p>\n\n\n\n<p class=\"wp-block-paragraph\">Tambi\u00e9n es posible una clasificaci\u00f3n seg\u00fan el material utilizado para la cubierta, en cuyo caso podr\u00edamos encontrar:<\/p>\n\n\n\n<ul class=\"wp-block-list\">\n<li>Cubiertas de <strong>tejas<\/strong>.<\/li>\n\n\n\n<li>Cubiertas de <strong>pizarra<\/strong>.<\/li>\n\n\n\n<li>Cubiertas de <strong>placas de fibrocemento<\/strong>.<\/li>\n\n\n\n<li>Cubiertas de <strong>derivados pl\u00e1sticos<\/strong>.<\/li>\n\n\n\n<li>Cubiertas de <strong>chapas met\u00e1licas lisas<\/strong>.<\/li>\n\n\n\n<li>Cubiertas de <strong>paneles met\u00e1licos<\/strong>.<\/li>\n<\/ul>\n\n\n\n<figure class=\"wp-block-image\"><img decoding=\"async\" src=\"https:\/\/cu4arquitectura.com\/wp-content\/uploads\/2024\/05\/Photo-by-Benjamin-Grull-on-Unsplash-1-1024x577.jpg\" alt=\"\"\/><\/figure>\n\n\n\n<h4 class=\"wp-block-heading\"><strong><u>CUBIERTAS SINGULARES<\/u><\/strong><\/h4>\n\n\n\n<p class=\"wp-block-paragraph\">Adem\u00e1s de las cubiertas m\u00e1s convencionales o m\u00e1s habituales, tambi\u00e9n podemos encontrar tipos de cubiertas con formas especialmente singulares, incluso con formas esculturales o en las que se desdibujan los l\u00edmites entre la fachada y la cubierta. Algunas de ellas se podr\u00edan clasificar como:<\/p>\n\n\n\n<h6 class=\"wp-block-heading\"><strong><u>Mallas espaciales<\/u><\/strong><\/h6>\n\n\n\n<p class=\"wp-block-paragraph\">Es un sistema formado por barras y nudos, atornilladas o soldadas en sus. El principal componente es el tri\u00e1ngulo, y permiten cubrir grandes espacios entre soportes y admite huecos sin alterar su forma.<\/p>\n\n\n\n<figure class=\"wp-block-image\"><img decoding=\"async\" src=\"https:\/\/cu4arquitectura.com\/wp-content\/uploads\/2024\/05\/Photo-by-Nathan-Langer-on-Unsplash-1024x768.jpg\" alt=\"\"\/><\/figure>\n\n\n\n<h6 class=\"wp-block-heading\"><strong><u>Cubiertas colgantes<\/u><\/strong><\/h6>\n\n\n\n<p class=\"wp-block-paragraph\">Estas estructuras pueden estar soportadas por cables catenarios para eliminar los componentes internos. La red se puede revestir por una capa fina de hormig\u00f3n o por un pl\u00e1stico flexible.<\/p>\n\n\n\n<p class=\"wp-block-paragraph\"><img loading=\"lazy\" decoding=\"async\" src=\"https:\/\/cu4arquitectura.com\/wp-content\/uploads\/2024\/05\/1.-PABELLON-DE-PORTUGAL-DE-ALVARO-SIZA.-500.jpg\" alt=\"\" width=\"900\" height=\"675\"> <a href=\"https:\/\/www.stepienybarno.es\/blog\/2009\/09\/28\/pabellon-de-portugal-de-alvaro-siza\/\" target=\"_blank\" rel=\"noopener noreferrer\">Fuente: Stepenibarno blog. Foto: Pabell\u00f3n de Portugal de \u00c1lvaro Siza<\/a><\/p>\n\n\n\n<h6 class=\"wp-block-heading\"><strong><u>Cubiertas neum\u00e1ticas<\/u><\/strong><\/h6>\n\n\n\n<p class=\"wp-block-paragraph\">Se hinchan con ventiladores, y unas v\u00e1lvulas de salida regulan la presi\u00f3n. Debido a que la presi\u00f3n se distribuye en todas direcciones, su forma es semiesf\u00e9rica o de tres cuartos de esfera.<\/p>\n\n\n\n<p class=\"wp-block-paragraph\">Como ves, la elecci\u00f3n del tipo de cubierta condiciona buena parte del proyecto, tanto a nivel est\u00e9tico como estructural. Es una de las primeras decisiones que tomamos junto al cliente en fase de anteproyecto, ya que de ella dependen otras soluciones constructivas, como el tipo de escalera o la distribuci\u00f3n de los espacios bajo cubierta.<\/p>\n\n\n\n<hr class=\"wp-block-separator has-alpha-channel-opacity\"\/>\n\n\n\n<p class=\"wp-block-paragraph\">Esperamos que te haya gustado!<\/p>\n\n\n\n<p class=\"wp-block-paragraph\">Si te interesa la relaci\u00f3n entre cubiertas y otros elementos estructurales de la vivienda, te recomendamos tambi\u00e9n nuestro post sobre <a href=\"https:\/\/cu4arquitectura.com\/2019\/10\/30\/diseno-de-escaleras\/\">dise\u00f1o de escaleras<\/a>, otro de los elementos que m\u00e1s condicionan la distribuci\u00f3n de un proyecto.<\/p>\n\n\n\n<p class=\"wp-block-paragraph\">Si adem\u00e1s quieres saber m\u00e1s sobre arquitectura saludable y certificaci\u00f3n WELL, en <a href=\"https:\/\/cu4well.com\/\">cu4well<\/a> profundizamos en c\u00f3mo aplicamos estos criterios a nuestros proyectos.<\/p>\n\n\n\n<p class=\"wp-block-paragraph\">Tambi\u00e9n te contamos m\u00e1s cosas sobre arquitectura en nuestro <a style=\"color: #031e38;\" href=\"https:\/\/cu4arquitectura.com\/blog-arquitectura\/\">blog<\/a>, y puedes conocer c\u00f3mo trabajamos este tipo de soluciones en <a href=\"https:\/\/cu4arquitectura.com\/sobre-nosotros\/\">nuestro estudio<\/a> o revisando <a href=\"https:\/\/cu4arquitectura.com\/proyectos-despacho-arquitectura-valencia\/\">nuestro portfolio de proyectos<\/a>. Si est\u00e1s pensando en construir o reformar tu cubierta, tambi\u00e9n contamos con un <a href=\"https:\/\/cu4arquitectura.com\/nuestros-servicios\/diseno-para-particulares\/\">servicio de dise\u00f1o para particulares<\/a> que acompa\u00f1a todo el proceso.<\/p>\n\n\n\n<p class=\"wp-block-paragraph\">\u00a1\u00a1Hasta la pr\u00f3xima!!<\/p>\n\n\n\n<p class=\"wp-block-paragraph\"><\/p>\n","protected":false},"excerpt":{"rendered":"<p>Hola, \u00bfqu\u00e9 tal? Te presento un nuevo post dentro de nuestra categor\u00eda de Arquitectura y Dise\u00f1o de casas. En este caso vamos a hablar de cubiertas. Es un tema muy extenso pero intentaremos explicar de forma general sus funciones b\u00e1sicas, sus tipos m\u00e1s habituales y su composici\u00f3n. Antes de entrar en materia, podr\u00eda decirse que [&hellip;]<\/p>\n","protected":false},"author":1,"featured_media":5456,"comment_status":"open","ping_status":"open","sticky":false,"template":"","format":"standard","meta":{"_acf_changed":false,"footnotes":""},"categories":[2],"tags":[],"class_list":["post-1758","post","type-post","status-publish","format-standard","has-post-thumbnail","hentry","category-como-construir-una-casa"],"acf":[],"yoast_head":"<!-- This site is optimized with the Yoast SEO plugin v27.7 - https:\/\/yoast.com\/product\/yoast-seo-wordpress\/ -->\n<title>Tipos de cubierta en arquitectura y c\u00f3mo elegir la tuya - CU4 Arquitectos en Valencia | Estudio de arquitectura<\/title>\n<meta name=\"description\" content=\"planas, inclinadas o singulares: descubre los tipos de cubierta que existen, sus capas y c\u00f3mo elegimos la m\u00e1s adecuada en cada proyecto.\" \/>\n<meta name=\"robots\" content=\"index, follow, max-snippet:-1, max-image-preview:large, max-video-preview:-1\" \/>\n<link rel=\"canonical\" href=\"https:\/\/cu4arquitectura.com\/en\/2020\/04\/22\/cubiertas\/\" \/>\n<meta property=\"og:locale\" content=\"en_US\" \/>\n<meta property=\"og:type\" content=\"article\" \/>\n<meta property=\"og:title\" content=\"Tipos de cubierta en arquitectura y c\u00f3mo elegir la tuya - CU4 Arquitectos en Valencia | Estudio de arquitectura\" \/>\n<meta property=\"og:description\" content=\"planas, inclinadas o singulares: descubre los tipos de cubierta que existen, sus capas y c\u00f3mo elegimos la m\u00e1s adecuada en cada proyecto.\" \/>\n<meta property=\"og:url\" content=\"https:\/\/cu4arquitectura.com\/en\/2020\/04\/22\/cubiertas\/\" \/>\n<meta property=\"og:site_name\" content=\"CU4 Arquitectos en Valencia | Estudio de arquitectura\" \/>\n<meta property=\"article:published_time\" content=\"2020-04-22T12:10:07+00:00\" \/>\n<meta property=\"article:modified_time\" content=\"2026-08-03T08:58:49+00:00\" \/>\n<meta property=\"og:image\" content=\"https:\/\/cu4arquitectura.com\/wp-content\/uploads\/2024\/05\/TABLA-MUSAAT.png\" \/>\n\t<meta property=\"og:image:width\" content=\"804\" \/>\n\t<meta property=\"og:image:height\" content=\"484\" \/>\n\t<meta property=\"og:image:type\" content=\"image\/png\" \/>\n<meta name=\"author\" content=\"cu4_admin\" \/>\n<meta name=\"twitter:card\" content=\"summary_large_image\" \/>\n<meta name=\"twitter:label1\" content=\"Written by\" \/>\n\t<meta name=\"twitter:data1\" content=\"cu4_admin\" \/>\n\t<meta name=\"twitter:label2\" content=\"Est. reading time\" \/>\n\t<meta name=\"twitter:data2\" content=\"10 minutes\" \/>\n<script type=\"application\/ld+json\" class=\"yoast-schema-graph\">{\"@context\":\"https:\\\/\\\/schema.org\",\"@graph\":[{\"@type\":\"Article\",\"@id\":\"https:\\\/\\\/cu4arquitectura.com\\\/en\\\/2020\\\/04\\\/22\\\/cubiertas\\\/#article\",\"isPartOf\":{\"@id\":\"https:\\\/\\\/cu4arquitectura.com\\\/en\\\/2020\\\/04\\\/22\\\/cubiertas\\\/\"},\"author\":{\"name\":\"cu4_admin\",\"@id\":\"https:\\\/\\\/cu4arquitectura.com\\\/en\\\/#\\\/schema\\\/person\\\/cab7e5614eeb0bf71d933154c307cbad\"},\"headline\":\"Cubiertas\",\"datePublished\":\"2020-04-22T12:10:07+00:00\",\"dateModified\":\"2026-08-03T08:58:49+00:00\",\"mainEntityOfPage\":{\"@id\":\"https:\\\/\\\/cu4arquitectura.com\\\/en\\\/2020\\\/04\\\/22\\\/cubiertas\\\/\"},\"wordCount\":1644,\"commentCount\":0,\"publisher\":{\"@id\":\"https:\\\/\\\/cu4arquitectura.com\\\/en\\\/#organization\"},\"image\":{\"@id\":\"https:\\\/\\\/cu4arquitectura.com\\\/en\\\/2020\\\/04\\\/22\\\/cubiertas\\\/#primaryimage\"},\"thumbnailUrl\":\"https:\\\/\\\/cu4arquitectura.com\\\/wp-content\\\/uploads\\\/2024\\\/05\\\/TABLA-MUSAAT.png\",\"articleSection\":[\"C\u00f3mo construir una casa\"],\"inLanguage\":\"en-US\",\"potentialAction\":[{\"@type\":\"CommentAction\",\"name\":\"Comment\",\"target\":[\"https:\\\/\\\/cu4arquitectura.com\\\/en\\\/2020\\\/04\\\/22\\\/cubiertas\\\/#respond\"]}]},{\"@type\":\"WebPage\",\"@id\":\"https:\\\/\\\/cu4arquitectura.com\\\/en\\\/2020\\\/04\\\/22\\\/cubiertas\\\/\",\"url\":\"https:\\\/\\\/cu4arquitectura.com\\\/en\\\/2020\\\/04\\\/22\\\/cubiertas\\\/\",\"name\":\"Tipos de cubierta en arquitectura y c\u00f3mo elegir la tuya - CU4 Arquitectos en Valencia | Estudio de arquitectura\",\"isPartOf\":{\"@id\":\"https:\\\/\\\/cu4arquitectura.com\\\/en\\\/#website\"},\"primaryImageOfPage\":{\"@id\":\"https:\\\/\\\/cu4arquitectura.com\\\/en\\\/2020\\\/04\\\/22\\\/cubiertas\\\/#primaryimage\"},\"image\":{\"@id\":\"https:\\\/\\\/cu4arquitectura.com\\\/en\\\/2020\\\/04\\\/22\\\/cubiertas\\\/#primaryimage\"},\"thumbnailUrl\":\"https:\\\/\\\/cu4arquitectura.com\\\/wp-content\\\/uploads\\\/2024\\\/05\\\/TABLA-MUSAAT.png\",\"datePublished\":\"2020-04-22T12:10:07+00:00\",\"dateModified\":\"2026-08-03T08:58:49+00:00\",\"description\":\"planas, inclinadas o singulares: descubre los tipos de cubierta que existen, sus capas y c\u00f3mo elegimos la m\u00e1s adecuada en cada proyecto.\",\"breadcrumb\":{\"@id\":\"https:\\\/\\\/cu4arquitectura.com\\\/en\\\/2020\\\/04\\\/22\\\/cubiertas\\\/#breadcrumb\"},\"inLanguage\":\"en-US\",\"potentialAction\":[{\"@type\":\"ReadAction\",\"target\":[\"https:\\\/\\\/cu4arquitectura.com\\\/en\\\/2020\\\/04\\\/22\\\/cubiertas\\\/\"]}]},{\"@type\":\"ImageObject\",\"inLanguage\":\"en-US\",\"@id\":\"https:\\\/\\\/cu4arquitectura.com\\\/en\\\/2020\\\/04\\\/22\\\/cubiertas\\\/#primaryimage\",\"url\":\"https:\\\/\\\/cu4arquitectura.com\\\/wp-content\\\/uploads\\\/2024\\\/05\\\/TABLA-MUSAAT.png\",\"contentUrl\":\"https:\\\/\\\/cu4arquitectura.com\\\/wp-content\\\/uploads\\\/2024\\\/05\\\/TABLA-MUSAAT.png\",\"width\":804,\"height\":484},{\"@type\":\"BreadcrumbList\",\"@id\":\"https:\\\/\\\/cu4arquitectura.com\\\/en\\\/2020\\\/04\\\/22\\\/cubiertas\\\/#breadcrumb\",\"itemListElement\":[{\"@type\":\"ListItem\",\"position\":1,\"name\":\"Portada\",\"item\":\"https:\\\/\\\/cu4arquitectura.com\\\/en\\\/\"},{\"@type\":\"ListItem\",\"position\":2,\"name\":\"Cubiertas\"}]},{\"@type\":\"WebSite\",\"@id\":\"https:\\\/\\\/cu4arquitectura.com\\\/en\\\/#website\",\"url\":\"https:\\\/\\\/cu4arquitectura.com\\\/en\\\/\",\"name\":\"CU4 Arquitectos en Valencia | Estudio de arquitectura\",\"description\":\"Arquitectos en Valencia | Especializados en espacios a medida para empresas y particulares, dise\u00f1ados para tu bienestar\",\"publisher\":{\"@id\":\"https:\\\/\\\/cu4arquitectura.com\\\/en\\\/#organization\"},\"potentialAction\":[{\"@type\":\"SearchAction\",\"target\":{\"@type\":\"EntryPoint\",\"urlTemplate\":\"https:\\\/\\\/cu4arquitectura.com\\\/en\\\/?s={search_term_string}\"},\"query-input\":{\"@type\":\"PropertyValueSpecification\",\"valueRequired\":true,\"valueName\":\"search_term_string\"}}],\"inLanguage\":\"en-US\"},{\"@type\":\"Organization\",\"@id\":\"https:\\\/\\\/cu4arquitectura.com\\\/en\\\/#organization\",\"name\":\"CU4 Arquitectos en Valencia | Estudio de arquitectura\",\"url\":\"https:\\\/\\\/cu4arquitectura.com\\\/en\\\/\",\"logo\":{\"@type\":\"ImageObject\",\"inLanguage\":\"en-US\",\"@id\":\"https:\\\/\\\/cu4arquitectura.com\\\/en\\\/#\\\/schema\\\/logo\\\/image\\\/\",\"url\":\"https:\\\/\\\/cu4arquitectura.com\\\/wp-content\\\/uploads\\\/2024\\\/01\\\/LOGO_CU4_original.svg\",\"contentUrl\":\"https:\\\/\\\/cu4arquitectura.com\\\/wp-content\\\/uploads\\\/2024\\\/01\\\/LOGO_CU4_original.svg\",\"width\":841,\"height\":595,\"caption\":\"CU4 Arquitectos en Valencia | Estudio de arquitectura\"},\"image\":{\"@id\":\"https:\\\/\\\/cu4arquitectura.com\\\/en\\\/#\\\/schema\\\/logo\\\/image\\\/\"}},{\"@type\":\"Person\",\"@id\":\"https:\\\/\\\/cu4arquitectura.com\\\/en\\\/#\\\/schema\\\/person\\\/cab7e5614eeb0bf71d933154c307cbad\",\"name\":\"cu4_admin\",\"image\":{\"@type\":\"ImageObject\",\"inLanguage\":\"en-US\",\"@id\":\"https:\\\/\\\/secure.gravatar.com\\\/avatar\\\/46fdd98ce0115379d1eed8cb88e5aa19a6581b97ba5db2084f7ed87a818bb40a?s=96&d=mm&r=g\",\"url\":\"https:\\\/\\\/secure.gravatar.com\\\/avatar\\\/46fdd98ce0115379d1eed8cb88e5aa19a6581b97ba5db2084f7ed87a818bb40a?s=96&d=mm&r=g\",\"contentUrl\":\"https:\\\/\\\/secure.gravatar.com\\\/avatar\\\/46fdd98ce0115379d1eed8cb88e5aa19a6581b97ba5db2084f7ed87a818bb40a?s=96&d=mm&r=g\",\"caption\":\"cu4_admin\"},\"sameAs\":[\"https:\\\/\\\/cu4arquitectura.com\"],\"url\":\"https:\\\/\\\/cu4arquitectura.com\\\/en\\\/author\\\/cu4_admin\\\/\"}]}<\/script>\n<!-- \/ Yoast SEO plugin. -->","yoast_head_json":{"title":"Tipos de cubierta en arquitectura y c\u00f3mo elegir la tuya - CU4 Arquitectos en Valencia | Estudio de arquitectura","description":"planas, inclinadas o singulares: descubre los tipos de cubierta que existen, sus capas y c\u00f3mo elegimos la m\u00e1s adecuada en cada proyecto.","robots":{"index":"index","follow":"follow","max-snippet":"max-snippet:-1","max-image-preview":"max-image-preview:large","max-video-preview":"max-video-preview:-1"},"canonical":"https:\/\/cu4arquitectura.com\/en\/2020\/04\/22\/cubiertas\/","og_locale":"en_US","og_type":"article","og_title":"Tipos de cubierta en arquitectura y c\u00f3mo elegir la tuya - CU4 Arquitectos en Valencia | Estudio de arquitectura","og_description":"planas, inclinadas o singulares: descubre los tipos de cubierta que existen, sus capas y c\u00f3mo elegimos la m\u00e1s adecuada en cada proyecto.","og_url":"https:\/\/cu4arquitectura.com\/en\/2020\/04\/22\/cubiertas\/","og_site_name":"CU4 Arquitectos en Valencia | Estudio de arquitectura","article_published_time":"2020-04-22T12:10:07+00:00","article_modified_time":"2026-08-03T08:58:49+00:00","og_image":[{"width":804,"height":484,"url":"https:\/\/cu4arquitectura.com\/wp-content\/uploads\/2024\/05\/TABLA-MUSAAT.png","type":"image\/png"}],"author":"cu4_admin","twitter_card":"summary_large_image","twitter_misc":{"Written by":"cu4_admin","Est. reading time":"10 minutes"},"schema":{"@context":"https:\/\/schema.org","@graph":[{"@type":"Article","@id":"https:\/\/cu4arquitectura.com\/en\/2020\/04\/22\/cubiertas\/#article","isPartOf":{"@id":"https:\/\/cu4arquitectura.com\/en\/2020\/04\/22\/cubiertas\/"},"author":{"name":"cu4_admin","@id":"https:\/\/cu4arquitectura.com\/en\/#\/schema\/person\/cab7e5614eeb0bf71d933154c307cbad"},"headline":"Cubiertas","datePublished":"2020-04-22T12:10:07+00:00","dateModified":"2026-08-03T08:58:49+00:00","mainEntityOfPage":{"@id":"https:\/\/cu4arquitectura.com\/en\/2020\/04\/22\/cubiertas\/"},"wordCount":1644,"commentCount":0,"publisher":{"@id":"https:\/\/cu4arquitectura.com\/en\/#organization"},"image":{"@id":"https:\/\/cu4arquitectura.com\/en\/2020\/04\/22\/cubiertas\/#primaryimage"},"thumbnailUrl":"https:\/\/cu4arquitectura.com\/wp-content\/uploads\/2024\/05\/TABLA-MUSAAT.png","articleSection":["C\u00f3mo construir una casa"],"inLanguage":"en-US","potentialAction":[{"@type":"CommentAction","name":"Comment","target":["https:\/\/cu4arquitectura.com\/en\/2020\/04\/22\/cubiertas\/#respond"]}]},{"@type":"WebPage","@id":"https:\/\/cu4arquitectura.com\/en\/2020\/04\/22\/cubiertas\/","url":"https:\/\/cu4arquitectura.com\/en\/2020\/04\/22\/cubiertas\/","name":"Tipos de cubierta en arquitectura y c\u00f3mo elegir la tuya - CU4 Arquitectos en Valencia | Estudio de arquitectura","isPartOf":{"@id":"https:\/\/cu4arquitectura.com\/en\/#website"},"primaryImageOfPage":{"@id":"https:\/\/cu4arquitectura.com\/en\/2020\/04\/22\/cubiertas\/#primaryimage"},"image":{"@id":"https:\/\/cu4arquitectura.com\/en\/2020\/04\/22\/cubiertas\/#primaryimage"},"thumbnailUrl":"https:\/\/cu4arquitectura.com\/wp-content\/uploads\/2024\/05\/TABLA-MUSAAT.png","datePublished":"2020-04-22T12:10:07+00:00","dateModified":"2026-08-03T08:58:49+00:00","description":"planas, inclinadas o singulares: descubre los tipos de cubierta que existen, sus capas y c\u00f3mo elegimos la m\u00e1s adecuada en cada proyecto.","breadcrumb":{"@id":"https:\/\/cu4arquitectura.com\/en\/2020\/04\/22\/cubiertas\/#breadcrumb"},"inLanguage":"en-US","potentialAction":[{"@type":"ReadAction","target":["https:\/\/cu4arquitectura.com\/en\/2020\/04\/22\/cubiertas\/"]}]},{"@type":"ImageObject","inLanguage":"en-US","@id":"https:\/\/cu4arquitectura.com\/en\/2020\/04\/22\/cubiertas\/#primaryimage","url":"https:\/\/cu4arquitectura.com\/wp-content\/uploads\/2024\/05\/TABLA-MUSAAT.png","contentUrl":"https:\/\/cu4arquitectura.com\/wp-content\/uploads\/2024\/05\/TABLA-MUSAAT.png","width":804,"height":484},{"@type":"BreadcrumbList","@id":"https:\/\/cu4arquitectura.com\/en\/2020\/04\/22\/cubiertas\/#breadcrumb","itemListElement":[{"@type":"ListItem","position":1,"name":"Portada","item":"https:\/\/cu4arquitectura.com\/en\/"},{"@type":"ListItem","position":2,"name":"Cubiertas"}]},{"@type":"WebSite","@id":"https:\/\/cu4arquitectura.com\/en\/#website","url":"https:\/\/cu4arquitectura.com\/en\/","name":"CU4 Arquitectos en Valencia | Estudio de arquitectura","description":"Arquitectos en Valencia | Especializados en espacios a medida para empresas y particulares, dise\u00f1ados para tu bienestar","publisher":{"@id":"https:\/\/cu4arquitectura.com\/en\/#organization"},"potentialAction":[{"@type":"SearchAction","target":{"@type":"EntryPoint","urlTemplate":"https:\/\/cu4arquitectura.com\/en\/?s={search_term_string}"},"query-input":{"@type":"PropertyValueSpecification","valueRequired":true,"valueName":"search_term_string"}}],"inLanguage":"en-US"},{"@type":"Organization","@id":"https:\/\/cu4arquitectura.com\/en\/#organization","name":"CU4 Arquitectos en Valencia | Estudio de arquitectura","url":"https:\/\/cu4arquitectura.com\/en\/","logo":{"@type":"ImageObject","inLanguage":"en-US","@id":"https:\/\/cu4arquitectura.com\/en\/#\/schema\/logo\/image\/","url":"https:\/\/cu4arquitectura.com\/wp-content\/uploads\/2024\/01\/LOGO_CU4_original.svg","contentUrl":"https:\/\/cu4arquitectura.com\/wp-content\/uploads\/2024\/01\/LOGO_CU4_original.svg","width":841,"height":595,"caption":"CU4 Arquitectos en Valencia | Estudio de arquitectura"},"image":{"@id":"https:\/\/cu4arquitectura.com\/en\/#\/schema\/logo\/image\/"}},{"@type":"Person","@id":"https:\/\/cu4arquitectura.com\/en\/#\/schema\/person\/cab7e5614eeb0bf71d933154c307cbad","name":"cu4_admin","image":{"@type":"ImageObject","inLanguage":"en-US","@id":"https:\/\/secure.gravatar.com\/avatar\/46fdd98ce0115379d1eed8cb88e5aa19a6581b97ba5db2084f7ed87a818bb40a?s=96&d=mm&r=g","url":"https:\/\/secure.gravatar.com\/avatar\/46fdd98ce0115379d1eed8cb88e5aa19a6581b97ba5db2084f7ed87a818bb40a?s=96&d=mm&r=g","contentUrl":"https:\/\/secure.gravatar.com\/avatar\/46fdd98ce0115379d1eed8cb88e5aa19a6581b97ba5db2084f7ed87a818bb40a?s=96&d=mm&r=g","caption":"cu4_admin"},"sameAs":["https:\/\/cu4arquitectura.com"],"url":"https:\/\/cu4arquitectura.com\/en\/author\/cu4_admin\/"}]}},"_links":{"self":[{"href":"https:\/\/cu4arquitectura.com\/en\/wp-json\/wp\/v2\/posts\/1758","targetHints":{"allow":["GET"]}}],"collection":[{"href":"https:\/\/cu4arquitectura.com\/en\/wp-json\/wp\/v2\/posts"}],"about":[{"href":"https:\/\/cu4arquitectura.com\/en\/wp-json\/wp\/v2\/types\/post"}],"author":[{"embeddable":true,"href":"https:\/\/cu4arquitectura.com\/en\/wp-json\/wp\/v2\/users\/1"}],"replies":[{"embeddable":true,"href":"https:\/\/cu4arquitectura.com\/en\/wp-json\/wp\/v2\/comments?post=1758"}],"version-history":[{"count":8,"href":"https:\/\/cu4arquitectura.com\/en\/wp-json\/wp\/v2\/posts\/1758\/revisions"}],"predecessor-version":[{"id":9516,"href":"https:\/\/cu4arquitectura.com\/en\/wp-json\/wp\/v2\/posts\/1758\/revisions\/9516"}],"wp:featuredmedia":[{"embeddable":true,"href":"https:\/\/cu4arquitectura.com\/en\/wp-json\/wp\/v2\/media\/5456"}],"wp:attachment":[{"href":"https:\/\/cu4arquitectura.com\/en\/wp-json\/wp\/v2\/media?parent=1758"}],"wp:term":[{"taxonomy":"category","embeddable":true,"href":"https:\/\/cu4arquitectura.com\/en\/wp-json\/wp\/v2\/categories?post=1758"},{"taxonomy":"post_tag","embeddable":true,"href":"https:\/\/cu4arquitectura.com\/en\/wp-json\/wp\/v2\/tags?post=1758"}],"curies":[{"name":"wp","href":"https:\/\/api.w.org\/{rel}","templated":true}]}}