{"id":1717,"date":"2020-04-09T12:39:40","date_gmt":"2020-04-09T10:39:40","guid":{"rendered":"https:\/\/www.cu4arquitectura.com\/?p=1717"},"modified":"2026-08-03T08:08:38","modified_gmt":"2026-08-03T08:08:38","slug":"calidad-del-aire-en-arquitectura","status":"publish","type":"post","link":"https:\/\/cu4arquitectura.com\/en\/2020\/04\/09\/calidad-del-aire-en-arquitectura\/","title":{"rendered":"La calidad del aire en arquitectura"},"content":{"rendered":"\n<p class=\"wp-block-paragraph\">CALIDAD DEL AIRE Y SUS CONTAMINANTES<\/p>\n\n\n\n<p class=\"wp-block-paragraph\">\u00bfSab\u00edas que pasamos el 90% de nuestra vida en espacios interiores? \u00bfSab\u00edas que el aire de estos espacios est\u00e1 de 2 a 5 veces m\u00e1s contaminado que el aire exterior?&nbsp;<\/p>\n\n\n\n<p class=\"wp-block-paragraph\">Es evidente que la calidad del aire de nuestros espacios interiores tiene un impacto directo en nuestro bienestar f\u00edsico, mental y emocional y en nuestra capacidad de dar lo mejor de nosotros mismos.&nbsp;Es decir, afecta directamente su salud y bienestar. Por tanto, es uno de los aspectos m\u00e1s importantes de los edificios saludables.<\/p>\n\n\n\n<p class=\"wp-block-paragraph\">La <a href=\"https:\/\/www.who.int\/es\">Organizaci\u00f3n Mundial de la Salud<\/a> (OMS)&nbsp; y la <a href=\"https:\/\/espanol.epa.gov\/\">Agencia Norteamericana de Protecci\u00f3n del Medio Ambiente<\/a> (EPA) tienen establecidos los niveles m\u00e1ximos permitidos para los diversos contaminantes a partir de criterios basados en estudios epidemiol\u00f3gicos que muestran las relaciones entre las concentraciones de estos contaminantes, la duraci\u00f3n de la exposici\u00f3n y los riesgos para la salud.<\/p>\n\n\n\n<p class=\"wp-block-paragraph\">Estos contaminantes incluyen:&nbsp;<\/p>\n\n\n\n<h4 class=\"wp-block-heading\">1.- Gases org\u00e1nicos:<\/h4>\n\n\n\n<ul class=\"wp-block-list\">\n<li><h6><strong>Formaldehido:<\/strong><\/h6><\/li>\n<\/ul>\n\n\n\n<h6 class=\"wp-block-heading\"><em>\u00bfQu\u00e9 es?<\/em><\/h6>\n\n\n\n<p class=\"wp-block-paragraph\">Es uno de los contaminantes del aire m\u00e1s comunes en interiores. Produce irritaci\u00f3n de los tejidos cuando entra en contacto directo con \u00e9stos. Algunas personas son m\u00e1s sensibles que otras a los efectos del formaldeh\u00eddo. Los s\u00edntomas m\u00e1s comunes son irritaci\u00f3n de los ojos, la nariz, la garganta y lagrimeo, lo que ocurre con concentraciones en el aire de aproximadamente 0.4-3 partes por mill\u00f3n (ppm)<\/p>\n\n\n\n<p class=\"wp-block-paragraph\">El estandar WELL lo limita a 27 ppb (0.03 ppm). La OMS recomienda que los niveles de formaldehido en interiores no superen las 0,05 partes por mill\u00f3n. Estos valores recomendados pueden acumularse con relativa facilidad con la existencia de una \u00fanica fuente. Los l\u00edmites de exposici\u00f3n profesional en Espa\u00f1a establecen un valor l\u00edmite ambiental de Exposici\u00f3n diaria de 0,3ppm. &nbsp;Su uso no est\u00e1 prohibido, tan s\u00f3lo <a style=\"color: #000080;\" href=\"https:\/\/www.boe.es\/buscar\/doc.php?id=BOE-A-2003-2515\">regulado<\/a>.<\/p>\n\n\n\n<p class=\"wp-block-paragraph\">Evitando algunos materiales y tomando ciertas precauciones, puedes protegerte de ellos. Las personas m\u00e1s sensibles a este contaminante son los ni\u00f1os. Si quieres m\u00e1s informaci\u00f3n al respecto, puedes consultar en el siguiente&nbsp;<a style=\"color: #000080;\" href=\"https:\/\/www.healthychildren.org\/Spanish\/safety-prevention\/at-home\/Paginas\/formaldehyde-exposure.aspx\">link<\/a>.<\/p>\n\n\n\n<h6 class=\"wp-block-heading\"><em>Recomendaciones para reducir al m\u00e1ximo su presencia en el hogar.<\/em><\/h6>\n\n\n\n<ul class=\"wp-block-list\">\n<li>Lavar la ropa nueva, especialmente aquella resistente a las arrugas<\/li>\n\n\n\n<li>Utilizar cosm\u00e9tica 100% natural, pues la cosm\u00e9tica qu\u00edmica no est\u00e1 obligada a indicarlo en sus etiquetas con concentraciones por debajo de 0,05%.<\/li>\n\n\n\n<li>Optar por muebles macizos. Si la econom\u00eda no lo permite mejor laminados que aglomerados.<\/li>\n\n\n\n<li>Productos de limpieza ecol\u00f3gicos<\/li>\n\n\n\n<li>Ventilar la vivienda cada d\u00eda<br><\/li>\n<\/ul>\n\n\n\n<div style=\"height:26px\" aria-hidden=\"true\" class=\"wp-block-spacer\"><\/div>\n\n\n\n<ul class=\"wp-block-list\">\n<li><h6><strong>Compuestos Org\u00e1nicos Vol\u00e1tiles (COV):<\/strong><\/h6><\/li>\n<\/ul>\n\n\n\n<h6 class=\"wp-block-heading\"><em>\u00bfQu\u00e9 es?<\/em><\/h6>\n\n\n\n<p class=\"wp-block-paragraph\">Los compuestos <b>org\u00e1nicos<\/b> son sustancias qu\u00edmicas que contienen carbono y se encuentran en todos los elementos vivos. Los compuestos <b>org\u00e1nicos<\/b> vol\u00e1tiles, a veces llamados VOC (por sus siglas en ingl\u00e9s), o COV (por sus siglas en espa\u00f1ol), se convierten f\u00e1cilmente en vapores o <b>gases<\/b>.<\/p>\n\n\n\n<p class=\"wp-block-paragraph\">Seg\u00fan la Agencia norteamericana de Protecci\u00f3n del Medio Ambiente (EPA), la presencia de estos elementos es entre dos y cinco veces superior en el interior de los edificios que al aire libre. Productos como disolventes, pinturas, limpiadores, l\u00edquidos para la industria de lavado en seco, insecticidas, ambientadores, pegamentos, barnices, soluciones fotogr\u00e1ficas, tintas de fotocopiadoras o impresoras, y en general, cualquiera de origen petroqu\u00edmico, pueden originar estos compuestos en hogares y lugares de trabajo.<\/p>\n\n\n\n<p class=\"wp-block-paragraph\">No obstante,&nbsp;<b>el origen de estas sustancias proviene tambi\u00e9n de fuentes naturales<\/b>. El metano, el m\u00e1s abundante de los hidrocarburos atmosf\u00e9ricos, se forma a consecuencia de las deposiciones del ganado, las reacciones de putrefacci\u00f3n o la digesti\u00f3n de las termitas, aunque tambi\u00e9n proviene en gran parte de los procesos de combusti\u00f3n industriales (gas natural). Se sabe asimismo que el metano influye en el efecto invernadero y en las reacciones estratosf\u00e9ricas.<\/p>\n\n\n\n<p class=\"wp-block-paragraph\">En Espa\u00f1a, hay en la actualidad dos Reales Decretos que controlan las emisiones de COVs. Por una parte, el Real Decreto 117\/2003 se centra en la restricci\u00f3n de las emisiones de COVs debidas al uso de disolventes en determinadas actividades. Por otra parte, el Real Decreto 227\/2006 limita el contenido de COVs en determinadas pinturas de decoraci\u00f3n y productos para el repintado de veh\u00edculos. De esta manera, estas normativas proh\u00edben superar ciertos l\u00edmites de emisi\u00f3n en 20 actividades industriales concretas, que deber\u00e1n colocar en sus productos un etiquetado indicando sus valores de emisi\u00f3n de COVs.<\/p>\n\n\n\n<h6 class=\"wp-block-heading\"><em>Recomendaciones para reducir al m\u00e1ximo su presencia en el hogar.<\/em><\/h6>\n\n\n\n<p class=\"wp-block-paragraph\">Es recomendable ventilar la vivienda cada d\u00eda y usar las plantas como purificadoras de aire, pues ayudan a absorber los Compuestos Vol\u00e1tiles. Tambi\u00e9n es importante fijarse en la etiqueta COV de pinturas. Una buena pintura no deber\u00eda contener m\u00e1s de 1 g\/l de COV.<\/p>\n\n\n\n<figure class=\"wp-block-image aligncenter\"><img decoding=\"async\" src=\"https:\/\/cu4arquitectura.com\/wp-content\/uploads\/2024\/05\/logan-nolin-EvceCyopkKI-unsplash-1024x683.jpg\" alt=\"Well\" class=\"wp-image-1738\"\/><figcaption class=\"wp-element-caption\">Calidad del aire<\/figcaption><\/figure>\n\n\n\n<h4 class=\"wp-block-heading\">2.- Gases inorg\u00e1nicos:<\/h4>\n\n\n\n<ul class=\"wp-block-list\">\n<li><h6><strong>Mon\u00f3xido de carbono (CO)<\/strong><\/h6><\/li>\n<\/ul>\n\n\n\n<h6 class=\"wp-block-heading\"><em>\u00bfQu\u00e9 es?<\/em><\/h6>\n\n\n\n<p class=\"wp-block-paragraph\">El mon\u00f3xido de carbono se oxida y en su oxidaci\u00f3n se produce di\u00f3xido de carbono (CO2), en exceso desplaza el oxigeno.<\/p>\n\n\n\n<p class=\"wp-block-paragraph\">Se produce ahora est\u00e1 mas presente en nuestras casas puesto que \u00e9stas con cada vez m\u00e1s herm\u00e9ticas para ahorrar energ\u00eda, pero esto dificulta la salida del CO<sub>2<\/sub> generado por la respiraci\u00f3n humana y la combusti\u00f3n en cocinas.<\/p>\n\n\n\n<h6 class=\"wp-block-heading\"><em>Recomendaciones para reducir al m\u00e1ximo su presencia en el hogar.<\/em><\/h6>\n\n\n\n<p class=\"wp-block-paragraph\">La renovaci\u00f3n del aire interior es sumamente importante, adem\u00e1s de reducir el CO<sub>2<\/sub> e incrementar el ox\u00edgeno, permite la salida al exterior del formaldehido y los COV&nbsp;que desprenden las pinturas, mobiliario y productos de limpieza.<\/p>\n\n\n\n<ul class=\"wp-block-list\">\n<li><h6><strong>Ozono (O3)<\/strong><\/h6><\/li>\n<\/ul>\n\n\n\n<h6 class=\"wp-block-heading\"><em>\u00bfQu\u00e9 es?<\/em><\/h6>\n\n\n\n<p class=\"wp-block-paragraph\">El ozono es un constituyente natural del aire que respiramos. Es un gas altamente oxidante debido a la inestabilidad de su estructura molecular y t\u00f3xico a concentraciones elevadas. Puede tener efectos corrosivos sobre materiales y, a determinadas concentraciones, se manifiestan sobre la salud humana (irritaci\u00f3n y afecciones del aparato respiratorio, con especial incidencia en grupos sensibles, ni\u00f1os, ancianos y personas con problemas respiratorios), en las comunidades vegetales (afectando al crecimiento y fisiolog\u00eda de la vegetaci\u00f3n, causante de da\u00f1os foliares, reducci\u00f3n de cosechas y producci\u00f3n de semillas, etc.); y en general sobre los materiales (potenciando los procesos de corrosi\u00f3n y envejecimiento).<\/p>\n\n\n\n<p class=\"wp-block-paragraph\">En la estratosfera se encuentra capa de ozono u ozono estratosf\u00e9rico. Esta capa de ozono <b>act\u00faa de forma beneficiosa<\/b>&nbsp;absorbiendo radiaci\u00f3n UV proveniente del sol y evitando as\u00ed que llegue a la superficie de la Tierra.<\/p>\n\n\n\n<p class=\"wp-block-paragraph\">El ozono situado en la troposfera (mas cercano a la corteza terrestre) es lo que se denomina <b>ozono troposf\u00e9rico<\/b>. Este ozono, a causa de la acci\u00f3n del hombre, puede encontrarse en concentraciones superiores a las naturales,&nbsp;<b>actuando entonces como un contaminante atmosf\u00e9rico<\/b>&nbsp;por sus efectos nocivos sobre el medio.<\/p>\n\n\n\n<p class=\"wp-block-paragraph\">Uno de los problemas de la gesti\u00f3n de la contaminaci\u00f3n por ozono es su naturaleza de contaminante secundario, dado que no se emite directamente desde el foco de emisi\u00f3n, sino que se forma en el seno de la atm\u00f3sfera a partir de otros compuestos primarios.<\/p>\n\n\n\n<h6 class=\"wp-block-heading\"><em>\u00bfQu\u00e9 efectos tiene?<\/em><\/h6>\n\n\n\n<p class=\"wp-block-paragraph\">Los&nbsp;<strong>principales efectos<\/strong>&nbsp;observados a concentraciones de<strong>&nbsp;240 microgramos por metro c\u00fabico<\/strong>&nbsp;son: tos, dolor de cabeza, laxitud y dolores pectorales al inspirar profundamente. Tambi\u00e9n se detectan inflamaciones pulmonares, hiperactividad de las v\u00edas respiratorias y disminuciones importantes de la funci\u00f3n pulmonar.<\/p>\n\n\n\n<p class=\"wp-block-paragraph\">Para ello hay que tener en cuenta que en el interior de las casas la concentraci\u00f3n de&nbsp;<strong>ozono&nbsp;<\/strong>suele ser del 50% a la que hay en el exterior. Tambi\u00e9n que se dispersa con el viento y que los niveles m\u00e1s elevados durante el d\u00eda se alcanzan habitualmente por la tarde y disminuyen al ponerse el sol.<\/p>\n\n\n\n<h6 class=\"wp-block-heading\"><em>Recomendaciones para reducir al m\u00e1ximo su presencia en el hogar.<\/em><\/h6>\n\n\n\n<p class=\"wp-block-paragraph\">Para&nbsp;<strong>mejorar<\/strong>&nbsp;la&nbsp;<strong>calidad del aire<\/strong>&nbsp;que respiramos en el interior de los&nbsp;edificios y conseguir as\u00ed que sean m\u00e1s&nbsp;<strong>saludables y seguros<\/strong>&nbsp;para nuestra&nbsp;<strong>salud<\/strong>&nbsp;debemos saber&nbsp;<a style=\"color: #000080;\" href=\"https:\/\/ecoesmas.com\/la-calidad-del-aire-de-mi-casa\/\">cuando&nbsp;<strong>ventilar<\/strong><\/a>.<\/p>\n\n\n\n<p class=\"wp-block-paragraph\">Las&nbsp;<strong>mejores horas<\/strong>&nbsp;son las&nbsp;<strong>m\u00e1s alejadas<\/strong>&nbsp;de las&nbsp;<strong>horas centrales<\/strong>&nbsp;del d\u00eda, es decir,&nbsp;&nbsp;de buena ma\u00f1ana y a \u00faltima hora de la tarde. De esta forma&nbsp;<strong>evitaremos meter ozono<\/strong>&nbsp;dentro de casa y&nbsp;<strong>respirarlo<\/strong>, as\u00ed como&nbsp;que se&nbsp;<strong>combine<\/strong>&nbsp;ya en el interior con formaldehido y otros \u00e1cidos org\u00e1nicos altamente irritantes.<\/p>\n\n\n\n<figure class=\"wp-block-image aligncenter\"><img decoding=\"async\" src=\"https:\/\/cu4arquitectura.com\/wp-content\/uploads\/2024\/05\/rob-wingate-Fd9tUmRBJzk-unsplash-1024x854.jpg\" alt=\"ventana\" class=\"wp-image-1742\"\/><figcaption class=\"wp-element-caption\">Calidad del aire<\/figcaption><\/figure>\n\n\n\n<h4 class=\"wp-block-heading\">3.- Materia particulada:<\/h4>\n\n\n\n<p class=\"wp-block-paragraph\">Las part\u00edculas se clasifican seg\u00fan su tama\u00f1o, pueden tener cualquier forma y pueden ser s\u00f3lidas o gotas l\u00edquidas.<\/p>\n\n\n\n<p class=\"wp-block-paragraph\">Las part\u00edculas grandes miden entre 2,5 y 10 micr\u00f3metros (de 25 a 100 veces m\u00e1s delgados que un cabello humano).<\/p>\n\n\n\n<p class=\"wp-block-paragraph\">Las part\u00edculas peque\u00f1as son menores a 2,5 micr\u00f3metros (100 veces m\u00e1s delgadas que un cabello humano). Estas part\u00edculas son conocidas como PM<sub>2.5<\/sub><\/p>\n\n\n\n<p class=\"wp-block-paragraph\">Las administraciones p\u00fablicas s\u00f3lo informan del material particulado de tama\u00f1o m\u00e1s grueso PM10 (10 micras) y menos peligroso, pero la presencia de PM25 en el exterior es muy com\u00fan. Sus fuentes principales son:<\/p>\n\n\n\n<ul class=\"wp-block-list\">\n<li>Combusti\u00f3n de veh\u00edculos di\u00e9sel<\/li>\n\n\n\n<li>Combusti\u00f3n de energ\u00eda en f\u00e1bricas y viviendas<\/li>\n\n\n\n<li>Incendios forestales<\/li>\n<\/ul>\n\n\n\n<h4 class=\"wp-block-heading\">4.- Gas rad\u00f3n:<\/h4>\n\n\n\n<p class=\"wp-block-paragraph\">El gas rad\u00f3n es un gas radiactivo que se produce de forma natural. Seg\u00fan la OMS es la segunda causa de muerte, despu\u00e9s del tabaco, por c\u00e1ncer de pulm\u00f3n, a nivel mundial.<\/p>\n\n\n\n<p class=\"wp-block-paragraph\">El rad\u00f3n se infiltra en las viviendas a trav\u00e9s de las peque\u00f1as fisuras, los poros del hormig\u00f3n, las juntas de las tuber\u00edas de desag\u00fces y otras acometidas.<\/p>\n\n\n\n<p class=\"wp-block-paragraph\">Existen mapas que nos permiten identificar las <a style=\"color: #000080;\" href=\"https:\/\/vivesinradon.org\/mapa-zonas-riesgo-radon\/\">zonas geogr\u00e1ficas<\/a> mas sensibles a este gas.&nbsp;<\/p>\n\n\n\n<p class=\"wp-block-paragraph\">Recientemente nuestro C\u00f3digo T\u00e9cnico de la Edificaci\u00f3n, ha incluido este concepto en uno de sus Documentos B\u00e1sicos.<\/p>\n\n\n\n<p class=\"wp-block-paragraph\">Si quieres ampliar informaci\u00f3n al respecto, te invito a que leas el siguiente articulo de la <a style=\"color: #000080;\" href=\"https:\/\/www.who.int\/es\/news-room\/fact-sheets\/detail\/radon-and-health\">OMS<\/a> as\u00ed como que visites la siguiente <a style=\"color: #000080;\" href=\"https:\/\/vivesinradon.org\/\">web<\/a>.&nbsp;<\/p>\n\n\n\n<figure class=\"wp-block-image\"><img decoding=\"async\" src=\"https:\/\/cu4arquitectura.com\/wp-content\/uploads\/2024\/05\/1-1024x1024.jpg\" alt=\"\"\/><\/figure>\n\n\n\n<h2 class=\"wp-block-heading\">C\u00d3MO MEJORAR LA CALIDAD DEL AIRE INTERIOR<\/h2>\n\n\n\n<p class=\"wp-block-paragraph\">Alcanzar el objetivo de limpiar el aire interior, requiere el esfuerzo conjunto de los profesionales y los usuarios del edificio para implementar los enfoques adecuados, tales como estrategias de control de emisiones, de modificaci\u00f3n del comportamiento humano, el dise\u00f1o de edificios pasivos y activos,etc.<\/p>\n\n\n\n<p class=\"wp-block-paragraph\">Mejorando la calidad el aire interior de nuestros edificios, conseguiremos disminuir s\u00edntomas, que van desde dolores de cabeza, sequedad de garganta, irritaci\u00f3n ocular y secreci\u00f3n nasal hasta ataques de asma, envenenamiento y c\u00e1ncer. Incluso se ha demostrado que se puede disminuir el riesgo de enfermedades respiratorias y cardiovasculares, como asma, isquemia mioc\u00e1rdica, angina, presi\u00f3n arterial alta y enfermedades card\u00edacas. Pod\u00e9is leer m\u00e1s al respecto en el siguiente <a style=\"color: #000080;\" href=\"https:\/\/standard.wellcertified.com\/air\">enlace<\/a>.&nbsp;<\/p>\n\n\n\n<p class=\"wp-block-paragraph\">Por lo tanto, es importante definir niveles de calidad del aire interior que minimicen el riesgo para la salud humana y la potencien.<\/p>\n\n\n\n<p class=\"wp-block-paragraph\">Esperamos que os haya gustado \ud83d\ude42<\/p>\n\n\n\n<p class=\"wp-block-paragraph\">Si quer\u00e9is saber m\u00e1s sobre arquitectura saludable, haz click <a href=\"https:\/\/cu4well.com\/\" type=\"link\" id=\"https:\/\/cu4well.com\/\">aqu\u00ed<\/a>.\u00a0<\/p>\n\n\n\n<p class=\"wp-block-paragraph\">Tambi\u00e9n te contamos m\u00e1s cosas sobre arquitectura en nuestro <a href=\"https:\/\/www.cu4arquitectura.com\/blog\/\">BLOG<\/a>.<\/p>\n\n\n\n<p class=\"wp-block-paragraph\">\u00a1\u00a1Hasta la pr\u00f3xima!!<\/p>\n","protected":false},"excerpt":{"rendered":"<p>CALIDAD DEL AIRE Y SUS CONTAMINANTES \u00bfSab\u00edas que pasamos el 90% de nuestra vida en espacios interiores? \u00bfSab\u00edas que el aire de estos espacios est\u00e1 de 2 a 5 veces m\u00e1s contaminado que el aire exterior?&nbsp; Es evidente que la calidad del aire de nuestros espacios interiores tiene un impacto directo en nuestro bienestar f\u00edsico, [&hellip;]<\/p>\n","protected":false},"author":1,"featured_media":5651,"comment_status":"open","ping_status":"open","sticky":false,"template":"","format":"standard","meta":{"_acf_changed":false,"footnotes":""},"categories":[5],"tags":[],"class_list":["post-1717","post","type-post","status-publish","format-standard","has-post-thumbnail","hentry","category-arquitectura-sostenible"],"acf":[],"yoast_head":"<!-- This site is optimized with the Yoast SEO plugin v27.7 - https:\/\/yoast.com\/product\/yoast-seo-wordpress\/ -->\n<title>La calidad del aire en arquitectura - CU4 Arquitectos en Valencia | Estudio de arquitectura<\/title>\n<meta name=\"description\" content=\"Pasamos el 90% del tiempo en espacios interiores, donde el aire est\u00e1 m\u00e1s contaminado que en el exterior. La calidad del aire afecta a nuestro bienestar.\" \/>\n<meta name=\"robots\" content=\"index, follow, max-snippet:-1, max-image-preview:large, max-video-preview:-1\" \/>\n<link rel=\"canonical\" href=\"https:\/\/cu4arquitectura.com\/en\/2020\/04\/09\/calidad-del-aire-en-arquitectura\/\" \/>\n<meta property=\"og:locale\" content=\"en_US\" \/>\n<meta property=\"og:type\" content=\"article\" \/>\n<meta property=\"og:title\" content=\"La calidad del aire en arquitectura - CU4 Arquitectos en Valencia | Estudio de arquitectura\" \/>\n<meta property=\"og:description\" content=\"Pasamos el 90% del tiempo en espacios interiores, donde el aire est\u00e1 m\u00e1s contaminado que en el exterior. La calidad del aire afecta a nuestro bienestar.\" \/>\n<meta property=\"og:url\" content=\"https:\/\/cu4arquitectura.com\/en\/2020\/04\/09\/calidad-del-aire-en-arquitectura\/\" \/>\n<meta property=\"og:site_name\" content=\"CU4 Arquitectos en Valencia | Estudio de arquitectura\" \/>\n<meta property=\"article:published_time\" content=\"2020-04-09T10:39:40+00:00\" \/>\n<meta property=\"article:modified_time\" content=\"2026-08-03T08:08:38+00:00\" \/>\n<meta property=\"og:image\" content=\"https:\/\/cu4arquitectura.com\/wp-content\/uploads\/2020\/04\/calidad-aire.jpeg\" \/>\n\t<meta property=\"og:image:width\" content=\"1536\" \/>\n\t<meta property=\"og:image:height\" content=\"1024\" \/>\n\t<meta property=\"og:image:type\" content=\"image\/jpeg\" \/>\n<meta name=\"author\" content=\"cu4_admin\" \/>\n<meta name=\"twitter:card\" content=\"summary_large_image\" \/>\n<meta name=\"twitter:label1\" content=\"Written by\" \/>\n\t<meta name=\"twitter:data1\" content=\"cu4_admin\" \/>\n\t<meta name=\"twitter:label2\" content=\"Est. reading time\" \/>\n\t<meta name=\"twitter:data2\" content=\"9 minutes\" \/>\n<script type=\"application\/ld+json\" class=\"yoast-schema-graph\">{\"@context\":\"https:\\\/\\\/schema.org\",\"@graph\":[{\"@type\":\"Article\",\"@id\":\"https:\\\/\\\/cu4arquitectura.com\\\/en\\\/2020\\\/04\\\/09\\\/calidad-del-aire-en-arquitectura\\\/#article\",\"isPartOf\":{\"@id\":\"https:\\\/\\\/cu4arquitectura.com\\\/en\\\/2020\\\/04\\\/09\\\/calidad-del-aire-en-arquitectura\\\/\"},\"author\":{\"name\":\"cu4_admin\",\"@id\":\"https:\\\/\\\/cu4arquitectura.com\\\/en\\\/#\\\/schema\\\/person\\\/cab7e5614eeb0bf71d933154c307cbad\"},\"headline\":\"La calidad del aire en arquitectura\",\"datePublished\":\"2020-04-09T10:39:40+00:00\",\"dateModified\":\"2026-08-03T08:08:38+00:00\",\"mainEntityOfPage\":{\"@id\":\"https:\\\/\\\/cu4arquitectura.com\\\/en\\\/2020\\\/04\\\/09\\\/calidad-del-aire-en-arquitectura\\\/\"},\"wordCount\":1883,\"commentCount\":0,\"publisher\":{\"@id\":\"https:\\\/\\\/cu4arquitectura.com\\\/en\\\/#organization\"},\"image\":{\"@id\":\"https:\\\/\\\/cu4arquitectura.com\\\/en\\\/2020\\\/04\\\/09\\\/calidad-del-aire-en-arquitectura\\\/#primaryimage\"},\"thumbnailUrl\":\"https:\\\/\\\/cu4arquitectura.com\\\/wp-content\\\/uploads\\\/2020\\\/04\\\/calidad-aire.jpeg\",\"articleSection\":[\"Arquitectura sostenible\"],\"inLanguage\":\"en-US\",\"potentialAction\":[{\"@type\":\"CommentAction\",\"name\":\"Comment\",\"target\":[\"https:\\\/\\\/cu4arquitectura.com\\\/en\\\/2020\\\/04\\\/09\\\/calidad-del-aire-en-arquitectura\\\/#respond\"]}]},{\"@type\":\"WebPage\",\"@id\":\"https:\\\/\\\/cu4arquitectura.com\\\/en\\\/2020\\\/04\\\/09\\\/calidad-del-aire-en-arquitectura\\\/\",\"url\":\"https:\\\/\\\/cu4arquitectura.com\\\/en\\\/2020\\\/04\\\/09\\\/calidad-del-aire-en-arquitectura\\\/\",\"name\":\"La calidad del aire en arquitectura - CU4 Arquitectos en Valencia | Estudio de arquitectura\",\"isPartOf\":{\"@id\":\"https:\\\/\\\/cu4arquitectura.com\\\/en\\\/#website\"},\"primaryImageOfPage\":{\"@id\":\"https:\\\/\\\/cu4arquitectura.com\\\/en\\\/2020\\\/04\\\/09\\\/calidad-del-aire-en-arquitectura\\\/#primaryimage\"},\"image\":{\"@id\":\"https:\\\/\\\/cu4arquitectura.com\\\/en\\\/2020\\\/04\\\/09\\\/calidad-del-aire-en-arquitectura\\\/#primaryimage\"},\"thumbnailUrl\":\"https:\\\/\\\/cu4arquitectura.com\\\/wp-content\\\/uploads\\\/2020\\\/04\\\/calidad-aire.jpeg\",\"datePublished\":\"2020-04-09T10:39:40+00:00\",\"dateModified\":\"2026-08-03T08:08:38+00:00\",\"description\":\"Pasamos el 90% del tiempo en espacios interiores, donde el aire est\u00e1 m\u00e1s contaminado que en el exterior. La calidad del aire afecta a nuestro bienestar.\",\"breadcrumb\":{\"@id\":\"https:\\\/\\\/cu4arquitectura.com\\\/en\\\/2020\\\/04\\\/09\\\/calidad-del-aire-en-arquitectura\\\/#breadcrumb\"},\"inLanguage\":\"en-US\",\"potentialAction\":[{\"@type\":\"ReadAction\",\"target\":[\"https:\\\/\\\/cu4arquitectura.com\\\/en\\\/2020\\\/04\\\/09\\\/calidad-del-aire-en-arquitectura\\\/\"]}]},{\"@type\":\"ImageObject\",\"inLanguage\":\"en-US\",\"@id\":\"https:\\\/\\\/cu4arquitectura.com\\\/en\\\/2020\\\/04\\\/09\\\/calidad-del-aire-en-arquitectura\\\/#primaryimage\",\"url\":\"https:\\\/\\\/cu4arquitectura.com\\\/wp-content\\\/uploads\\\/2020\\\/04\\\/calidad-aire.jpeg\",\"contentUrl\":\"https:\\\/\\\/cu4arquitectura.com\\\/wp-content\\\/uploads\\\/2020\\\/04\\\/calidad-aire.jpeg\",\"width\":1536,\"height\":1024},{\"@type\":\"BreadcrumbList\",\"@id\":\"https:\\\/\\\/cu4arquitectura.com\\\/en\\\/2020\\\/04\\\/09\\\/calidad-del-aire-en-arquitectura\\\/#breadcrumb\",\"itemListElement\":[{\"@type\":\"ListItem\",\"position\":1,\"name\":\"Portada\",\"item\":\"https:\\\/\\\/cu4arquitectura.com\\\/en\\\/\"},{\"@type\":\"ListItem\",\"position\":2,\"name\":\"La calidad del aire en arquitectura\"}]},{\"@type\":\"WebSite\",\"@id\":\"https:\\\/\\\/cu4arquitectura.com\\\/en\\\/#website\",\"url\":\"https:\\\/\\\/cu4arquitectura.com\\\/en\\\/\",\"name\":\"CU4 Arquitectos en Valencia | Estudio de arquitectura\",\"description\":\"Arquitectos en Valencia | Especializados en espacios a medida para empresas y particulares, dise\u00f1ados para tu bienestar\",\"publisher\":{\"@id\":\"https:\\\/\\\/cu4arquitectura.com\\\/en\\\/#organization\"},\"potentialAction\":[{\"@type\":\"SearchAction\",\"target\":{\"@type\":\"EntryPoint\",\"urlTemplate\":\"https:\\\/\\\/cu4arquitectura.com\\\/en\\\/?s={search_term_string}\"},\"query-input\":{\"@type\":\"PropertyValueSpecification\",\"valueRequired\":true,\"valueName\":\"search_term_string\"}}],\"inLanguage\":\"en-US\"},{\"@type\":\"Organization\",\"@id\":\"https:\\\/\\\/cu4arquitectura.com\\\/en\\\/#organization\",\"name\":\"CU4 Arquitectos en Valencia | Estudio de arquitectura\",\"url\":\"https:\\\/\\\/cu4arquitectura.com\\\/en\\\/\",\"logo\":{\"@type\":\"ImageObject\",\"inLanguage\":\"en-US\",\"@id\":\"https:\\\/\\\/cu4arquitectura.com\\\/en\\\/#\\\/schema\\\/logo\\\/image\\\/\",\"url\":\"https:\\\/\\\/cu4arquitectura.com\\\/wp-content\\\/uploads\\\/2024\\\/01\\\/LOGO_CU4_original.svg\",\"contentUrl\":\"https:\\\/\\\/cu4arquitectura.com\\\/wp-content\\\/uploads\\\/2024\\\/01\\\/LOGO_CU4_original.svg\",\"width\":841,\"height\":595,\"caption\":\"CU4 Arquitectos en Valencia | Estudio de arquitectura\"},\"image\":{\"@id\":\"https:\\\/\\\/cu4arquitectura.com\\\/en\\\/#\\\/schema\\\/logo\\\/image\\\/\"}},{\"@type\":\"Person\",\"@id\":\"https:\\\/\\\/cu4arquitectura.com\\\/en\\\/#\\\/schema\\\/person\\\/cab7e5614eeb0bf71d933154c307cbad\",\"name\":\"cu4_admin\",\"image\":{\"@type\":\"ImageObject\",\"inLanguage\":\"en-US\",\"@id\":\"https:\\\/\\\/secure.gravatar.com\\\/avatar\\\/46fdd98ce0115379d1eed8cb88e5aa19a6581b97ba5db2084f7ed87a818bb40a?s=96&d=mm&r=g\",\"url\":\"https:\\\/\\\/secure.gravatar.com\\\/avatar\\\/46fdd98ce0115379d1eed8cb88e5aa19a6581b97ba5db2084f7ed87a818bb40a?s=96&d=mm&r=g\",\"contentUrl\":\"https:\\\/\\\/secure.gravatar.com\\\/avatar\\\/46fdd98ce0115379d1eed8cb88e5aa19a6581b97ba5db2084f7ed87a818bb40a?s=96&d=mm&r=g\",\"caption\":\"cu4_admin\"},\"sameAs\":[\"https:\\\/\\\/cu4arquitectura.com\"],\"url\":\"https:\\\/\\\/cu4arquitectura.com\\\/en\\\/author\\\/cu4_admin\\\/\"}]}<\/script>\n<!-- \/ Yoast SEO plugin. -->","yoast_head_json":{"title":"La calidad del aire en arquitectura - CU4 Arquitectos en Valencia | Estudio de arquitectura","description":"Pasamos el 90% del tiempo en espacios interiores, donde el aire est\u00e1 m\u00e1s contaminado que en el exterior. La calidad del aire afecta a nuestro bienestar.","robots":{"index":"index","follow":"follow","max-snippet":"max-snippet:-1","max-image-preview":"max-image-preview:large","max-video-preview":"max-video-preview:-1"},"canonical":"https:\/\/cu4arquitectura.com\/en\/2020\/04\/09\/calidad-del-aire-en-arquitectura\/","og_locale":"en_US","og_type":"article","og_title":"La calidad del aire en arquitectura - CU4 Arquitectos en Valencia | Estudio de arquitectura","og_description":"Pasamos el 90% del tiempo en espacios interiores, donde el aire est\u00e1 m\u00e1s contaminado que en el exterior. La calidad del aire afecta a nuestro bienestar.","og_url":"https:\/\/cu4arquitectura.com\/en\/2020\/04\/09\/calidad-del-aire-en-arquitectura\/","og_site_name":"CU4 Arquitectos en Valencia | Estudio de arquitectura","article_published_time":"2020-04-09T10:39:40+00:00","article_modified_time":"2026-08-03T08:08:38+00:00","og_image":[{"width":1536,"height":1024,"url":"https:\/\/cu4arquitectura.com\/wp-content\/uploads\/2020\/04\/calidad-aire.jpeg","type":"image\/jpeg"}],"author":"cu4_admin","twitter_card":"summary_large_image","twitter_misc":{"Written by":"cu4_admin","Est. reading time":"9 minutes"},"schema":{"@context":"https:\/\/schema.org","@graph":[{"@type":"Article","@id":"https:\/\/cu4arquitectura.com\/en\/2020\/04\/09\/calidad-del-aire-en-arquitectura\/#article","isPartOf":{"@id":"https:\/\/cu4arquitectura.com\/en\/2020\/04\/09\/calidad-del-aire-en-arquitectura\/"},"author":{"name":"cu4_admin","@id":"https:\/\/cu4arquitectura.com\/en\/#\/schema\/person\/cab7e5614eeb0bf71d933154c307cbad"},"headline":"La calidad del aire en arquitectura","datePublished":"2020-04-09T10:39:40+00:00","dateModified":"2026-08-03T08:08:38+00:00","mainEntityOfPage":{"@id":"https:\/\/cu4arquitectura.com\/en\/2020\/04\/09\/calidad-del-aire-en-arquitectura\/"},"wordCount":1883,"commentCount":0,"publisher":{"@id":"https:\/\/cu4arquitectura.com\/en\/#organization"},"image":{"@id":"https:\/\/cu4arquitectura.com\/en\/2020\/04\/09\/calidad-del-aire-en-arquitectura\/#primaryimage"},"thumbnailUrl":"https:\/\/cu4arquitectura.com\/wp-content\/uploads\/2020\/04\/calidad-aire.jpeg","articleSection":["Arquitectura sostenible"],"inLanguage":"en-US","potentialAction":[{"@type":"CommentAction","name":"Comment","target":["https:\/\/cu4arquitectura.com\/en\/2020\/04\/09\/calidad-del-aire-en-arquitectura\/#respond"]}]},{"@type":"WebPage","@id":"https:\/\/cu4arquitectura.com\/en\/2020\/04\/09\/calidad-del-aire-en-arquitectura\/","url":"https:\/\/cu4arquitectura.com\/en\/2020\/04\/09\/calidad-del-aire-en-arquitectura\/","name":"La calidad del aire en arquitectura - CU4 Arquitectos en Valencia | Estudio de arquitectura","isPartOf":{"@id":"https:\/\/cu4arquitectura.com\/en\/#website"},"primaryImageOfPage":{"@id":"https:\/\/cu4arquitectura.com\/en\/2020\/04\/09\/calidad-del-aire-en-arquitectura\/#primaryimage"},"image":{"@id":"https:\/\/cu4arquitectura.com\/en\/2020\/04\/09\/calidad-del-aire-en-arquitectura\/#primaryimage"},"thumbnailUrl":"https:\/\/cu4arquitectura.com\/wp-content\/uploads\/2020\/04\/calidad-aire.jpeg","datePublished":"2020-04-09T10:39:40+00:00","dateModified":"2026-08-03T08:08:38+00:00","description":"Pasamos el 90% del tiempo en espacios interiores, donde el aire est\u00e1 m\u00e1s contaminado que en el exterior. La calidad del aire afecta a nuestro bienestar.","breadcrumb":{"@id":"https:\/\/cu4arquitectura.com\/en\/2020\/04\/09\/calidad-del-aire-en-arquitectura\/#breadcrumb"},"inLanguage":"en-US","potentialAction":[{"@type":"ReadAction","target":["https:\/\/cu4arquitectura.com\/en\/2020\/04\/09\/calidad-del-aire-en-arquitectura\/"]}]},{"@type":"ImageObject","inLanguage":"en-US","@id":"https:\/\/cu4arquitectura.com\/en\/2020\/04\/09\/calidad-del-aire-en-arquitectura\/#primaryimage","url":"https:\/\/cu4arquitectura.com\/wp-content\/uploads\/2020\/04\/calidad-aire.jpeg","contentUrl":"https:\/\/cu4arquitectura.com\/wp-content\/uploads\/2020\/04\/calidad-aire.jpeg","width":1536,"height":1024},{"@type":"BreadcrumbList","@id":"https:\/\/cu4arquitectura.com\/en\/2020\/04\/09\/calidad-del-aire-en-arquitectura\/#breadcrumb","itemListElement":[{"@type":"ListItem","position":1,"name":"Portada","item":"https:\/\/cu4arquitectura.com\/en\/"},{"@type":"ListItem","position":2,"name":"La calidad del aire en arquitectura"}]},{"@type":"WebSite","@id":"https:\/\/cu4arquitectura.com\/en\/#website","url":"https:\/\/cu4arquitectura.com\/en\/","name":"CU4 Arquitectos en Valencia | Estudio de arquitectura","description":"Arquitectos en Valencia | Especializados en espacios a medida para empresas y particulares, dise\u00f1ados para tu bienestar","publisher":{"@id":"https:\/\/cu4arquitectura.com\/en\/#organization"},"potentialAction":[{"@type":"SearchAction","target":{"@type":"EntryPoint","urlTemplate":"https:\/\/cu4arquitectura.com\/en\/?s={search_term_string}"},"query-input":{"@type":"PropertyValueSpecification","valueRequired":true,"valueName":"search_term_string"}}],"inLanguage":"en-US"},{"@type":"Organization","@id":"https:\/\/cu4arquitectura.com\/en\/#organization","name":"CU4 Arquitectos en Valencia | Estudio de arquitectura","url":"https:\/\/cu4arquitectura.com\/en\/","logo":{"@type":"ImageObject","inLanguage":"en-US","@id":"https:\/\/cu4arquitectura.com\/en\/#\/schema\/logo\/image\/","url":"https:\/\/cu4arquitectura.com\/wp-content\/uploads\/2024\/01\/LOGO_CU4_original.svg","contentUrl":"https:\/\/cu4arquitectura.com\/wp-content\/uploads\/2024\/01\/LOGO_CU4_original.svg","width":841,"height":595,"caption":"CU4 Arquitectos en Valencia | Estudio de arquitectura"},"image":{"@id":"https:\/\/cu4arquitectura.com\/en\/#\/schema\/logo\/image\/"}},{"@type":"Person","@id":"https:\/\/cu4arquitectura.com\/en\/#\/schema\/person\/cab7e5614eeb0bf71d933154c307cbad","name":"cu4_admin","image":{"@type":"ImageObject","inLanguage":"en-US","@id":"https:\/\/secure.gravatar.com\/avatar\/46fdd98ce0115379d1eed8cb88e5aa19a6581b97ba5db2084f7ed87a818bb40a?s=96&d=mm&r=g","url":"https:\/\/secure.gravatar.com\/avatar\/46fdd98ce0115379d1eed8cb88e5aa19a6581b97ba5db2084f7ed87a818bb40a?s=96&d=mm&r=g","contentUrl":"https:\/\/secure.gravatar.com\/avatar\/46fdd98ce0115379d1eed8cb88e5aa19a6581b97ba5db2084f7ed87a818bb40a?s=96&d=mm&r=g","caption":"cu4_admin"},"sameAs":["https:\/\/cu4arquitectura.com"],"url":"https:\/\/cu4arquitectura.com\/en\/author\/cu4_admin\/"}]}},"_links":{"self":[{"href":"https:\/\/cu4arquitectura.com\/en\/wp-json\/wp\/v2\/posts\/1717","targetHints":{"allow":["GET"]}}],"collection":[{"href":"https:\/\/cu4arquitectura.com\/en\/wp-json\/wp\/v2\/posts"}],"about":[{"href":"https:\/\/cu4arquitectura.com\/en\/wp-json\/wp\/v2\/types\/post"}],"author":[{"embeddable":true,"href":"https:\/\/cu4arquitectura.com\/en\/wp-json\/wp\/v2\/users\/1"}],"replies":[{"embeddable":true,"href":"https:\/\/cu4arquitectura.com\/en\/wp-json\/wp\/v2\/comments?post=1717"}],"version-history":[{"count":8,"href":"https:\/\/cu4arquitectura.com\/en\/wp-json\/wp\/v2\/posts\/1717\/revisions"}],"predecessor-version":[{"id":9505,"href":"https:\/\/cu4arquitectura.com\/en\/wp-json\/wp\/v2\/posts\/1717\/revisions\/9505"}],"wp:featuredmedia":[{"embeddable":true,"href":"https:\/\/cu4arquitectura.com\/en\/wp-json\/wp\/v2\/media\/5651"}],"wp:attachment":[{"href":"https:\/\/cu4arquitectura.com\/en\/wp-json\/wp\/v2\/media?parent=1717"}],"wp:term":[{"taxonomy":"category","embeddable":true,"href":"https:\/\/cu4arquitectura.com\/en\/wp-json\/wp\/v2\/categories?post=1717"},{"taxonomy":"post_tag","embeddable":true,"href":"https:\/\/cu4arquitectura.com\/en\/wp-json\/wp\/v2\/tags?post=1717"}],"curies":[{"name":"wp","href":"https:\/\/api.w.org\/{rel}","templated":true}]}}