{"id":1686,"date":"2020-03-05T10:42:03","date_gmt":"2020-03-05T08:42:03","guid":{"rendered":"https:\/\/www.cu4arquitectura.com\/?p=1686"},"modified":"2026-08-03T09:17:09","modified_gmt":"2026-08-03T09:17:09","slug":"control-solar","status":"publish","type":"post","link":"https:\/\/cu4arquitectura.com\/en\/2020\/03\/05\/control-solar\/","title":{"rendered":"Control solar"},"content":{"rendered":"\n<p class=\"wp-block-paragraph\">\u00a1Hola! \u00bfqu\u00e9 tal? Continuamos desarrollando, con este post sobre el control solar, nuestra categor\u00eda de Arquitectura y Dise\u00f1o de casas.<\/p>\n\n\n\n<p class=\"wp-block-paragraph\">No cabe duda de lo importantes que son el Sol y la Luz para la Arquitectura.<\/p>\n\n\n\n<p class=\"wp-block-paragraph\">Pero tan importante es el soleamiento como su control. De hecho, dependiendo de la \u00e9poca del a\u00f1o en la que nos encontremos nos convendr\u00e1 m\u00e1s o menos el aporte de calor que nos proporciona el Sol. Tambi\u00e9n tendremos que prestar especial inter\u00e9s a las diferentes orientaciones de las fachadas de nuestra vivienda. En nuestro estudio de arquitectura el estudio de la orientaci\u00f3n es de los primeros pasos que damos en cualquier proyecto, mucho antes de plantear la distribuci\u00f3n interior.<\/p>\n\n\n\n<p class=\"wp-block-paragraph\">Por lo tanto, deberemos disponer de sistemas o recursos que nos permitan controlar la cantidad de energ\u00eda solar recibida por nuestros edificios o nuestras viviendas.<\/p>\n\n\n\n<p class=\"wp-block-paragraph\">Estos dispositivos de control solar pueden agruparse en funci\u00f3n de su posici\u00f3n respecto a los planos definidores del espacio arquitect\u00f3nico y en particular de la fachada. En consecuencia encontramos sistemas de control horizontales, verticales y sus posibles combinaciones. A continuaci\u00f3n enumeramos las principales soluciones arquitect\u00f3nicas, como tambi\u00e9n aquellas relacionadas con los nuevos materiales y las soluciones con dispositivos no arquitect\u00f3nicos.<\/p>\n\n\n\n<h6 class=\"wp-block-heading\"><img loading=\"lazy\" decoding=\"async\" src=\"https:\/\/cu4arquitectura.com\/wp-content\/uploads\/2024\/05\/01-Photo-by-chuttersnap-on-Unsplash-1024x684.jpg\" alt=\"\" width=\"1024\" height=\"684\"> Photo by chuttersnap on Unsplash<\/h6>\n\n\n\n<h2 class=\"wp-block-heading\"><strong>SISTEMAS DE CONTROL SOLAR CON DISPOSITIVOS ARQUITECT\u00d3NICOS<\/strong><\/h2>\n\n\n\n<h4 class=\"wp-block-heading\"><strong>CONTROL HORIZONTAL<\/strong><\/h4>\n\n\n\n<h4 class=\"wp-block-heading\">LOS ALEROS<\/h4>\n\n\n\n<p class=\"wp-block-paragraph\">Los aleros son sistemas de protecci\u00f3n solar fijos y horizontales que permiten proteger la fachada y los huecos de un edificio en verano, pero dejan pasar la radiaci\u00f3n solar en invierno. Se trata de un elemento que sobresalga alrededor de un metro sobre la ventana o recorra toda una fachada. Son un m\u00e9todo muy eficaz para evitar que nuestro edificio se caliente excesivamente en verano pudiendo llegar a reducir hasta un 40% la incidencia de la radiaci\u00f3n solar. Es una buena opci\u00f3n a tener en cuenta en viviendas unifamiliares donde, muchas veces, tenemos m\u00e1s libertad a la hora de modificar el exterior.<\/p>\n\n\n\n<p class=\"wp-block-paragraph\">Al tratarse de elementos fijos y horizontales, los aleros no son eficaces en orientaciones oeste y este en las que el sol incide m\u00e1s horizontal. Pero son ideales en la orientaci\u00f3n sur donde el \u00e1ngulo de incidencia es muy superior.<\/p>\n\n\n\n<h4 class=\"wp-block-heading\">CORREDOR O PORCHE<\/h4>\n\n\n\n<p class=\"wp-block-paragraph\">Se trata de un espacio o galer\u00eda cubierta, sostenida por columnas, ubicado a lo largo de una fachada. El p\u00f3rtico forma un espacio de transici\u00f3n entre los espacios abiertos y cerrados, y puede ser un espacio de circulaci\u00f3n exclusivamente o con un uso determinado.<\/p>\n\n\n\n<h4 class=\"wp-block-heading\">PERSIANA HORZONTAL<\/h4>\n\n\n\n<p class=\"wp-block-paragraph\">Consiste en un dispositivo formado por elementos horizontales compuesto por lamas que permiten el paso de la luz y el aire pero no del sol. Las persianas pueden ser exteriores o interiores y fijas o giratorias en su eje horizontal.<\/p>\n\n\n\n<h6 class=\"wp-block-heading\"><a href=\"https:\/\/cu4arquitectura.com\/proyectos\/atico-marva\/\" target=\"_blank\" rel=\"noopener noreferrer\"><img loading=\"lazy\" decoding=\"async\" src=\"https:\/\/cu4arquitectura.com\/wp-content\/uploads\/2024\/05\/02-1024x698.jpg\" alt=\"CONTROL SOLAR\" width=\"1024\" height=\"698\"><\/a> As\u00ed resolvimos el control solar en nuestro proyecto de <a href=\"https:\/\/cu4arquitectura.com\/proyectos\/atico-marva\/\" target=\"_blank\" rel=\"noopener noreferrer\">\u00c1tico Marva<\/a>.<\/h6>\n\n\n\n<h4 class=\"wp-block-heading\">P\u00c9RGOLAS Y VEGETACI\u00d3N<\/h4>\n\n\n\n<p class=\"wp-block-paragraph\">Las p\u00e9rgolas son elementos fijos o estructuras exentas que sobresalen de la fachada. Son permeables a la luz del Sol y, por s\u00ed solas, no son un elemento muy eficaz de protecci\u00f3n frente a la radiaci\u00f3n solar. La clave de las p\u00e9rgolas est\u00e1 en combinarlas con especies vegetales de hoja caduca que crezcan por todas sus superficies. El ciclo de ca\u00edda de las hojas coincidir\u00e1 con las estaciones de invierno y verano y as\u00ed la p\u00e9rgola ser\u00e1 m\u00e1s o menos permeable a la radiaci\u00f3n solar seg\u00fan la \u00e9poca del a\u00f1o. En invierno no habr\u00e1 hojas y dejaremos que el sol caliente el edificio, en verano la p\u00e9rgola estar\u00e1 repleta de hojas y evitar\u00e1 el recalentamiento de nuestra fachada.<\/p>\n\n\n\n<p class=\"wp-block-paragraph\">Adem\u00e1s, durante el d\u00eda, la vegetaci\u00f3n genera un efecto llamado evapotranspiraci\u00f3n que, b\u00e1sicamente, resulta en liberar humedad al ambiente cercano, generando una mayor sensaci\u00f3n de frescor. Por eso, plantar vegetaci\u00f3n de hoja caduca cerca de la fachada de un edificio en climas c\u00e1lidos es buena idea.<\/p>\n\n\n\n<h6 class=\"wp-block-heading has-text-align-center\"><a href=\"https:\/\/cu4arquitectura.com\/wp-content\/uploads\/2024\/05\/03-Photo-by-Jesus-David-Gomez-on-Unsplash-768x1024.jpg\"><img decoding=\"async\" src=\"https:\/\/cu4arquitectura.com\/wp-content\/uploads\/2024\/05\/03-Photo-by-Jesus-David-Gomez-on-Unsplash-768x1024.jpg\" alt=\"CONTROL SOLAR\" style=\"\"><\/a> <\/h6>\n\n\n\n<h6 class=\"wp-block-heading has-text-align-center\">Photo by Jesus David Gomez on Unsplash<\/h6>\n\n\n\n<h4 class=\"wp-block-heading\">LOS TOLDOS<\/h4>\n\n\n\n<p class=\"wp-block-paragraph\">Los toldos son elementos de sobra conocidos y utilizados por todos nosotros. Nuestros edificios est\u00e1n sometidos a la radiaci\u00f3n solar desde que el sol sale hasta que se pone. Por esta raz\u00f3n, los toldos no deben desplegarse exclusivamente cuando veamos que el sol entra por la ventana o por la terraza, si no durante todo el d\u00eda ya que generar\u00e1n una barrera frente a la radiaci\u00f3n solar que, en definitiva, har\u00e1 que los materiales de nuestro edificio se calienten menos.<\/p>\n\n\n\n<p class=\"wp-block-paragraph\">El color de un toldo tambi\u00e9n es muy importante, aunque encontramos toldos de todos los tipos y colores, el color blanco es el que mejor se comporta frente a la radicaci\u00f3n solar ya que es muy reflectante. Entre un toldo oscuro y un toldo blanco, la diferencia en cuanto eficacia puede llegar al 15%. Lo mismo ocurre con la transparencia. As\u00ed, cuanto menos transparente y m\u00e1s claro sea un toldo, mejor funcionar\u00e1.<\/p>\n\n\n\n<h6 class=\"wp-block-heading\"><img loading=\"lazy\" decoding=\"async\" src=\"https:\/\/cu4arquitectura.com\/wp-content\/uploads\/2024\/05\/04-Photo-by-Victoire-Joncheray-on-Unsplash-1024x683.jpg\" alt=\"\" width=\"1024\" height=\"683\"> Photo by Victoire Joncheray on Unsplash<\/h6>\n\n\n\n<h4 class=\"wp-block-heading\"><strong>CONTROL VERTICAL<\/strong><\/h4>\n\n\n\n<h4 class=\"wp-block-heading\">PERSIANAS ENROLLABLES (ALICANTINAS)<\/h4>\n\n\n\n<h6 class=\"wp-block-heading\">Se trata de las tradicionales persianas enrollables de madera o de pl\u00e1stico que pueden llegar a tener una parte horizontal o ser completamente verticales y ajustadas a los huecos de fachada.<a style=\"background-color: #ffffff;\" href=\"http:\/\/persiana-barcelona.com\/\" target=\"_blank\" rel=\"noopener noreferrer\"><img loading=\"lazy\" decoding=\"async\" src=\"https:\/\/cu4arquitectura.com\/wp-content\/uploads\/2024\/05\/05-Persiana-Barcelona.jpg\" alt=\"CONTROL SOLAR\" width=\"980\" height=\"327\"><\/a> Persianas Barcelona<\/h6>\n\n\n\n<h4 class=\"wp-block-heading\">&nbsp;LAMAS Y PERSIANAS REGULABLES<\/h4>\n\n\n\n<p class=\"wp-block-paragraph\">Los sistemas exteriores de lamas regulables, verticales u horizontales, son sistemas m\u00f3viles que resultan muy eficaces como barrera contra la radiaci\u00f3n solar. Estos sistemas se suelen colocar verticalmente, aunque tambi\u00e9n los hay horizontales, y por tanto est\u00e1n especialmente indicados para aquellas orientaciones donde la radiaci\u00f3n solar incide con un \u00e1ngulo menor (orientaci\u00f3n este y oeste).<\/p>\n\n\n\n<p class=\"wp-block-paragraph\">Su principal ventaja es que, aun evitando la entrada de radiaci\u00f3n solar directa, permiten la entrada de luz indirecta, logrando una correcta iluminaci\u00f3n de los interiores. Es importante que se trate de sistemas instalados por el exterior, ya que en el interior, una vez que la radiaci\u00f3n atraviesa un vidrio, solamente servir\u00edan para tamizar la luz pero no evitar\u00e1n el calentamiento de la estancia.<\/p>\n\n\n\n<h6 class=\"wp-block-heading\"><a href=\"https:\/\/www.gradhermetic.com\/\" target=\"_blank\" rel=\"noopener noreferrer\"><img loading=\"lazy\" decoding=\"async\" src=\"https:\/\/cu4arquitectura.com\/wp-content\/uploads\/2024\/05\/06-Gradhermetic-Vivienda-Unifamiliar-Mendez-03-1024x684.jpg\" alt=\"\" width=\"1024\" height=\"684\"><\/a> Celos\u00edas Gradhermetic<\/h6>\n\n\n\n<p class=\"wp-block-paragraph\">FACHADA VENTILADA O SEGUNDA PIEL<\/p>\n\n\n\n<p class=\"wp-block-paragraph\">Los sistemas de lamas no tienen por qu\u00e9 utilizarse tan solo delante de huecos acristalados, tambi\u00e9n pueden utilizarse para forrar toda la fachada de un edificio, como una segunda piel, generando sombra sobre la fachada. El hecho de que sean m\u00f3viles y regulables tambi\u00e9n es un factor muy importante ya que nos permitir\u00e1 ajustarlas o incluso retirarlas seg\u00fan la \u00e9poca del a\u00f1o.<\/p>\n\n\n\n<h6 class=\"wp-block-heading\"><a href=\"https:\/\/www.gradhermetic.com\/\" target=\"_blank\" rel=\"noopener noreferrer\"><img loading=\"lazy\" decoding=\"async\" src=\"https:\/\/cu4arquitectura.com\/wp-content\/uploads\/2024\/05\/07-Gradhermetic-Life-Marina-Ibiza-1024x683.jpg\" alt=\"CONTROL SOLAR\" width=\"1024\" height=\"683\"><\/a> Celos\u00edas Gradhermentic<\/h6>\n\n\n\n<h2 class=\"wp-block-heading\"><strong>SISTEMAS DE CONTROL SOLAR SIN DISPOSITIVOS ARQUITECT\u00d3NICOS<\/strong><\/h2>\n\n\n\n<h4 class=\"wp-block-heading\">AISLAMIENTO Y MASA T\u00c9RMICA<\/h4>\n\n\n\n<p class=\"wp-block-paragraph\">La composici\u00f3n de los cerramientos tambi\u00e9n puede ayudarnos, de forma pasiva, a minorar la incidencia de la radiaci\u00f3n solar. Durante el d\u00eda la masa t\u00e9rmica almacena calor y lo libera durante la noche; en verano esta funci\u00f3n se cumple igualmente, pero el calor acumulado es el de la casa de forma que la mantiene fresca. La masa t\u00e9rmica act\u00faa tambi\u00e9n entre d\u00edas, acumulando calor en d\u00edas calurosos y evacu\u00e1ndolo en d\u00edas nublados. Incluso entre estaciones diferentes, la masa t\u00e9rmica es capaz de equilibrar las diferencias bruscas de temperatura. Es lo que ocurre con los muros de piedra de las iglesias o los muros de gran espesor de las casas de pueblo<\/p>\n\n\n\n<p class=\"wp-block-paragraph\">En viviendas m\u00e1s actuales, para defender la casa del calor y del fr\u00edo el aislamiento t\u00e9rmico es b\u00e1sico.<\/p>\n\n\n\n<h4 class=\"wp-block-heading\">EL COLOR<\/h4>\n\n\n\n<p class=\"wp-block-paragraph\">Muchas veces ni siquiera se nos pasa por la cabeza que el color de la fachada de una vivienda pueda afectar a su calentamiento o enfriamiento, sin embargo, una vivienda con fachada pintada en color blanco puede suponer un ahorro de hasta un 20% en sistemas de refrigeraci\u00f3n. Esto quiere decir que un edificio blanco se calienta menos que otro id\u00e9ntico de color oscuro y, por lo tanto, tambi\u00e9n contribuye a un menor calentamiento de los espacios interiores de nuestra vivienda.<\/p>\n\n\n\n<p class=\"wp-block-paragraph\">El color blanco es muy reflectante, refleja el calor del Sol, pero tambi\u00e9n la luz, y por eso tenemos que tener cuidado cuando utilizamos fachadas muy reflectantes en ciudades o zonas con mucha circulaci\u00f3n de veh\u00edculos o personas, ya que puede provocar un fuerte reflejo y resultar molesto o incluso peligroso seg\u00fan los casos. Por lo general, pintar una fachada de blanco o de un color claro no suele suponer un problema, as\u00ed que es una buena opci\u00f3n para la pr\u00f3xima vez que realices labores de mantenimiento en tu fachada.<\/p>\n\n\n\n<h6 class=\"wp-block-heading\"><img loading=\"lazy\" decoding=\"async\" src=\"https:\/\/cu4arquitectura.com\/wp-content\/uploads\/2024\/05\/08-Photo-by-Nadot-Yannick-on-Unsplash-1024x768.jpg\" alt=\"CONTROL SOLAR\" width=\"1024\" height=\"768\"> Photo by Nadot Yannick on Unsplash<\/h6>\n\n\n\n<h4 class=\"wp-block-heading\">LOS VIDRIOS PARA CONTROL SOLAR<\/h4>\n\n\n\n<p class=\"wp-block-paragraph\">El aislamiento del vidrio o acristalamientos es otro procedimiento necesario: doble vidrio, contraventanas, persianas, paneles o cortinas son elementos adicionales que ayudan a preservar el edificio del calor o del fr\u00edo.<\/p>\n\n\n\n<p class=\"wp-block-paragraph\"><strong>L\u00e1minas de control solar<\/strong><\/p>\n\n\n\n<p class=\"wp-block-paragraph\">Aplicadas cuidadosamente a cualquier tipo de acristalamiento, las l\u00e1minas de control solar a\u00edslan de forma efectiva en invierno y aportan un gran n\u00famero de beneficios durante los meses de verano:<\/p>\n\n\n\n<p class=\"wp-block-paragraph\">&#8211; Reducen considerablemente la entrada de calor (protecci\u00f3n de rayos infrarrojos de hasta el 98 %)- Controlan el deslumbramiento (reduci\u00e9ndolo en un 99 %);- Aportan una reducci\u00f3n importante de los costes de aire acondicionado;- Absorben casi completa de radiaci\u00f3n solar UV.<\/p>\n\n\n\n<p class=\"wp-block-paragraph\">Las l\u00e1minas de control solar mejoran los niveles de aislamiento, reduciendo y hasta eliminando la necesidad de aire acondicionado en determinados casos. Si te interesa profundizar en c\u00f3mo reducir el consumo energ\u00e9tico del resto de la vivienda, tambi\u00e9n hemos escrito sobre <a href=\"https:\/\/cu4arquitectura.com\/2023\/10\/20\/reducir-consumo-energia-hogar\/\">c\u00f3mo reducir el consumo de energ\u00eda en el hogar<\/a>.<\/p>\n\n\n\n<h6 class=\"wp-block-heading\"><img loading=\"lazy\" decoding=\"async\" src=\"https:\/\/cu4arquitectura.com\/wp-content\/uploads\/2024\/05\/09-Photo-by-Shanna-Camilleri-on-Unsplash-1024x768.jpg\" alt=\"CONTROL SOLAR\" width=\"1024\" height=\"768\"> Photo by Shanna Camilleri on Unsplash<\/h6>\n\n\n\n<p class=\"wp-block-paragraph\">Todos los dispositivos comentados han demostrado su eficacia a lo largo de siglos y de diferentes \u00e9pocas, si bien algunos se han ido perfeccionando con el tiempo.<\/p>\n\n\n\n<p class=\"wp-block-paragraph\">En general los dispositivos fijos, como las p\u00e9rgolas y los aleros, o el color de una fachada, tienen una vida \u00fatil mayor y son m\u00e1s econ\u00f3micos.<\/p>\n\n\n\n<p class=\"wp-block-paragraph\">Los dispositivos m\u00f3viles, son m\u00e1s eficaces y adaptables pero necesitan mantenimiento y suelen tener una vida \u00fatil m\u00e1s corta. En nuestros proyectos solemos combinar ambos tipos seg\u00fan la orientaci\u00f3n de cada fachada, en vez de aplicar la misma soluci\u00f3n a toda la vivienda.<\/p>\n\n\n\n<p class=\"wp-block-paragraph\">Todos estos sistemas se pueden implementar sobre edificios ya construidos a modo de mejoras o mediante tareas de mantenimiento en las fachadas y nos pueden suponer un gran ahorro sobre el consumo de nuestros sistemas de refrigeraci\u00f3n. Si adem\u00e1s te interesa la generaci\u00f3n de energ\u00eda propia, tambi\u00e9n le dedicamos un art\u00edculo a los <a href=\"https:\/\/cu4arquitectura.com\/2023\/08\/21\/paneles-solares\/\">paneles solares<\/a>.<\/p>\n\n\n\n<p class=\"wp-block-paragraph\">A diferencia de estos \u00faltimos, los sistemas pasivos comentados, no solo ayudan a mejorar el clima interior y en el entorno pr\u00f3ximo de nuestro edificio, sino que contribuyen a generar una mayor sensaci\u00f3n de confort a la hora de habitarlo, regulando la temperatura, tamizando la luz y creando, en general, un ambiente m\u00e1s saludable y habitable sin necesidad de sistemas de refrigeraci\u00f3n activos como aires acondicionados, etc.<\/p>\n\n\n\n<p class=\"wp-block-paragraph\">Estas soluciones frente a la radiaci\u00f3n solar nos ayudan a climatizar mediante una arquitectura m\u00e1s inteligente, m\u00e1s integrada y respetuosa con el medio ambiente. Si est\u00e1s plante\u00e1ndote aplicar alguna de estas soluciones en tu vivienda, en CU4 contamos con un <a href=\"https:\/\/cu4arquitectura.com\/nuestros-servicios\/diseno-para-particulares\/\">servicio de dise\u00f1o para particulares<\/a> donde estudiamos la orientaci\u00f3n y el clima de cada parcela antes de proponer una soluci\u00f3n.<\/p>\n\n\n\n<p class=\"wp-block-paragraph\">Si os interesa saber m\u00e1s sobre arquitectura puedes leerlo en nuestro <a href=\"https:\/\/cu4arquitectura.com\/blog-arquitectura\/\" target=\"_blank\" rel=\"noopener noreferrer\">blog<\/a>, o ver c\u00f3mo hemos aplicado estos criterios en <a href=\"https:\/\/cu4arquitectura.com\/proyectos-despacho-arquitectura-valencia\/\">nuestro portfolio de proyectos<\/a>.<\/p>\n\n\n\n<p class=\"wp-block-paragraph\">\u00a1HASTA LA PR\u00d3XIMA! \ud83d\ude42<\/p>\n","protected":false},"excerpt":{"rendered":"<p>\u00a1Hola! \u00bfqu\u00e9 tal? Continuamos desarrollando, con este post sobre el control solar, nuestra categor\u00eda de Arquitectura y Dise\u00f1o de casas. No cabe duda de lo importantes que son el Sol y la Luz para la Arquitectura. Pero tan importante es el soleamiento como su control. De hecho, dependiendo de la \u00e9poca del a\u00f1o en la [&hellip;]<\/p>\n","protected":false},"author":1,"featured_media":5470,"comment_status":"open","ping_status":"open","sticky":false,"template":"","format":"standard","meta":{"_acf_changed":false,"footnotes":""},"categories":[2],"tags":[],"class_list":["post-1686","post","type-post","status-publish","format-standard","has-post-thumbnail","hentry","category-como-construir-una-casa"],"acf":[],"yoast_head":"<!-- This site is optimized with the Yoast SEO plugin v27.7 - https:\/\/yoast.com\/product\/yoast-seo-wordpress\/ -->\n<title>Control solar - CU4 Arquitectos en Valencia | Estudio de arquitectura<\/title>\n<meta name=\"description\" content=\"En este POST hablamos sobre diferentes t\u00e9cnicas de CONTROL SOLAR. Con ellas conseguimos, adem\u00e1s de protegerte de la radiaci\u00f3n, crear ambientes especiales.\" \/>\n<meta name=\"robots\" content=\"index, follow, max-snippet:-1, max-image-preview:large, max-video-preview:-1\" \/>\n<link rel=\"canonical\" href=\"https:\/\/cu4arquitectura.com\/en\/2020\/03\/05\/control-solar\/\" \/>\n<meta property=\"og:locale\" content=\"en_US\" \/>\n<meta property=\"og:type\" content=\"article\" \/>\n<meta property=\"og:title\" content=\"Control solar - CU4 Arquitectos en Valencia | Estudio de arquitectura\" \/>\n<meta property=\"og:description\" content=\"En este POST hablamos sobre diferentes t\u00e9cnicas de CONTROL SOLAR. Con ellas conseguimos, adem\u00e1s de protegerte de la radiaci\u00f3n, crear ambientes especiales.\" \/>\n<meta property=\"og:url\" content=\"https:\/\/cu4arquitectura.com\/en\/2020\/03\/05\/control-solar\/\" \/>\n<meta property=\"og:site_name\" content=\"CU4 Arquitectos en Valencia | Estudio de arquitectura\" \/>\n<meta property=\"article:published_time\" content=\"2020-03-05T08:42:03+00:00\" \/>\n<meta property=\"article:modified_time\" content=\"2026-08-03T09:17:09+00:00\" \/>\n<meta property=\"og:image\" content=\"https:\/\/cu4arquitectura.com\/wp-content\/uploads\/2024\/05\/05-Persiana-Barcelona.jpg\" \/>\n\t<meta property=\"og:image:width\" content=\"512\" \/>\n\t<meta property=\"og:image:height\" content=\"171\" \/>\n\t<meta property=\"og:image:type\" content=\"image\/jpeg\" \/>\n<meta name=\"author\" content=\"cu4_admin\" \/>\n<meta name=\"twitter:card\" content=\"summary_large_image\" \/>\n<meta name=\"twitter:label1\" content=\"Written by\" \/>\n\t<meta name=\"twitter:data1\" content=\"cu4_admin\" \/>\n\t<meta name=\"twitter:label2\" content=\"Est. reading time\" \/>\n\t<meta name=\"twitter:data2\" content=\"11 minutes\" \/>\n<script type=\"application\/ld+json\" class=\"yoast-schema-graph\">{\"@context\":\"https:\\\/\\\/schema.org\",\"@graph\":[{\"@type\":\"Article\",\"@id\":\"https:\\\/\\\/cu4arquitectura.com\\\/en\\\/2020\\\/03\\\/05\\\/control-solar\\\/#article\",\"isPartOf\":{\"@id\":\"https:\\\/\\\/cu4arquitectura.com\\\/en\\\/2020\\\/03\\\/05\\\/control-solar\\\/\"},\"author\":{\"name\":\"cu4_admin\",\"@id\":\"https:\\\/\\\/cu4arquitectura.com\\\/en\\\/#\\\/schema\\\/person\\\/cab7e5614eeb0bf71d933154c307cbad\"},\"headline\":\"Control solar\",\"datePublished\":\"2020-03-05T08:42:03+00:00\",\"dateModified\":\"2026-08-03T09:17:09+00:00\",\"mainEntityOfPage\":{\"@id\":\"https:\\\/\\\/cu4arquitectura.com\\\/en\\\/2020\\\/03\\\/05\\\/control-solar\\\/\"},\"wordCount\":1966,\"commentCount\":0,\"publisher\":{\"@id\":\"https:\\\/\\\/cu4arquitectura.com\\\/en\\\/#organization\"},\"image\":{\"@id\":\"https:\\\/\\\/cu4arquitectura.com\\\/en\\\/2020\\\/03\\\/05\\\/control-solar\\\/#primaryimage\"},\"thumbnailUrl\":\"https:\\\/\\\/cu4arquitectura.com\\\/wp-content\\\/uploads\\\/2024\\\/05\\\/05-Persiana-Barcelona.jpg\",\"articleSection\":[\"C\u00f3mo construir una casa\"],\"inLanguage\":\"en-US\",\"potentialAction\":[{\"@type\":\"CommentAction\",\"name\":\"Comment\",\"target\":[\"https:\\\/\\\/cu4arquitectura.com\\\/en\\\/2020\\\/03\\\/05\\\/control-solar\\\/#respond\"]}]},{\"@type\":\"WebPage\",\"@id\":\"https:\\\/\\\/cu4arquitectura.com\\\/en\\\/2020\\\/03\\\/05\\\/control-solar\\\/\",\"url\":\"https:\\\/\\\/cu4arquitectura.com\\\/en\\\/2020\\\/03\\\/05\\\/control-solar\\\/\",\"name\":\"Control solar - CU4 Arquitectos en Valencia | Estudio de arquitectura\",\"isPartOf\":{\"@id\":\"https:\\\/\\\/cu4arquitectura.com\\\/en\\\/#website\"},\"primaryImageOfPage\":{\"@id\":\"https:\\\/\\\/cu4arquitectura.com\\\/en\\\/2020\\\/03\\\/05\\\/control-solar\\\/#primaryimage\"},\"image\":{\"@id\":\"https:\\\/\\\/cu4arquitectura.com\\\/en\\\/2020\\\/03\\\/05\\\/control-solar\\\/#primaryimage\"},\"thumbnailUrl\":\"https:\\\/\\\/cu4arquitectura.com\\\/wp-content\\\/uploads\\\/2024\\\/05\\\/05-Persiana-Barcelona.jpg\",\"datePublished\":\"2020-03-05T08:42:03+00:00\",\"dateModified\":\"2026-08-03T09:17:09+00:00\",\"description\":\"En este POST hablamos sobre diferentes t\u00e9cnicas de CONTROL SOLAR. Con ellas conseguimos, adem\u00e1s de protegerte de la radiaci\u00f3n, crear ambientes especiales.\",\"breadcrumb\":{\"@id\":\"https:\\\/\\\/cu4arquitectura.com\\\/en\\\/2020\\\/03\\\/05\\\/control-solar\\\/#breadcrumb\"},\"inLanguage\":\"en-US\",\"potentialAction\":[{\"@type\":\"ReadAction\",\"target\":[\"https:\\\/\\\/cu4arquitectura.com\\\/en\\\/2020\\\/03\\\/05\\\/control-solar\\\/\"]}]},{\"@type\":\"ImageObject\",\"inLanguage\":\"en-US\",\"@id\":\"https:\\\/\\\/cu4arquitectura.com\\\/en\\\/2020\\\/03\\\/05\\\/control-solar\\\/#primaryimage\",\"url\":\"https:\\\/\\\/cu4arquitectura.com\\\/wp-content\\\/uploads\\\/2024\\\/05\\\/05-Persiana-Barcelona.jpg\",\"contentUrl\":\"https:\\\/\\\/cu4arquitectura.com\\\/wp-content\\\/uploads\\\/2024\\\/05\\\/05-Persiana-Barcelona.jpg\",\"width\":512,\"height\":171},{\"@type\":\"BreadcrumbList\",\"@id\":\"https:\\\/\\\/cu4arquitectura.com\\\/en\\\/2020\\\/03\\\/05\\\/control-solar\\\/#breadcrumb\",\"itemListElement\":[{\"@type\":\"ListItem\",\"position\":1,\"name\":\"Portada\",\"item\":\"https:\\\/\\\/cu4arquitectura.com\\\/en\\\/\"},{\"@type\":\"ListItem\",\"position\":2,\"name\":\"Control solar\"}]},{\"@type\":\"WebSite\",\"@id\":\"https:\\\/\\\/cu4arquitectura.com\\\/en\\\/#website\",\"url\":\"https:\\\/\\\/cu4arquitectura.com\\\/en\\\/\",\"name\":\"CU4 Arquitectos en Valencia | Estudio de arquitectura\",\"description\":\"Arquitectos en Valencia | Especializados en espacios a medida para empresas y particulares, dise\u00f1ados para tu bienestar\",\"publisher\":{\"@id\":\"https:\\\/\\\/cu4arquitectura.com\\\/en\\\/#organization\"},\"potentialAction\":[{\"@type\":\"SearchAction\",\"target\":{\"@type\":\"EntryPoint\",\"urlTemplate\":\"https:\\\/\\\/cu4arquitectura.com\\\/en\\\/?s={search_term_string}\"},\"query-input\":{\"@type\":\"PropertyValueSpecification\",\"valueRequired\":true,\"valueName\":\"search_term_string\"}}],\"inLanguage\":\"en-US\"},{\"@type\":\"Organization\",\"@id\":\"https:\\\/\\\/cu4arquitectura.com\\\/en\\\/#organization\",\"name\":\"CU4 Arquitectos en Valencia | Estudio de arquitectura\",\"url\":\"https:\\\/\\\/cu4arquitectura.com\\\/en\\\/\",\"logo\":{\"@type\":\"ImageObject\",\"inLanguage\":\"en-US\",\"@id\":\"https:\\\/\\\/cu4arquitectura.com\\\/en\\\/#\\\/schema\\\/logo\\\/image\\\/\",\"url\":\"https:\\\/\\\/cu4arquitectura.com\\\/wp-content\\\/uploads\\\/2024\\\/01\\\/LOGO_CU4_original.svg\",\"contentUrl\":\"https:\\\/\\\/cu4arquitectura.com\\\/wp-content\\\/uploads\\\/2024\\\/01\\\/LOGO_CU4_original.svg\",\"width\":841,\"height\":595,\"caption\":\"CU4 Arquitectos en Valencia | Estudio de arquitectura\"},\"image\":{\"@id\":\"https:\\\/\\\/cu4arquitectura.com\\\/en\\\/#\\\/schema\\\/logo\\\/image\\\/\"}},{\"@type\":\"Person\",\"@id\":\"https:\\\/\\\/cu4arquitectura.com\\\/en\\\/#\\\/schema\\\/person\\\/cab7e5614eeb0bf71d933154c307cbad\",\"name\":\"cu4_admin\",\"image\":{\"@type\":\"ImageObject\",\"inLanguage\":\"en-US\",\"@id\":\"https:\\\/\\\/secure.gravatar.com\\\/avatar\\\/46fdd98ce0115379d1eed8cb88e5aa19a6581b97ba5db2084f7ed87a818bb40a?s=96&d=mm&r=g\",\"url\":\"https:\\\/\\\/secure.gravatar.com\\\/avatar\\\/46fdd98ce0115379d1eed8cb88e5aa19a6581b97ba5db2084f7ed87a818bb40a?s=96&d=mm&r=g\",\"contentUrl\":\"https:\\\/\\\/secure.gravatar.com\\\/avatar\\\/46fdd98ce0115379d1eed8cb88e5aa19a6581b97ba5db2084f7ed87a818bb40a?s=96&d=mm&r=g\",\"caption\":\"cu4_admin\"},\"sameAs\":[\"https:\\\/\\\/cu4arquitectura.com\"],\"url\":\"https:\\\/\\\/cu4arquitectura.com\\\/en\\\/author\\\/cu4_admin\\\/\"}]}<\/script>\n<!-- \/ Yoast SEO plugin. -->","yoast_head_json":{"title":"Control solar - CU4 Arquitectos en Valencia | Estudio de arquitectura","description":"En este POST hablamos sobre diferentes t\u00e9cnicas de CONTROL SOLAR. Con ellas conseguimos, adem\u00e1s de protegerte de la radiaci\u00f3n, crear ambientes especiales.","robots":{"index":"index","follow":"follow","max-snippet":"max-snippet:-1","max-image-preview":"max-image-preview:large","max-video-preview":"max-video-preview:-1"},"canonical":"https:\/\/cu4arquitectura.com\/en\/2020\/03\/05\/control-solar\/","og_locale":"en_US","og_type":"article","og_title":"Control solar - CU4 Arquitectos en Valencia | Estudio de arquitectura","og_description":"En este POST hablamos sobre diferentes t\u00e9cnicas de CONTROL SOLAR. Con ellas conseguimos, adem\u00e1s de protegerte de la radiaci\u00f3n, crear ambientes especiales.","og_url":"https:\/\/cu4arquitectura.com\/en\/2020\/03\/05\/control-solar\/","og_site_name":"CU4 Arquitectos en Valencia | Estudio de arquitectura","article_published_time":"2020-03-05T08:42:03+00:00","article_modified_time":"2026-08-03T09:17:09+00:00","og_image":[{"width":512,"height":171,"url":"https:\/\/cu4arquitectura.com\/wp-content\/uploads\/2024\/05\/05-Persiana-Barcelona.jpg","type":"image\/jpeg"}],"author":"cu4_admin","twitter_card":"summary_large_image","twitter_misc":{"Written by":"cu4_admin","Est. reading time":"11 minutes"},"schema":{"@context":"https:\/\/schema.org","@graph":[{"@type":"Article","@id":"https:\/\/cu4arquitectura.com\/en\/2020\/03\/05\/control-solar\/#article","isPartOf":{"@id":"https:\/\/cu4arquitectura.com\/en\/2020\/03\/05\/control-solar\/"},"author":{"name":"cu4_admin","@id":"https:\/\/cu4arquitectura.com\/en\/#\/schema\/person\/cab7e5614eeb0bf71d933154c307cbad"},"headline":"Control solar","datePublished":"2020-03-05T08:42:03+00:00","dateModified":"2026-08-03T09:17:09+00:00","mainEntityOfPage":{"@id":"https:\/\/cu4arquitectura.com\/en\/2020\/03\/05\/control-solar\/"},"wordCount":1966,"commentCount":0,"publisher":{"@id":"https:\/\/cu4arquitectura.com\/en\/#organization"},"image":{"@id":"https:\/\/cu4arquitectura.com\/en\/2020\/03\/05\/control-solar\/#primaryimage"},"thumbnailUrl":"https:\/\/cu4arquitectura.com\/wp-content\/uploads\/2024\/05\/05-Persiana-Barcelona.jpg","articleSection":["C\u00f3mo construir una casa"],"inLanguage":"en-US","potentialAction":[{"@type":"CommentAction","name":"Comment","target":["https:\/\/cu4arquitectura.com\/en\/2020\/03\/05\/control-solar\/#respond"]}]},{"@type":"WebPage","@id":"https:\/\/cu4arquitectura.com\/en\/2020\/03\/05\/control-solar\/","url":"https:\/\/cu4arquitectura.com\/en\/2020\/03\/05\/control-solar\/","name":"Control solar - CU4 Arquitectos en Valencia | Estudio de arquitectura","isPartOf":{"@id":"https:\/\/cu4arquitectura.com\/en\/#website"},"primaryImageOfPage":{"@id":"https:\/\/cu4arquitectura.com\/en\/2020\/03\/05\/control-solar\/#primaryimage"},"image":{"@id":"https:\/\/cu4arquitectura.com\/en\/2020\/03\/05\/control-solar\/#primaryimage"},"thumbnailUrl":"https:\/\/cu4arquitectura.com\/wp-content\/uploads\/2024\/05\/05-Persiana-Barcelona.jpg","datePublished":"2020-03-05T08:42:03+00:00","dateModified":"2026-08-03T09:17:09+00:00","description":"En este POST hablamos sobre diferentes t\u00e9cnicas de CONTROL SOLAR. Con ellas conseguimos, adem\u00e1s de protegerte de la radiaci\u00f3n, crear ambientes especiales.","breadcrumb":{"@id":"https:\/\/cu4arquitectura.com\/en\/2020\/03\/05\/control-solar\/#breadcrumb"},"inLanguage":"en-US","potentialAction":[{"@type":"ReadAction","target":["https:\/\/cu4arquitectura.com\/en\/2020\/03\/05\/control-solar\/"]}]},{"@type":"ImageObject","inLanguage":"en-US","@id":"https:\/\/cu4arquitectura.com\/en\/2020\/03\/05\/control-solar\/#primaryimage","url":"https:\/\/cu4arquitectura.com\/wp-content\/uploads\/2024\/05\/05-Persiana-Barcelona.jpg","contentUrl":"https:\/\/cu4arquitectura.com\/wp-content\/uploads\/2024\/05\/05-Persiana-Barcelona.jpg","width":512,"height":171},{"@type":"BreadcrumbList","@id":"https:\/\/cu4arquitectura.com\/en\/2020\/03\/05\/control-solar\/#breadcrumb","itemListElement":[{"@type":"ListItem","position":1,"name":"Portada","item":"https:\/\/cu4arquitectura.com\/en\/"},{"@type":"ListItem","position":2,"name":"Control solar"}]},{"@type":"WebSite","@id":"https:\/\/cu4arquitectura.com\/en\/#website","url":"https:\/\/cu4arquitectura.com\/en\/","name":"CU4 Arquitectos en Valencia | Estudio de arquitectura","description":"Arquitectos en Valencia | Especializados en espacios a medida para empresas y particulares, dise\u00f1ados para tu bienestar","publisher":{"@id":"https:\/\/cu4arquitectura.com\/en\/#organization"},"potentialAction":[{"@type":"SearchAction","target":{"@type":"EntryPoint","urlTemplate":"https:\/\/cu4arquitectura.com\/en\/?s={search_term_string}"},"query-input":{"@type":"PropertyValueSpecification","valueRequired":true,"valueName":"search_term_string"}}],"inLanguage":"en-US"},{"@type":"Organization","@id":"https:\/\/cu4arquitectura.com\/en\/#organization","name":"CU4 Arquitectos en Valencia | Estudio de arquitectura","url":"https:\/\/cu4arquitectura.com\/en\/","logo":{"@type":"ImageObject","inLanguage":"en-US","@id":"https:\/\/cu4arquitectura.com\/en\/#\/schema\/logo\/image\/","url":"https:\/\/cu4arquitectura.com\/wp-content\/uploads\/2024\/01\/LOGO_CU4_original.svg","contentUrl":"https:\/\/cu4arquitectura.com\/wp-content\/uploads\/2024\/01\/LOGO_CU4_original.svg","width":841,"height":595,"caption":"CU4 Arquitectos en Valencia | Estudio de arquitectura"},"image":{"@id":"https:\/\/cu4arquitectura.com\/en\/#\/schema\/logo\/image\/"}},{"@type":"Person","@id":"https:\/\/cu4arquitectura.com\/en\/#\/schema\/person\/cab7e5614eeb0bf71d933154c307cbad","name":"cu4_admin","image":{"@type":"ImageObject","inLanguage":"en-US","@id":"https:\/\/secure.gravatar.com\/avatar\/46fdd98ce0115379d1eed8cb88e5aa19a6581b97ba5db2084f7ed87a818bb40a?s=96&d=mm&r=g","url":"https:\/\/secure.gravatar.com\/avatar\/46fdd98ce0115379d1eed8cb88e5aa19a6581b97ba5db2084f7ed87a818bb40a?s=96&d=mm&r=g","contentUrl":"https:\/\/secure.gravatar.com\/avatar\/46fdd98ce0115379d1eed8cb88e5aa19a6581b97ba5db2084f7ed87a818bb40a?s=96&d=mm&r=g","caption":"cu4_admin"},"sameAs":["https:\/\/cu4arquitectura.com"],"url":"https:\/\/cu4arquitectura.com\/en\/author\/cu4_admin\/"}]}},"_links":{"self":[{"href":"https:\/\/cu4arquitectura.com\/en\/wp-json\/wp\/v2\/posts\/1686","targetHints":{"allow":["GET"]}}],"collection":[{"href":"https:\/\/cu4arquitectura.com\/en\/wp-json\/wp\/v2\/posts"}],"about":[{"href":"https:\/\/cu4arquitectura.com\/en\/wp-json\/wp\/v2\/types\/post"}],"author":[{"embeddable":true,"href":"https:\/\/cu4arquitectura.com\/en\/wp-json\/wp\/v2\/users\/1"}],"replies":[{"embeddable":true,"href":"https:\/\/cu4arquitectura.com\/en\/wp-json\/wp\/v2\/comments?post=1686"}],"version-history":[{"count":5,"href":"https:\/\/cu4arquitectura.com\/en\/wp-json\/wp\/v2\/posts\/1686\/revisions"}],"predecessor-version":[{"id":9519,"href":"https:\/\/cu4arquitectura.com\/en\/wp-json\/wp\/v2\/posts\/1686\/revisions\/9519"}],"wp:featuredmedia":[{"embeddable":true,"href":"https:\/\/cu4arquitectura.com\/en\/wp-json\/wp\/v2\/media\/5470"}],"wp:attachment":[{"href":"https:\/\/cu4arquitectura.com\/en\/wp-json\/wp\/v2\/media?parent=1686"}],"wp:term":[{"taxonomy":"category","embeddable":true,"href":"https:\/\/cu4arquitectura.com\/en\/wp-json\/wp\/v2\/categories?post=1686"},{"taxonomy":"post_tag","embeddable":true,"href":"https:\/\/cu4arquitectura.com\/en\/wp-json\/wp\/v2\/tags?post=1686"}],"curies":[{"name":"wp","href":"https:\/\/api.w.org\/{rel}","templated":true}]}}