{"id":1639,"date":"2020-02-13T14:52:49","date_gmt":"2020-02-13T12:52:49","guid":{"rendered":"https:\/\/www.cu4arquitectura.com\/?p=1639"},"modified":"2026-08-03T08:07:20","modified_gmt":"2026-08-03T08:07:20","slug":"wellference-2020","status":"publish","type":"post","link":"https:\/\/cu4arquitectura.com\/en\/2020\/02\/13\/wellference-2020\/","title":{"rendered":"Wellference 2020"},"content":{"rendered":"\n<p class=\"has-text-align-left wp-block-paragraph\">El pasado mi\u00e9rcoles 5 de febrero tuvimos la oportunidad de asistir a la WELLFERENCE 2020, el mayor evento WELL. Una jornada profesional enfocada al conocimiento del certificado WELL en el sector inmobiliario, de la construcci\u00f3n, del facility management y de los recursos humanos. En el evento m\u00e1s importante de la salud en edificaci\u00f3n y el bienestar empresarial, que tuvo lugar en el edificio Caixa Forum de Madrid, contamos con la presencia de los mejores profesionales del sector.<\/p>\n\n\n\n<p class=\"wp-block-paragraph\">Queremos contarte en esta entrada algunas de las ideas que se trataron en el primer bloque de intervenciones. Seguro que te pueden ayudar a hacerte una idea m\u00e1s pr\u00f3xima de lo que la arquitectura WELL puede hacer por ti.<\/p>\n\n\n\n<h3 class=\"wp-block-heading\">BREEAM, el certificado de la construcci\u00f3n sostenible<\/h3>\n\n\n\n<p class=\"wp-block-paragraph\">Javier Torralba, director de <a href=\"http:\/\/breeam.es\" target=\"_blank\" rel=\"noopener noreferrer\">BREEAM<\/a> Espa\u00f1a, explic\u00f3 que aplicar el est\u00e1ndar Breeam puede suponer un 2% del coste de la construcci\u00f3n, fij\u00e1ndose el retorno econ\u00f3mico entre 2 y 5 a\u00f1os. Adem\u00e1s, tener un certificado de este tipo puede ayudarnos a obtener una mejor financiaci\u00f3n.<\/p>\n\n\n\n<p class=\"wp-block-paragraph\">Tambi\u00e9n explic\u00f3 el magnifico binomio que forman estos dos est\u00e1ndares y&nbsp; las pasarelas existentes que permiten colaborar entre ambos procesos de certificaci\u00f3n, gener\u00e1ndose una sinergia que ADEM\u00c1S DE CUIDAR EL PLANETA CUIDA DE LA SALUD.<\/p>\n\n\n\n<h3 class=\"wp-block-heading\">SIBER, ventilaci\u00f3n inteligente<\/h3>\n\n\n\n<p class=\"wp-block-paragraph\">Carlos Castella vino a la Wellference por parte de la empresa <a href=\"https:\/\/www.siberzone.es\/\" target=\"_blank\" rel=\"noopener noreferrer\">SIBER<\/a>,dedicada a la ventilaci\u00f3n, ya que uno de los conceptos que m\u00e1s influyen en el bienestar de cualquier espacio, es la calidad del aire. De hecho, hay&nbsp;<a style=\"color: #003366;\" href=\"https:\/\/www.epa.gov\/report-environment\/indoor-air-quality\" target=\"_blank\" rel=\"noopener noreferrer\">estad\u00edsticas<\/a>&nbsp;que apuntan a que existen algunas part\u00edculas contaminantes cuya concentraci\u00f3n en el interior de los hogares es entre dos y cinco veces mayor que la del exterior.<\/p>\n\n\n\n<p class=\"wp-block-paragraph\">Castella nos habl\u00f3 sobre los sistemas de renovaci\u00f3n de aire de doble flujo autoregulables y los hidroregulables. Con un buen sistema ventilaci\u00f3n, adem\u00e1s de mejorar la calidad del aire que respiramos en casa y en el trabajo, podemos aumentar la eficiencia energ\u00e9tica.<\/p>\n\n\n\n<h3 class=\"wp-block-heading\">DEERNS, ideas innovadoras para un mundo en constante cambio<\/h3>\n\n\n\n<p class=\"wp-block-paragraph\">Gala Fombella y Miguel Castellv\u00ed de la empresa <a style=\"color: #003366; text-decoration: underline;\" href=\"https:\/\/www.deerns.es\/\" target=\"_blank\" rel=\"noopener noreferrer\">Deerns<\/a>, hablaron del est\u00e1ndar WELL y los SMARTBUILDINGS. Explicaban que apoy\u00e1ndonos en la sostenibilidad, podemos dar un salto m\u00e1s orientado hacia las personas.<\/p>\n\n\n\n<p class=\"wp-block-paragraph\">Adem\u00e1s, nos mostraron el trabajo realizado en la sede de Deloitte de JP van Eesteren. Este es un ejemplo que demuestra que la REHABILITACI\u00d3N de los edificios es un valor important\u00edsimo de econom\u00eda circular.<\/p>\n\n\n\n<p class=\"wp-block-paragraph\">LLED\u00d3, iluminaci\u00f3n saludable<\/p>\n\n\n\n<p class=\"wp-block-paragraph\">Blanca Ca\u00f1adas, WellAP del <a href=\"https:\/\/lledogrupo.com\/\" target=\"_blank\" rel=\"noopener noreferrer\">Grupo Lled\u00f3<\/a>, nos explic\u00f3 el impacto de la luz en nuestra biologia. Esta, con su espectro azul o con su espectro rojo, influye en la producci\u00f3n de serotonina y melatonina. Pues la luz del sol no tiene el mismo color por la ma\u00f1ana y por la noche, dado que las necesidades no son las mismas en un momento u otro. En cambio, la luz el\u00e9ctrica de los espacios que habitamos no es respetuosa con el ritmo circadiano por el que nos regimos las personas.<\/p>\n\n\n\n<p class=\"wp-block-paragraph\">Adem\u00e1s, para lograr un buen nivel de bienestar en el interior de los edificios, deberemos controlar los niveles de luz natural y artificial, y evitar los posibles deslumbramientos.<\/p>\n\n\n\n<p class=\"wp-block-paragraph\">Mas adelante ampliaremos informaci\u00f3n en un nuevo post sobre este tema. Veremos aspectos tales como evitar dolores de cabeza debidas a la iluminaci\u00f3n interior, o c\u00f3mo conseguir que los colores se vean igual que con la luz solar.<\/p>\n\n\n\n<h3 class=\"wp-block-heading\">ACTIU, espacios de trabajo orientados a generar bienestar<\/h3>\n\n\n\n<p class=\"wp-block-paragraph\">Soledat Berbegal, consejera y responsable de reputaci\u00f3n corporativa, y Pablo Amor\u00f3s, responsable de bienestar corporativo de <a href=\"https:\/\/www.actiu.com\/es\/\" target=\"_blank\" rel=\"noopener noreferrer\">ACTIU<\/a>, nos hablaron de los pilares del bienestar.<\/p>\n\n\n\n<p class=\"wp-block-paragraph\">Quiz\u00e1s estemos m\u00e1s acostumbrados a conceptos como el bienestar emocional, el bienestar f\u00edsico, e incluso el nutricional. Pero otro pilar fundamentar del bienestar es el espacial.<\/p>\n\n\n\n<p class=\"wp-block-paragraph\">Conocer c\u00f3mo los espacios interiores, en los que pasamos m\u00e1s del 90% de nuestro tiempo, impactan en nuestra salud es posible. El grado de bienestar que ofrecen los espacios construidos puede medirse a trav\u00e9s de la certificaci\u00f3n WELL. As\u00ed nos lo contaron y celebramos la reciente certificaci\u00f3n WELL Platino.<\/p>\n\n\n\n<p class=\"wp-block-paragraph\">ENHORABUENA!<\/p>\n\n\n\n<p class=\"wp-block-paragraph\">En este punto llegamos al final de la primera ronda de ponencias de la WELLFERENCE 2020. Los conceptos tratados los iremos ampliando y desarrollando en posts independientes de la categor\u00eda <a href=\"https:\/\/cu4well.com\/\" type=\"link\" id=\"https:\/\/cu4well.com\/\">Arquitectura Saludable<\/a> de nuestro Blog.<\/p>\n\n\n\n<p class=\"wp-block-paragraph\">Esperamos que os haya resultado tan interesante como a nosotros!!<\/p>\n\n\n\n<p class=\"wp-block-paragraph\">Si quieres seguir leyendo art\u00edculos relacionados con la Arquitectura, pincha en nuestro <a href=\"https:\/\/www.cu4arquitectura.com\/blog\/\">BLOG<\/a> y no te pierdas nada \ud83d\ude42<\/p>\n\n\n\n<figure class=\"wp-block-image\"><img decoding=\"async\" src=\"https:\/\/cu4arquitectura.com\/wp-content\/uploads\/2024\/05\/Foto-7-2-20-17-06-54-1024x682.jpg\" alt=\"WELLFERENCE\" title=\"WELLFERENCE\"\/><\/figure>\n\n\n\n<figure class=\"wp-block-image\"><img decoding=\"async\" src=\"https:\/\/cu4arquitectura.com\/wp-content\/uploads\/2024\/05\/Foto-5-2-20-9-31-36-1024x768.jpg\" alt=\"CU4 arquitectura en la WELLFERENCE\" title=\"CU4 arquitectura en la WELLFERENCE\"\/><\/figure>\n\n\n\n<figure class=\"wp-block-image\"><img decoding=\"async\" src=\"https:\/\/cu4arquitectura.com\/wp-content\/uploads\/2024\/05\/Wellference012-1024x768.jpg\" alt=\"\"\/><\/figure>\n\n\n\n<figure class=\"wp-block-image\"><img decoding=\"async\" src=\"https:\/\/cu4arquitectura.com\/wp-content\/uploads\/2024\/05\/Foto-7-2-20-17-07-01-1024x682.jpg\" alt=\"\"\/><\/figure>\n\n\n\n<figure class=\"wp-block-image\"><img decoding=\"async\" src=\"https:\/\/cu4arquitectura.com\/wp-content\/uploads\/2024\/05\/Foto-5-2-20-10-09-35-1024x768.jpg\" alt=\"WELLFERENCE\" title=\"WELLFERENCE\"\/><\/figure>\n","protected":false},"excerpt":{"rendered":"<p>El pasado mi\u00e9rcoles 5 de febrero tuvimos la oportunidad de asistir a la WELLFERENCE 2020, el mayor evento WELL. Una jornada profesional enfocada al conocimiento del certificado WELL en el sector inmobiliario, de la construcci\u00f3n, del facility management y de los recursos humanos. En el evento m\u00e1s importante de la salud en edificaci\u00f3n y el [&hellip;]<\/p>\n","protected":false},"author":1,"featured_media":5653,"comment_status":"open","ping_status":"open","sticky":false,"template":"","format":"standard","meta":{"_acf_changed":false,"footnotes":""},"categories":[6],"tags":[],"class_list":["post-1639","post","type-post","status-publish","format-standard","has-post-thumbnail","hentry","category-cu4"],"acf":[],"yoast_head":"<!-- This site is optimized with the Yoast SEO plugin v27.7 - https:\/\/yoast.com\/product\/yoast-seo-wordpress\/ -->\n<title>Wellference 2020 - CU4 Arquitectos en Valencia | Estudio de arquitectura<\/title>\n<meta name=\"description\" content=\"CU4 en WELLFERENCE 2020. Una jornada profesional enfocada al conocimiento del certificado WELL en el sector inmobiliario, de la construcci\u00f3n.\" \/>\n<meta name=\"robots\" content=\"index, follow, max-snippet:-1, max-image-preview:large, max-video-preview:-1\" \/>\n<link rel=\"canonical\" href=\"https:\/\/cu4arquitectura.com\/en\/2020\/02\/13\/wellference-2020\/\" \/>\n<meta property=\"og:locale\" content=\"en_US\" \/>\n<meta property=\"og:type\" content=\"article\" \/>\n<meta property=\"og:title\" content=\"Wellference 2020 - CU4 Arquitectos en Valencia | Estudio de arquitectura\" \/>\n<meta property=\"og:description\" content=\"CU4 en WELLFERENCE 2020. Una jornada profesional enfocada al conocimiento del certificado WELL en el sector inmobiliario, de la construcci\u00f3n.\" \/>\n<meta property=\"og:url\" content=\"https:\/\/cu4arquitectura.com\/en\/2020\/02\/13\/wellference-2020\/\" \/>\n<meta property=\"og:site_name\" content=\"CU4 Arquitectos en Valencia | Estudio de arquitectura\" \/>\n<meta property=\"article:published_time\" content=\"2020-02-13T12:52:49+00:00\" \/>\n<meta property=\"article:modified_time\" content=\"2026-08-03T08:07:20+00:00\" \/>\n<meta property=\"og:image\" content=\"https:\/\/cu4arquitectura.com\/wp-content\/uploads\/2020\/02\/WELLFERENCE-2020.jpeg\" \/>\n\t<meta property=\"og:image:width\" content=\"900\" \/>\n\t<meta property=\"og:image:height\" content=\"667\" \/>\n\t<meta property=\"og:image:type\" content=\"image\/jpeg\" \/>\n<meta name=\"author\" content=\"cu4_admin\" \/>\n<meta name=\"twitter:card\" content=\"summary_large_image\" \/>\n<meta name=\"twitter:label1\" content=\"Written by\" \/>\n\t<meta name=\"twitter:data1\" content=\"cu4_admin\" \/>\n\t<meta name=\"twitter:label2\" content=\"Est. reading time\" \/>\n\t<meta name=\"twitter:data2\" content=\"5 minutes\" \/>\n<script type=\"application\/ld+json\" class=\"yoast-schema-graph\">{\"@context\":\"https:\\\/\\\/schema.org\",\"@graph\":[{\"@type\":\"Article\",\"@id\":\"https:\\\/\\\/cu4arquitectura.com\\\/en\\\/2020\\\/02\\\/13\\\/wellference-2020\\\/#article\",\"isPartOf\":{\"@id\":\"https:\\\/\\\/cu4arquitectura.com\\\/en\\\/2020\\\/02\\\/13\\\/wellference-2020\\\/\"},\"author\":{\"name\":\"cu4_admin\",\"@id\":\"https:\\\/\\\/cu4arquitectura.com\\\/en\\\/#\\\/schema\\\/person\\\/cab7e5614eeb0bf71d933154c307cbad\"},\"headline\":\"Wellference 2020\",\"datePublished\":\"2020-02-13T12:52:49+00:00\",\"dateModified\":\"2026-08-03T08:07:20+00:00\",\"mainEntityOfPage\":{\"@id\":\"https:\\\/\\\/cu4arquitectura.com\\\/en\\\/2020\\\/02\\\/13\\\/wellference-2020\\\/\"},\"wordCount\":771,\"commentCount\":0,\"publisher\":{\"@id\":\"https:\\\/\\\/cu4arquitectura.com\\\/en\\\/#organization\"},\"image\":{\"@id\":\"https:\\\/\\\/cu4arquitectura.com\\\/en\\\/2020\\\/02\\\/13\\\/wellference-2020\\\/#primaryimage\"},\"thumbnailUrl\":\"https:\\\/\\\/cu4arquitectura.com\\\/wp-content\\\/uploads\\\/2020\\\/02\\\/WELLFERENCE-2020.jpeg\",\"articleSection\":[\"CU4 Arquitectura\"],\"inLanguage\":\"en-US\",\"potentialAction\":[{\"@type\":\"CommentAction\",\"name\":\"Comment\",\"target\":[\"https:\\\/\\\/cu4arquitectura.com\\\/en\\\/2020\\\/02\\\/13\\\/wellference-2020\\\/#respond\"]}]},{\"@type\":\"WebPage\",\"@id\":\"https:\\\/\\\/cu4arquitectura.com\\\/en\\\/2020\\\/02\\\/13\\\/wellference-2020\\\/\",\"url\":\"https:\\\/\\\/cu4arquitectura.com\\\/en\\\/2020\\\/02\\\/13\\\/wellference-2020\\\/\",\"name\":\"Wellference 2020 - CU4 Arquitectos en Valencia | Estudio de arquitectura\",\"isPartOf\":{\"@id\":\"https:\\\/\\\/cu4arquitectura.com\\\/en\\\/#website\"},\"primaryImageOfPage\":{\"@id\":\"https:\\\/\\\/cu4arquitectura.com\\\/en\\\/2020\\\/02\\\/13\\\/wellference-2020\\\/#primaryimage\"},\"image\":{\"@id\":\"https:\\\/\\\/cu4arquitectura.com\\\/en\\\/2020\\\/02\\\/13\\\/wellference-2020\\\/#primaryimage\"},\"thumbnailUrl\":\"https:\\\/\\\/cu4arquitectura.com\\\/wp-content\\\/uploads\\\/2020\\\/02\\\/WELLFERENCE-2020.jpeg\",\"datePublished\":\"2020-02-13T12:52:49+00:00\",\"dateModified\":\"2026-08-03T08:07:20+00:00\",\"description\":\"CU4 en WELLFERENCE 2020. Una jornada profesional enfocada al conocimiento del certificado WELL en el sector inmobiliario, de la construcci\u00f3n.\",\"breadcrumb\":{\"@id\":\"https:\\\/\\\/cu4arquitectura.com\\\/en\\\/2020\\\/02\\\/13\\\/wellference-2020\\\/#breadcrumb\"},\"inLanguage\":\"en-US\",\"potentialAction\":[{\"@type\":\"ReadAction\",\"target\":[\"https:\\\/\\\/cu4arquitectura.com\\\/en\\\/2020\\\/02\\\/13\\\/wellference-2020\\\/\"]}]},{\"@type\":\"ImageObject\",\"inLanguage\":\"en-US\",\"@id\":\"https:\\\/\\\/cu4arquitectura.com\\\/en\\\/2020\\\/02\\\/13\\\/wellference-2020\\\/#primaryimage\",\"url\":\"https:\\\/\\\/cu4arquitectura.com\\\/wp-content\\\/uploads\\\/2020\\\/02\\\/WELLFERENCE-2020.jpeg\",\"contentUrl\":\"https:\\\/\\\/cu4arquitectura.com\\\/wp-content\\\/uploads\\\/2020\\\/02\\\/WELLFERENCE-2020.jpeg\",\"width\":900,\"height\":667},{\"@type\":\"BreadcrumbList\",\"@id\":\"https:\\\/\\\/cu4arquitectura.com\\\/en\\\/2020\\\/02\\\/13\\\/wellference-2020\\\/#breadcrumb\",\"itemListElement\":[{\"@type\":\"ListItem\",\"position\":1,\"name\":\"Portada\",\"item\":\"https:\\\/\\\/cu4arquitectura.com\\\/en\\\/\"},{\"@type\":\"ListItem\",\"position\":2,\"name\":\"Wellference 2020\"}]},{\"@type\":\"WebSite\",\"@id\":\"https:\\\/\\\/cu4arquitectura.com\\\/en\\\/#website\",\"url\":\"https:\\\/\\\/cu4arquitectura.com\\\/en\\\/\",\"name\":\"CU4 Arquitectos en Valencia | Estudio de arquitectura\",\"description\":\"Arquitectos en Valencia | Especializados en espacios a medida para empresas y particulares, dise\u00f1ados para tu bienestar\",\"publisher\":{\"@id\":\"https:\\\/\\\/cu4arquitectura.com\\\/en\\\/#organization\"},\"potentialAction\":[{\"@type\":\"SearchAction\",\"target\":{\"@type\":\"EntryPoint\",\"urlTemplate\":\"https:\\\/\\\/cu4arquitectura.com\\\/en\\\/?s={search_term_string}\"},\"query-input\":{\"@type\":\"PropertyValueSpecification\",\"valueRequired\":true,\"valueName\":\"search_term_string\"}}],\"inLanguage\":\"en-US\"},{\"@type\":\"Organization\",\"@id\":\"https:\\\/\\\/cu4arquitectura.com\\\/en\\\/#organization\",\"name\":\"CU4 Arquitectos en Valencia | Estudio de arquitectura\",\"url\":\"https:\\\/\\\/cu4arquitectura.com\\\/en\\\/\",\"logo\":{\"@type\":\"ImageObject\",\"inLanguage\":\"en-US\",\"@id\":\"https:\\\/\\\/cu4arquitectura.com\\\/en\\\/#\\\/schema\\\/logo\\\/image\\\/\",\"url\":\"https:\\\/\\\/cu4arquitectura.com\\\/wp-content\\\/uploads\\\/2024\\\/01\\\/LOGO_CU4_original.svg\",\"contentUrl\":\"https:\\\/\\\/cu4arquitectura.com\\\/wp-content\\\/uploads\\\/2024\\\/01\\\/LOGO_CU4_original.svg\",\"width\":841,\"height\":595,\"caption\":\"CU4 Arquitectos en Valencia | Estudio de arquitectura\"},\"image\":{\"@id\":\"https:\\\/\\\/cu4arquitectura.com\\\/en\\\/#\\\/schema\\\/logo\\\/image\\\/\"}},{\"@type\":\"Person\",\"@id\":\"https:\\\/\\\/cu4arquitectura.com\\\/en\\\/#\\\/schema\\\/person\\\/cab7e5614eeb0bf71d933154c307cbad\",\"name\":\"cu4_admin\",\"image\":{\"@type\":\"ImageObject\",\"inLanguage\":\"en-US\",\"@id\":\"https:\\\/\\\/secure.gravatar.com\\\/avatar\\\/46fdd98ce0115379d1eed8cb88e5aa19a6581b97ba5db2084f7ed87a818bb40a?s=96&d=mm&r=g\",\"url\":\"https:\\\/\\\/secure.gravatar.com\\\/avatar\\\/46fdd98ce0115379d1eed8cb88e5aa19a6581b97ba5db2084f7ed87a818bb40a?s=96&d=mm&r=g\",\"contentUrl\":\"https:\\\/\\\/secure.gravatar.com\\\/avatar\\\/46fdd98ce0115379d1eed8cb88e5aa19a6581b97ba5db2084f7ed87a818bb40a?s=96&d=mm&r=g\",\"caption\":\"cu4_admin\"},\"sameAs\":[\"https:\\\/\\\/cu4arquitectura.com\"],\"url\":\"https:\\\/\\\/cu4arquitectura.com\\\/en\\\/author\\\/cu4_admin\\\/\"}]}<\/script>\n<!-- \/ Yoast SEO plugin. -->","yoast_head_json":{"title":"Wellference 2020 - CU4 Arquitectos en Valencia | Estudio de arquitectura","description":"CU4 en WELLFERENCE 2020. Una jornada profesional enfocada al conocimiento del certificado WELL en el sector inmobiliario, de la construcci\u00f3n.","robots":{"index":"index","follow":"follow","max-snippet":"max-snippet:-1","max-image-preview":"max-image-preview:large","max-video-preview":"max-video-preview:-1"},"canonical":"https:\/\/cu4arquitectura.com\/en\/2020\/02\/13\/wellference-2020\/","og_locale":"en_US","og_type":"article","og_title":"Wellference 2020 - CU4 Arquitectos en Valencia | Estudio de arquitectura","og_description":"CU4 en WELLFERENCE 2020. Una jornada profesional enfocada al conocimiento del certificado WELL en el sector inmobiliario, de la construcci\u00f3n.","og_url":"https:\/\/cu4arquitectura.com\/en\/2020\/02\/13\/wellference-2020\/","og_site_name":"CU4 Arquitectos en Valencia | Estudio de arquitectura","article_published_time":"2020-02-13T12:52:49+00:00","article_modified_time":"2026-08-03T08:07:20+00:00","og_image":[{"width":900,"height":667,"url":"https:\/\/cu4arquitectura.com\/wp-content\/uploads\/2020\/02\/WELLFERENCE-2020.jpeg","type":"image\/jpeg"}],"author":"cu4_admin","twitter_card":"summary_large_image","twitter_misc":{"Written by":"cu4_admin","Est. reading time":"5 minutes"},"schema":{"@context":"https:\/\/schema.org","@graph":[{"@type":"Article","@id":"https:\/\/cu4arquitectura.com\/en\/2020\/02\/13\/wellference-2020\/#article","isPartOf":{"@id":"https:\/\/cu4arquitectura.com\/en\/2020\/02\/13\/wellference-2020\/"},"author":{"name":"cu4_admin","@id":"https:\/\/cu4arquitectura.com\/en\/#\/schema\/person\/cab7e5614eeb0bf71d933154c307cbad"},"headline":"Wellference 2020","datePublished":"2020-02-13T12:52:49+00:00","dateModified":"2026-08-03T08:07:20+00:00","mainEntityOfPage":{"@id":"https:\/\/cu4arquitectura.com\/en\/2020\/02\/13\/wellference-2020\/"},"wordCount":771,"commentCount":0,"publisher":{"@id":"https:\/\/cu4arquitectura.com\/en\/#organization"},"image":{"@id":"https:\/\/cu4arquitectura.com\/en\/2020\/02\/13\/wellference-2020\/#primaryimage"},"thumbnailUrl":"https:\/\/cu4arquitectura.com\/wp-content\/uploads\/2020\/02\/WELLFERENCE-2020.jpeg","articleSection":["CU4 Arquitectura"],"inLanguage":"en-US","potentialAction":[{"@type":"CommentAction","name":"Comment","target":["https:\/\/cu4arquitectura.com\/en\/2020\/02\/13\/wellference-2020\/#respond"]}]},{"@type":"WebPage","@id":"https:\/\/cu4arquitectura.com\/en\/2020\/02\/13\/wellference-2020\/","url":"https:\/\/cu4arquitectura.com\/en\/2020\/02\/13\/wellference-2020\/","name":"Wellference 2020 - CU4 Arquitectos en Valencia | Estudio de arquitectura","isPartOf":{"@id":"https:\/\/cu4arquitectura.com\/en\/#website"},"primaryImageOfPage":{"@id":"https:\/\/cu4arquitectura.com\/en\/2020\/02\/13\/wellference-2020\/#primaryimage"},"image":{"@id":"https:\/\/cu4arquitectura.com\/en\/2020\/02\/13\/wellference-2020\/#primaryimage"},"thumbnailUrl":"https:\/\/cu4arquitectura.com\/wp-content\/uploads\/2020\/02\/WELLFERENCE-2020.jpeg","datePublished":"2020-02-13T12:52:49+00:00","dateModified":"2026-08-03T08:07:20+00:00","description":"CU4 en WELLFERENCE 2020. Una jornada profesional enfocada al conocimiento del certificado WELL en el sector inmobiliario, de la construcci\u00f3n.","breadcrumb":{"@id":"https:\/\/cu4arquitectura.com\/en\/2020\/02\/13\/wellference-2020\/#breadcrumb"},"inLanguage":"en-US","potentialAction":[{"@type":"ReadAction","target":["https:\/\/cu4arquitectura.com\/en\/2020\/02\/13\/wellference-2020\/"]}]},{"@type":"ImageObject","inLanguage":"en-US","@id":"https:\/\/cu4arquitectura.com\/en\/2020\/02\/13\/wellference-2020\/#primaryimage","url":"https:\/\/cu4arquitectura.com\/wp-content\/uploads\/2020\/02\/WELLFERENCE-2020.jpeg","contentUrl":"https:\/\/cu4arquitectura.com\/wp-content\/uploads\/2020\/02\/WELLFERENCE-2020.jpeg","width":900,"height":667},{"@type":"BreadcrumbList","@id":"https:\/\/cu4arquitectura.com\/en\/2020\/02\/13\/wellference-2020\/#breadcrumb","itemListElement":[{"@type":"ListItem","position":1,"name":"Portada","item":"https:\/\/cu4arquitectura.com\/en\/"},{"@type":"ListItem","position":2,"name":"Wellference 2020"}]},{"@type":"WebSite","@id":"https:\/\/cu4arquitectura.com\/en\/#website","url":"https:\/\/cu4arquitectura.com\/en\/","name":"CU4 Arquitectos en Valencia | Estudio de arquitectura","description":"Arquitectos en Valencia | Especializados en espacios a medida para empresas y particulares, dise\u00f1ados para tu bienestar","publisher":{"@id":"https:\/\/cu4arquitectura.com\/en\/#organization"},"potentialAction":[{"@type":"SearchAction","target":{"@type":"EntryPoint","urlTemplate":"https:\/\/cu4arquitectura.com\/en\/?s={search_term_string}"},"query-input":{"@type":"PropertyValueSpecification","valueRequired":true,"valueName":"search_term_string"}}],"inLanguage":"en-US"},{"@type":"Organization","@id":"https:\/\/cu4arquitectura.com\/en\/#organization","name":"CU4 Arquitectos en Valencia | Estudio de arquitectura","url":"https:\/\/cu4arquitectura.com\/en\/","logo":{"@type":"ImageObject","inLanguage":"en-US","@id":"https:\/\/cu4arquitectura.com\/en\/#\/schema\/logo\/image\/","url":"https:\/\/cu4arquitectura.com\/wp-content\/uploads\/2024\/01\/LOGO_CU4_original.svg","contentUrl":"https:\/\/cu4arquitectura.com\/wp-content\/uploads\/2024\/01\/LOGO_CU4_original.svg","width":841,"height":595,"caption":"CU4 Arquitectos en Valencia | Estudio de arquitectura"},"image":{"@id":"https:\/\/cu4arquitectura.com\/en\/#\/schema\/logo\/image\/"}},{"@type":"Person","@id":"https:\/\/cu4arquitectura.com\/en\/#\/schema\/person\/cab7e5614eeb0bf71d933154c307cbad","name":"cu4_admin","image":{"@type":"ImageObject","inLanguage":"en-US","@id":"https:\/\/secure.gravatar.com\/avatar\/46fdd98ce0115379d1eed8cb88e5aa19a6581b97ba5db2084f7ed87a818bb40a?s=96&d=mm&r=g","url":"https:\/\/secure.gravatar.com\/avatar\/46fdd98ce0115379d1eed8cb88e5aa19a6581b97ba5db2084f7ed87a818bb40a?s=96&d=mm&r=g","contentUrl":"https:\/\/secure.gravatar.com\/avatar\/46fdd98ce0115379d1eed8cb88e5aa19a6581b97ba5db2084f7ed87a818bb40a?s=96&d=mm&r=g","caption":"cu4_admin"},"sameAs":["https:\/\/cu4arquitectura.com"],"url":"https:\/\/cu4arquitectura.com\/en\/author\/cu4_admin\/"}]}},"_links":{"self":[{"href":"https:\/\/cu4arquitectura.com\/en\/wp-json\/wp\/v2\/posts\/1639","targetHints":{"allow":["GET"]}}],"collection":[{"href":"https:\/\/cu4arquitectura.com\/en\/wp-json\/wp\/v2\/posts"}],"about":[{"href":"https:\/\/cu4arquitectura.com\/en\/wp-json\/wp\/v2\/types\/post"}],"author":[{"embeddable":true,"href":"https:\/\/cu4arquitectura.com\/en\/wp-json\/wp\/v2\/users\/1"}],"replies":[{"embeddable":true,"href":"https:\/\/cu4arquitectura.com\/en\/wp-json\/wp\/v2\/comments?post=1639"}],"version-history":[{"count":5,"href":"https:\/\/cu4arquitectura.com\/en\/wp-json\/wp\/v2\/posts\/1639\/revisions"}],"predecessor-version":[{"id":9504,"href":"https:\/\/cu4arquitectura.com\/en\/wp-json\/wp\/v2\/posts\/1639\/revisions\/9504"}],"wp:featuredmedia":[{"embeddable":true,"href":"https:\/\/cu4arquitectura.com\/en\/wp-json\/wp\/v2\/media\/5653"}],"wp:attachment":[{"href":"https:\/\/cu4arquitectura.com\/en\/wp-json\/wp\/v2\/media?parent=1639"}],"wp:term":[{"taxonomy":"category","embeddable":true,"href":"https:\/\/cu4arquitectura.com\/en\/wp-json\/wp\/v2\/categories?post=1639"},{"taxonomy":"post_tag","embeddable":true,"href":"https:\/\/cu4arquitectura.com\/en\/wp-json\/wp\/v2\/tags?post=1639"}],"curies":[{"name":"wp","href":"https:\/\/api.w.org\/{rel}","templated":true}]}}