{"id":1440,"date":"2019-12-10T14:13:15","date_gmt":"2019-12-10T12:13:15","guid":{"rendered":"https:\/\/www.cu4arquitectura.com\/?p=1440"},"modified":"2026-08-03T08:00:50","modified_gmt":"2026-08-03T08:00:50","slug":"fotocatalisis","status":"publish","type":"post","link":"https:\/\/cu4arquitectura.com\/en\/2019\/12\/10\/fotocatalisis\/","title":{"rendered":"Fotocat\u00e1lisis. Arquitectura que descontamina"},"content":{"rendered":"\n<p class=\"wp-block-paragraph\">Hola! En este post te hablamos de fotocat\u00e1lisis y te contamos estrategias para que tu casa ayude a limpiar el aire que respiramos.<\/p>\n\n\n\n<p class=\"wp-block-paragraph\">Atentos!!<\/p>\n\n\n\n<p class=\"wp-block-paragraph\">La contaminaci\u00f3n atmosf\u00e9rica cada vez es m\u00e1s grave. Va en aumento a la par que el crecimiento de la poblaci\u00f3n mundial, el incremento de la producci\u00f3n y el transporte y del desarrollo en las ciudades.<\/p>\n\n\n\n<p class=\"wp-block-paragraph\">En las grandes ciudades, sobre todo, existe una gran concentraci\u00f3n de los contaminantes atmosf\u00e9ricos como los \u00f3xidos de nitr\u00f3geno (NOx), considerados como una de las sustancias m\u00e1s toxicas y que causa numerosos problemas para la salud.<\/p>\n\n\n\n<p class=\"wp-block-paragraph\">En un entorno cada vez m\u00e1s contaminado y una sociedad que cada vez se preocupa m\u00e1s por el planeta y por su salud, los edificios pueden contribuir en la destrucci\u00f3n de la contaminaci\u00f3n. Esto se puede llevar a cabo mediante sistemas de construcci\u00f3n sostenibles y elementos descontaminantes.<\/p>\n\n\n\n<p class=\"wp-block-paragraph\">En este momento es cuando entra en juego la <b>fotocat\u00e1lisis.<\/b>&nbsp;Aplicada a los materiales de construcci\u00f3n presentes en los edificios puede eliminar contaminantes presentes en la atm\u00f3sfera, como son los NOx, SOx o COVs entre otros.<\/p>\n\n\n\n<figure class=\"wp-block-image aligncenter\"><img decoding=\"async\" src=\"https:\/\/cu4arquitectura.com\/wp-content\/uploads\/2024\/05\/CU4.-arbol.jpg\" alt=\"arbol\"\/><\/figure>\n\n\n\n<h3 class=\"wp-block-heading\">Fotocat\u00e1lisis, la fotos\u00edntesis de los edificios<\/h3>\n\n\n\n<p class=\"wp-block-paragraph\">La fotocat\u00e1lisis parte del principio natural de descontaminaci\u00f3n de la propia naturaleza. Es un m\u00e9todo equiparable a la fotos\u00edntesis, en el que se elimina di\u00f3xido de carbono, pero en las superficies urbanas.<\/p>\n\n\n\n<p class=\"wp-block-paragraph\">Se considera que un metro cuadrado de una superficie fotocatalizadora es capaz de depurar tanto como la fotos\u00edntesis de un \u00e1rbol. Por lo que si lo aplicamos a grandes superficies, como puede ser una fachada de 1.000 metros cuadrados, descontaminar\u00e1 tanto como un monte con 1.000 arboles.<\/p>\n\n\n\n<p class=\"wp-block-paragraph\">Consiste en&nbsp;un proceso de oxidaci\u00f3n en algunos minerales que favorece la descomposici\u00f3n y la eliminaci\u00f3n de los contaminantes. Esto evita la acumulaci\u00f3n de part\u00edculas en los materiales de construcci\u00f3n.<\/p>\n\n\n\n<p class=\"wp-block-paragraph\">Para que se impulse la actividad fotocatal\u00edtica se necesita la acci\u00f3n de la radiaci\u00f3n del sol sobre un agente catalizador. Junto la humedad ambiental, altera la estructura molecular formando materia org\u00e1nica no da\u00f1ina para el ser humano. Cuanta m\u00e1s luz solar recibe una \u00e1rea tratada con un catalizador y m\u00e1s humedad existe, m\u00e1s eficiente y veloz es su actividad descontaminante.<\/p>\n\n\n\n<p class=\"wp-block-paragraph\">Es importante tambi\u00e9n la calidad del elemento catalizador. El \u00f3xido de titanio es el material m\u00e1s utilizado en la actualidad debido a su alta actividad, bajo coste y baja toxicidad. Adem\u00e1s, el Titanio se encuentra f\u00e1cilmente en la corteza terrestre.<\/p>\n\n\n\n<p class=\"has-text-align-center wp-block-paragraph\"><iframe loading=\"lazy\" src=\"https:\/\/www.youtube.com\/embed\/zz9dc7DFw6w\" width=\"560\" height=\"315\" frameborder=\"0\" allowfullscreen=\"allowfullscreen\"><\/iframe><\/p>\n\n\n\n<h3 class=\"wp-block-heading\">Tu casa como aliada saludable<\/h3>\n\n\n\n<p class=\"wp-block-paragraph\">Desde el hallazgo de esta tecnolog\u00eda, se han desarrollado diferentes materiales con propiedades fotocatl\u00edticas que favorezcan la calidad de vida de las personas.<\/p>\n\n\n\n<p class=\"wp-block-paragraph\">Los materiales de construcci\u00f3n, tratados con un fotocatalizador, eliminan sobre todo las part\u00edculas NOx que son producidas por los veh\u00edculos y la industria. Adem\u00e1s, tambi\u00e9n tienen una propiedad autolimpiante, ya que son capaces de destruir la suciedad de origen biol\u00f3gico que se almacena en su superficie. Tanto es as\u00ed, que es un sistema que la NASA utiliza desde hace d\u00e9cadas para limpiar el interior de sus veh\u00edculos.<\/p>\n\n\n\n<p class=\"wp-block-paragraph\">De este modo, nuestras casas ser\u00e1n aliados extraordinarios en la gran batalla por salvar nuestro planeta. Solo debemos seleccionar los materiales adecuados para que nos ayuden a limpiar el aire exterior. A su vez, nuestro ambiente interior ser\u00e1 mucho m\u00e1s saludable.<\/p>\n\n\n\n<p class=\"wp-block-paragraph\">En nuestra pr\u00f3xima entrada te contaremos m\u00e1s en profundidad sobre estos materiales. Mientras tanto puedes disfrutar de nuestra secci\u00f3n de arquitectura saludable pinchando <a href=\"https:\/\/cu4well.com\/\">aqu\u00ed<\/a>.<\/p>\n\n\n\n<figure class=\"wp-block-image aligncenter\"><img decoding=\"async\" src=\"https:\/\/cu4arquitectura.com\/wp-content\/uploads\/2024\/05\/CU4.-tu-casa.jpg\" alt=\"tu casa\"\/><\/figure>\n\n\n\n<h3 class=\"wp-block-heading\">Experiencias con la fotocat\u00e1lisis<\/h3>\n\n\n\n<p class=\"wp-block-paragraph\">La Asociaci\u00f3n Ib\u00e9rica de la Fotocat\u00e1lisis (<a href=\"http:\/\/www.fotocatalisis.org\/index.html\">AIF<\/a>) es la encargada de promulgar la fotocat\u00e1lisis. Para ello ha creado una agrupaci\u00f3n de empresas que fabrican materiales activadores con el objetivo de implantar Islas fotocat\u00e1liticas en ciudades con gran contaminaci\u00f3n.<\/p>\n\n\n\n<p class=\"wp-block-paragraph\">Las islas fotocatal\u00edtica consiste en una zona donde todo se construye con materiales descontaminantes: las fachadas, los adoquines, impermeabilizaciones de cubiertas, carreteras, etc. De esta manera se limpia el aire y mejora la calidad de vida de los habitantes de esta ciudad, a la vez que se cuida el medio ambiente.<\/p>\n\n\n\n<h4 class=\"wp-block-heading\">Barcelona<\/h4>\n\n\n\n<p class=\"wp-block-paragraph\">Para poner a prueba la eficacia de estas islas, se ha puesto a prueba en el ensanche de Barcelona. Los resultados de este ensayo dictaminan que se destruir\u00edan 304 kilos de \u00f3xidos de nitr\u00f3geno al a\u00f1o. Esto permitir\u00eda que 1.139.500 personas respiraran aire descontaminado.<\/p>\n\n\n\n<p class=\"wp-block-paragraph\">Puedes leer m\u00e1s sobre c\u00f3mo se ha llevado a cabo este ensayo pinchando <a href=\"https:\/\/www.elmundo.es\/economia\/2013\/11\/12\/5281096761fd3d87608b4573.html\" target=\"_blank\" rel=\"noopener noreferrer\">aqu\u00ed<\/a>.<\/p>\n\n\n\n<h4 class=\"wp-block-heading\">Quart de Poblet<\/h4>\n\n\n\n<p class=\"wp-block-paragraph\">En cuanto a la Comunidad Valenciana, Quart de Poblet se ha puesto manos a la obra. Acoge una serie de prototipos textiles que se encuentran en proceso de recolecci\u00f3n de datos. Los resultados han sido muy buenos, pues se han reducido los \u00f3xidos de nitr\u00f3geno entre un 43% y un 54%. Por lo que, estos elementos textiles junto con otros materiales podr\u00e1n mejorar mucho el porcentaje final.<\/p>\n\n\n\n<p class=\"wp-block-paragraph\">Pod\u00e9is encontrar m\u00e1s informaci\u00f3n sobre esta experiencia en el siguiente <a href=\"https:\/\/comarcalcv.com\/los-toldos-lonas-reducen-50-la-contaminacion-quart-poblet\/\" target=\"_blank\" rel=\"noopener noreferrer\">link<\/a>.<\/p>\n\n\n\n<h4 class=\"wp-block-heading\">Otras<\/h4>\n\n\n\n<p class=\"wp-block-paragraph\">Otros ensayos han sido llevados a cabo, como el de Bolonia que puedes encontrarlo <a href=\"https:\/\/www.active-ceramic.com\/case-history\/19\/pollution-refleaction-2018-bologna\" target=\"_blank\" rel=\"noopener noreferrer\">aqu\u00ed<\/a>, o el de la Universitat Jaume I de Castell\u00f3n, <a href=\"http:\/\/www.qualicer.org\/recopilatorio\/ponencias\/pdfs\/2012050.pdf\" target=\"_blank\" rel=\"noopener noreferrer\">aqu\u00ed<\/a>.<\/p>\n\n\n\n<p class=\"wp-block-paragraph\">\u00a1\u00a1\u00a1ESPERAMOS QUE OS HAYA GUSTADO!!!<\/p>\n\n\n\n<p class=\"wp-block-paragraph\">Puedes continuar leyento art\u00edculos interesantes en nuestro <a href=\"https:\/\/www.cu4arquitectura.com\/blog\/\">BLOG<\/a>.<\/p>\n\n\n\n<p class=\"wp-block-paragraph\"><\/p>\n","protected":false},"excerpt":{"rendered":"<p>Hola! En este post te hablamos de fotocat\u00e1lisis y te contamos estrategias para que tu casa ayude a limpiar el aire que respiramos. Atentos!! La contaminaci\u00f3n atmosf\u00e9rica cada vez es m\u00e1s grave. Va en aumento a la par que el crecimiento de la poblaci\u00f3n mundial, el incremento de la producci\u00f3n y el transporte y del [&hellip;]<\/p>\n","protected":false},"author":1,"featured_media":5489,"comment_status":"open","ping_status":"open","sticky":false,"template":"","format":"standard","meta":{"_acf_changed":false,"footnotes":""},"categories":[5],"tags":[],"class_list":["post-1440","post","type-post","status-publish","format-standard","has-post-thumbnail","hentry","category-arquitectura-sostenible"],"acf":[],"yoast_head":"<!-- This site is optimized with the Yoast SEO plugin v27.7 - https:\/\/yoast.com\/product\/yoast-seo-wordpress\/ -->\n<title>Fotocat\u00e1lisis. Arquitectura que descontamina - CU4 Arquitectos en Valencia | Estudio de arquitectura<\/title>\n<meta name=\"description\" content=\"A trav\u00e9s de la fotocat\u00e1lisis, los edificios pueden hacer la fotos\u00edntesis y descontaminar el aire. Te contamos c\u00f3mo puedes hacer tu casa m\u00e1s saludable.\" \/>\n<meta name=\"robots\" content=\"index, follow, max-snippet:-1, max-image-preview:large, max-video-preview:-1\" \/>\n<link rel=\"canonical\" href=\"https:\/\/cu4arquitectura.com\/en\/2019\/12\/10\/fotocatalisis\/\" \/>\n<meta property=\"og:locale\" content=\"en_US\" \/>\n<meta property=\"og:type\" content=\"article\" \/>\n<meta property=\"og:title\" content=\"Fotocat\u00e1lisis. Arquitectura que descontamina - CU4 Arquitectos en Valencia | Estudio de arquitectura\" \/>\n<meta property=\"og:description\" content=\"A trav\u00e9s de la fotocat\u00e1lisis, los edificios pueden hacer la fotos\u00edntesis y descontaminar el aire. Te contamos c\u00f3mo puedes hacer tu casa m\u00e1s saludable.\" \/>\n<meta property=\"og:url\" content=\"https:\/\/cu4arquitectura.com\/en\/2019\/12\/10\/fotocatalisis\/\" \/>\n<meta property=\"og:site_name\" content=\"CU4 Arquitectos en Valencia | Estudio de arquitectura\" \/>\n<meta property=\"article:published_time\" content=\"2019-12-10T12:13:15+00:00\" \/>\n<meta property=\"article:modified_time\" content=\"2026-08-03T08:00:50+00:00\" \/>\n<meta property=\"og:image\" content=\"https:\/\/cu4arquitectura.com\/wp-content\/uploads\/2024\/05\/CU4.-arbol.jpg\" \/>\n\t<meta property=\"og:image:width\" content=\"750\" \/>\n\t<meta property=\"og:image:height\" content=\"500\" \/>\n\t<meta property=\"og:image:type\" content=\"image\/jpeg\" \/>\n<meta name=\"author\" content=\"cu4_admin\" \/>\n<meta name=\"twitter:card\" content=\"summary_large_image\" \/>\n<meta name=\"twitter:label1\" content=\"Written by\" \/>\n\t<meta name=\"twitter:data1\" content=\"cu4_admin\" \/>\n\t<meta name=\"twitter:label2\" content=\"Est. reading time\" \/>\n\t<meta name=\"twitter:data2\" content=\"5 minutes\" \/>\n<script type=\"application\/ld+json\" class=\"yoast-schema-graph\">{\"@context\":\"https:\\\/\\\/schema.org\",\"@graph\":[{\"@type\":\"Article\",\"@id\":\"https:\\\/\\\/cu4arquitectura.com\\\/en\\\/2019\\\/12\\\/10\\\/fotocatalisis\\\/#article\",\"isPartOf\":{\"@id\":\"https:\\\/\\\/cu4arquitectura.com\\\/en\\\/2019\\\/12\\\/10\\\/fotocatalisis\\\/\"},\"author\":{\"name\":\"cu4_admin\",\"@id\":\"https:\\\/\\\/cu4arquitectura.com\\\/en\\\/#\\\/schema\\\/person\\\/cab7e5614eeb0bf71d933154c307cbad\"},\"headline\":\"Fotocat\u00e1lisis. Arquitectura que descontamina\",\"datePublished\":\"2019-12-10T12:13:15+00:00\",\"dateModified\":\"2026-08-03T08:00:50+00:00\",\"mainEntityOfPage\":{\"@id\":\"https:\\\/\\\/cu4arquitectura.com\\\/en\\\/2019\\\/12\\\/10\\\/fotocatalisis\\\/\"},\"wordCount\":908,\"commentCount\":4,\"publisher\":{\"@id\":\"https:\\\/\\\/cu4arquitectura.com\\\/en\\\/#organization\"},\"image\":{\"@id\":\"https:\\\/\\\/cu4arquitectura.com\\\/en\\\/2019\\\/12\\\/10\\\/fotocatalisis\\\/#primaryimage\"},\"thumbnailUrl\":\"https:\\\/\\\/cu4arquitectura.com\\\/wp-content\\\/uploads\\\/2024\\\/05\\\/CU4.-arbol.jpg\",\"articleSection\":[\"Arquitectura sostenible\"],\"inLanguage\":\"en-US\",\"potentialAction\":[{\"@type\":\"CommentAction\",\"name\":\"Comment\",\"target\":[\"https:\\\/\\\/cu4arquitectura.com\\\/en\\\/2019\\\/12\\\/10\\\/fotocatalisis\\\/#respond\"]}]},{\"@type\":\"WebPage\",\"@id\":\"https:\\\/\\\/cu4arquitectura.com\\\/en\\\/2019\\\/12\\\/10\\\/fotocatalisis\\\/\",\"url\":\"https:\\\/\\\/cu4arquitectura.com\\\/en\\\/2019\\\/12\\\/10\\\/fotocatalisis\\\/\",\"name\":\"Fotocat\u00e1lisis. Arquitectura que descontamina - CU4 Arquitectos en Valencia | Estudio de arquitectura\",\"isPartOf\":{\"@id\":\"https:\\\/\\\/cu4arquitectura.com\\\/en\\\/#website\"},\"primaryImageOfPage\":{\"@id\":\"https:\\\/\\\/cu4arquitectura.com\\\/en\\\/2019\\\/12\\\/10\\\/fotocatalisis\\\/#primaryimage\"},\"image\":{\"@id\":\"https:\\\/\\\/cu4arquitectura.com\\\/en\\\/2019\\\/12\\\/10\\\/fotocatalisis\\\/#primaryimage\"},\"thumbnailUrl\":\"https:\\\/\\\/cu4arquitectura.com\\\/wp-content\\\/uploads\\\/2024\\\/05\\\/CU4.-arbol.jpg\",\"datePublished\":\"2019-12-10T12:13:15+00:00\",\"dateModified\":\"2026-08-03T08:00:50+00:00\",\"description\":\"A trav\u00e9s de la fotocat\u00e1lisis, los edificios pueden hacer la fotos\u00edntesis y descontaminar el aire. Te contamos c\u00f3mo puedes hacer tu casa m\u00e1s saludable.\",\"breadcrumb\":{\"@id\":\"https:\\\/\\\/cu4arquitectura.com\\\/en\\\/2019\\\/12\\\/10\\\/fotocatalisis\\\/#breadcrumb\"},\"inLanguage\":\"en-US\",\"potentialAction\":[{\"@type\":\"ReadAction\",\"target\":[\"https:\\\/\\\/cu4arquitectura.com\\\/en\\\/2019\\\/12\\\/10\\\/fotocatalisis\\\/\"]}]},{\"@type\":\"ImageObject\",\"inLanguage\":\"en-US\",\"@id\":\"https:\\\/\\\/cu4arquitectura.com\\\/en\\\/2019\\\/12\\\/10\\\/fotocatalisis\\\/#primaryimage\",\"url\":\"https:\\\/\\\/cu4arquitectura.com\\\/wp-content\\\/uploads\\\/2024\\\/05\\\/CU4.-arbol.jpg\",\"contentUrl\":\"https:\\\/\\\/cu4arquitectura.com\\\/wp-content\\\/uploads\\\/2024\\\/05\\\/CU4.-arbol.jpg\",\"width\":750,\"height\":500},{\"@type\":\"BreadcrumbList\",\"@id\":\"https:\\\/\\\/cu4arquitectura.com\\\/en\\\/2019\\\/12\\\/10\\\/fotocatalisis\\\/#breadcrumb\",\"itemListElement\":[{\"@type\":\"ListItem\",\"position\":1,\"name\":\"Portada\",\"item\":\"https:\\\/\\\/cu4arquitectura.com\\\/en\\\/\"},{\"@type\":\"ListItem\",\"position\":2,\"name\":\"Fotocat\u00e1lisis. Arquitectura que descontamina\"}]},{\"@type\":\"WebSite\",\"@id\":\"https:\\\/\\\/cu4arquitectura.com\\\/en\\\/#website\",\"url\":\"https:\\\/\\\/cu4arquitectura.com\\\/en\\\/\",\"name\":\"CU4 Arquitectos en Valencia | Estudio de arquitectura\",\"description\":\"Arquitectos en Valencia | Especializados en espacios a medida para empresas y particulares, dise\u00f1ados para tu bienestar\",\"publisher\":{\"@id\":\"https:\\\/\\\/cu4arquitectura.com\\\/en\\\/#organization\"},\"potentialAction\":[{\"@type\":\"SearchAction\",\"target\":{\"@type\":\"EntryPoint\",\"urlTemplate\":\"https:\\\/\\\/cu4arquitectura.com\\\/en\\\/?s={search_term_string}\"},\"query-input\":{\"@type\":\"PropertyValueSpecification\",\"valueRequired\":true,\"valueName\":\"search_term_string\"}}],\"inLanguage\":\"en-US\"},{\"@type\":\"Organization\",\"@id\":\"https:\\\/\\\/cu4arquitectura.com\\\/en\\\/#organization\",\"name\":\"CU4 Arquitectos en Valencia | Estudio de arquitectura\",\"url\":\"https:\\\/\\\/cu4arquitectura.com\\\/en\\\/\",\"logo\":{\"@type\":\"ImageObject\",\"inLanguage\":\"en-US\",\"@id\":\"https:\\\/\\\/cu4arquitectura.com\\\/en\\\/#\\\/schema\\\/logo\\\/image\\\/\",\"url\":\"https:\\\/\\\/cu4arquitectura.com\\\/wp-content\\\/uploads\\\/2024\\\/01\\\/LOGO_CU4_original.svg\",\"contentUrl\":\"https:\\\/\\\/cu4arquitectura.com\\\/wp-content\\\/uploads\\\/2024\\\/01\\\/LOGO_CU4_original.svg\",\"width\":841,\"height\":595,\"caption\":\"CU4 Arquitectos en Valencia | Estudio de arquitectura\"},\"image\":{\"@id\":\"https:\\\/\\\/cu4arquitectura.com\\\/en\\\/#\\\/schema\\\/logo\\\/image\\\/\"}},{\"@type\":\"Person\",\"@id\":\"https:\\\/\\\/cu4arquitectura.com\\\/en\\\/#\\\/schema\\\/person\\\/cab7e5614eeb0bf71d933154c307cbad\",\"name\":\"cu4_admin\",\"image\":{\"@type\":\"ImageObject\",\"inLanguage\":\"en-US\",\"@id\":\"https:\\\/\\\/secure.gravatar.com\\\/avatar\\\/46fdd98ce0115379d1eed8cb88e5aa19a6581b97ba5db2084f7ed87a818bb40a?s=96&d=mm&r=g\",\"url\":\"https:\\\/\\\/secure.gravatar.com\\\/avatar\\\/46fdd98ce0115379d1eed8cb88e5aa19a6581b97ba5db2084f7ed87a818bb40a?s=96&d=mm&r=g\",\"contentUrl\":\"https:\\\/\\\/secure.gravatar.com\\\/avatar\\\/46fdd98ce0115379d1eed8cb88e5aa19a6581b97ba5db2084f7ed87a818bb40a?s=96&d=mm&r=g\",\"caption\":\"cu4_admin\"},\"sameAs\":[\"https:\\\/\\\/cu4arquitectura.com\"],\"url\":\"https:\\\/\\\/cu4arquitectura.com\\\/en\\\/author\\\/cu4_admin\\\/\"}]}<\/script>\n<!-- \/ Yoast SEO plugin. -->","yoast_head_json":{"title":"Fotocat\u00e1lisis. Arquitectura que descontamina - CU4 Arquitectos en Valencia | Estudio de arquitectura","description":"A trav\u00e9s de la fotocat\u00e1lisis, los edificios pueden hacer la fotos\u00edntesis y descontaminar el aire. Te contamos c\u00f3mo puedes hacer tu casa m\u00e1s saludable.","robots":{"index":"index","follow":"follow","max-snippet":"max-snippet:-1","max-image-preview":"max-image-preview:large","max-video-preview":"max-video-preview:-1"},"canonical":"https:\/\/cu4arquitectura.com\/en\/2019\/12\/10\/fotocatalisis\/","og_locale":"en_US","og_type":"article","og_title":"Fotocat\u00e1lisis. Arquitectura que descontamina - CU4 Arquitectos en Valencia | Estudio de arquitectura","og_description":"A trav\u00e9s de la fotocat\u00e1lisis, los edificios pueden hacer la fotos\u00edntesis y descontaminar el aire. Te contamos c\u00f3mo puedes hacer tu casa m\u00e1s saludable.","og_url":"https:\/\/cu4arquitectura.com\/en\/2019\/12\/10\/fotocatalisis\/","og_site_name":"CU4 Arquitectos en Valencia | Estudio de arquitectura","article_published_time":"2019-12-10T12:13:15+00:00","article_modified_time":"2026-08-03T08:00:50+00:00","og_image":[{"width":750,"height":500,"url":"https:\/\/cu4arquitectura.com\/wp-content\/uploads\/2024\/05\/CU4.-arbol.jpg","type":"image\/jpeg"}],"author":"cu4_admin","twitter_card":"summary_large_image","twitter_misc":{"Written by":"cu4_admin","Est. reading time":"5 minutes"},"schema":{"@context":"https:\/\/schema.org","@graph":[{"@type":"Article","@id":"https:\/\/cu4arquitectura.com\/en\/2019\/12\/10\/fotocatalisis\/#article","isPartOf":{"@id":"https:\/\/cu4arquitectura.com\/en\/2019\/12\/10\/fotocatalisis\/"},"author":{"name":"cu4_admin","@id":"https:\/\/cu4arquitectura.com\/en\/#\/schema\/person\/cab7e5614eeb0bf71d933154c307cbad"},"headline":"Fotocat\u00e1lisis. Arquitectura que descontamina","datePublished":"2019-12-10T12:13:15+00:00","dateModified":"2026-08-03T08:00:50+00:00","mainEntityOfPage":{"@id":"https:\/\/cu4arquitectura.com\/en\/2019\/12\/10\/fotocatalisis\/"},"wordCount":908,"commentCount":4,"publisher":{"@id":"https:\/\/cu4arquitectura.com\/en\/#organization"},"image":{"@id":"https:\/\/cu4arquitectura.com\/en\/2019\/12\/10\/fotocatalisis\/#primaryimage"},"thumbnailUrl":"https:\/\/cu4arquitectura.com\/wp-content\/uploads\/2024\/05\/CU4.-arbol.jpg","articleSection":["Arquitectura sostenible"],"inLanguage":"en-US","potentialAction":[{"@type":"CommentAction","name":"Comment","target":["https:\/\/cu4arquitectura.com\/en\/2019\/12\/10\/fotocatalisis\/#respond"]}]},{"@type":"WebPage","@id":"https:\/\/cu4arquitectura.com\/en\/2019\/12\/10\/fotocatalisis\/","url":"https:\/\/cu4arquitectura.com\/en\/2019\/12\/10\/fotocatalisis\/","name":"Fotocat\u00e1lisis. Arquitectura que descontamina - CU4 Arquitectos en Valencia | Estudio de arquitectura","isPartOf":{"@id":"https:\/\/cu4arquitectura.com\/en\/#website"},"primaryImageOfPage":{"@id":"https:\/\/cu4arquitectura.com\/en\/2019\/12\/10\/fotocatalisis\/#primaryimage"},"image":{"@id":"https:\/\/cu4arquitectura.com\/en\/2019\/12\/10\/fotocatalisis\/#primaryimage"},"thumbnailUrl":"https:\/\/cu4arquitectura.com\/wp-content\/uploads\/2024\/05\/CU4.-arbol.jpg","datePublished":"2019-12-10T12:13:15+00:00","dateModified":"2026-08-03T08:00:50+00:00","description":"A trav\u00e9s de la fotocat\u00e1lisis, los edificios pueden hacer la fotos\u00edntesis y descontaminar el aire. Te contamos c\u00f3mo puedes hacer tu casa m\u00e1s saludable.","breadcrumb":{"@id":"https:\/\/cu4arquitectura.com\/en\/2019\/12\/10\/fotocatalisis\/#breadcrumb"},"inLanguage":"en-US","potentialAction":[{"@type":"ReadAction","target":["https:\/\/cu4arquitectura.com\/en\/2019\/12\/10\/fotocatalisis\/"]}]},{"@type":"ImageObject","inLanguage":"en-US","@id":"https:\/\/cu4arquitectura.com\/en\/2019\/12\/10\/fotocatalisis\/#primaryimage","url":"https:\/\/cu4arquitectura.com\/wp-content\/uploads\/2024\/05\/CU4.-arbol.jpg","contentUrl":"https:\/\/cu4arquitectura.com\/wp-content\/uploads\/2024\/05\/CU4.-arbol.jpg","width":750,"height":500},{"@type":"BreadcrumbList","@id":"https:\/\/cu4arquitectura.com\/en\/2019\/12\/10\/fotocatalisis\/#breadcrumb","itemListElement":[{"@type":"ListItem","position":1,"name":"Portada","item":"https:\/\/cu4arquitectura.com\/en\/"},{"@type":"ListItem","position":2,"name":"Fotocat\u00e1lisis. Arquitectura que descontamina"}]},{"@type":"WebSite","@id":"https:\/\/cu4arquitectura.com\/en\/#website","url":"https:\/\/cu4arquitectura.com\/en\/","name":"CU4 Arquitectos en Valencia | Estudio de arquitectura","description":"Arquitectos en Valencia | Especializados en espacios a medida para empresas y particulares, dise\u00f1ados para tu bienestar","publisher":{"@id":"https:\/\/cu4arquitectura.com\/en\/#organization"},"potentialAction":[{"@type":"SearchAction","target":{"@type":"EntryPoint","urlTemplate":"https:\/\/cu4arquitectura.com\/en\/?s={search_term_string}"},"query-input":{"@type":"PropertyValueSpecification","valueRequired":true,"valueName":"search_term_string"}}],"inLanguage":"en-US"},{"@type":"Organization","@id":"https:\/\/cu4arquitectura.com\/en\/#organization","name":"CU4 Arquitectos en Valencia | Estudio de arquitectura","url":"https:\/\/cu4arquitectura.com\/en\/","logo":{"@type":"ImageObject","inLanguage":"en-US","@id":"https:\/\/cu4arquitectura.com\/en\/#\/schema\/logo\/image\/","url":"https:\/\/cu4arquitectura.com\/wp-content\/uploads\/2024\/01\/LOGO_CU4_original.svg","contentUrl":"https:\/\/cu4arquitectura.com\/wp-content\/uploads\/2024\/01\/LOGO_CU4_original.svg","width":841,"height":595,"caption":"CU4 Arquitectos en Valencia | Estudio de arquitectura"},"image":{"@id":"https:\/\/cu4arquitectura.com\/en\/#\/schema\/logo\/image\/"}},{"@type":"Person","@id":"https:\/\/cu4arquitectura.com\/en\/#\/schema\/person\/cab7e5614eeb0bf71d933154c307cbad","name":"cu4_admin","image":{"@type":"ImageObject","inLanguage":"en-US","@id":"https:\/\/secure.gravatar.com\/avatar\/46fdd98ce0115379d1eed8cb88e5aa19a6581b97ba5db2084f7ed87a818bb40a?s=96&d=mm&r=g","url":"https:\/\/secure.gravatar.com\/avatar\/46fdd98ce0115379d1eed8cb88e5aa19a6581b97ba5db2084f7ed87a818bb40a?s=96&d=mm&r=g","contentUrl":"https:\/\/secure.gravatar.com\/avatar\/46fdd98ce0115379d1eed8cb88e5aa19a6581b97ba5db2084f7ed87a818bb40a?s=96&d=mm&r=g","caption":"cu4_admin"},"sameAs":["https:\/\/cu4arquitectura.com"],"url":"https:\/\/cu4arquitectura.com\/en\/author\/cu4_admin\/"}]}},"_links":{"self":[{"href":"https:\/\/cu4arquitectura.com\/en\/wp-json\/wp\/v2\/posts\/1440","targetHints":{"allow":["GET"]}}],"collection":[{"href":"https:\/\/cu4arquitectura.com\/en\/wp-json\/wp\/v2\/posts"}],"about":[{"href":"https:\/\/cu4arquitectura.com\/en\/wp-json\/wp\/v2\/types\/post"}],"author":[{"embeddable":true,"href":"https:\/\/cu4arquitectura.com\/en\/wp-json\/wp\/v2\/users\/1"}],"replies":[{"embeddable":true,"href":"https:\/\/cu4arquitectura.com\/en\/wp-json\/wp\/v2\/comments?post=1440"}],"version-history":[{"count":4,"href":"https:\/\/cu4arquitectura.com\/en\/wp-json\/wp\/v2\/posts\/1440\/revisions"}],"predecessor-version":[{"id":9503,"href":"https:\/\/cu4arquitectura.com\/en\/wp-json\/wp\/v2\/posts\/1440\/revisions\/9503"}],"wp:featuredmedia":[{"embeddable":true,"href":"https:\/\/cu4arquitectura.com\/en\/wp-json\/wp\/v2\/media\/5489"}],"wp:attachment":[{"href":"https:\/\/cu4arquitectura.com\/en\/wp-json\/wp\/v2\/media?parent=1440"}],"wp:term":[{"taxonomy":"category","embeddable":true,"href":"https:\/\/cu4arquitectura.com\/en\/wp-json\/wp\/v2\/categories?post=1440"},{"taxonomy":"post_tag","embeddable":true,"href":"https:\/\/cu4arquitectura.com\/en\/wp-json\/wp\/v2\/tags?post=1440"}],"curies":[{"name":"wp","href":"https:\/\/api.w.org\/{rel}","templated":true}]}}